{"id":9954,"date":"2021-12-10T10:01:55","date_gmt":"2021-12-10T09:01:55","guid":{"rendered":"https:\/\/www.cmalleida.com\/?p=9954"},"modified":"2021-12-10T10:01:55","modified_gmt":"2021-12-10T09:01:55","slug":"un-seguro-por-lucro-cesante-no-se-activa-por-cualquier-causa-sino-por-lo-previsto-en-la-propia-poliza-seguros-news","status":"publish","type":"post","link":"https:\/\/www.cmalleida.com\/es\/un-seguro-por-lucro-cesante-no-se-activa-por-cualquier-causa-sino-por-lo-previsto-en-la-propia-poliza-seguros-news\/","title":{"rendered":"Un seguro por lucro cesante no se activa por cualquier causa, sino por lo previsto en la propia p\u00f3liza (Seguros News)"},"content":{"rendered":"<p class=\"post-meta entry-meta post-meta-details\"><span class=\"author-name\"><span class=\"author vcard\"><a class=\"url fn n\" href=\"https:\/\/segurosnews.com\/author\/carlos\" rel=\"author\">Redacci\u00f3n<\/a><\/span><\/span>\u00a0<time class=\"post-date entry-date updated\" datetime=\"2021-12-10\">10 de diciembre de 2021<\/time><\/p>\n<div class=\"before-content-widget\"><em><strong>Por Sergio L\u00f3pez, socio de Derecho de Seguros de AGM Abogados<\/strong><\/em><\/div>\n<div class=\"entry-content\">\n<p>El a\u00f1o que ahora llega a su fin se inici\u00f3 con una sentencia que caus\u00f3 un gran revuelo e incertidumbre en el mundo asegurador, por los efectos tan negativos que podr\u00eda provocar para las compa\u00f1\u00edas de seguro una generalizaci\u00f3n de la condena contenida en la misma.<\/p>\n<p>Nos referimos a la sentencia dictada por la AP de Girona en fecha 3 de febrero de 2021, en la que se conden\u00f3 a la aseguradora Segurcaixa Adeslas a indemnizar a un asegurado que ten\u00eda contratada una p\u00f3liza de negocio que inclu\u00eda una<strong>\u00a0indemnizaci\u00f3n por \u201cparalizaci\u00f3n de actividad\u201d<\/strong>\u00a0por raz\u00f3n del cierre que decretaron las autoridades a los establecimientos p\u00fablicos\u00a0<strong>por raz\u00f3n del Covid 19<\/strong>.<\/p>\n<p>El desasosiego estaba justificado, debido a la enorme cantidad de p\u00f3lizas multirriesgo de negocios que incluyen indemnizaciones derivadas del cierre de dicho negocio en concepto de lucro cesante (o expresiones an\u00e1logas como \u201cp\u00e9rdida de beneficio\u201d, etc). Ciertamente si dicha sentencia se convert\u00eda en un referente para los Tribunales, las\u00a0<strong>demandas y posteriores condenas contra las compa\u00f1\u00edas de seguros<\/strong>\u00a0iban a ser generalizadas por razones obvias.<\/p>\n<p>Sin embargo, una lectura en profundidad de dicha resoluci\u00f3n, puesta adem\u00e1s en contexto con el marco normativo que regula el seguro por\u00a0<strong>lucro cesante<\/strong>\u00a0(art. 63 y siguientes de la Ley de Contrato de Seguro) permiten concluir como dicho riesgo de generalizaci\u00f3n de condena no resulta previsible \u201ca priori\u201d y ser\u00eda adem\u00e1s muy dif\u00edcil de justificar desde un punto de vista estrictamente jur\u00eddico. Ve\u00e1moslo.<\/p>\n<p>De entrada, vayamos al contexto legislativo. Cuando en la\u00a0<strong>Ley del Contrato de Seguro<\/strong>\u00a0se regula esta tipolog\u00eda de cobertura, de su tenor queda claro que la misma siempre viene condicionada al previo acaecimiento de un siniestro previsto en la propia p\u00f3liza. Vide art\u00edculo 63 \u201cPor el seguro de lucro cesante el asegurador se obliga, dentro de los l\u00edmites establecidos en la Ley y en el contrato, a indemnizar al asegurado la p\u00e9rdida del rendimiento econ\u00f3mico que hubiera podido alcanzarse en un acto o actividad de no haberse producido el siniestro descrito en el contrato\u201d.<\/p>\n<p>Es decir, no cabe un seguro por\u00a0<strong>lucro cesante que se active por cualquier causa, sino solo en relaci\u00f3n con aquellos siniestros previstos en la propia p\u00f3liz<\/strong>a. Por ello, si en la p\u00f3liza no se ha previsto como riesgo indemnizable el Covid 19, no cabe indemnizar este siniestro por raz\u00f3n del lucro cesante.<\/p>\n<h4><em><strong>\u00bfPor qu\u00e9 entonces hubo un fallo condenatorio en la sentencia?<\/strong><\/em><\/h4>\n<p>La \u201cratio decidendi\u201d de la sentencia se centr\u00f3 en una causa de exclusi\u00f3n prevista en la p\u00f3liza -causa de exclusi\u00f3n consistente en la no cobertura por p\u00e9rdidas derivadas del cierre, cuando dicho cierre lo decretaba una autoridad gubernativa- y en el incumplimiento de los requisitos exigidos para que dicha cl\u00e1usula resultara v\u00e1lida y eficaz\u00a0 requisitos del art. 3 de la Ley del Contrato de Seguro, que exigen para las cl\u00e1usulas limitativas de derechos como las causas de exclusi\u00f3n, que est\u00e9n destacadas de un modo especial y espec\u00edficamente aceptadas por escrito-. Sin embargo, el debate no se centr\u00f3 en considerar si hab\u00eda acaecido o no un siniestro cubierto por la p\u00f3liza, debate que conforme a derecho deber\u00eda provocar una absoluci\u00f3n de acreditarse que la p\u00f3liza suscrita por el cliente (luego demandante) no cubr\u00eda un siniestro pand\u00e9mico, sino notro tipo de siniestros (como por ejemplo incendios, robos, inundaciones, etc.). Es decir, m\u00e1s all\u00e1 de que la causa de exclusi\u00f3n analizada fuese v\u00e1lida o no, deber\u00eda haberse analizado si se hab\u00eda producido o no alguno de los siniestros asegurados por la p\u00f3liza.<\/p>\n<p>Como expuesto, de acreditarse que no se hab\u00eda producido uno de dichos siniestros, el fallo debi\u00f3 ser absolutorio, y ello -insistimos- con independencia de la invalidez de la causa de exclusi\u00f3n indicada.<\/p>\n<p>Por lo expuesto,\u00a0<strong>en caso de recibir una aseguradora una reclamaci\u00f3n judicial de un cliente pidiendo una indemnizaci\u00f3n por lucro cesante ocasionada por el Covid 19<\/strong>, lo que se deber\u00e1 analizar en primer lugar es la p\u00f3liza suscrita y determinar si se ha producido o no un siniestro objeto de cobertura.<\/p>\n<p>De no haberse cubierto dicho siniestro (pandemia), el asegurado\u00a0<strong>no tendr\u00e1 derecho a percibir indemnizaci\u00f3n alguna.<\/strong><\/p>\n<p>Ser\u00e1 asimismo necesario acreditar que el cliente, o bien suscribi\u00f3 la p\u00f3liza\/s que funda su reclamaci\u00f3n o bien ten\u00eda un perfecto conocimiento de su contenido (en caso de no haber firmado la p\u00f3liza y haber dado su consentimiento verbalmente). Extremo para cuya acreditaci\u00f3n ser\u00e1 relevante la figura del corredor de seguros, quienes tienen la obligaci\u00f3n legal de informar a sus clientes de forma veraz y completa sobre las caracter\u00edsticas de la p\u00f3liza que est\u00e1n suscribiendo y el alcance de sus coberturas.<\/p>\n<p>Atendiendo a lo expuesto,\u00a0<strong>consideramos que la sentencia analizada no puede ser un referente\u00a0<\/strong><strong>para una condena en masa frente a las compa\u00f1\u00edas de seguros<\/strong>. El marco legislativo lo impide. Asimismo, el clausulado de las p\u00f3lizas tambi\u00e9n lo impedir\u00e1, a menos que se haya establecido una suerte de \u201cbarra libre\u201d causal para activar la indemnizaci\u00f3n por lucro cesante, circunstancia que entendemos resulta poco previsible en la pr\u00e1ctica.<\/p>\n<p>La actividad forense de los \u00faltimos meses parece confirmar que el riesgo de generalizaci\u00f3n es poco viable. No en balde, las \u00faltimas sentencias dictadas por los tribunales de instancia desestiman en su mayor\u00eda peticiones de indemnizaci\u00f3n por Covid19 por razones an\u00e1logas a las indicadas (a modo de ejemplo referenciamos las sentencias del Juzgado de Primera Instancia de Santander, sentencia no 268\/2021 de 8 de octubre (JUR2021\/39501); sentencia dictada por el Juzgado de Primera Instancia no 11 de Oviedo de 19 de noviembre de 2021, sentencia no 264\/2020 (JUR 2021\/224618); sentencia del Juzgado de Primera Instancia no 5 de Alcal\u00e1 de Henares, de 23 de septiembre, sentencia no 170\/2021 (JUR\/2021\/329487)).<\/p>\n<\/div>\n","protected":false},"excerpt":{"rendered":"<p>Redacci\u00f3n\u00a010 de diciembre de 2021 Por Sergio L\u00f3pez, socio de Derecho de Seguros de AGM Abogados El a\u00f1o que ahora llega a su fin se&#8230; <a href=\"https:\/\/www.cmalleida.com\/es\/un-seguro-por-lucro-cesante-no-se-activa-por-cualquier-causa-sino-por-lo-previsto-en-la-propia-poliza-seguros-news\/\" rel=\"nofollow\" class=\"lollegirmes\">Llegeix m\u00e9s<\/a><\/p>\n","protected":false},"author":149,"featured_media":1859,"comment_status":"closed","ping_status":"closed","sticky":false,"template":"","format":"standard","meta":{"_acf_changed":false,"_genesis_hide_title":false,"_genesis_hide_breadcrumbs":false,"_genesis_hide_singular_image":false,"_genesis_hide_footer_widgets":false,"_genesis_custom_body_class":"","_genesis_custom_post_class":"","_genesis_layout":"","footnotes":""},"categories":[28,125,126,64],"tags":[],"class_list":{"0":"post-9954","1":"post","2":"type-post","3":"status-publish","4":"format-standard","5":"has-post-thumbnail","7":"category-actualidad","8":"category-assegurances-es","9":"category-indemnitzacions-es","10":"category-legislacion","11":"entry"},"acf":[],"yoast_head":"<!-- This site is optimized with the Yoast SEO plugin v27.2 - https:\/\/yoast.com\/product\/yoast-seo-wordpress\/ -->\n<title>Un seguro por lucro cesante no se activa por cualquier causa, sino por lo previsto en la propia p\u00f3liza (Seguros News) - Col\u00b7legi de Mediadors d&#039;Assegurances de Lleida<\/title>\n<meta name=\"robots\" content=\"index, follow, max-snippet:-1, max-image-preview:large, max-video-preview:-1\" \/>\n<link rel=\"canonical\" href=\"https:\/\/www.cmalleida.com\/es\/un-seguro-por-lucro-cesante-no-se-activa-por-cualquier-causa-sino-por-lo-previsto-en-la-propia-poliza-seguros-news\/\" \/>\n<meta property=\"og:locale\" content=\"es_ES\" \/>\n<meta property=\"og:type\" content=\"article\" \/>\n<meta property=\"og:title\" content=\"Un seguro por lucro cesante no se activa por cualquier causa, sino por lo previsto en la propia p\u00f3liza (Seguros News) - Col\u00b7legi de Mediadors d&#039;Assegurances de Lleida\" \/>\n<meta property=\"og:description\" content=\"Redacci\u00f3n\u00a010 de diciembre de 2021 Por Sergio L\u00f3pez, socio de Derecho de Seguros de AGM Abogados El a\u00f1o que ahora llega a su fin se... Llegeix m\u00e9s\" \/>\n<meta property=\"og:url\" content=\"https:\/\/www.cmalleida.com\/es\/un-seguro-por-lucro-cesante-no-se-activa-por-cualquier-causa-sino-por-lo-previsto-en-la-propia-poliza-seguros-news\/\" \/>\n<meta property=\"og:site_name\" content=\"Col\u00b7legi de Mediadors d&#039;Assegurances de Lleida\" \/>\n<meta property=\"article:published_time\" content=\"2021-12-10T09:01:55+00:00\" \/>\n<meta property=\"og:image\" content=\"https:\/\/www.cmalleida.com\/wp-content\/uploads\/cmall-lleida-actualitat-ajedrez762.jpg\" \/>\n\t<meta property=\"og:image:width\" content=\"762\" \/>\n\t<meta property=\"og:image:height\" content=\"762\" \/>\n\t<meta property=\"og:image:type\" content=\"image\/jpeg\" \/>\n<meta name=\"author\" content=\"Antonieta Castells Dolcet\" \/>\n<meta name=\"twitter:card\" content=\"summary_large_image\" \/>\n<meta name=\"twitter:label1\" content=\"Written by\" \/>\n\t<meta name=\"twitter:data1\" content=\"Antonieta Castells Dolcet\" \/>\n\t<meta name=\"twitter:label2\" content=\"Est. reading time\" \/>\n\t<meta name=\"twitter:data2\" content=\"5 minutos\" \/>\n<script type=\"application\/ld+json\" class=\"yoast-schema-graph\">{\"@context\":\"https:\/\/schema.org\",\"@graph\":[{\"@type\":\"Article\",\"@id\":\"https:\/\/www.cmalleida.com\/es\/un-seguro-por-lucro-cesante-no-se-activa-por-cualquier-causa-sino-por-lo-previsto-en-la-propia-poliza-seguros-news\/#article\",\"isPartOf\":{\"@id\":\"https:\/\/www.cmalleida.com\/es\/un-seguro-por-lucro-cesante-no-se-activa-por-cualquier-causa-sino-por-lo-previsto-en-la-propia-poliza-seguros-news\/\"},\"author\":{\"name\":\"Antonieta Castells Dolcet\",\"@id\":\"https:\/\/www.cmalleida.com\/es\/#\/schema\/person\/7461453022a0d6ce41c1e530eb4443b4\"},\"headline\":\"Un seguro por lucro cesante no se activa por cualquier causa, sino por lo previsto en la propia p\u00f3liza (Seguros News)\",\"datePublished\":\"2021-12-10T09:01:55+00:00\",\"mainEntityOfPage\":{\"@id\":\"https:\/\/www.cmalleida.com\/es\/un-seguro-por-lucro-cesante-no-se-activa-por-cualquier-causa-sino-por-lo-previsto-en-la-propia-poliza-seguros-news\/\"},\"wordCount\":1037,\"publisher\":{\"@id\":\"https:\/\/www.cmalleida.com\/es\/#organization\"},\"image\":{\"@id\":\"https:\/\/www.cmalleida.com\/es\/un-seguro-por-lucro-cesante-no-se-activa-por-cualquier-causa-sino-por-lo-previsto-en-la-propia-poliza-seguros-news\/#primaryimage\"},\"thumbnailUrl\":\"https:\/\/www.cmalleida.com\/wp-content\/uploads\/cmall-lleida-actualitat-ajedrez762.jpg\",\"articleSection\":[\"Actualidad\",\"Assegurances\",\"Indemnitzacions\",\"Legislaci\u00f3n\"],\"inLanguage\":\"es\"},{\"@type\":\"WebPage\",\"@id\":\"https:\/\/www.cmalleida.com\/es\/un-seguro-por-lucro-cesante-no-se-activa-por-cualquier-causa-sino-por-lo-previsto-en-la-propia-poliza-seguros-news\/\",\"url\":\"https:\/\/www.cmalleida.com\/es\/un-seguro-por-lucro-cesante-no-se-activa-por-cualquier-causa-sino-por-lo-previsto-en-la-propia-poliza-seguros-news\/\",\"name\":\"Un seguro por lucro cesante no se activa por cualquier causa, sino por lo previsto en la propia p\u00f3liza (Seguros News) - Col\u00b7legi de Mediadors d&#039;Assegurances de Lleida\",\"isPartOf\":{\"@id\":\"https:\/\/www.cmalleida.com\/es\/#website\"},\"primaryImageOfPage\":{\"@id\":\"https:\/\/www.cmalleida.com\/es\/un-seguro-por-lucro-cesante-no-se-activa-por-cualquier-causa-sino-por-lo-previsto-en-la-propia-poliza-seguros-news\/#primaryimage\"},\"image\":{\"@id\":\"https:\/\/www.cmalleida.com\/es\/un-seguro-por-lucro-cesante-no-se-activa-por-cualquier-causa-sino-por-lo-previsto-en-la-propia-poliza-seguros-news\/#primaryimage\"},\"thumbnailUrl\":\"https:\/\/www.cmalleida.com\/wp-content\/uploads\/cmall-lleida-actualitat-ajedrez762.jpg\",\"datePublished\":\"2021-12-10T09:01:55+00:00\",\"breadcrumb\":{\"@id\":\"https:\/\/www.cmalleida.com\/es\/un-seguro-por-lucro-cesante-no-se-activa-por-cualquier-causa-sino-por-lo-previsto-en-la-propia-poliza-seguros-news\/#breadcrumb\"},\"inLanguage\":\"es\",\"potentialAction\":[{\"@type\":\"ReadAction\",\"target\":[\"https:\/\/www.cmalleida.com\/es\/un-seguro-por-lucro-cesante-no-se-activa-por-cualquier-causa-sino-por-lo-previsto-en-la-propia-poliza-seguros-news\/\"]}]},{\"@type\":\"ImageObject\",\"inLanguage\":\"es\",\"@id\":\"https:\/\/www.cmalleida.com\/es\/un-seguro-por-lucro-cesante-no-se-activa-por-cualquier-causa-sino-por-lo-previsto-en-la-propia-poliza-seguros-news\/#primaryimage\",\"url\":\"https:\/\/www.cmalleida.com\/wp-content\/uploads\/cmall-lleida-actualitat-ajedrez762.jpg\",\"contentUrl\":\"https:\/\/www.cmalleida.com\/wp-content\/uploads\/cmall-lleida-actualitat-ajedrez762.jpg\",\"width\":762,\"height\":762,\"caption\":\"cmall-lleida-actualitat-AJEDREZ762\"},{\"@type\":\"BreadcrumbList\",\"@id\":\"https:\/\/www.cmalleida.com\/es\/un-seguro-por-lucro-cesante-no-se-activa-por-cualquier-causa-sino-por-lo-previsto-en-la-propia-poliza-seguros-news\/#breadcrumb\",\"itemListElement\":[{\"@type\":\"ListItem\",\"position\":1,\"name\":\"Inici\",\"item\":\"https:\/\/www.cmalleida.com\/es\/\"},{\"@type\":\"ListItem\",\"position\":2,\"name\":\"Un seguro por lucro cesante no se activa por cualquier causa, sino por lo previsto en la propia p\u00f3liza (Seguros News)\"}]},{\"@type\":\"WebSite\",\"@id\":\"https:\/\/www.cmalleida.com\/es\/#website\",\"url\":\"https:\/\/www.cmalleida.com\/es\/\",\"name\":\"Col\u00b7legi de Mediadors d&#039;Assegurances de Lleida\",\"description\":\"Otro sitio realizado con WordPress\",\"publisher\":{\"@id\":\"https:\/\/www.cmalleida.com\/es\/#organization\"},\"potentialAction\":[{\"@type\":\"SearchAction\",\"target\":{\"@type\":\"EntryPoint\",\"urlTemplate\":\"https:\/\/www.cmalleida.com\/es\/?s={search_term_string}\"},\"query-input\":{\"@type\":\"PropertyValueSpecification\",\"valueRequired\":true,\"valueName\":\"search_term_string\"}}],\"inLanguage\":\"es\"},{\"@type\":\"Organization\",\"@id\":\"https:\/\/www.cmalleida.com\/es\/#organization\",\"name\":\"Col\u00b7legi de Mediadors d'Assegurances de Lleida\",\"url\":\"https:\/\/www.cmalleida.com\/es\/\",\"logo\":{\"@type\":\"ImageObject\",\"inLanguage\":\"es\",\"@id\":\"https:\/\/www.cmalleida.com\/es\/#\/schema\/logo\/image\/\",\"url\":\"\",\"contentUrl\":\"\",\"caption\":\"Col\u00b7legi de Mediadors d'Assegurances de Lleida\"},\"image\":{\"@id\":\"https:\/\/www.cmalleida.com\/es\/#\/schema\/logo\/image\/\"}},{\"@type\":\"Person\",\"@id\":\"https:\/\/www.cmalleida.com\/es\/#\/schema\/person\/7461453022a0d6ce41c1e530eb4443b4\",\"name\":\"Antonieta Castells Dolcet\",\"image\":{\"@type\":\"ImageObject\",\"inLanguage\":\"es\",\"@id\":\"https:\/\/secure.gravatar.com\/avatar\/7738df9a8ff2d12e8b37d088ff0e3e36016e57ab29e5db27ba4fb758a81ea3cb?s=96&d=mm&r=g\",\"url\":\"https:\/\/secure.gravatar.com\/avatar\/7738df9a8ff2d12e8b37d088ff0e3e36016e57ab29e5db27ba4fb758a81ea3cb?s=96&d=mm&r=g\",\"contentUrl\":\"https:\/\/secure.gravatar.com\/avatar\/7738df9a8ff2d12e8b37d088ff0e3e36016e57ab29e5db27ba4fb758a81ea3cb?s=96&d=mm&r=g\",\"caption\":\"Antonieta Castells Dolcet\"},\"sameAs\":[\"http:\/\/www.cmalleida.com\"]}]}<\/script>\n<!-- \/ Yoast SEO plugin. -->","yoast_head_json":{"title":"Un seguro por lucro cesante no se activa por cualquier causa, sino por lo previsto en la propia p\u00f3liza (Seguros News) - Col\u00b7legi de Mediadors d&#039;Assegurances de Lleida","robots":{"index":"index","follow":"follow","max-snippet":"max-snippet:-1","max-image-preview":"max-image-preview:large","max-video-preview":"max-video-preview:-1"},"canonical":"https:\/\/www.cmalleida.com\/es\/un-seguro-por-lucro-cesante-no-se-activa-por-cualquier-causa-sino-por-lo-previsto-en-la-propia-poliza-seguros-news\/","og_locale":"es_ES","og_type":"article","og_title":"Un seguro por lucro cesante no se activa por cualquier causa, sino por lo previsto en la propia p\u00f3liza (Seguros News) - Col\u00b7legi de Mediadors d&#039;Assegurances de Lleida","og_description":"Redacci\u00f3n\u00a010 de diciembre de 2021 Por Sergio L\u00f3pez, socio de Derecho de Seguros de AGM Abogados El a\u00f1o que ahora llega a su fin se... Llegeix m\u00e9s","og_url":"https:\/\/www.cmalleida.com\/es\/un-seguro-por-lucro-cesante-no-se-activa-por-cualquier-causa-sino-por-lo-previsto-en-la-propia-poliza-seguros-news\/","og_site_name":"Col\u00b7legi de Mediadors d&#039;Assegurances de Lleida","article_published_time":"2021-12-10T09:01:55+00:00","og_image":[{"width":762,"height":762,"url":"https:\/\/www.cmalleida.com\/wp-content\/uploads\/cmall-lleida-actualitat-ajedrez762.jpg","type":"image\/jpeg"}],"author":"Antonieta Castells Dolcet","twitter_card":"summary_large_image","twitter_misc":{"Written by":"Antonieta Castells Dolcet","Est. reading time":"5 minutos"},"schema":{"@context":"https:\/\/schema.org","@graph":[{"@type":"Article","@id":"https:\/\/www.cmalleida.com\/es\/un-seguro-por-lucro-cesante-no-se-activa-por-cualquier-causa-sino-por-lo-previsto-en-la-propia-poliza-seguros-news\/#article","isPartOf":{"@id":"https:\/\/www.cmalleida.com\/es\/un-seguro-por-lucro-cesante-no-se-activa-por-cualquier-causa-sino-por-lo-previsto-en-la-propia-poliza-seguros-news\/"},"author":{"name":"Antonieta Castells Dolcet","@id":"https:\/\/www.cmalleida.com\/es\/#\/schema\/person\/7461453022a0d6ce41c1e530eb4443b4"},"headline":"Un seguro por lucro cesante no se activa por cualquier causa, sino por lo previsto en la propia p\u00f3liza (Seguros News)","datePublished":"2021-12-10T09:01:55+00:00","mainEntityOfPage":{"@id":"https:\/\/www.cmalleida.com\/es\/un-seguro-por-lucro-cesante-no-se-activa-por-cualquier-causa-sino-por-lo-previsto-en-la-propia-poliza-seguros-news\/"},"wordCount":1037,"publisher":{"@id":"https:\/\/www.cmalleida.com\/es\/#organization"},"image":{"@id":"https:\/\/www.cmalleida.com\/es\/un-seguro-por-lucro-cesante-no-se-activa-por-cualquier-causa-sino-por-lo-previsto-en-la-propia-poliza-seguros-news\/#primaryimage"},"thumbnailUrl":"https:\/\/www.cmalleida.com\/wp-content\/uploads\/cmall-lleida-actualitat-ajedrez762.jpg","articleSection":["Actualidad","Assegurances","Indemnitzacions","Legislaci\u00f3n"],"inLanguage":"es"},{"@type":"WebPage","@id":"https:\/\/www.cmalleida.com\/es\/un-seguro-por-lucro-cesante-no-se-activa-por-cualquier-causa-sino-por-lo-previsto-en-la-propia-poliza-seguros-news\/","url":"https:\/\/www.cmalleida.com\/es\/un-seguro-por-lucro-cesante-no-se-activa-por-cualquier-causa-sino-por-lo-previsto-en-la-propia-poliza-seguros-news\/","name":"Un seguro por lucro cesante no se activa por cualquier causa, sino por lo previsto en la propia p\u00f3liza (Seguros News) - Col\u00b7legi de Mediadors d&#039;Assegurances de Lleida","isPartOf":{"@id":"https:\/\/www.cmalleida.com\/es\/#website"},"primaryImageOfPage":{"@id":"https:\/\/www.cmalleida.com\/es\/un-seguro-por-lucro-cesante-no-se-activa-por-cualquier-causa-sino-por-lo-previsto-en-la-propia-poliza-seguros-news\/#primaryimage"},"image":{"@id":"https:\/\/www.cmalleida.com\/es\/un-seguro-por-lucro-cesante-no-se-activa-por-cualquier-causa-sino-por-lo-previsto-en-la-propia-poliza-seguros-news\/#primaryimage"},"thumbnailUrl":"https:\/\/www.cmalleida.com\/wp-content\/uploads\/cmall-lleida-actualitat-ajedrez762.jpg","datePublished":"2021-12-10T09:01:55+00:00","breadcrumb":{"@id":"https:\/\/www.cmalleida.com\/es\/un-seguro-por-lucro-cesante-no-se-activa-por-cualquier-causa-sino-por-lo-previsto-en-la-propia-poliza-seguros-news\/#breadcrumb"},"inLanguage":"es","potentialAction":[{"@type":"ReadAction","target":["https:\/\/www.cmalleida.com\/es\/un-seguro-por-lucro-cesante-no-se-activa-por-cualquier-causa-sino-por-lo-previsto-en-la-propia-poliza-seguros-news\/"]}]},{"@type":"ImageObject","inLanguage":"es","@id":"https:\/\/www.cmalleida.com\/es\/un-seguro-por-lucro-cesante-no-se-activa-por-cualquier-causa-sino-por-lo-previsto-en-la-propia-poliza-seguros-news\/#primaryimage","url":"https:\/\/www.cmalleida.com\/wp-content\/uploads\/cmall-lleida-actualitat-ajedrez762.jpg","contentUrl":"https:\/\/www.cmalleida.com\/wp-content\/uploads\/cmall-lleida-actualitat-ajedrez762.jpg","width":762,"height":762,"caption":"cmall-lleida-actualitat-AJEDREZ762"},{"@type":"BreadcrumbList","@id":"https:\/\/www.cmalleida.com\/es\/un-seguro-por-lucro-cesante-no-se-activa-por-cualquier-causa-sino-por-lo-previsto-en-la-propia-poliza-seguros-news\/#breadcrumb","itemListElement":[{"@type":"ListItem","position":1,"name":"Inici","item":"https:\/\/www.cmalleida.com\/es\/"},{"@type":"ListItem","position":2,"name":"Un seguro por lucro cesante no se activa por cualquier causa, sino por lo previsto en la propia p\u00f3liza (Seguros News)"}]},{"@type":"WebSite","@id":"https:\/\/www.cmalleida.com\/es\/#website","url":"https:\/\/www.cmalleida.com\/es\/","name":"Col\u00b7legi de Mediadors d&#039;Assegurances de Lleida","description":"Otro sitio realizado con WordPress","publisher":{"@id":"https:\/\/www.cmalleida.com\/es\/#organization"},"potentialAction":[{"@type":"SearchAction","target":{"@type":"EntryPoint","urlTemplate":"https:\/\/www.cmalleida.com\/es\/?s={search_term_string}"},"query-input":{"@type":"PropertyValueSpecification","valueRequired":true,"valueName":"search_term_string"}}],"inLanguage":"es"},{"@type":"Organization","@id":"https:\/\/www.cmalleida.com\/es\/#organization","name":"Col\u00b7legi de Mediadors d'Assegurances de Lleida","url":"https:\/\/www.cmalleida.com\/es\/","logo":{"@type":"ImageObject","inLanguage":"es","@id":"https:\/\/www.cmalleida.com\/es\/#\/schema\/logo\/image\/","url":"","contentUrl":"","caption":"Col\u00b7legi de Mediadors d'Assegurances de Lleida"},"image":{"@id":"https:\/\/www.cmalleida.com\/es\/#\/schema\/logo\/image\/"}},{"@type":"Person","@id":"https:\/\/www.cmalleida.com\/es\/#\/schema\/person\/7461453022a0d6ce41c1e530eb4443b4","name":"Antonieta Castells Dolcet","image":{"@type":"ImageObject","inLanguage":"es","@id":"https:\/\/secure.gravatar.com\/avatar\/7738df9a8ff2d12e8b37d088ff0e3e36016e57ab29e5db27ba4fb758a81ea3cb?s=96&d=mm&r=g","url":"https:\/\/secure.gravatar.com\/avatar\/7738df9a8ff2d12e8b37d088ff0e3e36016e57ab29e5db27ba4fb758a81ea3cb?s=96&d=mm&r=g","contentUrl":"https:\/\/secure.gravatar.com\/avatar\/7738df9a8ff2d12e8b37d088ff0e3e36016e57ab29e5db27ba4fb758a81ea3cb?s=96&d=mm&r=g","caption":"Antonieta Castells Dolcet"},"sameAs":["http:\/\/www.cmalleida.com"]}]}},"_links":{"self":[{"href":"https:\/\/www.cmalleida.com\/es\/wp-json\/wp\/v2\/posts\/9954","targetHints":{"allow":["GET"]}}],"collection":[{"href":"https:\/\/www.cmalleida.com\/es\/wp-json\/wp\/v2\/posts"}],"about":[{"href":"https:\/\/www.cmalleida.com\/es\/wp-json\/wp\/v2\/types\/post"}],"author":[{"embeddable":true,"href":"https:\/\/www.cmalleida.com\/es\/wp-json\/wp\/v2\/users\/149"}],"replies":[{"embeddable":true,"href":"https:\/\/www.cmalleida.com\/es\/wp-json\/wp\/v2\/comments?post=9954"}],"version-history":[{"count":1,"href":"https:\/\/www.cmalleida.com\/es\/wp-json\/wp\/v2\/posts\/9954\/revisions"}],"predecessor-version":[{"id":9955,"href":"https:\/\/www.cmalleida.com\/es\/wp-json\/wp\/v2\/posts\/9954\/revisions\/9955"}],"wp:featuredmedia":[{"embeddable":true,"href":"https:\/\/www.cmalleida.com\/es\/wp-json\/wp\/v2\/media\/1859"}],"wp:attachment":[{"href":"https:\/\/www.cmalleida.com\/es\/wp-json\/wp\/v2\/media?parent=9954"}],"wp:term":[{"taxonomy":"category","embeddable":true,"href":"https:\/\/www.cmalleida.com\/es\/wp-json\/wp\/v2\/categories?post=9954"},{"taxonomy":"post_tag","embeddable":true,"href":"https:\/\/www.cmalleida.com\/es\/wp-json\/wp\/v2\/tags?post=9954"}],"curies":[{"name":"wp","href":"https:\/\/api.w.org\/{rel}","templated":true}]}}