{"id":9838,"date":"2021-11-12T10:42:52","date_gmt":"2021-11-12T09:42:52","guid":{"rendered":"https:\/\/www.cmalleida.com\/?p=9838"},"modified":"2021-11-12T10:42:52","modified_gmt":"2021-11-12T09:42:52","slug":"las-aseguradoras-daran-batalla-hasta-el-final-en-los-tribunales-por-los-cierres-covid-abc","status":"publish","type":"post","link":"https:\/\/www.cmalleida.com\/es\/las-aseguradoras-daran-batalla-hasta-el-final-en-los-tribunales-por-los-cierres-covid-abc\/","title":{"rendered":"Las aseguradoras dar\u00e1n batalla hasta el final en los tribunales por los cierres Covid (ABC)"},"content":{"rendered":"<h4 class=\"subtitulo\"><a href=\"https:\/\/www.abc.es\/economia\/abci-aluvion-casos-contra-aseguradoras-cierres-covid-202111041917_noticia.html\">No ofrecer\u00e1n acuerdos a quienes demanden por la v\u00eda legal su indemnizaci\u00f3n<\/a><\/h4>\n<footer class=\"autores\"><span class=\"autor\"><a class=\"nombre\" title=\"Daniel Caballero\" href=\"https:\/\/www.abc.es\/autor\/daniel-caballero-2347\/\">Daniel Caballero<\/a><\/span><\/footer>\n<p><span class=\"cuerpo-texto \"><span class=\"data\"><span class=\"datos-articulo\"><span class=\"datos\"><span class=\"lugar\">MADRID<\/span><span class=\"fecha\">\u00a0Actualizado:<time class=\"actualizado\" datetime=\"2021-11-05T23:54:42Z\">06\/11\/2021\u00a000:54h<\/time><\/span><\/span><a class=\"guardar-articulo nibara-element-inview\" title=\"Guardar el art\u00edculo\" data-nibara-module=\"starred\" data-nibara-inview-mode=\"one\" data-btn=\"starred\" data-type=\"noticia\" data-id=\"329efd8e-3e5d-11ec-bc16-6f13dbf22957\" data-voc-vtm-id=\"leerdespues\" data-voc-vtm-info=\"sticky\">GUARDAR<\/a><\/span><\/span><\/span><\/p>\n<aside class=\"modulo noticias-relacionadas\">Los negocios que tuvieron que cerrar durante los estados de alarma <a href=\"https:\/\/www.abc.es\/economia\/abci-aluvion-casos-contra-aseguradoras-cierres-covid-202111041917_noticia.html\" data-voc-vtm-id=\"in-text-traffic\">dar\u00e1n batalla todo lo posible para lograr que su aseguradora les indemnice<\/a>. Pero no ser\u00e1n los \u00fanicos, ya que las propias aseguradoras no dar\u00e1n tampoco su brazo a torcer por mucha batalla judicial en la que se vean inmersos.<\/aside>\n<p>Fuentes jur\u00eddicas y cercanas al sector confirman a ABC que las compa\u00f1\u00edas de seguros llegar\u00e1n hasta donde haga falta para defender sus intereses respecto a todo este tipo de casos.\u00a0<strong>Consideran que, al igual que los negocios que demandan, est\u00e1n ganando casos en los tribunales<\/strong>, aunque su trascendencia p\u00fablica sea menor ya que se est\u00e1n llevando de una manera m\u00e1s discreta de cara a los medios de comunicaci\u00f3n.<\/p>\n<p>Asimismo, el gremio de seguros se muestra confiado en que tiene muchas posibilidades de salir airoso de esta guerra judicial ya que, dicen, tienen ya 14 sentencias a su favor en primera instancia. Por contra, que den la raz\u00f3n a los negocios hay cinco fallos, aunque dos de ellos tienen especial relevancia al haber sido dictados ya en apelaci\u00f3n en la\u00a0<strong>Audiencia Provincial de Gerona<\/strong>.<\/p>\n<p>Relacionado con todo ello, las compa\u00f1\u00edas de seguros no est\u00e1n ofreciendo ning\u00fan tipo de acuerdo a los afectados que se deciden a demandar, al contrario de lo que ocurri\u00f3, por ejemplo, con las cl\u00e1usulas suelo de los bancos, donde tuvo que intervenir el Supremo y tambi\u00e9n el\u00a0<strong>Tribunal de Justicia de la UE<\/strong>.<\/p>\n<p>Con todo, tanto los afectados como las aseguradoras tienen claro que deber\u00e1 ser el Tribunal Supremo el que decida en \u00faltima instancia sobre hacia d\u00f3nde se inclina la balanza. Como adelant\u00f3 ayer en exclusiva este peri\u00f3dico, uno de los procedimientos que lleg\u00f3 a la Audiencia Provincial de Gerona ha llegado ya al\u00a0<strong>Tribunal Supremo<\/strong>. Zurich Seguros present\u00f3 recurso de casaci\u00f3n ante el Alto Tribunal para que este sea el que siente la direcci\u00f3n de las sentencias.<\/p>\n<p>Este caso a\u00fan est\u00e1 en fase de admisi\u00f3n en el Supremo. Y sin conocerse a\u00fan ning\u00fan pronunciamiento del Alto Tribunal, nadie se pilla los dedos sobre lo que podr\u00eda llegar a ocurrir y cada parte del proceso defiende sus intereses.<strong>\u00a0Los despachos que defienden a los negocios afectados tienen claro que ganar\u00e1n esta batalla, mientras que las aseguradoras piensan todo lo contrario<\/strong>\u00a0en base a que tienen m\u00e1s sentencias a su favor en primera instancia, aunque todo puede cambiar.<\/p>\n<p>El problema radica en dilucidar si los cierres derivados del Covid est\u00e1n amparados o no por las p\u00f3lizas que abarquen conceptos como\u00a0<strong>el lucro cesante o la p\u00e9\u00a0<a href=\"http:\/\/www.abc.es\/autor\/daniel-caballero-2347\/?data=eyJpZCI6MjM0Nywibm9tYnJlIjoiRGFuaWVsIiwiYXBlbGxpZG9zIjoiQ2FiYWxsZXJvIiwidGVsZWZvbm8iOm51bGwsImNhbGxlIjpudWxsLCJwb2JsYWNpb24iOm51bGwsImNvZGlnb19wb3N0YWwiOm51bGwsInByb3ZpbmNpYSI6bnVsbCwiY29ycmVvIjoibm9yZXBseUBhYmMuZXMiLCJ0d2l0dGVyIjoiZGFuaWNiMTMiLCJmYWNlYm9vayI6bnVsbCwicGludGVyZXN0IjpudWxsLCJpbnN0YWdyYW0iOm51bGwsImdwbHVzIjpudWxsLCJtZWRpb19wcmluY2lwYWwiOiJBYmMiLCJ0aXBvX2Zpcm1hIjoiUmVkYWN0b3IiLCJmb3RvIjoiaHR0cHM6XC9cL3d3dy5hYmMuZXNcL2NvbXVuXC8yMDE1XC9pbWdcL2F1dG9yXC9kZWZhdWx0LWltYWdlLmpwZyIsInVybCI6Imh0dHBzOlwvXC93d3cuYWJjLmVzXC9hdXRvclwvZGFuaWVsLWNhYmFsbGVyby0yMzQ3XC8ifQ%3D%3D\" data-voc-vtm-id=\"in-text-traffic\">r<\/a>dida de beneficios<\/strong>. El sector rechaza tajantemente que deba concederse la indemnizaci\u00f3n. Fuentes de Unespa indican que \u00abel seguro de p\u00e9rdida de beneficios, en cualquiera de sus denominaciones, exige para su activaci\u00f3n la existencia de un da\u00f1o material directo cubierto por la p\u00f3liza. Por lo tanto, la interrupci\u00f3n de negocio por decisiones de la autoridad no est\u00e1 cubierta en los condicionados de las p\u00f3lizas\u00bb. Que para que esta interrupci\u00f3n del negocio hubiera estado cubierta tendr\u00eda que haberse contemplado expresamente.<\/p>\n<p>El debate jur\u00eddico sobre este asunto est\u00e1 y estar\u00e1 sobre la mesa, ya que ha habido sentencias en ambos sentidos. Solo dos de ellas son en segunda instancia, siendo una de ellas nuclear para otros procedimientos que han resultado favorables a los demandantes. Ese fallo en cuesti\u00f3n reconoce que no se establece expl\u00edcitamente en la p\u00f3liza la cobertura de un suceso como este, pero que tampoco se excluye de manera clara ni es aceptado por el tomador. En este sentido, se recuerda en diversos fallos el art\u00edculo tercero de la Ley de Contrato de Seguro, a la hora de establecer cl\u00e1usulas limitativas: \u00abLas condiciones generales y particulares se redactar\u00e1n de forma clara y precisa.<strong>\u00a0Se destacar\u00e1n de modo especial las cl\u00e1usulas limitativas de los derechos de los asegurados, que deber\u00e1n ser espec\u00edficamente aceptadas por escrito<\/strong>\u00bb.<\/p>\n<p>&nbsp;<\/p>\n","protected":false},"excerpt":{"rendered":"<p>No ofrecer\u00e1n acuerdos a quienes demanden por la v\u00eda legal su indemnizaci\u00f3n Daniel Caballero MADRID\u00a0Actualizado:06\/11\/2021\u00a000:54hGUARDAR Los negocios que tuvieron que cerrar durante los estados de&#8230; <a href=\"https:\/\/www.cmalleida.com\/es\/las-aseguradoras-daran-batalla-hasta-el-final-en-los-tribunales-por-los-cierres-covid-abc\/\" rel=\"nofollow\" class=\"lollegirmes\">Llegeix m\u00e9s<\/a><\/p>\n","protected":false},"author":149,"featured_media":7772,"comment_status":"closed","ping_status":"closed","sticky":false,"template":"","format":"standard","meta":{"_acf_changed":false,"_genesis_hide_title":false,"_genesis_hide_breadcrumbs":false,"_genesis_hide_singular_image":false,"_genesis_hide_footer_widgets":false,"_genesis_custom_body_class":"","_genesis_custom_post_class":"","_genesis_layout":"","footnotes":""},"categories":[28,125,126,62],"tags":[],"class_list":{"0":"post-9838","1":"post","2":"type-post","3":"status-publish","4":"format-standard","5":"has-post-thumbnail","7":"category-actualidad","8":"category-assegurances-es","9":"category-indemnitzacions-es","10":"category-sinistres-es","11":"entry"},"acf":[],"yoast_head":"<!-- This site is optimized with the Yoast SEO plugin v27.2 - https:\/\/yoast.com\/product\/yoast-seo-wordpress\/ -->\n<title>Las aseguradoras dar\u00e1n batalla hasta el final en los tribunales por los cierres Covid (ABC) - Col\u00b7legi de Mediadors d&#039;Assegurances de Lleida<\/title>\n<meta name=\"robots\" content=\"index, follow, max-snippet:-1, max-image-preview:large, max-video-preview:-1\" \/>\n<link rel=\"canonical\" href=\"https:\/\/www.cmalleida.com\/es\/las-aseguradoras-daran-batalla-hasta-el-final-en-los-tribunales-por-los-cierres-covid-abc\/\" \/>\n<meta property=\"og:locale\" content=\"es_ES\" \/>\n<meta property=\"og:type\" content=\"article\" \/>\n<meta property=\"og:title\" content=\"Las aseguradoras dar\u00e1n batalla hasta el final en los tribunales por los cierres Covid (ABC) - Col\u00b7legi de Mediadors d&#039;Assegurances de Lleida\" \/>\n<meta property=\"og:description\" content=\"No ofrecer\u00e1n acuerdos a quienes demanden por la v\u00eda legal su indemnizaci\u00f3n Daniel Caballero MADRID\u00a0Actualizado:06\/11\/2021\u00a000:54hGUARDAR Los negocios que tuvieron que cerrar durante los estados de... Llegeix m\u00e9s\" \/>\n<meta property=\"og:url\" content=\"https:\/\/www.cmalleida.com\/es\/las-aseguradoras-daran-batalla-hasta-el-final-en-los-tribunales-por-los-cierres-covid-abc\/\" \/>\n<meta property=\"og:site_name\" content=\"Col\u00b7legi de Mediadors d&#039;Assegurances de Lleida\" \/>\n<meta property=\"article:published_time\" content=\"2021-11-12T09:42:52+00:00\" \/>\n<meta property=\"og:image\" content=\"https:\/\/www.cmalleida.com\/wp-content\/uploads\/captura-22.png\" \/>\n\t<meta property=\"og:image:width\" content=\"438\" \/>\n\t<meta property=\"og:image:height\" content=\"302\" \/>\n\t<meta property=\"og:image:type\" content=\"image\/png\" \/>\n<meta name=\"author\" content=\"Antonieta Castells Dolcet\" \/>\n<meta name=\"twitter:card\" content=\"summary_large_image\" \/>\n<meta name=\"twitter:label1\" content=\"Written by\" \/>\n\t<meta name=\"twitter:data1\" content=\"Antonieta Castells Dolcet\" \/>\n\t<meta name=\"twitter:label2\" content=\"Est. reading time\" \/>\n\t<meta name=\"twitter:data2\" content=\"4 minutos\" \/>\n<script type=\"application\/ld+json\" class=\"yoast-schema-graph\">{\"@context\":\"https:\/\/schema.org\",\"@graph\":[{\"@type\":\"Article\",\"@id\":\"https:\/\/www.cmalleida.com\/es\/las-aseguradoras-daran-batalla-hasta-el-final-en-los-tribunales-por-los-cierres-covid-abc\/#article\",\"isPartOf\":{\"@id\":\"https:\/\/www.cmalleida.com\/es\/las-aseguradoras-daran-batalla-hasta-el-final-en-los-tribunales-por-los-cierres-covid-abc\/\"},\"author\":{\"name\":\"Antonieta Castells Dolcet\",\"@id\":\"https:\/\/www.cmalleida.com\/es\/#\/schema\/person\/7461453022a0d6ce41c1e530eb4443b4\"},\"headline\":\"Las aseguradoras dar\u00e1n batalla hasta el final en los tribunales por los cierres Covid (ABC)\",\"datePublished\":\"2021-11-12T09:42:52+00:00\",\"mainEntityOfPage\":{\"@id\":\"https:\/\/www.cmalleida.com\/es\/las-aseguradoras-daran-batalla-hasta-el-final-en-los-tribunales-por-los-cierres-covid-abc\/\"},\"wordCount\":721,\"publisher\":{\"@id\":\"https:\/\/www.cmalleida.com\/es\/#organization\"},\"image\":{\"@id\":\"https:\/\/www.cmalleida.com\/es\/las-aseguradoras-daran-batalla-hasta-el-final-en-los-tribunales-por-los-cierres-covid-abc\/#primaryimage\"},\"thumbnailUrl\":\"https:\/\/www.cmalleida.com\/wp-content\/uploads\/captura-22.png\",\"articleSection\":[\"Actualidad\",\"Assegurances\",\"Indemnitzacions\",\"Sinistres\"],\"inLanguage\":\"es\"},{\"@type\":\"WebPage\",\"@id\":\"https:\/\/www.cmalleida.com\/es\/las-aseguradoras-daran-batalla-hasta-el-final-en-los-tribunales-por-los-cierres-covid-abc\/\",\"url\":\"https:\/\/www.cmalleida.com\/es\/las-aseguradoras-daran-batalla-hasta-el-final-en-los-tribunales-por-los-cierres-covid-abc\/\",\"name\":\"Las aseguradoras dar\u00e1n batalla hasta el final en los tribunales por los cierres Covid (ABC) - Col\u00b7legi de Mediadors d&#039;Assegurances de Lleida\",\"isPartOf\":{\"@id\":\"https:\/\/www.cmalleida.com\/es\/#website\"},\"primaryImageOfPage\":{\"@id\":\"https:\/\/www.cmalleida.com\/es\/las-aseguradoras-daran-batalla-hasta-el-final-en-los-tribunales-por-los-cierres-covid-abc\/#primaryimage\"},\"image\":{\"@id\":\"https:\/\/www.cmalleida.com\/es\/las-aseguradoras-daran-batalla-hasta-el-final-en-los-tribunales-por-los-cierres-covid-abc\/#primaryimage\"},\"thumbnailUrl\":\"https:\/\/www.cmalleida.com\/wp-content\/uploads\/captura-22.png\",\"datePublished\":\"2021-11-12T09:42:52+00:00\",\"breadcrumb\":{\"@id\":\"https:\/\/www.cmalleida.com\/es\/las-aseguradoras-daran-batalla-hasta-el-final-en-los-tribunales-por-los-cierres-covid-abc\/#breadcrumb\"},\"inLanguage\":\"es\",\"potentialAction\":[{\"@type\":\"ReadAction\",\"target\":[\"https:\/\/www.cmalleida.com\/es\/las-aseguradoras-daran-batalla-hasta-el-final-en-los-tribunales-por-los-cierres-covid-abc\/\"]}]},{\"@type\":\"ImageObject\",\"inLanguage\":\"es\",\"@id\":\"https:\/\/www.cmalleida.com\/es\/las-aseguradoras-daran-batalla-hasta-el-final-en-los-tribunales-por-los-cierres-covid-abc\/#primaryimage\",\"url\":\"https:\/\/www.cmalleida.com\/wp-content\/uploads\/captura-22.png\",\"contentUrl\":\"https:\/\/www.cmalleida.com\/wp-content\/uploads\/captura-22.png\",\"width\":438,\"height\":302,\"caption\":\"Captura\"},{\"@type\":\"BreadcrumbList\",\"@id\":\"https:\/\/www.cmalleida.com\/es\/las-aseguradoras-daran-batalla-hasta-el-final-en-los-tribunales-por-los-cierres-covid-abc\/#breadcrumb\",\"itemListElement\":[{\"@type\":\"ListItem\",\"position\":1,\"name\":\"Inici\",\"item\":\"https:\/\/www.cmalleida.com\/es\/\"},{\"@type\":\"ListItem\",\"position\":2,\"name\":\"Las aseguradoras dar\u00e1n batalla hasta el final en los tribunales por los cierres Covid (ABC)\"}]},{\"@type\":\"WebSite\",\"@id\":\"https:\/\/www.cmalleida.com\/es\/#website\",\"url\":\"https:\/\/www.cmalleida.com\/es\/\",\"name\":\"Col\u00b7legi de Mediadors d&#039;Assegurances de Lleida\",\"description\":\"Otro sitio realizado con WordPress\",\"publisher\":{\"@id\":\"https:\/\/www.cmalleida.com\/es\/#organization\"},\"potentialAction\":[{\"@type\":\"SearchAction\",\"target\":{\"@type\":\"EntryPoint\",\"urlTemplate\":\"https:\/\/www.cmalleida.com\/es\/?s={search_term_string}\"},\"query-input\":{\"@type\":\"PropertyValueSpecification\",\"valueRequired\":true,\"valueName\":\"search_term_string\"}}],\"inLanguage\":\"es\"},{\"@type\":\"Organization\",\"@id\":\"https:\/\/www.cmalleida.com\/es\/#organization\",\"name\":\"Col\u00b7legi de Mediadors d'Assegurances de Lleida\",\"url\":\"https:\/\/www.cmalleida.com\/es\/\",\"logo\":{\"@type\":\"ImageObject\",\"inLanguage\":\"es\",\"@id\":\"https:\/\/www.cmalleida.com\/es\/#\/schema\/logo\/image\/\",\"url\":\"\",\"contentUrl\":\"\",\"caption\":\"Col\u00b7legi de Mediadors d'Assegurances de Lleida\"},\"image\":{\"@id\":\"https:\/\/www.cmalleida.com\/es\/#\/schema\/logo\/image\/\"}},{\"@type\":\"Person\",\"@id\":\"https:\/\/www.cmalleida.com\/es\/#\/schema\/person\/7461453022a0d6ce41c1e530eb4443b4\",\"name\":\"Antonieta Castells Dolcet\",\"image\":{\"@type\":\"ImageObject\",\"inLanguage\":\"es\",\"@id\":\"https:\/\/secure.gravatar.com\/avatar\/7738df9a8ff2d12e8b37d088ff0e3e36016e57ab29e5db27ba4fb758a81ea3cb?s=96&d=mm&r=g\",\"url\":\"https:\/\/secure.gravatar.com\/avatar\/7738df9a8ff2d12e8b37d088ff0e3e36016e57ab29e5db27ba4fb758a81ea3cb?s=96&d=mm&r=g\",\"contentUrl\":\"https:\/\/secure.gravatar.com\/avatar\/7738df9a8ff2d12e8b37d088ff0e3e36016e57ab29e5db27ba4fb758a81ea3cb?s=96&d=mm&r=g\",\"caption\":\"Antonieta Castells Dolcet\"},\"sameAs\":[\"http:\/\/www.cmalleida.com\"]}]}<\/script>\n<!-- \/ Yoast SEO plugin. -->","yoast_head_json":{"title":"Las aseguradoras dar\u00e1n batalla hasta el final en los tribunales por los cierres Covid (ABC) - Col\u00b7legi de Mediadors d&#039;Assegurances de Lleida","robots":{"index":"index","follow":"follow","max-snippet":"max-snippet:-1","max-image-preview":"max-image-preview:large","max-video-preview":"max-video-preview:-1"},"canonical":"https:\/\/www.cmalleida.com\/es\/las-aseguradoras-daran-batalla-hasta-el-final-en-los-tribunales-por-los-cierres-covid-abc\/","og_locale":"es_ES","og_type":"article","og_title":"Las aseguradoras dar\u00e1n batalla hasta el final en los tribunales por los cierres Covid (ABC) - Col\u00b7legi de Mediadors d&#039;Assegurances de Lleida","og_description":"No ofrecer\u00e1n acuerdos a quienes demanden por la v\u00eda legal su indemnizaci\u00f3n Daniel Caballero MADRID\u00a0Actualizado:06\/11\/2021\u00a000:54hGUARDAR Los negocios que tuvieron que cerrar durante los estados de... Llegeix m\u00e9s","og_url":"https:\/\/www.cmalleida.com\/es\/las-aseguradoras-daran-batalla-hasta-el-final-en-los-tribunales-por-los-cierres-covid-abc\/","og_site_name":"Col\u00b7legi de Mediadors d&#039;Assegurances de Lleida","article_published_time":"2021-11-12T09:42:52+00:00","og_image":[{"width":438,"height":302,"url":"https:\/\/www.cmalleida.com\/wp-content\/uploads\/captura-22.png","type":"image\/png"}],"author":"Antonieta Castells Dolcet","twitter_card":"summary_large_image","twitter_misc":{"Written by":"Antonieta Castells Dolcet","Est. reading time":"4 minutos"},"schema":{"@context":"https:\/\/schema.org","@graph":[{"@type":"Article","@id":"https:\/\/www.cmalleida.com\/es\/las-aseguradoras-daran-batalla-hasta-el-final-en-los-tribunales-por-los-cierres-covid-abc\/#article","isPartOf":{"@id":"https:\/\/www.cmalleida.com\/es\/las-aseguradoras-daran-batalla-hasta-el-final-en-los-tribunales-por-los-cierres-covid-abc\/"},"author":{"name":"Antonieta Castells Dolcet","@id":"https:\/\/www.cmalleida.com\/es\/#\/schema\/person\/7461453022a0d6ce41c1e530eb4443b4"},"headline":"Las aseguradoras dar\u00e1n batalla hasta el final en los tribunales por los cierres Covid (ABC)","datePublished":"2021-11-12T09:42:52+00:00","mainEntityOfPage":{"@id":"https:\/\/www.cmalleida.com\/es\/las-aseguradoras-daran-batalla-hasta-el-final-en-los-tribunales-por-los-cierres-covid-abc\/"},"wordCount":721,"publisher":{"@id":"https:\/\/www.cmalleida.com\/es\/#organization"},"image":{"@id":"https:\/\/www.cmalleida.com\/es\/las-aseguradoras-daran-batalla-hasta-el-final-en-los-tribunales-por-los-cierres-covid-abc\/#primaryimage"},"thumbnailUrl":"https:\/\/www.cmalleida.com\/wp-content\/uploads\/captura-22.png","articleSection":["Actualidad","Assegurances","Indemnitzacions","Sinistres"],"inLanguage":"es"},{"@type":"WebPage","@id":"https:\/\/www.cmalleida.com\/es\/las-aseguradoras-daran-batalla-hasta-el-final-en-los-tribunales-por-los-cierres-covid-abc\/","url":"https:\/\/www.cmalleida.com\/es\/las-aseguradoras-daran-batalla-hasta-el-final-en-los-tribunales-por-los-cierres-covid-abc\/","name":"Las aseguradoras dar\u00e1n batalla hasta el final en los tribunales por los cierres Covid (ABC) - Col\u00b7legi de Mediadors d&#039;Assegurances de Lleida","isPartOf":{"@id":"https:\/\/www.cmalleida.com\/es\/#website"},"primaryImageOfPage":{"@id":"https:\/\/www.cmalleida.com\/es\/las-aseguradoras-daran-batalla-hasta-el-final-en-los-tribunales-por-los-cierres-covid-abc\/#primaryimage"},"image":{"@id":"https:\/\/www.cmalleida.com\/es\/las-aseguradoras-daran-batalla-hasta-el-final-en-los-tribunales-por-los-cierres-covid-abc\/#primaryimage"},"thumbnailUrl":"https:\/\/www.cmalleida.com\/wp-content\/uploads\/captura-22.png","datePublished":"2021-11-12T09:42:52+00:00","breadcrumb":{"@id":"https:\/\/www.cmalleida.com\/es\/las-aseguradoras-daran-batalla-hasta-el-final-en-los-tribunales-por-los-cierres-covid-abc\/#breadcrumb"},"inLanguage":"es","potentialAction":[{"@type":"ReadAction","target":["https:\/\/www.cmalleida.com\/es\/las-aseguradoras-daran-batalla-hasta-el-final-en-los-tribunales-por-los-cierres-covid-abc\/"]}]},{"@type":"ImageObject","inLanguage":"es","@id":"https:\/\/www.cmalleida.com\/es\/las-aseguradoras-daran-batalla-hasta-el-final-en-los-tribunales-por-los-cierres-covid-abc\/#primaryimage","url":"https:\/\/www.cmalleida.com\/wp-content\/uploads\/captura-22.png","contentUrl":"https:\/\/www.cmalleida.com\/wp-content\/uploads\/captura-22.png","width":438,"height":302,"caption":"Captura"},{"@type":"BreadcrumbList","@id":"https:\/\/www.cmalleida.com\/es\/las-aseguradoras-daran-batalla-hasta-el-final-en-los-tribunales-por-los-cierres-covid-abc\/#breadcrumb","itemListElement":[{"@type":"ListItem","position":1,"name":"Inici","item":"https:\/\/www.cmalleida.com\/es\/"},{"@type":"ListItem","position":2,"name":"Las aseguradoras dar\u00e1n batalla hasta el final en los tribunales por los cierres Covid (ABC)"}]},{"@type":"WebSite","@id":"https:\/\/www.cmalleida.com\/es\/#website","url":"https:\/\/www.cmalleida.com\/es\/","name":"Col\u00b7legi de Mediadors d&#039;Assegurances de Lleida","description":"Otro sitio realizado con WordPress","publisher":{"@id":"https:\/\/www.cmalleida.com\/es\/#organization"},"potentialAction":[{"@type":"SearchAction","target":{"@type":"EntryPoint","urlTemplate":"https:\/\/www.cmalleida.com\/es\/?s={search_term_string}"},"query-input":{"@type":"PropertyValueSpecification","valueRequired":true,"valueName":"search_term_string"}}],"inLanguage":"es"},{"@type":"Organization","@id":"https:\/\/www.cmalleida.com\/es\/#organization","name":"Col\u00b7legi de Mediadors d'Assegurances de Lleida","url":"https:\/\/www.cmalleida.com\/es\/","logo":{"@type":"ImageObject","inLanguage":"es","@id":"https:\/\/www.cmalleida.com\/es\/#\/schema\/logo\/image\/","url":"","contentUrl":"","caption":"Col\u00b7legi de Mediadors d'Assegurances de Lleida"},"image":{"@id":"https:\/\/www.cmalleida.com\/es\/#\/schema\/logo\/image\/"}},{"@type":"Person","@id":"https:\/\/www.cmalleida.com\/es\/#\/schema\/person\/7461453022a0d6ce41c1e530eb4443b4","name":"Antonieta Castells Dolcet","image":{"@type":"ImageObject","inLanguage":"es","@id":"https:\/\/secure.gravatar.com\/avatar\/7738df9a8ff2d12e8b37d088ff0e3e36016e57ab29e5db27ba4fb758a81ea3cb?s=96&d=mm&r=g","url":"https:\/\/secure.gravatar.com\/avatar\/7738df9a8ff2d12e8b37d088ff0e3e36016e57ab29e5db27ba4fb758a81ea3cb?s=96&d=mm&r=g","contentUrl":"https:\/\/secure.gravatar.com\/avatar\/7738df9a8ff2d12e8b37d088ff0e3e36016e57ab29e5db27ba4fb758a81ea3cb?s=96&d=mm&r=g","caption":"Antonieta Castells Dolcet"},"sameAs":["http:\/\/www.cmalleida.com"]}]}},"_links":{"self":[{"href":"https:\/\/www.cmalleida.com\/es\/wp-json\/wp\/v2\/posts\/9838","targetHints":{"allow":["GET"]}}],"collection":[{"href":"https:\/\/www.cmalleida.com\/es\/wp-json\/wp\/v2\/posts"}],"about":[{"href":"https:\/\/www.cmalleida.com\/es\/wp-json\/wp\/v2\/types\/post"}],"author":[{"embeddable":true,"href":"https:\/\/www.cmalleida.com\/es\/wp-json\/wp\/v2\/users\/149"}],"replies":[{"embeddable":true,"href":"https:\/\/www.cmalleida.com\/es\/wp-json\/wp\/v2\/comments?post=9838"}],"version-history":[{"count":1,"href":"https:\/\/www.cmalleida.com\/es\/wp-json\/wp\/v2\/posts\/9838\/revisions"}],"predecessor-version":[{"id":9839,"href":"https:\/\/www.cmalleida.com\/es\/wp-json\/wp\/v2\/posts\/9838\/revisions\/9839"}],"wp:featuredmedia":[{"embeddable":true,"href":"https:\/\/www.cmalleida.com\/es\/wp-json\/wp\/v2\/media\/7772"}],"wp:attachment":[{"href":"https:\/\/www.cmalleida.com\/es\/wp-json\/wp\/v2\/media?parent=9838"}],"wp:term":[{"taxonomy":"category","embeddable":true,"href":"https:\/\/www.cmalleida.com\/es\/wp-json\/wp\/v2\/categories?post=9838"},{"taxonomy":"post_tag","embeddable":true,"href":"https:\/\/www.cmalleida.com\/es\/wp-json\/wp\/v2\/tags?post=9838"}],"curies":[{"name":"wp","href":"https:\/\/api.w.org\/{rel}","templated":true}]}}