{"id":9821,"date":"2021-11-12T10:03:29","date_gmt":"2021-11-12T09:03:29","guid":{"rendered":"https:\/\/www.cmalleida.com\/?p=9821"},"modified":"2021-11-12T10:03:29","modified_gmt":"2021-11-12T09:03:29","slug":"mediadores-consideran-un-error-que-la-nueva-ley-de-trafico-no-contemple-la-obligacion-de-contratar-seguro-a-patinetes-consejo-general","status":"publish","type":"post","link":"https:\/\/www.cmalleida.com\/es\/mediadores-consideran-un-error-que-la-nueva-ley-de-trafico-no-contemple-la-obligacion-de-contratar-seguro-a-patinetes-consejo-general\/","title":{"rendered":"Mediadores consideran un error que la nueva Ley de Tr\u00e1fico no contemple la obligaci\u00f3n de contratar seguro a patinetes (Consejo General)"},"content":{"rendered":"<ul>\n<li>La ausencia de p\u00f3liza espec\u00edfica aumentar\u00e1 la conflictividad y retrasar\u00e1 el pago de indemnizaciones<\/li>\n<li>El a\u00f1o pasado estos veh\u00edculos produjeron seis muertes<\/li>\n<\/ul>\n<p><strong><em>\u00a0<\/em><\/strong><strong><em>11<\/em><\/strong><strong><em>\/11\/2021<\/em><\/strong>.- La nueva ley de Tr\u00e1fico, Circulaci\u00f3n y Seguridad Vial, no contempla la obligaci\u00f3n general de contratar un seguro de responsabilidad civil para patinetes. Desde el Consejo General de Mediadores se considera <em>\u201cun gran error. Es inexplicable que no se establezca una unidad de criterio en todo el pa\u00eds dejando la responsabilidad de exigir seguro a decisi\u00f3n de cada Ayuntamiento. No tiene sentido que los carritos de golf est\u00e9n asegurados, a pesar de circular en espacios acotados y privados y un patinete, que se usa en v\u00eda urbana y cuya curva de accidentes no deja de crecer, no lo necesite\u201d.<\/em><\/p>\n<p>Los mediadores se\u00f1alan que<em>,<\/em> \u201c<em>solo el a\u00f1o pasado, se produjo m\u00e1s de un centenar de accidentes en Espa\u00f1a con v\u00edctimas, de las cuales, 6 fallecieron<\/em>. <em>La ausencia de seguro provocar\u00e1 un aumento de la conflictividad al obligar a los causantes de accidentes a asumir personalmente los da\u00f1os derivados del siniestro\u201d.<\/em><\/p>\n<p><em>\u00a0<\/em>La crisis del Coronavirus, y la evoluci\u00f3n en el transporte urbano, ha dado un impulso definitivo al uso de patinetes el\u00e9ctricos con m\u00e1s de un mill\u00f3n de personas que han optado por esta v\u00eda de desplazamiento en alg\u00fan momento durante la pandemia. \u201c<em>El problema<\/em>, seg\u00fan los mediadores de seguros, <em>s\u00f3lo va a ir en aumento dado que las previsiones de uso se duplicar\u00e1n en un a\u00f1o y la apertura de tiendas especializadas en este veh\u00edculo no dejan de aumentar, especialmente en grandes ciudades\u201d<\/em>.<\/p>\n<p>El incremento de patinetes circulando por las calles ha afectado a la seguridad vial siendo necesario, seg\u00fan el Consejo General de Mediadores, \u201c<em>medidas de \u00e1mbito nacional que garanticen una cobertura ante los incidentes que se puedan provocar<\/em>.<\/p>\n<p>Hasta el momento, no ha habido dificultad en obtener cobertura. Por lo general, aquellas personas que tienen asegurado el contenido de su vivienda a trav\u00e9s de un seguro de hogar, muy probablemente, pueden disponer, tanto para ellas como para las personas que convivan con ellas, de una cobertura de responsabilidad civil privada que se extiende a estas situaciones.<\/p>\n<p>En caso de no contar con esta soluci\u00f3n, los mediadores a trav\u00e9s de las aseguradoras ofrecen seguros de Responsabilidad Civil Privada que dan cobertura a posibles incidentes que pudieran ocasionarse con estos veh\u00edculos.<\/p>\n<p>Los mediadores consideran que el seguro obligatorio es la manera m\u00e1s r\u00e1pida y sencilla de compensar a las v\u00edctimas de los accidentes causados por patinetes el\u00e9ctrico.<\/p>\n","protected":false},"excerpt":{"rendered":"<p>La ausencia de p\u00f3liza espec\u00edfica aumentar\u00e1 la conflictividad y retrasar\u00e1 el pago de indemnizaciones El a\u00f1o pasado estos veh\u00edculos produjeron seis muertes \u00a011\/11\/2021.- La nueva&#8230; <a href=\"https:\/\/www.cmalleida.com\/es\/mediadores-consideran-un-error-que-la-nueva-ley-de-trafico-no-contemple-la-obligacion-de-contratar-seguro-a-patinetes-consejo-general\/\" rel=\"nofollow\" class=\"lollegirmes\">Llegeix m\u00e9s<\/a><\/p>\n","protected":false},"author":149,"featured_media":8789,"comment_status":"closed","ping_status":"closed","sticky":false,"template":"","format":"standard","meta":{"_acf_changed":false,"_genesis_hide_title":false,"_genesis_hide_breadcrumbs":false,"_genesis_hide_singular_image":false,"_genesis_hide_footer_widgets":false,"_genesis_custom_body_class":"","_genesis_custom_post_class":"","_genesis_layout":"","footnotes":""},"categories":[28,125],"tags":[],"class_list":{"0":"post-9821","1":"post","2":"type-post","3":"status-publish","4":"format-standard","5":"has-post-thumbnail","7":"category-actualidad","8":"category-assegurances-es","9":"entry"},"acf":[],"yoast_head":"<!-- This site is optimized with the Yoast SEO plugin v27.2 - https:\/\/yoast.com\/product\/yoast-seo-wordpress\/ -->\n<title>Mediadores consideran un error que la nueva Ley de Tr\u00e1fico no contemple la obligaci\u00f3n de contratar seguro a patinetes (Consejo General) - Col\u00b7legi de Mediadors d&#039;Assegurances de Lleida<\/title>\n<meta name=\"robots\" content=\"index, follow, max-snippet:-1, max-image-preview:large, max-video-preview:-1\" \/>\n<link rel=\"canonical\" href=\"https:\/\/www.cmalleida.com\/es\/mediadores-consideran-un-error-que-la-nueva-ley-de-trafico-no-contemple-la-obligacion-de-contratar-seguro-a-patinetes-consejo-general\/\" \/>\n<meta property=\"og:locale\" content=\"es_ES\" \/>\n<meta property=\"og:type\" content=\"article\" \/>\n<meta property=\"og:title\" content=\"Mediadores consideran un error que la nueva Ley de Tr\u00e1fico no contemple la obligaci\u00f3n de contratar seguro a patinetes (Consejo General) - Col\u00b7legi de Mediadors d&#039;Assegurances de Lleida\" \/>\n<meta property=\"og:description\" content=\"La ausencia de p\u00f3liza espec\u00edfica aumentar\u00e1 la conflictividad y retrasar\u00e1 el pago de indemnizaciones El a\u00f1o pasado estos veh\u00edculos produjeron seis muertes \u00a011\/11\/2021.- La nueva... Llegeix m\u00e9s\" \/>\n<meta property=\"og:url\" content=\"https:\/\/www.cmalleida.com\/es\/mediadores-consideran-un-error-que-la-nueva-ley-de-trafico-no-contemple-la-obligacion-de-contratar-seguro-a-patinetes-consejo-general\/\" \/>\n<meta property=\"og:site_name\" content=\"Col\u00b7legi de Mediadors d&#039;Assegurances de Lleida\" \/>\n<meta property=\"article:published_time\" content=\"2021-11-12T09:03:29+00:00\" \/>\n<meta property=\"og:image\" content=\"https:\/\/www.cmalleida.com\/wp-content\/uploads\/logo-sol-1.jpg\" \/>\n\t<meta property=\"og:image:width\" content=\"771\" \/>\n\t<meta property=\"og:image:height\" content=\"866\" \/>\n\t<meta property=\"og:image:type\" content=\"image\/jpeg\" \/>\n<meta name=\"author\" content=\"Antonieta Castells Dolcet\" \/>\n<meta name=\"twitter:card\" content=\"summary_large_image\" \/>\n<meta name=\"twitter:label1\" content=\"Written by\" \/>\n\t<meta name=\"twitter:data1\" content=\"Antonieta Castells Dolcet\" \/>\n\t<meta name=\"twitter:label2\" content=\"Est. reading time\" \/>\n\t<meta name=\"twitter:data2\" content=\"2 minutos\" \/>\n<script type=\"application\/ld+json\" class=\"yoast-schema-graph\">{\"@context\":\"https:\/\/schema.org\",\"@graph\":[{\"@type\":\"Article\",\"@id\":\"https:\/\/www.cmalleida.com\/es\/mediadores-consideran-un-error-que-la-nueva-ley-de-trafico-no-contemple-la-obligacion-de-contratar-seguro-a-patinetes-consejo-general\/#article\",\"isPartOf\":{\"@id\":\"https:\/\/www.cmalleida.com\/es\/mediadores-consideran-un-error-que-la-nueva-ley-de-trafico-no-contemple-la-obligacion-de-contratar-seguro-a-patinetes-consejo-general\/\"},\"author\":{\"name\":\"Antonieta Castells Dolcet\",\"@id\":\"https:\/\/www.cmalleida.com\/es\/#\/schema\/person\/7461453022a0d6ce41c1e530eb4443b4\"},\"headline\":\"Mediadores consideran un error que la nueva Ley de Tr\u00e1fico no contemple la obligaci\u00f3n de contratar seguro a patinetes (Consejo General)\",\"datePublished\":\"2021-11-12T09:03:29+00:00\",\"mainEntityOfPage\":{\"@id\":\"https:\/\/www.cmalleida.com\/es\/mediadores-consideran-un-error-que-la-nueva-ley-de-trafico-no-contemple-la-obligacion-de-contratar-seguro-a-patinetes-consejo-general\/\"},\"wordCount\":468,\"publisher\":{\"@id\":\"https:\/\/www.cmalleida.com\/es\/#organization\"},\"image\":{\"@id\":\"https:\/\/www.cmalleida.com\/es\/mediadores-consideran-un-error-que-la-nueva-ley-de-trafico-no-contemple-la-obligacion-de-contratar-seguro-a-patinetes-consejo-general\/#primaryimage\"},\"thumbnailUrl\":\"https:\/\/www.cmalleida.com\/wp-content\/uploads\/logo-sol-1.jpg\",\"articleSection\":[\"Actualidad\",\"Assegurances\"],\"inLanguage\":\"es\"},{\"@type\":\"WebPage\",\"@id\":\"https:\/\/www.cmalleida.com\/es\/mediadores-consideran-un-error-que-la-nueva-ley-de-trafico-no-contemple-la-obligacion-de-contratar-seguro-a-patinetes-consejo-general\/\",\"url\":\"https:\/\/www.cmalleida.com\/es\/mediadores-consideran-un-error-que-la-nueva-ley-de-trafico-no-contemple-la-obligacion-de-contratar-seguro-a-patinetes-consejo-general\/\",\"name\":\"Mediadores consideran un error que la nueva Ley de Tr\u00e1fico no contemple la obligaci\u00f3n de contratar seguro a patinetes (Consejo General) - Col\u00b7legi de Mediadors d&#039;Assegurances de Lleida\",\"isPartOf\":{\"@id\":\"https:\/\/www.cmalleida.com\/es\/#website\"},\"primaryImageOfPage\":{\"@id\":\"https:\/\/www.cmalleida.com\/es\/mediadores-consideran-un-error-que-la-nueva-ley-de-trafico-no-contemple-la-obligacion-de-contratar-seguro-a-patinetes-consejo-general\/#primaryimage\"},\"image\":{\"@id\":\"https:\/\/www.cmalleida.com\/es\/mediadores-consideran-un-error-que-la-nueva-ley-de-trafico-no-contemple-la-obligacion-de-contratar-seguro-a-patinetes-consejo-general\/#primaryimage\"},\"thumbnailUrl\":\"https:\/\/www.cmalleida.com\/wp-content\/uploads\/logo-sol-1.jpg\",\"datePublished\":\"2021-11-12T09:03:29+00:00\",\"breadcrumb\":{\"@id\":\"https:\/\/www.cmalleida.com\/es\/mediadores-consideran-un-error-que-la-nueva-ley-de-trafico-no-contemple-la-obligacion-de-contratar-seguro-a-patinetes-consejo-general\/#breadcrumb\"},\"inLanguage\":\"es\",\"potentialAction\":[{\"@type\":\"ReadAction\",\"target\":[\"https:\/\/www.cmalleida.com\/es\/mediadores-consideran-un-error-que-la-nueva-ley-de-trafico-no-contemple-la-obligacion-de-contratar-seguro-a-patinetes-consejo-general\/\"]}]},{\"@type\":\"ImageObject\",\"inLanguage\":\"es\",\"@id\":\"https:\/\/www.cmalleida.com\/es\/mediadores-consideran-un-error-que-la-nueva-ley-de-trafico-no-contemple-la-obligacion-de-contratar-seguro-a-patinetes-consejo-general\/#primaryimage\",\"url\":\"https:\/\/www.cmalleida.com\/wp-content\/uploads\/logo-sol-1.jpg\",\"contentUrl\":\"https:\/\/www.cmalleida.com\/wp-content\/uploads\/logo-sol-1.jpg\",\"width\":771,\"height\":866,\"caption\":\"LOGO SOL 1\"},{\"@type\":\"BreadcrumbList\",\"@id\":\"https:\/\/www.cmalleida.com\/es\/mediadores-consideran-un-error-que-la-nueva-ley-de-trafico-no-contemple-la-obligacion-de-contratar-seguro-a-patinetes-consejo-general\/#breadcrumb\",\"itemListElement\":[{\"@type\":\"ListItem\",\"position\":1,\"name\":\"Inici\",\"item\":\"https:\/\/www.cmalleida.com\/es\/\"},{\"@type\":\"ListItem\",\"position\":2,\"name\":\"Mediadores consideran un error que la nueva Ley de Tr\u00e1fico no contemple la obligaci\u00f3n de contratar seguro a patinetes (Consejo General)\"}]},{\"@type\":\"WebSite\",\"@id\":\"https:\/\/www.cmalleida.com\/es\/#website\",\"url\":\"https:\/\/www.cmalleida.com\/es\/\",\"name\":\"Col\u00b7legi de Mediadors d&#039;Assegurances de Lleida\",\"description\":\"Otro sitio realizado con WordPress\",\"publisher\":{\"@id\":\"https:\/\/www.cmalleida.com\/es\/#organization\"},\"potentialAction\":[{\"@type\":\"SearchAction\",\"target\":{\"@type\":\"EntryPoint\",\"urlTemplate\":\"https:\/\/www.cmalleida.com\/es\/?s={search_term_string}\"},\"query-input\":{\"@type\":\"PropertyValueSpecification\",\"valueRequired\":true,\"valueName\":\"search_term_string\"}}],\"inLanguage\":\"es\"},{\"@type\":\"Organization\",\"@id\":\"https:\/\/www.cmalleida.com\/es\/#organization\",\"name\":\"Col\u00b7legi de Mediadors d'Assegurances de Lleida\",\"url\":\"https:\/\/www.cmalleida.com\/es\/\",\"logo\":{\"@type\":\"ImageObject\",\"inLanguage\":\"es\",\"@id\":\"https:\/\/www.cmalleida.com\/es\/#\/schema\/logo\/image\/\",\"url\":\"\",\"contentUrl\":\"\",\"caption\":\"Col\u00b7legi de Mediadors d'Assegurances de Lleida\"},\"image\":{\"@id\":\"https:\/\/www.cmalleida.com\/es\/#\/schema\/logo\/image\/\"}},{\"@type\":\"Person\",\"@id\":\"https:\/\/www.cmalleida.com\/es\/#\/schema\/person\/7461453022a0d6ce41c1e530eb4443b4\",\"name\":\"Antonieta Castells Dolcet\",\"image\":{\"@type\":\"ImageObject\",\"inLanguage\":\"es\",\"@id\":\"https:\/\/secure.gravatar.com\/avatar\/7738df9a8ff2d12e8b37d088ff0e3e36016e57ab29e5db27ba4fb758a81ea3cb?s=96&d=mm&r=g\",\"url\":\"https:\/\/secure.gravatar.com\/avatar\/7738df9a8ff2d12e8b37d088ff0e3e36016e57ab29e5db27ba4fb758a81ea3cb?s=96&d=mm&r=g\",\"contentUrl\":\"https:\/\/secure.gravatar.com\/avatar\/7738df9a8ff2d12e8b37d088ff0e3e36016e57ab29e5db27ba4fb758a81ea3cb?s=96&d=mm&r=g\",\"caption\":\"Antonieta Castells Dolcet\"},\"sameAs\":[\"http:\/\/www.cmalleida.com\"]}]}<\/script>\n<!-- \/ Yoast SEO plugin. -->","yoast_head_json":{"title":"Mediadores consideran un error que la nueva Ley de Tr\u00e1fico no contemple la obligaci\u00f3n de contratar seguro a patinetes (Consejo General) - Col\u00b7legi de Mediadors d&#039;Assegurances de Lleida","robots":{"index":"index","follow":"follow","max-snippet":"max-snippet:-1","max-image-preview":"max-image-preview:large","max-video-preview":"max-video-preview:-1"},"canonical":"https:\/\/www.cmalleida.com\/es\/mediadores-consideran-un-error-que-la-nueva-ley-de-trafico-no-contemple-la-obligacion-de-contratar-seguro-a-patinetes-consejo-general\/","og_locale":"es_ES","og_type":"article","og_title":"Mediadores consideran un error que la nueva Ley de Tr\u00e1fico no contemple la obligaci\u00f3n de contratar seguro a patinetes (Consejo General) - Col\u00b7legi de Mediadors d&#039;Assegurances de Lleida","og_description":"La ausencia de p\u00f3liza espec\u00edfica aumentar\u00e1 la conflictividad y retrasar\u00e1 el pago de indemnizaciones El a\u00f1o pasado estos veh\u00edculos produjeron seis muertes \u00a011\/11\/2021.- La nueva... Llegeix m\u00e9s","og_url":"https:\/\/www.cmalleida.com\/es\/mediadores-consideran-un-error-que-la-nueva-ley-de-trafico-no-contemple-la-obligacion-de-contratar-seguro-a-patinetes-consejo-general\/","og_site_name":"Col\u00b7legi de Mediadors d&#039;Assegurances de Lleida","article_published_time":"2021-11-12T09:03:29+00:00","og_image":[{"width":771,"height":866,"url":"https:\/\/www.cmalleida.com\/wp-content\/uploads\/logo-sol-1.jpg","type":"image\/jpeg"}],"author":"Antonieta Castells Dolcet","twitter_card":"summary_large_image","twitter_misc":{"Written by":"Antonieta Castells Dolcet","Est. reading time":"2 minutos"},"schema":{"@context":"https:\/\/schema.org","@graph":[{"@type":"Article","@id":"https:\/\/www.cmalleida.com\/es\/mediadores-consideran-un-error-que-la-nueva-ley-de-trafico-no-contemple-la-obligacion-de-contratar-seguro-a-patinetes-consejo-general\/#article","isPartOf":{"@id":"https:\/\/www.cmalleida.com\/es\/mediadores-consideran-un-error-que-la-nueva-ley-de-trafico-no-contemple-la-obligacion-de-contratar-seguro-a-patinetes-consejo-general\/"},"author":{"name":"Antonieta Castells Dolcet","@id":"https:\/\/www.cmalleida.com\/es\/#\/schema\/person\/7461453022a0d6ce41c1e530eb4443b4"},"headline":"Mediadores consideran un error que la nueva Ley de Tr\u00e1fico no contemple la obligaci\u00f3n de contratar seguro a patinetes (Consejo General)","datePublished":"2021-11-12T09:03:29+00:00","mainEntityOfPage":{"@id":"https:\/\/www.cmalleida.com\/es\/mediadores-consideran-un-error-que-la-nueva-ley-de-trafico-no-contemple-la-obligacion-de-contratar-seguro-a-patinetes-consejo-general\/"},"wordCount":468,"publisher":{"@id":"https:\/\/www.cmalleida.com\/es\/#organization"},"image":{"@id":"https:\/\/www.cmalleida.com\/es\/mediadores-consideran-un-error-que-la-nueva-ley-de-trafico-no-contemple-la-obligacion-de-contratar-seguro-a-patinetes-consejo-general\/#primaryimage"},"thumbnailUrl":"https:\/\/www.cmalleida.com\/wp-content\/uploads\/logo-sol-1.jpg","articleSection":["Actualidad","Assegurances"],"inLanguage":"es"},{"@type":"WebPage","@id":"https:\/\/www.cmalleida.com\/es\/mediadores-consideran-un-error-que-la-nueva-ley-de-trafico-no-contemple-la-obligacion-de-contratar-seguro-a-patinetes-consejo-general\/","url":"https:\/\/www.cmalleida.com\/es\/mediadores-consideran-un-error-que-la-nueva-ley-de-trafico-no-contemple-la-obligacion-de-contratar-seguro-a-patinetes-consejo-general\/","name":"Mediadores consideran un error que la nueva Ley de Tr\u00e1fico no contemple la obligaci\u00f3n de contratar seguro a patinetes (Consejo General) - Col\u00b7legi de Mediadors d&#039;Assegurances de Lleida","isPartOf":{"@id":"https:\/\/www.cmalleida.com\/es\/#website"},"primaryImageOfPage":{"@id":"https:\/\/www.cmalleida.com\/es\/mediadores-consideran-un-error-que-la-nueva-ley-de-trafico-no-contemple-la-obligacion-de-contratar-seguro-a-patinetes-consejo-general\/#primaryimage"},"image":{"@id":"https:\/\/www.cmalleida.com\/es\/mediadores-consideran-un-error-que-la-nueva-ley-de-trafico-no-contemple-la-obligacion-de-contratar-seguro-a-patinetes-consejo-general\/#primaryimage"},"thumbnailUrl":"https:\/\/www.cmalleida.com\/wp-content\/uploads\/logo-sol-1.jpg","datePublished":"2021-11-12T09:03:29+00:00","breadcrumb":{"@id":"https:\/\/www.cmalleida.com\/es\/mediadores-consideran-un-error-que-la-nueva-ley-de-trafico-no-contemple-la-obligacion-de-contratar-seguro-a-patinetes-consejo-general\/#breadcrumb"},"inLanguage":"es","potentialAction":[{"@type":"ReadAction","target":["https:\/\/www.cmalleida.com\/es\/mediadores-consideran-un-error-que-la-nueva-ley-de-trafico-no-contemple-la-obligacion-de-contratar-seguro-a-patinetes-consejo-general\/"]}]},{"@type":"ImageObject","inLanguage":"es","@id":"https:\/\/www.cmalleida.com\/es\/mediadores-consideran-un-error-que-la-nueva-ley-de-trafico-no-contemple-la-obligacion-de-contratar-seguro-a-patinetes-consejo-general\/#primaryimage","url":"https:\/\/www.cmalleida.com\/wp-content\/uploads\/logo-sol-1.jpg","contentUrl":"https:\/\/www.cmalleida.com\/wp-content\/uploads\/logo-sol-1.jpg","width":771,"height":866,"caption":"LOGO SOL 1"},{"@type":"BreadcrumbList","@id":"https:\/\/www.cmalleida.com\/es\/mediadores-consideran-un-error-que-la-nueva-ley-de-trafico-no-contemple-la-obligacion-de-contratar-seguro-a-patinetes-consejo-general\/#breadcrumb","itemListElement":[{"@type":"ListItem","position":1,"name":"Inici","item":"https:\/\/www.cmalleida.com\/es\/"},{"@type":"ListItem","position":2,"name":"Mediadores consideran un error que la nueva Ley de Tr\u00e1fico no contemple la obligaci\u00f3n de contratar seguro a patinetes (Consejo General)"}]},{"@type":"WebSite","@id":"https:\/\/www.cmalleida.com\/es\/#website","url":"https:\/\/www.cmalleida.com\/es\/","name":"Col\u00b7legi de Mediadors d&#039;Assegurances de Lleida","description":"Otro sitio realizado con WordPress","publisher":{"@id":"https:\/\/www.cmalleida.com\/es\/#organization"},"potentialAction":[{"@type":"SearchAction","target":{"@type":"EntryPoint","urlTemplate":"https:\/\/www.cmalleida.com\/es\/?s={search_term_string}"},"query-input":{"@type":"PropertyValueSpecification","valueRequired":true,"valueName":"search_term_string"}}],"inLanguage":"es"},{"@type":"Organization","@id":"https:\/\/www.cmalleida.com\/es\/#organization","name":"Col\u00b7legi de Mediadors d'Assegurances de Lleida","url":"https:\/\/www.cmalleida.com\/es\/","logo":{"@type":"ImageObject","inLanguage":"es","@id":"https:\/\/www.cmalleida.com\/es\/#\/schema\/logo\/image\/","url":"","contentUrl":"","caption":"Col\u00b7legi de Mediadors d'Assegurances de Lleida"},"image":{"@id":"https:\/\/www.cmalleida.com\/es\/#\/schema\/logo\/image\/"}},{"@type":"Person","@id":"https:\/\/www.cmalleida.com\/es\/#\/schema\/person\/7461453022a0d6ce41c1e530eb4443b4","name":"Antonieta Castells Dolcet","image":{"@type":"ImageObject","inLanguage":"es","@id":"https:\/\/secure.gravatar.com\/avatar\/7738df9a8ff2d12e8b37d088ff0e3e36016e57ab29e5db27ba4fb758a81ea3cb?s=96&d=mm&r=g","url":"https:\/\/secure.gravatar.com\/avatar\/7738df9a8ff2d12e8b37d088ff0e3e36016e57ab29e5db27ba4fb758a81ea3cb?s=96&d=mm&r=g","contentUrl":"https:\/\/secure.gravatar.com\/avatar\/7738df9a8ff2d12e8b37d088ff0e3e36016e57ab29e5db27ba4fb758a81ea3cb?s=96&d=mm&r=g","caption":"Antonieta Castells Dolcet"},"sameAs":["http:\/\/www.cmalleida.com"]}]}},"_links":{"self":[{"href":"https:\/\/www.cmalleida.com\/es\/wp-json\/wp\/v2\/posts\/9821","targetHints":{"allow":["GET"]}}],"collection":[{"href":"https:\/\/www.cmalleida.com\/es\/wp-json\/wp\/v2\/posts"}],"about":[{"href":"https:\/\/www.cmalleida.com\/es\/wp-json\/wp\/v2\/types\/post"}],"author":[{"embeddable":true,"href":"https:\/\/www.cmalleida.com\/es\/wp-json\/wp\/v2\/users\/149"}],"replies":[{"embeddable":true,"href":"https:\/\/www.cmalleida.com\/es\/wp-json\/wp\/v2\/comments?post=9821"}],"version-history":[{"count":1,"href":"https:\/\/www.cmalleida.com\/es\/wp-json\/wp\/v2\/posts\/9821\/revisions"}],"predecessor-version":[{"id":9822,"href":"https:\/\/www.cmalleida.com\/es\/wp-json\/wp\/v2\/posts\/9821\/revisions\/9822"}],"wp:featuredmedia":[{"embeddable":true,"href":"https:\/\/www.cmalleida.com\/es\/wp-json\/wp\/v2\/media\/8789"}],"wp:attachment":[{"href":"https:\/\/www.cmalleida.com\/es\/wp-json\/wp\/v2\/media?parent=9821"}],"wp:term":[{"taxonomy":"category","embeddable":true,"href":"https:\/\/www.cmalleida.com\/es\/wp-json\/wp\/v2\/categories?post=9821"},{"taxonomy":"post_tag","embeddable":true,"href":"https:\/\/www.cmalleida.com\/es\/wp-json\/wp\/v2\/tags?post=9821"}],"curies":[{"name":"wp","href":"https:\/\/api.w.org\/{rel}","templated":true}]}}