{"id":9637,"date":"2021-10-07T10:14:54","date_gmt":"2021-10-07T08:14:54","guid":{"rendered":"https:\/\/www.cmalleida.com\/?p=9637"},"modified":"2021-10-07T10:14:54","modified_gmt":"2021-10-07T08:14:54","slug":"estar-colegiado-aportaba-y-aporta-una-serie-de-servicios-vision-y-suporte-profesional-como-formacion-informacion-y-orientacion","status":"publish","type":"post","link":"https:\/\/www.cmalleida.com\/es\/estar-colegiado-aportaba-y-aporta-una-serie-de-servicios-vision-y-suporte-profesional-como-formacion-informacion-y-orientacion\/","title":{"rendered":"\u00abESTAR COLEGIADO APORTABA Y APORTA UNA SERIE DE SERVICIOS, VISI\u00d3N Y SUPORTE PROFESIONAL COMO FORMACI\u00d3N, INFORMACI\u00d3N Y ORIENTACI\u00d3N\u00bb"},"content":{"rendered":"<p>El nuevo n\u00famero de la Revista aseguradora del Consejo General entrevista a Javier Barber\u00e1, presidente del Colegio de Mediadores de Seguros de Lleida y del Consejo.<\/p>\n<p>Durante la entrevista se habla del papel del Consejo General, los objetivos su mandato y de la importancia de estar colegiado.<\/p>\n<p>Puede descargarse la entrevista a:\u00a0 \u00a0<a href=\"https:\/\/www.cmalleida.com\/wp-content\/uploads\/entrevista-president.pdf\">ENTREVISTA PRESIDENT<\/a><\/p>\n","protected":false},"excerpt":{"rendered":"<p>El nuevo n\u00famero de la Revista aseguradora del Consejo General entrevista a Javier Barber\u00e1, presidente del Colegio de Mediadores de Seguros de Lleida y del&#8230; <a href=\"https:\/\/www.cmalleida.com\/es\/estar-colegiado-aportaba-y-aporta-una-serie-de-servicios-vision-y-suporte-profesional-como-formacion-informacion-y-orientacion\/\" rel=\"nofollow\" class=\"lollegirmes\">Llegeix m\u00e9s<\/a><\/p>\n","protected":false},"author":149,"featured_media":9633,"comment_status":"closed","ping_status":"closed","sticky":false,"template":"","format":"standard","meta":{"_acf_changed":false,"_genesis_hide_title":false,"_genesis_hide_breadcrumbs":false,"_genesis_hide_singular_image":false,"_genesis_hide_footer_widgets":false,"_genesis_custom_body_class":"","_genesis_custom_post_class":"","_genesis_layout":"","footnotes":""},"categories":[28,101],"tags":[],"class_list":{"0":"post-9637","1":"post","2":"type-post","3":"status-publish","4":"format-standard","5":"has-post-thumbnail","7":"category-actualidad","8":"category-recortes-de-prensa","9":"entry"},"acf":[],"yoast_head":"<!-- This site is optimized with the Yoast SEO plugin v27.2 - https:\/\/yoast.com\/product\/yoast-seo-wordpress\/ -->\n<title>&quot;ESTAR COLEGIADO APORTABA Y APORTA UNA SERIE DE SERVICIOS, VISI\u00d3N Y SUPORTE PROFESIONAL COMO FORMACI\u00d3N, INFORMACI\u00d3N Y ORIENTACI\u00d3N&quot; - Col\u00b7legi de Mediadors d&#039;Assegurances de Lleida<\/title>\n<meta name=\"robots\" content=\"index, follow, max-snippet:-1, max-image-preview:large, max-video-preview:-1\" \/>\n<link rel=\"canonical\" href=\"https:\/\/www.cmalleida.com\/es\/estar-colegiado-aportaba-y-aporta-una-serie-de-servicios-vision-y-suporte-profesional-como-formacion-informacion-y-orientacion\/\" \/>\n<meta property=\"og:locale\" content=\"es_ES\" \/>\n<meta property=\"og:type\" content=\"article\" \/>\n<meta property=\"og:title\" content=\"&quot;ESTAR COLEGIADO APORTABA Y APORTA UNA SERIE DE SERVICIOS, VISI\u00d3N Y SUPORTE PROFESIONAL COMO FORMACI\u00d3N, INFORMACI\u00d3N Y ORIENTACI\u00d3N&quot; - Col\u00b7legi de Mediadors d&#039;Assegurances de Lleida\" \/>\n<meta property=\"og:description\" content=\"El nuevo n\u00famero de la Revista aseguradora del Consejo General entrevista a Javier Barber\u00e1, presidente del Colegio de Mediadores de Seguros de Lleida y del... Llegeix m\u00e9s\" \/>\n<meta property=\"og:url\" content=\"https:\/\/www.cmalleida.com\/es\/estar-colegiado-aportaba-y-aporta-una-serie-de-servicios-vision-y-suporte-profesional-como-formacion-informacion-y-orientacion\/\" \/>\n<meta property=\"og:site_name\" content=\"Col\u00b7legi de Mediadors d&#039;Assegurances de Lleida\" \/>\n<meta property=\"article:published_time\" content=\"2021-10-07T08:14:54+00:00\" \/>\n<meta property=\"og:image\" content=\"https:\/\/www.cmalleida.com\/wp-content\/uploads\/14491e9a-7e56-444a-a1dd-00f9c56cc484.jpg\" \/>\n\t<meta property=\"og:image:width\" content=\"1600\" \/>\n\t<meta property=\"og:image:height\" content=\"1600\" \/>\n\t<meta property=\"og:image:type\" content=\"image\/jpeg\" \/>\n<meta name=\"author\" content=\"Antonieta Castells Dolcet\" \/>\n<meta name=\"twitter:card\" content=\"summary_large_image\" \/>\n<meta name=\"twitter:label1\" content=\"Written by\" \/>\n\t<meta name=\"twitter:data1\" content=\"Antonieta Castells Dolcet\" \/>\n<script type=\"application\/ld+json\" class=\"yoast-schema-graph\">{\"@context\":\"https:\/\/schema.org\",\"@graph\":[{\"@type\":\"Article\",\"@id\":\"https:\/\/www.cmalleida.com\/es\/estar-colegiado-aportaba-y-aporta-una-serie-de-servicios-vision-y-suporte-profesional-como-formacion-informacion-y-orientacion\/#article\",\"isPartOf\":{\"@id\":\"https:\/\/www.cmalleida.com\/es\/estar-colegiado-aportaba-y-aporta-una-serie-de-servicios-vision-y-suporte-profesional-como-formacion-informacion-y-orientacion\/\"},\"author\":{\"name\":\"Antonieta Castells Dolcet\",\"@id\":\"https:\/\/www.cmalleida.com\/es\/#\/schema\/person\/7461453022a0d6ce41c1e530eb4443b4\"},\"headline\":\"\u00abESTAR COLEGIADO APORTABA Y APORTA UNA SERIE DE SERVICIOS, VISI\u00d3N Y SUPORTE PROFESIONAL COMO FORMACI\u00d3N, INFORMACI\u00d3N Y ORIENTACI\u00d3N\u00bb\",\"datePublished\":\"2021-10-07T08:14:54+00:00\",\"mainEntityOfPage\":{\"@id\":\"https:\/\/www.cmalleida.com\/es\/estar-colegiado-aportaba-y-aporta-una-serie-de-servicios-vision-y-suporte-profesional-como-formacion-informacion-y-orientacion\/\"},\"wordCount\":77,\"publisher\":{\"@id\":\"https:\/\/www.cmalleida.com\/es\/#organization\"},\"image\":{\"@id\":\"https:\/\/www.cmalleida.com\/es\/estar-colegiado-aportaba-y-aporta-una-serie-de-servicios-vision-y-suporte-profesional-como-formacion-informacion-y-orientacion\/#primaryimage\"},\"thumbnailUrl\":\"https:\/\/www.cmalleida.com\/wp-content\/uploads\/14491e9a-7e56-444a-a1dd-00f9c56cc484.jpg\",\"articleSection\":[\"Actualidad\",\"Recopilaciones de Prensa\"],\"inLanguage\":\"es\"},{\"@type\":\"WebPage\",\"@id\":\"https:\/\/www.cmalleida.com\/es\/estar-colegiado-aportaba-y-aporta-una-serie-de-servicios-vision-y-suporte-profesional-como-formacion-informacion-y-orientacion\/\",\"url\":\"https:\/\/www.cmalleida.com\/es\/estar-colegiado-aportaba-y-aporta-una-serie-de-servicios-vision-y-suporte-profesional-como-formacion-informacion-y-orientacion\/\",\"name\":\"\\\"ESTAR COLEGIADO APORTABA Y APORTA UNA SERIE DE SERVICIOS, VISI\u00d3N Y SUPORTE PROFESIONAL COMO FORMACI\u00d3N, INFORMACI\u00d3N Y ORIENTACI\u00d3N\\\" - Col\u00b7legi de Mediadors d&#039;Assegurances de Lleida\",\"isPartOf\":{\"@id\":\"https:\/\/www.cmalleida.com\/es\/#website\"},\"primaryImageOfPage\":{\"@id\":\"https:\/\/www.cmalleida.com\/es\/estar-colegiado-aportaba-y-aporta-una-serie-de-servicios-vision-y-suporte-profesional-como-formacion-informacion-y-orientacion\/#primaryimage\"},\"image\":{\"@id\":\"https:\/\/www.cmalleida.com\/es\/estar-colegiado-aportaba-y-aporta-una-serie-de-servicios-vision-y-suporte-profesional-como-formacion-informacion-y-orientacion\/#primaryimage\"},\"thumbnailUrl\":\"https:\/\/www.cmalleida.com\/wp-content\/uploads\/14491e9a-7e56-444a-a1dd-00f9c56cc484.jpg\",\"datePublished\":\"2021-10-07T08:14:54+00:00\",\"breadcrumb\":{\"@id\":\"https:\/\/www.cmalleida.com\/es\/estar-colegiado-aportaba-y-aporta-una-serie-de-servicios-vision-y-suporte-profesional-como-formacion-informacion-y-orientacion\/#breadcrumb\"},\"inLanguage\":\"es\",\"potentialAction\":[{\"@type\":\"ReadAction\",\"target\":[\"https:\/\/www.cmalleida.com\/es\/estar-colegiado-aportaba-y-aporta-una-serie-de-servicios-vision-y-suporte-profesional-como-formacion-informacion-y-orientacion\/\"]}]},{\"@type\":\"ImageObject\",\"inLanguage\":\"es\",\"@id\":\"https:\/\/www.cmalleida.com\/es\/estar-colegiado-aportaba-y-aporta-una-serie-de-servicios-vision-y-suporte-profesional-como-formacion-informacion-y-orientacion\/#primaryimage\",\"url\":\"https:\/\/www.cmalleida.com\/wp-content\/uploads\/14491e9a-7e56-444a-a1dd-00f9c56cc484.jpg\",\"contentUrl\":\"https:\/\/www.cmalleida.com\/wp-content\/uploads\/14491e9a-7e56-444a-a1dd-00f9c56cc484.jpg\",\"width\":1600,\"height\":1600,\"caption\":\"14491e9a-7e56-444a-a1dd-00f9c56cc484\"},{\"@type\":\"BreadcrumbList\",\"@id\":\"https:\/\/www.cmalleida.com\/es\/estar-colegiado-aportaba-y-aporta-una-serie-de-servicios-vision-y-suporte-profesional-como-formacion-informacion-y-orientacion\/#breadcrumb\",\"itemListElement\":[{\"@type\":\"ListItem\",\"position\":1,\"name\":\"Inici\",\"item\":\"https:\/\/www.cmalleida.com\/es\/\"},{\"@type\":\"ListItem\",\"position\":2,\"name\":\"&#8220;ESTAR COLEGIADO APORTABA Y APORTA UNA SERIE DE SERVICIOS, VISI\u00d3N Y SUPORTE PROFESIONAL COMO FORMACI\u00d3N, INFORMACI\u00d3N Y ORIENTACI\u00d3N&#8221;\"}]},{\"@type\":\"WebSite\",\"@id\":\"https:\/\/www.cmalleida.com\/es\/#website\",\"url\":\"https:\/\/www.cmalleida.com\/es\/\",\"name\":\"Col\u00b7legi de Mediadors d&#039;Assegurances de Lleida\",\"description\":\"Otro sitio realizado con WordPress\",\"publisher\":{\"@id\":\"https:\/\/www.cmalleida.com\/es\/#organization\"},\"potentialAction\":[{\"@type\":\"SearchAction\",\"target\":{\"@type\":\"EntryPoint\",\"urlTemplate\":\"https:\/\/www.cmalleida.com\/es\/?s={search_term_string}\"},\"query-input\":{\"@type\":\"PropertyValueSpecification\",\"valueRequired\":true,\"valueName\":\"search_term_string\"}}],\"inLanguage\":\"es\"},{\"@type\":\"Organization\",\"@id\":\"https:\/\/www.cmalleida.com\/es\/#organization\",\"name\":\"Col\u00b7legi de Mediadors d'Assegurances de Lleida\",\"url\":\"https:\/\/www.cmalleida.com\/es\/\",\"logo\":{\"@type\":\"ImageObject\",\"inLanguage\":\"es\",\"@id\":\"https:\/\/www.cmalleida.com\/es\/#\/schema\/logo\/image\/\",\"url\":\"\",\"contentUrl\":\"\",\"caption\":\"Col\u00b7legi de Mediadors d'Assegurances de Lleida\"},\"image\":{\"@id\":\"https:\/\/www.cmalleida.com\/es\/#\/schema\/logo\/image\/\"}},{\"@type\":\"Person\",\"@id\":\"https:\/\/www.cmalleida.com\/es\/#\/schema\/person\/7461453022a0d6ce41c1e530eb4443b4\",\"name\":\"Antonieta Castells Dolcet\",\"image\":{\"@type\":\"ImageObject\",\"inLanguage\":\"es\",\"@id\":\"https:\/\/secure.gravatar.com\/avatar\/7738df9a8ff2d12e8b37d088ff0e3e36016e57ab29e5db27ba4fb758a81ea3cb?s=96&d=mm&r=g\",\"url\":\"https:\/\/secure.gravatar.com\/avatar\/7738df9a8ff2d12e8b37d088ff0e3e36016e57ab29e5db27ba4fb758a81ea3cb?s=96&d=mm&r=g\",\"contentUrl\":\"https:\/\/secure.gravatar.com\/avatar\/7738df9a8ff2d12e8b37d088ff0e3e36016e57ab29e5db27ba4fb758a81ea3cb?s=96&d=mm&r=g\",\"caption\":\"Antonieta Castells Dolcet\"},\"sameAs\":[\"http:\/\/www.cmalleida.com\"]}]}<\/script>\n<!-- \/ Yoast SEO plugin. -->","yoast_head_json":{"title":"\"ESTAR COLEGIADO APORTABA Y APORTA UNA SERIE DE SERVICIOS, VISI\u00d3N Y SUPORTE PROFESIONAL COMO FORMACI\u00d3N, INFORMACI\u00d3N Y ORIENTACI\u00d3N\" - Col\u00b7legi de Mediadors d&#039;Assegurances de Lleida","robots":{"index":"index","follow":"follow","max-snippet":"max-snippet:-1","max-image-preview":"max-image-preview:large","max-video-preview":"max-video-preview:-1"},"canonical":"https:\/\/www.cmalleida.com\/es\/estar-colegiado-aportaba-y-aporta-una-serie-de-servicios-vision-y-suporte-profesional-como-formacion-informacion-y-orientacion\/","og_locale":"es_ES","og_type":"article","og_title":"\"ESTAR COLEGIADO APORTABA Y APORTA UNA SERIE DE SERVICIOS, VISI\u00d3N Y SUPORTE PROFESIONAL COMO FORMACI\u00d3N, INFORMACI\u00d3N Y ORIENTACI\u00d3N\" - Col\u00b7legi de Mediadors d&#039;Assegurances de Lleida","og_description":"El nuevo n\u00famero de la Revista aseguradora del Consejo General entrevista a Javier Barber\u00e1, presidente del Colegio de Mediadores de Seguros de Lleida y del... Llegeix m\u00e9s","og_url":"https:\/\/www.cmalleida.com\/es\/estar-colegiado-aportaba-y-aporta-una-serie-de-servicios-vision-y-suporte-profesional-como-formacion-informacion-y-orientacion\/","og_site_name":"Col\u00b7legi de Mediadors d&#039;Assegurances de Lleida","article_published_time":"2021-10-07T08:14:54+00:00","og_image":[{"width":1600,"height":1600,"url":"https:\/\/www.cmalleida.com\/wp-content\/uploads\/14491e9a-7e56-444a-a1dd-00f9c56cc484.jpg","type":"image\/jpeg"}],"author":"Antonieta Castells Dolcet","twitter_card":"summary_large_image","twitter_misc":{"Written by":"Antonieta Castells Dolcet"},"schema":{"@context":"https:\/\/schema.org","@graph":[{"@type":"Article","@id":"https:\/\/www.cmalleida.com\/es\/estar-colegiado-aportaba-y-aporta-una-serie-de-servicios-vision-y-suporte-profesional-como-formacion-informacion-y-orientacion\/#article","isPartOf":{"@id":"https:\/\/www.cmalleida.com\/es\/estar-colegiado-aportaba-y-aporta-una-serie-de-servicios-vision-y-suporte-profesional-como-formacion-informacion-y-orientacion\/"},"author":{"name":"Antonieta Castells Dolcet","@id":"https:\/\/www.cmalleida.com\/es\/#\/schema\/person\/7461453022a0d6ce41c1e530eb4443b4"},"headline":"\u00abESTAR COLEGIADO APORTABA Y APORTA UNA SERIE DE SERVICIOS, VISI\u00d3N Y SUPORTE PROFESIONAL COMO FORMACI\u00d3N, INFORMACI\u00d3N Y ORIENTACI\u00d3N\u00bb","datePublished":"2021-10-07T08:14:54+00:00","mainEntityOfPage":{"@id":"https:\/\/www.cmalleida.com\/es\/estar-colegiado-aportaba-y-aporta-una-serie-de-servicios-vision-y-suporte-profesional-como-formacion-informacion-y-orientacion\/"},"wordCount":77,"publisher":{"@id":"https:\/\/www.cmalleida.com\/es\/#organization"},"image":{"@id":"https:\/\/www.cmalleida.com\/es\/estar-colegiado-aportaba-y-aporta-una-serie-de-servicios-vision-y-suporte-profesional-como-formacion-informacion-y-orientacion\/#primaryimage"},"thumbnailUrl":"https:\/\/www.cmalleida.com\/wp-content\/uploads\/14491e9a-7e56-444a-a1dd-00f9c56cc484.jpg","articleSection":["Actualidad","Recopilaciones de Prensa"],"inLanguage":"es"},{"@type":"WebPage","@id":"https:\/\/www.cmalleida.com\/es\/estar-colegiado-aportaba-y-aporta-una-serie-de-servicios-vision-y-suporte-profesional-como-formacion-informacion-y-orientacion\/","url":"https:\/\/www.cmalleida.com\/es\/estar-colegiado-aportaba-y-aporta-una-serie-de-servicios-vision-y-suporte-profesional-como-formacion-informacion-y-orientacion\/","name":"\"ESTAR COLEGIADO APORTABA Y APORTA UNA SERIE DE SERVICIOS, VISI\u00d3N Y SUPORTE PROFESIONAL COMO FORMACI\u00d3N, INFORMACI\u00d3N Y ORIENTACI\u00d3N\" - Col\u00b7legi de Mediadors d&#039;Assegurances de Lleida","isPartOf":{"@id":"https:\/\/www.cmalleida.com\/es\/#website"},"primaryImageOfPage":{"@id":"https:\/\/www.cmalleida.com\/es\/estar-colegiado-aportaba-y-aporta-una-serie-de-servicios-vision-y-suporte-profesional-como-formacion-informacion-y-orientacion\/#primaryimage"},"image":{"@id":"https:\/\/www.cmalleida.com\/es\/estar-colegiado-aportaba-y-aporta-una-serie-de-servicios-vision-y-suporte-profesional-como-formacion-informacion-y-orientacion\/#primaryimage"},"thumbnailUrl":"https:\/\/www.cmalleida.com\/wp-content\/uploads\/14491e9a-7e56-444a-a1dd-00f9c56cc484.jpg","datePublished":"2021-10-07T08:14:54+00:00","breadcrumb":{"@id":"https:\/\/www.cmalleida.com\/es\/estar-colegiado-aportaba-y-aporta-una-serie-de-servicios-vision-y-suporte-profesional-como-formacion-informacion-y-orientacion\/#breadcrumb"},"inLanguage":"es","potentialAction":[{"@type":"ReadAction","target":["https:\/\/www.cmalleida.com\/es\/estar-colegiado-aportaba-y-aporta-una-serie-de-servicios-vision-y-suporte-profesional-como-formacion-informacion-y-orientacion\/"]}]},{"@type":"ImageObject","inLanguage":"es","@id":"https:\/\/www.cmalleida.com\/es\/estar-colegiado-aportaba-y-aporta-una-serie-de-servicios-vision-y-suporte-profesional-como-formacion-informacion-y-orientacion\/#primaryimage","url":"https:\/\/www.cmalleida.com\/wp-content\/uploads\/14491e9a-7e56-444a-a1dd-00f9c56cc484.jpg","contentUrl":"https:\/\/www.cmalleida.com\/wp-content\/uploads\/14491e9a-7e56-444a-a1dd-00f9c56cc484.jpg","width":1600,"height":1600,"caption":"14491e9a-7e56-444a-a1dd-00f9c56cc484"},{"@type":"BreadcrumbList","@id":"https:\/\/www.cmalleida.com\/es\/estar-colegiado-aportaba-y-aporta-una-serie-de-servicios-vision-y-suporte-profesional-como-formacion-informacion-y-orientacion\/#breadcrumb","itemListElement":[{"@type":"ListItem","position":1,"name":"Inici","item":"https:\/\/www.cmalleida.com\/es\/"},{"@type":"ListItem","position":2,"name":"&#8220;ESTAR COLEGIADO APORTABA Y APORTA UNA SERIE DE SERVICIOS, VISI\u00d3N Y SUPORTE PROFESIONAL COMO FORMACI\u00d3N, INFORMACI\u00d3N Y ORIENTACI\u00d3N&#8221;"}]},{"@type":"WebSite","@id":"https:\/\/www.cmalleida.com\/es\/#website","url":"https:\/\/www.cmalleida.com\/es\/","name":"Col\u00b7legi de Mediadors d&#039;Assegurances de Lleida","description":"Otro sitio realizado con WordPress","publisher":{"@id":"https:\/\/www.cmalleida.com\/es\/#organization"},"potentialAction":[{"@type":"SearchAction","target":{"@type":"EntryPoint","urlTemplate":"https:\/\/www.cmalleida.com\/es\/?s={search_term_string}"},"query-input":{"@type":"PropertyValueSpecification","valueRequired":true,"valueName":"search_term_string"}}],"inLanguage":"es"},{"@type":"Organization","@id":"https:\/\/www.cmalleida.com\/es\/#organization","name":"Col\u00b7legi de Mediadors d'Assegurances de Lleida","url":"https:\/\/www.cmalleida.com\/es\/","logo":{"@type":"ImageObject","inLanguage":"es","@id":"https:\/\/www.cmalleida.com\/es\/#\/schema\/logo\/image\/","url":"","contentUrl":"","caption":"Col\u00b7legi de Mediadors d'Assegurances de Lleida"},"image":{"@id":"https:\/\/www.cmalleida.com\/es\/#\/schema\/logo\/image\/"}},{"@type":"Person","@id":"https:\/\/www.cmalleida.com\/es\/#\/schema\/person\/7461453022a0d6ce41c1e530eb4443b4","name":"Antonieta Castells Dolcet","image":{"@type":"ImageObject","inLanguage":"es","@id":"https:\/\/secure.gravatar.com\/avatar\/7738df9a8ff2d12e8b37d088ff0e3e36016e57ab29e5db27ba4fb758a81ea3cb?s=96&d=mm&r=g","url":"https:\/\/secure.gravatar.com\/avatar\/7738df9a8ff2d12e8b37d088ff0e3e36016e57ab29e5db27ba4fb758a81ea3cb?s=96&d=mm&r=g","contentUrl":"https:\/\/secure.gravatar.com\/avatar\/7738df9a8ff2d12e8b37d088ff0e3e36016e57ab29e5db27ba4fb758a81ea3cb?s=96&d=mm&r=g","caption":"Antonieta Castells Dolcet"},"sameAs":["http:\/\/www.cmalleida.com"]}]}},"_links":{"self":[{"href":"https:\/\/www.cmalleida.com\/es\/wp-json\/wp\/v2\/posts\/9637","targetHints":{"allow":["GET"]}}],"collection":[{"href":"https:\/\/www.cmalleida.com\/es\/wp-json\/wp\/v2\/posts"}],"about":[{"href":"https:\/\/www.cmalleida.com\/es\/wp-json\/wp\/v2\/types\/post"}],"author":[{"embeddable":true,"href":"https:\/\/www.cmalleida.com\/es\/wp-json\/wp\/v2\/users\/149"}],"replies":[{"embeddable":true,"href":"https:\/\/www.cmalleida.com\/es\/wp-json\/wp\/v2\/comments?post=9637"}],"version-history":[{"count":1,"href":"https:\/\/www.cmalleida.com\/es\/wp-json\/wp\/v2\/posts\/9637\/revisions"}],"predecessor-version":[{"id":9638,"href":"https:\/\/www.cmalleida.com\/es\/wp-json\/wp\/v2\/posts\/9637\/revisions\/9638"}],"wp:featuredmedia":[{"embeddable":true,"href":"https:\/\/www.cmalleida.com\/es\/wp-json\/wp\/v2\/media\/9633"}],"wp:attachment":[{"href":"https:\/\/www.cmalleida.com\/es\/wp-json\/wp\/v2\/media?parent=9637"}],"wp:term":[{"taxonomy":"category","embeddable":true,"href":"https:\/\/www.cmalleida.com\/es\/wp-json\/wp\/v2\/categories?post=9637"},{"taxonomy":"post_tag","embeddable":true,"href":"https:\/\/www.cmalleida.com\/es\/wp-json\/wp\/v2\/tags?post=9637"}],"curies":[{"name":"wp","href":"https:\/\/api.w.org\/{rel}","templated":true}]}}