{"id":9581,"date":"2021-09-24T09:08:29","date_gmt":"2021-09-24T07:08:29","guid":{"rendered":"https:\/\/www.cmalleida.com\/?p=9581"},"modified":"2021-09-24T10:08:44","modified_gmt":"2021-09-24T08:08:44","slug":"la-dgt-quiere-que-los-patinetes-tengan-seguro-obligatorio-para-circular-abc","status":"publish","type":"post","link":"https:\/\/www.cmalleida.com\/es\/la-dgt-quiere-que-los-patinetes-tengan-seguro-obligatorio-para-circular-abc\/","title":{"rendered":"La DGT quiere que los patinetes tengan seguro obligatorio para circular (ABC)"},"content":{"rendered":"<h3 class=\"subtitulo\">Se calcula que en los \u00faltimos tres a\u00f1os se han registrado unos 1.300 accidentes con v\u00edctimas con VMP implicados y al menos 16 fallecidos<\/h3>\n<p><span class=\"cuerpo-texto \"><span class=\"data\"><span class=\"datos-articulo\"><span class=\"datos\"><span class=\"fecha\">Actualizado:<time class=\"actualizado\" datetime=\"2021-09-22T16:51:53Z\">22\/09\/2021 18:51h<\/time><\/span><\/span><\/span><\/span><\/span><\/p>\n<p>Los veh\u00edculos de movilidad personal, como los patinetes y patinetes el\u00e9ctricos, podr\u00edan en breve necesitar de un seguro obligatorio para poder circular. As\u00ed lo ha adelantado\u00a0<strong>Pere Navarro<\/strong><a href=\"https:\/\/www.dgt.es\/\" target=\"_blank\" rel=\"noopener noreferrer\" data-voc-vtm-id=\"in-text-traffic\">\u00a0(DGT)<\/a>, quien ha afirmado que \u00abFrancia ya lo ha puesto, y otras administraciones en Espa\u00f1a lo est\u00e1n demandando\u00bb.<\/p>\n<p>El director general de Tr\u00e1fico, Pere Navarro, ha destacado en el transcurso de un debate, promovido por L\u00ednea Directa Aseguradora, que \u00abEspa\u00f1a estudia seguir el modelo franc\u00e9s y fijar la obligatoriedad del seguro para estos veh\u00edculos\u00bb.<\/p>\n<div id=\"_wmass_20160000002384186\">\n<div id=\"jw-8418684186\" class=\"jwplayer jw-reset jw-state-complete jw-stretch-uniform jw-flag-aspect-mode jw-flag-controls-hidden jw-flag-outstream jw-breakpoint-3\" tabindex=\"0\" role=\"application\" aria-label=\"Reproductor de Video\">\n<div class=\"jw-wrapper jw-reset\">\n<div class=\"wm-publi\">En la actualidad, <strong>existe una gran dispersi\u00f3n normativa sobre los VMP<\/strong>\u00a0en las distintas ordenanzas municipales.\u00a0<a href=\"https:\/\/www.abc.es\/motor\/reportajes\/abci-deberias-tener-seguro-si-desplazas-patinete-electrico-201912060124_noticia.html\" data-voc-vtm-id=\"in-text-traffic\">Pocos municipios recogen de manera expresa el uso de los VMP en sus ordenanzas<\/a>\u00a0de circulaci\u00f3n, por lo que existe cierto vac\u00edo legal en torno a su uso, lo que provoca inseguridad jur\u00eddica, incertidumbre y desconocimiento de las normas de circulaci\u00f3n.<\/div>\n<\/div>\n<\/div>\n<\/div>\n<p>Para, Pere Navarro\u00a0<strong>el seguro obligatorio para este tipo de veh\u00edculos es ya casi un hecho<\/strong>. \u00abLos Ayuntamientos lo piden y la Fiscal\u00eda tambi\u00e9n; en Espa\u00f1a ya est\u00e1 en agenda el seguro obligatorio para los VMP. Francia ya lo ha puesto y nos gusta ese modelo\u00bb. Adem\u00e1s, Pere Navarro ha adelantado que la DGT prepara una campa\u00f1a \u00abpotente\u00bb para concienciar a los usuarios de este tipo de veh\u00edculos sobre la prohibici\u00f3n de circular con patinetes por las aceras. \u00abUna de nuestras principales preocupaciones es los patinetes por las aceras\u00bb, ha insistido.<\/p>\n<aside class=\"roba-intercalado sin-fondo layer_inpage\">\n<div id=\"google_ads_iframe_\/4900\/vocento.abc\/motor_0__container__\">Las cifras derivadas del uso de los VMP <strong>comienzan a ser importantes<\/strong>, ya que en los \u00faltimos tres a\u00f1os se han vendido m\u00e1s de 800.000 patinetes el\u00e9ctricos en toda Espa\u00f1a. De hecho, ciudades como Madrid, Zaragoza, Tarragona, M\u00e1laga, Sevilla, Gij\u00f3n o Alcal\u00e1 de Henares licitan alrededor de 10.000 licencias para uso compartido de este tipo de veh\u00edculos.<\/div>\n<\/aside>\n<p>En el debate, promovido por L\u00ednea Directa Aseguradora, tambi\u00e9n han participado el coordinador de Movilidad del Ayuntamiento de Madrid,\u00a0<strong>Federico Jim\u00e9nez de Parga<\/strong>, y el director general de Transporte Terrestre del Ministerio de Transportes, Movilidad y Agenda Urbana,\u00a0<strong>Jaime Moreno.<\/strong><\/p>\n<p>Moreno ha declarado que la pandemia de la Covid-19 \u00abha supuesto un importante cambio en la mentalidad de los usuarios,\u00a0<a href=\"https:\/\/www.abc.es\/motor\/reportajes\/abci-guia-practica-para-circular-patinete-electrico-sin-provocar-accidentes-y-evitar-multas-201811300327_noticia.html#vca=mod-sugeridos-p3&amp;vmc=relacionados&amp;vso=guia-practica-para-circular-en-patinete-electrico-sin-provocar-accidentes-y-evitar-multas&amp;vli=noticia.video.motor\" data-voc-vtm-id=\"in-text-traffic\">ya que el crecimiento del uso de la bicicleta es imparable<\/a>, al igual que el de los VMP\u00ab. Adem\u00e1s ha insistido en que<strong>\u00a0hay un horizonte que el Ejecutivo ha se\u00f1alado desde el inicio de la legislatura<\/strong>\u00a0y es el a\u00f1o 2030, cuando la movilidad multimodal ser\u00e1 de verdad una realidad. \u00abLa pandemia ha supuesto un importante cambio en la mentalidad de los usuarios, ya que el crecimiento del uso de la bicicleta es imparable, al igual que el de los VMP\u00bb.<\/p>\n<p>La problem\u00e1tica adicional que supone<strong>\u00a0la proliferaci\u00f3n de empresas de sharing de VMP<\/strong>\u00a0ha sido otro de los temas a tratar durante la mesa. Entre las medidas adoptadas para la gesti\u00f3n de estas flotas de veh\u00edculos, Federico Jim\u00e9nez de Parga ha asegurado que en Madrid \u00aben la actualidad, hay 14 empresas, con 4.800 patinetes, pero queremos limitarlo como han hecho en Par\u00eds, que solo tiene 3 operadores, con un m\u00e1ximo de 15.000 patinetes (5.000 cada uno)\u00bb. El Coordinador de Movilidad del Ayuntamiento de Madrid ha afirmado que la medida entrar\u00e1 en vigor en el plazo de un a\u00f1o.<\/p>\n<p>La proliferaci\u00f3n del uso de los VMP y la ausencia de una normativa clara\u00a0<a href=\"https:\/\/www.abc.es\/motor\/reportajes\/abci-cara-oscura-boom-patinete-electrico-201901260348_noticia.html#vca=mod-sugeridos-p1&amp;vmc=relacionados&amp;vso=la-cara-oscura-del-boom-del-patinete-electrico&amp;vli=noticia.foto.motor\" data-voc-vtm-id=\"in-text-traffic\">ha aumentado la siniestralidad de forma progresiva<\/a>\u00a0en estos \u00faltimos a\u00f1os. Al tratarse de veh\u00edculos no matriculados y en los que no es obligatorio su aseguramiento,<strong>\u00a0no existen datos oficiales de siniestralidad<\/strong>, pero desde L\u00ednea Directa calculan que en los \u00faltimos tres a\u00f1os se han registrado unos 1.300 accidentes con v\u00edctimas con VMP implicados y al menos 16 fallecidos. Para este tipo de casos L\u00ednea Directa Aseguradora acaba de lanzar \u00ab\u00a0<a href=\"https:\/\/www.vivaz.com\/sala-prensa\/notas-prensa\/linea-directa-aseguradora-lanza-vivaz-safe-and-go.html\" data-voc-vtm-id=\"in-text-traffic\">Vivaz Safe &amp; Go<\/a>\u00bb, el primer seguro 100% digital dirigido a usuarios de VMP: patinetes, bicicletas, skates, patines, segways y monociclos, entre otros.<\/p>\n<p>El nuevo producto, que se comercializa a trav\u00e9s de Vivaz,\u00a0<strong>bajo el concepto de \u00abseguros on\/off\u00bb<\/strong>\u00a0o pago por uso: por segundos, minutos o durante todo un a\u00f1o. Para ello, el usuario puede activar y desactivar su seguro a trav\u00e9s de la App de Safe &amp; Go, pagando solo por el tiempo real que utiliza su VMP en cada trayecto. Adem\u00e1s, tambi\u00e9n podr\u00e1 consultar sus recorridos y hacer las gestiones de su p\u00f3liza de forma digital y sin llamadas, las 24 horas del d\u00eda, incluyendo la contrataci\u00f3n, el alta de un parte de accidente o la consulta de sus pagos, entre otras opciones.<\/p>\n<p>&nbsp;<\/p>\n","protected":false},"excerpt":{"rendered":"<p>Se calcula que en los \u00faltimos tres a\u00f1os se han registrado unos 1.300 accidentes con v\u00edctimas con VMP implicados y al menos 16 fallecidos Actualizado:22\/09\/2021&#8230; <a href=\"https:\/\/www.cmalleida.com\/es\/la-dgt-quiere-que-los-patinetes-tengan-seguro-obligatorio-para-circular-abc\/\" rel=\"nofollow\" class=\"lollegirmes\">Llegeix m\u00e9s<\/a><\/p>\n","protected":false},"author":149,"featured_media":8659,"comment_status":"closed","ping_status":"closed","sticky":false,"template":"","format":"standard","meta":{"_acf_changed":false,"_genesis_hide_title":false,"_genesis_hide_breadcrumbs":false,"_genesis_hide_singular_image":false,"_genesis_hide_footer_widgets":false,"_genesis_custom_body_class":"","_genesis_custom_post_class":"","_genesis_layout":"","footnotes":""},"categories":[28,125,62],"tags":[],"class_list":{"0":"post-9581","1":"post","2":"type-post","3":"status-publish","4":"format-standard","5":"has-post-thumbnail","7":"category-actualidad","8":"category-assegurances-es","9":"category-sinistres-es","10":"entry"},"acf":[],"yoast_head":"<!-- This site is optimized with the Yoast SEO plugin v27.2 - https:\/\/yoast.com\/product\/yoast-seo-wordpress\/ -->\n<title>La DGT quiere que los patinetes tengan seguro obligatorio para circular (ABC) - Col\u00b7legi de Mediadors d&#039;Assegurances de Lleida<\/title>\n<meta name=\"robots\" content=\"index, follow, max-snippet:-1, max-image-preview:large, max-video-preview:-1\" \/>\n<link rel=\"canonical\" href=\"https:\/\/www.cmalleida.com\/es\/la-dgt-quiere-que-los-patinetes-tengan-seguro-obligatorio-para-circular-abc\/\" \/>\n<meta property=\"og:locale\" content=\"es_ES\" \/>\n<meta property=\"og:type\" content=\"article\" \/>\n<meta property=\"og:title\" content=\"La DGT quiere que los patinetes tengan seguro obligatorio para circular (ABC) - Col\u00b7legi de Mediadors d&#039;Assegurances de Lleida\" \/>\n<meta property=\"og:description\" content=\"Se calcula que en los \u00faltimos tres a\u00f1os se han registrado unos 1.300 accidentes con v\u00edctimas con VMP implicados y al menos 16 fallecidos Actualizado:22\/09\/2021... Llegeix m\u00e9s\" \/>\n<meta property=\"og:url\" content=\"https:\/\/www.cmalleida.com\/es\/la-dgt-quiere-que-los-patinetes-tengan-seguro-obligatorio-para-circular-abc\/\" \/>\n<meta property=\"og:site_name\" content=\"Col\u00b7legi de Mediadors d&#039;Assegurances de Lleida\" \/>\n<meta property=\"article:published_time\" content=\"2021-09-24T07:08:29+00:00\" \/>\n<meta property=\"article:modified_time\" content=\"2021-09-24T08:08:44+00:00\" \/>\n<meta property=\"og:image\" content=\"https:\/\/www.cmalleida.com\/wp-content\/uploads\/captura-43.png\" \/>\n\t<meta property=\"og:image:width\" content=\"378\" \/>\n\t<meta property=\"og:image:height\" content=\"373\" \/>\n\t<meta property=\"og:image:type\" content=\"image\/png\" \/>\n<meta name=\"author\" content=\"Antonieta Castells Dolcet\" \/>\n<meta name=\"twitter:card\" content=\"summary_large_image\" \/>\n<meta name=\"twitter:label1\" content=\"Written by\" \/>\n\t<meta name=\"twitter:data1\" content=\"Antonieta Castells Dolcet\" \/>\n\t<meta name=\"twitter:label2\" content=\"Est. reading time\" \/>\n\t<meta name=\"twitter:data2\" content=\"4 minutos\" \/>\n<script type=\"application\/ld+json\" class=\"yoast-schema-graph\">{\"@context\":\"https:\/\/schema.org\",\"@graph\":[{\"@type\":\"Article\",\"@id\":\"https:\/\/www.cmalleida.com\/es\/la-dgt-quiere-que-los-patinetes-tengan-seguro-obligatorio-para-circular-abc\/#article\",\"isPartOf\":{\"@id\":\"https:\/\/www.cmalleida.com\/es\/la-dgt-quiere-que-los-patinetes-tengan-seguro-obligatorio-para-circular-abc\/\"},\"author\":{\"name\":\"Antonieta Castells Dolcet\",\"@id\":\"https:\/\/www.cmalleida.com\/es\/#\/schema\/person\/7461453022a0d6ce41c1e530eb4443b4\"},\"headline\":\"La DGT quiere que los patinetes tengan seguro obligatorio para circular (ABC)\",\"datePublished\":\"2021-09-24T07:08:29+00:00\",\"dateModified\":\"2021-09-24T08:08:44+00:00\",\"mainEntityOfPage\":{\"@id\":\"https:\/\/www.cmalleida.com\/es\/la-dgt-quiere-que-los-patinetes-tengan-seguro-obligatorio-para-circular-abc\/\"},\"wordCount\":824,\"publisher\":{\"@id\":\"https:\/\/www.cmalleida.com\/es\/#organization\"},\"image\":{\"@id\":\"https:\/\/www.cmalleida.com\/es\/la-dgt-quiere-que-los-patinetes-tengan-seguro-obligatorio-para-circular-abc\/#primaryimage\"},\"thumbnailUrl\":\"https:\/\/www.cmalleida.com\/wp-content\/uploads\/captura-43.png\",\"articleSection\":[\"Actualidad\",\"Assegurances\",\"Sinistres\"],\"inLanguage\":\"es\"},{\"@type\":\"WebPage\",\"@id\":\"https:\/\/www.cmalleida.com\/es\/la-dgt-quiere-que-los-patinetes-tengan-seguro-obligatorio-para-circular-abc\/\",\"url\":\"https:\/\/www.cmalleida.com\/es\/la-dgt-quiere-que-los-patinetes-tengan-seguro-obligatorio-para-circular-abc\/\",\"name\":\"La DGT quiere que los patinetes tengan seguro obligatorio para circular (ABC) - Col\u00b7legi de Mediadors d&#039;Assegurances de Lleida\",\"isPartOf\":{\"@id\":\"https:\/\/www.cmalleida.com\/es\/#website\"},\"primaryImageOfPage\":{\"@id\":\"https:\/\/www.cmalleida.com\/es\/la-dgt-quiere-que-los-patinetes-tengan-seguro-obligatorio-para-circular-abc\/#primaryimage\"},\"image\":{\"@id\":\"https:\/\/www.cmalleida.com\/es\/la-dgt-quiere-que-los-patinetes-tengan-seguro-obligatorio-para-circular-abc\/#primaryimage\"},\"thumbnailUrl\":\"https:\/\/www.cmalleida.com\/wp-content\/uploads\/captura-43.png\",\"datePublished\":\"2021-09-24T07:08:29+00:00\",\"dateModified\":\"2021-09-24T08:08:44+00:00\",\"breadcrumb\":{\"@id\":\"https:\/\/www.cmalleida.com\/es\/la-dgt-quiere-que-los-patinetes-tengan-seguro-obligatorio-para-circular-abc\/#breadcrumb\"},\"inLanguage\":\"es\",\"potentialAction\":[{\"@type\":\"ReadAction\",\"target\":[\"https:\/\/www.cmalleida.com\/es\/la-dgt-quiere-que-los-patinetes-tengan-seguro-obligatorio-para-circular-abc\/\"]}]},{\"@type\":\"ImageObject\",\"inLanguage\":\"es\",\"@id\":\"https:\/\/www.cmalleida.com\/es\/la-dgt-quiere-que-los-patinetes-tengan-seguro-obligatorio-para-circular-abc\/#primaryimage\",\"url\":\"https:\/\/www.cmalleida.com\/wp-content\/uploads\/captura-43.png\",\"contentUrl\":\"https:\/\/www.cmalleida.com\/wp-content\/uploads\/captura-43.png\",\"width\":378,\"height\":373,\"caption\":\"patinet\"},{\"@type\":\"BreadcrumbList\",\"@id\":\"https:\/\/www.cmalleida.com\/es\/la-dgt-quiere-que-los-patinetes-tengan-seguro-obligatorio-para-circular-abc\/#breadcrumb\",\"itemListElement\":[{\"@type\":\"ListItem\",\"position\":1,\"name\":\"Inici\",\"item\":\"https:\/\/www.cmalleida.com\/es\/\"},{\"@type\":\"ListItem\",\"position\":2,\"name\":\"La DGT quiere que los patinetes tengan seguro obligatorio para circular (ABC)\"}]},{\"@type\":\"WebSite\",\"@id\":\"https:\/\/www.cmalleida.com\/es\/#website\",\"url\":\"https:\/\/www.cmalleida.com\/es\/\",\"name\":\"Col\u00b7legi de Mediadors d&#039;Assegurances de Lleida\",\"description\":\"Otro sitio realizado con WordPress\",\"publisher\":{\"@id\":\"https:\/\/www.cmalleida.com\/es\/#organization\"},\"potentialAction\":[{\"@type\":\"SearchAction\",\"target\":{\"@type\":\"EntryPoint\",\"urlTemplate\":\"https:\/\/www.cmalleida.com\/es\/?s={search_term_string}\"},\"query-input\":{\"@type\":\"PropertyValueSpecification\",\"valueRequired\":true,\"valueName\":\"search_term_string\"}}],\"inLanguage\":\"es\"},{\"@type\":\"Organization\",\"@id\":\"https:\/\/www.cmalleida.com\/es\/#organization\",\"name\":\"Col\u00b7legi de Mediadors d'Assegurances de Lleida\",\"url\":\"https:\/\/www.cmalleida.com\/es\/\",\"logo\":{\"@type\":\"ImageObject\",\"inLanguage\":\"es\",\"@id\":\"https:\/\/www.cmalleida.com\/es\/#\/schema\/logo\/image\/\",\"url\":\"\",\"contentUrl\":\"\",\"caption\":\"Col\u00b7legi de Mediadors d'Assegurances de Lleida\"},\"image\":{\"@id\":\"https:\/\/www.cmalleida.com\/es\/#\/schema\/logo\/image\/\"}},{\"@type\":\"Person\",\"@id\":\"https:\/\/www.cmalleida.com\/es\/#\/schema\/person\/7461453022a0d6ce41c1e530eb4443b4\",\"name\":\"Antonieta Castells Dolcet\",\"image\":{\"@type\":\"ImageObject\",\"inLanguage\":\"es\",\"@id\":\"https:\/\/secure.gravatar.com\/avatar\/7738df9a8ff2d12e8b37d088ff0e3e36016e57ab29e5db27ba4fb758a81ea3cb?s=96&d=mm&r=g\",\"url\":\"https:\/\/secure.gravatar.com\/avatar\/7738df9a8ff2d12e8b37d088ff0e3e36016e57ab29e5db27ba4fb758a81ea3cb?s=96&d=mm&r=g\",\"contentUrl\":\"https:\/\/secure.gravatar.com\/avatar\/7738df9a8ff2d12e8b37d088ff0e3e36016e57ab29e5db27ba4fb758a81ea3cb?s=96&d=mm&r=g\",\"caption\":\"Antonieta Castells Dolcet\"},\"sameAs\":[\"http:\/\/www.cmalleida.com\"]}]}<\/script>\n<!-- \/ Yoast SEO plugin. -->","yoast_head_json":{"title":"La DGT quiere que los patinetes tengan seguro obligatorio para circular (ABC) - Col\u00b7legi de Mediadors d&#039;Assegurances de Lleida","robots":{"index":"index","follow":"follow","max-snippet":"max-snippet:-1","max-image-preview":"max-image-preview:large","max-video-preview":"max-video-preview:-1"},"canonical":"https:\/\/www.cmalleida.com\/es\/la-dgt-quiere-que-los-patinetes-tengan-seguro-obligatorio-para-circular-abc\/","og_locale":"es_ES","og_type":"article","og_title":"La DGT quiere que los patinetes tengan seguro obligatorio para circular (ABC) - Col\u00b7legi de Mediadors d&#039;Assegurances de Lleida","og_description":"Se calcula que en los \u00faltimos tres a\u00f1os se han registrado unos 1.300 accidentes con v\u00edctimas con VMP implicados y al menos 16 fallecidos Actualizado:22\/09\/2021... Llegeix m\u00e9s","og_url":"https:\/\/www.cmalleida.com\/es\/la-dgt-quiere-que-los-patinetes-tengan-seguro-obligatorio-para-circular-abc\/","og_site_name":"Col\u00b7legi de Mediadors d&#039;Assegurances de Lleida","article_published_time":"2021-09-24T07:08:29+00:00","article_modified_time":"2021-09-24T08:08:44+00:00","og_image":[{"width":378,"height":373,"url":"https:\/\/www.cmalleida.com\/wp-content\/uploads\/captura-43.png","type":"image\/png"}],"author":"Antonieta Castells Dolcet","twitter_card":"summary_large_image","twitter_misc":{"Written by":"Antonieta Castells Dolcet","Est. reading time":"4 minutos"},"schema":{"@context":"https:\/\/schema.org","@graph":[{"@type":"Article","@id":"https:\/\/www.cmalleida.com\/es\/la-dgt-quiere-que-los-patinetes-tengan-seguro-obligatorio-para-circular-abc\/#article","isPartOf":{"@id":"https:\/\/www.cmalleida.com\/es\/la-dgt-quiere-que-los-patinetes-tengan-seguro-obligatorio-para-circular-abc\/"},"author":{"name":"Antonieta Castells Dolcet","@id":"https:\/\/www.cmalleida.com\/es\/#\/schema\/person\/7461453022a0d6ce41c1e530eb4443b4"},"headline":"La DGT quiere que los patinetes tengan seguro obligatorio para circular (ABC)","datePublished":"2021-09-24T07:08:29+00:00","dateModified":"2021-09-24T08:08:44+00:00","mainEntityOfPage":{"@id":"https:\/\/www.cmalleida.com\/es\/la-dgt-quiere-que-los-patinetes-tengan-seguro-obligatorio-para-circular-abc\/"},"wordCount":824,"publisher":{"@id":"https:\/\/www.cmalleida.com\/es\/#organization"},"image":{"@id":"https:\/\/www.cmalleida.com\/es\/la-dgt-quiere-que-los-patinetes-tengan-seguro-obligatorio-para-circular-abc\/#primaryimage"},"thumbnailUrl":"https:\/\/www.cmalleida.com\/wp-content\/uploads\/captura-43.png","articleSection":["Actualidad","Assegurances","Sinistres"],"inLanguage":"es"},{"@type":"WebPage","@id":"https:\/\/www.cmalleida.com\/es\/la-dgt-quiere-que-los-patinetes-tengan-seguro-obligatorio-para-circular-abc\/","url":"https:\/\/www.cmalleida.com\/es\/la-dgt-quiere-que-los-patinetes-tengan-seguro-obligatorio-para-circular-abc\/","name":"La DGT quiere que los patinetes tengan seguro obligatorio para circular (ABC) - Col\u00b7legi de Mediadors d&#039;Assegurances de Lleida","isPartOf":{"@id":"https:\/\/www.cmalleida.com\/es\/#website"},"primaryImageOfPage":{"@id":"https:\/\/www.cmalleida.com\/es\/la-dgt-quiere-que-los-patinetes-tengan-seguro-obligatorio-para-circular-abc\/#primaryimage"},"image":{"@id":"https:\/\/www.cmalleida.com\/es\/la-dgt-quiere-que-los-patinetes-tengan-seguro-obligatorio-para-circular-abc\/#primaryimage"},"thumbnailUrl":"https:\/\/www.cmalleida.com\/wp-content\/uploads\/captura-43.png","datePublished":"2021-09-24T07:08:29+00:00","dateModified":"2021-09-24T08:08:44+00:00","breadcrumb":{"@id":"https:\/\/www.cmalleida.com\/es\/la-dgt-quiere-que-los-patinetes-tengan-seguro-obligatorio-para-circular-abc\/#breadcrumb"},"inLanguage":"es","potentialAction":[{"@type":"ReadAction","target":["https:\/\/www.cmalleida.com\/es\/la-dgt-quiere-que-los-patinetes-tengan-seguro-obligatorio-para-circular-abc\/"]}]},{"@type":"ImageObject","inLanguage":"es","@id":"https:\/\/www.cmalleida.com\/es\/la-dgt-quiere-que-los-patinetes-tengan-seguro-obligatorio-para-circular-abc\/#primaryimage","url":"https:\/\/www.cmalleida.com\/wp-content\/uploads\/captura-43.png","contentUrl":"https:\/\/www.cmalleida.com\/wp-content\/uploads\/captura-43.png","width":378,"height":373,"caption":"patinet"},{"@type":"BreadcrumbList","@id":"https:\/\/www.cmalleida.com\/es\/la-dgt-quiere-que-los-patinetes-tengan-seguro-obligatorio-para-circular-abc\/#breadcrumb","itemListElement":[{"@type":"ListItem","position":1,"name":"Inici","item":"https:\/\/www.cmalleida.com\/es\/"},{"@type":"ListItem","position":2,"name":"La DGT quiere que los patinetes tengan seguro obligatorio para circular (ABC)"}]},{"@type":"WebSite","@id":"https:\/\/www.cmalleida.com\/es\/#website","url":"https:\/\/www.cmalleida.com\/es\/","name":"Col\u00b7legi de Mediadors d&#039;Assegurances de Lleida","description":"Otro sitio realizado con WordPress","publisher":{"@id":"https:\/\/www.cmalleida.com\/es\/#organization"},"potentialAction":[{"@type":"SearchAction","target":{"@type":"EntryPoint","urlTemplate":"https:\/\/www.cmalleida.com\/es\/?s={search_term_string}"},"query-input":{"@type":"PropertyValueSpecification","valueRequired":true,"valueName":"search_term_string"}}],"inLanguage":"es"},{"@type":"Organization","@id":"https:\/\/www.cmalleida.com\/es\/#organization","name":"Col\u00b7legi de Mediadors d'Assegurances de Lleida","url":"https:\/\/www.cmalleida.com\/es\/","logo":{"@type":"ImageObject","inLanguage":"es","@id":"https:\/\/www.cmalleida.com\/es\/#\/schema\/logo\/image\/","url":"","contentUrl":"","caption":"Col\u00b7legi de Mediadors d'Assegurances de Lleida"},"image":{"@id":"https:\/\/www.cmalleida.com\/es\/#\/schema\/logo\/image\/"}},{"@type":"Person","@id":"https:\/\/www.cmalleida.com\/es\/#\/schema\/person\/7461453022a0d6ce41c1e530eb4443b4","name":"Antonieta Castells Dolcet","image":{"@type":"ImageObject","inLanguage":"es","@id":"https:\/\/secure.gravatar.com\/avatar\/7738df9a8ff2d12e8b37d088ff0e3e36016e57ab29e5db27ba4fb758a81ea3cb?s=96&d=mm&r=g","url":"https:\/\/secure.gravatar.com\/avatar\/7738df9a8ff2d12e8b37d088ff0e3e36016e57ab29e5db27ba4fb758a81ea3cb?s=96&d=mm&r=g","contentUrl":"https:\/\/secure.gravatar.com\/avatar\/7738df9a8ff2d12e8b37d088ff0e3e36016e57ab29e5db27ba4fb758a81ea3cb?s=96&d=mm&r=g","caption":"Antonieta Castells Dolcet"},"sameAs":["http:\/\/www.cmalleida.com"]}]}},"_links":{"self":[{"href":"https:\/\/www.cmalleida.com\/es\/wp-json\/wp\/v2\/posts\/9581","targetHints":{"allow":["GET"]}}],"collection":[{"href":"https:\/\/www.cmalleida.com\/es\/wp-json\/wp\/v2\/posts"}],"about":[{"href":"https:\/\/www.cmalleida.com\/es\/wp-json\/wp\/v2\/types\/post"}],"author":[{"embeddable":true,"href":"https:\/\/www.cmalleida.com\/es\/wp-json\/wp\/v2\/users\/149"}],"replies":[{"embeddable":true,"href":"https:\/\/www.cmalleida.com\/es\/wp-json\/wp\/v2\/comments?post=9581"}],"version-history":[{"count":1,"href":"https:\/\/www.cmalleida.com\/es\/wp-json\/wp\/v2\/posts\/9581\/revisions"}],"predecessor-version":[{"id":9582,"href":"https:\/\/www.cmalleida.com\/es\/wp-json\/wp\/v2\/posts\/9581\/revisions\/9582"}],"wp:featuredmedia":[{"embeddable":true,"href":"https:\/\/www.cmalleida.com\/es\/wp-json\/wp\/v2\/media\/8659"}],"wp:attachment":[{"href":"https:\/\/www.cmalleida.com\/es\/wp-json\/wp\/v2\/media?parent=9581"}],"wp:term":[{"taxonomy":"category","embeddable":true,"href":"https:\/\/www.cmalleida.com\/es\/wp-json\/wp\/v2\/categories?post=9581"},{"taxonomy":"post_tag","embeddable":true,"href":"https:\/\/www.cmalleida.com\/es\/wp-json\/wp\/v2\/tags?post=9581"}],"curies":[{"name":"wp","href":"https:\/\/api.w.org\/{rel}","templated":true}]}}