{"id":9474,"date":"2021-09-03T09:48:05","date_gmt":"2021-09-03T07:48:05","guid":{"rendered":"https:\/\/www.cmalleida.com\/?p=9474"},"modified":"2021-09-03T09:48:05","modified_gmt":"2021-09-03T07:48:05","slug":"como-actuar-ante-las-lluvias-torrenciales-e-inundaciones-la-vanguardia","status":"publish","type":"post","link":"https:\/\/www.cmalleida.com\/es\/como-actuar-ante-las-lluvias-torrenciales-e-inundaciones-la-vanguardia\/","title":{"rendered":"\u00bfC\u00f3mo actuar ante las lluvias torrenciales e inundaciones? (La Vanguardia)"},"content":{"rendered":"<header class=\"article-top-header col-12\">\n<div class=\"article-top\">\n<div class=\"article-top-titles\">\n<div class=\"title-container\">\n<h4 class=\"title\"><span style=\"font-size: 16px;\">El sur de Tarragona, el norte de Castell\u00f3n, zonas de Arag\u00f3n, Navarra y Toledo, entre las m\u00e1s afectada por la primera DANA del mes de septiembre<\/span><\/h4>\n<\/div>\n<\/div>\n<div class=\"article-media-main\">\n<figure class=\"composite-image image-container \" data-gtm-element-container=\"button-gallery\"><a href=\"https:\/\/www.lavanguardia.com\/autores\/enric-freire.html\" data-gtm-element=\"container-child-link\">ENRIC FREIRE\u00a0\u00a0\u00a0<\/a><time class=\"created\" datetime=\"2021-09-01T21:05:55+02:00\">01\/09\/2021 21:05 <\/time><time class=\"modified\" datetime=\"2021-09-01T21:33:30+02:00\">Actualizado a 01\/09\/2021 21:33<\/time><\/figure>\n<\/div>\n<\/div>\n<\/header>\n<div class=\"article-content col-12 col-md-8\">\n<div class=\"article-info\">\n<div class=\"social-buttons social-share\" data-gtm-element=\"leaf-social-share-top\">\n<div class=\"social-right\">La llegada del septiembre es, hist\u00f3ricamente, un momento propicio para la llegada del fen\u00f3meno meteorol\u00f3gico conocido como DANA, antes m\u00e1s conocida como gota fr\u00eda. Este a\u00f1o, las lluvias torrenciales y las inundaciones que caracterizan a una depresi\u00f3n atmosf\u00e9rica aislada en niveles altos, que de ah\u00ed procede su denominaci\u00f3n, no se han hecho esperar y han sacudido el sur de Tarragona y el norte de Castell\u00f3n, de manera preferente.<\/div>\n<\/div>\n<\/div>\n<div class=\"article-modules\">\n<p><span class=\"content-related content-border content-related-default \" data-gtm-element-container=\"modulo-noticias-relacionadas\"><span class=\"module-details\"><span class=\"module-author \">REDACCI\u00d3N<\/span><\/span><\/span><ins id=\"ad-a2w74mjj1ki\" class=\"ad-displayed\" data-ad-type=\"irr\" data-ad-device=\"md\" data-ad-keys=\"{}\" data-ad-lazy=\"false\" data-name=\"irr\" data-google-query-id=\"CL-fp7ia4PICFdKDhQodEdQBMg\"><\/ins><\/p>\n<p class=\"paragraph\" data-gtm-element-container=\"modulo-texto-link\">La primera DANA de la temporada ha causado tambi\u00e9n da\u00f1os importantes en zonas de Alicante, Arag\u00f3n, Navarra y Toledo. Por m\u00e1s que se trata de un fen\u00f3meno habitual en la zona mediterr\u00e1nea y que se repite a\u00f1o tras a\u00f1o, lo cierto es que la historia se repite a\u00f1o tras a\u00f1o dejando un reguero de da\u00f1os materiales muy importantes que afectan a infraestructuras, viviendas, negocios, industrias, explotaciones agr\u00edcolas y veh\u00edculos. En el momento de elaborar este contenido, no se tienen noticias de da\u00f1os personales de importancia.<\/p>\n<h4 class=\"subtitle\">Previsi\u00f3n, precauci\u00f3n y reclamaci\u00f3n<\/h4>\n<h5 class=\"subtitle\">\u00bfQu\u00e9 se puede hacer ante una DANA?<\/h5>\n<p class=\"paragraph\" data-gtm-element-container=\"modulo-texto-link\">Normalmente, este fen\u00f3meno suele repetirse, a\u00f1o tras a\u00f1o, en los mismos territorios. Con ligeros matices en cuanto a la intensidad, pero con una notable testarudez por lo que se refiere a la localizaci\u00f3n. El litoral mediterr\u00e1neo es, con diferencia, la zona m\u00e1s castigada por este tipo de fen\u00f3menos estacionales. \u00bfSe puede hacer algo para minimizar los da\u00f1os?<\/p>\n<p class=\"paragraph\" data-gtm-element-container=\"modulo-texto-link\">En este sentido, cabr\u00eda destacar tres fases. La primera se centra en lo que podemos hacer antes de que tengamos la DANA descargando su furia sobre nuestras cabezas. Limpiar el cauce de los r\u00edos, torrentes y rieras es una primera medida para evitar que la fuerza del agua sea muy destructiva. A escala dom\u00e9stica, debemos vigilar que las zonas de recogida de aguas de lluvia y los desag\u00fces de las zonas subterr\u00e1neas no est\u00e9n obstruidos o a punto de estarlo.<\/p>\n<p class=\"paragraph\" data-gtm-element-container=\"modulo-texto-link\">En cuanto a los veh\u00edculos, no aparcar cerca de antiguos torrentes o rieras por las que, aunque normalmente no circula agua, hay que saber que en caso de lluvias torrenciales la avenida recupera su antigua funci\u00f3n como zona de desag\u00fce.<\/p>\n<p class=\"paragraph\" data-gtm-element-container=\"modulo-texto-link\">Del mismo modo, es bueno que evitemos transitar, aunque sea a pie por estas zonas ya que los hechos en una DANA se precipitan con gran rapidez. Ir a rescatar el coche de una zona peligrosa cuando la lluvia ya est\u00e1 cayendo con fuerza no es una buena idea.<\/p>\n<p class=\"paragraph\" data-gtm-element-container=\"modulo-texto-link\">Cuando empieza a llover hay que actuar con decisi\u00f3n y gran prudencia. Por una parte, evitar las zonas por las que transitan las aguas, ya que el riesgo de que nos arrastren es elevado tanto si vamos a pie como si circulamos en un veh\u00edculo. Es importante estar informado y seguir las recomendaciones de las autoridades y de protecci\u00f3n civil.<\/p>\n<p class=\"paragraph\" data-gtm-element-container=\"modulo-texto-link\">Debemos evitar bajar a garajes y locales subterr\u00e1neos, ya que es habitual que se inunden y podemos vernos en problemas. De hecho, lo mejor es situarnos en las zonas m\u00e1s elevadas, de un piso o de una localidad, en los casos m\u00e1s extremos.<\/p>\n<h4 class=\"subtitle\">Comunicar el siniestro<\/h4>\n<h5 class=\"subtitle\">C\u00f3mo reclamar al seguro<\/h5>\n<p class=\"paragraph\" data-gtm-element-container=\"modulo-texto-link\">Cuando cesa la lluvia, el paisaje de las zonas afectadas suele ser el de una aut\u00e9ntica batalla. Las zonas bajas siguen inundadas y empieza el recuento de da\u00f1os. Para las personas y empresas que tienen asegurados sus bienes se inicia tambi\u00e9n el momento de reclamar las correspondientes indemnizaciones. El seguro del hogar, el de comercio, el de veh\u00edculos y, por supuesto, las p\u00f3lizas agrarias ofrecen cobertura ante los da\u00f1os causados por las lluvias torrenciales y las inundaciones.<\/p>\n<p class=\"paragraph\" data-gtm-element-container=\"modulo-texto-link\">Normalmente, ser\u00e1 el Consorcio de Compensaci\u00f3n de Seguros (CCS), una instituci\u00f3n genuina del Seguro espa\u00f1ol, quien asuma el pago de los da\u00f1os causado por un fen\u00f3meno natural que se considera un riesgo extraordinario. No obstante, los afectados pueden dirigirse a su mediador de seguros, que seguro les ayudar\u00e1 y asesorar\u00e1 en los tr\u00e1mites a seguir. En ocasiones, las compa\u00f1\u00edas tambi\u00e9n colaboran en las gestiones que permiten agilizar los tr\u00e1mites de cobro, y, por \u00faltimo, siempre nos podemos dirigir al propio Consorcio llamando al 900 222 665 o\u00a0<a href=\"http:\/\/www.consorseguros.es\/\" rel=\"nofollow noreferrer\" data-gtm-element=\"container-child-link\">a trav\u00e9s de la p\u00e1gina web<\/a>.<\/p>\n<p class=\"paragraph\" data-gtm-element-container=\"modulo-texto-link\">En cualquier caso, deber\u00e1 acreditar que su p\u00f3liza est\u00e1 al corriente de pago. Ser\u00e1 de gran ayuda acreditar los da\u00f1os causados. Por ello, es importante tomar fotos y v\u00eddeos de los destrozos causados antes de iniciar labores de limpieza o desescombro.<\/p>\n<\/div>\n<\/div>\n","protected":false},"excerpt":{"rendered":"<p>El sur de Tarragona, el norte de Castell\u00f3n, zonas de Arag\u00f3n, Navarra y Toledo, entre las m\u00e1s afectada por la primera DANA del mes de&#8230; <a href=\"https:\/\/www.cmalleida.com\/es\/como-actuar-ante-las-lluvias-torrenciales-e-inundaciones-la-vanguardia\/\" rel=\"nofollow\" class=\"lollegirmes\">Llegeix m\u00e9s<\/a><\/p>\n","protected":false},"author":149,"featured_media":2142,"comment_status":"closed","ping_status":"closed","sticky":false,"template":"","format":"standard","meta":{"_acf_changed":false,"_genesis_hide_title":false,"_genesis_hide_breadcrumbs":false,"_genesis_hide_singular_image":false,"_genesis_hide_footer_widgets":false,"_genesis_custom_body_class":"","_genesis_custom_post_class":"","_genesis_layout":"","footnotes":""},"categories":[28,62],"tags":[],"class_list":{"0":"post-9474","1":"post","2":"type-post","3":"status-publish","4":"format-standard","5":"has-post-thumbnail","7":"category-actualidad","8":"category-sinistres-es","9":"entry"},"acf":[],"yoast_head":"<!-- This site is optimized with the Yoast SEO plugin v27.2 - https:\/\/yoast.com\/product\/yoast-seo-wordpress\/ -->\n<title>\u00bfC\u00f3mo actuar ante las lluvias torrenciales e inundaciones? (La Vanguardia) - Col\u00b7legi de Mediadors d&#039;Assegurances de Lleida<\/title>\n<meta name=\"robots\" content=\"index, follow, max-snippet:-1, max-image-preview:large, max-video-preview:-1\" \/>\n<link rel=\"canonical\" href=\"https:\/\/www.cmalleida.com\/es\/como-actuar-ante-las-lluvias-torrenciales-e-inundaciones-la-vanguardia\/\" \/>\n<meta property=\"og:locale\" content=\"es_ES\" \/>\n<meta property=\"og:type\" content=\"article\" \/>\n<meta property=\"og:title\" content=\"\u00bfC\u00f3mo actuar ante las lluvias torrenciales e inundaciones? (La Vanguardia) - Col\u00b7legi de Mediadors d&#039;Assegurances de Lleida\" \/>\n<meta property=\"og:description\" content=\"El sur de Tarragona, el norte de Castell\u00f3n, zonas de Arag\u00f3n, Navarra y Toledo, entre las m\u00e1s afectada por la primera DANA del mes de... Llegeix m\u00e9s\" \/>\n<meta property=\"og:url\" content=\"https:\/\/www.cmalleida.com\/es\/como-actuar-ante-las-lluvias-torrenciales-e-inundaciones-la-vanguardia\/\" \/>\n<meta property=\"og:site_name\" content=\"Col\u00b7legi de Mediadors d&#039;Assegurances de Lleida\" \/>\n<meta property=\"article:published_time\" content=\"2021-09-03T07:48:05+00:00\" \/>\n<meta property=\"og:image\" content=\"https:\/\/www.cmalleida.com\/wp-content\/uploads\/cmall-lleida-actualitat-ciclon762.jpg\" \/>\n\t<meta property=\"og:image:width\" content=\"762\" \/>\n\t<meta property=\"og:image:height\" content=\"762\" \/>\n\t<meta property=\"og:image:type\" content=\"image\/jpeg\" \/>\n<meta name=\"author\" content=\"Antonieta Castells Dolcet\" \/>\n<meta name=\"twitter:card\" content=\"summary_large_image\" \/>\n<meta name=\"twitter:label1\" content=\"Written by\" \/>\n\t<meta name=\"twitter:data1\" content=\"Antonieta Castells Dolcet\" \/>\n\t<meta name=\"twitter:label2\" content=\"Est. reading time\" \/>\n\t<meta name=\"twitter:data2\" content=\"4 minutos\" \/>\n<script type=\"application\/ld+json\" class=\"yoast-schema-graph\">{\"@context\":\"https:\/\/schema.org\",\"@graph\":[{\"@type\":\"Article\",\"@id\":\"https:\/\/www.cmalleida.com\/es\/como-actuar-ante-las-lluvias-torrenciales-e-inundaciones-la-vanguardia\/#article\",\"isPartOf\":{\"@id\":\"https:\/\/www.cmalleida.com\/es\/como-actuar-ante-las-lluvias-torrenciales-e-inundaciones-la-vanguardia\/\"},\"author\":{\"name\":\"Antonieta Castells Dolcet\",\"@id\":\"https:\/\/www.cmalleida.com\/es\/#\/schema\/person\/7461453022a0d6ce41c1e530eb4443b4\"},\"headline\":\"\u00bfC\u00f3mo actuar ante las lluvias torrenciales e inundaciones? (La Vanguardia)\",\"datePublished\":\"2021-09-03T07:48:05+00:00\",\"mainEntityOfPage\":{\"@id\":\"https:\/\/www.cmalleida.com\/es\/como-actuar-ante-las-lluvias-torrenciales-e-inundaciones-la-vanguardia\/\"},\"wordCount\":825,\"publisher\":{\"@id\":\"https:\/\/www.cmalleida.com\/es\/#organization\"},\"image\":{\"@id\":\"https:\/\/www.cmalleida.com\/es\/como-actuar-ante-las-lluvias-torrenciales-e-inundaciones-la-vanguardia\/#primaryimage\"},\"thumbnailUrl\":\"https:\/\/www.cmalleida.com\/wp-content\/uploads\/cmall-lleida-actualitat-ciclon762.jpg\",\"articleSection\":[\"Actualidad\",\"Sinistres\"],\"inLanguage\":\"es\"},{\"@type\":\"WebPage\",\"@id\":\"https:\/\/www.cmalleida.com\/es\/como-actuar-ante-las-lluvias-torrenciales-e-inundaciones-la-vanguardia\/\",\"url\":\"https:\/\/www.cmalleida.com\/es\/como-actuar-ante-las-lluvias-torrenciales-e-inundaciones-la-vanguardia\/\",\"name\":\"\u00bfC\u00f3mo actuar ante las lluvias torrenciales e inundaciones? (La Vanguardia) - Col\u00b7legi de Mediadors d&#039;Assegurances de Lleida\",\"isPartOf\":{\"@id\":\"https:\/\/www.cmalleida.com\/es\/#website\"},\"primaryImageOfPage\":{\"@id\":\"https:\/\/www.cmalleida.com\/es\/como-actuar-ante-las-lluvias-torrenciales-e-inundaciones-la-vanguardia\/#primaryimage\"},\"image\":{\"@id\":\"https:\/\/www.cmalleida.com\/es\/como-actuar-ante-las-lluvias-torrenciales-e-inundaciones-la-vanguardia\/#primaryimage\"},\"thumbnailUrl\":\"https:\/\/www.cmalleida.com\/wp-content\/uploads\/cmall-lleida-actualitat-ciclon762.jpg\",\"datePublished\":\"2021-09-03T07:48:05+00:00\",\"breadcrumb\":{\"@id\":\"https:\/\/www.cmalleida.com\/es\/como-actuar-ante-las-lluvias-torrenciales-e-inundaciones-la-vanguardia\/#breadcrumb\"},\"inLanguage\":\"es\",\"potentialAction\":[{\"@type\":\"ReadAction\",\"target\":[\"https:\/\/www.cmalleida.com\/es\/como-actuar-ante-las-lluvias-torrenciales-e-inundaciones-la-vanguardia\/\"]}]},{\"@type\":\"ImageObject\",\"inLanguage\":\"es\",\"@id\":\"https:\/\/www.cmalleida.com\/es\/como-actuar-ante-las-lluvias-torrenciales-e-inundaciones-la-vanguardia\/#primaryimage\",\"url\":\"https:\/\/www.cmalleida.com\/wp-content\/uploads\/cmall-lleida-actualitat-ciclon762.jpg\",\"contentUrl\":\"https:\/\/www.cmalleida.com\/wp-content\/uploads\/cmall-lleida-actualitat-ciclon762.jpg\",\"width\":762,\"height\":762,\"caption\":\"cmall-lleida-actualitat-ciclon762\"},{\"@type\":\"BreadcrumbList\",\"@id\":\"https:\/\/www.cmalleida.com\/es\/como-actuar-ante-las-lluvias-torrenciales-e-inundaciones-la-vanguardia\/#breadcrumb\",\"itemListElement\":[{\"@type\":\"ListItem\",\"position\":1,\"name\":\"Inici\",\"item\":\"https:\/\/www.cmalleida.com\/es\/\"},{\"@type\":\"ListItem\",\"position\":2,\"name\":\"\u00bfC\u00f3mo actuar ante las lluvias torrenciales e inundaciones? (La Vanguardia)\"}]},{\"@type\":\"WebSite\",\"@id\":\"https:\/\/www.cmalleida.com\/es\/#website\",\"url\":\"https:\/\/www.cmalleida.com\/es\/\",\"name\":\"Col\u00b7legi de Mediadors d&#039;Assegurances de Lleida\",\"description\":\"Otro sitio realizado con WordPress\",\"publisher\":{\"@id\":\"https:\/\/www.cmalleida.com\/es\/#organization\"},\"potentialAction\":[{\"@type\":\"SearchAction\",\"target\":{\"@type\":\"EntryPoint\",\"urlTemplate\":\"https:\/\/www.cmalleida.com\/es\/?s={search_term_string}\"},\"query-input\":{\"@type\":\"PropertyValueSpecification\",\"valueRequired\":true,\"valueName\":\"search_term_string\"}}],\"inLanguage\":\"es\"},{\"@type\":\"Organization\",\"@id\":\"https:\/\/www.cmalleida.com\/es\/#organization\",\"name\":\"Col\u00b7legi de Mediadors d'Assegurances de Lleida\",\"url\":\"https:\/\/www.cmalleida.com\/es\/\",\"logo\":{\"@type\":\"ImageObject\",\"inLanguage\":\"es\",\"@id\":\"https:\/\/www.cmalleida.com\/es\/#\/schema\/logo\/image\/\",\"url\":\"\",\"contentUrl\":\"\",\"caption\":\"Col\u00b7legi de Mediadors d'Assegurances de Lleida\"},\"image\":{\"@id\":\"https:\/\/www.cmalleida.com\/es\/#\/schema\/logo\/image\/\"}},{\"@type\":\"Person\",\"@id\":\"https:\/\/www.cmalleida.com\/es\/#\/schema\/person\/7461453022a0d6ce41c1e530eb4443b4\",\"name\":\"Antonieta Castells Dolcet\",\"image\":{\"@type\":\"ImageObject\",\"inLanguage\":\"es\",\"@id\":\"https:\/\/secure.gravatar.com\/avatar\/7738df9a8ff2d12e8b37d088ff0e3e36016e57ab29e5db27ba4fb758a81ea3cb?s=96&d=mm&r=g\",\"url\":\"https:\/\/secure.gravatar.com\/avatar\/7738df9a8ff2d12e8b37d088ff0e3e36016e57ab29e5db27ba4fb758a81ea3cb?s=96&d=mm&r=g\",\"contentUrl\":\"https:\/\/secure.gravatar.com\/avatar\/7738df9a8ff2d12e8b37d088ff0e3e36016e57ab29e5db27ba4fb758a81ea3cb?s=96&d=mm&r=g\",\"caption\":\"Antonieta Castells Dolcet\"},\"sameAs\":[\"http:\/\/www.cmalleida.com\"]}]}<\/script>\n<!-- \/ Yoast SEO plugin. -->","yoast_head_json":{"title":"\u00bfC\u00f3mo actuar ante las lluvias torrenciales e inundaciones? (La Vanguardia) - Col\u00b7legi de Mediadors d&#039;Assegurances de Lleida","robots":{"index":"index","follow":"follow","max-snippet":"max-snippet:-1","max-image-preview":"max-image-preview:large","max-video-preview":"max-video-preview:-1"},"canonical":"https:\/\/www.cmalleida.com\/es\/como-actuar-ante-las-lluvias-torrenciales-e-inundaciones-la-vanguardia\/","og_locale":"es_ES","og_type":"article","og_title":"\u00bfC\u00f3mo actuar ante las lluvias torrenciales e inundaciones? (La Vanguardia) - Col\u00b7legi de Mediadors d&#039;Assegurances de Lleida","og_description":"El sur de Tarragona, el norte de Castell\u00f3n, zonas de Arag\u00f3n, Navarra y Toledo, entre las m\u00e1s afectada por la primera DANA del mes de... Llegeix m\u00e9s","og_url":"https:\/\/www.cmalleida.com\/es\/como-actuar-ante-las-lluvias-torrenciales-e-inundaciones-la-vanguardia\/","og_site_name":"Col\u00b7legi de Mediadors d&#039;Assegurances de Lleida","article_published_time":"2021-09-03T07:48:05+00:00","og_image":[{"width":762,"height":762,"url":"https:\/\/www.cmalleida.com\/wp-content\/uploads\/cmall-lleida-actualitat-ciclon762.jpg","type":"image\/jpeg"}],"author":"Antonieta Castells Dolcet","twitter_card":"summary_large_image","twitter_misc":{"Written by":"Antonieta Castells Dolcet","Est. reading time":"4 minutos"},"schema":{"@context":"https:\/\/schema.org","@graph":[{"@type":"Article","@id":"https:\/\/www.cmalleida.com\/es\/como-actuar-ante-las-lluvias-torrenciales-e-inundaciones-la-vanguardia\/#article","isPartOf":{"@id":"https:\/\/www.cmalleida.com\/es\/como-actuar-ante-las-lluvias-torrenciales-e-inundaciones-la-vanguardia\/"},"author":{"name":"Antonieta Castells Dolcet","@id":"https:\/\/www.cmalleida.com\/es\/#\/schema\/person\/7461453022a0d6ce41c1e530eb4443b4"},"headline":"\u00bfC\u00f3mo actuar ante las lluvias torrenciales e inundaciones? (La Vanguardia)","datePublished":"2021-09-03T07:48:05+00:00","mainEntityOfPage":{"@id":"https:\/\/www.cmalleida.com\/es\/como-actuar-ante-las-lluvias-torrenciales-e-inundaciones-la-vanguardia\/"},"wordCount":825,"publisher":{"@id":"https:\/\/www.cmalleida.com\/es\/#organization"},"image":{"@id":"https:\/\/www.cmalleida.com\/es\/como-actuar-ante-las-lluvias-torrenciales-e-inundaciones-la-vanguardia\/#primaryimage"},"thumbnailUrl":"https:\/\/www.cmalleida.com\/wp-content\/uploads\/cmall-lleida-actualitat-ciclon762.jpg","articleSection":["Actualidad","Sinistres"],"inLanguage":"es"},{"@type":"WebPage","@id":"https:\/\/www.cmalleida.com\/es\/como-actuar-ante-las-lluvias-torrenciales-e-inundaciones-la-vanguardia\/","url":"https:\/\/www.cmalleida.com\/es\/como-actuar-ante-las-lluvias-torrenciales-e-inundaciones-la-vanguardia\/","name":"\u00bfC\u00f3mo actuar ante las lluvias torrenciales e inundaciones? (La Vanguardia) - Col\u00b7legi de Mediadors d&#039;Assegurances de Lleida","isPartOf":{"@id":"https:\/\/www.cmalleida.com\/es\/#website"},"primaryImageOfPage":{"@id":"https:\/\/www.cmalleida.com\/es\/como-actuar-ante-las-lluvias-torrenciales-e-inundaciones-la-vanguardia\/#primaryimage"},"image":{"@id":"https:\/\/www.cmalleida.com\/es\/como-actuar-ante-las-lluvias-torrenciales-e-inundaciones-la-vanguardia\/#primaryimage"},"thumbnailUrl":"https:\/\/www.cmalleida.com\/wp-content\/uploads\/cmall-lleida-actualitat-ciclon762.jpg","datePublished":"2021-09-03T07:48:05+00:00","breadcrumb":{"@id":"https:\/\/www.cmalleida.com\/es\/como-actuar-ante-las-lluvias-torrenciales-e-inundaciones-la-vanguardia\/#breadcrumb"},"inLanguage":"es","potentialAction":[{"@type":"ReadAction","target":["https:\/\/www.cmalleida.com\/es\/como-actuar-ante-las-lluvias-torrenciales-e-inundaciones-la-vanguardia\/"]}]},{"@type":"ImageObject","inLanguage":"es","@id":"https:\/\/www.cmalleida.com\/es\/como-actuar-ante-las-lluvias-torrenciales-e-inundaciones-la-vanguardia\/#primaryimage","url":"https:\/\/www.cmalleida.com\/wp-content\/uploads\/cmall-lleida-actualitat-ciclon762.jpg","contentUrl":"https:\/\/www.cmalleida.com\/wp-content\/uploads\/cmall-lleida-actualitat-ciclon762.jpg","width":762,"height":762,"caption":"cmall-lleida-actualitat-ciclon762"},{"@type":"BreadcrumbList","@id":"https:\/\/www.cmalleida.com\/es\/como-actuar-ante-las-lluvias-torrenciales-e-inundaciones-la-vanguardia\/#breadcrumb","itemListElement":[{"@type":"ListItem","position":1,"name":"Inici","item":"https:\/\/www.cmalleida.com\/es\/"},{"@type":"ListItem","position":2,"name":"\u00bfC\u00f3mo actuar ante las lluvias torrenciales e inundaciones? (La Vanguardia)"}]},{"@type":"WebSite","@id":"https:\/\/www.cmalleida.com\/es\/#website","url":"https:\/\/www.cmalleida.com\/es\/","name":"Col\u00b7legi de Mediadors d&#039;Assegurances de Lleida","description":"Otro sitio realizado con WordPress","publisher":{"@id":"https:\/\/www.cmalleida.com\/es\/#organization"},"potentialAction":[{"@type":"SearchAction","target":{"@type":"EntryPoint","urlTemplate":"https:\/\/www.cmalleida.com\/es\/?s={search_term_string}"},"query-input":{"@type":"PropertyValueSpecification","valueRequired":true,"valueName":"search_term_string"}}],"inLanguage":"es"},{"@type":"Organization","@id":"https:\/\/www.cmalleida.com\/es\/#organization","name":"Col\u00b7legi de Mediadors d'Assegurances de Lleida","url":"https:\/\/www.cmalleida.com\/es\/","logo":{"@type":"ImageObject","inLanguage":"es","@id":"https:\/\/www.cmalleida.com\/es\/#\/schema\/logo\/image\/","url":"","contentUrl":"","caption":"Col\u00b7legi de Mediadors d'Assegurances de Lleida"},"image":{"@id":"https:\/\/www.cmalleida.com\/es\/#\/schema\/logo\/image\/"}},{"@type":"Person","@id":"https:\/\/www.cmalleida.com\/es\/#\/schema\/person\/7461453022a0d6ce41c1e530eb4443b4","name":"Antonieta Castells Dolcet","image":{"@type":"ImageObject","inLanguage":"es","@id":"https:\/\/secure.gravatar.com\/avatar\/7738df9a8ff2d12e8b37d088ff0e3e36016e57ab29e5db27ba4fb758a81ea3cb?s=96&d=mm&r=g","url":"https:\/\/secure.gravatar.com\/avatar\/7738df9a8ff2d12e8b37d088ff0e3e36016e57ab29e5db27ba4fb758a81ea3cb?s=96&d=mm&r=g","contentUrl":"https:\/\/secure.gravatar.com\/avatar\/7738df9a8ff2d12e8b37d088ff0e3e36016e57ab29e5db27ba4fb758a81ea3cb?s=96&d=mm&r=g","caption":"Antonieta Castells Dolcet"},"sameAs":["http:\/\/www.cmalleida.com"]}]}},"_links":{"self":[{"href":"https:\/\/www.cmalleida.com\/es\/wp-json\/wp\/v2\/posts\/9474","targetHints":{"allow":["GET"]}}],"collection":[{"href":"https:\/\/www.cmalleida.com\/es\/wp-json\/wp\/v2\/posts"}],"about":[{"href":"https:\/\/www.cmalleida.com\/es\/wp-json\/wp\/v2\/types\/post"}],"author":[{"embeddable":true,"href":"https:\/\/www.cmalleida.com\/es\/wp-json\/wp\/v2\/users\/149"}],"replies":[{"embeddable":true,"href":"https:\/\/www.cmalleida.com\/es\/wp-json\/wp\/v2\/comments?post=9474"}],"version-history":[{"count":1,"href":"https:\/\/www.cmalleida.com\/es\/wp-json\/wp\/v2\/posts\/9474\/revisions"}],"predecessor-version":[{"id":9475,"href":"https:\/\/www.cmalleida.com\/es\/wp-json\/wp\/v2\/posts\/9474\/revisions\/9475"}],"wp:featuredmedia":[{"embeddable":true,"href":"https:\/\/www.cmalleida.com\/es\/wp-json\/wp\/v2\/media\/2142"}],"wp:attachment":[{"href":"https:\/\/www.cmalleida.com\/es\/wp-json\/wp\/v2\/media?parent=9474"}],"wp:term":[{"taxonomy":"category","embeddable":true,"href":"https:\/\/www.cmalleida.com\/es\/wp-json\/wp\/v2\/categories?post=9474"},{"taxonomy":"post_tag","embeddable":true,"href":"https:\/\/www.cmalleida.com\/es\/wp-json\/wp\/v2\/tags?post=9474"}],"curies":[{"name":"wp","href":"https:\/\/api.w.org\/{rel}","templated":true}]}}