{"id":9444,"date":"2021-08-27T08:08:59","date_gmt":"2021-08-27T06:08:59","guid":{"rendered":"https:\/\/www.cmalleida.com\/?p=9444"},"modified":"2021-08-27T08:08:59","modified_gmt":"2021-08-27T06:08:59","slug":"que-paso-en-los-hogares-durante-el-confinamiento-la-vanguardia","status":"publish","type":"post","link":"https:\/\/www.cmalleida.com\/es\/que-paso-en-los-hogares-durante-el-confinamiento-la-vanguardia\/","title":{"rendered":"\u00bfQu\u00e9 pas\u00f3 en los hogares durante el confinamiento? (La Vanguardia)"},"content":{"rendered":"<header class=\"article-top-header col-12\">\n<div class=\"article-top\">\n<div class=\"article-top-titles\">\n<div class=\"title-container\">\n<h4 class=\"title\"><span style=\"font-size: 16px;\">Los incidentes como rotura de cristales y goteras se multiplicaron durante el 2020<\/span><\/h4>\n<\/div>\n<\/div>\n<div class=\"article-media-main\"><\/div>\n<\/div>\n<\/header>\n<div class=\"infinite-scroll-preload\">REDACCI\u00d3N\u00a0 \u00a0BARCELONA\u00a0 \u00a0 06\/08\/2021 09:30<\/div>\n<div class=\"article-content col-12 col-md-8\">\n<div class=\"article-info\">\n<div class=\"social-buttons social-share\" data-gtm-element=\"leaf-social-share-top\">\n<div class=\"social-left\"><\/div>\n<div class=\"social-right\">Las estad\u00edsticas son una herramienta que permiten construir un relato sobre hechos pasados. Pueden parecer fr\u00edas, pero quiz\u00e1s por eso son precisas y dibujan la realidad sin excesivos matices. \u00bfQu\u00e9 sucedi\u00f3 en los hogares durante el 2020? \u00bfC\u00f3mo sent\u00f3 a las viviendas el a\u00f1o del confinamiento?<\/div>\n<\/div>\n<\/div>\n<div class=\"article-modules\">\n<p class=\"paragraph\" data-gtm-element-container=\"modulo-texto-link\">Pues si nos fijamos en los datos del sector asegurador no cabe duda qu\u00e9 los espacios f\u00edsicos en los que habitamos sufrieron especialmente en un a\u00f1o tan diferente. Las compa\u00f1\u00edas reportaban un desplome de los incidentes en las carreteras, algo l\u00f3gico si tenemos en cuenta que durante el confinamiento el tr\u00e1fico cay\u00f3 en picado.<\/p>\n<picture><\/picture><span class=\"content-ad-module\"><span class=\"content-ad visible-md irr-container\"><span class=\"ad-unit irr\"><ins id=\"ad-dekstnfhhbt\" class=\"ad-displayed\" data-ad-type=\"irr\" data-ad-device=\"md\" data-ad-keys=\"{}\" data-ad-lazy=\"false\" data-name=\"irr\" data-google-query-id=\"CNLOypDE0PICFRKfJwIdGXMMgA\"><\/p>\n<div id=\"google_ads_iframe_\/55964524\/lv_w\/seguros\/n_7__container__\">Mientras los coches a penas se mov\u00edan, las viviendas estaban m\u00e1s vivas que nunca. Carreteras vac\u00edas, pisos y casas llenas. De hecho, los hogares se convirtieron en el \u00fanico escenario posible para vivir la vida. La sobreutilizaci\u00f3n de estos espacios tuvo como consecuencia un incremento de la siniestralidad. En el fondo, una consecuencia l\u00f3gica si tenemos en cuenta que el uso conduce al desgaste y a la aver\u00eda y la reiteraci\u00f3n aumenta el riesgo de tener un accidente.<\/div>\n<p>UNESPA, la patronal del sector asegurador, revela en su web Estamos Seguros qu\u00e9 a lo largo del a\u00f1o 2020 se registraron alrededor de 10 millones largos de percances en viviendas, comunidades de propietarios, comercios e industrias. Sin embargo, la inmensa mayor\u00eda tuvieron como escenario las viviendas. Entre el seguro del hogar y el de comunidades las aseguradoras atendieron cerca de 9,5 millones de siniestros. Los comercios e industrias alcanzaron los 750.000.<\/p>\n<p><\/ins><\/span><\/span><\/span><\/p>\n<h4 class=\"subtitle\">El siniestro m\u00e1s frecuente<\/h4>\n<h4 class=\"subtitle\">Las goteras siguieron siendo la principal fuente de problemas<\/h4>\n<p class=\"paragraph\" data-gtm-element-container=\"modulo-texto-link\">Las estad\u00edsticas hist\u00f3ricas de los siniestros en hogares y comunidades son contundentes a la hora de destacar que las irritantes goteras son los incidentes estrella y con diferencia, a\u00f1o tras a\u00f1o. El 2020 no fue una excepci\u00f3n. Los datos del sector reflejan que en el a\u00f1o del confinamiento se atendieron unos 3,9 millones de casos de goteras que estaban aseguradas. Una cifra superior a la habitual. Los expertos destacan que el confinamiento \u2018estres\u00f3\u2019 a las ca\u00f1er\u00edas y facilit\u00f3 el aumento de roturas y peque\u00f1as fisuras que, en muy poco tiempo, se manifiestan en forma de gotera.<\/p>\n<picture><\/picture>\n<p class=\"paragraph\" data-gtm-element-container=\"modulo-texto-link\">Los cristales pagaron con su integridad f\u00edsica las consecuencias de tener a familias encerradas o semiencerradas durante meses. En este caso, las compa\u00f1\u00edas reportaron alrededor de 1,2 millones de roturas de cristales a lo largo del 2020, una cifra tambi\u00e9n superior a la de otros a\u00f1os.<\/p>\n<p class=\"paragraph\" data-gtm-element-container=\"modulo-texto-link\">Uno de los siniestros que llevan varios ejercicios al alza y que el a\u00f1o pasado mantuvieron esa misma tendencia son los llamados percances de asistencia. En esta categor\u00eda, las aseguradoras agrupan todos los casos en las que un reparador enviado por la compa\u00f1\u00eda atiende, por ejemplo, la reparaci\u00f3n de un electrodom\u00e9stico. Unos 800.000 de estos servicios se produjeron en hogares y 73.000 en comunidades.<\/p>\n<p class=\"paragraph\" data-gtm-element-container=\"modulo-texto-link\">La tercera gran causa de percance ha ido tomando cuerpo en los \u00faltimos a\u00f1os, pero en 2020 no ha parado: los percances de asistencia. S\u00ed, ya sabes: cuando llamas a la aseguradora para que haga algo porque tu lavadora te acaba de decir que hasta aqu\u00ed ha llegado. El percance de asistencia es un percance t\u00edpicamente de particular, y se lleva 800.000 servicios en hogares y 73.000 en comunidades.<\/p>\n<p class=\"paragraph\" data-gtm-element-container=\"modulo-texto-link\">El sector tambi\u00e9n reporta que algunos siniestros cubiertos por la mayor\u00eda de las p\u00f3lizas de hogar como es el caso de los robos experimentaron una reducci\u00f3n durante el confinamiento. Las viviendas no se quedaron vac\u00edas durante la mayor parte del a\u00f1o por las medidas de confinamiento y eso complic\u00f3 la actuaci\u00f3n de los enemigos de lo ajeno que redujeron su actividad.<\/p>\n<\/div>\n<\/div>\n","protected":false},"excerpt":{"rendered":"<p>Los incidentes como rotura de cristales y goteras se multiplicaron durante el 2020 REDACCI\u00d3N\u00a0 \u00a0BARCELONA\u00a0 \u00a0 06\/08\/2021 09:30 Las estad\u00edsticas son una herramienta que permiten&#8230; <a href=\"https:\/\/www.cmalleida.com\/es\/que-paso-en-los-hogares-durante-el-confinamiento-la-vanguardia\/\" rel=\"nofollow\" class=\"lollegirmes\">Llegeix m\u00e9s<\/a><\/p>\n","protected":false},"author":149,"featured_media":6794,"comment_status":"closed","ping_status":"closed","sticky":false,"template":"","format":"standard","meta":{"_acf_changed":false,"_genesis_hide_title":false,"_genesis_hide_breadcrumbs":false,"_genesis_hide_singular_image":false,"_genesis_hide_footer_widgets":false,"_genesis_custom_body_class":"","_genesis_custom_post_class":"","_genesis_layout":"","footnotes":""},"categories":[28,62],"tags":[],"class_list":{"0":"post-9444","1":"post","2":"type-post","3":"status-publish","4":"format-standard","5":"has-post-thumbnail","7":"category-actualidad","8":"category-sinistres-es","9":"entry"},"acf":[],"yoast_head":"<!-- This site is optimized with the Yoast SEO plugin v27.2 - https:\/\/yoast.com\/product\/yoast-seo-wordpress\/ -->\n<title>\u00bfQu\u00e9 pas\u00f3 en los hogares durante el confinamiento? (La Vanguardia) - Col\u00b7legi de Mediadors d&#039;Assegurances de Lleida<\/title>\n<meta name=\"robots\" content=\"index, follow, max-snippet:-1, max-image-preview:large, max-video-preview:-1\" \/>\n<link rel=\"canonical\" href=\"https:\/\/www.cmalleida.com\/es\/que-paso-en-los-hogares-durante-el-confinamiento-la-vanguardia\/\" \/>\n<meta property=\"og:locale\" content=\"es_ES\" \/>\n<meta property=\"og:type\" content=\"article\" \/>\n<meta property=\"og:title\" content=\"\u00bfQu\u00e9 pas\u00f3 en los hogares durante el confinamiento? (La Vanguardia) - Col\u00b7legi de Mediadors d&#039;Assegurances de Lleida\" \/>\n<meta property=\"og:description\" content=\"Los incidentes como rotura de cristales y goteras se multiplicaron durante el 2020 REDACCI\u00d3N\u00a0 \u00a0BARCELONA\u00a0 \u00a0 06\/08\/2021 09:30 Las estad\u00edsticas son una herramienta que permiten... Llegeix m\u00e9s\" \/>\n<meta property=\"og:url\" content=\"https:\/\/www.cmalleida.com\/es\/que-paso-en-los-hogares-durante-el-confinamiento-la-vanguardia\/\" \/>\n<meta property=\"og:site_name\" content=\"Col\u00b7legi de Mediadors d&#039;Assegurances de Lleida\" \/>\n<meta property=\"article:published_time\" content=\"2021-08-27T06:08:59+00:00\" \/>\n<meta property=\"og:image\" content=\"https:\/\/www.cmalleida.com\/wp-content\/uploads\/captura-26.jpg\" \/>\n\t<meta property=\"og:image:width\" content=\"1810\" \/>\n\t<meta property=\"og:image:height\" content=\"1368\" \/>\n\t<meta property=\"og:image:type\" content=\"image\/jpeg\" \/>\n<meta name=\"author\" content=\"Antonieta Castells Dolcet\" \/>\n<meta name=\"twitter:card\" content=\"summary_large_image\" \/>\n<meta name=\"twitter:label1\" content=\"Written by\" \/>\n\t<meta name=\"twitter:data1\" content=\"Antonieta Castells Dolcet\" \/>\n\t<meta name=\"twitter:label2\" content=\"Est. reading time\" \/>\n\t<meta name=\"twitter:data2\" content=\"3 minutos\" \/>\n<script type=\"application\/ld+json\" class=\"yoast-schema-graph\">{\"@context\":\"https:\/\/schema.org\",\"@graph\":[{\"@type\":\"Article\",\"@id\":\"https:\/\/www.cmalleida.com\/es\/que-paso-en-los-hogares-durante-el-confinamiento-la-vanguardia\/#article\",\"isPartOf\":{\"@id\":\"https:\/\/www.cmalleida.com\/es\/que-paso-en-los-hogares-durante-el-confinamiento-la-vanguardia\/\"},\"author\":{\"name\":\"Antonieta Castells Dolcet\",\"@id\":\"https:\/\/www.cmalleida.com\/es\/#\/schema\/person\/7461453022a0d6ce41c1e530eb4443b4\"},\"headline\":\"\u00bfQu\u00e9 pas\u00f3 en los hogares durante el confinamiento? (La Vanguardia)\",\"datePublished\":\"2021-08-27T06:08:59+00:00\",\"mainEntityOfPage\":{\"@id\":\"https:\/\/www.cmalleida.com\/es\/que-paso-en-los-hogares-durante-el-confinamiento-la-vanguardia\/\"},\"wordCount\":656,\"publisher\":{\"@id\":\"https:\/\/www.cmalleida.com\/es\/#organization\"},\"image\":{\"@id\":\"https:\/\/www.cmalleida.com\/es\/que-paso-en-los-hogares-durante-el-confinamiento-la-vanguardia\/#primaryimage\"},\"thumbnailUrl\":\"https:\/\/www.cmalleida.com\/wp-content\/uploads\/captura-26.jpg\",\"articleSection\":[\"Actualidad\",\"Sinistres\"],\"inLanguage\":\"es\"},{\"@type\":\"WebPage\",\"@id\":\"https:\/\/www.cmalleida.com\/es\/que-paso-en-los-hogares-durante-el-confinamiento-la-vanguardia\/\",\"url\":\"https:\/\/www.cmalleida.com\/es\/que-paso-en-los-hogares-durante-el-confinamiento-la-vanguardia\/\",\"name\":\"\u00bfQu\u00e9 pas\u00f3 en los hogares durante el confinamiento? (La Vanguardia) - Col\u00b7legi de Mediadors d&#039;Assegurances de Lleida\",\"isPartOf\":{\"@id\":\"https:\/\/www.cmalleida.com\/es\/#website\"},\"primaryImageOfPage\":{\"@id\":\"https:\/\/www.cmalleida.com\/es\/que-paso-en-los-hogares-durante-el-confinamiento-la-vanguardia\/#primaryimage\"},\"image\":{\"@id\":\"https:\/\/www.cmalleida.com\/es\/que-paso-en-los-hogares-durante-el-confinamiento-la-vanguardia\/#primaryimage\"},\"thumbnailUrl\":\"https:\/\/www.cmalleida.com\/wp-content\/uploads\/captura-26.jpg\",\"datePublished\":\"2021-08-27T06:08:59+00:00\",\"breadcrumb\":{\"@id\":\"https:\/\/www.cmalleida.com\/es\/que-paso-en-los-hogares-durante-el-confinamiento-la-vanguardia\/#breadcrumb\"},\"inLanguage\":\"es\",\"potentialAction\":[{\"@type\":\"ReadAction\",\"target\":[\"https:\/\/www.cmalleida.com\/es\/que-paso-en-los-hogares-durante-el-confinamiento-la-vanguardia\/\"]}]},{\"@type\":\"ImageObject\",\"inLanguage\":\"es\",\"@id\":\"https:\/\/www.cmalleida.com\/es\/que-paso-en-los-hogares-durante-el-confinamiento-la-vanguardia\/#primaryimage\",\"url\":\"https:\/\/www.cmalleida.com\/wp-content\/uploads\/captura-26.jpg\",\"contentUrl\":\"https:\/\/www.cmalleida.com\/wp-content\/uploads\/captura-26.jpg\",\"width\":1810,\"height\":1368,\"caption\":\"Captura\"},{\"@type\":\"BreadcrumbList\",\"@id\":\"https:\/\/www.cmalleida.com\/es\/que-paso-en-los-hogares-durante-el-confinamiento-la-vanguardia\/#breadcrumb\",\"itemListElement\":[{\"@type\":\"ListItem\",\"position\":1,\"name\":\"Inici\",\"item\":\"https:\/\/www.cmalleida.com\/es\/\"},{\"@type\":\"ListItem\",\"position\":2,\"name\":\"\u00bfQu\u00e9 pas\u00f3 en los hogares durante el confinamiento? (La Vanguardia)\"}]},{\"@type\":\"WebSite\",\"@id\":\"https:\/\/www.cmalleida.com\/es\/#website\",\"url\":\"https:\/\/www.cmalleida.com\/es\/\",\"name\":\"Col\u00b7legi de Mediadors d&#039;Assegurances de Lleida\",\"description\":\"Otro sitio realizado con WordPress\",\"publisher\":{\"@id\":\"https:\/\/www.cmalleida.com\/es\/#organization\"},\"potentialAction\":[{\"@type\":\"SearchAction\",\"target\":{\"@type\":\"EntryPoint\",\"urlTemplate\":\"https:\/\/www.cmalleida.com\/es\/?s={search_term_string}\"},\"query-input\":{\"@type\":\"PropertyValueSpecification\",\"valueRequired\":true,\"valueName\":\"search_term_string\"}}],\"inLanguage\":\"es\"},{\"@type\":\"Organization\",\"@id\":\"https:\/\/www.cmalleida.com\/es\/#organization\",\"name\":\"Col\u00b7legi de Mediadors d'Assegurances de Lleida\",\"url\":\"https:\/\/www.cmalleida.com\/es\/\",\"logo\":{\"@type\":\"ImageObject\",\"inLanguage\":\"es\",\"@id\":\"https:\/\/www.cmalleida.com\/es\/#\/schema\/logo\/image\/\",\"url\":\"\",\"contentUrl\":\"\",\"caption\":\"Col\u00b7legi de Mediadors d'Assegurances de Lleida\"},\"image\":{\"@id\":\"https:\/\/www.cmalleida.com\/es\/#\/schema\/logo\/image\/\"}},{\"@type\":\"Person\",\"@id\":\"https:\/\/www.cmalleida.com\/es\/#\/schema\/person\/7461453022a0d6ce41c1e530eb4443b4\",\"name\":\"Antonieta Castells Dolcet\",\"image\":{\"@type\":\"ImageObject\",\"inLanguage\":\"es\",\"@id\":\"https:\/\/secure.gravatar.com\/avatar\/7738df9a8ff2d12e8b37d088ff0e3e36016e57ab29e5db27ba4fb758a81ea3cb?s=96&d=mm&r=g\",\"url\":\"https:\/\/secure.gravatar.com\/avatar\/7738df9a8ff2d12e8b37d088ff0e3e36016e57ab29e5db27ba4fb758a81ea3cb?s=96&d=mm&r=g\",\"contentUrl\":\"https:\/\/secure.gravatar.com\/avatar\/7738df9a8ff2d12e8b37d088ff0e3e36016e57ab29e5db27ba4fb758a81ea3cb?s=96&d=mm&r=g\",\"caption\":\"Antonieta Castells Dolcet\"},\"sameAs\":[\"http:\/\/www.cmalleida.com\"]}]}<\/script>\n<!-- \/ Yoast SEO plugin. -->","yoast_head_json":{"title":"\u00bfQu\u00e9 pas\u00f3 en los hogares durante el confinamiento? (La Vanguardia) - Col\u00b7legi de Mediadors d&#039;Assegurances de Lleida","robots":{"index":"index","follow":"follow","max-snippet":"max-snippet:-1","max-image-preview":"max-image-preview:large","max-video-preview":"max-video-preview:-1"},"canonical":"https:\/\/www.cmalleida.com\/es\/que-paso-en-los-hogares-durante-el-confinamiento-la-vanguardia\/","og_locale":"es_ES","og_type":"article","og_title":"\u00bfQu\u00e9 pas\u00f3 en los hogares durante el confinamiento? (La Vanguardia) - Col\u00b7legi de Mediadors d&#039;Assegurances de Lleida","og_description":"Los incidentes como rotura de cristales y goteras se multiplicaron durante el 2020 REDACCI\u00d3N\u00a0 \u00a0BARCELONA\u00a0 \u00a0 06\/08\/2021 09:30 Las estad\u00edsticas son una herramienta que permiten... Llegeix m\u00e9s","og_url":"https:\/\/www.cmalleida.com\/es\/que-paso-en-los-hogares-durante-el-confinamiento-la-vanguardia\/","og_site_name":"Col\u00b7legi de Mediadors d&#039;Assegurances de Lleida","article_published_time":"2021-08-27T06:08:59+00:00","og_image":[{"width":1810,"height":1368,"url":"https:\/\/www.cmalleida.com\/wp-content\/uploads\/captura-26.jpg","type":"image\/jpeg"}],"author":"Antonieta Castells Dolcet","twitter_card":"summary_large_image","twitter_misc":{"Written by":"Antonieta Castells Dolcet","Est. reading time":"3 minutos"},"schema":{"@context":"https:\/\/schema.org","@graph":[{"@type":"Article","@id":"https:\/\/www.cmalleida.com\/es\/que-paso-en-los-hogares-durante-el-confinamiento-la-vanguardia\/#article","isPartOf":{"@id":"https:\/\/www.cmalleida.com\/es\/que-paso-en-los-hogares-durante-el-confinamiento-la-vanguardia\/"},"author":{"name":"Antonieta Castells Dolcet","@id":"https:\/\/www.cmalleida.com\/es\/#\/schema\/person\/7461453022a0d6ce41c1e530eb4443b4"},"headline":"\u00bfQu\u00e9 pas\u00f3 en los hogares durante el confinamiento? (La Vanguardia)","datePublished":"2021-08-27T06:08:59+00:00","mainEntityOfPage":{"@id":"https:\/\/www.cmalleida.com\/es\/que-paso-en-los-hogares-durante-el-confinamiento-la-vanguardia\/"},"wordCount":656,"publisher":{"@id":"https:\/\/www.cmalleida.com\/es\/#organization"},"image":{"@id":"https:\/\/www.cmalleida.com\/es\/que-paso-en-los-hogares-durante-el-confinamiento-la-vanguardia\/#primaryimage"},"thumbnailUrl":"https:\/\/www.cmalleida.com\/wp-content\/uploads\/captura-26.jpg","articleSection":["Actualidad","Sinistres"],"inLanguage":"es"},{"@type":"WebPage","@id":"https:\/\/www.cmalleida.com\/es\/que-paso-en-los-hogares-durante-el-confinamiento-la-vanguardia\/","url":"https:\/\/www.cmalleida.com\/es\/que-paso-en-los-hogares-durante-el-confinamiento-la-vanguardia\/","name":"\u00bfQu\u00e9 pas\u00f3 en los hogares durante el confinamiento? (La Vanguardia) - Col\u00b7legi de Mediadors d&#039;Assegurances de Lleida","isPartOf":{"@id":"https:\/\/www.cmalleida.com\/es\/#website"},"primaryImageOfPage":{"@id":"https:\/\/www.cmalleida.com\/es\/que-paso-en-los-hogares-durante-el-confinamiento-la-vanguardia\/#primaryimage"},"image":{"@id":"https:\/\/www.cmalleida.com\/es\/que-paso-en-los-hogares-durante-el-confinamiento-la-vanguardia\/#primaryimage"},"thumbnailUrl":"https:\/\/www.cmalleida.com\/wp-content\/uploads\/captura-26.jpg","datePublished":"2021-08-27T06:08:59+00:00","breadcrumb":{"@id":"https:\/\/www.cmalleida.com\/es\/que-paso-en-los-hogares-durante-el-confinamiento-la-vanguardia\/#breadcrumb"},"inLanguage":"es","potentialAction":[{"@type":"ReadAction","target":["https:\/\/www.cmalleida.com\/es\/que-paso-en-los-hogares-durante-el-confinamiento-la-vanguardia\/"]}]},{"@type":"ImageObject","inLanguage":"es","@id":"https:\/\/www.cmalleida.com\/es\/que-paso-en-los-hogares-durante-el-confinamiento-la-vanguardia\/#primaryimage","url":"https:\/\/www.cmalleida.com\/wp-content\/uploads\/captura-26.jpg","contentUrl":"https:\/\/www.cmalleida.com\/wp-content\/uploads\/captura-26.jpg","width":1810,"height":1368,"caption":"Captura"},{"@type":"BreadcrumbList","@id":"https:\/\/www.cmalleida.com\/es\/que-paso-en-los-hogares-durante-el-confinamiento-la-vanguardia\/#breadcrumb","itemListElement":[{"@type":"ListItem","position":1,"name":"Inici","item":"https:\/\/www.cmalleida.com\/es\/"},{"@type":"ListItem","position":2,"name":"\u00bfQu\u00e9 pas\u00f3 en los hogares durante el confinamiento? (La Vanguardia)"}]},{"@type":"WebSite","@id":"https:\/\/www.cmalleida.com\/es\/#website","url":"https:\/\/www.cmalleida.com\/es\/","name":"Col\u00b7legi de Mediadors d&#039;Assegurances de Lleida","description":"Otro sitio realizado con WordPress","publisher":{"@id":"https:\/\/www.cmalleida.com\/es\/#organization"},"potentialAction":[{"@type":"SearchAction","target":{"@type":"EntryPoint","urlTemplate":"https:\/\/www.cmalleida.com\/es\/?s={search_term_string}"},"query-input":{"@type":"PropertyValueSpecification","valueRequired":true,"valueName":"search_term_string"}}],"inLanguage":"es"},{"@type":"Organization","@id":"https:\/\/www.cmalleida.com\/es\/#organization","name":"Col\u00b7legi de Mediadors d'Assegurances de Lleida","url":"https:\/\/www.cmalleida.com\/es\/","logo":{"@type":"ImageObject","inLanguage":"es","@id":"https:\/\/www.cmalleida.com\/es\/#\/schema\/logo\/image\/","url":"","contentUrl":"","caption":"Col\u00b7legi de Mediadors d'Assegurances de Lleida"},"image":{"@id":"https:\/\/www.cmalleida.com\/es\/#\/schema\/logo\/image\/"}},{"@type":"Person","@id":"https:\/\/www.cmalleida.com\/es\/#\/schema\/person\/7461453022a0d6ce41c1e530eb4443b4","name":"Antonieta Castells Dolcet","image":{"@type":"ImageObject","inLanguage":"es","@id":"https:\/\/secure.gravatar.com\/avatar\/7738df9a8ff2d12e8b37d088ff0e3e36016e57ab29e5db27ba4fb758a81ea3cb?s=96&d=mm&r=g","url":"https:\/\/secure.gravatar.com\/avatar\/7738df9a8ff2d12e8b37d088ff0e3e36016e57ab29e5db27ba4fb758a81ea3cb?s=96&d=mm&r=g","contentUrl":"https:\/\/secure.gravatar.com\/avatar\/7738df9a8ff2d12e8b37d088ff0e3e36016e57ab29e5db27ba4fb758a81ea3cb?s=96&d=mm&r=g","caption":"Antonieta Castells Dolcet"},"sameAs":["http:\/\/www.cmalleida.com"]}]}},"_links":{"self":[{"href":"https:\/\/www.cmalleida.com\/es\/wp-json\/wp\/v2\/posts\/9444","targetHints":{"allow":["GET"]}}],"collection":[{"href":"https:\/\/www.cmalleida.com\/es\/wp-json\/wp\/v2\/posts"}],"about":[{"href":"https:\/\/www.cmalleida.com\/es\/wp-json\/wp\/v2\/types\/post"}],"author":[{"embeddable":true,"href":"https:\/\/www.cmalleida.com\/es\/wp-json\/wp\/v2\/users\/149"}],"replies":[{"embeddable":true,"href":"https:\/\/www.cmalleida.com\/es\/wp-json\/wp\/v2\/comments?post=9444"}],"version-history":[{"count":1,"href":"https:\/\/www.cmalleida.com\/es\/wp-json\/wp\/v2\/posts\/9444\/revisions"}],"predecessor-version":[{"id":9445,"href":"https:\/\/www.cmalleida.com\/es\/wp-json\/wp\/v2\/posts\/9444\/revisions\/9445"}],"wp:featuredmedia":[{"embeddable":true,"href":"https:\/\/www.cmalleida.com\/es\/wp-json\/wp\/v2\/media\/6794"}],"wp:attachment":[{"href":"https:\/\/www.cmalleida.com\/es\/wp-json\/wp\/v2\/media?parent=9444"}],"wp:term":[{"taxonomy":"category","embeddable":true,"href":"https:\/\/www.cmalleida.com\/es\/wp-json\/wp\/v2\/categories?post=9444"},{"taxonomy":"post_tag","embeddable":true,"href":"https:\/\/www.cmalleida.com\/es\/wp-json\/wp\/v2\/tags?post=9444"}],"curies":[{"name":"wp","href":"https:\/\/api.w.org\/{rel}","templated":true}]}}