{"id":9418,"date":"2021-08-27T08:35:30","date_gmt":"2021-08-27T06:35:30","guid":{"rendered":"https:\/\/www.cmalleida.com\/?p=9418"},"modified":"2021-08-27T08:35:30","modified_gmt":"2021-08-27T06:35:30","slug":"la-interrupcion-de-negocio-por-la-declaracion-de-estado-de-alarma-no-esta-cubierta-en-las-polizas-consejo-general","status":"publish","type":"post","link":"https:\/\/www.cmalleida.com\/es\/la-interrupcion-de-negocio-por-la-declaracion-de-estado-de-alarma-no-esta-cubierta-en-las-polizas-consejo-general\/","title":{"rendered":"\u201cLa interrupci\u00f3n de negocio por la declaraci\u00f3n de estado de alarma no est\u00e1 cubierta en las p\u00f3lizas\u201d (Consejo General)"},"content":{"rendered":"<p><strong>Sentencia de indemnizaci\u00f3n a restaurante de Granada por cese de actividad<\/strong><\/p>\n<p>\u2022 Las p\u00f3lizas est\u00e1ndar proporcionan cobertura contra riesgos concretos que no se materializan en todas partes y al mismo tiempo, no es el caso de una pandemia<\/p>\n<p>03\/8\/2021.- Una reciente sentencia estima que la aseguradora debe indemnizar a un restaurante de Granada por el cierre durante el confinamiento. Desde la mediaci\u00f3n, desde el respeto a la sentencia, se recuerda que la cobertura de interrupci\u00f3n de negocio por decisiones de la autorizad no suele estar cubierta en las condiciones generales de las p\u00f3lizas.<\/p>\n<p>El seguro de p\u00e9rdida de beneficios exige, por regla general, para su activaci\u00f3n, que se produzca un da\u00f1o material directo cubierto por la p\u00f3liza. El Consejo General de Mediadores se\u00f1ala que \u201clas p\u00f3lizas de seguro est\u00e1ndar proporcionan protecci\u00f3n contra riesgos concretos que no se materializan en todas partes y al mismo tiempo. La pandemia es un riesgo sist\u00e9mico, es global por naturaleza y afecta potencialmente a muchos individuos y sectores econ\u00f3micos al mismo tiempo. Por lo tanto, una situaci\u00f3n de pandemia impide recurrir a los mecanismos habituales de mutualizaci\u00f3n y diversificaci\u00f3n del riesgo que utilizan los aseguradores\u201d.<\/p>\n<p>Con el objetivo de poder contar con una cobertura en situaciones de p\u00e9rdidas de beneficios originadas por riesgos como el de la pandemia, el sector asegurador solicit\u00f3 a la DGSFP analizar la posibilidad de instrumentar, de futuro, una cobertura p\u00fablico-privada a trav\u00e9s del Consorcio de Compensaci\u00f3n de Seguros, tal y como ocurre con otro tipo de riesgos, como, por ejemplo, inundaciones.<\/p>\n<p><strong>Coberturas y exclusiones<\/strong><br \/>\nAl solicitar una cobertura, el cliente deber\u00e1 recibir el Documento de Informaci\u00f3n Precontractual de Producto -DIP-, donde, de forma simple y esquem\u00e1tica, se ha de informar de las principales coberturas y exclusiones. Este documento permite al futuro asegurado conocer de antemano lo que puede contratar.<\/p>\n<p>\u201cEn general, en las p\u00f3lizas que cubren p\u00e9rdidas de beneficios, los DIP de las entidades los vinculan con las p\u00e9rdidas derivadas de da\u00f1os materiales cubiertos. Tambi\u00e9n suelen informar de exclusiones derivadas de hechos calificados como emergencia, cat\u00e1strofe o calamidad nacional por la autoridad competente\u201d, recalcan desde la mediaci\u00f3n.<\/p>\n<p>Situaciones como esta ponen de manifiesto la relevancia del papel del mediador, quien tiene entre sus competencias la asistencia y asesoramiento al cliente. \u201cLos mediadores de seguros tenemos la capacidad, conocimiento y experiencia necesaria para explicar a nuestros clientes, de forma comprensible, las coberturas y exclusiones de los contratos que intermediamos, adem\u00e1s de asesorar sobre los productos y coberturas existentes que mejor se adaptan a sus necesidades\u201d concluyen.<\/p>\n","protected":false},"excerpt":{"rendered":"<p>Sentencia de indemnizaci\u00f3n a restaurante de Granada por cese de actividad \u2022 Las p\u00f3lizas est\u00e1ndar proporcionan cobertura contra riesgos concretos que no se materializan en&#8230; <a href=\"https:\/\/www.cmalleida.com\/es\/la-interrupcion-de-negocio-por-la-declaracion-de-estado-de-alarma-no-esta-cubierta-en-las-polizas-consejo-general\/\" rel=\"nofollow\" class=\"lollegirmes\">Llegeix m\u00e9s<\/a><\/p>\n","protected":false},"author":149,"featured_media":1873,"comment_status":"closed","ping_status":"closed","sticky":false,"template":"","format":"standard","meta":{"_acf_changed":false,"_genesis_hide_title":false,"_genesis_hide_breadcrumbs":false,"_genesis_hide_singular_image":false,"_genesis_hide_footer_widgets":false,"_genesis_custom_body_class":"","_genesis_custom_post_class":"","_genesis_layout":"","footnotes":""},"categories":[28,62],"tags":[],"class_list":{"0":"post-9418","1":"post","2":"type-post","3":"status-publish","4":"format-standard","5":"has-post-thumbnail","7":"category-actualidad","8":"category-sinistres-es","9":"entry"},"acf":[],"yoast_head":"<!-- This site is optimized with the Yoast SEO plugin v27.2 - https:\/\/yoast.com\/product\/yoast-seo-wordpress\/ -->\n<title>\u201cLa interrupci\u00f3n de negocio por la declaraci\u00f3n de estado de alarma no est\u00e1 cubierta en las p\u00f3lizas\u201d (Consejo General) - Col\u00b7legi de Mediadors d&#039;Assegurances de Lleida<\/title>\n<meta name=\"robots\" content=\"index, follow, max-snippet:-1, max-image-preview:large, max-video-preview:-1\" \/>\n<link rel=\"canonical\" href=\"https:\/\/www.cmalleida.com\/es\/la-interrupcion-de-negocio-por-la-declaracion-de-estado-de-alarma-no-esta-cubierta-en-las-polizas-consejo-general\/\" \/>\n<meta property=\"og:locale\" content=\"es_ES\" \/>\n<meta property=\"og:type\" content=\"article\" \/>\n<meta property=\"og:title\" content=\"\u201cLa interrupci\u00f3n de negocio por la declaraci\u00f3n de estado de alarma no est\u00e1 cubierta en las p\u00f3lizas\u201d (Consejo General) - Col\u00b7legi de Mediadors d&#039;Assegurances de Lleida\" \/>\n<meta property=\"og:description\" content=\"Sentencia de indemnizaci\u00f3n a restaurante de Granada por cese de actividad \u2022 Las p\u00f3lizas est\u00e1ndar proporcionan cobertura contra riesgos concretos que no se materializan en... Llegeix m\u00e9s\" \/>\n<meta property=\"og:url\" content=\"https:\/\/www.cmalleida.com\/es\/la-interrupcion-de-negocio-por-la-declaracion-de-estado-de-alarma-no-esta-cubierta-en-las-polizas-consejo-general\/\" \/>\n<meta property=\"og:site_name\" content=\"Col\u00b7legi de Mediadors d&#039;Assegurances de Lleida\" \/>\n<meta property=\"article:published_time\" content=\"2021-08-27T06:35:30+00:00\" \/>\n<meta property=\"og:image\" content=\"https:\/\/www.cmalleida.com\/wp-content\/uploads\/cmall-lleida-actualitat-daus762.jpg\" \/>\n\t<meta property=\"og:image:width\" content=\"762\" \/>\n\t<meta property=\"og:image:height\" content=\"762\" \/>\n\t<meta property=\"og:image:type\" content=\"image\/jpeg\" \/>\n<meta name=\"author\" content=\"Antonieta Castells Dolcet\" \/>\n<meta name=\"twitter:card\" content=\"summary_large_image\" \/>\n<meta name=\"twitter:label1\" content=\"Written by\" \/>\n\t<meta name=\"twitter:data1\" content=\"Antonieta Castells Dolcet\" \/>\n\t<meta name=\"twitter:label2\" content=\"Est. reading time\" \/>\n\t<meta name=\"twitter:data2\" content=\"2 minutos\" \/>\n<script type=\"application\/ld+json\" class=\"yoast-schema-graph\">{\"@context\":\"https:\/\/schema.org\",\"@graph\":[{\"@type\":\"Article\",\"@id\":\"https:\/\/www.cmalleida.com\/es\/la-interrupcion-de-negocio-por-la-declaracion-de-estado-de-alarma-no-esta-cubierta-en-las-polizas-consejo-general\/#article\",\"isPartOf\":{\"@id\":\"https:\/\/www.cmalleida.com\/es\/la-interrupcion-de-negocio-por-la-declaracion-de-estado-de-alarma-no-esta-cubierta-en-las-polizas-consejo-general\/\"},\"author\":{\"name\":\"Antonieta Castells Dolcet\",\"@id\":\"https:\/\/www.cmalleida.com\/es\/#\/schema\/person\/7461453022a0d6ce41c1e530eb4443b4\"},\"headline\":\"\u201cLa interrupci\u00f3n de negocio por la declaraci\u00f3n de estado de alarma no est\u00e1 cubierta en las p\u00f3lizas\u201d (Consejo General)\",\"datePublished\":\"2021-08-27T06:35:30+00:00\",\"mainEntityOfPage\":{\"@id\":\"https:\/\/www.cmalleida.com\/es\/la-interrupcion-de-negocio-por-la-declaracion-de-estado-de-alarma-no-esta-cubierta-en-las-polizas-consejo-general\/\"},\"wordCount\":469,\"publisher\":{\"@id\":\"https:\/\/www.cmalleida.com\/es\/#organization\"},\"image\":{\"@id\":\"https:\/\/www.cmalleida.com\/es\/la-interrupcion-de-negocio-por-la-declaracion-de-estado-de-alarma-no-esta-cubierta-en-las-polizas-consejo-general\/#primaryimage\"},\"thumbnailUrl\":\"https:\/\/www.cmalleida.com\/wp-content\/uploads\/cmall-lleida-actualitat-daus762.jpg\",\"articleSection\":[\"Actualidad\",\"Sinistres\"],\"inLanguage\":\"es\"},{\"@type\":\"WebPage\",\"@id\":\"https:\/\/www.cmalleida.com\/es\/la-interrupcion-de-negocio-por-la-declaracion-de-estado-de-alarma-no-esta-cubierta-en-las-polizas-consejo-general\/\",\"url\":\"https:\/\/www.cmalleida.com\/es\/la-interrupcion-de-negocio-por-la-declaracion-de-estado-de-alarma-no-esta-cubierta-en-las-polizas-consejo-general\/\",\"name\":\"\u201cLa interrupci\u00f3n de negocio por la declaraci\u00f3n de estado de alarma no est\u00e1 cubierta en las p\u00f3lizas\u201d (Consejo General) - Col\u00b7legi de Mediadors d&#039;Assegurances de Lleida\",\"isPartOf\":{\"@id\":\"https:\/\/www.cmalleida.com\/es\/#website\"},\"primaryImageOfPage\":{\"@id\":\"https:\/\/www.cmalleida.com\/es\/la-interrupcion-de-negocio-por-la-declaracion-de-estado-de-alarma-no-esta-cubierta-en-las-polizas-consejo-general\/#primaryimage\"},\"image\":{\"@id\":\"https:\/\/www.cmalleida.com\/es\/la-interrupcion-de-negocio-por-la-declaracion-de-estado-de-alarma-no-esta-cubierta-en-las-polizas-consejo-general\/#primaryimage\"},\"thumbnailUrl\":\"https:\/\/www.cmalleida.com\/wp-content\/uploads\/cmall-lleida-actualitat-daus762.jpg\",\"datePublished\":\"2021-08-27T06:35:30+00:00\",\"breadcrumb\":{\"@id\":\"https:\/\/www.cmalleida.com\/es\/la-interrupcion-de-negocio-por-la-declaracion-de-estado-de-alarma-no-esta-cubierta-en-las-polizas-consejo-general\/#breadcrumb\"},\"inLanguage\":\"es\",\"potentialAction\":[{\"@type\":\"ReadAction\",\"target\":[\"https:\/\/www.cmalleida.com\/es\/la-interrupcion-de-negocio-por-la-declaracion-de-estado-de-alarma-no-esta-cubierta-en-las-polizas-consejo-general\/\"]}]},{\"@type\":\"ImageObject\",\"inLanguage\":\"es\",\"@id\":\"https:\/\/www.cmalleida.com\/es\/la-interrupcion-de-negocio-por-la-declaracion-de-estado-de-alarma-no-esta-cubierta-en-las-polizas-consejo-general\/#primaryimage\",\"url\":\"https:\/\/www.cmalleida.com\/wp-content\/uploads\/cmall-lleida-actualitat-daus762.jpg\",\"contentUrl\":\"https:\/\/www.cmalleida.com\/wp-content\/uploads\/cmall-lleida-actualitat-daus762.jpg\",\"width\":762,\"height\":762,\"caption\":\"cmall-lleida-actualitat-DAUS762\"},{\"@type\":\"BreadcrumbList\",\"@id\":\"https:\/\/www.cmalleida.com\/es\/la-interrupcion-de-negocio-por-la-declaracion-de-estado-de-alarma-no-esta-cubierta-en-las-polizas-consejo-general\/#breadcrumb\",\"itemListElement\":[{\"@type\":\"ListItem\",\"position\":1,\"name\":\"Inici\",\"item\":\"https:\/\/www.cmalleida.com\/es\/\"},{\"@type\":\"ListItem\",\"position\":2,\"name\":\"\u201cLa interrupci\u00f3n de negocio por la declaraci\u00f3n de estado de alarma no est\u00e1 cubierta en las p\u00f3lizas\u201d (Consejo General)\"}]},{\"@type\":\"WebSite\",\"@id\":\"https:\/\/www.cmalleida.com\/es\/#website\",\"url\":\"https:\/\/www.cmalleida.com\/es\/\",\"name\":\"Col\u00b7legi de Mediadors d&#039;Assegurances de Lleida\",\"description\":\"Otro sitio realizado con WordPress\",\"publisher\":{\"@id\":\"https:\/\/www.cmalleida.com\/es\/#organization\"},\"potentialAction\":[{\"@type\":\"SearchAction\",\"target\":{\"@type\":\"EntryPoint\",\"urlTemplate\":\"https:\/\/www.cmalleida.com\/es\/?s={search_term_string}\"},\"query-input\":{\"@type\":\"PropertyValueSpecification\",\"valueRequired\":true,\"valueName\":\"search_term_string\"}}],\"inLanguage\":\"es\"},{\"@type\":\"Organization\",\"@id\":\"https:\/\/www.cmalleida.com\/es\/#organization\",\"name\":\"Col\u00b7legi de Mediadors d'Assegurances de Lleida\",\"url\":\"https:\/\/www.cmalleida.com\/es\/\",\"logo\":{\"@type\":\"ImageObject\",\"inLanguage\":\"es\",\"@id\":\"https:\/\/www.cmalleida.com\/es\/#\/schema\/logo\/image\/\",\"url\":\"\",\"contentUrl\":\"\",\"caption\":\"Col\u00b7legi de Mediadors d'Assegurances de Lleida\"},\"image\":{\"@id\":\"https:\/\/www.cmalleida.com\/es\/#\/schema\/logo\/image\/\"}},{\"@type\":\"Person\",\"@id\":\"https:\/\/www.cmalleida.com\/es\/#\/schema\/person\/7461453022a0d6ce41c1e530eb4443b4\",\"name\":\"Antonieta Castells Dolcet\",\"image\":{\"@type\":\"ImageObject\",\"inLanguage\":\"es\",\"@id\":\"https:\/\/secure.gravatar.com\/avatar\/7738df9a8ff2d12e8b37d088ff0e3e36016e57ab29e5db27ba4fb758a81ea3cb?s=96&d=mm&r=g\",\"url\":\"https:\/\/secure.gravatar.com\/avatar\/7738df9a8ff2d12e8b37d088ff0e3e36016e57ab29e5db27ba4fb758a81ea3cb?s=96&d=mm&r=g\",\"contentUrl\":\"https:\/\/secure.gravatar.com\/avatar\/7738df9a8ff2d12e8b37d088ff0e3e36016e57ab29e5db27ba4fb758a81ea3cb?s=96&d=mm&r=g\",\"caption\":\"Antonieta Castells Dolcet\"},\"sameAs\":[\"http:\/\/www.cmalleida.com\"]}]}<\/script>\n<!-- \/ Yoast SEO plugin. -->","yoast_head_json":{"title":"\u201cLa interrupci\u00f3n de negocio por la declaraci\u00f3n de estado de alarma no est\u00e1 cubierta en las p\u00f3lizas\u201d (Consejo General) - Col\u00b7legi de Mediadors d&#039;Assegurances de Lleida","robots":{"index":"index","follow":"follow","max-snippet":"max-snippet:-1","max-image-preview":"max-image-preview:large","max-video-preview":"max-video-preview:-1"},"canonical":"https:\/\/www.cmalleida.com\/es\/la-interrupcion-de-negocio-por-la-declaracion-de-estado-de-alarma-no-esta-cubierta-en-las-polizas-consejo-general\/","og_locale":"es_ES","og_type":"article","og_title":"\u201cLa interrupci\u00f3n de negocio por la declaraci\u00f3n de estado de alarma no est\u00e1 cubierta en las p\u00f3lizas\u201d (Consejo General) - Col\u00b7legi de Mediadors d&#039;Assegurances de Lleida","og_description":"Sentencia de indemnizaci\u00f3n a restaurante de Granada por cese de actividad \u2022 Las p\u00f3lizas est\u00e1ndar proporcionan cobertura contra riesgos concretos que no se materializan en... Llegeix m\u00e9s","og_url":"https:\/\/www.cmalleida.com\/es\/la-interrupcion-de-negocio-por-la-declaracion-de-estado-de-alarma-no-esta-cubierta-en-las-polizas-consejo-general\/","og_site_name":"Col\u00b7legi de Mediadors d&#039;Assegurances de Lleida","article_published_time":"2021-08-27T06:35:30+00:00","og_image":[{"width":762,"height":762,"url":"https:\/\/www.cmalleida.com\/wp-content\/uploads\/cmall-lleida-actualitat-daus762.jpg","type":"image\/jpeg"}],"author":"Antonieta Castells Dolcet","twitter_card":"summary_large_image","twitter_misc":{"Written by":"Antonieta Castells Dolcet","Est. reading time":"2 minutos"},"schema":{"@context":"https:\/\/schema.org","@graph":[{"@type":"Article","@id":"https:\/\/www.cmalleida.com\/es\/la-interrupcion-de-negocio-por-la-declaracion-de-estado-de-alarma-no-esta-cubierta-en-las-polizas-consejo-general\/#article","isPartOf":{"@id":"https:\/\/www.cmalleida.com\/es\/la-interrupcion-de-negocio-por-la-declaracion-de-estado-de-alarma-no-esta-cubierta-en-las-polizas-consejo-general\/"},"author":{"name":"Antonieta Castells Dolcet","@id":"https:\/\/www.cmalleida.com\/es\/#\/schema\/person\/7461453022a0d6ce41c1e530eb4443b4"},"headline":"\u201cLa interrupci\u00f3n de negocio por la declaraci\u00f3n de estado de alarma no est\u00e1 cubierta en las p\u00f3lizas\u201d (Consejo General)","datePublished":"2021-08-27T06:35:30+00:00","mainEntityOfPage":{"@id":"https:\/\/www.cmalleida.com\/es\/la-interrupcion-de-negocio-por-la-declaracion-de-estado-de-alarma-no-esta-cubierta-en-las-polizas-consejo-general\/"},"wordCount":469,"publisher":{"@id":"https:\/\/www.cmalleida.com\/es\/#organization"},"image":{"@id":"https:\/\/www.cmalleida.com\/es\/la-interrupcion-de-negocio-por-la-declaracion-de-estado-de-alarma-no-esta-cubierta-en-las-polizas-consejo-general\/#primaryimage"},"thumbnailUrl":"https:\/\/www.cmalleida.com\/wp-content\/uploads\/cmall-lleida-actualitat-daus762.jpg","articleSection":["Actualidad","Sinistres"],"inLanguage":"es"},{"@type":"WebPage","@id":"https:\/\/www.cmalleida.com\/es\/la-interrupcion-de-negocio-por-la-declaracion-de-estado-de-alarma-no-esta-cubierta-en-las-polizas-consejo-general\/","url":"https:\/\/www.cmalleida.com\/es\/la-interrupcion-de-negocio-por-la-declaracion-de-estado-de-alarma-no-esta-cubierta-en-las-polizas-consejo-general\/","name":"\u201cLa interrupci\u00f3n de negocio por la declaraci\u00f3n de estado de alarma no est\u00e1 cubierta en las p\u00f3lizas\u201d (Consejo General) - Col\u00b7legi de Mediadors d&#039;Assegurances de Lleida","isPartOf":{"@id":"https:\/\/www.cmalleida.com\/es\/#website"},"primaryImageOfPage":{"@id":"https:\/\/www.cmalleida.com\/es\/la-interrupcion-de-negocio-por-la-declaracion-de-estado-de-alarma-no-esta-cubierta-en-las-polizas-consejo-general\/#primaryimage"},"image":{"@id":"https:\/\/www.cmalleida.com\/es\/la-interrupcion-de-negocio-por-la-declaracion-de-estado-de-alarma-no-esta-cubierta-en-las-polizas-consejo-general\/#primaryimage"},"thumbnailUrl":"https:\/\/www.cmalleida.com\/wp-content\/uploads\/cmall-lleida-actualitat-daus762.jpg","datePublished":"2021-08-27T06:35:30+00:00","breadcrumb":{"@id":"https:\/\/www.cmalleida.com\/es\/la-interrupcion-de-negocio-por-la-declaracion-de-estado-de-alarma-no-esta-cubierta-en-las-polizas-consejo-general\/#breadcrumb"},"inLanguage":"es","potentialAction":[{"@type":"ReadAction","target":["https:\/\/www.cmalleida.com\/es\/la-interrupcion-de-negocio-por-la-declaracion-de-estado-de-alarma-no-esta-cubierta-en-las-polizas-consejo-general\/"]}]},{"@type":"ImageObject","inLanguage":"es","@id":"https:\/\/www.cmalleida.com\/es\/la-interrupcion-de-negocio-por-la-declaracion-de-estado-de-alarma-no-esta-cubierta-en-las-polizas-consejo-general\/#primaryimage","url":"https:\/\/www.cmalleida.com\/wp-content\/uploads\/cmall-lleida-actualitat-daus762.jpg","contentUrl":"https:\/\/www.cmalleida.com\/wp-content\/uploads\/cmall-lleida-actualitat-daus762.jpg","width":762,"height":762,"caption":"cmall-lleida-actualitat-DAUS762"},{"@type":"BreadcrumbList","@id":"https:\/\/www.cmalleida.com\/es\/la-interrupcion-de-negocio-por-la-declaracion-de-estado-de-alarma-no-esta-cubierta-en-las-polizas-consejo-general\/#breadcrumb","itemListElement":[{"@type":"ListItem","position":1,"name":"Inici","item":"https:\/\/www.cmalleida.com\/es\/"},{"@type":"ListItem","position":2,"name":"\u201cLa interrupci\u00f3n de negocio por la declaraci\u00f3n de estado de alarma no est\u00e1 cubierta en las p\u00f3lizas\u201d (Consejo General)"}]},{"@type":"WebSite","@id":"https:\/\/www.cmalleida.com\/es\/#website","url":"https:\/\/www.cmalleida.com\/es\/","name":"Col\u00b7legi de Mediadors d&#039;Assegurances de Lleida","description":"Otro sitio realizado con WordPress","publisher":{"@id":"https:\/\/www.cmalleida.com\/es\/#organization"},"potentialAction":[{"@type":"SearchAction","target":{"@type":"EntryPoint","urlTemplate":"https:\/\/www.cmalleida.com\/es\/?s={search_term_string}"},"query-input":{"@type":"PropertyValueSpecification","valueRequired":true,"valueName":"search_term_string"}}],"inLanguage":"es"},{"@type":"Organization","@id":"https:\/\/www.cmalleida.com\/es\/#organization","name":"Col\u00b7legi de Mediadors d'Assegurances de Lleida","url":"https:\/\/www.cmalleida.com\/es\/","logo":{"@type":"ImageObject","inLanguage":"es","@id":"https:\/\/www.cmalleida.com\/es\/#\/schema\/logo\/image\/","url":"","contentUrl":"","caption":"Col\u00b7legi de Mediadors d'Assegurances de Lleida"},"image":{"@id":"https:\/\/www.cmalleida.com\/es\/#\/schema\/logo\/image\/"}},{"@type":"Person","@id":"https:\/\/www.cmalleida.com\/es\/#\/schema\/person\/7461453022a0d6ce41c1e530eb4443b4","name":"Antonieta Castells Dolcet","image":{"@type":"ImageObject","inLanguage":"es","@id":"https:\/\/secure.gravatar.com\/avatar\/7738df9a8ff2d12e8b37d088ff0e3e36016e57ab29e5db27ba4fb758a81ea3cb?s=96&d=mm&r=g","url":"https:\/\/secure.gravatar.com\/avatar\/7738df9a8ff2d12e8b37d088ff0e3e36016e57ab29e5db27ba4fb758a81ea3cb?s=96&d=mm&r=g","contentUrl":"https:\/\/secure.gravatar.com\/avatar\/7738df9a8ff2d12e8b37d088ff0e3e36016e57ab29e5db27ba4fb758a81ea3cb?s=96&d=mm&r=g","caption":"Antonieta Castells Dolcet"},"sameAs":["http:\/\/www.cmalleida.com"]}]}},"_links":{"self":[{"href":"https:\/\/www.cmalleida.com\/es\/wp-json\/wp\/v2\/posts\/9418","targetHints":{"allow":["GET"]}}],"collection":[{"href":"https:\/\/www.cmalleida.com\/es\/wp-json\/wp\/v2\/posts"}],"about":[{"href":"https:\/\/www.cmalleida.com\/es\/wp-json\/wp\/v2\/types\/post"}],"author":[{"embeddable":true,"href":"https:\/\/www.cmalleida.com\/es\/wp-json\/wp\/v2\/users\/149"}],"replies":[{"embeddable":true,"href":"https:\/\/www.cmalleida.com\/es\/wp-json\/wp\/v2\/comments?post=9418"}],"version-history":[{"count":1,"href":"https:\/\/www.cmalleida.com\/es\/wp-json\/wp\/v2\/posts\/9418\/revisions"}],"predecessor-version":[{"id":9419,"href":"https:\/\/www.cmalleida.com\/es\/wp-json\/wp\/v2\/posts\/9418\/revisions\/9419"}],"wp:featuredmedia":[{"embeddable":true,"href":"https:\/\/www.cmalleida.com\/es\/wp-json\/wp\/v2\/media\/1873"}],"wp:attachment":[{"href":"https:\/\/www.cmalleida.com\/es\/wp-json\/wp\/v2\/media?parent=9418"}],"wp:term":[{"taxonomy":"category","embeddable":true,"href":"https:\/\/www.cmalleida.com\/es\/wp-json\/wp\/v2\/categories?post=9418"},{"taxonomy":"post_tag","embeddable":true,"href":"https:\/\/www.cmalleida.com\/es\/wp-json\/wp\/v2\/tags?post=9418"}],"curies":[{"name":"wp","href":"https:\/\/api.w.org\/{rel}","templated":true}]}}