{"id":9400,"date":"2021-07-30T08:35:25","date_gmt":"2021-07-30T06:35:25","guid":{"rendered":"https:\/\/www.cmalleida.com\/?p=9400"},"modified":"2021-07-30T08:35:25","modified_gmt":"2021-07-30T06:35:25","slug":"seguros-en-autonomos-cuando-son-obligatorios-y-cuanto-cuestan-cinco-dias","status":"publish","type":"post","link":"https:\/\/www.cmalleida.com\/es\/seguros-en-autonomos-cuando-son-obligatorios-y-cuanto-cuestan-cinco-dias\/","title":{"rendered":"Seguros en aut\u00f3nomos. \u00bfCu\u00e1ndo son obligatorios y cu\u00e1nto cuestan? (Cinco D\u00edas))"},"content":{"rendered":"<header id=\"articulo-encabezado\" class=\"articulo-encabezado \">\n<div id=\"articulo-titulares\" class=\"articulo-titulares\">\n<h4 id=\"articulo-titulo\" class=\"articulo-titulo \"><span style=\"font-size: 16px;\">Se les recomienda tener uno de responsabilidad civil, por baja laboral y de salud.<\/span><\/h4>\n<\/div>\n<div class=\"firma \">\n<div class=\"autor\">\n<div class=\"autor-texto\"><span class=\"autor-nombre\"><a title=\"Ver todas las noticias de Roc\u00edo Gonz\u00e1lez\" href=\"https:\/\/cincodias.elpais.com\/autor\/rocio_gonzalez_garcia\/a\/\">ROC\u00cdO GONZ\u00c1LEZ<\/a>\u00a0 \u00a0 \u00a0 \u00a0<\/span><span class=\"articulo-localizaciones\"><span class=\"articulo-localizacion\">Madrid\u00a0<\/span><\/span>\u00a0<time class=\"articulo-actualizado\" datetime=\"2021-07-26T20:05:15+02:00\"><a title=\"Ver todas las noticias de esta fecha\" href=\"https:\/\/cincodias.elpais.com\/tag\/fecha\/20210726\">26 JUL 2021 &#8211; 20:05\u00a0<abbr title=\"Central European Summer Time\">CEST<\/abbr><\/a><\/time><\/div>\n<\/div>\n<\/div>\n<\/header>\n<div id=\"articulo__contenedor\" class=\"articulo__contenedor\">\n<div id=\"cuerpo_noticia\" class=\"articulo-cuerpo\">\n<p>Los seguros para aut\u00f3nomos son, en la mayor\u00eda de los casos, una garant\u00eda para el profesional independiente. Les ayuda a hacer frente a posibles imprevistos y a acontecimientos que pueden surgir en el desarrollo de su actividad profesional. Algunos de los seguros recomendables son, seg\u00fan\u00a0<a href=\"https:\/\/nomo.es\/\">Nomo<\/a>, el seguro de responsabilidad civil y el de baja laboral.<\/p>\n<div id=\"cds_gpt-INTEXT\" data-google-query-id=\"CLXo05OWivICFYRFGwoduCEEZQ\">\n<div id=\"google_ads_iframe_7811748\/elpais_finanzas_cincodias_territorio_pyme_web\/autonomos\/noticias\/intext_0__container__\">El seguro de responsabilidad civil es obligatorio siempre que el profesional tenga un local abierto al p\u00fablico. Este seguro cubre cualquier da\u00f1o que se cause a un tercero. No necesariamente se tiene que tener un local abierto al p\u00fablico para causar da\u00f1os a terceros, tambi\u00e9n hay profesiones en las que no es necesario que el local est\u00e9 abierto al p\u00fablico para originar da\u00f1os a terceros. Todo ese tipo de negligencias son las que cubren los seguros de responsabilidad civil.<\/div>\n<\/div>\n<div id=\"sm-it-main-container-1627626762663\" class=\"sm-it-main-container\" data-it=\"65a9d58f-5a83-4b7d-a319-35c5c36d5b07\" data-device=\"desktop\" data-index=\"0\">\n<div id=\"sm-reference-1627626762663\" class=\"sm-reference\">Los precios de estos seguros suelen variar en funci\u00f3n de la actividad y el local, aunque el precio anual puede rondar entre los 150 euros en aquellos casos de menor riesgo y los 700 euros cuando se trate de profesiones con m\u00e1s riesgo.<\/div>\n<\/div>\n<p><strong>Seguro por baja laboral<\/strong><\/p>\n<p>Otro de los seguros indispensables es el de baja laboral. La incertidumbre en la vida profesional del aut\u00f3nomo es mayor que la que puede sufrir un asalariado y la compensaci\u00f3n econ\u00f3mica que eso conlleva, aunque es suficiente, a veces no cubre los gastos a los que debe hacer frente el profesional si tiene que cogerse la baja. Para evitar esa incertidumbre existen esos seguros.<\/p>\n<p>Las coberturas de los seguros por baja son la percepci\u00f3n de una indemnizaci\u00f3n adicional a la de la seguridad social, disponer de coberturas en el extranjero y la posibilidad de recibir anticipos en caso de ser necesario.<\/p>\n<p>Cabe destacar que existen dos tipos de seguro de baja laboral, el baremado y el no baremado. En el primero de los casos se otorga una indemnizaci\u00f3n fija, independientemente de los d\u00edas que se est\u00e9 de baja. En el segundo de los casos se indemniza solo por los d\u00edas en los que se est\u00e9 de baja llegando a un m\u00e1ximo de 365 d\u00edas naturales. Los precios del seguro de baja pueden costar a partir de los 250 euros.<\/p>\n<p>Finalmente, existe tambi\u00e9n un seguro de salud que cubre la asistencia en Atenci\u00f3n Primaria, la asistencia hospitalaria, las pruebas diagn\u00f3sticas, las intervenciones quir\u00fargicas o la asistencia en el extranjero.<\/p>\n<\/div>\n<\/div>\n","protected":false},"excerpt":{"rendered":"<p>Se les recomienda tener uno de responsabilidad civil, por baja laboral y de salud. ROC\u00cdO GONZ\u00c1LEZ\u00a0 \u00a0 \u00a0 \u00a0Madrid\u00a0\u00a026 JUL 2021 &#8211; 20:05\u00a0CEST Los seguros&#8230; <a href=\"https:\/\/www.cmalleida.com\/es\/seguros-en-autonomos-cuando-son-obligatorios-y-cuanto-cuestan-cinco-dias\/\" rel=\"nofollow\" class=\"lollegirmes\">Llegeix m\u00e9s<\/a><\/p>\n","protected":false},"author":149,"featured_media":1927,"comment_status":"closed","ping_status":"closed","sticky":false,"template":"","format":"standard","meta":{"_acf_changed":false,"_genesis_hide_title":false,"_genesis_hide_breadcrumbs":false,"_genesis_hide_singular_image":false,"_genesis_hide_footer_widgets":false,"_genesis_custom_body_class":"","_genesis_custom_post_class":"","_genesis_layout":"","footnotes":""},"categories":[28,96],"tags":[],"class_list":{"0":"post-9400","1":"post","2":"type-post","3":"status-publish","4":"format-standard","5":"has-post-thumbnail","7":"category-actualidad","8":"category-seguros","9":"entry"},"acf":[],"yoast_head":"<!-- This site is optimized with the Yoast SEO plugin v27.2 - https:\/\/yoast.com\/product\/yoast-seo-wordpress\/ -->\n<title>Seguros en aut\u00f3nomos. \u00bfCu\u00e1ndo son obligatorios y cu\u00e1nto cuestan? (Cinco D\u00edas)) - Col\u00b7legi de Mediadors d&#039;Assegurances de Lleida<\/title>\n<meta name=\"robots\" content=\"index, follow, max-snippet:-1, max-image-preview:large, max-video-preview:-1\" \/>\n<link rel=\"canonical\" href=\"https:\/\/www.cmalleida.com\/es\/seguros-en-autonomos-cuando-son-obligatorios-y-cuanto-cuestan-cinco-dias\/\" \/>\n<meta property=\"og:locale\" content=\"es_ES\" \/>\n<meta property=\"og:type\" content=\"article\" \/>\n<meta property=\"og:title\" content=\"Seguros en aut\u00f3nomos. \u00bfCu\u00e1ndo son obligatorios y cu\u00e1nto cuestan? (Cinco D\u00edas)) - Col\u00b7legi de Mediadors d&#039;Assegurances de Lleida\" \/>\n<meta property=\"og:description\" content=\"Se les recomienda tener uno de responsabilidad civil, por baja laboral y de salud. ROC\u00cdO GONZ\u00c1LEZ\u00a0 \u00a0 \u00a0 \u00a0Madrid\u00a0\u00a026 JUL 2021 &#8211; 20:05\u00a0CEST Los seguros... Llegeix m\u00e9s\" \/>\n<meta property=\"og:url\" content=\"https:\/\/www.cmalleida.com\/es\/seguros-en-autonomos-cuando-son-obligatorios-y-cuanto-cuestan-cinco-dias\/\" \/>\n<meta property=\"og:site_name\" content=\"Col\u00b7legi de Mediadors d&#039;Assegurances de Lleida\" \/>\n<meta property=\"article:published_time\" content=\"2021-07-30T06:35:25+00:00\" \/>\n<meta property=\"og:image\" content=\"https:\/\/www.cmalleida.com\/wp-content\/uploads\/cmall-lleida-actualitat-conferencia762.jpg\" \/>\n\t<meta property=\"og:image:width\" content=\"762\" \/>\n\t<meta property=\"og:image:height\" content=\"762\" \/>\n\t<meta property=\"og:image:type\" content=\"image\/jpeg\" \/>\n<meta name=\"author\" content=\"Antonieta Castells Dolcet\" \/>\n<meta name=\"twitter:card\" content=\"summary_large_image\" \/>\n<meta name=\"twitter:label1\" content=\"Written by\" \/>\n\t<meta name=\"twitter:data1\" content=\"Antonieta Castells Dolcet\" \/>\n\t<meta name=\"twitter:label2\" content=\"Est. reading time\" \/>\n\t<meta name=\"twitter:data2\" content=\"2 minutos\" \/>\n<script type=\"application\/ld+json\" class=\"yoast-schema-graph\">{\"@context\":\"https:\/\/schema.org\",\"@graph\":[{\"@type\":\"Article\",\"@id\":\"https:\/\/www.cmalleida.com\/es\/seguros-en-autonomos-cuando-son-obligatorios-y-cuanto-cuestan-cinco-dias\/#article\",\"isPartOf\":{\"@id\":\"https:\/\/www.cmalleida.com\/es\/seguros-en-autonomos-cuando-son-obligatorios-y-cuanto-cuestan-cinco-dias\/\"},\"author\":{\"name\":\"Antonieta Castells Dolcet\",\"@id\":\"https:\/\/www.cmalleida.com\/es\/#\/schema\/person\/7461453022a0d6ce41c1e530eb4443b4\"},\"headline\":\"Seguros en aut\u00f3nomos. \u00bfCu\u00e1ndo son obligatorios y cu\u00e1nto cuestan? (Cinco D\u00edas))\",\"datePublished\":\"2021-07-30T06:35:25+00:00\",\"mainEntityOfPage\":{\"@id\":\"https:\/\/www.cmalleida.com\/es\/seguros-en-autonomos-cuando-son-obligatorios-y-cuanto-cuestan-cinco-dias\/\"},\"wordCount\":450,\"publisher\":{\"@id\":\"https:\/\/www.cmalleida.com\/es\/#organization\"},\"image\":{\"@id\":\"https:\/\/www.cmalleida.com\/es\/seguros-en-autonomos-cuando-son-obligatorios-y-cuanto-cuestan-cinco-dias\/#primaryimage\"},\"thumbnailUrl\":\"https:\/\/www.cmalleida.com\/wp-content\/uploads\/cmall-lleida-actualitat-conferencia762.jpg\",\"articleSection\":[\"Actualidad\",\"Seguros\"],\"inLanguage\":\"es\"},{\"@type\":\"WebPage\",\"@id\":\"https:\/\/www.cmalleida.com\/es\/seguros-en-autonomos-cuando-son-obligatorios-y-cuanto-cuestan-cinco-dias\/\",\"url\":\"https:\/\/www.cmalleida.com\/es\/seguros-en-autonomos-cuando-son-obligatorios-y-cuanto-cuestan-cinco-dias\/\",\"name\":\"Seguros en aut\u00f3nomos. \u00bfCu\u00e1ndo son obligatorios y cu\u00e1nto cuestan? (Cinco D\u00edas)) - Col\u00b7legi de Mediadors d&#039;Assegurances de Lleida\",\"isPartOf\":{\"@id\":\"https:\/\/www.cmalleida.com\/es\/#website\"},\"primaryImageOfPage\":{\"@id\":\"https:\/\/www.cmalleida.com\/es\/seguros-en-autonomos-cuando-son-obligatorios-y-cuanto-cuestan-cinco-dias\/#primaryimage\"},\"image\":{\"@id\":\"https:\/\/www.cmalleida.com\/es\/seguros-en-autonomos-cuando-son-obligatorios-y-cuanto-cuestan-cinco-dias\/#primaryimage\"},\"thumbnailUrl\":\"https:\/\/www.cmalleida.com\/wp-content\/uploads\/cmall-lleida-actualitat-conferencia762.jpg\",\"datePublished\":\"2021-07-30T06:35:25+00:00\",\"breadcrumb\":{\"@id\":\"https:\/\/www.cmalleida.com\/es\/seguros-en-autonomos-cuando-son-obligatorios-y-cuanto-cuestan-cinco-dias\/#breadcrumb\"},\"inLanguage\":\"es\",\"potentialAction\":[{\"@type\":\"ReadAction\",\"target\":[\"https:\/\/www.cmalleida.com\/es\/seguros-en-autonomos-cuando-son-obligatorios-y-cuanto-cuestan-cinco-dias\/\"]}]},{\"@type\":\"ImageObject\",\"inLanguage\":\"es\",\"@id\":\"https:\/\/www.cmalleida.com\/es\/seguros-en-autonomos-cuando-son-obligatorios-y-cuanto-cuestan-cinco-dias\/#primaryimage\",\"url\":\"https:\/\/www.cmalleida.com\/wp-content\/uploads\/cmall-lleida-actualitat-conferencia762.jpg\",\"contentUrl\":\"https:\/\/www.cmalleida.com\/wp-content\/uploads\/cmall-lleida-actualitat-conferencia762.jpg\",\"width\":762,\"height\":762,\"caption\":\"cmall-lleida-actualitat-conferencia762\"},{\"@type\":\"BreadcrumbList\",\"@id\":\"https:\/\/www.cmalleida.com\/es\/seguros-en-autonomos-cuando-son-obligatorios-y-cuanto-cuestan-cinco-dias\/#breadcrumb\",\"itemListElement\":[{\"@type\":\"ListItem\",\"position\":1,\"name\":\"Inici\",\"item\":\"https:\/\/www.cmalleida.com\/es\/\"},{\"@type\":\"ListItem\",\"position\":2,\"name\":\"Seguros en aut\u00f3nomos. \u00bfCu\u00e1ndo son obligatorios y cu\u00e1nto cuestan? (Cinco D\u00edas))\"}]},{\"@type\":\"WebSite\",\"@id\":\"https:\/\/www.cmalleida.com\/es\/#website\",\"url\":\"https:\/\/www.cmalleida.com\/es\/\",\"name\":\"Col\u00b7legi de Mediadors d&#039;Assegurances de Lleida\",\"description\":\"Otro sitio realizado con WordPress\",\"publisher\":{\"@id\":\"https:\/\/www.cmalleida.com\/es\/#organization\"},\"potentialAction\":[{\"@type\":\"SearchAction\",\"target\":{\"@type\":\"EntryPoint\",\"urlTemplate\":\"https:\/\/www.cmalleida.com\/es\/?s={search_term_string}\"},\"query-input\":{\"@type\":\"PropertyValueSpecification\",\"valueRequired\":true,\"valueName\":\"search_term_string\"}}],\"inLanguage\":\"es\"},{\"@type\":\"Organization\",\"@id\":\"https:\/\/www.cmalleida.com\/es\/#organization\",\"name\":\"Col\u00b7legi de Mediadors d'Assegurances de Lleida\",\"url\":\"https:\/\/www.cmalleida.com\/es\/\",\"logo\":{\"@type\":\"ImageObject\",\"inLanguage\":\"es\",\"@id\":\"https:\/\/www.cmalleida.com\/es\/#\/schema\/logo\/image\/\",\"url\":\"\",\"contentUrl\":\"\",\"caption\":\"Col\u00b7legi de Mediadors d'Assegurances de Lleida\"},\"image\":{\"@id\":\"https:\/\/www.cmalleida.com\/es\/#\/schema\/logo\/image\/\"}},{\"@type\":\"Person\",\"@id\":\"https:\/\/www.cmalleida.com\/es\/#\/schema\/person\/7461453022a0d6ce41c1e530eb4443b4\",\"name\":\"Antonieta Castells Dolcet\",\"image\":{\"@type\":\"ImageObject\",\"inLanguage\":\"es\",\"@id\":\"https:\/\/secure.gravatar.com\/avatar\/7738df9a8ff2d12e8b37d088ff0e3e36016e57ab29e5db27ba4fb758a81ea3cb?s=96&d=mm&r=g\",\"url\":\"https:\/\/secure.gravatar.com\/avatar\/7738df9a8ff2d12e8b37d088ff0e3e36016e57ab29e5db27ba4fb758a81ea3cb?s=96&d=mm&r=g\",\"contentUrl\":\"https:\/\/secure.gravatar.com\/avatar\/7738df9a8ff2d12e8b37d088ff0e3e36016e57ab29e5db27ba4fb758a81ea3cb?s=96&d=mm&r=g\",\"caption\":\"Antonieta Castells Dolcet\"},\"sameAs\":[\"http:\/\/www.cmalleida.com\"]}]}<\/script>\n<!-- \/ Yoast SEO plugin. -->","yoast_head_json":{"title":"Seguros en aut\u00f3nomos. \u00bfCu\u00e1ndo son obligatorios y cu\u00e1nto cuestan? (Cinco D\u00edas)) - Col\u00b7legi de Mediadors d&#039;Assegurances de Lleida","robots":{"index":"index","follow":"follow","max-snippet":"max-snippet:-1","max-image-preview":"max-image-preview:large","max-video-preview":"max-video-preview:-1"},"canonical":"https:\/\/www.cmalleida.com\/es\/seguros-en-autonomos-cuando-son-obligatorios-y-cuanto-cuestan-cinco-dias\/","og_locale":"es_ES","og_type":"article","og_title":"Seguros en aut\u00f3nomos. \u00bfCu\u00e1ndo son obligatorios y cu\u00e1nto cuestan? (Cinco D\u00edas)) - Col\u00b7legi de Mediadors d&#039;Assegurances de Lleida","og_description":"Se les recomienda tener uno de responsabilidad civil, por baja laboral y de salud. ROC\u00cdO GONZ\u00c1LEZ\u00a0 \u00a0 \u00a0 \u00a0Madrid\u00a0\u00a026 JUL 2021 &#8211; 20:05\u00a0CEST Los seguros... Llegeix m\u00e9s","og_url":"https:\/\/www.cmalleida.com\/es\/seguros-en-autonomos-cuando-son-obligatorios-y-cuanto-cuestan-cinco-dias\/","og_site_name":"Col\u00b7legi de Mediadors d&#039;Assegurances de Lleida","article_published_time":"2021-07-30T06:35:25+00:00","og_image":[{"width":762,"height":762,"url":"https:\/\/www.cmalleida.com\/wp-content\/uploads\/cmall-lleida-actualitat-conferencia762.jpg","type":"image\/jpeg"}],"author":"Antonieta Castells Dolcet","twitter_card":"summary_large_image","twitter_misc":{"Written by":"Antonieta Castells Dolcet","Est. reading time":"2 minutos"},"schema":{"@context":"https:\/\/schema.org","@graph":[{"@type":"Article","@id":"https:\/\/www.cmalleida.com\/es\/seguros-en-autonomos-cuando-son-obligatorios-y-cuanto-cuestan-cinco-dias\/#article","isPartOf":{"@id":"https:\/\/www.cmalleida.com\/es\/seguros-en-autonomos-cuando-son-obligatorios-y-cuanto-cuestan-cinco-dias\/"},"author":{"name":"Antonieta Castells Dolcet","@id":"https:\/\/www.cmalleida.com\/es\/#\/schema\/person\/7461453022a0d6ce41c1e530eb4443b4"},"headline":"Seguros en aut\u00f3nomos. \u00bfCu\u00e1ndo son obligatorios y cu\u00e1nto cuestan? (Cinco D\u00edas))","datePublished":"2021-07-30T06:35:25+00:00","mainEntityOfPage":{"@id":"https:\/\/www.cmalleida.com\/es\/seguros-en-autonomos-cuando-son-obligatorios-y-cuanto-cuestan-cinco-dias\/"},"wordCount":450,"publisher":{"@id":"https:\/\/www.cmalleida.com\/es\/#organization"},"image":{"@id":"https:\/\/www.cmalleida.com\/es\/seguros-en-autonomos-cuando-son-obligatorios-y-cuanto-cuestan-cinco-dias\/#primaryimage"},"thumbnailUrl":"https:\/\/www.cmalleida.com\/wp-content\/uploads\/cmall-lleida-actualitat-conferencia762.jpg","articleSection":["Actualidad","Seguros"],"inLanguage":"es"},{"@type":"WebPage","@id":"https:\/\/www.cmalleida.com\/es\/seguros-en-autonomos-cuando-son-obligatorios-y-cuanto-cuestan-cinco-dias\/","url":"https:\/\/www.cmalleida.com\/es\/seguros-en-autonomos-cuando-son-obligatorios-y-cuanto-cuestan-cinco-dias\/","name":"Seguros en aut\u00f3nomos. \u00bfCu\u00e1ndo son obligatorios y cu\u00e1nto cuestan? (Cinco D\u00edas)) - Col\u00b7legi de Mediadors d&#039;Assegurances de Lleida","isPartOf":{"@id":"https:\/\/www.cmalleida.com\/es\/#website"},"primaryImageOfPage":{"@id":"https:\/\/www.cmalleida.com\/es\/seguros-en-autonomos-cuando-son-obligatorios-y-cuanto-cuestan-cinco-dias\/#primaryimage"},"image":{"@id":"https:\/\/www.cmalleida.com\/es\/seguros-en-autonomos-cuando-son-obligatorios-y-cuanto-cuestan-cinco-dias\/#primaryimage"},"thumbnailUrl":"https:\/\/www.cmalleida.com\/wp-content\/uploads\/cmall-lleida-actualitat-conferencia762.jpg","datePublished":"2021-07-30T06:35:25+00:00","breadcrumb":{"@id":"https:\/\/www.cmalleida.com\/es\/seguros-en-autonomos-cuando-son-obligatorios-y-cuanto-cuestan-cinco-dias\/#breadcrumb"},"inLanguage":"es","potentialAction":[{"@type":"ReadAction","target":["https:\/\/www.cmalleida.com\/es\/seguros-en-autonomos-cuando-son-obligatorios-y-cuanto-cuestan-cinco-dias\/"]}]},{"@type":"ImageObject","inLanguage":"es","@id":"https:\/\/www.cmalleida.com\/es\/seguros-en-autonomos-cuando-son-obligatorios-y-cuanto-cuestan-cinco-dias\/#primaryimage","url":"https:\/\/www.cmalleida.com\/wp-content\/uploads\/cmall-lleida-actualitat-conferencia762.jpg","contentUrl":"https:\/\/www.cmalleida.com\/wp-content\/uploads\/cmall-lleida-actualitat-conferencia762.jpg","width":762,"height":762,"caption":"cmall-lleida-actualitat-conferencia762"},{"@type":"BreadcrumbList","@id":"https:\/\/www.cmalleida.com\/es\/seguros-en-autonomos-cuando-son-obligatorios-y-cuanto-cuestan-cinco-dias\/#breadcrumb","itemListElement":[{"@type":"ListItem","position":1,"name":"Inici","item":"https:\/\/www.cmalleida.com\/es\/"},{"@type":"ListItem","position":2,"name":"Seguros en aut\u00f3nomos. \u00bfCu\u00e1ndo son obligatorios y cu\u00e1nto cuestan? (Cinco D\u00edas))"}]},{"@type":"WebSite","@id":"https:\/\/www.cmalleida.com\/es\/#website","url":"https:\/\/www.cmalleida.com\/es\/","name":"Col\u00b7legi de Mediadors d&#039;Assegurances de Lleida","description":"Otro sitio realizado con WordPress","publisher":{"@id":"https:\/\/www.cmalleida.com\/es\/#organization"},"potentialAction":[{"@type":"SearchAction","target":{"@type":"EntryPoint","urlTemplate":"https:\/\/www.cmalleida.com\/es\/?s={search_term_string}"},"query-input":{"@type":"PropertyValueSpecification","valueRequired":true,"valueName":"search_term_string"}}],"inLanguage":"es"},{"@type":"Organization","@id":"https:\/\/www.cmalleida.com\/es\/#organization","name":"Col\u00b7legi de Mediadors d'Assegurances de Lleida","url":"https:\/\/www.cmalleida.com\/es\/","logo":{"@type":"ImageObject","inLanguage":"es","@id":"https:\/\/www.cmalleida.com\/es\/#\/schema\/logo\/image\/","url":"","contentUrl":"","caption":"Col\u00b7legi de Mediadors d'Assegurances de Lleida"},"image":{"@id":"https:\/\/www.cmalleida.com\/es\/#\/schema\/logo\/image\/"}},{"@type":"Person","@id":"https:\/\/www.cmalleida.com\/es\/#\/schema\/person\/7461453022a0d6ce41c1e530eb4443b4","name":"Antonieta Castells Dolcet","image":{"@type":"ImageObject","inLanguage":"es","@id":"https:\/\/secure.gravatar.com\/avatar\/7738df9a8ff2d12e8b37d088ff0e3e36016e57ab29e5db27ba4fb758a81ea3cb?s=96&d=mm&r=g","url":"https:\/\/secure.gravatar.com\/avatar\/7738df9a8ff2d12e8b37d088ff0e3e36016e57ab29e5db27ba4fb758a81ea3cb?s=96&d=mm&r=g","contentUrl":"https:\/\/secure.gravatar.com\/avatar\/7738df9a8ff2d12e8b37d088ff0e3e36016e57ab29e5db27ba4fb758a81ea3cb?s=96&d=mm&r=g","caption":"Antonieta Castells Dolcet"},"sameAs":["http:\/\/www.cmalleida.com"]}]}},"_links":{"self":[{"href":"https:\/\/www.cmalleida.com\/es\/wp-json\/wp\/v2\/posts\/9400","targetHints":{"allow":["GET"]}}],"collection":[{"href":"https:\/\/www.cmalleida.com\/es\/wp-json\/wp\/v2\/posts"}],"about":[{"href":"https:\/\/www.cmalleida.com\/es\/wp-json\/wp\/v2\/types\/post"}],"author":[{"embeddable":true,"href":"https:\/\/www.cmalleida.com\/es\/wp-json\/wp\/v2\/users\/149"}],"replies":[{"embeddable":true,"href":"https:\/\/www.cmalleida.com\/es\/wp-json\/wp\/v2\/comments?post=9400"}],"version-history":[{"count":1,"href":"https:\/\/www.cmalleida.com\/es\/wp-json\/wp\/v2\/posts\/9400\/revisions"}],"predecessor-version":[{"id":9401,"href":"https:\/\/www.cmalleida.com\/es\/wp-json\/wp\/v2\/posts\/9400\/revisions\/9401"}],"wp:featuredmedia":[{"embeddable":true,"href":"https:\/\/www.cmalleida.com\/es\/wp-json\/wp\/v2\/media\/1927"}],"wp:attachment":[{"href":"https:\/\/www.cmalleida.com\/es\/wp-json\/wp\/v2\/media?parent=9400"}],"wp:term":[{"taxonomy":"category","embeddable":true,"href":"https:\/\/www.cmalleida.com\/es\/wp-json\/wp\/v2\/categories?post=9400"},{"taxonomy":"post_tag","embeddable":true,"href":"https:\/\/www.cmalleida.com\/es\/wp-json\/wp\/v2\/tags?post=9400"}],"curies":[{"name":"wp","href":"https:\/\/api.w.org\/{rel}","templated":true}]}}