{"id":9388,"date":"2021-07-30T08:10:38","date_gmt":"2021-07-30T06:10:38","guid":{"rendered":"https:\/\/www.cmalleida.com\/?p=9388"},"modified":"2021-07-30T08:10:38","modified_gmt":"2021-07-30T06:10:38","slug":"sanidad-privada-y-sector-asegurador-incluyen-el-dano-cerebral-en-el-convenio-de-lesionados-de-trafico-segurosnews","status":"publish","type":"post","link":"https:\/\/www.cmalleida.com\/es\/sanidad-privada-y-sector-asegurador-incluyen-el-dano-cerebral-en-el-convenio-de-lesionados-de-trafico-segurosnews\/","title":{"rendered":"Sanidad privada y sector asegurador incluyen el da\u00f1o cerebral en el convenio de lesionados de tr\u00e1fico (SegurosNews)"},"content":{"rendered":"<p class=\"post-meta entry-meta post-meta-details\"><span class=\"author-name\"><span class=\"author vcard\"><a class=\"url fn n\" href=\"https:\/\/segurosnews.com\/author\/jose-emilio-chao\" rel=\"author\">Redacci\u00f3n<\/a><\/span><\/span>\u00a0<time class=\"post-date entry-date updated\" datetime=\"2021-07-28\">28 de julio de 2021<\/time><\/p>\n<div class=\"before-content-widget\"><\/div>\n<div class=\"entry-content\">\n<div class=\"addtoany_share_save_container addtoany_content addtoany_content_top\">\n<div class=\"a2a_kit a2a_kit_size_32 addtoany_list\" data-a2a-url=\"https:\/\/segurosnews.com\/ultimas-noticias\/sanidad-privada-y-sector-asegurador-incluyen-el-dano-cerebral-en-el-convenio-de-lesionados-de-trafico\" data-a2a-title=\"Sanidad privada y sector asegurador incluyen el da\u00f1o cerebral en el convenio de lesionados de tr\u00e1fico\">La Alianza de la Sanidad Privada Espa\u00f1ola (ASPE), la Asociaci\u00f3n Catalana de Entidades de Salud (<b>ACES<\/b>), la Uni\u00f3n Espa\u00f1ola de Entidades Aseguradoras y Reaseguradoras (Unespa) y el\u00a0Consorcio de Compensaci\u00f3n de Seguros\u00a0han firmado un\u00a0<strong>anexo al Convenio Marco para el tratamiento del da\u00f1o cerebral sobrevenido<\/strong>\u00a0(2019\u20132022) que\u00a0ampl\u00eda la<b>\u00a0atenci\u00f3n a lesionados por accidente de tr\u00e1fico en centros privados de alta especializaci\u00f3n.\u00a0<\/b>La\u00a0Sociedad Espa\u00f1ola de Neurorrehabilitaci\u00f3n\u00a0ha sido la responsable de asesorar a las partes.<\/div>\n<\/div>\n<p>Cabe recordar que, en Espa\u00f1a, las lesiones sufridas en siniestros de tr\u00e1fico leves o graves no est\u00e1n cubiertas por la sanidad p\u00fablica.\u00a0Existe, por tanto, un convenio marco de asistencia sanitaria derivada de accidentes de tr\u00e1fico dirigido<b>\u00a0espec\u00edficamente a los centros sanitarios privados.\u00a0<\/b>Se trata de un acuerdo al que pueden adherirse todos los centros sanitarios privados que lo deseen y al que se han adscrito pr\u00e1cticamente la totalidad de las entidades aseguradoras que trabajan en Espa\u00f1a. El objetivo es poder prestar asistencia sanitaria espec\u00edfica a lesionados con da\u00f1o cerebral, en centros sanitarios privados acreditados, a trav\u00e9s del seguro de responsabilidad civil obligatoria.<\/p>\n<p>La reciente firma del anexo al Convenio Marco 2019-2022 representa un paso m\u00e1s hacia la excelencia y\u00a0<b>alta especializaci\u00f3n de las capacidades asistenciales para pacientes de significativa gravedad\u00a0<\/b>que han sufrido las consecuencias de un\u00a0accidente de tr\u00e1fico<b>.\u00a0<\/b>Un equipo de expertos m\u00e9dicos, especialistas en el tratamiento de estas patolog\u00edas, han establecido las caracter\u00edsticas y perfiles de estos pacientes de alta complejidad, as\u00ed como los criterios espec\u00edficos que deben reunir los centros para atenderlos.<\/p>\n<p>Dentro de las\u00a0<b>necesidades espec\u00edficas del lesionado Neurol\u00f3gico Complejo<\/b>, se incluye el tratamiento a pacientes pedi\u00e1tricos, con problemas de inestabilidad m\u00e9dico-quir\u00fargicas con necesidad de ventilaci\u00f3n mec\u00e1nica, con necesidades psiqui\u00e1tricas complejas, entre otros; adem\u00e1s se incorpora el s\u00edndrome del cautiverio, el da\u00f1o cerebral asociado a politrauma, espasticidad y rigidez articular grave.<\/p>\n<p>El acuerdo\u00a0<strong>adecua a su vez las tarifas abonadas por las aseguradoras<\/strong>\u00a0destinadas a cubrir los servicios sanitarios de alta complejidad requeridos en estos casos. Estos centros sanitarios altamente especializados deben reunir una serie de requisitos, tanto t\u00e9cnicos (dotaciones) como humanos (formaci\u00f3n del personal m\u00e9dico-sanitario y experiencia).<\/p>\n<p>El anexo entr\u00f3 en vigor el pasado 1 de julio y ya\u00a0<b>cuenta con cinco centros acreditados de los m\u00e1s de 25 adheridos al Convenio Marco\u00a0<\/b>de la red de atenci\u00f3n a lesionados de accidentes de tr\u00e1fico. Por consiguiente, un paciente lesionado de estas caracter\u00edsticas dispone ya de la posibilidad de acceder a una atenci\u00f3n de alta especializaci\u00f3n.<\/p>\n<p>Este nuevo acuerdo\u00a0<b>culmina una de las l\u00edneas de trabajo prioritarias\u00a0<\/b>para las patronales de la sanidad privada firmantes de esta adenda, como es la atenci\u00f3n de alta complejidad que requieren los accidentados de tr\u00e1fico.<\/p>\n<p><i>\u201cLa firma de esta adenda contribuye a mejorar las opciones de tratamiento para este tipo de pacientes y garantiza una atenci\u00f3n de m\u00e1xima calidad en un plazo breve de tiempo desde esta red de centros sanitarios privados<\/i>\u201d, asegura\u00a0<strong>Alfonso de la Lama Noriega<\/strong>, secretario general de ASPE.<\/p>\n<h4><em><b>Causa m\u00e1s frecuente de traumatismo craneoencef\u00e1lico<\/b><\/em><\/h4>\n<p>Los\u00a0accidentes de tr\u00e1fico\u00a0son la causa m\u00e1s frecuente de traumatismo craneoencef\u00e1lico. Este supone aproximadamente el\u00a0<b>25% de los casos de da\u00f1o cerebral adquirido\u00a0<\/b>y genera una discapacidad severa. Seg\u00fan datos de la Federaci\u00f3n Espa\u00f1ola de Da\u00f1o Cerebral (Fedace), el\u00a0<b>coste medio de una plaza para un paciente de este tipo\u00a0<\/b>en una unidad de rehabilitaci\u00f3n hospitalaria oscila\u00a0<b>entre los 7.000 y los 10.000 euros mensuales<\/b>.<\/p>\n<p>A pesar de las fases de la pandemia con restricciones de movilidad relevantes, los datos de la Direcci\u00f3n General de Tr\u00e1fico evidencian que, durante 2020,\u00a0<strong>m\u00e1s de tres mil espa\u00f1oles<\/strong>\u00a0requirieron ingreso hospitalario y rehabilitaci\u00f3n tras sufrir un accidente al volante.<\/p>\n<\/div>\n","protected":false},"excerpt":{"rendered":"<p>Redacci\u00f3n\u00a028 de julio de 2021 La Alianza de la Sanidad Privada Espa\u00f1ola (ASPE), la Asociaci\u00f3n Catalana de Entidades de Salud (ACES), la Uni\u00f3n Espa\u00f1ola de&#8230; <a href=\"https:\/\/www.cmalleida.com\/es\/sanidad-privada-y-sector-asegurador-incluyen-el-dano-cerebral-en-el-convenio-de-lesionados-de-trafico-segurosnews\/\" rel=\"nofollow\" class=\"lollegirmes\">Llegeix m\u00e9s<\/a><\/p>\n","protected":false},"author":149,"featured_media":1835,"comment_status":"closed","ping_status":"closed","sticky":false,"template":"","format":"standard","meta":{"_acf_changed":false,"_genesis_hide_title":false,"_genesis_hide_breadcrumbs":false,"_genesis_hide_singular_image":false,"_genesis_hide_footer_widgets":false,"_genesis_custom_body_class":"","_genesis_custom_post_class":"","_genesis_layout":"","footnotes":""},"categories":[28],"tags":[],"class_list":{"0":"post-9388","1":"post","2":"type-post","3":"status-publish","4":"format-standard","5":"has-post-thumbnail","7":"category-actualidad","8":"entry"},"acf":[],"yoast_head":"<!-- This site is optimized with the Yoast SEO plugin v27.2 - https:\/\/yoast.com\/product\/yoast-seo-wordpress\/ -->\n<title>Sanidad privada y sector asegurador incluyen el da\u00f1o cerebral en el convenio de lesionados de tr\u00e1fico (SegurosNews) - Col\u00b7legi de Mediadors d&#039;Assegurances de Lleida<\/title>\n<meta name=\"robots\" content=\"index, follow, max-snippet:-1, max-image-preview:large, max-video-preview:-1\" \/>\n<link rel=\"canonical\" href=\"https:\/\/www.cmalleida.com\/es\/sanidad-privada-y-sector-asegurador-incluyen-el-dano-cerebral-en-el-convenio-de-lesionados-de-trafico-segurosnews\/\" \/>\n<meta property=\"og:locale\" content=\"es_ES\" \/>\n<meta property=\"og:type\" content=\"article\" \/>\n<meta property=\"og:title\" content=\"Sanidad privada y sector asegurador incluyen el da\u00f1o cerebral en el convenio de lesionados de tr\u00e1fico (SegurosNews) - Col\u00b7legi de Mediadors d&#039;Assegurances de Lleida\" \/>\n<meta property=\"og:description\" content=\"Redacci\u00f3n\u00a028 de julio de 2021 La Alianza de la Sanidad Privada Espa\u00f1ola (ASPE), la Asociaci\u00f3n Catalana de Entidades de Salud (ACES), la Uni\u00f3n Espa\u00f1ola de... Llegeix m\u00e9s\" \/>\n<meta property=\"og:url\" content=\"https:\/\/www.cmalleida.com\/es\/sanidad-privada-y-sector-asegurador-incluyen-el-dano-cerebral-en-el-convenio-de-lesionados-de-trafico-segurosnews\/\" \/>\n<meta property=\"og:site_name\" content=\"Col\u00b7legi de Mediadors d&#039;Assegurances de Lleida\" \/>\n<meta property=\"article:published_time\" content=\"2021-07-30T06:10:38+00:00\" \/>\n<meta property=\"og:image\" content=\"https:\/\/www.cmalleida.com\/wp-content\/uploads\/cmall-lleida-actualitat-doctor762.jpg\" \/>\n\t<meta property=\"og:image:width\" content=\"762\" \/>\n\t<meta property=\"og:image:height\" content=\"762\" \/>\n\t<meta property=\"og:image:type\" content=\"image\/jpeg\" \/>\n<meta name=\"author\" content=\"Antonieta Castells Dolcet\" \/>\n<meta name=\"twitter:card\" content=\"summary_large_image\" \/>\n<meta name=\"twitter:label1\" content=\"Written by\" \/>\n\t<meta name=\"twitter:data1\" content=\"Antonieta Castells Dolcet\" \/>\n\t<meta name=\"twitter:label2\" content=\"Est. reading time\" \/>\n\t<meta name=\"twitter:data2\" content=\"3 minutos\" \/>\n<script type=\"application\/ld+json\" class=\"yoast-schema-graph\">{\"@context\":\"https:\/\/schema.org\",\"@graph\":[{\"@type\":\"Article\",\"@id\":\"https:\/\/www.cmalleida.com\/es\/sanidad-privada-y-sector-asegurador-incluyen-el-dano-cerebral-en-el-convenio-de-lesionados-de-trafico-segurosnews\/#article\",\"isPartOf\":{\"@id\":\"https:\/\/www.cmalleida.com\/es\/sanidad-privada-y-sector-asegurador-incluyen-el-dano-cerebral-en-el-convenio-de-lesionados-de-trafico-segurosnews\/\"},\"author\":{\"name\":\"Antonieta Castells Dolcet\",\"@id\":\"https:\/\/www.cmalleida.com\/es\/#\/schema\/person\/7461453022a0d6ce41c1e530eb4443b4\"},\"headline\":\"Sanidad privada y sector asegurador incluyen el da\u00f1o cerebral en el convenio de lesionados de tr\u00e1fico (SegurosNews)\",\"datePublished\":\"2021-07-30T06:10:38+00:00\",\"mainEntityOfPage\":{\"@id\":\"https:\/\/www.cmalleida.com\/es\/sanidad-privada-y-sector-asegurador-incluyen-el-dano-cerebral-en-el-convenio-de-lesionados-de-trafico-segurosnews\/\"},\"wordCount\":692,\"publisher\":{\"@id\":\"https:\/\/www.cmalleida.com\/es\/#organization\"},\"image\":{\"@id\":\"https:\/\/www.cmalleida.com\/es\/sanidad-privada-y-sector-asegurador-incluyen-el-dano-cerebral-en-el-convenio-de-lesionados-de-trafico-segurosnews\/#primaryimage\"},\"thumbnailUrl\":\"https:\/\/www.cmalleida.com\/wp-content\/uploads\/cmall-lleida-actualitat-doctor762.jpg\",\"articleSection\":[\"Actualidad\"],\"inLanguage\":\"es\"},{\"@type\":\"WebPage\",\"@id\":\"https:\/\/www.cmalleida.com\/es\/sanidad-privada-y-sector-asegurador-incluyen-el-dano-cerebral-en-el-convenio-de-lesionados-de-trafico-segurosnews\/\",\"url\":\"https:\/\/www.cmalleida.com\/es\/sanidad-privada-y-sector-asegurador-incluyen-el-dano-cerebral-en-el-convenio-de-lesionados-de-trafico-segurosnews\/\",\"name\":\"Sanidad privada y sector asegurador incluyen el da\u00f1o cerebral en el convenio de lesionados de tr\u00e1fico (SegurosNews) - Col\u00b7legi de Mediadors d&#039;Assegurances de Lleida\",\"isPartOf\":{\"@id\":\"https:\/\/www.cmalleida.com\/es\/#website\"},\"primaryImageOfPage\":{\"@id\":\"https:\/\/www.cmalleida.com\/es\/sanidad-privada-y-sector-asegurador-incluyen-el-dano-cerebral-en-el-convenio-de-lesionados-de-trafico-segurosnews\/#primaryimage\"},\"image\":{\"@id\":\"https:\/\/www.cmalleida.com\/es\/sanidad-privada-y-sector-asegurador-incluyen-el-dano-cerebral-en-el-convenio-de-lesionados-de-trafico-segurosnews\/#primaryimage\"},\"thumbnailUrl\":\"https:\/\/www.cmalleida.com\/wp-content\/uploads\/cmall-lleida-actualitat-doctor762.jpg\",\"datePublished\":\"2021-07-30T06:10:38+00:00\",\"breadcrumb\":{\"@id\":\"https:\/\/www.cmalleida.com\/es\/sanidad-privada-y-sector-asegurador-incluyen-el-dano-cerebral-en-el-convenio-de-lesionados-de-trafico-segurosnews\/#breadcrumb\"},\"inLanguage\":\"es\",\"potentialAction\":[{\"@type\":\"ReadAction\",\"target\":[\"https:\/\/www.cmalleida.com\/es\/sanidad-privada-y-sector-asegurador-incluyen-el-dano-cerebral-en-el-convenio-de-lesionados-de-trafico-segurosnews\/\"]}]},{\"@type\":\"ImageObject\",\"inLanguage\":\"es\",\"@id\":\"https:\/\/www.cmalleida.com\/es\/sanidad-privada-y-sector-asegurador-incluyen-el-dano-cerebral-en-el-convenio-de-lesionados-de-trafico-segurosnews\/#primaryimage\",\"url\":\"https:\/\/www.cmalleida.com\/wp-content\/uploads\/cmall-lleida-actualitat-doctor762.jpg\",\"contentUrl\":\"https:\/\/www.cmalleida.com\/wp-content\/uploads\/cmall-lleida-actualitat-doctor762.jpg\",\"width\":762,\"height\":762,\"caption\":\"cmall-lleida-actualitat-doctor762\"},{\"@type\":\"BreadcrumbList\",\"@id\":\"https:\/\/www.cmalleida.com\/es\/sanidad-privada-y-sector-asegurador-incluyen-el-dano-cerebral-en-el-convenio-de-lesionados-de-trafico-segurosnews\/#breadcrumb\",\"itemListElement\":[{\"@type\":\"ListItem\",\"position\":1,\"name\":\"Inici\",\"item\":\"https:\/\/www.cmalleida.com\/es\/\"},{\"@type\":\"ListItem\",\"position\":2,\"name\":\"Sanidad privada y sector asegurador incluyen el da\u00f1o cerebral en el convenio de lesionados de tr\u00e1fico (SegurosNews)\"}]},{\"@type\":\"WebSite\",\"@id\":\"https:\/\/www.cmalleida.com\/es\/#website\",\"url\":\"https:\/\/www.cmalleida.com\/es\/\",\"name\":\"Col\u00b7legi de Mediadors d&#039;Assegurances de Lleida\",\"description\":\"Otro sitio realizado con WordPress\",\"publisher\":{\"@id\":\"https:\/\/www.cmalleida.com\/es\/#organization\"},\"potentialAction\":[{\"@type\":\"SearchAction\",\"target\":{\"@type\":\"EntryPoint\",\"urlTemplate\":\"https:\/\/www.cmalleida.com\/es\/?s={search_term_string}\"},\"query-input\":{\"@type\":\"PropertyValueSpecification\",\"valueRequired\":true,\"valueName\":\"search_term_string\"}}],\"inLanguage\":\"es\"},{\"@type\":\"Organization\",\"@id\":\"https:\/\/www.cmalleida.com\/es\/#organization\",\"name\":\"Col\u00b7legi de Mediadors d'Assegurances de Lleida\",\"url\":\"https:\/\/www.cmalleida.com\/es\/\",\"logo\":{\"@type\":\"ImageObject\",\"inLanguage\":\"es\",\"@id\":\"https:\/\/www.cmalleida.com\/es\/#\/schema\/logo\/image\/\",\"url\":\"\",\"contentUrl\":\"\",\"caption\":\"Col\u00b7legi de Mediadors d'Assegurances de Lleida\"},\"image\":{\"@id\":\"https:\/\/www.cmalleida.com\/es\/#\/schema\/logo\/image\/\"}},{\"@type\":\"Person\",\"@id\":\"https:\/\/www.cmalleida.com\/es\/#\/schema\/person\/7461453022a0d6ce41c1e530eb4443b4\",\"name\":\"Antonieta Castells Dolcet\",\"image\":{\"@type\":\"ImageObject\",\"inLanguage\":\"es\",\"@id\":\"https:\/\/secure.gravatar.com\/avatar\/7738df9a8ff2d12e8b37d088ff0e3e36016e57ab29e5db27ba4fb758a81ea3cb?s=96&d=mm&r=g\",\"url\":\"https:\/\/secure.gravatar.com\/avatar\/7738df9a8ff2d12e8b37d088ff0e3e36016e57ab29e5db27ba4fb758a81ea3cb?s=96&d=mm&r=g\",\"contentUrl\":\"https:\/\/secure.gravatar.com\/avatar\/7738df9a8ff2d12e8b37d088ff0e3e36016e57ab29e5db27ba4fb758a81ea3cb?s=96&d=mm&r=g\",\"caption\":\"Antonieta Castells Dolcet\"},\"sameAs\":[\"http:\/\/www.cmalleida.com\"]}]}<\/script>\n<!-- \/ Yoast SEO plugin. -->","yoast_head_json":{"title":"Sanidad privada y sector asegurador incluyen el da\u00f1o cerebral en el convenio de lesionados de tr\u00e1fico (SegurosNews) - Col\u00b7legi de Mediadors d&#039;Assegurances de Lleida","robots":{"index":"index","follow":"follow","max-snippet":"max-snippet:-1","max-image-preview":"max-image-preview:large","max-video-preview":"max-video-preview:-1"},"canonical":"https:\/\/www.cmalleida.com\/es\/sanidad-privada-y-sector-asegurador-incluyen-el-dano-cerebral-en-el-convenio-de-lesionados-de-trafico-segurosnews\/","og_locale":"es_ES","og_type":"article","og_title":"Sanidad privada y sector asegurador incluyen el da\u00f1o cerebral en el convenio de lesionados de tr\u00e1fico (SegurosNews) - Col\u00b7legi de Mediadors d&#039;Assegurances de Lleida","og_description":"Redacci\u00f3n\u00a028 de julio de 2021 La Alianza de la Sanidad Privada Espa\u00f1ola (ASPE), la Asociaci\u00f3n Catalana de Entidades de Salud (ACES), la Uni\u00f3n Espa\u00f1ola de... Llegeix m\u00e9s","og_url":"https:\/\/www.cmalleida.com\/es\/sanidad-privada-y-sector-asegurador-incluyen-el-dano-cerebral-en-el-convenio-de-lesionados-de-trafico-segurosnews\/","og_site_name":"Col\u00b7legi de Mediadors d&#039;Assegurances de Lleida","article_published_time":"2021-07-30T06:10:38+00:00","og_image":[{"width":762,"height":762,"url":"https:\/\/www.cmalleida.com\/wp-content\/uploads\/cmall-lleida-actualitat-doctor762.jpg","type":"image\/jpeg"}],"author":"Antonieta Castells Dolcet","twitter_card":"summary_large_image","twitter_misc":{"Written by":"Antonieta Castells Dolcet","Est. reading time":"3 minutos"},"schema":{"@context":"https:\/\/schema.org","@graph":[{"@type":"Article","@id":"https:\/\/www.cmalleida.com\/es\/sanidad-privada-y-sector-asegurador-incluyen-el-dano-cerebral-en-el-convenio-de-lesionados-de-trafico-segurosnews\/#article","isPartOf":{"@id":"https:\/\/www.cmalleida.com\/es\/sanidad-privada-y-sector-asegurador-incluyen-el-dano-cerebral-en-el-convenio-de-lesionados-de-trafico-segurosnews\/"},"author":{"name":"Antonieta Castells Dolcet","@id":"https:\/\/www.cmalleida.com\/es\/#\/schema\/person\/7461453022a0d6ce41c1e530eb4443b4"},"headline":"Sanidad privada y sector asegurador incluyen el da\u00f1o cerebral en el convenio de lesionados de tr\u00e1fico (SegurosNews)","datePublished":"2021-07-30T06:10:38+00:00","mainEntityOfPage":{"@id":"https:\/\/www.cmalleida.com\/es\/sanidad-privada-y-sector-asegurador-incluyen-el-dano-cerebral-en-el-convenio-de-lesionados-de-trafico-segurosnews\/"},"wordCount":692,"publisher":{"@id":"https:\/\/www.cmalleida.com\/es\/#organization"},"image":{"@id":"https:\/\/www.cmalleida.com\/es\/sanidad-privada-y-sector-asegurador-incluyen-el-dano-cerebral-en-el-convenio-de-lesionados-de-trafico-segurosnews\/#primaryimage"},"thumbnailUrl":"https:\/\/www.cmalleida.com\/wp-content\/uploads\/cmall-lleida-actualitat-doctor762.jpg","articleSection":["Actualidad"],"inLanguage":"es"},{"@type":"WebPage","@id":"https:\/\/www.cmalleida.com\/es\/sanidad-privada-y-sector-asegurador-incluyen-el-dano-cerebral-en-el-convenio-de-lesionados-de-trafico-segurosnews\/","url":"https:\/\/www.cmalleida.com\/es\/sanidad-privada-y-sector-asegurador-incluyen-el-dano-cerebral-en-el-convenio-de-lesionados-de-trafico-segurosnews\/","name":"Sanidad privada y sector asegurador incluyen el da\u00f1o cerebral en el convenio de lesionados de tr\u00e1fico (SegurosNews) - Col\u00b7legi de Mediadors d&#039;Assegurances de Lleida","isPartOf":{"@id":"https:\/\/www.cmalleida.com\/es\/#website"},"primaryImageOfPage":{"@id":"https:\/\/www.cmalleida.com\/es\/sanidad-privada-y-sector-asegurador-incluyen-el-dano-cerebral-en-el-convenio-de-lesionados-de-trafico-segurosnews\/#primaryimage"},"image":{"@id":"https:\/\/www.cmalleida.com\/es\/sanidad-privada-y-sector-asegurador-incluyen-el-dano-cerebral-en-el-convenio-de-lesionados-de-trafico-segurosnews\/#primaryimage"},"thumbnailUrl":"https:\/\/www.cmalleida.com\/wp-content\/uploads\/cmall-lleida-actualitat-doctor762.jpg","datePublished":"2021-07-30T06:10:38+00:00","breadcrumb":{"@id":"https:\/\/www.cmalleida.com\/es\/sanidad-privada-y-sector-asegurador-incluyen-el-dano-cerebral-en-el-convenio-de-lesionados-de-trafico-segurosnews\/#breadcrumb"},"inLanguage":"es","potentialAction":[{"@type":"ReadAction","target":["https:\/\/www.cmalleida.com\/es\/sanidad-privada-y-sector-asegurador-incluyen-el-dano-cerebral-en-el-convenio-de-lesionados-de-trafico-segurosnews\/"]}]},{"@type":"ImageObject","inLanguage":"es","@id":"https:\/\/www.cmalleida.com\/es\/sanidad-privada-y-sector-asegurador-incluyen-el-dano-cerebral-en-el-convenio-de-lesionados-de-trafico-segurosnews\/#primaryimage","url":"https:\/\/www.cmalleida.com\/wp-content\/uploads\/cmall-lleida-actualitat-doctor762.jpg","contentUrl":"https:\/\/www.cmalleida.com\/wp-content\/uploads\/cmall-lleida-actualitat-doctor762.jpg","width":762,"height":762,"caption":"cmall-lleida-actualitat-doctor762"},{"@type":"BreadcrumbList","@id":"https:\/\/www.cmalleida.com\/es\/sanidad-privada-y-sector-asegurador-incluyen-el-dano-cerebral-en-el-convenio-de-lesionados-de-trafico-segurosnews\/#breadcrumb","itemListElement":[{"@type":"ListItem","position":1,"name":"Inici","item":"https:\/\/www.cmalleida.com\/es\/"},{"@type":"ListItem","position":2,"name":"Sanidad privada y sector asegurador incluyen el da\u00f1o cerebral en el convenio de lesionados de tr\u00e1fico (SegurosNews)"}]},{"@type":"WebSite","@id":"https:\/\/www.cmalleida.com\/es\/#website","url":"https:\/\/www.cmalleida.com\/es\/","name":"Col\u00b7legi de Mediadors d&#039;Assegurances de Lleida","description":"Otro sitio realizado con WordPress","publisher":{"@id":"https:\/\/www.cmalleida.com\/es\/#organization"},"potentialAction":[{"@type":"SearchAction","target":{"@type":"EntryPoint","urlTemplate":"https:\/\/www.cmalleida.com\/es\/?s={search_term_string}"},"query-input":{"@type":"PropertyValueSpecification","valueRequired":true,"valueName":"search_term_string"}}],"inLanguage":"es"},{"@type":"Organization","@id":"https:\/\/www.cmalleida.com\/es\/#organization","name":"Col\u00b7legi de Mediadors d'Assegurances de Lleida","url":"https:\/\/www.cmalleida.com\/es\/","logo":{"@type":"ImageObject","inLanguage":"es","@id":"https:\/\/www.cmalleida.com\/es\/#\/schema\/logo\/image\/","url":"","contentUrl":"","caption":"Col\u00b7legi de Mediadors d'Assegurances de Lleida"},"image":{"@id":"https:\/\/www.cmalleida.com\/es\/#\/schema\/logo\/image\/"}},{"@type":"Person","@id":"https:\/\/www.cmalleida.com\/es\/#\/schema\/person\/7461453022a0d6ce41c1e530eb4443b4","name":"Antonieta Castells Dolcet","image":{"@type":"ImageObject","inLanguage":"es","@id":"https:\/\/secure.gravatar.com\/avatar\/7738df9a8ff2d12e8b37d088ff0e3e36016e57ab29e5db27ba4fb758a81ea3cb?s=96&d=mm&r=g","url":"https:\/\/secure.gravatar.com\/avatar\/7738df9a8ff2d12e8b37d088ff0e3e36016e57ab29e5db27ba4fb758a81ea3cb?s=96&d=mm&r=g","contentUrl":"https:\/\/secure.gravatar.com\/avatar\/7738df9a8ff2d12e8b37d088ff0e3e36016e57ab29e5db27ba4fb758a81ea3cb?s=96&d=mm&r=g","caption":"Antonieta Castells Dolcet"},"sameAs":["http:\/\/www.cmalleida.com"]}]}},"_links":{"self":[{"href":"https:\/\/www.cmalleida.com\/es\/wp-json\/wp\/v2\/posts\/9388","targetHints":{"allow":["GET"]}}],"collection":[{"href":"https:\/\/www.cmalleida.com\/es\/wp-json\/wp\/v2\/posts"}],"about":[{"href":"https:\/\/www.cmalleida.com\/es\/wp-json\/wp\/v2\/types\/post"}],"author":[{"embeddable":true,"href":"https:\/\/www.cmalleida.com\/es\/wp-json\/wp\/v2\/users\/149"}],"replies":[{"embeddable":true,"href":"https:\/\/www.cmalleida.com\/es\/wp-json\/wp\/v2\/comments?post=9388"}],"version-history":[{"count":1,"href":"https:\/\/www.cmalleida.com\/es\/wp-json\/wp\/v2\/posts\/9388\/revisions"}],"predecessor-version":[{"id":9389,"href":"https:\/\/www.cmalleida.com\/es\/wp-json\/wp\/v2\/posts\/9388\/revisions\/9389"}],"wp:featuredmedia":[{"embeddable":true,"href":"https:\/\/www.cmalleida.com\/es\/wp-json\/wp\/v2\/media\/1835"}],"wp:attachment":[{"href":"https:\/\/www.cmalleida.com\/es\/wp-json\/wp\/v2\/media?parent=9388"}],"wp:term":[{"taxonomy":"category","embeddable":true,"href":"https:\/\/www.cmalleida.com\/es\/wp-json\/wp\/v2\/categories?post=9388"},{"taxonomy":"post_tag","embeddable":true,"href":"https:\/\/www.cmalleida.com\/es\/wp-json\/wp\/v2\/tags?post=9388"}],"curies":[{"name":"wp","href":"https:\/\/api.w.org\/{rel}","templated":true}]}}