{"id":9282,"date":"2021-07-09T09:40:14","date_gmt":"2021-07-09T07:40:14","guid":{"rendered":"https:\/\/www.cmalleida.com\/?p=9282"},"modified":"2021-07-09T09:40:14","modified_gmt":"2021-07-09T07:40:14","slug":"cesar-garcia-siniestros-de-circulacion-de-vehiculos-con-componente-extranjero-adn-del-seguro","status":"publish","type":"post","link":"https:\/\/www.cmalleida.com\/es\/cesar-garcia-siniestros-de-circulacion-de-vehiculos-con-componente-extranjero-adn-del-seguro\/","title":{"rendered":"C\u00e9sar Garc\u00eda | \u2018Siniestros de circulaci\u00f3n de veh\u00edculos con componente extranjero\u2019 (ADN del Seguro)"},"content":{"rendered":"<section class=\"elementor-section elementor-inner-section elementor-element elementor-element-54748be elementor-section-boxed elementor-section-height-default elementor-section-height-default\" data-id=\"54748be\" data-element_type=\"section\">\n<div class=\"elementor-container elementor-column-gap-default\">\n<div class=\"elementor-row\">\n<div class=\"elementor-column elementor-col-50 elementor-inner-column elementor-element elementor-element-d0369e1\" data-id=\"d0369e1\" data-element_type=\"column\">\n<div class=\"elementor-column-wrap elementor-element-populated\">\n<div class=\"elementor-widget-wrap\">\n<div class=\"elementor-element elementor-element-77a7ab1 elementor-widget elementor-widget-theme-post-title elementor-page-title elementor-widget-heading\" data-id=\"77a7ab1\" data-element_type=\"widget\" data-widget_type=\"theme-post-title.default\"><\/div>\n<div class=\"elementor-element elementor-element-a085caa elementor-mobile-align-right elementor-align-right elementor-widget elementor-widget-post-info\" data-id=\"a085caa\" data-element_type=\"widget\" data-widget_type=\"post-info.default\">\n<div class=\"elementor-widget-container\">\n<ul class=\"elementor-inline-items elementor-icon-list-items elementor-post-info\">\n<li class=\"elementor-icon-list-item elementor-repeater-item-5f03a89 elementor-inline-item\"><span class=\"elementor-icon-list-text elementor-post-info__item elementor-post-info__item--type-custom\">C\u00e9sar Garc\u00eda\u00a0 \u00a0\u00a0<\/span><span class=\"elementor-icon-list-text elementor-post-info__item elementor-post-info__item--type-custom\">Abogado. Doctor en Derecho de Seguros.\u00a0 \u00a0\u00a0<\/span><a href=\"https:\/\/adndelseguro.com\/2021\/07\/08\/\"><span class=\"elementor-icon-list-text elementor-post-info__item elementor-post-info__item--type-date\">8 julio, 2021<\/span><\/a><\/li>\n<\/ul>\n<\/div>\n<\/div>\n<div class=\"elementor-element elementor-element-8dc8e60 elementor-mobile-align-center elementor-align-right elementor-widget elementor-widget-post-info\" data-id=\"8dc8e60\" data-element_type=\"widget\" data-widget_type=\"post-info.default\">\n<div class=\"elementor-widget-container\">En la l\u00ednea de los art\u00edculos publicados en ADN donde buscando la pedagog\u00eda de la importancia de los seguros y algunos de sus aspectos menos conocidos, ahora <strong>me he propuesto abordar los accidentes de circulaci\u00f3n de veh\u00edculos a motor con componente extranjero.<\/strong><\/div>\n<\/div>\n<\/div>\n<\/div>\n<\/div>\n<\/div>\n<\/div>\n<\/section>\n<section class=\"elementor-section elementor-inner-section elementor-element elementor-element-609f2d22 elementor-section-boxed elementor-section-height-default elementor-section-height-default\" data-id=\"609f2d22\" data-element_type=\"section\" data-settings=\"{&quot;background_background&quot;:&quot;classic&quot;}\">\n<div class=\"elementor-container elementor-column-gap-default\">\n<div class=\"elementor-row\">\n<div class=\"elementor-column elementor-col-100 elementor-inner-column elementor-element elementor-element-af608cc\" data-id=\"af608cc\" data-element_type=\"column\">\n<div class=\"elementor-column-wrap elementor-element-populated\">\n<div class=\"elementor-widget-wrap\">\n<div class=\"elementor-element elementor-element-b5b3a8a text list elementor-widget elementor-widget-theme-post-content\" data-id=\"b5b3a8a\" data-element_type=\"widget\" data-widget_type=\"theme-post-content.default\">\n<div class=\"elementor-widget-container\">\n<p>La oportunidad de abordar este aspecto viene de la mano de encontrarnos en los tiempos estivales preparatorios de nuestros anhelados viajes donde millones de conciudadanos migrar\u00e1n hacia sus destinos vacacionales, cuales salmones remontando el r\u00edo camino al desove.<\/p>\n<p>Es conocido por todos que el \u00e1mbito d<strong>el seguro obligatorio de RC por circulaci\u00f3n de veh\u00edculos a motor incluye los da\u00f1os que causemos a terceros en todo el territorio nacional.\u00a0<\/strong>Pero no todo el mundo conoce que\u00a0<strong>el \u00e1mbito territorial abarca toda la Uni\u00f3n Europea.<\/strong>\u00a0Ya menos gente sabe que no solo la UE sino\u00a0<strong>tambi\u00e9n el \u00c1rea Schengen<\/strong>. Y muchos menos que incluye\u00a0<strong>otros pa\u00edses del \u00e1mbito de la \u2018Carta Verde\u2019<\/strong>. Eso s\u00ed, en este caso, con algunas peculiaridades.<\/p>\n<p>Pues bien, cuando tengamos un accidente en estas zonas geogr\u00e1ficas, podremos estar tranquilos pues\u00a0<strong>con nuestro seguro de circulaci\u00f3n \u201cnormal\u201d\u00a0<\/strong>\u2013 siempre que est\u00e9 en vigor \u2013\u00a0<strong>estaremos cubiertos y podremos circular, y no nos podr\u00e1n multar por no tener seguro.<\/strong><\/p>\n<p>En el \u00e1mbito de los pa\u00edses \u2018Carta Verde\u2019 deberemos pedir a nuestro distribuidor que nos emita<strong>\u00a0un certificado de seguro denominado \u2018Carta Verde\u2019<\/strong>, para poder circular por aquellos mundos de Dios.<\/p>\n<p>Eso s\u00ed, no se sorprendan si no es verde sino blanco, pues aunque se llame \u2018Carta Verde\u2019, se autoriz\u00f3 a emitir este certificado de seguro en blanco y negro\u2026 cosas del ecologismo\u2026 parece ser que una hoja \u201cverde\u201d contamina m\u00e1s que una en b&amp;n. Ese documento estandarizado internacionalmente habr\u00e1 de ir en nuestro idioma y, tambi\u00e9n en ingl\u00e9s o franc\u00e9s.<\/p>\n<p>Pero tambi\u00e9n habremos de saber que\u00a0<strong>no nos pueden cobrar un suplemento por emitir ese certificado<\/strong>, pues ya est\u00e1 incluido en la RC \u201cnormal\u201d.<\/p>\n<p>En el caso de tener un siniestro en aquellos lares es f\u00e1cil que nuestra compa\u00f1\u00eda no tenga una sucursal o filial. As\u00ed pues, en caso de siniestro, las aseguradoras se apoyan en \u201ccorresponsales\u201d o tambi\u00e9n en la Oficina Espa\u00f1ola de Aseguradores de Autom\u00f3viles, OFESAUTO.<\/p>\n<p>Estas empresas, entre otras cosas, gestionan los pagos a las v\u00edctimas que hayamos dejado a nuestro paso en esos pa\u00edses. As\u00ed pues, estas corresponsales y OFESAUTO, son algo tan \u00fatil que, si no existieran habr\u00eda que inventarlas.<\/p>\n<p>No es menos cierto que las aseguradoras \u201csolapan\u201d la labor de OFESAUTO y\/o de las corresponsales, y al final de cuentas, el asegurado interact\u00faa (la mayor\u00eda de las veces) con su asegurador y no tiene contacto ni con OFESAUTO ni con el corresponsal.<\/p>\n<p>No obstante entiendo que sea interesante que la ciudadan\u00eda conozca, a\u00fan someramente, \u201clo que hay detr\u00e1s\u201d.<\/p>\n<p>Am\u00e9n de lo anterior,\u00a0<strong>no quiero dejar de aconsejar a los lectores que recomienden a su clientela que,<\/strong>\u00a0<strong>de igual modo que<\/strong>\u00a0antes de emprender un viaje, conforme sentido com\u00fan y consejos de la DGT,\u00a0<strong>revisamos el estado del veh\u00edculo, hagan lo mismo con la p\u00f3liza del coche.<\/strong><\/p>\n<p>El seguro de RC nos garantiza los da\u00f1os que haya producido en cualquier otro pa\u00eds de los \u00e1mbitos de la UE, Schengen y Carta Verde.<\/p>\n<blockquote class=\"wp-block-quote\"><p>Pero\u2026.\u00bfy el resto de coberturas?<br \/>\n\u00bfLa asistencia en viaje me cubre al veh\u00edculo, ocupantes y conductor fuera de nuestras fronteras?<br \/>\nLa defensa jur\u00eddica y reclamaci\u00f3n de da\u00f1os, \u00bfcubre reclamar mis da\u00f1os al causante en esos pa\u00edses?<br \/>\nEl robo\/ incendio del veh\u00edculo, \u00bfsolo me cubre en el territorio nacional?<br \/>\n\u00bfY los da\u00f1os propios? \u00bfY las lunas?<br \/>\n<strong>Puede que sea en estas circunstancias donde comprobemos que \u201cno es lo mismo\u201d un seguro a 100 euros la unidad que uno a 1.000 euros.<\/strong><\/p><\/blockquote>\n<p>Ya que revisan la presi\u00f3n de los neum\u00e1ticos, los filtros, los niveles, etc.\u2026 que acudan a <strong>su distribuidor y\/o mediador de seguros<\/strong> para que le revisen las coberturas y as\u00ed se garanticen tener unas vacaciones seguras.<\/p>\n<\/div>\n<\/div>\n<\/div>\n<\/div>\n<\/div>\n<\/div>\n<\/div>\n<\/section>\n","protected":false},"excerpt":{"rendered":"<p>C\u00e9sar Garc\u00eda\u00a0 \u00a0\u00a0Abogado. Doctor en Derecho de Seguros.\u00a0 \u00a0\u00a08 julio, 2021 En la l\u00ednea de los art\u00edculos publicados en ADN donde buscando la pedagog\u00eda de&#8230; <a href=\"https:\/\/www.cmalleida.com\/es\/cesar-garcia-siniestros-de-circulacion-de-vehiculos-con-componente-extranjero-adn-del-seguro\/\" rel=\"nofollow\" class=\"lollegirmes\">Llegeix m\u00e9s<\/a><\/p>\n","protected":false},"author":149,"featured_media":1869,"comment_status":"closed","ping_status":"closed","sticky":false,"template":"","format":"standard","meta":{"_acf_changed":false,"_genesis_hide_title":false,"_genesis_hide_breadcrumbs":false,"_genesis_hide_singular_image":false,"_genesis_hide_footer_widgets":false,"_genesis_custom_body_class":"","_genesis_custom_post_class":"","_genesis_layout":"","footnotes":""},"categories":[28,62],"tags":[],"class_list":{"0":"post-9282","1":"post","2":"type-post","3":"status-publish","4":"format-standard","5":"has-post-thumbnail","7":"category-actualidad","8":"category-sinistres-es","9":"entry"},"acf":[],"yoast_head":"<!-- This site is optimized with the Yoast SEO plugin v27.2 - https:\/\/yoast.com\/product\/yoast-seo-wordpress\/ -->\n<title>C\u00e9sar Garc\u00eda | \u2018Siniestros de circulaci\u00f3n de veh\u00edculos con componente extranjero\u2019 (ADN del Seguro) - Col\u00b7legi de Mediadors d&#039;Assegurances de Lleida<\/title>\n<meta name=\"robots\" content=\"index, follow, max-snippet:-1, max-image-preview:large, max-video-preview:-1\" \/>\n<link rel=\"canonical\" href=\"https:\/\/www.cmalleida.com\/es\/cesar-garcia-siniestros-de-circulacion-de-vehiculos-con-componente-extranjero-adn-del-seguro\/\" \/>\n<meta property=\"og:locale\" content=\"es_ES\" \/>\n<meta property=\"og:type\" content=\"article\" \/>\n<meta property=\"og:title\" content=\"C\u00e9sar Garc\u00eda | \u2018Siniestros de circulaci\u00f3n de veh\u00edculos con componente extranjero\u2019 (ADN del Seguro) - Col\u00b7legi de Mediadors d&#039;Assegurances de Lleida\" \/>\n<meta property=\"og:description\" content=\"C\u00e9sar Garc\u00eda\u00a0 \u00a0\u00a0Abogado. Doctor en Derecho de Seguros.\u00a0 \u00a0\u00a08 julio, 2021 En la l\u00ednea de los art\u00edculos publicados en ADN donde buscando la pedagog\u00eda de... Llegeix m\u00e9s\" \/>\n<meta property=\"og:url\" content=\"https:\/\/www.cmalleida.com\/es\/cesar-garcia-siniestros-de-circulacion-de-vehiculos-con-componente-extranjero-adn-del-seguro\/\" \/>\n<meta property=\"og:site_name\" content=\"Col\u00b7legi de Mediadors d&#039;Assegurances de Lleida\" \/>\n<meta property=\"article:published_time\" content=\"2021-07-09T07:40:14+00:00\" \/>\n<meta property=\"og:image\" content=\"https:\/\/www.cmalleida.com\/wp-content\/uploads\/cmall-lleida-actualitat-car762.jpg\" \/>\n\t<meta property=\"og:image:width\" content=\"762\" \/>\n\t<meta property=\"og:image:height\" content=\"762\" \/>\n\t<meta property=\"og:image:type\" content=\"image\/jpeg\" \/>\n<meta name=\"author\" content=\"Antonieta Castells Dolcet\" \/>\n<meta name=\"twitter:card\" content=\"summary_large_image\" \/>\n<meta name=\"twitter:label1\" content=\"Written by\" \/>\n\t<meta name=\"twitter:data1\" content=\"Antonieta Castells Dolcet\" \/>\n\t<meta name=\"twitter:label2\" content=\"Est. reading time\" \/>\n\t<meta name=\"twitter:data2\" content=\"4 minutos\" \/>\n<script type=\"application\/ld+json\" class=\"yoast-schema-graph\">{\"@context\":\"https:\/\/schema.org\",\"@graph\":[{\"@type\":\"Article\",\"@id\":\"https:\/\/www.cmalleida.com\/es\/cesar-garcia-siniestros-de-circulacion-de-vehiculos-con-componente-extranjero-adn-del-seguro\/#article\",\"isPartOf\":{\"@id\":\"https:\/\/www.cmalleida.com\/es\/cesar-garcia-siniestros-de-circulacion-de-vehiculos-con-componente-extranjero-adn-del-seguro\/\"},\"author\":{\"name\":\"Antonieta Castells Dolcet\",\"@id\":\"https:\/\/www.cmalleida.com\/es\/#\/schema\/person\/7461453022a0d6ce41c1e530eb4443b4\"},\"headline\":\"C\u00e9sar Garc\u00eda | \u2018Siniestros de circulaci\u00f3n de veh\u00edculos con componente extranjero\u2019 (ADN del Seguro)\",\"datePublished\":\"2021-07-09T07:40:14+00:00\",\"mainEntityOfPage\":{\"@id\":\"https:\/\/www.cmalleida.com\/es\/cesar-garcia-siniestros-de-circulacion-de-vehiculos-con-componente-extranjero-adn-del-seguro\/\"},\"wordCount\":725,\"publisher\":{\"@id\":\"https:\/\/www.cmalleida.com\/es\/#organization\"},\"image\":{\"@id\":\"https:\/\/www.cmalleida.com\/es\/cesar-garcia-siniestros-de-circulacion-de-vehiculos-con-componente-extranjero-adn-del-seguro\/#primaryimage\"},\"thumbnailUrl\":\"https:\/\/www.cmalleida.com\/wp-content\/uploads\/cmall-lleida-actualitat-car762.jpg\",\"articleSection\":[\"Actualidad\",\"Sinistres\"],\"inLanguage\":\"es\"},{\"@type\":\"WebPage\",\"@id\":\"https:\/\/www.cmalleida.com\/es\/cesar-garcia-siniestros-de-circulacion-de-vehiculos-con-componente-extranjero-adn-del-seguro\/\",\"url\":\"https:\/\/www.cmalleida.com\/es\/cesar-garcia-siniestros-de-circulacion-de-vehiculos-con-componente-extranjero-adn-del-seguro\/\",\"name\":\"C\u00e9sar Garc\u00eda | \u2018Siniestros de circulaci\u00f3n de veh\u00edculos con componente extranjero\u2019 (ADN del Seguro) - Col\u00b7legi de Mediadors d&#039;Assegurances de Lleida\",\"isPartOf\":{\"@id\":\"https:\/\/www.cmalleida.com\/es\/#website\"},\"primaryImageOfPage\":{\"@id\":\"https:\/\/www.cmalleida.com\/es\/cesar-garcia-siniestros-de-circulacion-de-vehiculos-con-componente-extranjero-adn-del-seguro\/#primaryimage\"},\"image\":{\"@id\":\"https:\/\/www.cmalleida.com\/es\/cesar-garcia-siniestros-de-circulacion-de-vehiculos-con-componente-extranjero-adn-del-seguro\/#primaryimage\"},\"thumbnailUrl\":\"https:\/\/www.cmalleida.com\/wp-content\/uploads\/cmall-lleida-actualitat-car762.jpg\",\"datePublished\":\"2021-07-09T07:40:14+00:00\",\"breadcrumb\":{\"@id\":\"https:\/\/www.cmalleida.com\/es\/cesar-garcia-siniestros-de-circulacion-de-vehiculos-con-componente-extranjero-adn-del-seguro\/#breadcrumb\"},\"inLanguage\":\"es\",\"potentialAction\":[{\"@type\":\"ReadAction\",\"target\":[\"https:\/\/www.cmalleida.com\/es\/cesar-garcia-siniestros-de-circulacion-de-vehiculos-con-componente-extranjero-adn-del-seguro\/\"]}]},{\"@type\":\"ImageObject\",\"inLanguage\":\"es\",\"@id\":\"https:\/\/www.cmalleida.com\/es\/cesar-garcia-siniestros-de-circulacion-de-vehiculos-con-componente-extranjero-adn-del-seguro\/#primaryimage\",\"url\":\"https:\/\/www.cmalleida.com\/wp-content\/uploads\/cmall-lleida-actualitat-car762.jpg\",\"contentUrl\":\"https:\/\/www.cmalleida.com\/wp-content\/uploads\/cmall-lleida-actualitat-car762.jpg\",\"width\":762,\"height\":762,\"caption\":\"cmall-lleida-actualitat-CAR762\"},{\"@type\":\"BreadcrumbList\",\"@id\":\"https:\/\/www.cmalleida.com\/es\/cesar-garcia-siniestros-de-circulacion-de-vehiculos-con-componente-extranjero-adn-del-seguro\/#breadcrumb\",\"itemListElement\":[{\"@type\":\"ListItem\",\"position\":1,\"name\":\"Inici\",\"item\":\"https:\/\/www.cmalleida.com\/es\/\"},{\"@type\":\"ListItem\",\"position\":2,\"name\":\"C\u00e9sar Garc\u00eda | \u2018Siniestros de circulaci\u00f3n de veh\u00edculos con componente extranjero\u2019 (ADN del Seguro)\"}]},{\"@type\":\"WebSite\",\"@id\":\"https:\/\/www.cmalleida.com\/es\/#website\",\"url\":\"https:\/\/www.cmalleida.com\/es\/\",\"name\":\"Col\u00b7legi de Mediadors d&#039;Assegurances de Lleida\",\"description\":\"Otro sitio realizado con WordPress\",\"publisher\":{\"@id\":\"https:\/\/www.cmalleida.com\/es\/#organization\"},\"potentialAction\":[{\"@type\":\"SearchAction\",\"target\":{\"@type\":\"EntryPoint\",\"urlTemplate\":\"https:\/\/www.cmalleida.com\/es\/?s={search_term_string}\"},\"query-input\":{\"@type\":\"PropertyValueSpecification\",\"valueRequired\":true,\"valueName\":\"search_term_string\"}}],\"inLanguage\":\"es\"},{\"@type\":\"Organization\",\"@id\":\"https:\/\/www.cmalleida.com\/es\/#organization\",\"name\":\"Col\u00b7legi de Mediadors d'Assegurances de Lleida\",\"url\":\"https:\/\/www.cmalleida.com\/es\/\",\"logo\":{\"@type\":\"ImageObject\",\"inLanguage\":\"es\",\"@id\":\"https:\/\/www.cmalleida.com\/es\/#\/schema\/logo\/image\/\",\"url\":\"\",\"contentUrl\":\"\",\"caption\":\"Col\u00b7legi de Mediadors d'Assegurances de Lleida\"},\"image\":{\"@id\":\"https:\/\/www.cmalleida.com\/es\/#\/schema\/logo\/image\/\"}},{\"@type\":\"Person\",\"@id\":\"https:\/\/www.cmalleida.com\/es\/#\/schema\/person\/7461453022a0d6ce41c1e530eb4443b4\",\"name\":\"Antonieta Castells Dolcet\",\"image\":{\"@type\":\"ImageObject\",\"inLanguage\":\"es\",\"@id\":\"https:\/\/secure.gravatar.com\/avatar\/7738df9a8ff2d12e8b37d088ff0e3e36016e57ab29e5db27ba4fb758a81ea3cb?s=96&d=mm&r=g\",\"url\":\"https:\/\/secure.gravatar.com\/avatar\/7738df9a8ff2d12e8b37d088ff0e3e36016e57ab29e5db27ba4fb758a81ea3cb?s=96&d=mm&r=g\",\"contentUrl\":\"https:\/\/secure.gravatar.com\/avatar\/7738df9a8ff2d12e8b37d088ff0e3e36016e57ab29e5db27ba4fb758a81ea3cb?s=96&d=mm&r=g\",\"caption\":\"Antonieta Castells Dolcet\"},\"sameAs\":[\"http:\/\/www.cmalleida.com\"]}]}<\/script>\n<!-- \/ Yoast SEO plugin. -->","yoast_head_json":{"title":"C\u00e9sar Garc\u00eda | \u2018Siniestros de circulaci\u00f3n de veh\u00edculos con componente extranjero\u2019 (ADN del Seguro) - Col\u00b7legi de Mediadors d&#039;Assegurances de Lleida","robots":{"index":"index","follow":"follow","max-snippet":"max-snippet:-1","max-image-preview":"max-image-preview:large","max-video-preview":"max-video-preview:-1"},"canonical":"https:\/\/www.cmalleida.com\/es\/cesar-garcia-siniestros-de-circulacion-de-vehiculos-con-componente-extranjero-adn-del-seguro\/","og_locale":"es_ES","og_type":"article","og_title":"C\u00e9sar Garc\u00eda | \u2018Siniestros de circulaci\u00f3n de veh\u00edculos con componente extranjero\u2019 (ADN del Seguro) - Col\u00b7legi de Mediadors d&#039;Assegurances de Lleida","og_description":"C\u00e9sar Garc\u00eda\u00a0 \u00a0\u00a0Abogado. Doctor en Derecho de Seguros.\u00a0 \u00a0\u00a08 julio, 2021 En la l\u00ednea de los art\u00edculos publicados en ADN donde buscando la pedagog\u00eda de... Llegeix m\u00e9s","og_url":"https:\/\/www.cmalleida.com\/es\/cesar-garcia-siniestros-de-circulacion-de-vehiculos-con-componente-extranjero-adn-del-seguro\/","og_site_name":"Col\u00b7legi de Mediadors d&#039;Assegurances de Lleida","article_published_time":"2021-07-09T07:40:14+00:00","og_image":[{"width":762,"height":762,"url":"https:\/\/www.cmalleida.com\/wp-content\/uploads\/cmall-lleida-actualitat-car762.jpg","type":"image\/jpeg"}],"author":"Antonieta Castells Dolcet","twitter_card":"summary_large_image","twitter_misc":{"Written by":"Antonieta Castells Dolcet","Est. reading time":"4 minutos"},"schema":{"@context":"https:\/\/schema.org","@graph":[{"@type":"Article","@id":"https:\/\/www.cmalleida.com\/es\/cesar-garcia-siniestros-de-circulacion-de-vehiculos-con-componente-extranjero-adn-del-seguro\/#article","isPartOf":{"@id":"https:\/\/www.cmalleida.com\/es\/cesar-garcia-siniestros-de-circulacion-de-vehiculos-con-componente-extranjero-adn-del-seguro\/"},"author":{"name":"Antonieta Castells Dolcet","@id":"https:\/\/www.cmalleida.com\/es\/#\/schema\/person\/7461453022a0d6ce41c1e530eb4443b4"},"headline":"C\u00e9sar Garc\u00eda | \u2018Siniestros de circulaci\u00f3n de veh\u00edculos con componente extranjero\u2019 (ADN del Seguro)","datePublished":"2021-07-09T07:40:14+00:00","mainEntityOfPage":{"@id":"https:\/\/www.cmalleida.com\/es\/cesar-garcia-siniestros-de-circulacion-de-vehiculos-con-componente-extranjero-adn-del-seguro\/"},"wordCount":725,"publisher":{"@id":"https:\/\/www.cmalleida.com\/es\/#organization"},"image":{"@id":"https:\/\/www.cmalleida.com\/es\/cesar-garcia-siniestros-de-circulacion-de-vehiculos-con-componente-extranjero-adn-del-seguro\/#primaryimage"},"thumbnailUrl":"https:\/\/www.cmalleida.com\/wp-content\/uploads\/cmall-lleida-actualitat-car762.jpg","articleSection":["Actualidad","Sinistres"],"inLanguage":"es"},{"@type":"WebPage","@id":"https:\/\/www.cmalleida.com\/es\/cesar-garcia-siniestros-de-circulacion-de-vehiculos-con-componente-extranjero-adn-del-seguro\/","url":"https:\/\/www.cmalleida.com\/es\/cesar-garcia-siniestros-de-circulacion-de-vehiculos-con-componente-extranjero-adn-del-seguro\/","name":"C\u00e9sar Garc\u00eda | \u2018Siniestros de circulaci\u00f3n de veh\u00edculos con componente extranjero\u2019 (ADN del Seguro) - Col\u00b7legi de Mediadors d&#039;Assegurances de Lleida","isPartOf":{"@id":"https:\/\/www.cmalleida.com\/es\/#website"},"primaryImageOfPage":{"@id":"https:\/\/www.cmalleida.com\/es\/cesar-garcia-siniestros-de-circulacion-de-vehiculos-con-componente-extranjero-adn-del-seguro\/#primaryimage"},"image":{"@id":"https:\/\/www.cmalleida.com\/es\/cesar-garcia-siniestros-de-circulacion-de-vehiculos-con-componente-extranjero-adn-del-seguro\/#primaryimage"},"thumbnailUrl":"https:\/\/www.cmalleida.com\/wp-content\/uploads\/cmall-lleida-actualitat-car762.jpg","datePublished":"2021-07-09T07:40:14+00:00","breadcrumb":{"@id":"https:\/\/www.cmalleida.com\/es\/cesar-garcia-siniestros-de-circulacion-de-vehiculos-con-componente-extranjero-adn-del-seguro\/#breadcrumb"},"inLanguage":"es","potentialAction":[{"@type":"ReadAction","target":["https:\/\/www.cmalleida.com\/es\/cesar-garcia-siniestros-de-circulacion-de-vehiculos-con-componente-extranjero-adn-del-seguro\/"]}]},{"@type":"ImageObject","inLanguage":"es","@id":"https:\/\/www.cmalleida.com\/es\/cesar-garcia-siniestros-de-circulacion-de-vehiculos-con-componente-extranjero-adn-del-seguro\/#primaryimage","url":"https:\/\/www.cmalleida.com\/wp-content\/uploads\/cmall-lleida-actualitat-car762.jpg","contentUrl":"https:\/\/www.cmalleida.com\/wp-content\/uploads\/cmall-lleida-actualitat-car762.jpg","width":762,"height":762,"caption":"cmall-lleida-actualitat-CAR762"},{"@type":"BreadcrumbList","@id":"https:\/\/www.cmalleida.com\/es\/cesar-garcia-siniestros-de-circulacion-de-vehiculos-con-componente-extranjero-adn-del-seguro\/#breadcrumb","itemListElement":[{"@type":"ListItem","position":1,"name":"Inici","item":"https:\/\/www.cmalleida.com\/es\/"},{"@type":"ListItem","position":2,"name":"C\u00e9sar Garc\u00eda | \u2018Siniestros de circulaci\u00f3n de veh\u00edculos con componente extranjero\u2019 (ADN del Seguro)"}]},{"@type":"WebSite","@id":"https:\/\/www.cmalleida.com\/es\/#website","url":"https:\/\/www.cmalleida.com\/es\/","name":"Col\u00b7legi de Mediadors d&#039;Assegurances de Lleida","description":"Otro sitio realizado con WordPress","publisher":{"@id":"https:\/\/www.cmalleida.com\/es\/#organization"},"potentialAction":[{"@type":"SearchAction","target":{"@type":"EntryPoint","urlTemplate":"https:\/\/www.cmalleida.com\/es\/?s={search_term_string}"},"query-input":{"@type":"PropertyValueSpecification","valueRequired":true,"valueName":"search_term_string"}}],"inLanguage":"es"},{"@type":"Organization","@id":"https:\/\/www.cmalleida.com\/es\/#organization","name":"Col\u00b7legi de Mediadors d'Assegurances de Lleida","url":"https:\/\/www.cmalleida.com\/es\/","logo":{"@type":"ImageObject","inLanguage":"es","@id":"https:\/\/www.cmalleida.com\/es\/#\/schema\/logo\/image\/","url":"","contentUrl":"","caption":"Col\u00b7legi de Mediadors d'Assegurances de Lleida"},"image":{"@id":"https:\/\/www.cmalleida.com\/es\/#\/schema\/logo\/image\/"}},{"@type":"Person","@id":"https:\/\/www.cmalleida.com\/es\/#\/schema\/person\/7461453022a0d6ce41c1e530eb4443b4","name":"Antonieta Castells Dolcet","image":{"@type":"ImageObject","inLanguage":"es","@id":"https:\/\/secure.gravatar.com\/avatar\/7738df9a8ff2d12e8b37d088ff0e3e36016e57ab29e5db27ba4fb758a81ea3cb?s=96&d=mm&r=g","url":"https:\/\/secure.gravatar.com\/avatar\/7738df9a8ff2d12e8b37d088ff0e3e36016e57ab29e5db27ba4fb758a81ea3cb?s=96&d=mm&r=g","contentUrl":"https:\/\/secure.gravatar.com\/avatar\/7738df9a8ff2d12e8b37d088ff0e3e36016e57ab29e5db27ba4fb758a81ea3cb?s=96&d=mm&r=g","caption":"Antonieta Castells Dolcet"},"sameAs":["http:\/\/www.cmalleida.com"]}]}},"_links":{"self":[{"href":"https:\/\/www.cmalleida.com\/es\/wp-json\/wp\/v2\/posts\/9282","targetHints":{"allow":["GET"]}}],"collection":[{"href":"https:\/\/www.cmalleida.com\/es\/wp-json\/wp\/v2\/posts"}],"about":[{"href":"https:\/\/www.cmalleida.com\/es\/wp-json\/wp\/v2\/types\/post"}],"author":[{"embeddable":true,"href":"https:\/\/www.cmalleida.com\/es\/wp-json\/wp\/v2\/users\/149"}],"replies":[{"embeddable":true,"href":"https:\/\/www.cmalleida.com\/es\/wp-json\/wp\/v2\/comments?post=9282"}],"version-history":[{"count":2,"href":"https:\/\/www.cmalleida.com\/es\/wp-json\/wp\/v2\/posts\/9282\/revisions"}],"predecessor-version":[{"id":9300,"href":"https:\/\/www.cmalleida.com\/es\/wp-json\/wp\/v2\/posts\/9282\/revisions\/9300"}],"wp:featuredmedia":[{"embeddable":true,"href":"https:\/\/www.cmalleida.com\/es\/wp-json\/wp\/v2\/media\/1869"}],"wp:attachment":[{"href":"https:\/\/www.cmalleida.com\/es\/wp-json\/wp\/v2\/media?parent=9282"}],"wp:term":[{"taxonomy":"category","embeddable":true,"href":"https:\/\/www.cmalleida.com\/es\/wp-json\/wp\/v2\/categories?post=9282"},{"taxonomy":"post_tag","embeddable":true,"href":"https:\/\/www.cmalleida.com\/es\/wp-json\/wp\/v2\/tags?post=9282"}],"curies":[{"name":"wp","href":"https:\/\/api.w.org\/{rel}","templated":true}]}}