{"id":9247,"date":"2021-07-02T11:27:01","date_gmt":"2021-07-02T09:27:01","guid":{"rendered":"https:\/\/www.cmalleida.com\/?p=9247"},"modified":"2021-07-02T11:27:01","modified_gmt":"2021-07-02T09:27:01","slug":"el-seguro-destinara-28-millones-de-euros-para-luchar-contra-la-covid-cinco-dias","status":"publish","type":"post","link":"https:\/\/www.cmalleida.com\/es\/el-seguro-destinara-28-millones-de-euros-para-luchar-contra-la-covid-cinco-dias\/","title":{"rendered":"El seguro destinar\u00e1 28 millones de euros para luchar contra la Covid (Cinco D\u00edas)"},"content":{"rendered":"<header id=\"articulo-encabezado\" class=\"articulo-encabezado \">\n<div class=\"articulo-antetitulo \"><strong>El CSIC recibir\u00e1 siete millones para investigar sobre la detecci\u00f3n precoz del virus<\/strong><\/div>\n<div class=\"firma \">\n<div class=\"autor\">\n<div class=\"autor-texto\"><span class=\"autor-nombre\"><a title=\"Ver todas las noticias de Miguel Moreno Mendieta\" href=\"https:\/\/cincodias.elpais.com\/autor\/miguel_moreno_mendieta\/a\/\">MIGUEL MORENO MENDIETA<\/a><\/span><\/div>\n<\/div>\n<\/div>\n<aside id=\"compartir_superior\" class=\"compartir\">\n<div class=\"compartir__interior\">\n<div id=\"compartir_social_superior\" class=\"compartir-social\"><\/div>\n<\/div>\n<\/aside>\n<\/header>\n<div id=\"articulo__contenedor\" class=\"articulo__contenedor\">\n<div class=\"articulo-datos\"><span class=\"articulo-localizaciones\"><span class=\"articulo-localizacion\">Madrid\u00a0<\/span><\/span>\u00a0<time class=\"articulo-actualizado\" datetime=\"2021-06-28T16:00:24+02:00\"><a title=\"Ver todas las noticias de esta fecha\" href=\"https:\/\/cincodias.elpais.com\/tag\/fecha\/20210628\">28 JUN 2021 &#8211; 16:00\u00a0<abbr title=\"Central European Summer Time\">CEST<\/abbr><\/a><\/time><\/div>\n<div id=\"cuerpo_noticia\" class=\"articulo-cuerpo\">\n<p>El sector asegurador ha presentado este lunes su iniciativa solidaria\u00a0<em>Estar Preparados<\/em>, un programa de donaciones dotado con 28 millones de euros procedentes del fondo creado en 2020 por 107 aseguradoras para los sanitarios afectados por el coronavirus y sus familias.<\/p>\n<div id=\"cds_gpt-INTEXT\" data-google-query-id=\"CPyv5KiIxPECFaxCHQkdt6YOeA\">\n<div id=\"google_ads_iframe_7811748\/elpais_finanzas_cincodias_web\/companias\/noticias\/intext_0__container__\">La presidenta de la patronal del seguro (Unespa), Pilar Gonz\u00e1lez de Frutos, ha explicado en rueda de prensa que esta iniciativa muestra el compromiso del seguro \u00abcon el presente y el futuro de Espa\u00f1a\u00bb y busca contribuir a la erradicaci\u00f3n de la covid-19 y sus efectos y \u00abasentar la recuperaci\u00f3n\u00bb econ\u00f3mica para afrontar el futuro.<\/div>\n<\/div>\n<div id=\"_wmass_12330000001192093\">\n<div id=\"jw-9209392093\" class=\"jwplayer jw-reset jw-state-complete jw-stretch-uniform jw-flag-aspect-mode jw-flag-controls-hidden jw-flag-outstream jw-breakpoint-3\" tabindex=\"0\" role=\"application\" aria-label=\"Reproductor de Video\">\n<div class=\"jw-wrapper jw-reset\">\n<div class=\"wm-publi\">El sector reuni\u00f3 38 millones de euros en la primavera de 2020 para constituir un seguro de vida con subsidio por hospitalizaci\u00f3n para m\u00e1s de un mill\u00f3n de sanitarios, un fondo del que se utilizaron 8,4 millones de euros para atender a unas 5.000 personas entre afectados y familiares, unos 4.500 hospitalizados y 134 fallecidos.<\/div>\n<\/div>\n<\/div>\n<\/div>\n<p>Un a\u00f1o y medio despu\u00e9s, el seguro encara nuevos proyectos con el dinero restante, entre ellos impulsar la investigaci\u00f3n y la ciencia, fomentar la prevenci\u00f3n y concienciaci\u00f3n de la ciudadan\u00eda y paliar los efectos socioecon\u00f3micos y sanitarios de la pandemia.<\/p>\n<p>Gracias a este fondo, el Centro Superior de Investigaciones Cient\u00edficas (CSIC) recibir\u00e1 siete millones de euros para proyectos centrados en la prevenci\u00f3n y erradicaci\u00f3n del coronavirus.<\/p>\n<p>El vicepresidente de Investigaci\u00f3n Cient\u00edfica y T\u00e9cnica del CSIC, Jes\u00fas Marco, ha agradecido la \u00abconfianza\u00bb del seguro y ha resaltado el avance que supondr\u00e1 la donaci\u00f3n para desarrollar tecnolog\u00edas para el diagn\u00f3stico del perfil de la respuesta inmunol\u00f3gica, la detecci\u00f3n r\u00e1pida del virus sin PCR y para su detecci\u00f3n \u00abeficiente\u00bb en el aire a trav\u00e9s de tecnolog\u00edas de captaci\u00f3n de aerosoles.<\/p>\n<p>Y tambi\u00e9n para desarrollar vacunas, como ha precisado el vir\u00f3logo del CSIC Luis Enjuanes, que ha detallado los proyectos que est\u00e1n en marcha en Espa\u00f1a, entre ellos el del propio CSIC.<\/p>\n<p>\u00abSi sacamos un producto competitivo y \u00fatil\u00bb sin duda se lograr\u00e1n m\u00e1s fondos, ha dicho Enjuanes, aunque no ha ofrecido ning\u00fan horizonte temporal para la salida al mercado de la vacuna.<\/p>\n<p>Asimismo, Cruz Roja dispondr\u00e1 de 3,8 millones de euros, que se destinar\u00e1n a garantizar \u00abel acceso a la educaci\u00f3n, a la empleabilidad, el acompa\u00f1amiento psicosocial y a reducir la brecha digital y tambi\u00e9n para apoyar a personas que se encuentran en situaci\u00f3n de vulnerabilidad\u00bb.<\/p>\n<p>Para el presidente de Cruz Roja, Javier Senent Garc\u00eda, esta donaci\u00f3n es \u00abfundamental\u00bb, ya que permitir\u00e1 a la organizaci\u00f3n reforzar su plan Cruz Roja Responde frente a la Covid-19 y sus efectos \u00abdonde la sociedad m\u00e1s lo necesita\u00bb.<\/p>\n<p>El plan ha atendido desde el principio de la pandemia a unos 4 millones de personas, entre ellas 1,4 millones que han recibido ayudas directas, muchos de ellos por haber perdido su trabajo y que nunca hab\u00edan acudido a la organizaci\u00f3n, ha explicado el coordinador general de Cruz Roja, Antoni Bruel.<\/p>\n<p>Unespa considera \u00abmuy dif\u00edcil\u00bb que se repita la situaci\u00f3n que vivieron los profesionales sanitarios en marzo de 2020, cuando se cre\u00f3 el fondo, que en el futuro acometer\u00e1 nuevos proyectos solidarios e incluso podr\u00eda valorar nuevas contribuciones de las compa\u00f1\u00edas si fuera necesario, ha dicho Gonz\u00e1lez de Frutos.<\/p>\n<\/div>\n<\/div>\n","protected":false},"excerpt":{"rendered":"<p>El CSIC recibir\u00e1 siete millones para investigar sobre la detecci\u00f3n precoz del virus MIGUEL MORENO MENDIETA Madrid\u00a0\u00a028 JUN 2021 &#8211; 16:00\u00a0CEST El sector asegurador ha&#8230; <a href=\"https:\/\/www.cmalleida.com\/es\/el-seguro-destinara-28-millones-de-euros-para-luchar-contra-la-covid-cinco-dias\/\" rel=\"nofollow\" class=\"lollegirmes\">Llegeix m\u00e9s<\/a><\/p>\n","protected":false},"author":149,"featured_media":1859,"comment_status":"closed","ping_status":"closed","sticky":false,"template":"","format":"standard","meta":{"_acf_changed":false,"_genesis_hide_title":false,"_genesis_hide_breadcrumbs":false,"_genesis_hide_singular_image":false,"_genesis_hide_footer_widgets":false,"_genesis_custom_body_class":"","_genesis_custom_post_class":"","_genesis_layout":"","footnotes":""},"categories":[28],"tags":[],"class_list":{"0":"post-9247","1":"post","2":"type-post","3":"status-publish","4":"format-standard","5":"has-post-thumbnail","7":"category-actualidad","8":"entry"},"acf":[],"yoast_head":"<!-- This site is optimized with the Yoast SEO plugin v27.2 - https:\/\/yoast.com\/product\/yoast-seo-wordpress\/ -->\n<title>El seguro destinar\u00e1 28 millones de euros para luchar contra la Covid (Cinco D\u00edas) - Col\u00b7legi de Mediadors d&#039;Assegurances de Lleida<\/title>\n<meta name=\"robots\" content=\"index, follow, max-snippet:-1, max-image-preview:large, max-video-preview:-1\" \/>\n<link rel=\"canonical\" href=\"https:\/\/www.cmalleida.com\/es\/el-seguro-destinara-28-millones-de-euros-para-luchar-contra-la-covid-cinco-dias\/\" \/>\n<meta property=\"og:locale\" content=\"es_ES\" \/>\n<meta property=\"og:type\" content=\"article\" \/>\n<meta property=\"og:title\" content=\"El seguro destinar\u00e1 28 millones de euros para luchar contra la Covid (Cinco D\u00edas) - Col\u00b7legi de Mediadors d&#039;Assegurances de Lleida\" \/>\n<meta property=\"og:description\" content=\"El CSIC recibir\u00e1 siete millones para investigar sobre la detecci\u00f3n precoz del virus MIGUEL MORENO MENDIETA Madrid\u00a0\u00a028 JUN 2021 &#8211; 16:00\u00a0CEST El sector asegurador ha... Llegeix m\u00e9s\" \/>\n<meta property=\"og:url\" content=\"https:\/\/www.cmalleida.com\/es\/el-seguro-destinara-28-millones-de-euros-para-luchar-contra-la-covid-cinco-dias\/\" \/>\n<meta property=\"og:site_name\" content=\"Col\u00b7legi de Mediadors d&#039;Assegurances de Lleida\" \/>\n<meta property=\"article:published_time\" content=\"2021-07-02T09:27:01+00:00\" \/>\n<meta property=\"og:image\" content=\"https:\/\/www.cmalleida.com\/wp-content\/uploads\/cmall-lleida-actualitat-ajedrez762.jpg\" \/>\n\t<meta property=\"og:image:width\" content=\"762\" \/>\n\t<meta property=\"og:image:height\" content=\"762\" \/>\n\t<meta property=\"og:image:type\" content=\"image\/jpeg\" \/>\n<meta name=\"author\" content=\"Antonieta Castells Dolcet\" \/>\n<meta name=\"twitter:card\" content=\"summary_large_image\" \/>\n<meta name=\"twitter:label1\" content=\"Written by\" \/>\n\t<meta name=\"twitter:data1\" content=\"Antonieta Castells Dolcet\" \/>\n\t<meta name=\"twitter:label2\" content=\"Est. reading time\" \/>\n\t<meta name=\"twitter:data2\" content=\"3 minutos\" \/>\n<script type=\"application\/ld+json\" class=\"yoast-schema-graph\">{\"@context\":\"https:\/\/schema.org\",\"@graph\":[{\"@type\":\"Article\",\"@id\":\"https:\/\/www.cmalleida.com\/es\/el-seguro-destinara-28-millones-de-euros-para-luchar-contra-la-covid-cinco-dias\/#article\",\"isPartOf\":{\"@id\":\"https:\/\/www.cmalleida.com\/es\/el-seguro-destinara-28-millones-de-euros-para-luchar-contra-la-covid-cinco-dias\/\"},\"author\":{\"name\":\"Antonieta Castells Dolcet\",\"@id\":\"https:\/\/www.cmalleida.com\/es\/#\/schema\/person\/7461453022a0d6ce41c1e530eb4443b4\"},\"headline\":\"El seguro destinar\u00e1 28 millones de euros para luchar contra la Covid (Cinco D\u00edas)\",\"datePublished\":\"2021-07-02T09:27:01+00:00\",\"mainEntityOfPage\":{\"@id\":\"https:\/\/www.cmalleida.com\/es\/el-seguro-destinara-28-millones-de-euros-para-luchar-contra-la-covid-cinco-dias\/\"},\"wordCount\":598,\"publisher\":{\"@id\":\"https:\/\/www.cmalleida.com\/es\/#organization\"},\"image\":{\"@id\":\"https:\/\/www.cmalleida.com\/es\/el-seguro-destinara-28-millones-de-euros-para-luchar-contra-la-covid-cinco-dias\/#primaryimage\"},\"thumbnailUrl\":\"https:\/\/www.cmalleida.com\/wp-content\/uploads\/cmall-lleida-actualitat-ajedrez762.jpg\",\"articleSection\":[\"Actualidad\"],\"inLanguage\":\"es\"},{\"@type\":\"WebPage\",\"@id\":\"https:\/\/www.cmalleida.com\/es\/el-seguro-destinara-28-millones-de-euros-para-luchar-contra-la-covid-cinco-dias\/\",\"url\":\"https:\/\/www.cmalleida.com\/es\/el-seguro-destinara-28-millones-de-euros-para-luchar-contra-la-covid-cinco-dias\/\",\"name\":\"El seguro destinar\u00e1 28 millones de euros para luchar contra la Covid (Cinco D\u00edas) - Col\u00b7legi de Mediadors d&#039;Assegurances de Lleida\",\"isPartOf\":{\"@id\":\"https:\/\/www.cmalleida.com\/es\/#website\"},\"primaryImageOfPage\":{\"@id\":\"https:\/\/www.cmalleida.com\/es\/el-seguro-destinara-28-millones-de-euros-para-luchar-contra-la-covid-cinco-dias\/#primaryimage\"},\"image\":{\"@id\":\"https:\/\/www.cmalleida.com\/es\/el-seguro-destinara-28-millones-de-euros-para-luchar-contra-la-covid-cinco-dias\/#primaryimage\"},\"thumbnailUrl\":\"https:\/\/www.cmalleida.com\/wp-content\/uploads\/cmall-lleida-actualitat-ajedrez762.jpg\",\"datePublished\":\"2021-07-02T09:27:01+00:00\",\"breadcrumb\":{\"@id\":\"https:\/\/www.cmalleida.com\/es\/el-seguro-destinara-28-millones-de-euros-para-luchar-contra-la-covid-cinco-dias\/#breadcrumb\"},\"inLanguage\":\"es\",\"potentialAction\":[{\"@type\":\"ReadAction\",\"target\":[\"https:\/\/www.cmalleida.com\/es\/el-seguro-destinara-28-millones-de-euros-para-luchar-contra-la-covid-cinco-dias\/\"]}]},{\"@type\":\"ImageObject\",\"inLanguage\":\"es\",\"@id\":\"https:\/\/www.cmalleida.com\/es\/el-seguro-destinara-28-millones-de-euros-para-luchar-contra-la-covid-cinco-dias\/#primaryimage\",\"url\":\"https:\/\/www.cmalleida.com\/wp-content\/uploads\/cmall-lleida-actualitat-ajedrez762.jpg\",\"contentUrl\":\"https:\/\/www.cmalleida.com\/wp-content\/uploads\/cmall-lleida-actualitat-ajedrez762.jpg\",\"width\":762,\"height\":762,\"caption\":\"cmall-lleida-actualitat-AJEDREZ762\"},{\"@type\":\"BreadcrumbList\",\"@id\":\"https:\/\/www.cmalleida.com\/es\/el-seguro-destinara-28-millones-de-euros-para-luchar-contra-la-covid-cinco-dias\/#breadcrumb\",\"itemListElement\":[{\"@type\":\"ListItem\",\"position\":1,\"name\":\"Inici\",\"item\":\"https:\/\/www.cmalleida.com\/es\/\"},{\"@type\":\"ListItem\",\"position\":2,\"name\":\"El seguro destinar\u00e1 28 millones de euros para luchar contra la Covid (Cinco D\u00edas)\"}]},{\"@type\":\"WebSite\",\"@id\":\"https:\/\/www.cmalleida.com\/es\/#website\",\"url\":\"https:\/\/www.cmalleida.com\/es\/\",\"name\":\"Col\u00b7legi de Mediadors d&#039;Assegurances de Lleida\",\"description\":\"Otro sitio realizado con WordPress\",\"publisher\":{\"@id\":\"https:\/\/www.cmalleida.com\/es\/#organization\"},\"potentialAction\":[{\"@type\":\"SearchAction\",\"target\":{\"@type\":\"EntryPoint\",\"urlTemplate\":\"https:\/\/www.cmalleida.com\/es\/?s={search_term_string}\"},\"query-input\":{\"@type\":\"PropertyValueSpecification\",\"valueRequired\":true,\"valueName\":\"search_term_string\"}}],\"inLanguage\":\"es\"},{\"@type\":\"Organization\",\"@id\":\"https:\/\/www.cmalleida.com\/es\/#organization\",\"name\":\"Col\u00b7legi de Mediadors d'Assegurances de Lleida\",\"url\":\"https:\/\/www.cmalleida.com\/es\/\",\"logo\":{\"@type\":\"ImageObject\",\"inLanguage\":\"es\",\"@id\":\"https:\/\/www.cmalleida.com\/es\/#\/schema\/logo\/image\/\",\"url\":\"\",\"contentUrl\":\"\",\"caption\":\"Col\u00b7legi de Mediadors d'Assegurances de Lleida\"},\"image\":{\"@id\":\"https:\/\/www.cmalleida.com\/es\/#\/schema\/logo\/image\/\"}},{\"@type\":\"Person\",\"@id\":\"https:\/\/www.cmalleida.com\/es\/#\/schema\/person\/7461453022a0d6ce41c1e530eb4443b4\",\"name\":\"Antonieta Castells Dolcet\",\"image\":{\"@type\":\"ImageObject\",\"inLanguage\":\"es\",\"@id\":\"https:\/\/secure.gravatar.com\/avatar\/7738df9a8ff2d12e8b37d088ff0e3e36016e57ab29e5db27ba4fb758a81ea3cb?s=96&d=mm&r=g\",\"url\":\"https:\/\/secure.gravatar.com\/avatar\/7738df9a8ff2d12e8b37d088ff0e3e36016e57ab29e5db27ba4fb758a81ea3cb?s=96&d=mm&r=g\",\"contentUrl\":\"https:\/\/secure.gravatar.com\/avatar\/7738df9a8ff2d12e8b37d088ff0e3e36016e57ab29e5db27ba4fb758a81ea3cb?s=96&d=mm&r=g\",\"caption\":\"Antonieta Castells Dolcet\"},\"sameAs\":[\"http:\/\/www.cmalleida.com\"]}]}<\/script>\n<!-- \/ Yoast SEO plugin. -->","yoast_head_json":{"title":"El seguro destinar\u00e1 28 millones de euros para luchar contra la Covid (Cinco D\u00edas) - Col\u00b7legi de Mediadors d&#039;Assegurances de Lleida","robots":{"index":"index","follow":"follow","max-snippet":"max-snippet:-1","max-image-preview":"max-image-preview:large","max-video-preview":"max-video-preview:-1"},"canonical":"https:\/\/www.cmalleida.com\/es\/el-seguro-destinara-28-millones-de-euros-para-luchar-contra-la-covid-cinco-dias\/","og_locale":"es_ES","og_type":"article","og_title":"El seguro destinar\u00e1 28 millones de euros para luchar contra la Covid (Cinco D\u00edas) - Col\u00b7legi de Mediadors d&#039;Assegurances de Lleida","og_description":"El CSIC recibir\u00e1 siete millones para investigar sobre la detecci\u00f3n precoz del virus MIGUEL MORENO MENDIETA Madrid\u00a0\u00a028 JUN 2021 &#8211; 16:00\u00a0CEST El sector asegurador ha... Llegeix m\u00e9s","og_url":"https:\/\/www.cmalleida.com\/es\/el-seguro-destinara-28-millones-de-euros-para-luchar-contra-la-covid-cinco-dias\/","og_site_name":"Col\u00b7legi de Mediadors d&#039;Assegurances de Lleida","article_published_time":"2021-07-02T09:27:01+00:00","og_image":[{"width":762,"height":762,"url":"https:\/\/www.cmalleida.com\/wp-content\/uploads\/cmall-lleida-actualitat-ajedrez762.jpg","type":"image\/jpeg"}],"author":"Antonieta Castells Dolcet","twitter_card":"summary_large_image","twitter_misc":{"Written by":"Antonieta Castells Dolcet","Est. reading time":"3 minutos"},"schema":{"@context":"https:\/\/schema.org","@graph":[{"@type":"Article","@id":"https:\/\/www.cmalleida.com\/es\/el-seguro-destinara-28-millones-de-euros-para-luchar-contra-la-covid-cinco-dias\/#article","isPartOf":{"@id":"https:\/\/www.cmalleida.com\/es\/el-seguro-destinara-28-millones-de-euros-para-luchar-contra-la-covid-cinco-dias\/"},"author":{"name":"Antonieta Castells Dolcet","@id":"https:\/\/www.cmalleida.com\/es\/#\/schema\/person\/7461453022a0d6ce41c1e530eb4443b4"},"headline":"El seguro destinar\u00e1 28 millones de euros para luchar contra la Covid (Cinco D\u00edas)","datePublished":"2021-07-02T09:27:01+00:00","mainEntityOfPage":{"@id":"https:\/\/www.cmalleida.com\/es\/el-seguro-destinara-28-millones-de-euros-para-luchar-contra-la-covid-cinco-dias\/"},"wordCount":598,"publisher":{"@id":"https:\/\/www.cmalleida.com\/es\/#organization"},"image":{"@id":"https:\/\/www.cmalleida.com\/es\/el-seguro-destinara-28-millones-de-euros-para-luchar-contra-la-covid-cinco-dias\/#primaryimage"},"thumbnailUrl":"https:\/\/www.cmalleida.com\/wp-content\/uploads\/cmall-lleida-actualitat-ajedrez762.jpg","articleSection":["Actualidad"],"inLanguage":"es"},{"@type":"WebPage","@id":"https:\/\/www.cmalleida.com\/es\/el-seguro-destinara-28-millones-de-euros-para-luchar-contra-la-covid-cinco-dias\/","url":"https:\/\/www.cmalleida.com\/es\/el-seguro-destinara-28-millones-de-euros-para-luchar-contra-la-covid-cinco-dias\/","name":"El seguro destinar\u00e1 28 millones de euros para luchar contra la Covid (Cinco D\u00edas) - Col\u00b7legi de Mediadors d&#039;Assegurances de Lleida","isPartOf":{"@id":"https:\/\/www.cmalleida.com\/es\/#website"},"primaryImageOfPage":{"@id":"https:\/\/www.cmalleida.com\/es\/el-seguro-destinara-28-millones-de-euros-para-luchar-contra-la-covid-cinco-dias\/#primaryimage"},"image":{"@id":"https:\/\/www.cmalleida.com\/es\/el-seguro-destinara-28-millones-de-euros-para-luchar-contra-la-covid-cinco-dias\/#primaryimage"},"thumbnailUrl":"https:\/\/www.cmalleida.com\/wp-content\/uploads\/cmall-lleida-actualitat-ajedrez762.jpg","datePublished":"2021-07-02T09:27:01+00:00","breadcrumb":{"@id":"https:\/\/www.cmalleida.com\/es\/el-seguro-destinara-28-millones-de-euros-para-luchar-contra-la-covid-cinco-dias\/#breadcrumb"},"inLanguage":"es","potentialAction":[{"@type":"ReadAction","target":["https:\/\/www.cmalleida.com\/es\/el-seguro-destinara-28-millones-de-euros-para-luchar-contra-la-covid-cinco-dias\/"]}]},{"@type":"ImageObject","inLanguage":"es","@id":"https:\/\/www.cmalleida.com\/es\/el-seguro-destinara-28-millones-de-euros-para-luchar-contra-la-covid-cinco-dias\/#primaryimage","url":"https:\/\/www.cmalleida.com\/wp-content\/uploads\/cmall-lleida-actualitat-ajedrez762.jpg","contentUrl":"https:\/\/www.cmalleida.com\/wp-content\/uploads\/cmall-lleida-actualitat-ajedrez762.jpg","width":762,"height":762,"caption":"cmall-lleida-actualitat-AJEDREZ762"},{"@type":"BreadcrumbList","@id":"https:\/\/www.cmalleida.com\/es\/el-seguro-destinara-28-millones-de-euros-para-luchar-contra-la-covid-cinco-dias\/#breadcrumb","itemListElement":[{"@type":"ListItem","position":1,"name":"Inici","item":"https:\/\/www.cmalleida.com\/es\/"},{"@type":"ListItem","position":2,"name":"El seguro destinar\u00e1 28 millones de euros para luchar contra la Covid (Cinco D\u00edas)"}]},{"@type":"WebSite","@id":"https:\/\/www.cmalleida.com\/es\/#website","url":"https:\/\/www.cmalleida.com\/es\/","name":"Col\u00b7legi de Mediadors d&#039;Assegurances de Lleida","description":"Otro sitio realizado con WordPress","publisher":{"@id":"https:\/\/www.cmalleida.com\/es\/#organization"},"potentialAction":[{"@type":"SearchAction","target":{"@type":"EntryPoint","urlTemplate":"https:\/\/www.cmalleida.com\/es\/?s={search_term_string}"},"query-input":{"@type":"PropertyValueSpecification","valueRequired":true,"valueName":"search_term_string"}}],"inLanguage":"es"},{"@type":"Organization","@id":"https:\/\/www.cmalleida.com\/es\/#organization","name":"Col\u00b7legi de Mediadors d'Assegurances de Lleida","url":"https:\/\/www.cmalleida.com\/es\/","logo":{"@type":"ImageObject","inLanguage":"es","@id":"https:\/\/www.cmalleida.com\/es\/#\/schema\/logo\/image\/","url":"","contentUrl":"","caption":"Col\u00b7legi de Mediadors d'Assegurances de Lleida"},"image":{"@id":"https:\/\/www.cmalleida.com\/es\/#\/schema\/logo\/image\/"}},{"@type":"Person","@id":"https:\/\/www.cmalleida.com\/es\/#\/schema\/person\/7461453022a0d6ce41c1e530eb4443b4","name":"Antonieta Castells Dolcet","image":{"@type":"ImageObject","inLanguage":"es","@id":"https:\/\/secure.gravatar.com\/avatar\/7738df9a8ff2d12e8b37d088ff0e3e36016e57ab29e5db27ba4fb758a81ea3cb?s=96&d=mm&r=g","url":"https:\/\/secure.gravatar.com\/avatar\/7738df9a8ff2d12e8b37d088ff0e3e36016e57ab29e5db27ba4fb758a81ea3cb?s=96&d=mm&r=g","contentUrl":"https:\/\/secure.gravatar.com\/avatar\/7738df9a8ff2d12e8b37d088ff0e3e36016e57ab29e5db27ba4fb758a81ea3cb?s=96&d=mm&r=g","caption":"Antonieta Castells Dolcet"},"sameAs":["http:\/\/www.cmalleida.com"]}]}},"_links":{"self":[{"href":"https:\/\/www.cmalleida.com\/es\/wp-json\/wp\/v2\/posts\/9247","targetHints":{"allow":["GET"]}}],"collection":[{"href":"https:\/\/www.cmalleida.com\/es\/wp-json\/wp\/v2\/posts"}],"about":[{"href":"https:\/\/www.cmalleida.com\/es\/wp-json\/wp\/v2\/types\/post"}],"author":[{"embeddable":true,"href":"https:\/\/www.cmalleida.com\/es\/wp-json\/wp\/v2\/users\/149"}],"replies":[{"embeddable":true,"href":"https:\/\/www.cmalleida.com\/es\/wp-json\/wp\/v2\/comments?post=9247"}],"version-history":[{"count":1,"href":"https:\/\/www.cmalleida.com\/es\/wp-json\/wp\/v2\/posts\/9247\/revisions"}],"predecessor-version":[{"id":9248,"href":"https:\/\/www.cmalleida.com\/es\/wp-json\/wp\/v2\/posts\/9247\/revisions\/9248"}],"wp:featuredmedia":[{"embeddable":true,"href":"https:\/\/www.cmalleida.com\/es\/wp-json\/wp\/v2\/media\/1859"}],"wp:attachment":[{"href":"https:\/\/www.cmalleida.com\/es\/wp-json\/wp\/v2\/media?parent=9247"}],"wp:term":[{"taxonomy":"category","embeddable":true,"href":"https:\/\/www.cmalleida.com\/es\/wp-json\/wp\/v2\/categories?post=9247"},{"taxonomy":"post_tag","embeddable":true,"href":"https:\/\/www.cmalleida.com\/es\/wp-json\/wp\/v2\/tags?post=9247"}],"curies":[{"name":"wp","href":"https:\/\/api.w.org\/{rel}","templated":true}]}}