{"id":9166,"date":"2021-06-18T09:45:25","date_gmt":"2021-06-18T07:45:25","guid":{"rendered":"https:\/\/www.cmalleida.com\/?p=9166"},"modified":"2021-06-18T09:46:54","modified_gmt":"2021-06-18T07:46:54","slug":"nota-informativa-sobre-varios-episodios-de-tempestad-ciclonica-atipica-producidos-en-el-primer-trimestre-de-2021","status":"publish","type":"post","link":"https:\/\/www.cmalleida.com\/es\/nota-informativa-sobre-varios-episodios-de-tempestad-ciclonica-atipica-producidos-en-el-primer-trimestre-de-2021\/","title":{"rendered":"NOTA INFORMATIVA SOBRE VARIOS EPISODIOS DE TEMPESTAD CICL\u00d3NICA AT\u00cdPICA PRODUCIDOS EN EL PRIMER TRIMESTRE DE 2021"},"content":{"rendered":"<p><strong>I) TCA confirmadas y geogr\u00e1ficamente delimitadas:<\/strong><br \/>\nSobre la base de los informes emitidos por la Agencia Estatal de Meteorolog\u00eda (AEMET) conforme a lo previsto en la legislaci\u00f3n del seguro de riesgos extraordinarios, ha resultado constatado que en el periodo de enero a marzo de 2021 se produjeron tres episodios de tempestad cicl\u00f3nica at\u00edpica (TCA), todos ellos en su modalidad de viento de racha superior a 120 km\/h.<\/p>\n<p><a href=\"https:\/\/app.box.com\/s\/0zh0mexnypea0dlcjcghvz8y8cfvovv4\" target=\"_blank\" rel=\"noopener noreferrer\"><strong>NOTA INFORMATIVA SOBRE ELS TEMES MUNICIPALS AFECTATS<\/strong><\/a><\/p>\n<p>El Consorcio de Compensaci\u00f3n de Seguros (CCS) comunica que indemnizar\u00e1 los da\u00f1os que, como consecuencia del viento, hubieran sufrido durante los d\u00edas citados los bienes asegurados y situados en dichos municipios.<\/p>\n<p>La escasa afectaci\u00f3n generada por estos tres episodios de TCA no requiere la aplicaci\u00f3n del Convenio de colaboraci\u00f3n de 14 de noviembre de 2011 sobre gesti\u00f3n de siniestros y de reembolsos derivados de los mismos firmado por Unespa, en representaci\u00f3n de las entidades aseguradoras, y el CCS.<\/p>\n<p>En consecuencia:<\/p>\n<p>a. Los asegurados que a\u00fan no lo hubieran hecho deber\u00e1n comunicar sus da\u00f1os a su entidad aseguradora para que sean atendidos por \u00e9sta, en lugar de hacerlo al CCS.<\/p>\n<p>b. El CCS reembolsar\u00e1 posteriormente a las entidades aseguradoras las indemnizaciones que hubiesen abonado a sus asegurados.<\/p>\n<p>Las entidades aseguradoras podr\u00e1n utilizar la v\u00eda telem\u00e1tica de solicitud de los reembolsos mediante el Servicio \u201cSCCS\u201d que se encuentra disponible a trav\u00e9s de TIREA.<\/p>\n<p><strong>II) TCA producidas en el primer trimestre de 2021 en estudio y pendientes de delimitaci\u00f3n geogr\u00e1fica, que se definir\u00e1n en notas informativas posteriores:<\/strong><\/p>\n<p>Se informa, al mismo tiempo, de que en el primer trimestre de 2021 se produjeron otras TCA, cuyo estudio se encuentra en este momento pendiente de conclusi\u00f3n. La delimitaci\u00f3n de las zonas concretas en las que se han superado los umbrales legales que definen las TCA en sus diversas modalidades se llevar\u00e1 a cabo y se difundir\u00e1 pr\u00f3ximamente, una vez el CCS disponga de la informaci\u00f3n completa solicitada por \u00e9ste a la AEMET. No obstante, cabe anticipar al respecto lo siguiente:<\/p>\n<p>&#8211;<strong> Borrasca denominada \u201cFilomena\u201d, acaecida entre los d\u00edas 6 y 10 de enero de 2021, y ola de fr\u00edo subsiguiente en el periodo de 11 a 17 de enero de 2021.<\/strong> Sin perjuicio de que se ha podido constatar la ocurrencia en zonas de las islas Canarias, durante los primeros d\u00edas de la borrasca, de TCA por vientos de racha m\u00e1xima superior a 120 km\/h, se est\u00e1 pendiente de la verificaci\u00f3n de si hubiera podido producir TCA en su modalidad de vientos de velocidad mayor de 84 kil\u00f3metros por hora promediados sobre intervalos de 10 minutos en concurrencia con temperaturas potenciales referidas a la presi\u00f3n al nivel del mar en el punto costero m\u00e1s pr\u00f3ximo inferiores a -6\u00baC.<\/p>\n<p><strong>&#8211; Tempestades denominadas \u201cGaetan\u201d, \u201cHortense\u201d e \u201cIgnacio\u201d, acaecidas en el periodo de 19 a 24 de enero de 2021.<\/strong> Se trata, en sentido estricto, de tempestades distintas y consecutivas. El CCS ha acordado dar un tratamiento conjunto a las tres tempestades a los efectos de la gesti\u00f3n de las indemnizaciones derivadas de contrato de seguro. AEMET est\u00e1 en proceso de estudio y redacci\u00f3n de informes espec\u00edficos sobre algunas zonas concretas.<\/p>\n<p>Cuando AEMET emita los informes finales y, sobre la base de \u00e9stos, el CCS acuerde la delimitaci\u00f3n de los municipios en los que se produjo TCA de modo efectivo o con una probabilidad razonablemente alta, esta entidad p\u00fablica dar\u00e1 publicidad a los correspondientes mapas, t\u00e9rminos municipales y modos de gesti\u00f3n de los reembolsos a abonar a las entidades aseguradoras mediante las habituales notas informativas espec\u00edficas.<\/p>\n<p>Madrid, 12 de mayo de 2021<\/p>\n","protected":false},"excerpt":{"rendered":"<p>I) TCA confirmadas y geogr\u00e1ficamente delimitadas: Sobre la base de los informes emitidos por la Agencia Estatal de Meteorolog\u00eda (AEMET) conforme a lo previsto en&#8230; <a href=\"https:\/\/www.cmalleida.com\/es\/nota-informativa-sobre-varios-episodios-de-tempestad-ciclonica-atipica-producidos-en-el-primer-trimestre-de-2021\/\" rel=\"nofollow\" class=\"lollegirmes\">Llegeix m\u00e9s<\/a><\/p>\n","protected":false},"author":149,"featured_media":7985,"comment_status":"closed","ping_status":"closed","sticky":false,"template":"","format":"standard","meta":{"_acf_changed":false,"_genesis_hide_title":false,"_genesis_hide_breadcrumbs":false,"_genesis_hide_singular_image":false,"_genesis_hide_footer_widgets":false,"_genesis_custom_body_class":"","_genesis_custom_post_class":"","_genesis_layout":"","footnotes":""},"categories":[28,62],"tags":[],"class_list":{"0":"post-9166","1":"post","2":"type-post","3":"status-publish","4":"format-standard","5":"has-post-thumbnail","7":"category-actualidad","8":"category-sinistres-es","9":"entry"},"acf":[],"yoast_head":"<!-- This site is optimized with the Yoast SEO plugin v27.2 - https:\/\/yoast.com\/product\/yoast-seo-wordpress\/ -->\n<title>NOTA INFORMATIVA SOBRE VARIOS EPISODIOS DE TEMPESTAD CICL\u00d3NICA AT\u00cdPICA PRODUCIDOS EN EL PRIMER TRIMESTRE DE 2021 - Col\u00b7legi de Mediadors d&#039;Assegurances de Lleida<\/title>\n<meta name=\"robots\" content=\"index, follow, max-snippet:-1, max-image-preview:large, max-video-preview:-1\" \/>\n<link rel=\"canonical\" href=\"https:\/\/www.cmalleida.com\/es\/nota-informativa-sobre-varios-episodios-de-tempestad-ciclonica-atipica-producidos-en-el-primer-trimestre-de-2021\/\" \/>\n<meta property=\"og:locale\" content=\"es_ES\" \/>\n<meta property=\"og:type\" content=\"article\" \/>\n<meta property=\"og:title\" content=\"NOTA INFORMATIVA SOBRE VARIOS EPISODIOS DE TEMPESTAD CICL\u00d3NICA AT\u00cdPICA PRODUCIDOS EN EL PRIMER TRIMESTRE DE 2021 - Col\u00b7legi de Mediadors d&#039;Assegurances de Lleida\" \/>\n<meta property=\"og:description\" content=\"I) TCA confirmadas y geogr\u00e1ficamente delimitadas: Sobre la base de los informes emitidos por la Agencia Estatal de Meteorolog\u00eda (AEMET) conforme a lo previsto en... Llegeix m\u00e9s\" \/>\n<meta property=\"og:url\" content=\"https:\/\/www.cmalleida.com\/es\/nota-informativa-sobre-varios-episodios-de-tempestad-ciclonica-atipica-producidos-en-el-primer-trimestre-de-2021\/\" \/>\n<meta property=\"og:site_name\" content=\"Col\u00b7legi de Mediadors d&#039;Assegurances de Lleida\" \/>\n<meta property=\"article:published_time\" content=\"2021-06-18T07:45:25+00:00\" \/>\n<meta property=\"article:modified_time\" content=\"2021-06-18T07:46:54+00:00\" \/>\n<meta property=\"og:image\" content=\"https:\/\/www.cmalleida.com\/wp-content\/uploads\/descarga-4.jpg\" \/>\n\t<meta property=\"og:image:width\" content=\"400\" \/>\n\t<meta property=\"og:image:height\" content=\"266\" \/>\n\t<meta property=\"og:image:type\" content=\"image\/jpeg\" \/>\n<meta name=\"author\" content=\"Antonieta Castells Dolcet\" \/>\n<meta name=\"twitter:card\" content=\"summary_large_image\" \/>\n<meta name=\"twitter:label1\" content=\"Written by\" \/>\n\t<meta name=\"twitter:data1\" content=\"Antonieta Castells Dolcet\" \/>\n\t<meta name=\"twitter:label2\" content=\"Est. reading time\" \/>\n\t<meta name=\"twitter:data2\" content=\"3 minutos\" \/>\n<script type=\"application\/ld+json\" class=\"yoast-schema-graph\">{\"@context\":\"https:\/\/schema.org\",\"@graph\":[{\"@type\":\"Article\",\"@id\":\"https:\/\/www.cmalleida.com\/es\/nota-informativa-sobre-varios-episodios-de-tempestad-ciclonica-atipica-producidos-en-el-primer-trimestre-de-2021\/#article\",\"isPartOf\":{\"@id\":\"https:\/\/www.cmalleida.com\/es\/nota-informativa-sobre-varios-episodios-de-tempestad-ciclonica-atipica-producidos-en-el-primer-trimestre-de-2021\/\"},\"author\":{\"name\":\"Antonieta Castells Dolcet\",\"@id\":\"https:\/\/www.cmalleida.com\/es\/#\/schema\/person\/7461453022a0d6ce41c1e530eb4443b4\"},\"headline\":\"NOTA INFORMATIVA SOBRE VARIOS EPISODIOS DE TEMPESTAD CICL\u00d3NICA AT\u00cdPICA PRODUCIDOS EN EL PRIMER TRIMESTRE DE 2021\",\"datePublished\":\"2021-06-18T07:45:25+00:00\",\"dateModified\":\"2021-06-18T07:46:54+00:00\",\"mainEntityOfPage\":{\"@id\":\"https:\/\/www.cmalleida.com\/es\/nota-informativa-sobre-varios-episodios-de-tempestad-ciclonica-atipica-producidos-en-el-primer-trimestre-de-2021\/\"},\"wordCount\":632,\"publisher\":{\"@id\":\"https:\/\/www.cmalleida.com\/es\/#organization\"},\"image\":{\"@id\":\"https:\/\/www.cmalleida.com\/es\/nota-informativa-sobre-varios-episodios-de-tempestad-ciclonica-atipica-producidos-en-el-primer-trimestre-de-2021\/#primaryimage\"},\"thumbnailUrl\":\"https:\/\/www.cmalleida.com\/wp-content\/uploads\/descarga-4.jpg\",\"articleSection\":[\"Actualidad\",\"Sinistres\"],\"inLanguage\":\"es\"},{\"@type\":\"WebPage\",\"@id\":\"https:\/\/www.cmalleida.com\/es\/nota-informativa-sobre-varios-episodios-de-tempestad-ciclonica-atipica-producidos-en-el-primer-trimestre-de-2021\/\",\"url\":\"https:\/\/www.cmalleida.com\/es\/nota-informativa-sobre-varios-episodios-de-tempestad-ciclonica-atipica-producidos-en-el-primer-trimestre-de-2021\/\",\"name\":\"NOTA INFORMATIVA SOBRE VARIOS EPISODIOS DE TEMPESTAD CICL\u00d3NICA AT\u00cdPICA PRODUCIDOS EN EL PRIMER TRIMESTRE DE 2021 - Col\u00b7legi de Mediadors d&#039;Assegurances de Lleida\",\"isPartOf\":{\"@id\":\"https:\/\/www.cmalleida.com\/es\/#website\"},\"primaryImageOfPage\":{\"@id\":\"https:\/\/www.cmalleida.com\/es\/nota-informativa-sobre-varios-episodios-de-tempestad-ciclonica-atipica-producidos-en-el-primer-trimestre-de-2021\/#primaryimage\"},\"image\":{\"@id\":\"https:\/\/www.cmalleida.com\/es\/nota-informativa-sobre-varios-episodios-de-tempestad-ciclonica-atipica-producidos-en-el-primer-trimestre-de-2021\/#primaryimage\"},\"thumbnailUrl\":\"https:\/\/www.cmalleida.com\/wp-content\/uploads\/descarga-4.jpg\",\"datePublished\":\"2021-06-18T07:45:25+00:00\",\"dateModified\":\"2021-06-18T07:46:54+00:00\",\"breadcrumb\":{\"@id\":\"https:\/\/www.cmalleida.com\/es\/nota-informativa-sobre-varios-episodios-de-tempestad-ciclonica-atipica-producidos-en-el-primer-trimestre-de-2021\/#breadcrumb\"},\"inLanguage\":\"es\",\"potentialAction\":[{\"@type\":\"ReadAction\",\"target\":[\"https:\/\/www.cmalleida.com\/es\/nota-informativa-sobre-varios-episodios-de-tempestad-ciclonica-atipica-producidos-en-el-primer-trimestre-de-2021\/\"]}]},{\"@type\":\"ImageObject\",\"inLanguage\":\"es\",\"@id\":\"https:\/\/www.cmalleida.com\/es\/nota-informativa-sobre-varios-episodios-de-tempestad-ciclonica-atipica-producidos-en-el-primer-trimestre-de-2021\/#primaryimage\",\"url\":\"https:\/\/www.cmalleida.com\/wp-content\/uploads\/descarga-4.jpg\",\"contentUrl\":\"https:\/\/www.cmalleida.com\/wp-content\/uploads\/descarga-4.jpg\",\"width\":400,\"height\":266,\"caption\":\"descarga\"},{\"@type\":\"BreadcrumbList\",\"@id\":\"https:\/\/www.cmalleida.com\/es\/nota-informativa-sobre-varios-episodios-de-tempestad-ciclonica-atipica-producidos-en-el-primer-trimestre-de-2021\/#breadcrumb\",\"itemListElement\":[{\"@type\":\"ListItem\",\"position\":1,\"name\":\"Inici\",\"item\":\"https:\/\/www.cmalleida.com\/es\/\"},{\"@type\":\"ListItem\",\"position\":2,\"name\":\"NOTA INFORMATIVA SOBRE VARIOS EPISODIOS DE TEMPESTAD CICL\u00d3NICA AT\u00cdPICA PRODUCIDOS EN EL PRIMER TRIMESTRE DE 2021\"}]},{\"@type\":\"WebSite\",\"@id\":\"https:\/\/www.cmalleida.com\/es\/#website\",\"url\":\"https:\/\/www.cmalleida.com\/es\/\",\"name\":\"Col\u00b7legi de Mediadors d&#039;Assegurances de Lleida\",\"description\":\"Otro sitio realizado con WordPress\",\"publisher\":{\"@id\":\"https:\/\/www.cmalleida.com\/es\/#organization\"},\"potentialAction\":[{\"@type\":\"SearchAction\",\"target\":{\"@type\":\"EntryPoint\",\"urlTemplate\":\"https:\/\/www.cmalleida.com\/es\/?s={search_term_string}\"},\"query-input\":{\"@type\":\"PropertyValueSpecification\",\"valueRequired\":true,\"valueName\":\"search_term_string\"}}],\"inLanguage\":\"es\"},{\"@type\":\"Organization\",\"@id\":\"https:\/\/www.cmalleida.com\/es\/#organization\",\"name\":\"Col\u00b7legi de Mediadors d'Assegurances de Lleida\",\"url\":\"https:\/\/www.cmalleida.com\/es\/\",\"logo\":{\"@type\":\"ImageObject\",\"inLanguage\":\"es\",\"@id\":\"https:\/\/www.cmalleida.com\/es\/#\/schema\/logo\/image\/\",\"url\":\"\",\"contentUrl\":\"\",\"caption\":\"Col\u00b7legi de Mediadors d'Assegurances de Lleida\"},\"image\":{\"@id\":\"https:\/\/www.cmalleida.com\/es\/#\/schema\/logo\/image\/\"}},{\"@type\":\"Person\",\"@id\":\"https:\/\/www.cmalleida.com\/es\/#\/schema\/person\/7461453022a0d6ce41c1e530eb4443b4\",\"name\":\"Antonieta Castells Dolcet\",\"image\":{\"@type\":\"ImageObject\",\"inLanguage\":\"es\",\"@id\":\"https:\/\/secure.gravatar.com\/avatar\/7738df9a8ff2d12e8b37d088ff0e3e36016e57ab29e5db27ba4fb758a81ea3cb?s=96&d=mm&r=g\",\"url\":\"https:\/\/secure.gravatar.com\/avatar\/7738df9a8ff2d12e8b37d088ff0e3e36016e57ab29e5db27ba4fb758a81ea3cb?s=96&d=mm&r=g\",\"contentUrl\":\"https:\/\/secure.gravatar.com\/avatar\/7738df9a8ff2d12e8b37d088ff0e3e36016e57ab29e5db27ba4fb758a81ea3cb?s=96&d=mm&r=g\",\"caption\":\"Antonieta Castells Dolcet\"},\"sameAs\":[\"http:\/\/www.cmalleida.com\"]}]}<\/script>\n<!-- \/ Yoast SEO plugin. -->","yoast_head_json":{"title":"NOTA INFORMATIVA SOBRE VARIOS EPISODIOS DE TEMPESTAD CICL\u00d3NICA AT\u00cdPICA PRODUCIDOS EN EL PRIMER TRIMESTRE DE 2021 - Col\u00b7legi de Mediadors d&#039;Assegurances de Lleida","robots":{"index":"index","follow":"follow","max-snippet":"max-snippet:-1","max-image-preview":"max-image-preview:large","max-video-preview":"max-video-preview:-1"},"canonical":"https:\/\/www.cmalleida.com\/es\/nota-informativa-sobre-varios-episodios-de-tempestad-ciclonica-atipica-producidos-en-el-primer-trimestre-de-2021\/","og_locale":"es_ES","og_type":"article","og_title":"NOTA INFORMATIVA SOBRE VARIOS EPISODIOS DE TEMPESTAD CICL\u00d3NICA AT\u00cdPICA PRODUCIDOS EN EL PRIMER TRIMESTRE DE 2021 - Col\u00b7legi de Mediadors d&#039;Assegurances de Lleida","og_description":"I) TCA confirmadas y geogr\u00e1ficamente delimitadas: Sobre la base de los informes emitidos por la Agencia Estatal de Meteorolog\u00eda (AEMET) conforme a lo previsto en... Llegeix m\u00e9s","og_url":"https:\/\/www.cmalleida.com\/es\/nota-informativa-sobre-varios-episodios-de-tempestad-ciclonica-atipica-producidos-en-el-primer-trimestre-de-2021\/","og_site_name":"Col\u00b7legi de Mediadors d&#039;Assegurances de Lleida","article_published_time":"2021-06-18T07:45:25+00:00","article_modified_time":"2021-06-18T07:46:54+00:00","og_image":[{"width":400,"height":266,"url":"https:\/\/www.cmalleida.com\/wp-content\/uploads\/descarga-4.jpg","type":"image\/jpeg"}],"author":"Antonieta Castells Dolcet","twitter_card":"summary_large_image","twitter_misc":{"Written by":"Antonieta Castells Dolcet","Est. reading time":"3 minutos"},"schema":{"@context":"https:\/\/schema.org","@graph":[{"@type":"Article","@id":"https:\/\/www.cmalleida.com\/es\/nota-informativa-sobre-varios-episodios-de-tempestad-ciclonica-atipica-producidos-en-el-primer-trimestre-de-2021\/#article","isPartOf":{"@id":"https:\/\/www.cmalleida.com\/es\/nota-informativa-sobre-varios-episodios-de-tempestad-ciclonica-atipica-producidos-en-el-primer-trimestre-de-2021\/"},"author":{"name":"Antonieta Castells Dolcet","@id":"https:\/\/www.cmalleida.com\/es\/#\/schema\/person\/7461453022a0d6ce41c1e530eb4443b4"},"headline":"NOTA INFORMATIVA SOBRE VARIOS EPISODIOS DE TEMPESTAD CICL\u00d3NICA AT\u00cdPICA PRODUCIDOS EN EL PRIMER TRIMESTRE DE 2021","datePublished":"2021-06-18T07:45:25+00:00","dateModified":"2021-06-18T07:46:54+00:00","mainEntityOfPage":{"@id":"https:\/\/www.cmalleida.com\/es\/nota-informativa-sobre-varios-episodios-de-tempestad-ciclonica-atipica-producidos-en-el-primer-trimestre-de-2021\/"},"wordCount":632,"publisher":{"@id":"https:\/\/www.cmalleida.com\/es\/#organization"},"image":{"@id":"https:\/\/www.cmalleida.com\/es\/nota-informativa-sobre-varios-episodios-de-tempestad-ciclonica-atipica-producidos-en-el-primer-trimestre-de-2021\/#primaryimage"},"thumbnailUrl":"https:\/\/www.cmalleida.com\/wp-content\/uploads\/descarga-4.jpg","articleSection":["Actualidad","Sinistres"],"inLanguage":"es"},{"@type":"WebPage","@id":"https:\/\/www.cmalleida.com\/es\/nota-informativa-sobre-varios-episodios-de-tempestad-ciclonica-atipica-producidos-en-el-primer-trimestre-de-2021\/","url":"https:\/\/www.cmalleida.com\/es\/nota-informativa-sobre-varios-episodios-de-tempestad-ciclonica-atipica-producidos-en-el-primer-trimestre-de-2021\/","name":"NOTA INFORMATIVA SOBRE VARIOS EPISODIOS DE TEMPESTAD CICL\u00d3NICA AT\u00cdPICA PRODUCIDOS EN EL PRIMER TRIMESTRE DE 2021 - Col\u00b7legi de Mediadors d&#039;Assegurances de Lleida","isPartOf":{"@id":"https:\/\/www.cmalleida.com\/es\/#website"},"primaryImageOfPage":{"@id":"https:\/\/www.cmalleida.com\/es\/nota-informativa-sobre-varios-episodios-de-tempestad-ciclonica-atipica-producidos-en-el-primer-trimestre-de-2021\/#primaryimage"},"image":{"@id":"https:\/\/www.cmalleida.com\/es\/nota-informativa-sobre-varios-episodios-de-tempestad-ciclonica-atipica-producidos-en-el-primer-trimestre-de-2021\/#primaryimage"},"thumbnailUrl":"https:\/\/www.cmalleida.com\/wp-content\/uploads\/descarga-4.jpg","datePublished":"2021-06-18T07:45:25+00:00","dateModified":"2021-06-18T07:46:54+00:00","breadcrumb":{"@id":"https:\/\/www.cmalleida.com\/es\/nota-informativa-sobre-varios-episodios-de-tempestad-ciclonica-atipica-producidos-en-el-primer-trimestre-de-2021\/#breadcrumb"},"inLanguage":"es","potentialAction":[{"@type":"ReadAction","target":["https:\/\/www.cmalleida.com\/es\/nota-informativa-sobre-varios-episodios-de-tempestad-ciclonica-atipica-producidos-en-el-primer-trimestre-de-2021\/"]}]},{"@type":"ImageObject","inLanguage":"es","@id":"https:\/\/www.cmalleida.com\/es\/nota-informativa-sobre-varios-episodios-de-tempestad-ciclonica-atipica-producidos-en-el-primer-trimestre-de-2021\/#primaryimage","url":"https:\/\/www.cmalleida.com\/wp-content\/uploads\/descarga-4.jpg","contentUrl":"https:\/\/www.cmalleida.com\/wp-content\/uploads\/descarga-4.jpg","width":400,"height":266,"caption":"descarga"},{"@type":"BreadcrumbList","@id":"https:\/\/www.cmalleida.com\/es\/nota-informativa-sobre-varios-episodios-de-tempestad-ciclonica-atipica-producidos-en-el-primer-trimestre-de-2021\/#breadcrumb","itemListElement":[{"@type":"ListItem","position":1,"name":"Inici","item":"https:\/\/www.cmalleida.com\/es\/"},{"@type":"ListItem","position":2,"name":"NOTA INFORMATIVA SOBRE VARIOS EPISODIOS DE TEMPESTAD CICL\u00d3NICA AT\u00cdPICA PRODUCIDOS EN EL PRIMER TRIMESTRE DE 2021"}]},{"@type":"WebSite","@id":"https:\/\/www.cmalleida.com\/es\/#website","url":"https:\/\/www.cmalleida.com\/es\/","name":"Col\u00b7legi de Mediadors d&#039;Assegurances de Lleida","description":"Otro sitio realizado con WordPress","publisher":{"@id":"https:\/\/www.cmalleida.com\/es\/#organization"},"potentialAction":[{"@type":"SearchAction","target":{"@type":"EntryPoint","urlTemplate":"https:\/\/www.cmalleida.com\/es\/?s={search_term_string}"},"query-input":{"@type":"PropertyValueSpecification","valueRequired":true,"valueName":"search_term_string"}}],"inLanguage":"es"},{"@type":"Organization","@id":"https:\/\/www.cmalleida.com\/es\/#organization","name":"Col\u00b7legi de Mediadors d'Assegurances de Lleida","url":"https:\/\/www.cmalleida.com\/es\/","logo":{"@type":"ImageObject","inLanguage":"es","@id":"https:\/\/www.cmalleida.com\/es\/#\/schema\/logo\/image\/","url":"","contentUrl":"","caption":"Col\u00b7legi de Mediadors d'Assegurances de Lleida"},"image":{"@id":"https:\/\/www.cmalleida.com\/es\/#\/schema\/logo\/image\/"}},{"@type":"Person","@id":"https:\/\/www.cmalleida.com\/es\/#\/schema\/person\/7461453022a0d6ce41c1e530eb4443b4","name":"Antonieta Castells Dolcet","image":{"@type":"ImageObject","inLanguage":"es","@id":"https:\/\/secure.gravatar.com\/avatar\/7738df9a8ff2d12e8b37d088ff0e3e36016e57ab29e5db27ba4fb758a81ea3cb?s=96&d=mm&r=g","url":"https:\/\/secure.gravatar.com\/avatar\/7738df9a8ff2d12e8b37d088ff0e3e36016e57ab29e5db27ba4fb758a81ea3cb?s=96&d=mm&r=g","contentUrl":"https:\/\/secure.gravatar.com\/avatar\/7738df9a8ff2d12e8b37d088ff0e3e36016e57ab29e5db27ba4fb758a81ea3cb?s=96&d=mm&r=g","caption":"Antonieta Castells Dolcet"},"sameAs":["http:\/\/www.cmalleida.com"]}]}},"_links":{"self":[{"href":"https:\/\/www.cmalleida.com\/es\/wp-json\/wp\/v2\/posts\/9166","targetHints":{"allow":["GET"]}}],"collection":[{"href":"https:\/\/www.cmalleida.com\/es\/wp-json\/wp\/v2\/posts"}],"about":[{"href":"https:\/\/www.cmalleida.com\/es\/wp-json\/wp\/v2\/types\/post"}],"author":[{"embeddable":true,"href":"https:\/\/www.cmalleida.com\/es\/wp-json\/wp\/v2\/users\/149"}],"replies":[{"embeddable":true,"href":"https:\/\/www.cmalleida.com\/es\/wp-json\/wp\/v2\/comments?post=9166"}],"version-history":[{"count":1,"href":"https:\/\/www.cmalleida.com\/es\/wp-json\/wp\/v2\/posts\/9166\/revisions"}],"predecessor-version":[{"id":9167,"href":"https:\/\/www.cmalleida.com\/es\/wp-json\/wp\/v2\/posts\/9166\/revisions\/9167"}],"wp:featuredmedia":[{"embeddable":true,"href":"https:\/\/www.cmalleida.com\/es\/wp-json\/wp\/v2\/media\/7985"}],"wp:attachment":[{"href":"https:\/\/www.cmalleida.com\/es\/wp-json\/wp\/v2\/media?parent=9166"}],"wp:term":[{"taxonomy":"category","embeddable":true,"href":"https:\/\/www.cmalleida.com\/es\/wp-json\/wp\/v2\/categories?post=9166"},{"taxonomy":"post_tag","embeddable":true,"href":"https:\/\/www.cmalleida.com\/es\/wp-json\/wp\/v2\/tags?post=9166"}],"curies":[{"name":"wp","href":"https:\/\/api.w.org\/{rel}","templated":true}]}}