{"id":9161,"date":"2021-06-18T10:10:46","date_gmt":"2021-06-18T08:10:46","guid":{"rendered":"https:\/\/www.cmalleida.com\/?p=9161"},"modified":"2021-06-18T10:09:57","modified_gmt":"2021-06-18T08:09:57","slug":"el-consejo-general-refuerza-sus-acciones-contra-las-malas-practicas-profesionales","status":"publish","type":"post","link":"https:\/\/www.cmalleida.com\/es\/el-consejo-general-refuerza-sus-acciones-contra-las-malas-practicas-profesionales\/","title":{"rendered":"El Consejo General refuerza sus acciones contra las malas pr\u00e1cticas profesionales"},"content":{"rendered":"<p>16\/06\/2021.- El Consejo General de Mediadores reforzar\u00e1 las acciones contra las malas pr\u00e1cticas en la distribuci\u00f3n de seguros y se personar\u00e1 en las causas judiciales, apoyando al demandante cuando considere la queja suficientemente acreditada.<br \/>\nEsta iniciativa forma parte del paquete de acciones presentadas hoy para perseguir las malas pr\u00e1cticas en la comercializaci\u00f3n de seguros. Las medidas est\u00e1n dirigidas tanto a usuarios como entidades y Administraci\u00f3n con el objetivo de facilitar al cliente el proceso de reclamaci\u00f3n y su acceso al regulador o entidad.<\/p>\n<p>Adem\u00e1s, como ha adelantado el presidente de los mediadores, Javier Barber\u00e1, \u201cnuestra condici\u00f3n de corporaci\u00f3n de derecho p\u00fablico y colaboradores de la Administraci\u00f3n permite dictar actos administrativos y abrir expedientes en los casos que se acredite infracci\u00f3n, dos acciones que vamos a potenciar en los pr\u00f3ximos meses\u201d.<\/p>\n<p>Entre las acciones destinadas a los usuarios, se encuentra la apertura de un espacio destacado y muy visual en la p\u00e1gina web del Consejo,<a href=\"https:\/\/mediadores.info\/\" target=\"_blank\" rel=\"noopener noreferrer\"><strong> www.mediadores.info<\/strong><\/a>, que permitir\u00e1 a los asegurados interponer una reclamaci\u00f3n si consideran que se han vulnerado sus derechos. All\u00ed se encontrar\u00e1n<a href=\"https:\/\/mediadores.info\/malas-practicas\/\" target=\"_blank\" rel=\"noopener noreferrer\"><strong> dos formularios interactivos<\/strong><\/a> de reclamaci\u00f3n en formato PDF, uno para las quejas hacia banca seguros y otro espec\u00edfico para agentes y corredores de seguros. En ambos casos, el formulario deber\u00e1 ser remitido al Consejo General quien, tras ponerse en contacto con el demandante, analizar\u00e1 el caso y si procede, iniciar\u00e1 los tr\u00e1mites necesarios para su denuncia ante los organismos reguladores competentes. Adicionalmente se ha realizado un <strong><a href=\"https:\/\/youtu.be\/FlK8f2zbCfc\" target=\"_blank\" rel=\"noopener noreferrer\">video<\/a><\/strong> donde, en poco menos de un minuto, se explica c\u00f3mo proceder en caso de mala pr\u00e1ctica profesional.<\/p>\n<p><strong>Declaraci\u00f3n de buenas pr\u00e1cticas<\/strong><br \/>\nLas acciones de los Colegios de Mediadores tambi\u00e9n se dirigen a las entidades con el \u00e1nimo, como ha se\u00f1alado Javier Barber\u00e1, \u201cde fomentar juntos las buenas pr\u00e1cticas porque estoy seguro de que a nadie le interesa hacer un mal ejercicio de la profesi\u00f3n\u201d. Para ello, los mediadores han elaborado una Declaraci\u00f3n de Buenas Pr\u00e1cticas en la comercializaci\u00f3n de seguros que pondr\u00e1n a disposici\u00f3n de todas las entidades bancarias, compa\u00f1\u00edas de seguros y mediadores interesadas en reforzar la confianza en la profesi\u00f3n.<\/p>\n<p>El Consejo General ha elaborado adem\u00e1s un plan de relaciones institucionales con entidades financieras, Administraciones, CNMC o fiscal\u00eda de consumo, entre otras, para trasladarles casos concretos e iniciativas de colaboraci\u00f3n destinadas a reducir al m\u00ednimo las malas pr\u00e1cticas.<\/p>\n<p>Aunque la banca concentra el mayor n\u00famero de casos, tambi\u00e9n se han producido acciones de mala praxis entre mediadores. Recientemente, el Colegio de Ja\u00e9n se ha personado en la causa abierta contra un agente exclusivo por presunta estafa. Por su parte, el Colegio de Zaragoza ha apoyado la demanda de un cliente contra el Banco de Sabadell por imponerle un seguro de vida de 20 a\u00f1os y el pago de la prima de forma anticipada, entre otras acciones.<\/p>\n<p>\u201cCon esta iniciativa, m\u00e1s que perseguir las malas pr\u00e1cticas, lo que queremos es fomentar que las cosas se hagan y se hagan bien porque es lo que la sociedad espera de una organizaci\u00f3n como la nuestra, porque es una obligaci\u00f3n y porque nosotros, gracias a nuestra red de Colegios, podemos llegar donde no llegan las administraciones u otras entidades\u201d, concluye el presidente de los mediadores.<\/p>\n<p>Se consideran algunas malas pr\u00e1cticas profesionales:<br \/>\n\u2022 Obligar a contratar seguros, sin opci\u00f3n a elegir, al firmar una hipoteca.<br \/>\n\u2022 Contratar cualquier seguro para conseguir un pr\u00e9stamo, incluidos los ICO.<br \/>\n\u2022 Que el banco emita p\u00f3lizas de vida sin tu consentimiento.<br \/>\n\u2022 Cesi\u00f3n de tus datos personales a terceros sin la debida informaci\u00f3n.<\/p>\n","protected":false},"excerpt":{"rendered":"<p>16\/06\/2021.- El Consejo General de Mediadores reforzar\u00e1 las acciones contra las malas pr\u00e1cticas en la distribuci\u00f3n de seguros y se personar\u00e1 en las causas judiciales,&#8230; <a href=\"https:\/\/www.cmalleida.com\/es\/el-consejo-general-refuerza-sus-acciones-contra-las-malas-practicas-profesionales\/\" rel=\"nofollow\" class=\"lollegirmes\">Llegeix m\u00e9s<\/a><\/p>\n","protected":false},"author":149,"featured_media":8789,"comment_status":"closed","ping_status":"closed","sticky":false,"template":"","format":"standard","meta":{"_acf_changed":false,"_genesis_hide_title":false,"_genesis_hide_breadcrumbs":false,"_genesis_hide_singular_image":false,"_genesis_hide_footer_widgets":false,"_genesis_custom_body_class":"","_genesis_custom_post_class":"","_genesis_layout":"","footnotes":""},"categories":[28],"tags":[],"class_list":{"0":"post-9161","1":"post","2":"type-post","3":"status-publish","4":"format-standard","5":"has-post-thumbnail","7":"category-actualidad","8":"entry"},"acf":[],"yoast_head":"<!-- This site is optimized with the Yoast SEO plugin v27.2 - https:\/\/yoast.com\/product\/yoast-seo-wordpress\/ -->\n<title>El Consejo General refuerza sus acciones contra las malas pr\u00e1cticas profesionales - Col\u00b7legi de Mediadors d&#039;Assegurances de Lleida<\/title>\n<meta name=\"robots\" content=\"index, follow, max-snippet:-1, max-image-preview:large, max-video-preview:-1\" \/>\n<link rel=\"canonical\" href=\"https:\/\/www.cmalleida.com\/es\/el-consejo-general-refuerza-sus-acciones-contra-las-malas-practicas-profesionales\/\" \/>\n<meta property=\"og:locale\" content=\"es_ES\" \/>\n<meta property=\"og:type\" content=\"article\" \/>\n<meta property=\"og:title\" content=\"El Consejo General refuerza sus acciones contra las malas pr\u00e1cticas profesionales - Col\u00b7legi de Mediadors d&#039;Assegurances de Lleida\" \/>\n<meta property=\"og:description\" content=\"16\/06\/2021.- El Consejo General de Mediadores reforzar\u00e1 las acciones contra las malas pr\u00e1cticas en la distribuci\u00f3n de seguros y se personar\u00e1 en las causas judiciales,... Llegeix m\u00e9s\" \/>\n<meta property=\"og:url\" content=\"https:\/\/www.cmalleida.com\/es\/el-consejo-general-refuerza-sus-acciones-contra-las-malas-practicas-profesionales\/\" \/>\n<meta property=\"og:site_name\" content=\"Col\u00b7legi de Mediadors d&#039;Assegurances de Lleida\" \/>\n<meta property=\"article:published_time\" content=\"2021-06-18T08:10:46+00:00\" \/>\n<meta property=\"og:image\" content=\"https:\/\/www.cmalleida.com\/wp-content\/uploads\/logo-sol-1.jpg\" \/>\n\t<meta property=\"og:image:width\" content=\"771\" \/>\n\t<meta property=\"og:image:height\" content=\"866\" \/>\n\t<meta property=\"og:image:type\" content=\"image\/jpeg\" \/>\n<meta name=\"author\" content=\"Antonieta Castells Dolcet\" \/>\n<meta name=\"twitter:card\" content=\"summary_large_image\" \/>\n<meta name=\"twitter:label1\" content=\"Written by\" \/>\n\t<meta name=\"twitter:data1\" content=\"Antonieta Castells Dolcet\" \/>\n\t<meta name=\"twitter:label2\" content=\"Est. reading time\" \/>\n\t<meta name=\"twitter:data2\" content=\"3 minutos\" \/>\n<script type=\"application\/ld+json\" class=\"yoast-schema-graph\">{\"@context\":\"https:\/\/schema.org\",\"@graph\":[{\"@type\":\"Article\",\"@id\":\"https:\/\/www.cmalleida.com\/es\/el-consejo-general-refuerza-sus-acciones-contra-las-malas-practicas-profesionales\/#article\",\"isPartOf\":{\"@id\":\"https:\/\/www.cmalleida.com\/es\/el-consejo-general-refuerza-sus-acciones-contra-las-malas-practicas-profesionales\/\"},\"author\":{\"name\":\"Antonieta Castells Dolcet\",\"@id\":\"https:\/\/www.cmalleida.com\/es\/#\/schema\/person\/7461453022a0d6ce41c1e530eb4443b4\"},\"headline\":\"El Consejo General refuerza sus acciones contra las malas pr\u00e1cticas profesionales\",\"datePublished\":\"2021-06-18T08:10:46+00:00\",\"mainEntityOfPage\":{\"@id\":\"https:\/\/www.cmalleida.com\/es\/el-consejo-general-refuerza-sus-acciones-contra-las-malas-practicas-profesionales\/\"},\"wordCount\":640,\"publisher\":{\"@id\":\"https:\/\/www.cmalleida.com\/es\/#organization\"},\"image\":{\"@id\":\"https:\/\/www.cmalleida.com\/es\/el-consejo-general-refuerza-sus-acciones-contra-las-malas-practicas-profesionales\/#primaryimage\"},\"thumbnailUrl\":\"https:\/\/www.cmalleida.com\/wp-content\/uploads\/logo-sol-1.jpg\",\"articleSection\":[\"Actualidad\"],\"inLanguage\":\"es\"},{\"@type\":\"WebPage\",\"@id\":\"https:\/\/www.cmalleida.com\/es\/el-consejo-general-refuerza-sus-acciones-contra-las-malas-practicas-profesionales\/\",\"url\":\"https:\/\/www.cmalleida.com\/es\/el-consejo-general-refuerza-sus-acciones-contra-las-malas-practicas-profesionales\/\",\"name\":\"El Consejo General refuerza sus acciones contra las malas pr\u00e1cticas profesionales - Col\u00b7legi de Mediadors d&#039;Assegurances de Lleida\",\"isPartOf\":{\"@id\":\"https:\/\/www.cmalleida.com\/es\/#website\"},\"primaryImageOfPage\":{\"@id\":\"https:\/\/www.cmalleida.com\/es\/el-consejo-general-refuerza-sus-acciones-contra-las-malas-practicas-profesionales\/#primaryimage\"},\"image\":{\"@id\":\"https:\/\/www.cmalleida.com\/es\/el-consejo-general-refuerza-sus-acciones-contra-las-malas-practicas-profesionales\/#primaryimage\"},\"thumbnailUrl\":\"https:\/\/www.cmalleida.com\/wp-content\/uploads\/logo-sol-1.jpg\",\"datePublished\":\"2021-06-18T08:10:46+00:00\",\"breadcrumb\":{\"@id\":\"https:\/\/www.cmalleida.com\/es\/el-consejo-general-refuerza-sus-acciones-contra-las-malas-practicas-profesionales\/#breadcrumb\"},\"inLanguage\":\"es\",\"potentialAction\":[{\"@type\":\"ReadAction\",\"target\":[\"https:\/\/www.cmalleida.com\/es\/el-consejo-general-refuerza-sus-acciones-contra-las-malas-practicas-profesionales\/\"]}]},{\"@type\":\"ImageObject\",\"inLanguage\":\"es\",\"@id\":\"https:\/\/www.cmalleida.com\/es\/el-consejo-general-refuerza-sus-acciones-contra-las-malas-practicas-profesionales\/#primaryimage\",\"url\":\"https:\/\/www.cmalleida.com\/wp-content\/uploads\/logo-sol-1.jpg\",\"contentUrl\":\"https:\/\/www.cmalleida.com\/wp-content\/uploads\/logo-sol-1.jpg\",\"width\":771,\"height\":866,\"caption\":\"LOGO SOL 1\"},{\"@type\":\"BreadcrumbList\",\"@id\":\"https:\/\/www.cmalleida.com\/es\/el-consejo-general-refuerza-sus-acciones-contra-las-malas-practicas-profesionales\/#breadcrumb\",\"itemListElement\":[{\"@type\":\"ListItem\",\"position\":1,\"name\":\"Inici\",\"item\":\"https:\/\/www.cmalleida.com\/es\/\"},{\"@type\":\"ListItem\",\"position\":2,\"name\":\"El Consejo General refuerza sus acciones contra las malas pr\u00e1cticas profesionales\"}]},{\"@type\":\"WebSite\",\"@id\":\"https:\/\/www.cmalleida.com\/es\/#website\",\"url\":\"https:\/\/www.cmalleida.com\/es\/\",\"name\":\"Col\u00b7legi de Mediadors d&#039;Assegurances de Lleida\",\"description\":\"Otro sitio realizado con WordPress\",\"publisher\":{\"@id\":\"https:\/\/www.cmalleida.com\/es\/#organization\"},\"potentialAction\":[{\"@type\":\"SearchAction\",\"target\":{\"@type\":\"EntryPoint\",\"urlTemplate\":\"https:\/\/www.cmalleida.com\/es\/?s={search_term_string}\"},\"query-input\":{\"@type\":\"PropertyValueSpecification\",\"valueRequired\":true,\"valueName\":\"search_term_string\"}}],\"inLanguage\":\"es\"},{\"@type\":\"Organization\",\"@id\":\"https:\/\/www.cmalleida.com\/es\/#organization\",\"name\":\"Col\u00b7legi de Mediadors d'Assegurances de Lleida\",\"url\":\"https:\/\/www.cmalleida.com\/es\/\",\"logo\":{\"@type\":\"ImageObject\",\"inLanguage\":\"es\",\"@id\":\"https:\/\/www.cmalleida.com\/es\/#\/schema\/logo\/image\/\",\"url\":\"\",\"contentUrl\":\"\",\"caption\":\"Col\u00b7legi de Mediadors d'Assegurances de Lleida\"},\"image\":{\"@id\":\"https:\/\/www.cmalleida.com\/es\/#\/schema\/logo\/image\/\"}},{\"@type\":\"Person\",\"@id\":\"https:\/\/www.cmalleida.com\/es\/#\/schema\/person\/7461453022a0d6ce41c1e530eb4443b4\",\"name\":\"Antonieta Castells Dolcet\",\"image\":{\"@type\":\"ImageObject\",\"inLanguage\":\"es\",\"@id\":\"https:\/\/secure.gravatar.com\/avatar\/7738df9a8ff2d12e8b37d088ff0e3e36016e57ab29e5db27ba4fb758a81ea3cb?s=96&d=mm&r=g\",\"url\":\"https:\/\/secure.gravatar.com\/avatar\/7738df9a8ff2d12e8b37d088ff0e3e36016e57ab29e5db27ba4fb758a81ea3cb?s=96&d=mm&r=g\",\"contentUrl\":\"https:\/\/secure.gravatar.com\/avatar\/7738df9a8ff2d12e8b37d088ff0e3e36016e57ab29e5db27ba4fb758a81ea3cb?s=96&d=mm&r=g\",\"caption\":\"Antonieta Castells Dolcet\"},\"sameAs\":[\"http:\/\/www.cmalleida.com\"]}]}<\/script>\n<!-- \/ Yoast SEO plugin. -->","yoast_head_json":{"title":"El Consejo General refuerza sus acciones contra las malas pr\u00e1cticas profesionales - Col\u00b7legi de Mediadors d&#039;Assegurances de Lleida","robots":{"index":"index","follow":"follow","max-snippet":"max-snippet:-1","max-image-preview":"max-image-preview:large","max-video-preview":"max-video-preview:-1"},"canonical":"https:\/\/www.cmalleida.com\/es\/el-consejo-general-refuerza-sus-acciones-contra-las-malas-practicas-profesionales\/","og_locale":"es_ES","og_type":"article","og_title":"El Consejo General refuerza sus acciones contra las malas pr\u00e1cticas profesionales - Col\u00b7legi de Mediadors d&#039;Assegurances de Lleida","og_description":"16\/06\/2021.- El Consejo General de Mediadores reforzar\u00e1 las acciones contra las malas pr\u00e1cticas en la distribuci\u00f3n de seguros y se personar\u00e1 en las causas judiciales,... Llegeix m\u00e9s","og_url":"https:\/\/www.cmalleida.com\/es\/el-consejo-general-refuerza-sus-acciones-contra-las-malas-practicas-profesionales\/","og_site_name":"Col\u00b7legi de Mediadors d&#039;Assegurances de Lleida","article_published_time":"2021-06-18T08:10:46+00:00","og_image":[{"width":771,"height":866,"url":"https:\/\/www.cmalleida.com\/wp-content\/uploads\/logo-sol-1.jpg","type":"image\/jpeg"}],"author":"Antonieta Castells Dolcet","twitter_card":"summary_large_image","twitter_misc":{"Written by":"Antonieta Castells Dolcet","Est. reading time":"3 minutos"},"schema":{"@context":"https:\/\/schema.org","@graph":[{"@type":"Article","@id":"https:\/\/www.cmalleida.com\/es\/el-consejo-general-refuerza-sus-acciones-contra-las-malas-practicas-profesionales\/#article","isPartOf":{"@id":"https:\/\/www.cmalleida.com\/es\/el-consejo-general-refuerza-sus-acciones-contra-las-malas-practicas-profesionales\/"},"author":{"name":"Antonieta Castells Dolcet","@id":"https:\/\/www.cmalleida.com\/es\/#\/schema\/person\/7461453022a0d6ce41c1e530eb4443b4"},"headline":"El Consejo General refuerza sus acciones contra las malas pr\u00e1cticas profesionales","datePublished":"2021-06-18T08:10:46+00:00","mainEntityOfPage":{"@id":"https:\/\/www.cmalleida.com\/es\/el-consejo-general-refuerza-sus-acciones-contra-las-malas-practicas-profesionales\/"},"wordCount":640,"publisher":{"@id":"https:\/\/www.cmalleida.com\/es\/#organization"},"image":{"@id":"https:\/\/www.cmalleida.com\/es\/el-consejo-general-refuerza-sus-acciones-contra-las-malas-practicas-profesionales\/#primaryimage"},"thumbnailUrl":"https:\/\/www.cmalleida.com\/wp-content\/uploads\/logo-sol-1.jpg","articleSection":["Actualidad"],"inLanguage":"es"},{"@type":"WebPage","@id":"https:\/\/www.cmalleida.com\/es\/el-consejo-general-refuerza-sus-acciones-contra-las-malas-practicas-profesionales\/","url":"https:\/\/www.cmalleida.com\/es\/el-consejo-general-refuerza-sus-acciones-contra-las-malas-practicas-profesionales\/","name":"El Consejo General refuerza sus acciones contra las malas pr\u00e1cticas profesionales - Col\u00b7legi de Mediadors d&#039;Assegurances de Lleida","isPartOf":{"@id":"https:\/\/www.cmalleida.com\/es\/#website"},"primaryImageOfPage":{"@id":"https:\/\/www.cmalleida.com\/es\/el-consejo-general-refuerza-sus-acciones-contra-las-malas-practicas-profesionales\/#primaryimage"},"image":{"@id":"https:\/\/www.cmalleida.com\/es\/el-consejo-general-refuerza-sus-acciones-contra-las-malas-practicas-profesionales\/#primaryimage"},"thumbnailUrl":"https:\/\/www.cmalleida.com\/wp-content\/uploads\/logo-sol-1.jpg","datePublished":"2021-06-18T08:10:46+00:00","breadcrumb":{"@id":"https:\/\/www.cmalleida.com\/es\/el-consejo-general-refuerza-sus-acciones-contra-las-malas-practicas-profesionales\/#breadcrumb"},"inLanguage":"es","potentialAction":[{"@type":"ReadAction","target":["https:\/\/www.cmalleida.com\/es\/el-consejo-general-refuerza-sus-acciones-contra-las-malas-practicas-profesionales\/"]}]},{"@type":"ImageObject","inLanguage":"es","@id":"https:\/\/www.cmalleida.com\/es\/el-consejo-general-refuerza-sus-acciones-contra-las-malas-practicas-profesionales\/#primaryimage","url":"https:\/\/www.cmalleida.com\/wp-content\/uploads\/logo-sol-1.jpg","contentUrl":"https:\/\/www.cmalleida.com\/wp-content\/uploads\/logo-sol-1.jpg","width":771,"height":866,"caption":"LOGO SOL 1"},{"@type":"BreadcrumbList","@id":"https:\/\/www.cmalleida.com\/es\/el-consejo-general-refuerza-sus-acciones-contra-las-malas-practicas-profesionales\/#breadcrumb","itemListElement":[{"@type":"ListItem","position":1,"name":"Inici","item":"https:\/\/www.cmalleida.com\/es\/"},{"@type":"ListItem","position":2,"name":"El Consejo General refuerza sus acciones contra las malas pr\u00e1cticas profesionales"}]},{"@type":"WebSite","@id":"https:\/\/www.cmalleida.com\/es\/#website","url":"https:\/\/www.cmalleida.com\/es\/","name":"Col\u00b7legi de Mediadors d&#039;Assegurances de Lleida","description":"Otro sitio realizado con WordPress","publisher":{"@id":"https:\/\/www.cmalleida.com\/es\/#organization"},"potentialAction":[{"@type":"SearchAction","target":{"@type":"EntryPoint","urlTemplate":"https:\/\/www.cmalleida.com\/es\/?s={search_term_string}"},"query-input":{"@type":"PropertyValueSpecification","valueRequired":true,"valueName":"search_term_string"}}],"inLanguage":"es"},{"@type":"Organization","@id":"https:\/\/www.cmalleida.com\/es\/#organization","name":"Col\u00b7legi de Mediadors d'Assegurances de Lleida","url":"https:\/\/www.cmalleida.com\/es\/","logo":{"@type":"ImageObject","inLanguage":"es","@id":"https:\/\/www.cmalleida.com\/es\/#\/schema\/logo\/image\/","url":"","contentUrl":"","caption":"Col\u00b7legi de Mediadors d'Assegurances de Lleida"},"image":{"@id":"https:\/\/www.cmalleida.com\/es\/#\/schema\/logo\/image\/"}},{"@type":"Person","@id":"https:\/\/www.cmalleida.com\/es\/#\/schema\/person\/7461453022a0d6ce41c1e530eb4443b4","name":"Antonieta Castells Dolcet","image":{"@type":"ImageObject","inLanguage":"es","@id":"https:\/\/secure.gravatar.com\/avatar\/7738df9a8ff2d12e8b37d088ff0e3e36016e57ab29e5db27ba4fb758a81ea3cb?s=96&d=mm&r=g","url":"https:\/\/secure.gravatar.com\/avatar\/7738df9a8ff2d12e8b37d088ff0e3e36016e57ab29e5db27ba4fb758a81ea3cb?s=96&d=mm&r=g","contentUrl":"https:\/\/secure.gravatar.com\/avatar\/7738df9a8ff2d12e8b37d088ff0e3e36016e57ab29e5db27ba4fb758a81ea3cb?s=96&d=mm&r=g","caption":"Antonieta Castells Dolcet"},"sameAs":["http:\/\/www.cmalleida.com"]}]}},"_links":{"self":[{"href":"https:\/\/www.cmalleida.com\/es\/wp-json\/wp\/v2\/posts\/9161","targetHints":{"allow":["GET"]}}],"collection":[{"href":"https:\/\/www.cmalleida.com\/es\/wp-json\/wp\/v2\/posts"}],"about":[{"href":"https:\/\/www.cmalleida.com\/es\/wp-json\/wp\/v2\/types\/post"}],"author":[{"embeddable":true,"href":"https:\/\/www.cmalleida.com\/es\/wp-json\/wp\/v2\/users\/149"}],"replies":[{"embeddable":true,"href":"https:\/\/www.cmalleida.com\/es\/wp-json\/wp\/v2\/comments?post=9161"}],"version-history":[{"count":1,"href":"https:\/\/www.cmalleida.com\/es\/wp-json\/wp\/v2\/posts\/9161\/revisions"}],"predecessor-version":[{"id":9162,"href":"https:\/\/www.cmalleida.com\/es\/wp-json\/wp\/v2\/posts\/9161\/revisions\/9162"}],"wp:featuredmedia":[{"embeddable":true,"href":"https:\/\/www.cmalleida.com\/es\/wp-json\/wp\/v2\/media\/8789"}],"wp:attachment":[{"href":"https:\/\/www.cmalleida.com\/es\/wp-json\/wp\/v2\/media?parent=9161"}],"wp:term":[{"taxonomy":"category","embeddable":true,"href":"https:\/\/www.cmalleida.com\/es\/wp-json\/wp\/v2\/categories?post=9161"},{"taxonomy":"post_tag","embeddable":true,"href":"https:\/\/www.cmalleida.com\/es\/wp-json\/wp\/v2\/tags?post=9161"}],"curies":[{"name":"wp","href":"https:\/\/api.w.org\/{rel}","templated":true}]}}