{"id":9092,"date":"2021-05-31T11:00:34","date_gmt":"2021-05-31T09:00:34","guid":{"rendered":"https:\/\/www.cmalleida.com\/?p=9092"},"modified":"2021-05-31T11:00:34","modified_gmt":"2021-05-31T09:00:34","slug":"primer-encuentro-institucional-entre-aemes-y-el-consejo-general-de-los-colegios-de-mediadores-de-seguros","status":"publish","type":"post","link":"https:\/\/www.cmalleida.com\/es\/primer-encuentro-institucional-entre-aemes-y-el-consejo-general-de-los-colegios-de-mediadores-de-seguros\/","title":{"rendered":"Primer encuentro institucional entre Aemes y el Consejo General de los Colegios de Mediadores de Seguros"},"content":{"rendered":"<p class=\"gmail-m-3298553562669533684gmail-p1\" style=\"margin: 0cm 0cm 9.0pt 0cm;\"><span style=\"font-size: 11.5pt; font-family: Helvetica, sans-serif; color: #000000;\">El reciente 25 de mayo se produjo en la sede de Aemes\u00a0<b style=\"box-sizing: border-box;\">el primer encuentro institucional\u00a0<\/b>entre el Consejo General de los Colegios de Mediadores de Seguros y la patronal de la mediaci\u00f3n de seguros.<\/span><\/p>\n<p class=\"gmail-m-3298553562669533684gmail-p1\" style=\"box-sizing: border-box; margin: 0cm 0cm 9.0pt 0cm;\"><span style=\"font-size: 11.5pt; font-family: Helvetica, sans-serif; color: #000000;\">En su reuni\u00f3n, los presidentes de ambas instituciones, Javier Barber\u00e1 y Jorge Ben\u00edtez, tuvieron ocasi\u00f3n de compartir las diversas inquietudes y asuntos de inter\u00e9s para el sector en los que seguir avanzando en pos de la profesionalizaci\u00f3n de la mediaci\u00f3n, fundamentalmente aspectos como la formaci\u00f3n continuada y de calidad.<\/span><\/p>\n<p class=\"gmail-m-3298553562669533684gmail-p1\" style=\"box-sizing: border-box; margin: 0cm 0cm 9.0pt 0cm;\"><span style=\"font-size: 11.5pt; font-family: Helvetica, sans-serif; color: #000000;\">Ambas instituciones seguir\u00e1n manteniendo un contacto estrecho y permanente para afianzar la colaboraci\u00f3n s\u00f3lida y cercana ya existente entre Patronal y Consejo General, aunando fuerzas en beneficio de todo el Sector de la Mediaci\u00f3n de Seguros y estudiando nuevas v\u00edas de colaboraci\u00f3n en el desarrollo de nuevos servicios de gesti\u00f3n que faciliten el trabajo diario de la mediaci\u00f3n, como el control de horarios o la elaboraci\u00f3n de n\u00f3minas.<\/span><\/p>\n<p class=\"gmail-m-3298553562669533684gmail-p1\" style=\"box-sizing: border-box; margin: 0cm 0cm 9.0pt 0cm;\"><span style=\"font-size: 11.5pt; font-family: Helvetica, sans-serif; color: #000000;\">Este primer encuentro institucional augura grandes beneficios para el sector de la mediaci\u00f3n de seguros y los intereses de sus profesionales.<\/span><\/p>\n","protected":false},"excerpt":{"rendered":"<p>El reciente 25 de mayo se produjo en la sede de Aemes\u00a0el primer encuentro institucional\u00a0entre el Consejo General de los Colegios de Mediadores de Seguros&#8230; <a href=\"https:\/\/www.cmalleida.com\/es\/primer-encuentro-institucional-entre-aemes-y-el-consejo-general-de-los-colegios-de-mediadores-de-seguros\/\" rel=\"nofollow\" class=\"lollegirmes\">Llegeix m\u00e9s<\/a><\/p>\n","protected":false},"author":149,"featured_media":9089,"comment_status":"closed","ping_status":"closed","sticky":false,"template":"","format":"standard","meta":{"_acf_changed":false,"_genesis_hide_title":false,"_genesis_hide_breadcrumbs":false,"_genesis_hide_singular_image":false,"_genesis_hide_footer_widgets":false,"_genesis_custom_body_class":"","_genesis_custom_post_class":"","_genesis_layout":"","footnotes":""},"categories":[28,101],"tags":[],"class_list":{"0":"post-9092","1":"post","2":"type-post","3":"status-publish","4":"format-standard","5":"has-post-thumbnail","7":"category-actualidad","8":"category-recortes-de-prensa","9":"entry"},"acf":[],"yoast_head":"<!-- This site is optimized with the Yoast SEO plugin v27.2 - https:\/\/yoast.com\/product\/yoast-seo-wordpress\/ -->\n<title>Primer encuentro institucional entre Aemes y el Consejo General de los Colegios de Mediadores de Seguros - Col\u00b7legi de Mediadors d&#039;Assegurances de Lleida<\/title>\n<meta name=\"robots\" content=\"index, follow, max-snippet:-1, max-image-preview:large, max-video-preview:-1\" \/>\n<link rel=\"canonical\" href=\"https:\/\/www.cmalleida.com\/es\/primer-encuentro-institucional-entre-aemes-y-el-consejo-general-de-los-colegios-de-mediadores-de-seguros\/\" \/>\n<meta property=\"og:locale\" content=\"es_ES\" \/>\n<meta property=\"og:type\" content=\"article\" \/>\n<meta property=\"og:title\" content=\"Primer encuentro institucional entre Aemes y el Consejo General de los Colegios de Mediadores de Seguros - Col\u00b7legi de Mediadors d&#039;Assegurances de Lleida\" \/>\n<meta property=\"og:description\" content=\"El reciente 25 de mayo se produjo en la sede de Aemes\u00a0el primer encuentro institucional\u00a0entre el Consejo General de los Colegios de Mediadores de Seguros... Llegeix m\u00e9s\" \/>\n<meta property=\"og:url\" content=\"https:\/\/www.cmalleida.com\/es\/primer-encuentro-institucional-entre-aemes-y-el-consejo-general-de-los-colegios-de-mediadores-de-seguros\/\" \/>\n<meta property=\"og:site_name\" content=\"Col\u00b7legi de Mediadors d&#039;Assegurances de Lleida\" \/>\n<meta property=\"article:published_time\" content=\"2021-05-31T09:00:34+00:00\" \/>\n<meta property=\"og:image\" content=\"https:\/\/www.cmalleida.com\/wp-content\/uploads\/aemes.jpg\" \/>\n\t<meta property=\"og:image:width\" content=\"768\" \/>\n\t<meta property=\"og:image:height\" content=\"1024\" \/>\n\t<meta property=\"og:image:type\" content=\"image\/jpeg\" \/>\n<meta name=\"author\" content=\"Antonieta Castells Dolcet\" \/>\n<meta name=\"twitter:card\" content=\"summary_large_image\" \/>\n<meta name=\"twitter:label1\" content=\"Written by\" \/>\n\t<meta name=\"twitter:data1\" content=\"Antonieta Castells Dolcet\" \/>\n\t<meta name=\"twitter:label2\" content=\"Est. reading time\" \/>\n\t<meta name=\"twitter:data2\" content=\"1 minuto\" \/>\n<script type=\"application\/ld+json\" class=\"yoast-schema-graph\">{\"@context\":\"https:\/\/schema.org\",\"@graph\":[{\"@type\":\"Article\",\"@id\":\"https:\/\/www.cmalleida.com\/es\/primer-encuentro-institucional-entre-aemes-y-el-consejo-general-de-los-colegios-de-mediadores-de-seguros\/#article\",\"isPartOf\":{\"@id\":\"https:\/\/www.cmalleida.com\/es\/primer-encuentro-institucional-entre-aemes-y-el-consejo-general-de-los-colegios-de-mediadores-de-seguros\/\"},\"author\":{\"name\":\"Antonieta Castells Dolcet\",\"@id\":\"https:\/\/www.cmalleida.com\/es\/#\/schema\/person\/7461453022a0d6ce41c1e530eb4443b4\"},\"headline\":\"Primer encuentro institucional entre Aemes y el Consejo General de los Colegios de Mediadores de Seguros\",\"datePublished\":\"2021-05-31T09:00:34+00:00\",\"mainEntityOfPage\":{\"@id\":\"https:\/\/www.cmalleida.com\/es\/primer-encuentro-institucional-entre-aemes-y-el-consejo-general-de-los-colegios-de-mediadores-de-seguros\/\"},\"wordCount\":207,\"publisher\":{\"@id\":\"https:\/\/www.cmalleida.com\/es\/#organization\"},\"image\":{\"@id\":\"https:\/\/www.cmalleida.com\/es\/primer-encuentro-institucional-entre-aemes-y-el-consejo-general-de-los-colegios-de-mediadores-de-seguros\/#primaryimage\"},\"thumbnailUrl\":\"https:\/\/www.cmalleida.com\/wp-content\/uploads\/aemes.jpg\",\"articleSection\":[\"Actualidad\",\"Recopilaciones de Prensa\"],\"inLanguage\":\"es\"},{\"@type\":\"WebPage\",\"@id\":\"https:\/\/www.cmalleida.com\/es\/primer-encuentro-institucional-entre-aemes-y-el-consejo-general-de-los-colegios-de-mediadores-de-seguros\/\",\"url\":\"https:\/\/www.cmalleida.com\/es\/primer-encuentro-institucional-entre-aemes-y-el-consejo-general-de-los-colegios-de-mediadores-de-seguros\/\",\"name\":\"Primer encuentro institucional entre Aemes y el Consejo General de los Colegios de Mediadores de Seguros - Col\u00b7legi de Mediadors d&#039;Assegurances de Lleida\",\"isPartOf\":{\"@id\":\"https:\/\/www.cmalleida.com\/es\/#website\"},\"primaryImageOfPage\":{\"@id\":\"https:\/\/www.cmalleida.com\/es\/primer-encuentro-institucional-entre-aemes-y-el-consejo-general-de-los-colegios-de-mediadores-de-seguros\/#primaryimage\"},\"image\":{\"@id\":\"https:\/\/www.cmalleida.com\/es\/primer-encuentro-institucional-entre-aemes-y-el-consejo-general-de-los-colegios-de-mediadores-de-seguros\/#primaryimage\"},\"thumbnailUrl\":\"https:\/\/www.cmalleida.com\/wp-content\/uploads\/aemes.jpg\",\"datePublished\":\"2021-05-31T09:00:34+00:00\",\"breadcrumb\":{\"@id\":\"https:\/\/www.cmalleida.com\/es\/primer-encuentro-institucional-entre-aemes-y-el-consejo-general-de-los-colegios-de-mediadores-de-seguros\/#breadcrumb\"},\"inLanguage\":\"es\",\"potentialAction\":[{\"@type\":\"ReadAction\",\"target\":[\"https:\/\/www.cmalleida.com\/es\/primer-encuentro-institucional-entre-aemes-y-el-consejo-general-de-los-colegios-de-mediadores-de-seguros\/\"]}]},{\"@type\":\"ImageObject\",\"inLanguage\":\"es\",\"@id\":\"https:\/\/www.cmalleida.com\/es\/primer-encuentro-institucional-entre-aemes-y-el-consejo-general-de-los-colegios-de-mediadores-de-seguros\/#primaryimage\",\"url\":\"https:\/\/www.cmalleida.com\/wp-content\/uploads\/aemes.jpg\",\"contentUrl\":\"https:\/\/www.cmalleida.com\/wp-content\/uploads\/aemes.jpg\",\"width\":768,\"height\":1024,\"caption\":\"AEMES\"},{\"@type\":\"BreadcrumbList\",\"@id\":\"https:\/\/www.cmalleida.com\/es\/primer-encuentro-institucional-entre-aemes-y-el-consejo-general-de-los-colegios-de-mediadores-de-seguros\/#breadcrumb\",\"itemListElement\":[{\"@type\":\"ListItem\",\"position\":1,\"name\":\"Inici\",\"item\":\"https:\/\/www.cmalleida.com\/es\/\"},{\"@type\":\"ListItem\",\"position\":2,\"name\":\"Primer encuentro institucional entre Aemes y el Consejo General de los Colegios de Mediadores de Seguros\"}]},{\"@type\":\"WebSite\",\"@id\":\"https:\/\/www.cmalleida.com\/es\/#website\",\"url\":\"https:\/\/www.cmalleida.com\/es\/\",\"name\":\"Col\u00b7legi de Mediadors d&#039;Assegurances de Lleida\",\"description\":\"Otro sitio realizado con WordPress\",\"publisher\":{\"@id\":\"https:\/\/www.cmalleida.com\/es\/#organization\"},\"potentialAction\":[{\"@type\":\"SearchAction\",\"target\":{\"@type\":\"EntryPoint\",\"urlTemplate\":\"https:\/\/www.cmalleida.com\/es\/?s={search_term_string}\"},\"query-input\":{\"@type\":\"PropertyValueSpecification\",\"valueRequired\":true,\"valueName\":\"search_term_string\"}}],\"inLanguage\":\"es\"},{\"@type\":\"Organization\",\"@id\":\"https:\/\/www.cmalleida.com\/es\/#organization\",\"name\":\"Col\u00b7legi de Mediadors d'Assegurances de Lleida\",\"url\":\"https:\/\/www.cmalleida.com\/es\/\",\"logo\":{\"@type\":\"ImageObject\",\"inLanguage\":\"es\",\"@id\":\"https:\/\/www.cmalleida.com\/es\/#\/schema\/logo\/image\/\",\"url\":\"\",\"contentUrl\":\"\",\"caption\":\"Col\u00b7legi de Mediadors d'Assegurances de Lleida\"},\"image\":{\"@id\":\"https:\/\/www.cmalleida.com\/es\/#\/schema\/logo\/image\/\"}},{\"@type\":\"Person\",\"@id\":\"https:\/\/www.cmalleida.com\/es\/#\/schema\/person\/7461453022a0d6ce41c1e530eb4443b4\",\"name\":\"Antonieta Castells Dolcet\",\"image\":{\"@type\":\"ImageObject\",\"inLanguage\":\"es\",\"@id\":\"https:\/\/secure.gravatar.com\/avatar\/7738df9a8ff2d12e8b37d088ff0e3e36016e57ab29e5db27ba4fb758a81ea3cb?s=96&d=mm&r=g\",\"url\":\"https:\/\/secure.gravatar.com\/avatar\/7738df9a8ff2d12e8b37d088ff0e3e36016e57ab29e5db27ba4fb758a81ea3cb?s=96&d=mm&r=g\",\"contentUrl\":\"https:\/\/secure.gravatar.com\/avatar\/7738df9a8ff2d12e8b37d088ff0e3e36016e57ab29e5db27ba4fb758a81ea3cb?s=96&d=mm&r=g\",\"caption\":\"Antonieta Castells Dolcet\"},\"sameAs\":[\"http:\/\/www.cmalleida.com\"]}]}<\/script>\n<!-- \/ Yoast SEO plugin. -->","yoast_head_json":{"title":"Primer encuentro institucional entre Aemes y el Consejo General de los Colegios de Mediadores de Seguros - Col\u00b7legi de Mediadors d&#039;Assegurances de Lleida","robots":{"index":"index","follow":"follow","max-snippet":"max-snippet:-1","max-image-preview":"max-image-preview:large","max-video-preview":"max-video-preview:-1"},"canonical":"https:\/\/www.cmalleida.com\/es\/primer-encuentro-institucional-entre-aemes-y-el-consejo-general-de-los-colegios-de-mediadores-de-seguros\/","og_locale":"es_ES","og_type":"article","og_title":"Primer encuentro institucional entre Aemes y el Consejo General de los Colegios de Mediadores de Seguros - Col\u00b7legi de Mediadors d&#039;Assegurances de Lleida","og_description":"El reciente 25 de mayo se produjo en la sede de Aemes\u00a0el primer encuentro institucional\u00a0entre el Consejo General de los Colegios de Mediadores de Seguros... Llegeix m\u00e9s","og_url":"https:\/\/www.cmalleida.com\/es\/primer-encuentro-institucional-entre-aemes-y-el-consejo-general-de-los-colegios-de-mediadores-de-seguros\/","og_site_name":"Col\u00b7legi de Mediadors d&#039;Assegurances de Lleida","article_published_time":"2021-05-31T09:00:34+00:00","og_image":[{"width":768,"height":1024,"url":"https:\/\/www.cmalleida.com\/wp-content\/uploads\/aemes.jpg","type":"image\/jpeg"}],"author":"Antonieta Castells Dolcet","twitter_card":"summary_large_image","twitter_misc":{"Written by":"Antonieta Castells Dolcet","Est. reading time":"1 minuto"},"schema":{"@context":"https:\/\/schema.org","@graph":[{"@type":"Article","@id":"https:\/\/www.cmalleida.com\/es\/primer-encuentro-institucional-entre-aemes-y-el-consejo-general-de-los-colegios-de-mediadores-de-seguros\/#article","isPartOf":{"@id":"https:\/\/www.cmalleida.com\/es\/primer-encuentro-institucional-entre-aemes-y-el-consejo-general-de-los-colegios-de-mediadores-de-seguros\/"},"author":{"name":"Antonieta Castells Dolcet","@id":"https:\/\/www.cmalleida.com\/es\/#\/schema\/person\/7461453022a0d6ce41c1e530eb4443b4"},"headline":"Primer encuentro institucional entre Aemes y el Consejo General de los Colegios de Mediadores de Seguros","datePublished":"2021-05-31T09:00:34+00:00","mainEntityOfPage":{"@id":"https:\/\/www.cmalleida.com\/es\/primer-encuentro-institucional-entre-aemes-y-el-consejo-general-de-los-colegios-de-mediadores-de-seguros\/"},"wordCount":207,"publisher":{"@id":"https:\/\/www.cmalleida.com\/es\/#organization"},"image":{"@id":"https:\/\/www.cmalleida.com\/es\/primer-encuentro-institucional-entre-aemes-y-el-consejo-general-de-los-colegios-de-mediadores-de-seguros\/#primaryimage"},"thumbnailUrl":"https:\/\/www.cmalleida.com\/wp-content\/uploads\/aemes.jpg","articleSection":["Actualidad","Recopilaciones de Prensa"],"inLanguage":"es"},{"@type":"WebPage","@id":"https:\/\/www.cmalleida.com\/es\/primer-encuentro-institucional-entre-aemes-y-el-consejo-general-de-los-colegios-de-mediadores-de-seguros\/","url":"https:\/\/www.cmalleida.com\/es\/primer-encuentro-institucional-entre-aemes-y-el-consejo-general-de-los-colegios-de-mediadores-de-seguros\/","name":"Primer encuentro institucional entre Aemes y el Consejo General de los Colegios de Mediadores de Seguros - Col\u00b7legi de Mediadors d&#039;Assegurances de Lleida","isPartOf":{"@id":"https:\/\/www.cmalleida.com\/es\/#website"},"primaryImageOfPage":{"@id":"https:\/\/www.cmalleida.com\/es\/primer-encuentro-institucional-entre-aemes-y-el-consejo-general-de-los-colegios-de-mediadores-de-seguros\/#primaryimage"},"image":{"@id":"https:\/\/www.cmalleida.com\/es\/primer-encuentro-institucional-entre-aemes-y-el-consejo-general-de-los-colegios-de-mediadores-de-seguros\/#primaryimage"},"thumbnailUrl":"https:\/\/www.cmalleida.com\/wp-content\/uploads\/aemes.jpg","datePublished":"2021-05-31T09:00:34+00:00","breadcrumb":{"@id":"https:\/\/www.cmalleida.com\/es\/primer-encuentro-institucional-entre-aemes-y-el-consejo-general-de-los-colegios-de-mediadores-de-seguros\/#breadcrumb"},"inLanguage":"es","potentialAction":[{"@type":"ReadAction","target":["https:\/\/www.cmalleida.com\/es\/primer-encuentro-institucional-entre-aemes-y-el-consejo-general-de-los-colegios-de-mediadores-de-seguros\/"]}]},{"@type":"ImageObject","inLanguage":"es","@id":"https:\/\/www.cmalleida.com\/es\/primer-encuentro-institucional-entre-aemes-y-el-consejo-general-de-los-colegios-de-mediadores-de-seguros\/#primaryimage","url":"https:\/\/www.cmalleida.com\/wp-content\/uploads\/aemes.jpg","contentUrl":"https:\/\/www.cmalleida.com\/wp-content\/uploads\/aemes.jpg","width":768,"height":1024,"caption":"AEMES"},{"@type":"BreadcrumbList","@id":"https:\/\/www.cmalleida.com\/es\/primer-encuentro-institucional-entre-aemes-y-el-consejo-general-de-los-colegios-de-mediadores-de-seguros\/#breadcrumb","itemListElement":[{"@type":"ListItem","position":1,"name":"Inici","item":"https:\/\/www.cmalleida.com\/es\/"},{"@type":"ListItem","position":2,"name":"Primer encuentro institucional entre Aemes y el Consejo General de los Colegios de Mediadores de Seguros"}]},{"@type":"WebSite","@id":"https:\/\/www.cmalleida.com\/es\/#website","url":"https:\/\/www.cmalleida.com\/es\/","name":"Col\u00b7legi de Mediadors d&#039;Assegurances de Lleida","description":"Otro sitio realizado con WordPress","publisher":{"@id":"https:\/\/www.cmalleida.com\/es\/#organization"},"potentialAction":[{"@type":"SearchAction","target":{"@type":"EntryPoint","urlTemplate":"https:\/\/www.cmalleida.com\/es\/?s={search_term_string}"},"query-input":{"@type":"PropertyValueSpecification","valueRequired":true,"valueName":"search_term_string"}}],"inLanguage":"es"},{"@type":"Organization","@id":"https:\/\/www.cmalleida.com\/es\/#organization","name":"Col\u00b7legi de Mediadors d'Assegurances de Lleida","url":"https:\/\/www.cmalleida.com\/es\/","logo":{"@type":"ImageObject","inLanguage":"es","@id":"https:\/\/www.cmalleida.com\/es\/#\/schema\/logo\/image\/","url":"","contentUrl":"","caption":"Col\u00b7legi de Mediadors d'Assegurances de Lleida"},"image":{"@id":"https:\/\/www.cmalleida.com\/es\/#\/schema\/logo\/image\/"}},{"@type":"Person","@id":"https:\/\/www.cmalleida.com\/es\/#\/schema\/person\/7461453022a0d6ce41c1e530eb4443b4","name":"Antonieta Castells Dolcet","image":{"@type":"ImageObject","inLanguage":"es","@id":"https:\/\/secure.gravatar.com\/avatar\/7738df9a8ff2d12e8b37d088ff0e3e36016e57ab29e5db27ba4fb758a81ea3cb?s=96&d=mm&r=g","url":"https:\/\/secure.gravatar.com\/avatar\/7738df9a8ff2d12e8b37d088ff0e3e36016e57ab29e5db27ba4fb758a81ea3cb?s=96&d=mm&r=g","contentUrl":"https:\/\/secure.gravatar.com\/avatar\/7738df9a8ff2d12e8b37d088ff0e3e36016e57ab29e5db27ba4fb758a81ea3cb?s=96&d=mm&r=g","caption":"Antonieta Castells Dolcet"},"sameAs":["http:\/\/www.cmalleida.com"]}]}},"_links":{"self":[{"href":"https:\/\/www.cmalleida.com\/es\/wp-json\/wp\/v2\/posts\/9092","targetHints":{"allow":["GET"]}}],"collection":[{"href":"https:\/\/www.cmalleida.com\/es\/wp-json\/wp\/v2\/posts"}],"about":[{"href":"https:\/\/www.cmalleida.com\/es\/wp-json\/wp\/v2\/types\/post"}],"author":[{"embeddable":true,"href":"https:\/\/www.cmalleida.com\/es\/wp-json\/wp\/v2\/users\/149"}],"replies":[{"embeddable":true,"href":"https:\/\/www.cmalleida.com\/es\/wp-json\/wp\/v2\/comments?post=9092"}],"version-history":[{"count":1,"href":"https:\/\/www.cmalleida.com\/es\/wp-json\/wp\/v2\/posts\/9092\/revisions"}],"predecessor-version":[{"id":9093,"href":"https:\/\/www.cmalleida.com\/es\/wp-json\/wp\/v2\/posts\/9092\/revisions\/9093"}],"wp:featuredmedia":[{"embeddable":true,"href":"https:\/\/www.cmalleida.com\/es\/wp-json\/wp\/v2\/media\/9089"}],"wp:attachment":[{"href":"https:\/\/www.cmalleida.com\/es\/wp-json\/wp\/v2\/media?parent=9092"}],"wp:term":[{"taxonomy":"category","embeddable":true,"href":"https:\/\/www.cmalleida.com\/es\/wp-json\/wp\/v2\/categories?post=9092"},{"taxonomy":"post_tag","embeddable":true,"href":"https:\/\/www.cmalleida.com\/es\/wp-json\/wp\/v2\/tags?post=9092"}],"curies":[{"name":"wp","href":"https:\/\/api.w.org\/{rel}","templated":true}]}}