{"id":9078,"date":"2021-05-28T11:02:25","date_gmt":"2021-05-28T09:02:25","guid":{"rendered":"https:\/\/www.cmalleida.com\/?p=9078"},"modified":"2021-05-28T11:02:25","modified_gmt":"2021-05-28T09:02:25","slug":"nace-la-alianza-del-seguro-iberoamericano-inspirada-en-la-agenda-2030-de-naciones-unidas-la-vanguardia","status":"publish","type":"post","link":"https:\/\/www.cmalleida.com\/es\/nace-la-alianza-del-seguro-iberoamericano-inspirada-en-la-agenda-2030-de-naciones-unidas-la-vanguardia\/","title":{"rendered":"Nace La Alianza del Seguro Iberoamericano inspirada en la Agenda 2030 de Naciones Unidas (La Vanguardia)"},"content":{"rendered":"<header class=\"article-top-header col-12\">\n<div class=\"article-top\">\n<div class=\"article-top-titles\">\n<div class=\"title-container\">\n<h4 class=\"title\"><span style=\"font-size: 16px;\">La iniciativa, que cuenta con el apoyo del Gobierno de Espa\u00f1a y diversas organizaciones del sector asegurador de ambos lados de Atl\u00e1ntico, convoca una Cumbre el pr\u00f3ximo mes de septiembre<\/span><\/h4>\n<\/div>\n<\/div>\n<div class=\"article-media-main\">\n<figure class=\"composite-image image-container \" data-gtm-element-container=\"button-gallery\">REDACCI\u00d3N\u00a0 \u00a0 BARCELONA\u00a0 \u00a0 \u00a023\/05\/2021 07:35<\/figure>\n<\/div>\n<\/div>\n<\/header>\n<div class=\"article-content col-12 col-md-8\">\n<div class=\"article-modules\">\n<p class=\"paragraph\" data-gtm-element-container=\"modulo-texto-link\">Un total de 30 entidades y organismos representativos del sector econ\u00f3mico y asegurador iberoamericano apoyan la creaci\u00f3n de La Alianza del Seguro Iberoamericano que inicia formalmente este mes de mayo sus actividades. Desde la Secretaria General Iberoamericana (SEGIB), el Gobierno de Espa\u00f1a o las confederaciones Panamericana y Mundial de los corredores de seguros, adem\u00e1s de otras organizaciones han expresado su apoyo a una propuesta que se alinea con los objetivos de desarrollo sostenible de la Agenda 2030 de la Organizaci\u00f3n de Naciones Unidad.<\/p>\n<p class=\"paragraph\" data-gtm-element-container=\"modulo-texto-link\">La Alianza tiene como objetivo, seg\u00fan sus impulsores, aglutinar a todo el sector asegurador y a los actores econ\u00f3micos, gubernamentales, educativos y del tercer sector para definir, desarrollar e implementar una cultura aseguradora que tenga implicaciones reales en aspectos sociales, econ\u00f3micos y filos\u00f3ficos. Su punto de partida es impulsar la implementaci\u00f3n de los 17 Objetivos de Desarrollo Sostenible (ODS) en el sector asegurador.<\/p>\n<h3 class=\"subtitle\">Por un futuro mejor<\/h3>\n<h4 class=\"subtitle\">Los 17 Objetivos de Desarrollo Sostenible<\/h4>\n<p class=\"paragraph\" data-gtm-element-container=\"modulo-texto-link\">Uno de los ejes de actuaci\u00f3n de La Alianza es lograr que el concepto del Seguro se ampl\u00ede para ser considerado como herramienta necesaria para lograr mayor equilibrio y justicia social. Los 17 Objetivos de Desarrollo Sostenible (ODS) definidos por la ONU en 2015 son el punto de partida de La Alianza del Seguro Iberiamericano, que se constituye, en realidad, en base del objetivo 17, que postula la creaci\u00f3n de alianzas para lograr los objetivos de la Agenda 2030. En el caso de La Alianza del Seguro se trata de aunar esfuerzos para que este sector no s\u00f3lo siga siendo un buen compa\u00f1ero de viaje de los ciudadanos, si no para que se convierta en un garante de un futuro mejor para todos ellos.<\/p>\n<p class=\"paragraph\" data-gtm-element-container=\"modulo-texto-link\">La Alianza del Seguro inicia su andadura con el apoyo de 30 entidades y organismos representativos del sector econ\u00f3mico y asegurador iberoamericano. Desde la Secretaria General Iberoamericana (SEGIB), el Gobierno de Espa\u00f1a o las confederaciones Panamericana y Mundial de los corredores de seguros, adem\u00e1s de otras organizaciones.<\/p>\n<p class=\"paragraph\" data-gtm-element-container=\"modulo-texto-link\">Un grupo multidisciplinar de reconocidos profesionales con proyecci\u00f3n internacional ha constituido el Think Thank que impulsa las actividades de La Alianza del Seguro y ha elaborado un manifiesto, en el que se concretan los objetivos y compromisos de la iniciativa.<\/p>\n<p class=\"paragraph\" data-gtm-element-container=\"modulo-texto-link\">En este documento fundacional se destaca que el Seguro es \u201cun actor fundamental para la estabilidad, la previsibilidad, el desarrollo y la justicia en la sociedad internacional\u201d. El manifiesto mantiene que una cultura aseguradora responsable e integral ayudar\u00e1 a \u201cmitigar riesgos, mejorar el desarrollo y contribuir\u00e1 a una mayor justicia social\u201d.<\/p>\n<h3 class=\"subtitle\">Del 20 al 24 de septiembre<\/h3>\n<h4 class=\"subtitle\">Cumbre con el lema \u2018Por una sociedad saludable, justa y sostenible\u2019<\/h4>\n<p class=\"paragraph\" data-gtm-element-container=\"modulo-texto-link\">El objetivo m\u00e1s inmediato de los impulsores de La Alianza del Seguro es convocar a todos los actores econ\u00f3micos, gubernamentales, educativos y del tercer sector para debatir el futuro y sus urgencias. La intenci\u00f3n es \u201cir poniendo el foco en el valor de la previsi\u00f3n y la prevenci\u00f3n\u201d. En \u00faltima instancia, se busca desarrollar e implementar una cultura aseguradora que \u201ctenga implicaciones reales en aspectos sociales, econ\u00f3micos y filos\u00f3ficos en toda la regi\u00f3n\u201d. El concepto del Seguro como herramienta necesaria para lograr un mayor equilibrio y justicia social, a la vez que busca mitigar, pero tambi\u00e9n prevenir, da\u00f1os y cat\u00e1strofes.<\/p>\n<p class=\"paragraph\" data-gtm-element-container=\"modulo-texto-link\">Para profundizar en un concepto de Seguro que, adem\u00e1s de prevenir da\u00f1os y cat\u00e1strofes, contribuya a un mayor equilibrio y justicia social, los responsables de La Alianza del Seguro Iberoamericano convocar\u00e1n y celebrar\u00e1 distintas cumbres iberoamericanas desde 2021 a 2030, con la participaci\u00f3n de los especialistas mundiales en ODS del Seguro. La primera cumbre ya tiene fecha: del 20 al 24 de septiembre y su lema es: \u2018Por una sociedad saludable, justa y sostenible\u2019.<\/p>\n<\/div>\n<\/div>\n","protected":false},"excerpt":{"rendered":"<p>La iniciativa, que cuenta con el apoyo del Gobierno de Espa\u00f1a y diversas organizaciones del sector asegurador de ambos lados de Atl\u00e1ntico, convoca una Cumbre&#8230; <a href=\"https:\/\/www.cmalleida.com\/es\/nace-la-alianza-del-seguro-iberoamericano-inspirada-en-la-agenda-2030-de-naciones-unidas-la-vanguardia\/\" rel=\"nofollow\" class=\"lollegirmes\">Llegeix m\u00e9s<\/a><\/p>\n","protected":false},"author":149,"featured_media":1861,"comment_status":"closed","ping_status":"closed","sticky":false,"template":"","format":"standard","meta":{"_acf_changed":false,"_genesis_hide_title":false,"_genesis_hide_breadcrumbs":false,"_genesis_hide_singular_image":false,"_genesis_hide_footer_widgets":false,"_genesis_custom_body_class":"","_genesis_custom_post_class":"","_genesis_layout":"","footnotes":""},"categories":[28],"tags":[],"class_list":{"0":"post-9078","1":"post","2":"type-post","3":"status-publish","4":"format-standard","5":"has-post-thumbnail","7":"category-actualidad","8":"entry"},"acf":[],"yoast_head":"<!-- This site is optimized with the Yoast SEO plugin v27.2 - https:\/\/yoast.com\/product\/yoast-seo-wordpress\/ -->\n<title>Nace La Alianza del Seguro Iberoamericano inspirada en la Agenda 2030 de Naciones Unidas (La Vanguardia) - Col\u00b7legi de Mediadors d&#039;Assegurances de Lleida<\/title>\n<meta name=\"robots\" content=\"index, follow, max-snippet:-1, max-image-preview:large, max-video-preview:-1\" \/>\n<link rel=\"canonical\" href=\"https:\/\/www.cmalleida.com\/es\/nace-la-alianza-del-seguro-iberoamericano-inspirada-en-la-agenda-2030-de-naciones-unidas-la-vanguardia\/\" \/>\n<meta property=\"og:locale\" content=\"es_ES\" \/>\n<meta property=\"og:type\" content=\"article\" \/>\n<meta property=\"og:title\" content=\"Nace La Alianza del Seguro Iberoamericano inspirada en la Agenda 2030 de Naciones Unidas (La Vanguardia) - Col\u00b7legi de Mediadors d&#039;Assegurances de Lleida\" \/>\n<meta property=\"og:description\" content=\"La iniciativa, que cuenta con el apoyo del Gobierno de Espa\u00f1a y diversas organizaciones del sector asegurador de ambos lados de Atl\u00e1ntico, convoca una Cumbre... Llegeix m\u00e9s\" \/>\n<meta property=\"og:url\" content=\"https:\/\/www.cmalleida.com\/es\/nace-la-alianza-del-seguro-iberoamericano-inspirada-en-la-agenda-2030-de-naciones-unidas-la-vanguardia\/\" \/>\n<meta property=\"og:site_name\" content=\"Col\u00b7legi de Mediadors d&#039;Assegurances de Lleida\" \/>\n<meta property=\"article:published_time\" content=\"2021-05-28T09:02:25+00:00\" \/>\n<meta property=\"og:image\" content=\"https:\/\/www.cmalleida.com\/wp-content\/uploads\/cmall-lleida-actualitat-autonom762.jpg\" \/>\n\t<meta property=\"og:image:width\" content=\"762\" \/>\n\t<meta property=\"og:image:height\" content=\"762\" \/>\n\t<meta property=\"og:image:type\" content=\"image\/jpeg\" \/>\n<meta name=\"author\" content=\"Antonieta Castells Dolcet\" \/>\n<meta name=\"twitter:card\" content=\"summary_large_image\" \/>\n<meta name=\"twitter:label1\" content=\"Written by\" \/>\n\t<meta name=\"twitter:data1\" content=\"Antonieta Castells Dolcet\" \/>\n\t<meta name=\"twitter:label2\" content=\"Est. reading time\" \/>\n\t<meta name=\"twitter:data2\" content=\"3 minutos\" \/>\n<script type=\"application\/ld+json\" class=\"yoast-schema-graph\">{\"@context\":\"https:\/\/schema.org\",\"@graph\":[{\"@type\":\"Article\",\"@id\":\"https:\/\/www.cmalleida.com\/es\/nace-la-alianza-del-seguro-iberoamericano-inspirada-en-la-agenda-2030-de-naciones-unidas-la-vanguardia\/#article\",\"isPartOf\":{\"@id\":\"https:\/\/www.cmalleida.com\/es\/nace-la-alianza-del-seguro-iberoamericano-inspirada-en-la-agenda-2030-de-naciones-unidas-la-vanguardia\/\"},\"author\":{\"name\":\"Antonieta Castells Dolcet\",\"@id\":\"https:\/\/www.cmalleida.com\/es\/#\/schema\/person\/7461453022a0d6ce41c1e530eb4443b4\"},\"headline\":\"Nace La Alianza del Seguro Iberoamericano inspirada en la Agenda 2030 de Naciones Unidas (La Vanguardia)\",\"datePublished\":\"2021-05-28T09:02:25+00:00\",\"mainEntityOfPage\":{\"@id\":\"https:\/\/www.cmalleida.com\/es\/nace-la-alianza-del-seguro-iberoamericano-inspirada-en-la-agenda-2030-de-naciones-unidas-la-vanguardia\/\"},\"wordCount\":680,\"publisher\":{\"@id\":\"https:\/\/www.cmalleida.com\/es\/#organization\"},\"image\":{\"@id\":\"https:\/\/www.cmalleida.com\/es\/nace-la-alianza-del-seguro-iberoamericano-inspirada-en-la-agenda-2030-de-naciones-unidas-la-vanguardia\/#primaryimage\"},\"thumbnailUrl\":\"https:\/\/www.cmalleida.com\/wp-content\/uploads\/cmall-lleida-actualitat-autonom762.jpg\",\"articleSection\":[\"Actualidad\"],\"inLanguage\":\"es\"},{\"@type\":\"WebPage\",\"@id\":\"https:\/\/www.cmalleida.com\/es\/nace-la-alianza-del-seguro-iberoamericano-inspirada-en-la-agenda-2030-de-naciones-unidas-la-vanguardia\/\",\"url\":\"https:\/\/www.cmalleida.com\/es\/nace-la-alianza-del-seguro-iberoamericano-inspirada-en-la-agenda-2030-de-naciones-unidas-la-vanguardia\/\",\"name\":\"Nace La Alianza del Seguro Iberoamericano inspirada en la Agenda 2030 de Naciones Unidas (La Vanguardia) - Col\u00b7legi de Mediadors d&#039;Assegurances de Lleida\",\"isPartOf\":{\"@id\":\"https:\/\/www.cmalleida.com\/es\/#website\"},\"primaryImageOfPage\":{\"@id\":\"https:\/\/www.cmalleida.com\/es\/nace-la-alianza-del-seguro-iberoamericano-inspirada-en-la-agenda-2030-de-naciones-unidas-la-vanguardia\/#primaryimage\"},\"image\":{\"@id\":\"https:\/\/www.cmalleida.com\/es\/nace-la-alianza-del-seguro-iberoamericano-inspirada-en-la-agenda-2030-de-naciones-unidas-la-vanguardia\/#primaryimage\"},\"thumbnailUrl\":\"https:\/\/www.cmalleida.com\/wp-content\/uploads\/cmall-lleida-actualitat-autonom762.jpg\",\"datePublished\":\"2021-05-28T09:02:25+00:00\",\"breadcrumb\":{\"@id\":\"https:\/\/www.cmalleida.com\/es\/nace-la-alianza-del-seguro-iberoamericano-inspirada-en-la-agenda-2030-de-naciones-unidas-la-vanguardia\/#breadcrumb\"},\"inLanguage\":\"es\",\"potentialAction\":[{\"@type\":\"ReadAction\",\"target\":[\"https:\/\/www.cmalleida.com\/es\/nace-la-alianza-del-seguro-iberoamericano-inspirada-en-la-agenda-2030-de-naciones-unidas-la-vanguardia\/\"]}]},{\"@type\":\"ImageObject\",\"inLanguage\":\"es\",\"@id\":\"https:\/\/www.cmalleida.com\/es\/nace-la-alianza-del-seguro-iberoamericano-inspirada-en-la-agenda-2030-de-naciones-unidas-la-vanguardia\/#primaryimage\",\"url\":\"https:\/\/www.cmalleida.com\/wp-content\/uploads\/cmall-lleida-actualitat-autonom762.jpg\",\"contentUrl\":\"https:\/\/www.cmalleida.com\/wp-content\/uploads\/cmall-lleida-actualitat-autonom762.jpg\",\"width\":762,\"height\":762,\"caption\":\"cmall-lleida-actualitat-AUTONOM762\"},{\"@type\":\"BreadcrumbList\",\"@id\":\"https:\/\/www.cmalleida.com\/es\/nace-la-alianza-del-seguro-iberoamericano-inspirada-en-la-agenda-2030-de-naciones-unidas-la-vanguardia\/#breadcrumb\",\"itemListElement\":[{\"@type\":\"ListItem\",\"position\":1,\"name\":\"Inici\",\"item\":\"https:\/\/www.cmalleida.com\/es\/\"},{\"@type\":\"ListItem\",\"position\":2,\"name\":\"Nace La Alianza del Seguro Iberoamericano inspirada en la Agenda 2030 de Naciones Unidas (La Vanguardia)\"}]},{\"@type\":\"WebSite\",\"@id\":\"https:\/\/www.cmalleida.com\/es\/#website\",\"url\":\"https:\/\/www.cmalleida.com\/es\/\",\"name\":\"Col\u00b7legi de Mediadors d&#039;Assegurances de Lleida\",\"description\":\"Otro sitio realizado con WordPress\",\"publisher\":{\"@id\":\"https:\/\/www.cmalleida.com\/es\/#organization\"},\"potentialAction\":[{\"@type\":\"SearchAction\",\"target\":{\"@type\":\"EntryPoint\",\"urlTemplate\":\"https:\/\/www.cmalleida.com\/es\/?s={search_term_string}\"},\"query-input\":{\"@type\":\"PropertyValueSpecification\",\"valueRequired\":true,\"valueName\":\"search_term_string\"}}],\"inLanguage\":\"es\"},{\"@type\":\"Organization\",\"@id\":\"https:\/\/www.cmalleida.com\/es\/#organization\",\"name\":\"Col\u00b7legi de Mediadors d'Assegurances de Lleida\",\"url\":\"https:\/\/www.cmalleida.com\/es\/\",\"logo\":{\"@type\":\"ImageObject\",\"inLanguage\":\"es\",\"@id\":\"https:\/\/www.cmalleida.com\/es\/#\/schema\/logo\/image\/\",\"url\":\"\",\"contentUrl\":\"\",\"caption\":\"Col\u00b7legi de Mediadors d'Assegurances de Lleida\"},\"image\":{\"@id\":\"https:\/\/www.cmalleida.com\/es\/#\/schema\/logo\/image\/\"}},{\"@type\":\"Person\",\"@id\":\"https:\/\/www.cmalleida.com\/es\/#\/schema\/person\/7461453022a0d6ce41c1e530eb4443b4\",\"name\":\"Antonieta Castells Dolcet\",\"image\":{\"@type\":\"ImageObject\",\"inLanguage\":\"es\",\"@id\":\"https:\/\/secure.gravatar.com\/avatar\/7738df9a8ff2d12e8b37d088ff0e3e36016e57ab29e5db27ba4fb758a81ea3cb?s=96&d=mm&r=g\",\"url\":\"https:\/\/secure.gravatar.com\/avatar\/7738df9a8ff2d12e8b37d088ff0e3e36016e57ab29e5db27ba4fb758a81ea3cb?s=96&d=mm&r=g\",\"contentUrl\":\"https:\/\/secure.gravatar.com\/avatar\/7738df9a8ff2d12e8b37d088ff0e3e36016e57ab29e5db27ba4fb758a81ea3cb?s=96&d=mm&r=g\",\"caption\":\"Antonieta Castells Dolcet\"},\"sameAs\":[\"http:\/\/www.cmalleida.com\"]}]}<\/script>\n<!-- \/ Yoast SEO plugin. -->","yoast_head_json":{"title":"Nace La Alianza del Seguro Iberoamericano inspirada en la Agenda 2030 de Naciones Unidas (La Vanguardia) - Col\u00b7legi de Mediadors d&#039;Assegurances de Lleida","robots":{"index":"index","follow":"follow","max-snippet":"max-snippet:-1","max-image-preview":"max-image-preview:large","max-video-preview":"max-video-preview:-1"},"canonical":"https:\/\/www.cmalleida.com\/es\/nace-la-alianza-del-seguro-iberoamericano-inspirada-en-la-agenda-2030-de-naciones-unidas-la-vanguardia\/","og_locale":"es_ES","og_type":"article","og_title":"Nace La Alianza del Seguro Iberoamericano inspirada en la Agenda 2030 de Naciones Unidas (La Vanguardia) - Col\u00b7legi de Mediadors d&#039;Assegurances de Lleida","og_description":"La iniciativa, que cuenta con el apoyo del Gobierno de Espa\u00f1a y diversas organizaciones del sector asegurador de ambos lados de Atl\u00e1ntico, convoca una Cumbre... Llegeix m\u00e9s","og_url":"https:\/\/www.cmalleida.com\/es\/nace-la-alianza-del-seguro-iberoamericano-inspirada-en-la-agenda-2030-de-naciones-unidas-la-vanguardia\/","og_site_name":"Col\u00b7legi de Mediadors d&#039;Assegurances de Lleida","article_published_time":"2021-05-28T09:02:25+00:00","og_image":[{"width":762,"height":762,"url":"https:\/\/www.cmalleida.com\/wp-content\/uploads\/cmall-lleida-actualitat-autonom762.jpg","type":"image\/jpeg"}],"author":"Antonieta Castells Dolcet","twitter_card":"summary_large_image","twitter_misc":{"Written by":"Antonieta Castells Dolcet","Est. reading time":"3 minutos"},"schema":{"@context":"https:\/\/schema.org","@graph":[{"@type":"Article","@id":"https:\/\/www.cmalleida.com\/es\/nace-la-alianza-del-seguro-iberoamericano-inspirada-en-la-agenda-2030-de-naciones-unidas-la-vanguardia\/#article","isPartOf":{"@id":"https:\/\/www.cmalleida.com\/es\/nace-la-alianza-del-seguro-iberoamericano-inspirada-en-la-agenda-2030-de-naciones-unidas-la-vanguardia\/"},"author":{"name":"Antonieta Castells Dolcet","@id":"https:\/\/www.cmalleida.com\/es\/#\/schema\/person\/7461453022a0d6ce41c1e530eb4443b4"},"headline":"Nace La Alianza del Seguro Iberoamericano inspirada en la Agenda 2030 de Naciones Unidas (La Vanguardia)","datePublished":"2021-05-28T09:02:25+00:00","mainEntityOfPage":{"@id":"https:\/\/www.cmalleida.com\/es\/nace-la-alianza-del-seguro-iberoamericano-inspirada-en-la-agenda-2030-de-naciones-unidas-la-vanguardia\/"},"wordCount":680,"publisher":{"@id":"https:\/\/www.cmalleida.com\/es\/#organization"},"image":{"@id":"https:\/\/www.cmalleida.com\/es\/nace-la-alianza-del-seguro-iberoamericano-inspirada-en-la-agenda-2030-de-naciones-unidas-la-vanguardia\/#primaryimage"},"thumbnailUrl":"https:\/\/www.cmalleida.com\/wp-content\/uploads\/cmall-lleida-actualitat-autonom762.jpg","articleSection":["Actualidad"],"inLanguage":"es"},{"@type":"WebPage","@id":"https:\/\/www.cmalleida.com\/es\/nace-la-alianza-del-seguro-iberoamericano-inspirada-en-la-agenda-2030-de-naciones-unidas-la-vanguardia\/","url":"https:\/\/www.cmalleida.com\/es\/nace-la-alianza-del-seguro-iberoamericano-inspirada-en-la-agenda-2030-de-naciones-unidas-la-vanguardia\/","name":"Nace La Alianza del Seguro Iberoamericano inspirada en la Agenda 2030 de Naciones Unidas (La Vanguardia) - Col\u00b7legi de Mediadors d&#039;Assegurances de Lleida","isPartOf":{"@id":"https:\/\/www.cmalleida.com\/es\/#website"},"primaryImageOfPage":{"@id":"https:\/\/www.cmalleida.com\/es\/nace-la-alianza-del-seguro-iberoamericano-inspirada-en-la-agenda-2030-de-naciones-unidas-la-vanguardia\/#primaryimage"},"image":{"@id":"https:\/\/www.cmalleida.com\/es\/nace-la-alianza-del-seguro-iberoamericano-inspirada-en-la-agenda-2030-de-naciones-unidas-la-vanguardia\/#primaryimage"},"thumbnailUrl":"https:\/\/www.cmalleida.com\/wp-content\/uploads\/cmall-lleida-actualitat-autonom762.jpg","datePublished":"2021-05-28T09:02:25+00:00","breadcrumb":{"@id":"https:\/\/www.cmalleida.com\/es\/nace-la-alianza-del-seguro-iberoamericano-inspirada-en-la-agenda-2030-de-naciones-unidas-la-vanguardia\/#breadcrumb"},"inLanguage":"es","potentialAction":[{"@type":"ReadAction","target":["https:\/\/www.cmalleida.com\/es\/nace-la-alianza-del-seguro-iberoamericano-inspirada-en-la-agenda-2030-de-naciones-unidas-la-vanguardia\/"]}]},{"@type":"ImageObject","inLanguage":"es","@id":"https:\/\/www.cmalleida.com\/es\/nace-la-alianza-del-seguro-iberoamericano-inspirada-en-la-agenda-2030-de-naciones-unidas-la-vanguardia\/#primaryimage","url":"https:\/\/www.cmalleida.com\/wp-content\/uploads\/cmall-lleida-actualitat-autonom762.jpg","contentUrl":"https:\/\/www.cmalleida.com\/wp-content\/uploads\/cmall-lleida-actualitat-autonom762.jpg","width":762,"height":762,"caption":"cmall-lleida-actualitat-AUTONOM762"},{"@type":"BreadcrumbList","@id":"https:\/\/www.cmalleida.com\/es\/nace-la-alianza-del-seguro-iberoamericano-inspirada-en-la-agenda-2030-de-naciones-unidas-la-vanguardia\/#breadcrumb","itemListElement":[{"@type":"ListItem","position":1,"name":"Inici","item":"https:\/\/www.cmalleida.com\/es\/"},{"@type":"ListItem","position":2,"name":"Nace La Alianza del Seguro Iberoamericano inspirada en la Agenda 2030 de Naciones Unidas (La Vanguardia)"}]},{"@type":"WebSite","@id":"https:\/\/www.cmalleida.com\/es\/#website","url":"https:\/\/www.cmalleida.com\/es\/","name":"Col\u00b7legi de Mediadors d&#039;Assegurances de Lleida","description":"Otro sitio realizado con WordPress","publisher":{"@id":"https:\/\/www.cmalleida.com\/es\/#organization"},"potentialAction":[{"@type":"SearchAction","target":{"@type":"EntryPoint","urlTemplate":"https:\/\/www.cmalleida.com\/es\/?s={search_term_string}"},"query-input":{"@type":"PropertyValueSpecification","valueRequired":true,"valueName":"search_term_string"}}],"inLanguage":"es"},{"@type":"Organization","@id":"https:\/\/www.cmalleida.com\/es\/#organization","name":"Col\u00b7legi de Mediadors d'Assegurances de Lleida","url":"https:\/\/www.cmalleida.com\/es\/","logo":{"@type":"ImageObject","inLanguage":"es","@id":"https:\/\/www.cmalleida.com\/es\/#\/schema\/logo\/image\/","url":"","contentUrl":"","caption":"Col\u00b7legi de Mediadors d'Assegurances de Lleida"},"image":{"@id":"https:\/\/www.cmalleida.com\/es\/#\/schema\/logo\/image\/"}},{"@type":"Person","@id":"https:\/\/www.cmalleida.com\/es\/#\/schema\/person\/7461453022a0d6ce41c1e530eb4443b4","name":"Antonieta Castells Dolcet","image":{"@type":"ImageObject","inLanguage":"es","@id":"https:\/\/secure.gravatar.com\/avatar\/7738df9a8ff2d12e8b37d088ff0e3e36016e57ab29e5db27ba4fb758a81ea3cb?s=96&d=mm&r=g","url":"https:\/\/secure.gravatar.com\/avatar\/7738df9a8ff2d12e8b37d088ff0e3e36016e57ab29e5db27ba4fb758a81ea3cb?s=96&d=mm&r=g","contentUrl":"https:\/\/secure.gravatar.com\/avatar\/7738df9a8ff2d12e8b37d088ff0e3e36016e57ab29e5db27ba4fb758a81ea3cb?s=96&d=mm&r=g","caption":"Antonieta Castells Dolcet"},"sameAs":["http:\/\/www.cmalleida.com"]}]}},"_links":{"self":[{"href":"https:\/\/www.cmalleida.com\/es\/wp-json\/wp\/v2\/posts\/9078","targetHints":{"allow":["GET"]}}],"collection":[{"href":"https:\/\/www.cmalleida.com\/es\/wp-json\/wp\/v2\/posts"}],"about":[{"href":"https:\/\/www.cmalleida.com\/es\/wp-json\/wp\/v2\/types\/post"}],"author":[{"embeddable":true,"href":"https:\/\/www.cmalleida.com\/es\/wp-json\/wp\/v2\/users\/149"}],"replies":[{"embeddable":true,"href":"https:\/\/www.cmalleida.com\/es\/wp-json\/wp\/v2\/comments?post=9078"}],"version-history":[{"count":1,"href":"https:\/\/www.cmalleida.com\/es\/wp-json\/wp\/v2\/posts\/9078\/revisions"}],"predecessor-version":[{"id":9079,"href":"https:\/\/www.cmalleida.com\/es\/wp-json\/wp\/v2\/posts\/9078\/revisions\/9079"}],"wp:featuredmedia":[{"embeddable":true,"href":"https:\/\/www.cmalleida.com\/es\/wp-json\/wp\/v2\/media\/1861"}],"wp:attachment":[{"href":"https:\/\/www.cmalleida.com\/es\/wp-json\/wp\/v2\/media?parent=9078"}],"wp:term":[{"taxonomy":"category","embeddable":true,"href":"https:\/\/www.cmalleida.com\/es\/wp-json\/wp\/v2\/categories?post=9078"},{"taxonomy":"post_tag","embeddable":true,"href":"https:\/\/www.cmalleida.com\/es\/wp-json\/wp\/v2\/tags?post=9078"}],"curies":[{"name":"wp","href":"https:\/\/api.w.org\/{rel}","templated":true}]}}