{"id":8825,"date":"2021-05-14T10:49:15","date_gmt":"2021-05-14T08:49:15","guid":{"rendered":"https:\/\/www.cmalleida.com\/?p=8825"},"modified":"2021-05-14T10:49:15","modified_gmt":"2021-05-14T08:49:15","slug":"el-seguro-carga-contra-las-subidas-de-impuestos-por-echar-gasolina-al-fuego-cinco-dias","status":"publish","type":"post","link":"https:\/\/www.cmalleida.com\/es\/el-seguro-carga-contra-las-subidas-de-impuestos-por-echar-gasolina-al-fuego-cinco-dias\/","title":{"rendered":"El seguro carga contra las subidas de impuestos por \u201cechar gasolina al fuego\u201d  (Cinco D\u00edas)"},"content":{"rendered":"<header id=\"articulo-encabezado\" class=\"articulo-encabezado \">\n<div id=\"articulo-titulares\" class=\"articulo-titulares\">\n<h4 id=\"articulo-titulo\" class=\"articulo-titulo \"><span style=\"font-size: 16px;\">La presidenta de la patronal recrimina al Gobierno la mayor fiscalidad en las primas<\/span><\/h4>\n<\/div>\n<div class=\"firma \">\n<div class=\"autor\">\n<figure class=\"foto\"><span class=\"articulo-localizaciones\"><span class=\"articulo-localizacion\">Madrid <\/span><\/span>\u00a0<time class=\"articulo-actualizado\" datetime=\"2021-05-11T15:14:37+02:00\"><a title=\"Ver todas las noticias de esta fecha\" href=\"https:\/\/cincodias.elpais.com\/tag\/fecha\/20210511\">11 MAY 2021 &#8211; 15:14\u00a0<abbr title=\"Central European Summer Time\">CEST<\/abbr><\/a><\/time><\/figure>\n<\/div>\n<\/div>\n<\/header>\n<div id=\"articulo__contenedor\" class=\"articulo__contenedor\">\n<div id=\"cuerpo_noticia\" class=\"articulo-cuerpo\">\n<p>La presidenta de Uni\u00f3n Espa\u00f1ola de Entidades Aseguradoras y Reaseguradoras (Unespa), Pilar Gonz\u00e1lez de Frutos, ha afirmado que el sector asegurado \u00abest\u00e1 sometido a tensiones estructurales y coyunturales\u00bb entre las que destaca la retirada de los beneficios fiscales por parte del Gobierno:\u00a0 \u00abHan echado gasolina a la hoguera\u00bb.<\/p>\n<div id=\"cds_gpt-INTEXT\" data-google-query-id=\"CPK0tt7jyPACFRLh1QodnvUIJA\">\n<div id=\"google_ads_iframe_7811748\/elpais_finanzas_cincodias_web\/companias\/noticias\/intext_0__container__\">\u00abVivimos un entorno de reducci\u00f3n progresiva del ahorro, en una evoluci\u00f3n en la que, ciertamente, nuestras autoridades le han echado gasolina a la hoguera retirando beneficios fiscales probablemente en el peor momento para haberlo hecho\u00bb, ha afirmado concretamente Gonz\u00e1lez de Frutos sobre el aumento del impuesto sobre las primas de seguros que aplic\u00f3 el Gobierno al inicio de 2021.<\/div>\n<div><\/div>\n<\/div>\n<div id=\"_wmass_1040950000169687\">\n<div id=\"jw-6968769687\" class=\"jwplayer jw-reset jw-state-complete jw-stretch-uniform jw-flag-aspect-mode jw-flag-controls-hidden jw-flag-outstream jw-breakpoint-3\" tabindex=\"0\" role=\"application\" aria-label=\"Reproductor de Video\">\n<div class=\"jw-wrapper jw-reset\">\n<div class=\"wm-publi\">Se trata de una de las tensiones estructurales que est\u00e1 experimentando el sector del seguro, aunque no es la \u00fanica. De esta forma, Unespa se\u00f1ala tambi\u00e9n a las tensiones coyunturales, como el \u00abtrauma muy profundo\u00bb que est\u00e1 suponiendo la pandemia de Covid-19, y \u00absuficientemente duradero como para imprimir sus consecuencias en nuestra conciencia colectiva y hacerlas permanente\u00bb.<\/div>\n<\/div>\n<\/div>\n<\/div>\n<p>En su intervenci\u00f3n en el Foto de Alta Direcci\u00f3n Aseguradora, celebrado\u00a0durante la Semana del Seguro organizada por Inese, Gonz\u00e1lez de Frutos\u00a0ha afirmado que el sector tiene que \u00abadmitir y darse cuenta de que el\u00a0seguro ya estaba sometido a retos antes de que surgiera el problema derivado\u00a0de la Covid-19\u00bb, como son la capacidad de \u00abreilusionar\u00bb al ciudadano\u00a0que busca ahorrar con ofertas \u00abcapaces de atraerlo\u00bb, al mismo tiempo\u00a0que se busca la solvencia.<\/p>\n<p>Tambi\u00e9n ha apuntado hacia la necesidad de prepararse para un \u00abescenario global de crecimiento objetivo bajo\u00bb del sector asegurador.<\/p>\n<p>Como soluciones, la presidenta de Unespa se\u00f1ala la colaboraci\u00f3n p\u00fablico-privada, la \u00abhumanizaci\u00f3n de las relaciones\u00bb al mismo tiempo que se avanza en el uso de la tecnolog\u00eda, dotar de mayor transparencia la comunicaci\u00f3n con los clientes o el uso de la creatividad para generar servicios innovadores y responder, as\u00ed, a las necesidades de los clientes.<\/p>\n<\/div>\n<\/div>\n","protected":false},"excerpt":{"rendered":"<p>La presidenta de la patronal recrimina al Gobierno la mayor fiscalidad en las primas Madrid \u00a011 MAY 2021 &#8211; 15:14\u00a0CEST La presidenta de Uni\u00f3n Espa\u00f1ola&#8230; <a href=\"https:\/\/www.cmalleida.com\/es\/el-seguro-carga-contra-las-subidas-de-impuestos-por-echar-gasolina-al-fuego-cinco-dias\/\" rel=\"nofollow\" class=\"lollegirmes\">Llegeix m\u00e9s<\/a><\/p>\n","protected":false},"author":149,"featured_media":1873,"comment_status":"closed","ping_status":"closed","sticky":false,"template":"","format":"standard","meta":{"_acf_changed":false,"_genesis_hide_title":false,"_genesis_hide_breadcrumbs":false,"_genesis_hide_singular_image":false,"_genesis_hide_footer_widgets":false,"_genesis_custom_body_class":"","_genesis_custom_post_class":"","_genesis_layout":"","footnotes":""},"categories":[28],"tags":[],"class_list":{"0":"post-8825","1":"post","2":"type-post","3":"status-publish","4":"format-standard","5":"has-post-thumbnail","7":"category-actualidad","8":"entry"},"acf":[],"yoast_head":"<!-- This site is optimized with the Yoast SEO plugin v27.2 - https:\/\/yoast.com\/product\/yoast-seo-wordpress\/ -->\n<title>El seguro carga contra las subidas de impuestos por \u201cechar gasolina al fuego\u201d (Cinco D\u00edas) - Col\u00b7legi de Mediadors d&#039;Assegurances de Lleida<\/title>\n<meta name=\"robots\" content=\"index, follow, max-snippet:-1, max-image-preview:large, max-video-preview:-1\" \/>\n<link rel=\"canonical\" href=\"https:\/\/www.cmalleida.com\/es\/el-seguro-carga-contra-las-subidas-de-impuestos-por-echar-gasolina-al-fuego-cinco-dias\/\" \/>\n<meta property=\"og:locale\" content=\"es_ES\" \/>\n<meta property=\"og:type\" content=\"article\" \/>\n<meta property=\"og:title\" content=\"El seguro carga contra las subidas de impuestos por \u201cechar gasolina al fuego\u201d (Cinco D\u00edas) - Col\u00b7legi de Mediadors d&#039;Assegurances de Lleida\" \/>\n<meta property=\"og:description\" content=\"La presidenta de la patronal recrimina al Gobierno la mayor fiscalidad en las primas Madrid \u00a011 MAY 2021 &#8211; 15:14\u00a0CEST La presidenta de Uni\u00f3n Espa\u00f1ola... Llegeix m\u00e9s\" \/>\n<meta property=\"og:url\" content=\"https:\/\/www.cmalleida.com\/es\/el-seguro-carga-contra-las-subidas-de-impuestos-por-echar-gasolina-al-fuego-cinco-dias\/\" \/>\n<meta property=\"og:site_name\" content=\"Col\u00b7legi de Mediadors d&#039;Assegurances de Lleida\" \/>\n<meta property=\"article:published_time\" content=\"2021-05-14T08:49:15+00:00\" \/>\n<meta property=\"og:image\" content=\"https:\/\/www.cmalleida.com\/wp-content\/uploads\/cmall-lleida-actualitat-daus762.jpg\" \/>\n\t<meta property=\"og:image:width\" content=\"762\" \/>\n\t<meta property=\"og:image:height\" content=\"762\" \/>\n\t<meta property=\"og:image:type\" content=\"image\/jpeg\" \/>\n<meta name=\"author\" content=\"Antonieta Castells Dolcet\" \/>\n<meta name=\"twitter:card\" content=\"summary_large_image\" \/>\n<meta name=\"twitter:label1\" content=\"Written by\" \/>\n\t<meta name=\"twitter:data1\" content=\"Antonieta Castells Dolcet\" \/>\n\t<meta name=\"twitter:label2\" content=\"Est. reading time\" \/>\n\t<meta name=\"twitter:data2\" content=\"2 minutos\" \/>\n<script type=\"application\/ld+json\" class=\"yoast-schema-graph\">{\"@context\":\"https:\/\/schema.org\",\"@graph\":[{\"@type\":\"Article\",\"@id\":\"https:\/\/www.cmalleida.com\/es\/el-seguro-carga-contra-las-subidas-de-impuestos-por-echar-gasolina-al-fuego-cinco-dias\/#article\",\"isPartOf\":{\"@id\":\"https:\/\/www.cmalleida.com\/es\/el-seguro-carga-contra-las-subidas-de-impuestos-por-echar-gasolina-al-fuego-cinco-dias\/\"},\"author\":{\"name\":\"Antonieta Castells Dolcet\",\"@id\":\"https:\/\/www.cmalleida.com\/es\/#\/schema\/person\/7461453022a0d6ce41c1e530eb4443b4\"},\"headline\":\"El seguro carga contra las subidas de impuestos por \u201cechar gasolina al fuego\u201d (Cinco D\u00edas)\",\"datePublished\":\"2021-05-14T08:49:15+00:00\",\"mainEntityOfPage\":{\"@id\":\"https:\/\/www.cmalleida.com\/es\/el-seguro-carga-contra-las-subidas-de-impuestos-por-echar-gasolina-al-fuego-cinco-dias\/\"},\"wordCount\":365,\"publisher\":{\"@id\":\"https:\/\/www.cmalleida.com\/es\/#organization\"},\"image\":{\"@id\":\"https:\/\/www.cmalleida.com\/es\/el-seguro-carga-contra-las-subidas-de-impuestos-por-echar-gasolina-al-fuego-cinco-dias\/#primaryimage\"},\"thumbnailUrl\":\"https:\/\/www.cmalleida.com\/wp-content\/uploads\/cmall-lleida-actualitat-daus762.jpg\",\"articleSection\":[\"Actualidad\"],\"inLanguage\":\"es\"},{\"@type\":\"WebPage\",\"@id\":\"https:\/\/www.cmalleida.com\/es\/el-seguro-carga-contra-las-subidas-de-impuestos-por-echar-gasolina-al-fuego-cinco-dias\/\",\"url\":\"https:\/\/www.cmalleida.com\/es\/el-seguro-carga-contra-las-subidas-de-impuestos-por-echar-gasolina-al-fuego-cinco-dias\/\",\"name\":\"El seguro carga contra las subidas de impuestos por \u201cechar gasolina al fuego\u201d (Cinco D\u00edas) - Col\u00b7legi de Mediadors d&#039;Assegurances de Lleida\",\"isPartOf\":{\"@id\":\"https:\/\/www.cmalleida.com\/es\/#website\"},\"primaryImageOfPage\":{\"@id\":\"https:\/\/www.cmalleida.com\/es\/el-seguro-carga-contra-las-subidas-de-impuestos-por-echar-gasolina-al-fuego-cinco-dias\/#primaryimage\"},\"image\":{\"@id\":\"https:\/\/www.cmalleida.com\/es\/el-seguro-carga-contra-las-subidas-de-impuestos-por-echar-gasolina-al-fuego-cinco-dias\/#primaryimage\"},\"thumbnailUrl\":\"https:\/\/www.cmalleida.com\/wp-content\/uploads\/cmall-lleida-actualitat-daus762.jpg\",\"datePublished\":\"2021-05-14T08:49:15+00:00\",\"breadcrumb\":{\"@id\":\"https:\/\/www.cmalleida.com\/es\/el-seguro-carga-contra-las-subidas-de-impuestos-por-echar-gasolina-al-fuego-cinco-dias\/#breadcrumb\"},\"inLanguage\":\"es\",\"potentialAction\":[{\"@type\":\"ReadAction\",\"target\":[\"https:\/\/www.cmalleida.com\/es\/el-seguro-carga-contra-las-subidas-de-impuestos-por-echar-gasolina-al-fuego-cinco-dias\/\"]}]},{\"@type\":\"ImageObject\",\"inLanguage\":\"es\",\"@id\":\"https:\/\/www.cmalleida.com\/es\/el-seguro-carga-contra-las-subidas-de-impuestos-por-echar-gasolina-al-fuego-cinco-dias\/#primaryimage\",\"url\":\"https:\/\/www.cmalleida.com\/wp-content\/uploads\/cmall-lleida-actualitat-daus762.jpg\",\"contentUrl\":\"https:\/\/www.cmalleida.com\/wp-content\/uploads\/cmall-lleida-actualitat-daus762.jpg\",\"width\":762,\"height\":762,\"caption\":\"cmall-lleida-actualitat-DAUS762\"},{\"@type\":\"BreadcrumbList\",\"@id\":\"https:\/\/www.cmalleida.com\/es\/el-seguro-carga-contra-las-subidas-de-impuestos-por-echar-gasolina-al-fuego-cinco-dias\/#breadcrumb\",\"itemListElement\":[{\"@type\":\"ListItem\",\"position\":1,\"name\":\"Inici\",\"item\":\"https:\/\/www.cmalleida.com\/es\/\"},{\"@type\":\"ListItem\",\"position\":2,\"name\":\"El seguro carga contra las subidas de impuestos por \u201cechar gasolina al fuego\u201d (Cinco D\u00edas)\"}]},{\"@type\":\"WebSite\",\"@id\":\"https:\/\/www.cmalleida.com\/es\/#website\",\"url\":\"https:\/\/www.cmalleida.com\/es\/\",\"name\":\"Col\u00b7legi de Mediadors d&#039;Assegurances de Lleida\",\"description\":\"Otro sitio realizado con WordPress\",\"publisher\":{\"@id\":\"https:\/\/www.cmalleida.com\/es\/#organization\"},\"potentialAction\":[{\"@type\":\"SearchAction\",\"target\":{\"@type\":\"EntryPoint\",\"urlTemplate\":\"https:\/\/www.cmalleida.com\/es\/?s={search_term_string}\"},\"query-input\":{\"@type\":\"PropertyValueSpecification\",\"valueRequired\":true,\"valueName\":\"search_term_string\"}}],\"inLanguage\":\"es\"},{\"@type\":\"Organization\",\"@id\":\"https:\/\/www.cmalleida.com\/es\/#organization\",\"name\":\"Col\u00b7legi de Mediadors d'Assegurances de Lleida\",\"url\":\"https:\/\/www.cmalleida.com\/es\/\",\"logo\":{\"@type\":\"ImageObject\",\"inLanguage\":\"es\",\"@id\":\"https:\/\/www.cmalleida.com\/es\/#\/schema\/logo\/image\/\",\"url\":\"\",\"contentUrl\":\"\",\"caption\":\"Col\u00b7legi de Mediadors d'Assegurances de Lleida\"},\"image\":{\"@id\":\"https:\/\/www.cmalleida.com\/es\/#\/schema\/logo\/image\/\"}},{\"@type\":\"Person\",\"@id\":\"https:\/\/www.cmalleida.com\/es\/#\/schema\/person\/7461453022a0d6ce41c1e530eb4443b4\",\"name\":\"Antonieta Castells Dolcet\",\"image\":{\"@type\":\"ImageObject\",\"inLanguage\":\"es\",\"@id\":\"https:\/\/secure.gravatar.com\/avatar\/7738df9a8ff2d12e8b37d088ff0e3e36016e57ab29e5db27ba4fb758a81ea3cb?s=96&d=mm&r=g\",\"url\":\"https:\/\/secure.gravatar.com\/avatar\/7738df9a8ff2d12e8b37d088ff0e3e36016e57ab29e5db27ba4fb758a81ea3cb?s=96&d=mm&r=g\",\"contentUrl\":\"https:\/\/secure.gravatar.com\/avatar\/7738df9a8ff2d12e8b37d088ff0e3e36016e57ab29e5db27ba4fb758a81ea3cb?s=96&d=mm&r=g\",\"caption\":\"Antonieta Castells Dolcet\"},\"sameAs\":[\"http:\/\/www.cmalleida.com\"]}]}<\/script>\n<!-- \/ Yoast SEO plugin. -->","yoast_head_json":{"title":"El seguro carga contra las subidas de impuestos por \u201cechar gasolina al fuego\u201d (Cinco D\u00edas) - Col\u00b7legi de Mediadors d&#039;Assegurances de Lleida","robots":{"index":"index","follow":"follow","max-snippet":"max-snippet:-1","max-image-preview":"max-image-preview:large","max-video-preview":"max-video-preview:-1"},"canonical":"https:\/\/www.cmalleida.com\/es\/el-seguro-carga-contra-las-subidas-de-impuestos-por-echar-gasolina-al-fuego-cinco-dias\/","og_locale":"es_ES","og_type":"article","og_title":"El seguro carga contra las subidas de impuestos por \u201cechar gasolina al fuego\u201d (Cinco D\u00edas) - Col\u00b7legi de Mediadors d&#039;Assegurances de Lleida","og_description":"La presidenta de la patronal recrimina al Gobierno la mayor fiscalidad en las primas Madrid \u00a011 MAY 2021 &#8211; 15:14\u00a0CEST La presidenta de Uni\u00f3n Espa\u00f1ola... Llegeix m\u00e9s","og_url":"https:\/\/www.cmalleida.com\/es\/el-seguro-carga-contra-las-subidas-de-impuestos-por-echar-gasolina-al-fuego-cinco-dias\/","og_site_name":"Col\u00b7legi de Mediadors d&#039;Assegurances de Lleida","article_published_time":"2021-05-14T08:49:15+00:00","og_image":[{"width":762,"height":762,"url":"https:\/\/www.cmalleida.com\/wp-content\/uploads\/cmall-lleida-actualitat-daus762.jpg","type":"image\/jpeg"}],"author":"Antonieta Castells Dolcet","twitter_card":"summary_large_image","twitter_misc":{"Written by":"Antonieta Castells Dolcet","Est. reading time":"2 minutos"},"schema":{"@context":"https:\/\/schema.org","@graph":[{"@type":"Article","@id":"https:\/\/www.cmalleida.com\/es\/el-seguro-carga-contra-las-subidas-de-impuestos-por-echar-gasolina-al-fuego-cinco-dias\/#article","isPartOf":{"@id":"https:\/\/www.cmalleida.com\/es\/el-seguro-carga-contra-las-subidas-de-impuestos-por-echar-gasolina-al-fuego-cinco-dias\/"},"author":{"name":"Antonieta Castells Dolcet","@id":"https:\/\/www.cmalleida.com\/es\/#\/schema\/person\/7461453022a0d6ce41c1e530eb4443b4"},"headline":"El seguro carga contra las subidas de impuestos por \u201cechar gasolina al fuego\u201d (Cinco D\u00edas)","datePublished":"2021-05-14T08:49:15+00:00","mainEntityOfPage":{"@id":"https:\/\/www.cmalleida.com\/es\/el-seguro-carga-contra-las-subidas-de-impuestos-por-echar-gasolina-al-fuego-cinco-dias\/"},"wordCount":365,"publisher":{"@id":"https:\/\/www.cmalleida.com\/es\/#organization"},"image":{"@id":"https:\/\/www.cmalleida.com\/es\/el-seguro-carga-contra-las-subidas-de-impuestos-por-echar-gasolina-al-fuego-cinco-dias\/#primaryimage"},"thumbnailUrl":"https:\/\/www.cmalleida.com\/wp-content\/uploads\/cmall-lleida-actualitat-daus762.jpg","articleSection":["Actualidad"],"inLanguage":"es"},{"@type":"WebPage","@id":"https:\/\/www.cmalleida.com\/es\/el-seguro-carga-contra-las-subidas-de-impuestos-por-echar-gasolina-al-fuego-cinco-dias\/","url":"https:\/\/www.cmalleida.com\/es\/el-seguro-carga-contra-las-subidas-de-impuestos-por-echar-gasolina-al-fuego-cinco-dias\/","name":"El seguro carga contra las subidas de impuestos por \u201cechar gasolina al fuego\u201d (Cinco D\u00edas) - Col\u00b7legi de Mediadors d&#039;Assegurances de Lleida","isPartOf":{"@id":"https:\/\/www.cmalleida.com\/es\/#website"},"primaryImageOfPage":{"@id":"https:\/\/www.cmalleida.com\/es\/el-seguro-carga-contra-las-subidas-de-impuestos-por-echar-gasolina-al-fuego-cinco-dias\/#primaryimage"},"image":{"@id":"https:\/\/www.cmalleida.com\/es\/el-seguro-carga-contra-las-subidas-de-impuestos-por-echar-gasolina-al-fuego-cinco-dias\/#primaryimage"},"thumbnailUrl":"https:\/\/www.cmalleida.com\/wp-content\/uploads\/cmall-lleida-actualitat-daus762.jpg","datePublished":"2021-05-14T08:49:15+00:00","breadcrumb":{"@id":"https:\/\/www.cmalleida.com\/es\/el-seguro-carga-contra-las-subidas-de-impuestos-por-echar-gasolina-al-fuego-cinco-dias\/#breadcrumb"},"inLanguage":"es","potentialAction":[{"@type":"ReadAction","target":["https:\/\/www.cmalleida.com\/es\/el-seguro-carga-contra-las-subidas-de-impuestos-por-echar-gasolina-al-fuego-cinco-dias\/"]}]},{"@type":"ImageObject","inLanguage":"es","@id":"https:\/\/www.cmalleida.com\/es\/el-seguro-carga-contra-las-subidas-de-impuestos-por-echar-gasolina-al-fuego-cinco-dias\/#primaryimage","url":"https:\/\/www.cmalleida.com\/wp-content\/uploads\/cmall-lleida-actualitat-daus762.jpg","contentUrl":"https:\/\/www.cmalleida.com\/wp-content\/uploads\/cmall-lleida-actualitat-daus762.jpg","width":762,"height":762,"caption":"cmall-lleida-actualitat-DAUS762"},{"@type":"BreadcrumbList","@id":"https:\/\/www.cmalleida.com\/es\/el-seguro-carga-contra-las-subidas-de-impuestos-por-echar-gasolina-al-fuego-cinco-dias\/#breadcrumb","itemListElement":[{"@type":"ListItem","position":1,"name":"Inici","item":"https:\/\/www.cmalleida.com\/es\/"},{"@type":"ListItem","position":2,"name":"El seguro carga contra las subidas de impuestos por \u201cechar gasolina al fuego\u201d (Cinco D\u00edas)"}]},{"@type":"WebSite","@id":"https:\/\/www.cmalleida.com\/es\/#website","url":"https:\/\/www.cmalleida.com\/es\/","name":"Col\u00b7legi de Mediadors d&#039;Assegurances de Lleida","description":"Otro sitio realizado con WordPress","publisher":{"@id":"https:\/\/www.cmalleida.com\/es\/#organization"},"potentialAction":[{"@type":"SearchAction","target":{"@type":"EntryPoint","urlTemplate":"https:\/\/www.cmalleida.com\/es\/?s={search_term_string}"},"query-input":{"@type":"PropertyValueSpecification","valueRequired":true,"valueName":"search_term_string"}}],"inLanguage":"es"},{"@type":"Organization","@id":"https:\/\/www.cmalleida.com\/es\/#organization","name":"Col\u00b7legi de Mediadors d'Assegurances de Lleida","url":"https:\/\/www.cmalleida.com\/es\/","logo":{"@type":"ImageObject","inLanguage":"es","@id":"https:\/\/www.cmalleida.com\/es\/#\/schema\/logo\/image\/","url":"","contentUrl":"","caption":"Col\u00b7legi de Mediadors d'Assegurances de Lleida"},"image":{"@id":"https:\/\/www.cmalleida.com\/es\/#\/schema\/logo\/image\/"}},{"@type":"Person","@id":"https:\/\/www.cmalleida.com\/es\/#\/schema\/person\/7461453022a0d6ce41c1e530eb4443b4","name":"Antonieta Castells Dolcet","image":{"@type":"ImageObject","inLanguage":"es","@id":"https:\/\/secure.gravatar.com\/avatar\/7738df9a8ff2d12e8b37d088ff0e3e36016e57ab29e5db27ba4fb758a81ea3cb?s=96&d=mm&r=g","url":"https:\/\/secure.gravatar.com\/avatar\/7738df9a8ff2d12e8b37d088ff0e3e36016e57ab29e5db27ba4fb758a81ea3cb?s=96&d=mm&r=g","contentUrl":"https:\/\/secure.gravatar.com\/avatar\/7738df9a8ff2d12e8b37d088ff0e3e36016e57ab29e5db27ba4fb758a81ea3cb?s=96&d=mm&r=g","caption":"Antonieta Castells Dolcet"},"sameAs":["http:\/\/www.cmalleida.com"]}]}},"_links":{"self":[{"href":"https:\/\/www.cmalleida.com\/es\/wp-json\/wp\/v2\/posts\/8825","targetHints":{"allow":["GET"]}}],"collection":[{"href":"https:\/\/www.cmalleida.com\/es\/wp-json\/wp\/v2\/posts"}],"about":[{"href":"https:\/\/www.cmalleida.com\/es\/wp-json\/wp\/v2\/types\/post"}],"author":[{"embeddable":true,"href":"https:\/\/www.cmalleida.com\/es\/wp-json\/wp\/v2\/users\/149"}],"replies":[{"embeddable":true,"href":"https:\/\/www.cmalleida.com\/es\/wp-json\/wp\/v2\/comments?post=8825"}],"version-history":[{"count":1,"href":"https:\/\/www.cmalleida.com\/es\/wp-json\/wp\/v2\/posts\/8825\/revisions"}],"predecessor-version":[{"id":8826,"href":"https:\/\/www.cmalleida.com\/es\/wp-json\/wp\/v2\/posts\/8825\/revisions\/8826"}],"wp:featuredmedia":[{"embeddable":true,"href":"https:\/\/www.cmalleida.com\/es\/wp-json\/wp\/v2\/media\/1873"}],"wp:attachment":[{"href":"https:\/\/www.cmalleida.com\/es\/wp-json\/wp\/v2\/media?parent=8825"}],"wp:term":[{"taxonomy":"category","embeddable":true,"href":"https:\/\/www.cmalleida.com\/es\/wp-json\/wp\/v2\/categories?post=8825"},{"taxonomy":"post_tag","embeddable":true,"href":"https:\/\/www.cmalleida.com\/es\/wp-json\/wp\/v2\/tags?post=8825"}],"curies":[{"name":"wp","href":"https:\/\/api.w.org\/{rel}","templated":true}]}}