{"id":8799,"date":"2021-05-12T11:04:09","date_gmt":"2021-05-12T09:04:09","guid":{"rendered":"https:\/\/www.cmalleida.com\/?p=8799"},"modified":"2021-05-12T11:04:09","modified_gmt":"2021-05-12T09:04:09","slug":"javier-barbera-recoge-el-premio-forinvest2021","status":"publish","type":"post","link":"https:\/\/www.cmalleida.com\/es\/javier-barbera-recoge-el-premio-forinvest2021\/","title":{"rendered":"Javier Barber\u00e1 recoge el premio Forinvest2021"},"content":{"rendered":"<p>Javier Barber\u00e1, presidente del Colegio de Mediadores de Seguros de Lleida y del Consejo General de Mediadores, recogi\u00f3 el premio Forinvest2021 en nombre de todo el sector asegurador.<\/p>\n<p>Con este premio, el mayor espacio de negocio financiero-empresarial del pa\u00eds distingue la labor realizada por el sector asegurador durante un a\u00f1o complicado de pandemia y el que ha jugado un papel fundamental para dar servicio y facilitar soluciones como moratorias de hipotecas, gesti\u00f3n de los avales del ICO, anticipos de pensiones, prestaciones por desempleo o gesti\u00f3n de seguros. Todas ellas, iniciativas que han resultado esenciales para el sector, en particular, y la sociedad, en general.<\/p>\n<p>Barber\u00e1 destaca que es especialmente significativo que se haya elegido a la mediaci\u00f3n como elemento aglutinador de todo un sector tan importante para la econom\u00eda del pa\u00eds y ha hecho extensivo este premio a los clientes ya su confianza, ya que es la clave en la actividad de todo el sector.<\/p>\n<p>Puede ver la entrega del premio en el siguiente enlace:\u00a0 <a href=\"https:\/\/www.youtube.com\/watch?v=mniY32RW8MU\">https:\/\/www.youtube.com\/watch?v=mniY32RW8MU<\/a><\/p>\n","protected":false},"excerpt":{"rendered":"<p>Javier Barber\u00e1, presidente del Colegio de Mediadores de Seguros de Lleida y del Consejo General de Mediadores, recogi\u00f3 el premio Forinvest2021 en nombre de todo&#8230; <a href=\"https:\/\/www.cmalleida.com\/es\/javier-barbera-recoge-el-premio-forinvest2021\/\" rel=\"nofollow\" class=\"lollegirmes\">Llegeix m\u00e9s<\/a><\/p>\n","protected":false},"author":149,"featured_media":8797,"comment_status":"closed","ping_status":"closed","sticky":false,"template":"","format":"standard","meta":{"_acf_changed":false,"_genesis_hide_title":false,"_genesis_hide_breadcrumbs":false,"_genesis_hide_singular_image":false,"_genesis_hide_footer_widgets":false,"_genesis_custom_body_class":"","_genesis_custom_post_class":"","_genesis_layout":"","footnotes":""},"categories":[28,101],"tags":[],"class_list":{"0":"post-8799","1":"post","2":"type-post","3":"status-publish","4":"format-standard","5":"has-post-thumbnail","7":"category-actualidad","8":"category-recortes-de-prensa","9":"entry"},"acf":[],"yoast_head":"<!-- This site is optimized with the Yoast SEO plugin v27.2 - https:\/\/yoast.com\/product\/yoast-seo-wordpress\/ -->\n<title>Javier Barber\u00e1 recoge el premio Forinvest2021 - Col\u00b7legi de Mediadors d&#039;Assegurances de Lleida<\/title>\n<meta name=\"robots\" content=\"index, follow, max-snippet:-1, max-image-preview:large, max-video-preview:-1\" \/>\n<link rel=\"canonical\" href=\"https:\/\/www.cmalleida.com\/es\/javier-barbera-recoge-el-premio-forinvest2021\/\" \/>\n<meta property=\"og:locale\" content=\"es_ES\" \/>\n<meta property=\"og:type\" content=\"article\" \/>\n<meta property=\"og:title\" content=\"Javier Barber\u00e1 recoge el premio Forinvest2021 - Col\u00b7legi de Mediadors d&#039;Assegurances de Lleida\" \/>\n<meta property=\"og:description\" content=\"Javier Barber\u00e1, presidente del Colegio de Mediadores de Seguros de Lleida y del Consejo General de Mediadores, recogi\u00f3 el premio Forinvest2021 en nombre de todo... Llegeix m\u00e9s\" \/>\n<meta property=\"og:url\" content=\"https:\/\/www.cmalleida.com\/es\/javier-barbera-recoge-el-premio-forinvest2021\/\" \/>\n<meta property=\"og:site_name\" content=\"Col\u00b7legi de Mediadors d&#039;Assegurances de Lleida\" \/>\n<meta property=\"article:published_time\" content=\"2021-05-12T09:04:09+00:00\" \/>\n<meta property=\"og:image\" content=\"https:\/\/www.cmalleida.com\/wp-content\/uploads\/captura-de-pantalla-2021-05-12-a-les-9-17-51.png\" \/>\n\t<meta property=\"og:image:width\" content=\"1438\" \/>\n\t<meta property=\"og:image:height\" content=\"784\" \/>\n\t<meta property=\"og:image:type\" content=\"image\/png\" \/>\n<meta name=\"author\" content=\"Antonieta Castells Dolcet\" \/>\n<meta name=\"twitter:card\" content=\"summary_large_image\" \/>\n<meta name=\"twitter:label1\" content=\"Written by\" \/>\n\t<meta name=\"twitter:data1\" content=\"Antonieta Castells Dolcet\" \/>\n\t<meta name=\"twitter:label2\" content=\"Est. reading time\" \/>\n\t<meta name=\"twitter:data2\" content=\"1 minuto\" \/>\n<script type=\"application\/ld+json\" class=\"yoast-schema-graph\">{\"@context\":\"https:\/\/schema.org\",\"@graph\":[{\"@type\":\"Article\",\"@id\":\"https:\/\/www.cmalleida.com\/es\/javier-barbera-recoge-el-premio-forinvest2021\/#article\",\"isPartOf\":{\"@id\":\"https:\/\/www.cmalleida.com\/es\/javier-barbera-recoge-el-premio-forinvest2021\/\"},\"author\":{\"name\":\"Antonieta Castells Dolcet\",\"@id\":\"https:\/\/www.cmalleida.com\/es\/#\/schema\/person\/7461453022a0d6ce41c1e530eb4443b4\"},\"headline\":\"Javier Barber\u00e1 recoge el premio Forinvest2021\",\"datePublished\":\"2021-05-12T09:04:09+00:00\",\"mainEntityOfPage\":{\"@id\":\"https:\/\/www.cmalleida.com\/es\/javier-barbera-recoge-el-premio-forinvest2021\/\"},\"wordCount\":187,\"publisher\":{\"@id\":\"https:\/\/www.cmalleida.com\/es\/#organization\"},\"image\":{\"@id\":\"https:\/\/www.cmalleida.com\/es\/javier-barbera-recoge-el-premio-forinvest2021\/#primaryimage\"},\"thumbnailUrl\":\"https:\/\/www.cmalleida.com\/wp-content\/uploads\/captura-de-pantalla-2021-05-12-a-les-9-17-51.png\",\"articleSection\":[\"Actualidad\",\"Recopilaciones de Prensa\"],\"inLanguage\":\"es\"},{\"@type\":\"WebPage\",\"@id\":\"https:\/\/www.cmalleida.com\/es\/javier-barbera-recoge-el-premio-forinvest2021\/\",\"url\":\"https:\/\/www.cmalleida.com\/es\/javier-barbera-recoge-el-premio-forinvest2021\/\",\"name\":\"Javier Barber\u00e1 recoge el premio Forinvest2021 - Col\u00b7legi de Mediadors d&#039;Assegurances de Lleida\",\"isPartOf\":{\"@id\":\"https:\/\/www.cmalleida.com\/es\/#website\"},\"primaryImageOfPage\":{\"@id\":\"https:\/\/www.cmalleida.com\/es\/javier-barbera-recoge-el-premio-forinvest2021\/#primaryimage\"},\"image\":{\"@id\":\"https:\/\/www.cmalleida.com\/es\/javier-barbera-recoge-el-premio-forinvest2021\/#primaryimage\"},\"thumbnailUrl\":\"https:\/\/www.cmalleida.com\/wp-content\/uploads\/captura-de-pantalla-2021-05-12-a-les-9-17-51.png\",\"datePublished\":\"2021-05-12T09:04:09+00:00\",\"breadcrumb\":{\"@id\":\"https:\/\/www.cmalleida.com\/es\/javier-barbera-recoge-el-premio-forinvest2021\/#breadcrumb\"},\"inLanguage\":\"es\",\"potentialAction\":[{\"@type\":\"ReadAction\",\"target\":[\"https:\/\/www.cmalleida.com\/es\/javier-barbera-recoge-el-premio-forinvest2021\/\"]}]},{\"@type\":\"ImageObject\",\"inLanguage\":\"es\",\"@id\":\"https:\/\/www.cmalleida.com\/es\/javier-barbera-recoge-el-premio-forinvest2021\/#primaryimage\",\"url\":\"https:\/\/www.cmalleida.com\/wp-content\/uploads\/captura-de-pantalla-2021-05-12-a-les-9-17-51.png\",\"contentUrl\":\"https:\/\/www.cmalleida.com\/wp-content\/uploads\/captura-de-pantalla-2021-05-12-a-les-9-17-51.png\",\"width\":1438,\"height\":784,\"caption\":\"Captura de pantalla 2021-05-12 a les 9.17.51\"},{\"@type\":\"BreadcrumbList\",\"@id\":\"https:\/\/www.cmalleida.com\/es\/javier-barbera-recoge-el-premio-forinvest2021\/#breadcrumb\",\"itemListElement\":[{\"@type\":\"ListItem\",\"position\":1,\"name\":\"Inici\",\"item\":\"https:\/\/www.cmalleida.com\/es\/\"},{\"@type\":\"ListItem\",\"position\":2,\"name\":\"Javier Barber\u00e1 recoge el premio Forinvest2021\"}]},{\"@type\":\"WebSite\",\"@id\":\"https:\/\/www.cmalleida.com\/es\/#website\",\"url\":\"https:\/\/www.cmalleida.com\/es\/\",\"name\":\"Col\u00b7legi de Mediadors d&#039;Assegurances de Lleida\",\"description\":\"Otro sitio realizado con WordPress\",\"publisher\":{\"@id\":\"https:\/\/www.cmalleida.com\/es\/#organization\"},\"potentialAction\":[{\"@type\":\"SearchAction\",\"target\":{\"@type\":\"EntryPoint\",\"urlTemplate\":\"https:\/\/www.cmalleida.com\/es\/?s={search_term_string}\"},\"query-input\":{\"@type\":\"PropertyValueSpecification\",\"valueRequired\":true,\"valueName\":\"search_term_string\"}}],\"inLanguage\":\"es\"},{\"@type\":\"Organization\",\"@id\":\"https:\/\/www.cmalleida.com\/es\/#organization\",\"name\":\"Col\u00b7legi de Mediadors d'Assegurances de Lleida\",\"url\":\"https:\/\/www.cmalleida.com\/es\/\",\"logo\":{\"@type\":\"ImageObject\",\"inLanguage\":\"es\",\"@id\":\"https:\/\/www.cmalleida.com\/es\/#\/schema\/logo\/image\/\",\"url\":\"\",\"contentUrl\":\"\",\"caption\":\"Col\u00b7legi de Mediadors d'Assegurances de Lleida\"},\"image\":{\"@id\":\"https:\/\/www.cmalleida.com\/es\/#\/schema\/logo\/image\/\"}},{\"@type\":\"Person\",\"@id\":\"https:\/\/www.cmalleida.com\/es\/#\/schema\/person\/7461453022a0d6ce41c1e530eb4443b4\",\"name\":\"Antonieta Castells Dolcet\",\"image\":{\"@type\":\"ImageObject\",\"inLanguage\":\"es\",\"@id\":\"https:\/\/secure.gravatar.com\/avatar\/7738df9a8ff2d12e8b37d088ff0e3e36016e57ab29e5db27ba4fb758a81ea3cb?s=96&d=mm&r=g\",\"url\":\"https:\/\/secure.gravatar.com\/avatar\/7738df9a8ff2d12e8b37d088ff0e3e36016e57ab29e5db27ba4fb758a81ea3cb?s=96&d=mm&r=g\",\"contentUrl\":\"https:\/\/secure.gravatar.com\/avatar\/7738df9a8ff2d12e8b37d088ff0e3e36016e57ab29e5db27ba4fb758a81ea3cb?s=96&d=mm&r=g\",\"caption\":\"Antonieta Castells Dolcet\"},\"sameAs\":[\"http:\/\/www.cmalleida.com\"]}]}<\/script>\n<!-- \/ Yoast SEO plugin. -->","yoast_head_json":{"title":"Javier Barber\u00e1 recoge el premio Forinvest2021 - Col\u00b7legi de Mediadors d&#039;Assegurances de Lleida","robots":{"index":"index","follow":"follow","max-snippet":"max-snippet:-1","max-image-preview":"max-image-preview:large","max-video-preview":"max-video-preview:-1"},"canonical":"https:\/\/www.cmalleida.com\/es\/javier-barbera-recoge-el-premio-forinvest2021\/","og_locale":"es_ES","og_type":"article","og_title":"Javier Barber\u00e1 recoge el premio Forinvest2021 - Col\u00b7legi de Mediadors d&#039;Assegurances de Lleida","og_description":"Javier Barber\u00e1, presidente del Colegio de Mediadores de Seguros de Lleida y del Consejo General de Mediadores, recogi\u00f3 el premio Forinvest2021 en nombre de todo... Llegeix m\u00e9s","og_url":"https:\/\/www.cmalleida.com\/es\/javier-barbera-recoge-el-premio-forinvest2021\/","og_site_name":"Col\u00b7legi de Mediadors d&#039;Assegurances de Lleida","article_published_time":"2021-05-12T09:04:09+00:00","og_image":[{"width":1438,"height":784,"url":"https:\/\/www.cmalleida.com\/wp-content\/uploads\/captura-de-pantalla-2021-05-12-a-les-9-17-51.png","type":"image\/png"}],"author":"Antonieta Castells Dolcet","twitter_card":"summary_large_image","twitter_misc":{"Written by":"Antonieta Castells Dolcet","Est. reading time":"1 minuto"},"schema":{"@context":"https:\/\/schema.org","@graph":[{"@type":"Article","@id":"https:\/\/www.cmalleida.com\/es\/javier-barbera-recoge-el-premio-forinvest2021\/#article","isPartOf":{"@id":"https:\/\/www.cmalleida.com\/es\/javier-barbera-recoge-el-premio-forinvest2021\/"},"author":{"name":"Antonieta Castells Dolcet","@id":"https:\/\/www.cmalleida.com\/es\/#\/schema\/person\/7461453022a0d6ce41c1e530eb4443b4"},"headline":"Javier Barber\u00e1 recoge el premio Forinvest2021","datePublished":"2021-05-12T09:04:09+00:00","mainEntityOfPage":{"@id":"https:\/\/www.cmalleida.com\/es\/javier-barbera-recoge-el-premio-forinvest2021\/"},"wordCount":187,"publisher":{"@id":"https:\/\/www.cmalleida.com\/es\/#organization"},"image":{"@id":"https:\/\/www.cmalleida.com\/es\/javier-barbera-recoge-el-premio-forinvest2021\/#primaryimage"},"thumbnailUrl":"https:\/\/www.cmalleida.com\/wp-content\/uploads\/captura-de-pantalla-2021-05-12-a-les-9-17-51.png","articleSection":["Actualidad","Recopilaciones de Prensa"],"inLanguage":"es"},{"@type":"WebPage","@id":"https:\/\/www.cmalleida.com\/es\/javier-barbera-recoge-el-premio-forinvest2021\/","url":"https:\/\/www.cmalleida.com\/es\/javier-barbera-recoge-el-premio-forinvest2021\/","name":"Javier Barber\u00e1 recoge el premio Forinvest2021 - Col\u00b7legi de Mediadors d&#039;Assegurances de Lleida","isPartOf":{"@id":"https:\/\/www.cmalleida.com\/es\/#website"},"primaryImageOfPage":{"@id":"https:\/\/www.cmalleida.com\/es\/javier-barbera-recoge-el-premio-forinvest2021\/#primaryimage"},"image":{"@id":"https:\/\/www.cmalleida.com\/es\/javier-barbera-recoge-el-premio-forinvest2021\/#primaryimage"},"thumbnailUrl":"https:\/\/www.cmalleida.com\/wp-content\/uploads\/captura-de-pantalla-2021-05-12-a-les-9-17-51.png","datePublished":"2021-05-12T09:04:09+00:00","breadcrumb":{"@id":"https:\/\/www.cmalleida.com\/es\/javier-barbera-recoge-el-premio-forinvest2021\/#breadcrumb"},"inLanguage":"es","potentialAction":[{"@type":"ReadAction","target":["https:\/\/www.cmalleida.com\/es\/javier-barbera-recoge-el-premio-forinvest2021\/"]}]},{"@type":"ImageObject","inLanguage":"es","@id":"https:\/\/www.cmalleida.com\/es\/javier-barbera-recoge-el-premio-forinvest2021\/#primaryimage","url":"https:\/\/www.cmalleida.com\/wp-content\/uploads\/captura-de-pantalla-2021-05-12-a-les-9-17-51.png","contentUrl":"https:\/\/www.cmalleida.com\/wp-content\/uploads\/captura-de-pantalla-2021-05-12-a-les-9-17-51.png","width":1438,"height":784,"caption":"Captura de pantalla 2021-05-12 a les 9.17.51"},{"@type":"BreadcrumbList","@id":"https:\/\/www.cmalleida.com\/es\/javier-barbera-recoge-el-premio-forinvest2021\/#breadcrumb","itemListElement":[{"@type":"ListItem","position":1,"name":"Inici","item":"https:\/\/www.cmalleida.com\/es\/"},{"@type":"ListItem","position":2,"name":"Javier Barber\u00e1 recoge el premio Forinvest2021"}]},{"@type":"WebSite","@id":"https:\/\/www.cmalleida.com\/es\/#website","url":"https:\/\/www.cmalleida.com\/es\/","name":"Col\u00b7legi de Mediadors d&#039;Assegurances de Lleida","description":"Otro sitio realizado con WordPress","publisher":{"@id":"https:\/\/www.cmalleida.com\/es\/#organization"},"potentialAction":[{"@type":"SearchAction","target":{"@type":"EntryPoint","urlTemplate":"https:\/\/www.cmalleida.com\/es\/?s={search_term_string}"},"query-input":{"@type":"PropertyValueSpecification","valueRequired":true,"valueName":"search_term_string"}}],"inLanguage":"es"},{"@type":"Organization","@id":"https:\/\/www.cmalleida.com\/es\/#organization","name":"Col\u00b7legi de Mediadors d'Assegurances de Lleida","url":"https:\/\/www.cmalleida.com\/es\/","logo":{"@type":"ImageObject","inLanguage":"es","@id":"https:\/\/www.cmalleida.com\/es\/#\/schema\/logo\/image\/","url":"","contentUrl":"","caption":"Col\u00b7legi de Mediadors d'Assegurances de Lleida"},"image":{"@id":"https:\/\/www.cmalleida.com\/es\/#\/schema\/logo\/image\/"}},{"@type":"Person","@id":"https:\/\/www.cmalleida.com\/es\/#\/schema\/person\/7461453022a0d6ce41c1e530eb4443b4","name":"Antonieta Castells Dolcet","image":{"@type":"ImageObject","inLanguage":"es","@id":"https:\/\/secure.gravatar.com\/avatar\/7738df9a8ff2d12e8b37d088ff0e3e36016e57ab29e5db27ba4fb758a81ea3cb?s=96&d=mm&r=g","url":"https:\/\/secure.gravatar.com\/avatar\/7738df9a8ff2d12e8b37d088ff0e3e36016e57ab29e5db27ba4fb758a81ea3cb?s=96&d=mm&r=g","contentUrl":"https:\/\/secure.gravatar.com\/avatar\/7738df9a8ff2d12e8b37d088ff0e3e36016e57ab29e5db27ba4fb758a81ea3cb?s=96&d=mm&r=g","caption":"Antonieta Castells Dolcet"},"sameAs":["http:\/\/www.cmalleida.com"]}]}},"_links":{"self":[{"href":"https:\/\/www.cmalleida.com\/es\/wp-json\/wp\/v2\/posts\/8799","targetHints":{"allow":["GET"]}}],"collection":[{"href":"https:\/\/www.cmalleida.com\/es\/wp-json\/wp\/v2\/posts"}],"about":[{"href":"https:\/\/www.cmalleida.com\/es\/wp-json\/wp\/v2\/types\/post"}],"author":[{"embeddable":true,"href":"https:\/\/www.cmalleida.com\/es\/wp-json\/wp\/v2\/users\/149"}],"replies":[{"embeddable":true,"href":"https:\/\/www.cmalleida.com\/es\/wp-json\/wp\/v2\/comments?post=8799"}],"version-history":[{"count":1,"href":"https:\/\/www.cmalleida.com\/es\/wp-json\/wp\/v2\/posts\/8799\/revisions"}],"predecessor-version":[{"id":8800,"href":"https:\/\/www.cmalleida.com\/es\/wp-json\/wp\/v2\/posts\/8799\/revisions\/8800"}],"wp:featuredmedia":[{"embeddable":true,"href":"https:\/\/www.cmalleida.com\/es\/wp-json\/wp\/v2\/media\/8797"}],"wp:attachment":[{"href":"https:\/\/www.cmalleida.com\/es\/wp-json\/wp\/v2\/media?parent=8799"}],"wp:term":[{"taxonomy":"category","embeddable":true,"href":"https:\/\/www.cmalleida.com\/es\/wp-json\/wp\/v2\/categories?post=8799"},{"taxonomy":"post_tag","embeddable":true,"href":"https:\/\/www.cmalleida.com\/es\/wp-json\/wp\/v2\/tags?post=8799"}],"curies":[{"name":"wp","href":"https:\/\/api.w.org\/{rel}","templated":true}]}}