{"id":8661,"date":"2021-04-16T09:49:57","date_gmt":"2021-04-16T07:49:57","guid":{"rendered":"https:\/\/www.cmalleida.com\/?p=8661"},"modified":"2021-04-16T09:49:57","modified_gmt":"2021-04-16T07:49:57","slug":"crecen-las-peticiones-de-un-seguro-obligatorio-para-patinetes-tras-dos-accidentes-mortales-la-vanguardia","status":"publish","type":"post","link":"https:\/\/www.cmalleida.com\/es\/crecen-las-peticiones-de-un-seguro-obligatorio-para-patinetes-tras-dos-accidentes-mortales-la-vanguardia\/","title":{"rendered":"Crecen las peticiones de un seguro obligatorio para patinetes tras dos accidentes mortales (La Vanguardia)"},"content":{"rendered":"<header class=\"article-top-header col-12\">\n<div class=\"article-top\">\n<div class=\"article-top-titles\">\n<div class=\"title-container\">\n<h4 class=\"title\"><span style=\"font-size: 16px;\">Los mediadores se suman a las peticiones y reclaman una normativa m\u00e1s homog\u00e9nea en todo el pa\u00eds<\/span><\/h4>\n<\/div>\n<\/div>\n<div class=\"article-media-main\">\n<figure class=\"composite-image image-container \" data-gtm-element-container=\"button-gallery\"><a href=\"https:\/\/www.lavanguardia.com\/autores\/enric-freire.html\" data-gtm-element=\"container-child-link\">ENRIC FREIRE<\/a><\/figure>\n<\/div>\n<\/div>\n<\/header>\n<div class=\"article-content col-12 col-md-8\">\n<div class=\"article-info\">\n<div class=\"author-date-content\">\n<div class=\"author-date-time\">\n<div class=\"date-time\"><time class=\"created\" datetime=\"2021-04-14T07:30:00+02:00\">14\/04\/2021 07:30<\/time><time class=\"modified\" datetime=\"2021-04-14T08:49:38+02:00\">Actualizado a 14\/04\/2021 08:49<\/time><\/div>\n<\/div>\n<\/div>\n<div class=\"social-buttons social-share\" data-gtm-element=\"leaf-social-share-top\">\n<div class=\"social-right\"><\/div>\n<\/div>\n<\/div>\n<div class=\"article-modules\">\n<p class=\"paragraph\" data-gtm-element-container=\"modulo-texto-link\">El mes de marzo ha sido aciago en la siniestralidad del patinete el\u00e9ctrico. Dos personas, una en Madrid y otra en Barcelona, perdieron la vida en dos accidentes en los que estuvieron implicados patinetes el\u00e9ctricos, el veh\u00edculo de movilidad personal (VMP) de moda. En 2020, un estudio de la Fundaci\u00f3n Mapfre revela que seis personas perdieron la vida en accidentes de este tipo de veh\u00edculos, una v\u00edctima mortal m\u00e1s que en 2019.\u00a0 El pasado lunes,<a href=\"https:\/\/www.lavanguardia.com\/local\/barcelona\/20210412\/6646283\/nina-mujer-heridas-dos-atropellos-patinetes-electricos-barcelona.html\" target=\"_blank\" rel=\"noopener noreferrer\" data-gtm-element=\"container-child-link\">\u00a0Barcelona fue el escenario de dos atropellos\u00a0 protagonizados por patinetes el\u00e9ctricos<\/a>.<\/p>\n<p class=\"paragraph\" data-gtm-element-container=\"modulo-texto-link\">Los mediadores de seguros, a trav\u00e9s del Consejo General que representa a todos los colegios provinciales de agentes y corredores, reclaman cambios en la normativa que regula el uso de los patinetes el\u00e9ctricos. Estos expertos en riesgos consideran que el seguro obligatorio \u201ces la manera m\u00e1s r\u00e1pida y sencilla de compensar a las v\u00edctimas de los accidentes causados por estos veh\u00edculos\u201d, seg\u00fan aseguran en un comunicado oficial.<\/p>\n<p class=\"paragraph\" data-gtm-element-container=\"modulo-texto-link\">La Direcci\u00f3n General de Tr\u00e1fico (DGT) fij\u00f3 a principios de a\u00f1o una serie de normas como las v\u00edas por las que pueden circular estos veh\u00edculos y su velocidad m\u00e1xima, pero dej\u00f3 en el aire otras cuestiones y entre ellas la obligatoriedad de contratar una p\u00f3liza de responsabilidad civil para cubrir los da\u00f1os causados a terceros, como sucede con los coches y las embarcaciones, en este caso a partir de unas dimensiones m\u00ednimas.<\/p>\n<p class=\"paragraph\" data-gtm-element-container=\"modulo-texto-link\">El peso regulatorio de los VMP recae en los ayuntamientos, lo que ha provocado diferencias en funci\u00f3n de la localidad. Hasta el punto de que Benidorm, Alicante y Pozuelo de Alarc\u00f3n ya exigen la contrataci\u00f3n de un seguro, algo que Barcelona ha anunciado de cara al pr\u00f3ximo a\u00f1o.<\/p>\n<picture><\/picture>\n<p class=\"paragraph\" data-gtm-element-container=\"modulo-texto-link\">Madrid, Sevilla, Valencia, Bilbao y Pamplona tambi\u00e9n cuentan con una normativa propia, pero en ninguno de estos casos se incorpora la exigencia de un seguro. Los mediadores aseguran que \u201cotros muchos municipios est\u00e1n en v\u00eda de incorporar esta obligatoriedad\u201d. En opini\u00f3n del Consejo General \u201cla actual situaci\u00f3n obliga a estar atentos a las ordenanzas municipales de cada poblaci\u00f3n, habitualmente diferentes, lo que genera confusi\u00f3n tanto para los usuarios como para los mediadores en el ejercicio de su profesi\u00f3n\u201d.<\/p>\n<h4 class=\"subtitle\">En caso de accidente<\/h4>\n<h4 class=\"subtitle\">\u00bfQu\u00e9 pasa cu\u00e1ndo no hay seguro?<\/h4>\n<p class=\"paragraph\" data-gtm-element-container=\"modulo-texto-link\">El pasado 14 de marzo falleci\u00f3 en Barcelona el conductor de un patinete el\u00e9ctrico que choc\u00f3 con un taxi en la confluencia de la calle Ausi\u00e0s March y el Passeig Sant Joan. Dos d\u00edas despu\u00e9s, mor\u00eda en Madrid una mujer despu\u00e9s de ser atropellada dos d\u00edas antes por un patinete el\u00e9ctrico cuyo conductor se dio a la fuga. Testigos de este accidente aseguraron que el VMP circulaba a gran velocidad por el carril-bici del parque de la Cu\u00f1a Verde. La v\u00edctima, de 79 a\u00f1os, paseaba junto a su marido, se golpe\u00f3 la cabeza contra el suelo tras ser arrollada.<\/p>\n<p class=\"paragraph\" data-gtm-element-container=\"modulo-texto-link\">En los casos en los que no existe seguro o si el conductor se fuga, los mediadores apuntan que el Consorcio de Compensaci\u00f3n de Seguros \u201cpodr\u00eda llegar a hacerse cargo de los da\u00f1os si se acreditan convenientemente los hechos\u201d.<\/p>\n<p class=\"paragraph\" data-gtm-element-container=\"modulo-texto-link\">Aunque no exista un seguro obligatorio para los patinetes el\u00e9ctricos, muchos usuarios est\u00e1n cubiertos gracias al \u201cseguro del contenido de su vivienda en una p\u00f3liza multirriesgo del hogar\u201d, explican desde el Consejo General. La mayor\u00eda de estos seguros ofrecen a una cobertura de responsabilidad civil al asegurado y al resto de los convivientes que son aplicable en los accidentes con patinete o bicicleta, por ejemplo.<\/p>\n<\/div>\n<\/div>\n","protected":false},"excerpt":{"rendered":"<p>Los mediadores se suman a las peticiones y reclaman una normativa m\u00e1s homog\u00e9nea en todo el pa\u00eds ENRIC FREIRE 14\/04\/2021 07:30Actualizado a 14\/04\/2021 08:49 El&#8230; <a href=\"https:\/\/www.cmalleida.com\/es\/crecen-las-peticiones-de-un-seguro-obligatorio-para-patinetes-tras-dos-accidentes-mortales-la-vanguardia\/\" rel=\"nofollow\" class=\"lollegirmes\">Llegeix m\u00e9s<\/a><\/p>\n","protected":false},"author":149,"featured_media":8659,"comment_status":"closed","ping_status":"closed","sticky":false,"template":"","format":"standard","meta":{"_acf_changed":false,"_genesis_hide_title":false,"_genesis_hide_breadcrumbs":false,"_genesis_hide_singular_image":false,"_genesis_hide_footer_widgets":false,"_genesis_custom_body_class":"","_genesis_custom_post_class":"","_genesis_layout":"","footnotes":""},"categories":[28,62],"tags":[],"class_list":{"0":"post-8661","1":"post","2":"type-post","3":"status-publish","4":"format-standard","5":"has-post-thumbnail","7":"category-actualidad","8":"category-sinistres-es","9":"entry"},"acf":[],"yoast_head":"<!-- This site is optimized with the Yoast SEO plugin v27.2 - https:\/\/yoast.com\/product\/yoast-seo-wordpress\/ -->\n<title>Crecen las peticiones de un seguro obligatorio para patinetes tras dos accidentes mortales (La Vanguardia) - Col\u00b7legi de Mediadors d&#039;Assegurances de Lleida<\/title>\n<meta name=\"robots\" content=\"index, follow, max-snippet:-1, max-image-preview:large, max-video-preview:-1\" \/>\n<link rel=\"canonical\" href=\"https:\/\/www.cmalleida.com\/es\/crecen-las-peticiones-de-un-seguro-obligatorio-para-patinetes-tras-dos-accidentes-mortales-la-vanguardia\/\" \/>\n<meta property=\"og:locale\" content=\"es_ES\" \/>\n<meta property=\"og:type\" content=\"article\" \/>\n<meta property=\"og:title\" content=\"Crecen las peticiones de un seguro obligatorio para patinetes tras dos accidentes mortales (La Vanguardia) - Col\u00b7legi de Mediadors d&#039;Assegurances de Lleida\" \/>\n<meta property=\"og:description\" content=\"Los mediadores se suman a las peticiones y reclaman una normativa m\u00e1s homog\u00e9nea en todo el pa\u00eds ENRIC FREIRE 14\/04\/2021 07:30Actualizado a 14\/04\/2021 08:49 El... Llegeix m\u00e9s\" \/>\n<meta property=\"og:url\" content=\"https:\/\/www.cmalleida.com\/es\/crecen-las-peticiones-de-un-seguro-obligatorio-para-patinetes-tras-dos-accidentes-mortales-la-vanguardia\/\" \/>\n<meta property=\"og:site_name\" content=\"Col\u00b7legi de Mediadors d&#039;Assegurances de Lleida\" \/>\n<meta property=\"article:published_time\" content=\"2021-04-16T07:49:57+00:00\" \/>\n<meta property=\"og:image\" content=\"https:\/\/www.cmalleida.com\/wp-content\/uploads\/captura-43.png\" \/>\n\t<meta property=\"og:image:width\" content=\"378\" \/>\n\t<meta property=\"og:image:height\" content=\"373\" \/>\n\t<meta property=\"og:image:type\" content=\"image\/png\" \/>\n<meta name=\"author\" content=\"Antonieta Castells Dolcet\" \/>\n<meta name=\"twitter:card\" content=\"summary_large_image\" \/>\n<meta name=\"twitter:label1\" content=\"Written by\" \/>\n\t<meta name=\"twitter:data1\" content=\"Antonieta Castells Dolcet\" \/>\n\t<meta name=\"twitter:label2\" content=\"Est. reading time\" \/>\n\t<meta name=\"twitter:data2\" content=\"3 minutos\" \/>\n<script type=\"application\/ld+json\" class=\"yoast-schema-graph\">{\"@context\":\"https:\/\/schema.org\",\"@graph\":[{\"@type\":\"Article\",\"@id\":\"https:\/\/www.cmalleida.com\/es\/crecen-las-peticiones-de-un-seguro-obligatorio-para-patinetes-tras-dos-accidentes-mortales-la-vanguardia\/#article\",\"isPartOf\":{\"@id\":\"https:\/\/www.cmalleida.com\/es\/crecen-las-peticiones-de-un-seguro-obligatorio-para-patinetes-tras-dos-accidentes-mortales-la-vanguardia\/\"},\"author\":{\"name\":\"Antonieta Castells Dolcet\",\"@id\":\"https:\/\/www.cmalleida.com\/es\/#\/schema\/person\/7461453022a0d6ce41c1e530eb4443b4\"},\"headline\":\"Crecen las peticiones de un seguro obligatorio para patinetes tras dos accidentes mortales (La Vanguardia)\",\"datePublished\":\"2021-04-16T07:49:57+00:00\",\"mainEntityOfPage\":{\"@id\":\"https:\/\/www.cmalleida.com\/es\/crecen-las-peticiones-de-un-seguro-obligatorio-para-patinetes-tras-dos-accidentes-mortales-la-vanguardia\/\"},\"wordCount\":655,\"publisher\":{\"@id\":\"https:\/\/www.cmalleida.com\/es\/#organization\"},\"image\":{\"@id\":\"https:\/\/www.cmalleida.com\/es\/crecen-las-peticiones-de-un-seguro-obligatorio-para-patinetes-tras-dos-accidentes-mortales-la-vanguardia\/#primaryimage\"},\"thumbnailUrl\":\"https:\/\/www.cmalleida.com\/wp-content\/uploads\/captura-43.png\",\"articleSection\":[\"Actualidad\",\"Sinistres\"],\"inLanguage\":\"es\"},{\"@type\":\"WebPage\",\"@id\":\"https:\/\/www.cmalleida.com\/es\/crecen-las-peticiones-de-un-seguro-obligatorio-para-patinetes-tras-dos-accidentes-mortales-la-vanguardia\/\",\"url\":\"https:\/\/www.cmalleida.com\/es\/crecen-las-peticiones-de-un-seguro-obligatorio-para-patinetes-tras-dos-accidentes-mortales-la-vanguardia\/\",\"name\":\"Crecen las peticiones de un seguro obligatorio para patinetes tras dos accidentes mortales (La Vanguardia) - Col\u00b7legi de Mediadors d&#039;Assegurances de Lleida\",\"isPartOf\":{\"@id\":\"https:\/\/www.cmalleida.com\/es\/#website\"},\"primaryImageOfPage\":{\"@id\":\"https:\/\/www.cmalleida.com\/es\/crecen-las-peticiones-de-un-seguro-obligatorio-para-patinetes-tras-dos-accidentes-mortales-la-vanguardia\/#primaryimage\"},\"image\":{\"@id\":\"https:\/\/www.cmalleida.com\/es\/crecen-las-peticiones-de-un-seguro-obligatorio-para-patinetes-tras-dos-accidentes-mortales-la-vanguardia\/#primaryimage\"},\"thumbnailUrl\":\"https:\/\/www.cmalleida.com\/wp-content\/uploads\/captura-43.png\",\"datePublished\":\"2021-04-16T07:49:57+00:00\",\"breadcrumb\":{\"@id\":\"https:\/\/www.cmalleida.com\/es\/crecen-las-peticiones-de-un-seguro-obligatorio-para-patinetes-tras-dos-accidentes-mortales-la-vanguardia\/#breadcrumb\"},\"inLanguage\":\"es\",\"potentialAction\":[{\"@type\":\"ReadAction\",\"target\":[\"https:\/\/www.cmalleida.com\/es\/crecen-las-peticiones-de-un-seguro-obligatorio-para-patinetes-tras-dos-accidentes-mortales-la-vanguardia\/\"]}]},{\"@type\":\"ImageObject\",\"inLanguage\":\"es\",\"@id\":\"https:\/\/www.cmalleida.com\/es\/crecen-las-peticiones-de-un-seguro-obligatorio-para-patinetes-tras-dos-accidentes-mortales-la-vanguardia\/#primaryimage\",\"url\":\"https:\/\/www.cmalleida.com\/wp-content\/uploads\/captura-43.png\",\"contentUrl\":\"https:\/\/www.cmalleida.com\/wp-content\/uploads\/captura-43.png\",\"width\":378,\"height\":373,\"caption\":\"patinet\"},{\"@type\":\"BreadcrumbList\",\"@id\":\"https:\/\/www.cmalleida.com\/es\/crecen-las-peticiones-de-un-seguro-obligatorio-para-patinetes-tras-dos-accidentes-mortales-la-vanguardia\/#breadcrumb\",\"itemListElement\":[{\"@type\":\"ListItem\",\"position\":1,\"name\":\"Inici\",\"item\":\"https:\/\/www.cmalleida.com\/es\/\"},{\"@type\":\"ListItem\",\"position\":2,\"name\":\"Crecen las peticiones de un seguro obligatorio para patinetes tras dos accidentes mortales (La Vanguardia)\"}]},{\"@type\":\"WebSite\",\"@id\":\"https:\/\/www.cmalleida.com\/es\/#website\",\"url\":\"https:\/\/www.cmalleida.com\/es\/\",\"name\":\"Col\u00b7legi de Mediadors d&#039;Assegurances de Lleida\",\"description\":\"Otro sitio realizado con WordPress\",\"publisher\":{\"@id\":\"https:\/\/www.cmalleida.com\/es\/#organization\"},\"potentialAction\":[{\"@type\":\"SearchAction\",\"target\":{\"@type\":\"EntryPoint\",\"urlTemplate\":\"https:\/\/www.cmalleida.com\/es\/?s={search_term_string}\"},\"query-input\":{\"@type\":\"PropertyValueSpecification\",\"valueRequired\":true,\"valueName\":\"search_term_string\"}}],\"inLanguage\":\"es\"},{\"@type\":\"Organization\",\"@id\":\"https:\/\/www.cmalleida.com\/es\/#organization\",\"name\":\"Col\u00b7legi de Mediadors d'Assegurances de Lleida\",\"url\":\"https:\/\/www.cmalleida.com\/es\/\",\"logo\":{\"@type\":\"ImageObject\",\"inLanguage\":\"es\",\"@id\":\"https:\/\/www.cmalleida.com\/es\/#\/schema\/logo\/image\/\",\"url\":\"\",\"contentUrl\":\"\",\"caption\":\"Col\u00b7legi de Mediadors d'Assegurances de Lleida\"},\"image\":{\"@id\":\"https:\/\/www.cmalleida.com\/es\/#\/schema\/logo\/image\/\"}},{\"@type\":\"Person\",\"@id\":\"https:\/\/www.cmalleida.com\/es\/#\/schema\/person\/7461453022a0d6ce41c1e530eb4443b4\",\"name\":\"Antonieta Castells Dolcet\",\"image\":{\"@type\":\"ImageObject\",\"inLanguage\":\"es\",\"@id\":\"https:\/\/secure.gravatar.com\/avatar\/7738df9a8ff2d12e8b37d088ff0e3e36016e57ab29e5db27ba4fb758a81ea3cb?s=96&d=mm&r=g\",\"url\":\"https:\/\/secure.gravatar.com\/avatar\/7738df9a8ff2d12e8b37d088ff0e3e36016e57ab29e5db27ba4fb758a81ea3cb?s=96&d=mm&r=g\",\"contentUrl\":\"https:\/\/secure.gravatar.com\/avatar\/7738df9a8ff2d12e8b37d088ff0e3e36016e57ab29e5db27ba4fb758a81ea3cb?s=96&d=mm&r=g\",\"caption\":\"Antonieta Castells Dolcet\"},\"sameAs\":[\"http:\/\/www.cmalleida.com\"]}]}<\/script>\n<!-- \/ Yoast SEO plugin. -->","yoast_head_json":{"title":"Crecen las peticiones de un seguro obligatorio para patinetes tras dos accidentes mortales (La Vanguardia) - Col\u00b7legi de Mediadors d&#039;Assegurances de Lleida","robots":{"index":"index","follow":"follow","max-snippet":"max-snippet:-1","max-image-preview":"max-image-preview:large","max-video-preview":"max-video-preview:-1"},"canonical":"https:\/\/www.cmalleida.com\/es\/crecen-las-peticiones-de-un-seguro-obligatorio-para-patinetes-tras-dos-accidentes-mortales-la-vanguardia\/","og_locale":"es_ES","og_type":"article","og_title":"Crecen las peticiones de un seguro obligatorio para patinetes tras dos accidentes mortales (La Vanguardia) - Col\u00b7legi de Mediadors d&#039;Assegurances de Lleida","og_description":"Los mediadores se suman a las peticiones y reclaman una normativa m\u00e1s homog\u00e9nea en todo el pa\u00eds ENRIC FREIRE 14\/04\/2021 07:30Actualizado a 14\/04\/2021 08:49 El... Llegeix m\u00e9s","og_url":"https:\/\/www.cmalleida.com\/es\/crecen-las-peticiones-de-un-seguro-obligatorio-para-patinetes-tras-dos-accidentes-mortales-la-vanguardia\/","og_site_name":"Col\u00b7legi de Mediadors d&#039;Assegurances de Lleida","article_published_time":"2021-04-16T07:49:57+00:00","og_image":[{"width":378,"height":373,"url":"https:\/\/www.cmalleida.com\/wp-content\/uploads\/captura-43.png","type":"image\/png"}],"author":"Antonieta Castells Dolcet","twitter_card":"summary_large_image","twitter_misc":{"Written by":"Antonieta Castells Dolcet","Est. reading time":"3 minutos"},"schema":{"@context":"https:\/\/schema.org","@graph":[{"@type":"Article","@id":"https:\/\/www.cmalleida.com\/es\/crecen-las-peticiones-de-un-seguro-obligatorio-para-patinetes-tras-dos-accidentes-mortales-la-vanguardia\/#article","isPartOf":{"@id":"https:\/\/www.cmalleida.com\/es\/crecen-las-peticiones-de-un-seguro-obligatorio-para-patinetes-tras-dos-accidentes-mortales-la-vanguardia\/"},"author":{"name":"Antonieta Castells Dolcet","@id":"https:\/\/www.cmalleida.com\/es\/#\/schema\/person\/7461453022a0d6ce41c1e530eb4443b4"},"headline":"Crecen las peticiones de un seguro obligatorio para patinetes tras dos accidentes mortales (La Vanguardia)","datePublished":"2021-04-16T07:49:57+00:00","mainEntityOfPage":{"@id":"https:\/\/www.cmalleida.com\/es\/crecen-las-peticiones-de-un-seguro-obligatorio-para-patinetes-tras-dos-accidentes-mortales-la-vanguardia\/"},"wordCount":655,"publisher":{"@id":"https:\/\/www.cmalleida.com\/es\/#organization"},"image":{"@id":"https:\/\/www.cmalleida.com\/es\/crecen-las-peticiones-de-un-seguro-obligatorio-para-patinetes-tras-dos-accidentes-mortales-la-vanguardia\/#primaryimage"},"thumbnailUrl":"https:\/\/www.cmalleida.com\/wp-content\/uploads\/captura-43.png","articleSection":["Actualidad","Sinistres"],"inLanguage":"es"},{"@type":"WebPage","@id":"https:\/\/www.cmalleida.com\/es\/crecen-las-peticiones-de-un-seguro-obligatorio-para-patinetes-tras-dos-accidentes-mortales-la-vanguardia\/","url":"https:\/\/www.cmalleida.com\/es\/crecen-las-peticiones-de-un-seguro-obligatorio-para-patinetes-tras-dos-accidentes-mortales-la-vanguardia\/","name":"Crecen las peticiones de un seguro obligatorio para patinetes tras dos accidentes mortales (La Vanguardia) - Col\u00b7legi de Mediadors d&#039;Assegurances de Lleida","isPartOf":{"@id":"https:\/\/www.cmalleida.com\/es\/#website"},"primaryImageOfPage":{"@id":"https:\/\/www.cmalleida.com\/es\/crecen-las-peticiones-de-un-seguro-obligatorio-para-patinetes-tras-dos-accidentes-mortales-la-vanguardia\/#primaryimage"},"image":{"@id":"https:\/\/www.cmalleida.com\/es\/crecen-las-peticiones-de-un-seguro-obligatorio-para-patinetes-tras-dos-accidentes-mortales-la-vanguardia\/#primaryimage"},"thumbnailUrl":"https:\/\/www.cmalleida.com\/wp-content\/uploads\/captura-43.png","datePublished":"2021-04-16T07:49:57+00:00","breadcrumb":{"@id":"https:\/\/www.cmalleida.com\/es\/crecen-las-peticiones-de-un-seguro-obligatorio-para-patinetes-tras-dos-accidentes-mortales-la-vanguardia\/#breadcrumb"},"inLanguage":"es","potentialAction":[{"@type":"ReadAction","target":["https:\/\/www.cmalleida.com\/es\/crecen-las-peticiones-de-un-seguro-obligatorio-para-patinetes-tras-dos-accidentes-mortales-la-vanguardia\/"]}]},{"@type":"ImageObject","inLanguage":"es","@id":"https:\/\/www.cmalleida.com\/es\/crecen-las-peticiones-de-un-seguro-obligatorio-para-patinetes-tras-dos-accidentes-mortales-la-vanguardia\/#primaryimage","url":"https:\/\/www.cmalleida.com\/wp-content\/uploads\/captura-43.png","contentUrl":"https:\/\/www.cmalleida.com\/wp-content\/uploads\/captura-43.png","width":378,"height":373,"caption":"patinet"},{"@type":"BreadcrumbList","@id":"https:\/\/www.cmalleida.com\/es\/crecen-las-peticiones-de-un-seguro-obligatorio-para-patinetes-tras-dos-accidentes-mortales-la-vanguardia\/#breadcrumb","itemListElement":[{"@type":"ListItem","position":1,"name":"Inici","item":"https:\/\/www.cmalleida.com\/es\/"},{"@type":"ListItem","position":2,"name":"Crecen las peticiones de un seguro obligatorio para patinetes tras dos accidentes mortales (La Vanguardia)"}]},{"@type":"WebSite","@id":"https:\/\/www.cmalleida.com\/es\/#website","url":"https:\/\/www.cmalleida.com\/es\/","name":"Col\u00b7legi de Mediadors d&#039;Assegurances de Lleida","description":"Otro sitio realizado con WordPress","publisher":{"@id":"https:\/\/www.cmalleida.com\/es\/#organization"},"potentialAction":[{"@type":"SearchAction","target":{"@type":"EntryPoint","urlTemplate":"https:\/\/www.cmalleida.com\/es\/?s={search_term_string}"},"query-input":{"@type":"PropertyValueSpecification","valueRequired":true,"valueName":"search_term_string"}}],"inLanguage":"es"},{"@type":"Organization","@id":"https:\/\/www.cmalleida.com\/es\/#organization","name":"Col\u00b7legi de Mediadors d'Assegurances de Lleida","url":"https:\/\/www.cmalleida.com\/es\/","logo":{"@type":"ImageObject","inLanguage":"es","@id":"https:\/\/www.cmalleida.com\/es\/#\/schema\/logo\/image\/","url":"","contentUrl":"","caption":"Col\u00b7legi de Mediadors d'Assegurances de Lleida"},"image":{"@id":"https:\/\/www.cmalleida.com\/es\/#\/schema\/logo\/image\/"}},{"@type":"Person","@id":"https:\/\/www.cmalleida.com\/es\/#\/schema\/person\/7461453022a0d6ce41c1e530eb4443b4","name":"Antonieta Castells Dolcet","image":{"@type":"ImageObject","inLanguage":"es","@id":"https:\/\/secure.gravatar.com\/avatar\/7738df9a8ff2d12e8b37d088ff0e3e36016e57ab29e5db27ba4fb758a81ea3cb?s=96&d=mm&r=g","url":"https:\/\/secure.gravatar.com\/avatar\/7738df9a8ff2d12e8b37d088ff0e3e36016e57ab29e5db27ba4fb758a81ea3cb?s=96&d=mm&r=g","contentUrl":"https:\/\/secure.gravatar.com\/avatar\/7738df9a8ff2d12e8b37d088ff0e3e36016e57ab29e5db27ba4fb758a81ea3cb?s=96&d=mm&r=g","caption":"Antonieta Castells Dolcet"},"sameAs":["http:\/\/www.cmalleida.com"]}]}},"_links":{"self":[{"href":"https:\/\/www.cmalleida.com\/es\/wp-json\/wp\/v2\/posts\/8661","targetHints":{"allow":["GET"]}}],"collection":[{"href":"https:\/\/www.cmalleida.com\/es\/wp-json\/wp\/v2\/posts"}],"about":[{"href":"https:\/\/www.cmalleida.com\/es\/wp-json\/wp\/v2\/types\/post"}],"author":[{"embeddable":true,"href":"https:\/\/www.cmalleida.com\/es\/wp-json\/wp\/v2\/users\/149"}],"replies":[{"embeddable":true,"href":"https:\/\/www.cmalleida.com\/es\/wp-json\/wp\/v2\/comments?post=8661"}],"version-history":[{"count":1,"href":"https:\/\/www.cmalleida.com\/es\/wp-json\/wp\/v2\/posts\/8661\/revisions"}],"predecessor-version":[{"id":8662,"href":"https:\/\/www.cmalleida.com\/es\/wp-json\/wp\/v2\/posts\/8661\/revisions\/8662"}],"wp:featuredmedia":[{"embeddable":true,"href":"https:\/\/www.cmalleida.com\/es\/wp-json\/wp\/v2\/media\/8659"}],"wp:attachment":[{"href":"https:\/\/www.cmalleida.com\/es\/wp-json\/wp\/v2\/media?parent=8661"}],"wp:term":[{"taxonomy":"category","embeddable":true,"href":"https:\/\/www.cmalleida.com\/es\/wp-json\/wp\/v2\/categories?post=8661"},{"taxonomy":"post_tag","embeddable":true,"href":"https:\/\/www.cmalleida.com\/es\/wp-json\/wp\/v2\/tags?post=8661"}],"curies":[{"name":"wp","href":"https:\/\/api.w.org\/{rel}","templated":true}]}}