{"id":8558,"date":"2021-03-26T10:54:34","date_gmt":"2021-03-26T09:54:34","guid":{"rendered":"https:\/\/www.cmalleida.com\/?p=8558"},"modified":"2021-03-26T10:54:34","modified_gmt":"2021-03-26T09:54:34","slug":"asi-se-evitan-los-incendios-en-casa-la-vanguardia","status":"publish","type":"post","link":"https:\/\/www.cmalleida.com\/es\/asi-se-evitan-los-incendios-en-casa-la-vanguardia\/","title":{"rendered":"As\u00ed se evitan los incendios en casa (La Vanguardia)"},"content":{"rendered":"<header class=\"article-top-header col-12\">\n<div class=\"article-top\">\n<div class=\"article-top-titles\">\n<div class=\"title-container\">\n<h4 class=\"title\"><span style=\"font-size: 16px;\">Los profesionales de la prevenci\u00f3n reclaman una legislaci\u00f3n m\u00e1s exigente con las medidas de protecci\u00f3n contra el fuego para evitar muertes<\/span><\/h4>\n<\/div>\n<\/div>\n<div class=\"article-media-main\">\n<figure class=\"composite-image image-container \" data-gtm-element-container=\"button-gallery\">REDACCI\u00d3N\u00a0 BARCELONA\u00a0 20\/03\/2021 11:20<\/figure>\n<\/div>\n<\/div>\n<\/header>\n<div class=\"article-content col-12 col-md-8\">\n<div class=\"article-info\">\n<div class=\"social-buttons social-share\" data-gtm-element=\"leaf-social-share-top\">\n<div class=\"social-right\">El 78% de los incendios que se registran al a\u00f1o en Espa\u00f1a ocurren en viviendas, seg\u00fan un informe elaborado por UNESPA, la patronal del sector asegurador que se ha dado a conocer esta semana. La industria aseguradora abona 500 millones de euros al a\u00f1o en concepto de indemnizaci\u00f3n por los da\u00f1os causados por el fuego. En el caso de<a title=\"La posibilidad que corres de sufrir un incendio en tu casa\" href=\"https:\/\/www.lavanguardia.com\/seguros\/20201211\/6112013\/incendio-hogar-seguro-comunidades-nave-badalona.html\" data-gtm-element=\"container-child-link\">\u00a0los siniestros en domicilios particulares<\/a> la compensaci\u00f3n media es de 2.930 euros, mientras que en los incendios en las industrias superan los 42.000 euros. En las viviendas la cobertura contra el fuego est\u00e1 incluida en el seguro del hogar y en el de la comunidad de propietarios para las zonas comunes.<\/div>\n<\/div>\n<\/div>\n<div class=\"article-modules\">\n<p class=\"paragraph\" data-gtm-element-container=\"modulo-texto-link\">El cobro del seguro siempre es un gran alivio despu\u00e9s de los da\u00f1os que causan las llamas, aunque resulta mucho m\u00e1s rentable hacer todo lo posible por evitar el incendio. En este sentido, los expertos en prevenci\u00f3n de la asociaci\u00f3n CEPREVEN recomiendan una serie de sencillas medidas de eficacia comprobada para proteger nuestro hogar de los peligros del fuego:<\/p>\n<p class=\"paragraph\" data-gtm-element-container=\"modulo-texto-link\"><strong>Cuidado con los enchufes<\/strong><\/p>\n<p class=\"paragraph\" data-gtm-element-container=\"modulo-texto-link\">Hemos de evitar sobrecargar los enchufes, ya que pueden provocar un cortocircuito.<\/p>\n<p class=\"paragraph\" data-gtm-element-container=\"modulo-texto-link\"><strong>Vigila con los cargadores<\/strong><\/p>\n<p class=\"paragraph\" data-gtm-element-container=\"modulo-texto-link\">Cada vez tenemos m\u00e1s dispositivos electr\u00f3nicos que debemos conectar a la corriente para recargar las bater\u00edas. No es dif\u00edcil confundirnos y utilizar el cargador equivocado. M\u00e1s all\u00e1 de que la carga no ser\u00e1 correcta, esta equivocaci\u00f3n tambi\u00e9n incrementa el riesgo de que se produzca un cortocircuito.<\/p>\n<p class=\"paragraph\" data-gtm-element-container=\"modulo-texto-link\"><strong>Atenci\u00f3n a donde dejas tus dispositivos<\/strong><\/p>\n<p class=\"paragraph\" data-gtm-element-container=\"modulo-texto-link\">Ni encima de la cama ni tampoco en sof\u00e1 son los lugares m\u00e1s indicados para dejar nuestros dispositivos mientras los estamos cargando si queremos evitar un incendio.<\/p>\n<p class=\"paragraph\" data-gtm-element-container=\"modulo-texto-link\"><strong>Calor igual a peligro<\/strong><\/p>\n<p class=\"paragraph\" data-gtm-element-container=\"modulo-texto-link\">Cuidado con aproximar estufas, l\u00e1mparas y otras fuentes de calor a materiales que pueden arder con rapidez como las cortinas o los muebles.<\/p>\n<p class=\"paragraph\" data-gtm-element-container=\"modulo-texto-link\"><strong>No te despistes en la cocina<\/strong><\/p>\n<p class=\"paragraph\" data-gtm-element-container=\"modulo-texto-link\">Si tenemos ollas, cazuelas o sartenes en el fuego no podemos despistarnos ni un momento. Las estad\u00edsticas revelan que la cocina es el lugar en el que se originan m\u00e1s incendios en las viviendas particulares.<\/p>\n<p class=\"paragraph\" data-gtm-element-container=\"modulo-texto-link\"><strong>La grasa arde<\/strong><\/p>\n<p class=\"paragraph\" data-gtm-element-container=\"modulo-texto-link\">La campana extractora es un foco potencia de incendio si est\u00e1 sucia, ya que acumula restos de grasa que son muy inflamables. Hemos de procurar que este electrodom\u00e9stico este limpia.<\/p>\n<p class=\"paragraph\" data-gtm-element-container=\"modulo-texto-link\"><strong>Control del fuego<\/strong><\/p>\n<p class=\"paragraph\" data-gtm-element-container=\"modulo-texto-link\">Nunca dejes encendidas velas o la chimenea cuando no haya nadie en casa.<\/p>\n<p class=\"paragraph\" data-gtm-element-container=\"modulo-texto-link\"><strong>Fumar siempre es malo<\/strong><\/p>\n<p class=\"paragraph\" data-gtm-element-container=\"modulo-texto-link\">El tabaco es un peligro para la salud, pero tambi\u00e9n est\u00e1 detr\u00e1s del origen de incendios dom\u00e9sticos. Las razones m\u00e1s habituales es quedarnos dormidos mientras fumamos en la cama y tirar a la basura el cenicero con alguna colilla que a\u00fan no estaba apagada del todo.<\/p>\n<h3 class=\"subtitle\">Cambios en la legislaci\u00f3n<\/h3>\n<h3 class=\"subtitle\">Los profesionales de la prevenci\u00f3n reclaman cambios legislativos<\/h3>\n<p class=\"paragraph\" data-gtm-element-container=\"modulo-texto-link\">TECNIFUEGO, la Asociaci\u00f3n Espa\u00f1ola de Sociedades de Protecci\u00f3n contra Incendios, que agrupa al 80% del sector, lamenta que la legislaci\u00f3n espa\u00f1ola no obligue a instalar detectores de humos y otras medidas de seguridad en las viviendas. Esta asociaci\u00f3n, al igual que CEPREVEN, han participado en el informe \u00a1Fuego! Los incendios asegurados en 2019-2020 elaborado por UNESPA.<\/p>\n<p class=\"paragraph\" data-gtm-element-container=\"modulo-texto-link\">Reino Unido, Francia, Alemania, Noruega, Suecia o Dinamarca son algunos de los pa\u00edses de nuestro entorno en los que la instalaci\u00f3n de detectores de humo en las viviendas es obligatoria. Del mismo modo, los muebles, suelos o telas, han que tener unas caracter\u00edsticas de ignifugaci\u00f3n para evitar o retrasar la propagaci\u00f3n de las llamas.<\/p>\n<p class=\"paragraph\" data-gtm-element-container=\"modulo-texto-link\">Los expertos apelan a la concienciaci\u00f3n de las comunidades de propietarios y les invitan a implementar medidas que protejan mejor a los edificios en caso de declararse un incendio. Por ejemplo, incluir materiales resistentes a las llamas en los frontales y cubiertas de los edificios aprovechando obras de rehabilitaci\u00f3n.<\/p>\n<p class=\"paragraph\" data-gtm-element-container=\"modulo-texto-link\">TECNIFUEGO solicita que se introduzcan cambios legislativos que aumenten las medidas de seguridad. Adem\u00e1s de los detectores de humo, los expertos aconsejan tener un extintor, una manta ign\u00edfuga o una red de rociadores autom\u00e1ticos en el hogar que permita evitar que un incendio se propague. Estos equipamientos son todav\u00eda m\u00e1s necesarios en las viviendas en las que viven ni\u00f1os, ancianos o personas con movilidad reducida.<\/p>\n<\/div>\n<\/div>\n","protected":false},"excerpt":{"rendered":"<p>Los profesionales de la prevenci\u00f3n reclaman una legislaci\u00f3n m\u00e1s exigente con las medidas de protecci\u00f3n contra el fuego para evitar muertes REDACCI\u00d3N\u00a0 BARCELONA\u00a0 20\/03\/2021 11:20&#8230; <a href=\"https:\/\/www.cmalleida.com\/es\/asi-se-evitan-los-incendios-en-casa-la-vanguardia\/\" rel=\"nofollow\" class=\"lollegirmes\">Llegeix m\u00e9s<\/a><\/p>\n","protected":false},"author":149,"featured_media":3614,"comment_status":"closed","ping_status":"closed","sticky":false,"template":"","format":"standard","meta":{"_acf_changed":false,"_genesis_hide_title":false,"_genesis_hide_breadcrumbs":false,"_genesis_hide_singular_image":false,"_genesis_hide_footer_widgets":false,"_genesis_custom_body_class":"","_genesis_custom_post_class":"","_genesis_layout":"","footnotes":""},"categories":[28,62],"tags":[],"class_list":{"0":"post-8558","1":"post","2":"type-post","3":"status-publish","4":"format-standard","5":"has-post-thumbnail","7":"category-actualidad","8":"category-sinistres-es","9":"entry"},"acf":[],"yoast_head":"<!-- This site is optimized with the Yoast SEO plugin v27.2 - https:\/\/yoast.com\/product\/yoast-seo-wordpress\/ -->\n<title>As\u00ed se evitan los incendios en casa (La Vanguardia) - Col\u00b7legi de Mediadors d&#039;Assegurances de Lleida<\/title>\n<meta name=\"robots\" content=\"index, follow, max-snippet:-1, max-image-preview:large, max-video-preview:-1\" \/>\n<link rel=\"canonical\" href=\"https:\/\/www.cmalleida.com\/es\/asi-se-evitan-los-incendios-en-casa-la-vanguardia\/\" \/>\n<meta property=\"og:locale\" content=\"es_ES\" \/>\n<meta property=\"og:type\" content=\"article\" \/>\n<meta property=\"og:title\" content=\"As\u00ed se evitan los incendios en casa (La Vanguardia) - Col\u00b7legi de Mediadors d&#039;Assegurances de Lleida\" \/>\n<meta property=\"og:description\" content=\"Los profesionales de la prevenci\u00f3n reclaman una legislaci\u00f3n m\u00e1s exigente con las medidas de protecci\u00f3n contra el fuego para evitar muertes REDACCI\u00d3N\u00a0 BARCELONA\u00a0 20\/03\/2021 11:20... Llegeix m\u00e9s\" \/>\n<meta property=\"og:url\" content=\"https:\/\/www.cmalleida.com\/es\/asi-se-evitan-los-incendios-en-casa-la-vanguardia\/\" \/>\n<meta property=\"og:site_name\" content=\"Col\u00b7legi de Mediadors d&#039;Assegurances de Lleida\" \/>\n<meta property=\"article:published_time\" content=\"2021-03-26T09:54:34+00:00\" \/>\n<meta property=\"og:image\" content=\"https:\/\/www.cmalleida.com\/wp-content\/uploads\/captura-7.jpg\" \/>\n\t<meta property=\"og:image:width\" content=\"429\" \/>\n\t<meta property=\"og:image:height\" content=\"418\" \/>\n\t<meta property=\"og:image:type\" content=\"image\/jpeg\" \/>\n<meta name=\"author\" content=\"Antonieta Castells Dolcet\" \/>\n<meta name=\"twitter:card\" content=\"summary_large_image\" \/>\n<meta name=\"twitter:label1\" content=\"Written by\" \/>\n\t<meta name=\"twitter:data1\" content=\"Antonieta Castells Dolcet\" \/>\n\t<meta name=\"twitter:label2\" content=\"Est. reading time\" \/>\n\t<meta name=\"twitter:data2\" content=\"4 minutos\" \/>\n<script type=\"application\/ld+json\" class=\"yoast-schema-graph\">{\"@context\":\"https:\/\/schema.org\",\"@graph\":[{\"@type\":\"Article\",\"@id\":\"https:\/\/www.cmalleida.com\/es\/asi-se-evitan-los-incendios-en-casa-la-vanguardia\/#article\",\"isPartOf\":{\"@id\":\"https:\/\/www.cmalleida.com\/es\/asi-se-evitan-los-incendios-en-casa-la-vanguardia\/\"},\"author\":{\"name\":\"Antonieta Castells Dolcet\",\"@id\":\"https:\/\/www.cmalleida.com\/es\/#\/schema\/person\/7461453022a0d6ce41c1e530eb4443b4\"},\"headline\":\"As\u00ed se evitan los incendios en casa (La Vanguardia)\",\"datePublished\":\"2021-03-26T09:54:34+00:00\",\"mainEntityOfPage\":{\"@id\":\"https:\/\/www.cmalleida.com\/es\/asi-se-evitan-los-incendios-en-casa-la-vanguardia\/\"},\"wordCount\":754,\"publisher\":{\"@id\":\"https:\/\/www.cmalleida.com\/es\/#organization\"},\"image\":{\"@id\":\"https:\/\/www.cmalleida.com\/es\/asi-se-evitan-los-incendios-en-casa-la-vanguardia\/#primaryimage\"},\"thumbnailUrl\":\"https:\/\/www.cmalleida.com\/wp-content\/uploads\/captura-7.jpg\",\"articleSection\":[\"Actualidad\",\"Sinistres\"],\"inLanguage\":\"es\"},{\"@type\":\"WebPage\",\"@id\":\"https:\/\/www.cmalleida.com\/es\/asi-se-evitan-los-incendios-en-casa-la-vanguardia\/\",\"url\":\"https:\/\/www.cmalleida.com\/es\/asi-se-evitan-los-incendios-en-casa-la-vanguardia\/\",\"name\":\"As\u00ed se evitan los incendios en casa (La Vanguardia) - Col\u00b7legi de Mediadors d&#039;Assegurances de Lleida\",\"isPartOf\":{\"@id\":\"https:\/\/www.cmalleida.com\/es\/#website\"},\"primaryImageOfPage\":{\"@id\":\"https:\/\/www.cmalleida.com\/es\/asi-se-evitan-los-incendios-en-casa-la-vanguardia\/#primaryimage\"},\"image\":{\"@id\":\"https:\/\/www.cmalleida.com\/es\/asi-se-evitan-los-incendios-en-casa-la-vanguardia\/#primaryimage\"},\"thumbnailUrl\":\"https:\/\/www.cmalleida.com\/wp-content\/uploads\/captura-7.jpg\",\"datePublished\":\"2021-03-26T09:54:34+00:00\",\"breadcrumb\":{\"@id\":\"https:\/\/www.cmalleida.com\/es\/asi-se-evitan-los-incendios-en-casa-la-vanguardia\/#breadcrumb\"},\"inLanguage\":\"es\",\"potentialAction\":[{\"@type\":\"ReadAction\",\"target\":[\"https:\/\/www.cmalleida.com\/es\/asi-se-evitan-los-incendios-en-casa-la-vanguardia\/\"]}]},{\"@type\":\"ImageObject\",\"inLanguage\":\"es\",\"@id\":\"https:\/\/www.cmalleida.com\/es\/asi-se-evitan-los-incendios-en-casa-la-vanguardia\/#primaryimage\",\"url\":\"https:\/\/www.cmalleida.com\/wp-content\/uploads\/captura-7.jpg\",\"contentUrl\":\"https:\/\/www.cmalleida.com\/wp-content\/uploads\/captura-7.jpg\",\"width\":429,\"height\":418,\"caption\":\"Captura\"},{\"@type\":\"BreadcrumbList\",\"@id\":\"https:\/\/www.cmalleida.com\/es\/asi-se-evitan-los-incendios-en-casa-la-vanguardia\/#breadcrumb\",\"itemListElement\":[{\"@type\":\"ListItem\",\"position\":1,\"name\":\"Inici\",\"item\":\"https:\/\/www.cmalleida.com\/es\/\"},{\"@type\":\"ListItem\",\"position\":2,\"name\":\"As\u00ed se evitan los incendios en casa (La Vanguardia)\"}]},{\"@type\":\"WebSite\",\"@id\":\"https:\/\/www.cmalleida.com\/es\/#website\",\"url\":\"https:\/\/www.cmalleida.com\/es\/\",\"name\":\"Col\u00b7legi de Mediadors d&#039;Assegurances de Lleida\",\"description\":\"Otro sitio realizado con WordPress\",\"publisher\":{\"@id\":\"https:\/\/www.cmalleida.com\/es\/#organization\"},\"potentialAction\":[{\"@type\":\"SearchAction\",\"target\":{\"@type\":\"EntryPoint\",\"urlTemplate\":\"https:\/\/www.cmalleida.com\/es\/?s={search_term_string}\"},\"query-input\":{\"@type\":\"PropertyValueSpecification\",\"valueRequired\":true,\"valueName\":\"search_term_string\"}}],\"inLanguage\":\"es\"},{\"@type\":\"Organization\",\"@id\":\"https:\/\/www.cmalleida.com\/es\/#organization\",\"name\":\"Col\u00b7legi de Mediadors d'Assegurances de Lleida\",\"url\":\"https:\/\/www.cmalleida.com\/es\/\",\"logo\":{\"@type\":\"ImageObject\",\"inLanguage\":\"es\",\"@id\":\"https:\/\/www.cmalleida.com\/es\/#\/schema\/logo\/image\/\",\"url\":\"\",\"contentUrl\":\"\",\"caption\":\"Col\u00b7legi de Mediadors d'Assegurances de Lleida\"},\"image\":{\"@id\":\"https:\/\/www.cmalleida.com\/es\/#\/schema\/logo\/image\/\"}},{\"@type\":\"Person\",\"@id\":\"https:\/\/www.cmalleida.com\/es\/#\/schema\/person\/7461453022a0d6ce41c1e530eb4443b4\",\"name\":\"Antonieta Castells Dolcet\",\"image\":{\"@type\":\"ImageObject\",\"inLanguage\":\"es\",\"@id\":\"https:\/\/secure.gravatar.com\/avatar\/7738df9a8ff2d12e8b37d088ff0e3e36016e57ab29e5db27ba4fb758a81ea3cb?s=96&d=mm&r=g\",\"url\":\"https:\/\/secure.gravatar.com\/avatar\/7738df9a8ff2d12e8b37d088ff0e3e36016e57ab29e5db27ba4fb758a81ea3cb?s=96&d=mm&r=g\",\"contentUrl\":\"https:\/\/secure.gravatar.com\/avatar\/7738df9a8ff2d12e8b37d088ff0e3e36016e57ab29e5db27ba4fb758a81ea3cb?s=96&d=mm&r=g\",\"caption\":\"Antonieta Castells Dolcet\"},\"sameAs\":[\"http:\/\/www.cmalleida.com\"]}]}<\/script>\n<!-- \/ Yoast SEO plugin. -->","yoast_head_json":{"title":"As\u00ed se evitan los incendios en casa (La Vanguardia) - Col\u00b7legi de Mediadors d&#039;Assegurances de Lleida","robots":{"index":"index","follow":"follow","max-snippet":"max-snippet:-1","max-image-preview":"max-image-preview:large","max-video-preview":"max-video-preview:-1"},"canonical":"https:\/\/www.cmalleida.com\/es\/asi-se-evitan-los-incendios-en-casa-la-vanguardia\/","og_locale":"es_ES","og_type":"article","og_title":"As\u00ed se evitan los incendios en casa (La Vanguardia) - Col\u00b7legi de Mediadors d&#039;Assegurances de Lleida","og_description":"Los profesionales de la prevenci\u00f3n reclaman una legislaci\u00f3n m\u00e1s exigente con las medidas de protecci\u00f3n contra el fuego para evitar muertes REDACCI\u00d3N\u00a0 BARCELONA\u00a0 20\/03\/2021 11:20... Llegeix m\u00e9s","og_url":"https:\/\/www.cmalleida.com\/es\/asi-se-evitan-los-incendios-en-casa-la-vanguardia\/","og_site_name":"Col\u00b7legi de Mediadors d&#039;Assegurances de Lleida","article_published_time":"2021-03-26T09:54:34+00:00","og_image":[{"width":429,"height":418,"url":"https:\/\/www.cmalleida.com\/wp-content\/uploads\/captura-7.jpg","type":"image\/jpeg"}],"author":"Antonieta Castells Dolcet","twitter_card":"summary_large_image","twitter_misc":{"Written by":"Antonieta Castells Dolcet","Est. reading time":"4 minutos"},"schema":{"@context":"https:\/\/schema.org","@graph":[{"@type":"Article","@id":"https:\/\/www.cmalleida.com\/es\/asi-se-evitan-los-incendios-en-casa-la-vanguardia\/#article","isPartOf":{"@id":"https:\/\/www.cmalleida.com\/es\/asi-se-evitan-los-incendios-en-casa-la-vanguardia\/"},"author":{"name":"Antonieta Castells Dolcet","@id":"https:\/\/www.cmalleida.com\/es\/#\/schema\/person\/7461453022a0d6ce41c1e530eb4443b4"},"headline":"As\u00ed se evitan los incendios en casa (La Vanguardia)","datePublished":"2021-03-26T09:54:34+00:00","mainEntityOfPage":{"@id":"https:\/\/www.cmalleida.com\/es\/asi-se-evitan-los-incendios-en-casa-la-vanguardia\/"},"wordCount":754,"publisher":{"@id":"https:\/\/www.cmalleida.com\/es\/#organization"},"image":{"@id":"https:\/\/www.cmalleida.com\/es\/asi-se-evitan-los-incendios-en-casa-la-vanguardia\/#primaryimage"},"thumbnailUrl":"https:\/\/www.cmalleida.com\/wp-content\/uploads\/captura-7.jpg","articleSection":["Actualidad","Sinistres"],"inLanguage":"es"},{"@type":"WebPage","@id":"https:\/\/www.cmalleida.com\/es\/asi-se-evitan-los-incendios-en-casa-la-vanguardia\/","url":"https:\/\/www.cmalleida.com\/es\/asi-se-evitan-los-incendios-en-casa-la-vanguardia\/","name":"As\u00ed se evitan los incendios en casa (La Vanguardia) - Col\u00b7legi de Mediadors d&#039;Assegurances de Lleida","isPartOf":{"@id":"https:\/\/www.cmalleida.com\/es\/#website"},"primaryImageOfPage":{"@id":"https:\/\/www.cmalleida.com\/es\/asi-se-evitan-los-incendios-en-casa-la-vanguardia\/#primaryimage"},"image":{"@id":"https:\/\/www.cmalleida.com\/es\/asi-se-evitan-los-incendios-en-casa-la-vanguardia\/#primaryimage"},"thumbnailUrl":"https:\/\/www.cmalleida.com\/wp-content\/uploads\/captura-7.jpg","datePublished":"2021-03-26T09:54:34+00:00","breadcrumb":{"@id":"https:\/\/www.cmalleida.com\/es\/asi-se-evitan-los-incendios-en-casa-la-vanguardia\/#breadcrumb"},"inLanguage":"es","potentialAction":[{"@type":"ReadAction","target":["https:\/\/www.cmalleida.com\/es\/asi-se-evitan-los-incendios-en-casa-la-vanguardia\/"]}]},{"@type":"ImageObject","inLanguage":"es","@id":"https:\/\/www.cmalleida.com\/es\/asi-se-evitan-los-incendios-en-casa-la-vanguardia\/#primaryimage","url":"https:\/\/www.cmalleida.com\/wp-content\/uploads\/captura-7.jpg","contentUrl":"https:\/\/www.cmalleida.com\/wp-content\/uploads\/captura-7.jpg","width":429,"height":418,"caption":"Captura"},{"@type":"BreadcrumbList","@id":"https:\/\/www.cmalleida.com\/es\/asi-se-evitan-los-incendios-en-casa-la-vanguardia\/#breadcrumb","itemListElement":[{"@type":"ListItem","position":1,"name":"Inici","item":"https:\/\/www.cmalleida.com\/es\/"},{"@type":"ListItem","position":2,"name":"As\u00ed se evitan los incendios en casa (La Vanguardia)"}]},{"@type":"WebSite","@id":"https:\/\/www.cmalleida.com\/es\/#website","url":"https:\/\/www.cmalleida.com\/es\/","name":"Col\u00b7legi de Mediadors d&#039;Assegurances de Lleida","description":"Otro sitio realizado con WordPress","publisher":{"@id":"https:\/\/www.cmalleida.com\/es\/#organization"},"potentialAction":[{"@type":"SearchAction","target":{"@type":"EntryPoint","urlTemplate":"https:\/\/www.cmalleida.com\/es\/?s={search_term_string}"},"query-input":{"@type":"PropertyValueSpecification","valueRequired":true,"valueName":"search_term_string"}}],"inLanguage":"es"},{"@type":"Organization","@id":"https:\/\/www.cmalleida.com\/es\/#organization","name":"Col\u00b7legi de Mediadors d'Assegurances de Lleida","url":"https:\/\/www.cmalleida.com\/es\/","logo":{"@type":"ImageObject","inLanguage":"es","@id":"https:\/\/www.cmalleida.com\/es\/#\/schema\/logo\/image\/","url":"","contentUrl":"","caption":"Col\u00b7legi de Mediadors d'Assegurances de Lleida"},"image":{"@id":"https:\/\/www.cmalleida.com\/es\/#\/schema\/logo\/image\/"}},{"@type":"Person","@id":"https:\/\/www.cmalleida.com\/es\/#\/schema\/person\/7461453022a0d6ce41c1e530eb4443b4","name":"Antonieta Castells Dolcet","image":{"@type":"ImageObject","inLanguage":"es","@id":"https:\/\/secure.gravatar.com\/avatar\/7738df9a8ff2d12e8b37d088ff0e3e36016e57ab29e5db27ba4fb758a81ea3cb?s=96&d=mm&r=g","url":"https:\/\/secure.gravatar.com\/avatar\/7738df9a8ff2d12e8b37d088ff0e3e36016e57ab29e5db27ba4fb758a81ea3cb?s=96&d=mm&r=g","contentUrl":"https:\/\/secure.gravatar.com\/avatar\/7738df9a8ff2d12e8b37d088ff0e3e36016e57ab29e5db27ba4fb758a81ea3cb?s=96&d=mm&r=g","caption":"Antonieta Castells Dolcet"},"sameAs":["http:\/\/www.cmalleida.com"]}]}},"_links":{"self":[{"href":"https:\/\/www.cmalleida.com\/es\/wp-json\/wp\/v2\/posts\/8558","targetHints":{"allow":["GET"]}}],"collection":[{"href":"https:\/\/www.cmalleida.com\/es\/wp-json\/wp\/v2\/posts"}],"about":[{"href":"https:\/\/www.cmalleida.com\/es\/wp-json\/wp\/v2\/types\/post"}],"author":[{"embeddable":true,"href":"https:\/\/www.cmalleida.com\/es\/wp-json\/wp\/v2\/users\/149"}],"replies":[{"embeddable":true,"href":"https:\/\/www.cmalleida.com\/es\/wp-json\/wp\/v2\/comments?post=8558"}],"version-history":[{"count":1,"href":"https:\/\/www.cmalleida.com\/es\/wp-json\/wp\/v2\/posts\/8558\/revisions"}],"predecessor-version":[{"id":8559,"href":"https:\/\/www.cmalleida.com\/es\/wp-json\/wp\/v2\/posts\/8558\/revisions\/8559"}],"wp:featuredmedia":[{"embeddable":true,"href":"https:\/\/www.cmalleida.com\/es\/wp-json\/wp\/v2\/media\/3614"}],"wp:attachment":[{"href":"https:\/\/www.cmalleida.com\/es\/wp-json\/wp\/v2\/media?parent=8558"}],"wp:term":[{"taxonomy":"category","embeddable":true,"href":"https:\/\/www.cmalleida.com\/es\/wp-json\/wp\/v2\/categories?post=8558"},{"taxonomy":"post_tag","embeddable":true,"href":"https:\/\/www.cmalleida.com\/es\/wp-json\/wp\/v2\/tags?post=8558"}],"curies":[{"name":"wp","href":"https:\/\/api.w.org\/{rel}","templated":true}]}}