{"id":8489,"date":"2021-03-12T09:45:39","date_gmt":"2021-03-12T08:45:39","guid":{"rendered":"https:\/\/www.cmalleida.com\/?p=8489"},"modified":"2021-03-12T09:46:00","modified_gmt":"2021-03-12T08:46:00","slug":"puedes-contratar-un-seguro-que-te-cubra-en-caso-de-sufrir-un-ciberataque-como-el-sepe-la-vanguardia","status":"publish","type":"post","link":"https:\/\/www.cmalleida.com\/es\/puedes-contratar-un-seguro-que-te-cubra-en-caso-de-sufrir-un-ciberataque-como-el-sepe-la-vanguardia\/","title":{"rendered":"\u00bfPuedes contratar un seguro que te cubra en caso de sufrir un ciberataque como el SEPE? (La Vanguardia)"},"content":{"rendered":"<header class=\"article-top-header col-12\">\n<div class=\"article-top\">\n<div class=\"article-top-titles\">\n<div class=\"title-container\">\n<h4 class=\"title\"><span style=\"font-size: 16px;\">Las p\u00f3lizas de ciberprotecci\u00f3n atienden las necesidades de particulares, aut\u00f3nomos y pymes en materia de seguridad inform\u00e1tica<\/span><\/h4>\n<\/div>\n<\/div>\n<div class=\"article-media-main\">\n<figure class=\"composite-image image-container \" data-gtm-element-container=\"button-gallery\"><a href=\"https:\/\/www.lavanguardia.com\/autores\/enric-freire.html\" data-gtm-element=\"container-child-link\">ENRIC FREIRE\u00a0\u00a0\u00a0<\/a><time class=\"created\" datetime=\"2021-03-10T16:57:38+01:00\">10\/03\/2021 16:57 <\/time><time class=\"modified\" datetime=\"2021-03-10T19:26:04+01:00\">Actualizado a 10\/03\/2021 19:26<\/time><\/figure>\n<\/div>\n<\/div>\n<\/header>\n<div class=\"article-content col-12 col-md-8\">\n<div class=\"article-info\">\n<div class=\"social-buttons social-share\" data-gtm-element=\"leaf-social-share-top\">\n<div class=\"social-left\"><\/div>\n<div class=\"social-right\">Aunque son los ataques a grandes corporaciones o a la Administraci\u00f3n P\u00fablica los que aparecen destacados en los medios de comunicaci\u00f3n, lo cierto es que los m\u00e1s frecuentes tienen como objetivo a pymes y particulares. Sin duda, doblegar<a title=\"Un ciberataque paraliza los servicios del SEPE\" href=\"https:\/\/www.lavanguardia.com\/economia\/20210309\/6266384\/ataque-informatico-sepe.html\" data-gtm-element=\"container-child-link\">\u00a0las medidas de protecci\u00f3n del SEPE<\/a>, como se supo ayer, o de una entidad bancaria o una aseguradora, como sucedi\u00f3 hace unos meses en nuestro pa\u00eds, es un reto con mayor enjundia para cualquier pirata inform\u00e1tico. Sin embargo, las estad\u00edsticas revelan que, sea por afici\u00f3n o por negocio, que de todo hay, las pymes son las presas preferidas. El seguro de ciberprotecci\u00f3n ofrece una barrera de seguridad para peque\u00f1os empresarios y particulares.<\/div>\n<div><\/div>\n<\/div>\n<\/div>\n<div class=\"article-modules\">\n<div id=\"google_ads_iframe_\/55964524\/lv_w\/seguros\/n_6__container__\">La vulnerabilidad de particulares, aut\u00f3nomos y pymes les convierte adem\u00e1s en presas f\u00e1ciles para los ataques que van acompa\u00f1ador de \u2018mordida\u2019 o, por ser m\u00e1s propios, de una solicitud de rescate o extorsi\u00f3n por parte de los ciberpiratas para volver a la normalidad. El bot\u00edn es m\u00e1s peque\u00f1o, pero el esfuerzo para los desaprensivos que practican este tipo de actividad es min\u00fasculo comparado con v\u00edctimas con m\u00e1s recursos, pero tambi\u00e9n m\u00e1s seguridad.<\/div>\n<p class=\"paragraph\" data-gtm-element-container=\"modulo-texto-link\">La aparici\u00f3n de la pandemia estimul\u00f3 la actividad de los piratas. Un mundo en el que lo digital ha adquirido un protagonismo estelar es un verdadero campo de juegos para los ciberpiratas. Hasta el punto de que el Gobierno de Pedro S\u00e1nchez ha decidido tomar cartas en el asunto y trabaja en la elaboraci\u00f3n de un Plan Nacional de Ciberseguridad.<\/p>\n<p class=\"paragraph\" data-gtm-element-container=\"modulo-texto-link\">Las estad\u00edsticas sobre esta pr\u00e1ctica delictiva son confusas y, desde luego, incompletas. Hay muchos casos en los que no se denuncian y, por lo tanto, no queda constancia de su existencia. Todo apunta, no obstante, que la estad\u00edstica que mantiene que los ciberataques se duplicaron en 2020 parece que se aproxima bastante a la realidad. Como la que se\u00f1ala que, en los \u00faltimos a\u00f1os, los piratas de la red han multiplicado por cuatro su actividad.<\/p>\n<p class=\"paragraph\" data-gtm-element-container=\"modulo-texto-link\">Hay menos consenso a la hora de se\u00f1alar una cifra del porcentaje de ataques que tienen como objetivo a pymes y aut\u00f3nomos. La horquilla es muy amplia, ya que algunas fuentes sit\u00faan esta cifra en el 43% del total, mientras que otra lo prolongan hasta el 70%. En cualquier caso, es evidente que los empresarios y profesionales de este pa\u00eds no pueden tomarse a broma esta amenaza real que comportar graves consencuencias.<\/p>\n<h3 class=\"subtitle\">C\u00f3mo protege el seguro<\/h3>\n<h4 class=\"subtitle\">Prevenci\u00f3n, protecci\u00f3n y control de da\u00f1os<\/h4>\n<p class=\"paragraph\" data-gtm-element-container=\"modulo-texto-link\">Aunque en el mercado encontraremos seguros que ofrecen ciberprotecci\u00f3n a particulares y tambi\u00e9n a pymes y aut\u00f3nomos, son este \u00faltimo perfil empresarial y profesional el que puede elegir entre una mayor variedad de productos. Las necesidades de ciberseguridad que necesitamos a nivel personal podemos encontrarlas cubiertas como garant\u00edas incluidas en otros seguros. Es el caso del seguro de algunos seguros de hogar y tambi\u00e9n algunas p\u00f3lizas de defensa jur\u00eddica, que en este caso se centran m\u00e1s en los aspectos legales que se derivan de un ataque y sus consecuencias.<\/p>\n<p class=\"paragraph\" data-gtm-element-container=\"modulo-texto-link\">El grueso de los productos aseguradores de ciberprotecci\u00f3n est\u00e1n pensados para pymes y aut\u00f3nomos. El inter\u00e9s y el volumen de contrataci\u00f3n de estos seguros por parte de emprendedores, profesionales y peque\u00f1os y medianos empresarios no deja de crecer. Hasta el punto de que es uno de los productos que las compa\u00f1\u00edas y los profesionales de la mediaci\u00f3n consideran estrat\u00e9gicos para su futuro crecimiento.<\/p>\n<p class=\"paragraph\" data-gtm-element-container=\"modulo-texto-link\">Comparado con una gran empresa multinacional o con la Administraci\u00f3n P\u00fablica, la percepci\u00f3n de desprotecci\u00f3n, de vulnerabilidad que tienen las pymes es muy grande. A diferencia de las grandes estructuras, cuentan con menos recursos para protegerse de este tipo de amenazas. Eso tambi\u00e9n se deja notar en las consecuencias que puede tener un ataque. Tanto desde el punto de vista de paralizaci\u00f3n de la actividad, como recuperaci\u00f3n de datos y de reclamaciones por parte de los clientes si se ha producido una perdida de datos. Un ciberataque puede sumir a cualquier negocio en una situaci\u00f3n que puede llegar a provocar el cese de su actividad, en algunos casos.<picture><source srcset=\"https:\/\/www.lavanguardia.com\/files\/content_image_desktop_filter\/uploads\/2020\/10\/29\/5fb290d68ce4b.png\" media=\"(min-width: 638px)\" \/><source srcset=\"https:\/\/www.lavanguardia.com\/files\/content_image_intermediate_filter\/uploads\/2020\/10\/29\/5fb290d68ce4b.png\" media=\"(min-width: 480px)\" \/><\/picture><\/p>\n<p class=\"paragraph\" data-gtm-element-container=\"modulo-texto-link\">Hay muchos productos de ciberprotecci\u00f3n en el mercado para empresas y profesionales. Los m\u00e1s b\u00e1sicos, que se contratan por un coste inferior a los 500 euros anuales, act\u00faan a tres niveles. En primer lugar, la prevenci\u00f3n. Una buena parte de los ataques inform\u00e1ticos se producen como consecuencia de un error humano que acaba por dejar la puerta abierta a un ataque.<\/p>\n<p class=\"paragraph\" data-gtm-element-container=\"modulo-texto-link\">Las aseguradoras ofrecen una bater\u00eda de consejos y hasta cursos para los empleados de las pymes con recomendaciones para minimizar el riesgo de ataque. En esa l\u00ednea de protecci\u00f3n, algunos seguros incluso incorporan entre sus coberturas el acceso e instalaci\u00f3n a un software de protecci\u00f3n, un antivirus, para tratar de frenar la propagaci\u00f3n.<\/p>\n<p class=\"paragraph\" data-gtm-element-container=\"modulo-texto-link\">En el segundo nivel de actuaci\u00f3n se corresponde con la actuaci\u00f3n en caso de ataque. En este sentido, la actuaci\u00f3n del seguro se centra en el plano inform\u00e1tico y en las consecuencias legales que se derivan de estas situaciones. En el plano inform\u00e1tico, las coberturas que podemos encontrar vas desde la prestaci\u00f3n a ayuda para la recuperaci\u00f3n de datos y reparar los da\u00f1os, hasta la indemnizaci\u00f3n por el robo de datos. La mayor\u00eda de los seguros ofrece la asistencia de inform\u00e1ticos expertos que nos aconsejar\u00e1n c\u00f3mo reanudar la actividad de la empresa.<\/p>\n<p class=\"paragraph\" data-gtm-element-container=\"modulo-texto-link\">Un aspecto a tener en cuenta es que estos seguros ofrecen cobertura tanto si los da\u00f1os son consecuencia de un ataque externo, como si tienen su origen en un error humano o, incluso, a causa de la infidelidad de un empleado.<\/p>\n<h3 class=\"subtitle\">Da\u00f1os econ\u00f3micos<\/h3>\n<h4 class=\"subtitle\">El seguro ofrece asistencia legal e indemnizaci\u00f3n por p\u00e9rdida de beneficios<\/h4>\n<p class=\"paragraph\" data-gtm-element-container=\"modulo-texto-link\">Otro plano de un ataque tiene que ver con las consecuencias legales y econ\u00f3micas que puede producir y la cobertura de la responsabilidad civil ante terceros. En el primer caso, la mayor\u00eda de productos existentes en el mercado incluyen en sus coberturas b\u00e1sicas la asistencia legal para hacer frente a reclamaciones de terceros. Aunque en cada caso es diferente y debemos consultar la p\u00f3liza o preguntar a nuestro agente o corredor de seguros, algunas p\u00f3lizas contemplan el pago de indemnizaciones como consecuencia de el robo y posterior divulgaci\u00f3n de datos del que han sido v\u00edctimas nuestros clientes.<\/p>\n<p class=\"paragraph\" data-gtm-element-container=\"modulo-texto-link\">En el caso de p\u00f3lizas ya m\u00e1s sofisticadas y de precio superior, el seguro incorporar el pago de una indemnizaci\u00f3n por cada d\u00eda que nuestro negocio deba permanecer cerrado a consecuencia del ciberataque. En ocasiones, pasan varios d\u00edas hasta el sistema inform\u00e1tico est\u00e1 reparado y se puede retomar la actividad. Esa situaci\u00f3n tiene un impacto en nuestros ingresos, m\u00e1s all\u00e1 de posibles consecuencias a nivel de imagen en el futuro.<\/p>\n<p class=\"paragraph\" data-gtm-element-container=\"modulo-texto-link\">En esta misma l\u00ednea, encontramos en el mercado seguros que se encargan del pago de sanciones de la Agencia de Protecci\u00f3n de Datos por la divulgaci\u00f3n p\u00fablica de datos de nuestros clientes por culpa del ciberataque. En ocasiones, estas garant\u00edan tienen un l\u00edmite. Todo depende de la prima que paguemos.<\/p>\n<p class=\"paragraph\" data-gtm-element-container=\"modulo-texto-link\">En este apartado de garant\u00edas Premium, encontraremos la posibilidad de disponer en nuestras oficinas de un equipo de profesionales altamente cualificados en materia de ciberseguridad, para reparar los da\u00f1os y restablecer la protecci\u00f3n. Y tambi\u00e9n se incluye la posibilidad de disponer de equipos inform\u00e1ticos de sustituci\u00f3n mientras los que han resultado infectados por el ataque vuelven a estar operativos.<\/p>\n<p class=\"paragraph\" data-gtm-element-container=\"modulo-texto-link\">La protecci\u00f3n puede incluso incorporara una garant\u00eda, tambi\u00e9n en productos muy b\u00e1sicos, en la que el asegurado recibe apoyo y asesoramiento especializado para paliar el posible da\u00f1o de su reputaci\u00f3n o de la de su empresa en redes sociales.<\/p>\n<\/div>\n<\/div>\n","protected":false},"excerpt":{"rendered":"<p>Las p\u00f3lizas de ciberprotecci\u00f3n atienden las necesidades de particulares, aut\u00f3nomos y pymes en materia de seguridad inform\u00e1tica ENRIC FREIRE\u00a0\u00a0\u00a010\/03\/2021 16:57 Actualizado a 10\/03\/2021 19:26 Aunque&#8230; <a href=\"https:\/\/www.cmalleida.com\/es\/puedes-contratar-un-seguro-que-te-cubra-en-caso-de-sufrir-un-ciberataque-como-el-sepe-la-vanguardia\/\" rel=\"nofollow\" class=\"lollegirmes\">Llegeix m\u00e9s<\/a><\/p>\n","protected":false},"author":149,"featured_media":4705,"comment_status":"closed","ping_status":"closed","sticky":false,"template":"","format":"standard","meta":{"_acf_changed":false,"_genesis_hide_title":false,"_genesis_hide_breadcrumbs":false,"_genesis_hide_singular_image":false,"_genesis_hide_footer_widgets":false,"_genesis_custom_body_class":"","_genesis_custom_post_class":"","_genesis_layout":"","footnotes":""},"categories":[28,62],"tags":[],"class_list":{"0":"post-8489","1":"post","2":"type-post","3":"status-publish","4":"format-standard","5":"has-post-thumbnail","7":"category-actualidad","8":"category-sinistres-es","9":"entry"},"acf":[],"yoast_head":"<!-- This site is optimized with the Yoast SEO plugin v27.2 - https:\/\/yoast.com\/product\/yoast-seo-wordpress\/ -->\n<title>\u00bfPuedes contratar un seguro que te cubra en caso de sufrir un ciberataque como el SEPE? (La Vanguardia) - Col\u00b7legi de Mediadors d&#039;Assegurances de Lleida<\/title>\n<meta name=\"robots\" content=\"index, follow, max-snippet:-1, max-image-preview:large, max-video-preview:-1\" \/>\n<link rel=\"canonical\" href=\"https:\/\/www.cmalleida.com\/es\/puedes-contratar-un-seguro-que-te-cubra-en-caso-de-sufrir-un-ciberataque-como-el-sepe-la-vanguardia\/\" \/>\n<meta property=\"og:locale\" content=\"es_ES\" \/>\n<meta property=\"og:type\" content=\"article\" \/>\n<meta property=\"og:title\" content=\"\u00bfPuedes contratar un seguro que te cubra en caso de sufrir un ciberataque como el SEPE? (La Vanguardia) - Col\u00b7legi de Mediadors d&#039;Assegurances de Lleida\" \/>\n<meta property=\"og:description\" content=\"Las p\u00f3lizas de ciberprotecci\u00f3n atienden las necesidades de particulares, aut\u00f3nomos y pymes en materia de seguridad inform\u00e1tica ENRIC FREIRE\u00a0\u00a0\u00a010\/03\/2021 16:57 Actualizado a 10\/03\/2021 19:26 Aunque... Llegeix m\u00e9s\" \/>\n<meta property=\"og:url\" content=\"https:\/\/www.cmalleida.com\/es\/puedes-contratar-un-seguro-que-te-cubra-en-caso-de-sufrir-un-ciberataque-como-el-sepe-la-vanguardia\/\" \/>\n<meta property=\"og:site_name\" content=\"Col\u00b7legi de Mediadors d&#039;Assegurances de Lleida\" \/>\n<meta property=\"article:published_time\" content=\"2021-03-12T08:45:39+00:00\" \/>\n<meta property=\"article:modified_time\" content=\"2021-03-12T08:46:00+00:00\" \/>\n<meta property=\"og:image\" content=\"https:\/\/www.cmalleida.com\/wp-content\/uploads\/1-2.jpg\" \/>\n\t<meta property=\"og:image:width\" content=\"450\" \/>\n\t<meta property=\"og:image:height\" content=\"301\" \/>\n\t<meta property=\"og:image:type\" content=\"image\/jpeg\" \/>\n<meta name=\"author\" content=\"Antonieta Castells Dolcet\" \/>\n<meta name=\"twitter:card\" content=\"summary_large_image\" \/>\n<meta name=\"twitter:label1\" content=\"Written by\" \/>\n\t<meta name=\"twitter:data1\" content=\"Antonieta Castells Dolcet\" \/>\n\t<meta name=\"twitter:label2\" content=\"Est. reading time\" \/>\n\t<meta name=\"twitter:data2\" content=\"7 minutos\" \/>\n<script type=\"application\/ld+json\" class=\"yoast-schema-graph\">{\"@context\":\"https:\/\/schema.org\",\"@graph\":[{\"@type\":\"Article\",\"@id\":\"https:\/\/www.cmalleida.com\/es\/puedes-contratar-un-seguro-que-te-cubra-en-caso-de-sufrir-un-ciberataque-como-el-sepe-la-vanguardia\/#article\",\"isPartOf\":{\"@id\":\"https:\/\/www.cmalleida.com\/es\/puedes-contratar-un-seguro-que-te-cubra-en-caso-de-sufrir-un-ciberataque-como-el-sepe-la-vanguardia\/\"},\"author\":{\"name\":\"Antonieta Castells Dolcet\",\"@id\":\"https:\/\/www.cmalleida.com\/es\/#\/schema\/person\/7461453022a0d6ce41c1e530eb4443b4\"},\"headline\":\"\u00bfPuedes contratar un seguro que te cubra en caso de sufrir un ciberataque como el SEPE? (La Vanguardia)\",\"datePublished\":\"2021-03-12T08:45:39+00:00\",\"dateModified\":\"2021-03-12T08:46:00+00:00\",\"mainEntityOfPage\":{\"@id\":\"https:\/\/www.cmalleida.com\/es\/puedes-contratar-un-seguro-que-te-cubra-en-caso-de-sufrir-un-ciberataque-como-el-sepe-la-vanguardia\/\"},\"wordCount\":1402,\"publisher\":{\"@id\":\"https:\/\/www.cmalleida.com\/es\/#organization\"},\"image\":{\"@id\":\"https:\/\/www.cmalleida.com\/es\/puedes-contratar-un-seguro-que-te-cubra-en-caso-de-sufrir-un-ciberataque-como-el-sepe-la-vanguardia\/#primaryimage\"},\"thumbnailUrl\":\"https:\/\/www.cmalleida.com\/wp-content\/uploads\/1-2.jpg\",\"articleSection\":[\"Actualidad\",\"Sinistres\"],\"inLanguage\":\"es\"},{\"@type\":\"WebPage\",\"@id\":\"https:\/\/www.cmalleida.com\/es\/puedes-contratar-un-seguro-que-te-cubra-en-caso-de-sufrir-un-ciberataque-como-el-sepe-la-vanguardia\/\",\"url\":\"https:\/\/www.cmalleida.com\/es\/puedes-contratar-un-seguro-que-te-cubra-en-caso-de-sufrir-un-ciberataque-como-el-sepe-la-vanguardia\/\",\"name\":\"\u00bfPuedes contratar un seguro que te cubra en caso de sufrir un ciberataque como el SEPE? (La Vanguardia) - Col\u00b7legi de Mediadors d&#039;Assegurances de Lleida\",\"isPartOf\":{\"@id\":\"https:\/\/www.cmalleida.com\/es\/#website\"},\"primaryImageOfPage\":{\"@id\":\"https:\/\/www.cmalleida.com\/es\/puedes-contratar-un-seguro-que-te-cubra-en-caso-de-sufrir-un-ciberataque-como-el-sepe-la-vanguardia\/#primaryimage\"},\"image\":{\"@id\":\"https:\/\/www.cmalleida.com\/es\/puedes-contratar-un-seguro-que-te-cubra-en-caso-de-sufrir-un-ciberataque-como-el-sepe-la-vanguardia\/#primaryimage\"},\"thumbnailUrl\":\"https:\/\/www.cmalleida.com\/wp-content\/uploads\/1-2.jpg\",\"datePublished\":\"2021-03-12T08:45:39+00:00\",\"dateModified\":\"2021-03-12T08:46:00+00:00\",\"breadcrumb\":{\"@id\":\"https:\/\/www.cmalleida.com\/es\/puedes-contratar-un-seguro-que-te-cubra-en-caso-de-sufrir-un-ciberataque-como-el-sepe-la-vanguardia\/#breadcrumb\"},\"inLanguage\":\"es\",\"potentialAction\":[{\"@type\":\"ReadAction\",\"target\":[\"https:\/\/www.cmalleida.com\/es\/puedes-contratar-un-seguro-que-te-cubra-en-caso-de-sufrir-un-ciberataque-como-el-sepe-la-vanguardia\/\"]}]},{\"@type\":\"ImageObject\",\"inLanguage\":\"es\",\"@id\":\"https:\/\/www.cmalleida.com\/es\/puedes-contratar-un-seguro-que-te-cubra-en-caso-de-sufrir-un-ciberataque-como-el-sepe-la-vanguardia\/#primaryimage\",\"url\":\"https:\/\/www.cmalleida.com\/wp-content\/uploads\/1-2.jpg\",\"contentUrl\":\"https:\/\/www.cmalleida.com\/wp-content\/uploads\/1-2.jpg\",\"width\":450,\"height\":301,\"caption\":\"1\"},{\"@type\":\"BreadcrumbList\",\"@id\":\"https:\/\/www.cmalleida.com\/es\/puedes-contratar-un-seguro-que-te-cubra-en-caso-de-sufrir-un-ciberataque-como-el-sepe-la-vanguardia\/#breadcrumb\",\"itemListElement\":[{\"@type\":\"ListItem\",\"position\":1,\"name\":\"Inici\",\"item\":\"https:\/\/www.cmalleida.com\/es\/\"},{\"@type\":\"ListItem\",\"position\":2,\"name\":\"\u00bfPuedes contratar un seguro que te cubra en caso de sufrir un ciberataque como el SEPE? (La Vanguardia)\"}]},{\"@type\":\"WebSite\",\"@id\":\"https:\/\/www.cmalleida.com\/es\/#website\",\"url\":\"https:\/\/www.cmalleida.com\/es\/\",\"name\":\"Col\u00b7legi de Mediadors d&#039;Assegurances de Lleida\",\"description\":\"Otro sitio realizado con WordPress\",\"publisher\":{\"@id\":\"https:\/\/www.cmalleida.com\/es\/#organization\"},\"potentialAction\":[{\"@type\":\"SearchAction\",\"target\":{\"@type\":\"EntryPoint\",\"urlTemplate\":\"https:\/\/www.cmalleida.com\/es\/?s={search_term_string}\"},\"query-input\":{\"@type\":\"PropertyValueSpecification\",\"valueRequired\":true,\"valueName\":\"search_term_string\"}}],\"inLanguage\":\"es\"},{\"@type\":\"Organization\",\"@id\":\"https:\/\/www.cmalleida.com\/es\/#organization\",\"name\":\"Col\u00b7legi de Mediadors d'Assegurances de Lleida\",\"url\":\"https:\/\/www.cmalleida.com\/es\/\",\"logo\":{\"@type\":\"ImageObject\",\"inLanguage\":\"es\",\"@id\":\"https:\/\/www.cmalleida.com\/es\/#\/schema\/logo\/image\/\",\"url\":\"\",\"contentUrl\":\"\",\"caption\":\"Col\u00b7legi de Mediadors d'Assegurances de Lleida\"},\"image\":{\"@id\":\"https:\/\/www.cmalleida.com\/es\/#\/schema\/logo\/image\/\"}},{\"@type\":\"Person\",\"@id\":\"https:\/\/www.cmalleida.com\/es\/#\/schema\/person\/7461453022a0d6ce41c1e530eb4443b4\",\"name\":\"Antonieta Castells Dolcet\",\"image\":{\"@type\":\"ImageObject\",\"inLanguage\":\"es\",\"@id\":\"https:\/\/secure.gravatar.com\/avatar\/7738df9a8ff2d12e8b37d088ff0e3e36016e57ab29e5db27ba4fb758a81ea3cb?s=96&d=mm&r=g\",\"url\":\"https:\/\/secure.gravatar.com\/avatar\/7738df9a8ff2d12e8b37d088ff0e3e36016e57ab29e5db27ba4fb758a81ea3cb?s=96&d=mm&r=g\",\"contentUrl\":\"https:\/\/secure.gravatar.com\/avatar\/7738df9a8ff2d12e8b37d088ff0e3e36016e57ab29e5db27ba4fb758a81ea3cb?s=96&d=mm&r=g\",\"caption\":\"Antonieta Castells Dolcet\"},\"sameAs\":[\"http:\/\/www.cmalleida.com\"]}]}<\/script>\n<!-- \/ Yoast SEO plugin. -->","yoast_head_json":{"title":"\u00bfPuedes contratar un seguro que te cubra en caso de sufrir un ciberataque como el SEPE? (La Vanguardia) - Col\u00b7legi de Mediadors d&#039;Assegurances de Lleida","robots":{"index":"index","follow":"follow","max-snippet":"max-snippet:-1","max-image-preview":"max-image-preview:large","max-video-preview":"max-video-preview:-1"},"canonical":"https:\/\/www.cmalleida.com\/es\/puedes-contratar-un-seguro-que-te-cubra-en-caso-de-sufrir-un-ciberataque-como-el-sepe-la-vanguardia\/","og_locale":"es_ES","og_type":"article","og_title":"\u00bfPuedes contratar un seguro que te cubra en caso de sufrir un ciberataque como el SEPE? (La Vanguardia) - Col\u00b7legi de Mediadors d&#039;Assegurances de Lleida","og_description":"Las p\u00f3lizas de ciberprotecci\u00f3n atienden las necesidades de particulares, aut\u00f3nomos y pymes en materia de seguridad inform\u00e1tica ENRIC FREIRE\u00a0\u00a0\u00a010\/03\/2021 16:57 Actualizado a 10\/03\/2021 19:26 Aunque... Llegeix m\u00e9s","og_url":"https:\/\/www.cmalleida.com\/es\/puedes-contratar-un-seguro-que-te-cubra-en-caso-de-sufrir-un-ciberataque-como-el-sepe-la-vanguardia\/","og_site_name":"Col\u00b7legi de Mediadors d&#039;Assegurances de Lleida","article_published_time":"2021-03-12T08:45:39+00:00","article_modified_time":"2021-03-12T08:46:00+00:00","og_image":[{"width":450,"height":301,"url":"https:\/\/www.cmalleida.com\/wp-content\/uploads\/1-2.jpg","type":"image\/jpeg"}],"author":"Antonieta Castells Dolcet","twitter_card":"summary_large_image","twitter_misc":{"Written by":"Antonieta Castells Dolcet","Est. reading time":"7 minutos"},"schema":{"@context":"https:\/\/schema.org","@graph":[{"@type":"Article","@id":"https:\/\/www.cmalleida.com\/es\/puedes-contratar-un-seguro-que-te-cubra-en-caso-de-sufrir-un-ciberataque-como-el-sepe-la-vanguardia\/#article","isPartOf":{"@id":"https:\/\/www.cmalleida.com\/es\/puedes-contratar-un-seguro-que-te-cubra-en-caso-de-sufrir-un-ciberataque-como-el-sepe-la-vanguardia\/"},"author":{"name":"Antonieta Castells Dolcet","@id":"https:\/\/www.cmalleida.com\/es\/#\/schema\/person\/7461453022a0d6ce41c1e530eb4443b4"},"headline":"\u00bfPuedes contratar un seguro que te cubra en caso de sufrir un ciberataque como el SEPE? (La Vanguardia)","datePublished":"2021-03-12T08:45:39+00:00","dateModified":"2021-03-12T08:46:00+00:00","mainEntityOfPage":{"@id":"https:\/\/www.cmalleida.com\/es\/puedes-contratar-un-seguro-que-te-cubra-en-caso-de-sufrir-un-ciberataque-como-el-sepe-la-vanguardia\/"},"wordCount":1402,"publisher":{"@id":"https:\/\/www.cmalleida.com\/es\/#organization"},"image":{"@id":"https:\/\/www.cmalleida.com\/es\/puedes-contratar-un-seguro-que-te-cubra-en-caso-de-sufrir-un-ciberataque-como-el-sepe-la-vanguardia\/#primaryimage"},"thumbnailUrl":"https:\/\/www.cmalleida.com\/wp-content\/uploads\/1-2.jpg","articleSection":["Actualidad","Sinistres"],"inLanguage":"es"},{"@type":"WebPage","@id":"https:\/\/www.cmalleida.com\/es\/puedes-contratar-un-seguro-que-te-cubra-en-caso-de-sufrir-un-ciberataque-como-el-sepe-la-vanguardia\/","url":"https:\/\/www.cmalleida.com\/es\/puedes-contratar-un-seguro-que-te-cubra-en-caso-de-sufrir-un-ciberataque-como-el-sepe-la-vanguardia\/","name":"\u00bfPuedes contratar un seguro que te cubra en caso de sufrir un ciberataque como el SEPE? (La Vanguardia) - Col\u00b7legi de Mediadors d&#039;Assegurances de Lleida","isPartOf":{"@id":"https:\/\/www.cmalleida.com\/es\/#website"},"primaryImageOfPage":{"@id":"https:\/\/www.cmalleida.com\/es\/puedes-contratar-un-seguro-que-te-cubra-en-caso-de-sufrir-un-ciberataque-como-el-sepe-la-vanguardia\/#primaryimage"},"image":{"@id":"https:\/\/www.cmalleida.com\/es\/puedes-contratar-un-seguro-que-te-cubra-en-caso-de-sufrir-un-ciberataque-como-el-sepe-la-vanguardia\/#primaryimage"},"thumbnailUrl":"https:\/\/www.cmalleida.com\/wp-content\/uploads\/1-2.jpg","datePublished":"2021-03-12T08:45:39+00:00","dateModified":"2021-03-12T08:46:00+00:00","breadcrumb":{"@id":"https:\/\/www.cmalleida.com\/es\/puedes-contratar-un-seguro-que-te-cubra-en-caso-de-sufrir-un-ciberataque-como-el-sepe-la-vanguardia\/#breadcrumb"},"inLanguage":"es","potentialAction":[{"@type":"ReadAction","target":["https:\/\/www.cmalleida.com\/es\/puedes-contratar-un-seguro-que-te-cubra-en-caso-de-sufrir-un-ciberataque-como-el-sepe-la-vanguardia\/"]}]},{"@type":"ImageObject","inLanguage":"es","@id":"https:\/\/www.cmalleida.com\/es\/puedes-contratar-un-seguro-que-te-cubra-en-caso-de-sufrir-un-ciberataque-como-el-sepe-la-vanguardia\/#primaryimage","url":"https:\/\/www.cmalleida.com\/wp-content\/uploads\/1-2.jpg","contentUrl":"https:\/\/www.cmalleida.com\/wp-content\/uploads\/1-2.jpg","width":450,"height":301,"caption":"1"},{"@type":"BreadcrumbList","@id":"https:\/\/www.cmalleida.com\/es\/puedes-contratar-un-seguro-que-te-cubra-en-caso-de-sufrir-un-ciberataque-como-el-sepe-la-vanguardia\/#breadcrumb","itemListElement":[{"@type":"ListItem","position":1,"name":"Inici","item":"https:\/\/www.cmalleida.com\/es\/"},{"@type":"ListItem","position":2,"name":"\u00bfPuedes contratar un seguro que te cubra en caso de sufrir un ciberataque como el SEPE? (La Vanguardia)"}]},{"@type":"WebSite","@id":"https:\/\/www.cmalleida.com\/es\/#website","url":"https:\/\/www.cmalleida.com\/es\/","name":"Col\u00b7legi de Mediadors d&#039;Assegurances de Lleida","description":"Otro sitio realizado con WordPress","publisher":{"@id":"https:\/\/www.cmalleida.com\/es\/#organization"},"potentialAction":[{"@type":"SearchAction","target":{"@type":"EntryPoint","urlTemplate":"https:\/\/www.cmalleida.com\/es\/?s={search_term_string}"},"query-input":{"@type":"PropertyValueSpecification","valueRequired":true,"valueName":"search_term_string"}}],"inLanguage":"es"},{"@type":"Organization","@id":"https:\/\/www.cmalleida.com\/es\/#organization","name":"Col\u00b7legi de Mediadors d'Assegurances de Lleida","url":"https:\/\/www.cmalleida.com\/es\/","logo":{"@type":"ImageObject","inLanguage":"es","@id":"https:\/\/www.cmalleida.com\/es\/#\/schema\/logo\/image\/","url":"","contentUrl":"","caption":"Col\u00b7legi de Mediadors d'Assegurances de Lleida"},"image":{"@id":"https:\/\/www.cmalleida.com\/es\/#\/schema\/logo\/image\/"}},{"@type":"Person","@id":"https:\/\/www.cmalleida.com\/es\/#\/schema\/person\/7461453022a0d6ce41c1e530eb4443b4","name":"Antonieta Castells Dolcet","image":{"@type":"ImageObject","inLanguage":"es","@id":"https:\/\/secure.gravatar.com\/avatar\/7738df9a8ff2d12e8b37d088ff0e3e36016e57ab29e5db27ba4fb758a81ea3cb?s=96&d=mm&r=g","url":"https:\/\/secure.gravatar.com\/avatar\/7738df9a8ff2d12e8b37d088ff0e3e36016e57ab29e5db27ba4fb758a81ea3cb?s=96&d=mm&r=g","contentUrl":"https:\/\/secure.gravatar.com\/avatar\/7738df9a8ff2d12e8b37d088ff0e3e36016e57ab29e5db27ba4fb758a81ea3cb?s=96&d=mm&r=g","caption":"Antonieta Castells Dolcet"},"sameAs":["http:\/\/www.cmalleida.com"]}]}},"_links":{"self":[{"href":"https:\/\/www.cmalleida.com\/es\/wp-json\/wp\/v2\/posts\/8489","targetHints":{"allow":["GET"]}}],"collection":[{"href":"https:\/\/www.cmalleida.com\/es\/wp-json\/wp\/v2\/posts"}],"about":[{"href":"https:\/\/www.cmalleida.com\/es\/wp-json\/wp\/v2\/types\/post"}],"author":[{"embeddable":true,"href":"https:\/\/www.cmalleida.com\/es\/wp-json\/wp\/v2\/users\/149"}],"replies":[{"embeddable":true,"href":"https:\/\/www.cmalleida.com\/es\/wp-json\/wp\/v2\/comments?post=8489"}],"version-history":[{"count":2,"href":"https:\/\/www.cmalleida.com\/es\/wp-json\/wp\/v2\/posts\/8489\/revisions"}],"predecessor-version":[{"id":8491,"href":"https:\/\/www.cmalleida.com\/es\/wp-json\/wp\/v2\/posts\/8489\/revisions\/8491"}],"wp:featuredmedia":[{"embeddable":true,"href":"https:\/\/www.cmalleida.com\/es\/wp-json\/wp\/v2\/media\/4705"}],"wp:attachment":[{"href":"https:\/\/www.cmalleida.com\/es\/wp-json\/wp\/v2\/media?parent=8489"}],"wp:term":[{"taxonomy":"category","embeddable":true,"href":"https:\/\/www.cmalleida.com\/es\/wp-json\/wp\/v2\/categories?post=8489"},{"taxonomy":"post_tag","embeddable":true,"href":"https:\/\/www.cmalleida.com\/es\/wp-json\/wp\/v2\/tags?post=8489"}],"curies":[{"name":"wp","href":"https:\/\/api.w.org\/{rel}","templated":true}]}}