{"id":8462,"date":"2021-03-05T10:12:35","date_gmt":"2021-03-05T09:12:35","guid":{"rendered":"https:\/\/www.cmalleida.com\/?p=8462"},"modified":"2021-03-05T10:12:35","modified_gmt":"2021-03-05T09:12:35","slug":"como-se-protegen-los-agricultores-y-ganaderos-de-los-imprevistos-la-vanguardia","status":"publish","type":"post","link":"https:\/\/www.cmalleida.com\/es\/como-se-protegen-los-agricultores-y-ganaderos-de-los-imprevistos-la-vanguardia\/","title":{"rendered":"\u00bfC\u00f3mo se protegen los agricultores y ganaderos de los imprevistos? (La Vanguardia)"},"content":{"rendered":"<header class=\"article-top-header col-12\">\n<div class=\"article-top\">\n<div class=\"article-top-titles\">\n<div class=\"title-container\">\n<h4 class=\"title\"><span style=\"font-size: 16px;\">Agroseguro gestiona 400.000 contratos de seguro todos los a\u00f1os que ofrecen estabilidad a los profesionales del campo ante tormentas, sequ\u00edas, inundaciones, incendios, plagas y enfermedades<\/span><\/h4>\n<\/div>\n<\/div>\n<div class=\"article-media-main\">\n<figure class=\"composite-image image-container \" data-gtm-element-container=\"button-gallery\"><a href=\"https:\/\/www.lavanguardia.com\/autores\/enric-freire.html\" data-gtm-element=\"container-child-link\">ENRIC FREIRE\u00a0\u00a0\u00a0<\/a>05\/03\/2021 07:00<\/figure>\n<\/div>\n<\/div>\n<\/header>\n<div class=\"article-content col-12 col-md-8\">\n<div class=\"article-info\">\n<div class=\"social-buttons social-share\" data-gtm-element=\"leaf-social-share-top\">\n<div class=\"social-right\">La imagen buc\u00f3lica y de tranquilidad de la vida en el campo que habitualmente se tiene desde la distancia poco tiene que ver con la realidad. Al menos, si la econom\u00eda familiar depende de que una tormenta, una noche fr\u00eda o una nevada a destiempo acabe por arruinar el trabajo de todo un a\u00f1o. O si un virus, como no, o cualquier pat\u00f3geno puede mermar el reba\u00f1o y de paso los ingresos econ\u00f3micos.<\/div>\n<\/div>\n<\/div>\n<div class=\"article-modules\">\n<p class=\"paragraph\" data-gtm-element-container=\"modulo-texto-link\">Pocos negocios est\u00e1n tan expuestos al azar o, mejor dicho, a las fuerzas de la naturaleza imposibles de controlar, como la agricultura y la ganader\u00eda. Una actividad sacrificada como pocas y vulnerable, aunque la mayor\u00eda de las veces se desarrolle en paisajes de postal. La tecnolog\u00eda ayuda a minimizar algunos riesgos, pero hay eventos que est\u00e1n por encima de cualquier ingenio creado por el hombre.<\/p>\n<p class=\"paragraph\" data-gtm-element-container=\"modulo-texto-link\">\u00bfSe puede ser agricultor o ganadero sin un seguro? Dif\u00edcil de decir, pero en un pa\u00eds en el que no sabe llover, no hay que tirar mucho de la imaginaci\u00f3n para saber que la actividad estar\u00eda limitada, ya no a los atrevidos, sino a los temerarios.<\/p>\n<p class=\"paragraph\" data-gtm-element-container=\"modulo-texto-link\">Basta analizar lo sucedido hace unos meses con los efectos de Filomena. Aunque la tormenta se hizo especialmente famosa por los da\u00f1os en las ciudades, especialmente en Madrid, lo cierto es que sus efectos tambi\u00e9n causaron estragos en algunas zonas del campo espa\u00f1ol. Los c\u00e1lculos iniciales situaban entre 60 y 80 millones de euros las perdidas aseguradas producidas por Filomena.<\/p>\n<p class=\"paragraph\" data-gtm-element-container=\"modulo-texto-link\">Tanto la pol\u00edtica del Ministerio de Agricultura, Ganader\u00eda y Pesca como de las consejer\u00edas de las comunidades aut\u00f3nomas es bastante clara. En el caso de un siniestro no asegurable, solo podr\u00e1n recibir ayudas los agricultores y ganaderos que hayan contratado seguros agrarios. El principio que rige esta decisi\u00f3n es ayudar al que se ayuda.<\/p>\n<h4 class=\"subtitle\">Historias de otro tiempo<\/h4>\n<h4 class=\"subtitle\">En plena Transici\u00f3n se cre\u00f3 un sistema p\u00fablico-privado de aseguramiento<\/h4>\n<p class=\"paragraph\" data-gtm-element-container=\"modulo-texto-link\">Pocos a\u00f1os antes de su pol\u00e9mica confesi\u00f3n, Jordi Pujol, el ex presidente de la Generalitat de Catalunya, dirigi\u00e9ndose a un auditorio lleno de profesionales del sector asegurador, comparti\u00f3 un recuerdo de varias d\u00e9cadas atr\u00e1s. Durante sus continuos viajes de fin de semana por la geograf\u00eda catalana, en su primer mandato a principios de los a\u00f1os 80, era habitual que los alcaldes advertidos de su presencia por el territorio le pidieran que visitara su localidad, aunque no formara parte de su programa inicial.<\/p>\n<p class=\"paragraph\" data-gtm-element-container=\"modulo-texto-link\">Ese fue el caso en un viaje por las comarcas de Lleida. El edil de un pueblo con una importante industria hortofrut\u00edcola le pidi\u00f3 que hiciera una parada en la localidad para calmar a los agricultores que hab\u00edan perdido casi toda la cosecha por los efectos de una reciente e inoportuna tormenta de granizo. Pujol acept\u00f3 la invitaci\u00f3n y se desvi\u00f3 de su ruta para animar a los productores que esperaban una ayuda de la Administraci\u00f3n catalana. El<i>\u00a0president<\/i>\u00a0les prometi\u00f3 a los presentes, que eran muchos, que en aquella ocasi\u00f3n la Generalitat saldr\u00eda en su auxilio, pero que de cara al futuro era necesario encontrar una alternativa a trav\u00e9s los seguros privados, como ya suced\u00eda en cualquier otra industria.<\/p>\n<p class=\"paragraph\" data-gtm-element-container=\"modulo-texto-link\">Seg\u00fan Pujol, la primera parte de su intervenci\u00f3n arranc\u00f3 los aplausos de los agricultores agobiados por la situaci\u00f3n y aliviados ante la promesa del pol\u00edtico. La segunda, en cambio, gener\u00f3 algo de inquietud. No hab\u00eda costumbre.<\/p>\n<p class=\"paragraph\" data-gtm-element-container=\"modulo-texto-link\">Por las fechas en las que, aproximadamente, se sit\u00faa esta historia, naci\u00f3\u00a0<a title=\"Agroseguro: 40 a\u00f1os m\u00e1s all\u00e1 de los campos de Castilla\" href=\"https:\/\/www.lavanguardia.com\/seguros\/20200520\/481293980395\/agroseguro-seguro-agrario-agricultura-ganaderia-sequia.html\" data-gtm-element=\"container-child-link\">Agroseguro<\/a>. El prop\u00f3sito del entonces president llevaba ya tiempo cocin\u00e1ndose al calor de una \u00e9poca de amplios pactos y consensos entre fuerzas pol\u00edticas diferentes e interlocutores sociales. La intenci\u00f3n era crear un sistema de seguros agrarios que ofrecieran cobertura de todos los riesgos que pueden acontecer en una explotaci\u00f3n agraria o pecuaria. Eran los a\u00f1os de los Pactos de la Moncloa.<\/p>\n<p class=\"paragraph\" data-gtm-element-container=\"modulo-texto-link\">La idea cristaliz\u00f3 en el Plan de Seguros Agrarios anual que surge de una ley de 1978. Dos a\u00f1os despu\u00e9s nace Agroseguro, con la participaci\u00f3n de las compa\u00f1\u00edas privadas que est\u00e1n interesadas en operar en el aseguramiento del sector. Actualmente, son 20 las aseguradoras que participan en este pool p\u00fablico-privado que se hace cargo de gestionar la contrataci\u00f3n, asumir los riesgos y dise\u00f1ar los productos. Como sucede en otros ramos, los riesgos extraordinarios son territorio del Consorcio de Compensaci\u00f3n de Seguros.<\/p>\n<h4 class=\"subtitle\">No es un seguro obligatorio<\/h4>\n<h4 class=\"subtitle\">Agroseguro gestiona 400.000 contratos de seguros al a\u00f1o<\/h4>\n<p class=\"paragraph\" data-gtm-element-container=\"modulo-texto-link\">La distribuci\u00f3n de estos seguros combinados la llevan a cabo agentes y corredores de seguros, algunos con una amplia dedicaci\u00f3n a este ramo con un alto grado de complejidad. No hay que olvidar que cada productor decide si contrata o no un seguro y que existen m\u00faltiples coberturas y garant\u00edas, m\u00e1s all\u00e1 de las b\u00e1sicas. Las compa\u00f1\u00edas que participan en este ramo ofrecen productos diferentes. El asesoramiento de un experto en seguros sirve para identificar las necesidades y los riesgos de cada explotaci\u00f3n.<\/p>\n<p class=\"paragraph\" data-gtm-element-container=\"modulo-texto-link\">La existencia de Agroseguro, las ayudas p\u00fablicas y la labor de concienciaci\u00f3n de los profesionales del sector han hecho que el nivel de aseguramiento del campo espa\u00f1ol sea muy alto, aunque por ley solo los propietarios forestales est\u00e1n obligados a contratar un seguro. Las subvenciones para el aseguramiento, a cargo de los presupuestos del Estado, contribuyen a la elevada contrataci\u00f3n. Seg\u00fan c\u00e1lculos de la patronal del Seguro, UNESPA, a trav\u00e9s de Agroseguro se gestionan alrededor de 400.000 contratos de seguros al a\u00f1o.<\/p>\n<p class=\"paragraph\" data-gtm-element-container=\"modulo-texto-link\">La ley impide a las compa\u00f1\u00edas que participan en Agroseguro rechazar un riesgo, mientras que los agricultores y ganaderos que contratan un seguro est\u00e1n obligados a incluir toda su superficie de producci\u00f3n.<\/p>\n<p class=\"paragraph\" data-gtm-element-container=\"modulo-texto-link\">Siguiendo con las estad\u00edsticas, se estima que anualmente se registran entorno a 1,5 millones de siniestros relacionados con las 44 l\u00edneas de producto que comercializa el pool. Los \u00faltimos a\u00f1os han estado marcados por una elevada siniestralidad, aunque el record corresponde a 2012, el a\u00f1o en el que la cultura maya situ\u00f3 el fin del mundo, y que Agroseguro pag\u00f3 760 millones de euros en indemnizaciones.<\/p>\n<p class=\"paragraph\" data-gtm-element-container=\"modulo-texto-link\">A ning\u00fan agricultor le gusta que el granizo destruya su trabajo, o que la enfermedad diezme su ganado. Pero si cuenta con un seguro podr\u00e1 esperar a que la naturaleza est\u00e9 de su lado el pr\u00f3ximo a\u00f1o.<\/p>\n<\/div>\n<\/div>\n","protected":false},"excerpt":{"rendered":"<p>Agroseguro gestiona 400.000 contratos de seguro todos los a\u00f1os que ofrecen estabilidad a los profesionales del campo ante tormentas, sequ\u00edas, inundaciones, incendios, plagas y enfermedades&#8230; <a href=\"https:\/\/www.cmalleida.com\/es\/como-se-protegen-los-agricultores-y-ganaderos-de-los-imprevistos-la-vanguardia\/\" rel=\"nofollow\" class=\"lollegirmes\">Llegeix m\u00e9s<\/a><\/p>\n","protected":false},"author":149,"featured_media":8053,"comment_status":"closed","ping_status":"closed","sticky":false,"template":"","format":"standard","meta":{"_acf_changed":false,"_genesis_hide_title":false,"_genesis_hide_breadcrumbs":false,"_genesis_hide_singular_image":false,"_genesis_hide_footer_widgets":false,"_genesis_custom_body_class":"","_genesis_custom_post_class":"","_genesis_layout":"","footnotes":""},"categories":[28,62],"tags":[],"class_list":{"0":"post-8462","1":"post","2":"type-post","3":"status-publish","4":"format-standard","5":"has-post-thumbnail","7":"category-actualidad","8":"category-sinistres-es","9":"entry"},"acf":[],"yoast_head":"<!-- This site is optimized with the Yoast SEO plugin v27.2 - https:\/\/yoast.com\/product\/yoast-seo-wordpress\/ -->\n<title>\u00bfC\u00f3mo se protegen los agricultores y ganaderos de los imprevistos? (La Vanguardia) - Col\u00b7legi de Mediadors d&#039;Assegurances de Lleida<\/title>\n<meta name=\"robots\" content=\"index, follow, max-snippet:-1, max-image-preview:large, max-video-preview:-1\" \/>\n<link rel=\"canonical\" href=\"https:\/\/www.cmalleida.com\/es\/como-se-protegen-los-agricultores-y-ganaderos-de-los-imprevistos-la-vanguardia\/\" \/>\n<meta property=\"og:locale\" content=\"es_ES\" \/>\n<meta property=\"og:type\" content=\"article\" \/>\n<meta property=\"og:title\" content=\"\u00bfC\u00f3mo se protegen los agricultores y ganaderos de los imprevistos? (La Vanguardia) - Col\u00b7legi de Mediadors d&#039;Assegurances de Lleida\" \/>\n<meta property=\"og:description\" content=\"Agroseguro gestiona 400.000 contratos de seguro todos los a\u00f1os que ofrecen estabilidad a los profesionales del campo ante tormentas, sequ\u00edas, inundaciones, incendios, plagas y enfermedades... Llegeix m\u00e9s\" \/>\n<meta property=\"og:url\" content=\"https:\/\/www.cmalleida.com\/es\/como-se-protegen-los-agricultores-y-ganaderos-de-los-imprevistos-la-vanguardia\/\" \/>\n<meta property=\"og:site_name\" content=\"Col\u00b7legi de Mediadors d&#039;Assegurances de Lleida\" \/>\n<meta property=\"article:published_time\" content=\"2021-03-05T09:12:35+00:00\" \/>\n<meta property=\"og:image\" content=\"https:\/\/www.cmalleida.com\/wp-content\/uploads\/captura-26.png\" \/>\n\t<meta property=\"og:image:width\" content=\"286\" \/>\n\t<meta property=\"og:image:height\" content=\"383\" \/>\n\t<meta property=\"og:image:type\" content=\"image\/png\" \/>\n<meta name=\"author\" content=\"Antonieta Castells Dolcet\" \/>\n<meta name=\"twitter:card\" content=\"summary_large_image\" \/>\n<meta name=\"twitter:label1\" content=\"Written by\" \/>\n\t<meta name=\"twitter:data1\" content=\"Antonieta Castells Dolcet\" \/>\n\t<meta name=\"twitter:label2\" content=\"Est. reading time\" \/>\n\t<meta name=\"twitter:data2\" content=\"6 minutos\" \/>\n<script type=\"application\/ld+json\" class=\"yoast-schema-graph\">{\"@context\":\"https:\/\/schema.org\",\"@graph\":[{\"@type\":\"Article\",\"@id\":\"https:\/\/www.cmalleida.com\/es\/como-se-protegen-los-agricultores-y-ganaderos-de-los-imprevistos-la-vanguardia\/#article\",\"isPartOf\":{\"@id\":\"https:\/\/www.cmalleida.com\/es\/como-se-protegen-los-agricultores-y-ganaderos-de-los-imprevistos-la-vanguardia\/\"},\"author\":{\"name\":\"Antonieta Castells Dolcet\",\"@id\":\"https:\/\/www.cmalleida.com\/es\/#\/schema\/person\/7461453022a0d6ce41c1e530eb4443b4\"},\"headline\":\"\u00bfC\u00f3mo se protegen los agricultores y ganaderos de los imprevistos? (La Vanguardia)\",\"datePublished\":\"2021-03-05T09:12:35+00:00\",\"mainEntityOfPage\":{\"@id\":\"https:\/\/www.cmalleida.com\/es\/como-se-protegen-los-agricultores-y-ganaderos-de-los-imprevistos-la-vanguardia\/\"},\"wordCount\":1140,\"publisher\":{\"@id\":\"https:\/\/www.cmalleida.com\/es\/#organization\"},\"image\":{\"@id\":\"https:\/\/www.cmalleida.com\/es\/como-se-protegen-los-agricultores-y-ganaderos-de-los-imprevistos-la-vanguardia\/#primaryimage\"},\"thumbnailUrl\":\"https:\/\/www.cmalleida.com\/wp-content\/uploads\/captura-26.png\",\"articleSection\":[\"Actualidad\",\"Sinistres\"],\"inLanguage\":\"es\"},{\"@type\":\"WebPage\",\"@id\":\"https:\/\/www.cmalleida.com\/es\/como-se-protegen-los-agricultores-y-ganaderos-de-los-imprevistos-la-vanguardia\/\",\"url\":\"https:\/\/www.cmalleida.com\/es\/como-se-protegen-los-agricultores-y-ganaderos-de-los-imprevistos-la-vanguardia\/\",\"name\":\"\u00bfC\u00f3mo se protegen los agricultores y ganaderos de los imprevistos? (La Vanguardia) - Col\u00b7legi de Mediadors d&#039;Assegurances de Lleida\",\"isPartOf\":{\"@id\":\"https:\/\/www.cmalleida.com\/es\/#website\"},\"primaryImageOfPage\":{\"@id\":\"https:\/\/www.cmalleida.com\/es\/como-se-protegen-los-agricultores-y-ganaderos-de-los-imprevistos-la-vanguardia\/#primaryimage\"},\"image\":{\"@id\":\"https:\/\/www.cmalleida.com\/es\/como-se-protegen-los-agricultores-y-ganaderos-de-los-imprevistos-la-vanguardia\/#primaryimage\"},\"thumbnailUrl\":\"https:\/\/www.cmalleida.com\/wp-content\/uploads\/captura-26.png\",\"datePublished\":\"2021-03-05T09:12:35+00:00\",\"breadcrumb\":{\"@id\":\"https:\/\/www.cmalleida.com\/es\/como-se-protegen-los-agricultores-y-ganaderos-de-los-imprevistos-la-vanguardia\/#breadcrumb\"},\"inLanguage\":\"es\",\"potentialAction\":[{\"@type\":\"ReadAction\",\"target\":[\"https:\/\/www.cmalleida.com\/es\/como-se-protegen-los-agricultores-y-ganaderos-de-los-imprevistos-la-vanguardia\/\"]}]},{\"@type\":\"ImageObject\",\"inLanguage\":\"es\",\"@id\":\"https:\/\/www.cmalleida.com\/es\/como-se-protegen-los-agricultores-y-ganaderos-de-los-imprevistos-la-vanguardia\/#primaryimage\",\"url\":\"https:\/\/www.cmalleida.com\/wp-content\/uploads\/captura-26.png\",\"contentUrl\":\"https:\/\/www.cmalleida.com\/wp-content\/uploads\/captura-26.png\",\"width\":286,\"height\":383,\"caption\":\"Captura\"},{\"@type\":\"BreadcrumbList\",\"@id\":\"https:\/\/www.cmalleida.com\/es\/como-se-protegen-los-agricultores-y-ganaderos-de-los-imprevistos-la-vanguardia\/#breadcrumb\",\"itemListElement\":[{\"@type\":\"ListItem\",\"position\":1,\"name\":\"Inici\",\"item\":\"https:\/\/www.cmalleida.com\/es\/\"},{\"@type\":\"ListItem\",\"position\":2,\"name\":\"\u00bfC\u00f3mo se protegen los agricultores y ganaderos de los imprevistos? (La Vanguardia)\"}]},{\"@type\":\"WebSite\",\"@id\":\"https:\/\/www.cmalleida.com\/es\/#website\",\"url\":\"https:\/\/www.cmalleida.com\/es\/\",\"name\":\"Col\u00b7legi de Mediadors d&#039;Assegurances de Lleida\",\"description\":\"Otro sitio realizado con WordPress\",\"publisher\":{\"@id\":\"https:\/\/www.cmalleida.com\/es\/#organization\"},\"potentialAction\":[{\"@type\":\"SearchAction\",\"target\":{\"@type\":\"EntryPoint\",\"urlTemplate\":\"https:\/\/www.cmalleida.com\/es\/?s={search_term_string}\"},\"query-input\":{\"@type\":\"PropertyValueSpecification\",\"valueRequired\":true,\"valueName\":\"search_term_string\"}}],\"inLanguage\":\"es\"},{\"@type\":\"Organization\",\"@id\":\"https:\/\/www.cmalleida.com\/es\/#organization\",\"name\":\"Col\u00b7legi de Mediadors d'Assegurances de Lleida\",\"url\":\"https:\/\/www.cmalleida.com\/es\/\",\"logo\":{\"@type\":\"ImageObject\",\"inLanguage\":\"es\",\"@id\":\"https:\/\/www.cmalleida.com\/es\/#\/schema\/logo\/image\/\",\"url\":\"\",\"contentUrl\":\"\",\"caption\":\"Col\u00b7legi de Mediadors d'Assegurances de Lleida\"},\"image\":{\"@id\":\"https:\/\/www.cmalleida.com\/es\/#\/schema\/logo\/image\/\"}},{\"@type\":\"Person\",\"@id\":\"https:\/\/www.cmalleida.com\/es\/#\/schema\/person\/7461453022a0d6ce41c1e530eb4443b4\",\"name\":\"Antonieta Castells Dolcet\",\"image\":{\"@type\":\"ImageObject\",\"inLanguage\":\"es\",\"@id\":\"https:\/\/secure.gravatar.com\/avatar\/7738df9a8ff2d12e8b37d088ff0e3e36016e57ab29e5db27ba4fb758a81ea3cb?s=96&d=mm&r=g\",\"url\":\"https:\/\/secure.gravatar.com\/avatar\/7738df9a8ff2d12e8b37d088ff0e3e36016e57ab29e5db27ba4fb758a81ea3cb?s=96&d=mm&r=g\",\"contentUrl\":\"https:\/\/secure.gravatar.com\/avatar\/7738df9a8ff2d12e8b37d088ff0e3e36016e57ab29e5db27ba4fb758a81ea3cb?s=96&d=mm&r=g\",\"caption\":\"Antonieta Castells Dolcet\"},\"sameAs\":[\"http:\/\/www.cmalleida.com\"]}]}<\/script>\n<!-- \/ Yoast SEO plugin. -->","yoast_head_json":{"title":"\u00bfC\u00f3mo se protegen los agricultores y ganaderos de los imprevistos? (La Vanguardia) - Col\u00b7legi de Mediadors d&#039;Assegurances de Lleida","robots":{"index":"index","follow":"follow","max-snippet":"max-snippet:-1","max-image-preview":"max-image-preview:large","max-video-preview":"max-video-preview:-1"},"canonical":"https:\/\/www.cmalleida.com\/es\/como-se-protegen-los-agricultores-y-ganaderos-de-los-imprevistos-la-vanguardia\/","og_locale":"es_ES","og_type":"article","og_title":"\u00bfC\u00f3mo se protegen los agricultores y ganaderos de los imprevistos? (La Vanguardia) - Col\u00b7legi de Mediadors d&#039;Assegurances de Lleida","og_description":"Agroseguro gestiona 400.000 contratos de seguro todos los a\u00f1os que ofrecen estabilidad a los profesionales del campo ante tormentas, sequ\u00edas, inundaciones, incendios, plagas y enfermedades... Llegeix m\u00e9s","og_url":"https:\/\/www.cmalleida.com\/es\/como-se-protegen-los-agricultores-y-ganaderos-de-los-imprevistos-la-vanguardia\/","og_site_name":"Col\u00b7legi de Mediadors d&#039;Assegurances de Lleida","article_published_time":"2021-03-05T09:12:35+00:00","og_image":[{"width":286,"height":383,"url":"https:\/\/www.cmalleida.com\/wp-content\/uploads\/captura-26.png","type":"image\/png"}],"author":"Antonieta Castells Dolcet","twitter_card":"summary_large_image","twitter_misc":{"Written by":"Antonieta Castells Dolcet","Est. reading time":"6 minutos"},"schema":{"@context":"https:\/\/schema.org","@graph":[{"@type":"Article","@id":"https:\/\/www.cmalleida.com\/es\/como-se-protegen-los-agricultores-y-ganaderos-de-los-imprevistos-la-vanguardia\/#article","isPartOf":{"@id":"https:\/\/www.cmalleida.com\/es\/como-se-protegen-los-agricultores-y-ganaderos-de-los-imprevistos-la-vanguardia\/"},"author":{"name":"Antonieta Castells Dolcet","@id":"https:\/\/www.cmalleida.com\/es\/#\/schema\/person\/7461453022a0d6ce41c1e530eb4443b4"},"headline":"\u00bfC\u00f3mo se protegen los agricultores y ganaderos de los imprevistos? (La Vanguardia)","datePublished":"2021-03-05T09:12:35+00:00","mainEntityOfPage":{"@id":"https:\/\/www.cmalleida.com\/es\/como-se-protegen-los-agricultores-y-ganaderos-de-los-imprevistos-la-vanguardia\/"},"wordCount":1140,"publisher":{"@id":"https:\/\/www.cmalleida.com\/es\/#organization"},"image":{"@id":"https:\/\/www.cmalleida.com\/es\/como-se-protegen-los-agricultores-y-ganaderos-de-los-imprevistos-la-vanguardia\/#primaryimage"},"thumbnailUrl":"https:\/\/www.cmalleida.com\/wp-content\/uploads\/captura-26.png","articleSection":["Actualidad","Sinistres"],"inLanguage":"es"},{"@type":"WebPage","@id":"https:\/\/www.cmalleida.com\/es\/como-se-protegen-los-agricultores-y-ganaderos-de-los-imprevistos-la-vanguardia\/","url":"https:\/\/www.cmalleida.com\/es\/como-se-protegen-los-agricultores-y-ganaderos-de-los-imprevistos-la-vanguardia\/","name":"\u00bfC\u00f3mo se protegen los agricultores y ganaderos de los imprevistos? (La Vanguardia) - Col\u00b7legi de Mediadors d&#039;Assegurances de Lleida","isPartOf":{"@id":"https:\/\/www.cmalleida.com\/es\/#website"},"primaryImageOfPage":{"@id":"https:\/\/www.cmalleida.com\/es\/como-se-protegen-los-agricultores-y-ganaderos-de-los-imprevistos-la-vanguardia\/#primaryimage"},"image":{"@id":"https:\/\/www.cmalleida.com\/es\/como-se-protegen-los-agricultores-y-ganaderos-de-los-imprevistos-la-vanguardia\/#primaryimage"},"thumbnailUrl":"https:\/\/www.cmalleida.com\/wp-content\/uploads\/captura-26.png","datePublished":"2021-03-05T09:12:35+00:00","breadcrumb":{"@id":"https:\/\/www.cmalleida.com\/es\/como-se-protegen-los-agricultores-y-ganaderos-de-los-imprevistos-la-vanguardia\/#breadcrumb"},"inLanguage":"es","potentialAction":[{"@type":"ReadAction","target":["https:\/\/www.cmalleida.com\/es\/como-se-protegen-los-agricultores-y-ganaderos-de-los-imprevistos-la-vanguardia\/"]}]},{"@type":"ImageObject","inLanguage":"es","@id":"https:\/\/www.cmalleida.com\/es\/como-se-protegen-los-agricultores-y-ganaderos-de-los-imprevistos-la-vanguardia\/#primaryimage","url":"https:\/\/www.cmalleida.com\/wp-content\/uploads\/captura-26.png","contentUrl":"https:\/\/www.cmalleida.com\/wp-content\/uploads\/captura-26.png","width":286,"height":383,"caption":"Captura"},{"@type":"BreadcrumbList","@id":"https:\/\/www.cmalleida.com\/es\/como-se-protegen-los-agricultores-y-ganaderos-de-los-imprevistos-la-vanguardia\/#breadcrumb","itemListElement":[{"@type":"ListItem","position":1,"name":"Inici","item":"https:\/\/www.cmalleida.com\/es\/"},{"@type":"ListItem","position":2,"name":"\u00bfC\u00f3mo se protegen los agricultores y ganaderos de los imprevistos? (La Vanguardia)"}]},{"@type":"WebSite","@id":"https:\/\/www.cmalleida.com\/es\/#website","url":"https:\/\/www.cmalleida.com\/es\/","name":"Col\u00b7legi de Mediadors d&#039;Assegurances de Lleida","description":"Otro sitio realizado con WordPress","publisher":{"@id":"https:\/\/www.cmalleida.com\/es\/#organization"},"potentialAction":[{"@type":"SearchAction","target":{"@type":"EntryPoint","urlTemplate":"https:\/\/www.cmalleida.com\/es\/?s={search_term_string}"},"query-input":{"@type":"PropertyValueSpecification","valueRequired":true,"valueName":"search_term_string"}}],"inLanguage":"es"},{"@type":"Organization","@id":"https:\/\/www.cmalleida.com\/es\/#organization","name":"Col\u00b7legi de Mediadors d'Assegurances de Lleida","url":"https:\/\/www.cmalleida.com\/es\/","logo":{"@type":"ImageObject","inLanguage":"es","@id":"https:\/\/www.cmalleida.com\/es\/#\/schema\/logo\/image\/","url":"","contentUrl":"","caption":"Col\u00b7legi de Mediadors d'Assegurances de Lleida"},"image":{"@id":"https:\/\/www.cmalleida.com\/es\/#\/schema\/logo\/image\/"}},{"@type":"Person","@id":"https:\/\/www.cmalleida.com\/es\/#\/schema\/person\/7461453022a0d6ce41c1e530eb4443b4","name":"Antonieta Castells Dolcet","image":{"@type":"ImageObject","inLanguage":"es","@id":"https:\/\/secure.gravatar.com\/avatar\/7738df9a8ff2d12e8b37d088ff0e3e36016e57ab29e5db27ba4fb758a81ea3cb?s=96&d=mm&r=g","url":"https:\/\/secure.gravatar.com\/avatar\/7738df9a8ff2d12e8b37d088ff0e3e36016e57ab29e5db27ba4fb758a81ea3cb?s=96&d=mm&r=g","contentUrl":"https:\/\/secure.gravatar.com\/avatar\/7738df9a8ff2d12e8b37d088ff0e3e36016e57ab29e5db27ba4fb758a81ea3cb?s=96&d=mm&r=g","caption":"Antonieta Castells Dolcet"},"sameAs":["http:\/\/www.cmalleida.com"]}]}},"_links":{"self":[{"href":"https:\/\/www.cmalleida.com\/es\/wp-json\/wp\/v2\/posts\/8462","targetHints":{"allow":["GET"]}}],"collection":[{"href":"https:\/\/www.cmalleida.com\/es\/wp-json\/wp\/v2\/posts"}],"about":[{"href":"https:\/\/www.cmalleida.com\/es\/wp-json\/wp\/v2\/types\/post"}],"author":[{"embeddable":true,"href":"https:\/\/www.cmalleida.com\/es\/wp-json\/wp\/v2\/users\/149"}],"replies":[{"embeddable":true,"href":"https:\/\/www.cmalleida.com\/es\/wp-json\/wp\/v2\/comments?post=8462"}],"version-history":[{"count":1,"href":"https:\/\/www.cmalleida.com\/es\/wp-json\/wp\/v2\/posts\/8462\/revisions"}],"predecessor-version":[{"id":8463,"href":"https:\/\/www.cmalleida.com\/es\/wp-json\/wp\/v2\/posts\/8462\/revisions\/8463"}],"wp:featuredmedia":[{"embeddable":true,"href":"https:\/\/www.cmalleida.com\/es\/wp-json\/wp\/v2\/media\/8053"}],"wp:attachment":[{"href":"https:\/\/www.cmalleida.com\/es\/wp-json\/wp\/v2\/media?parent=8462"}],"wp:term":[{"taxonomy":"category","embeddable":true,"href":"https:\/\/www.cmalleida.com\/es\/wp-json\/wp\/v2\/categories?post=8462"},{"taxonomy":"post_tag","embeddable":true,"href":"https:\/\/www.cmalleida.com\/es\/wp-json\/wp\/v2\/tags?post=8462"}],"curies":[{"name":"wp","href":"https:\/\/api.w.org\/{rel}","templated":true}]}}