{"id":8352,"date":"2021-02-26T11:01:00","date_gmt":"2021-02-26T10:01:00","guid":{"rendered":"https:\/\/www.cmalleida.com\/?p=8352"},"modified":"2021-02-26T11:01:00","modified_gmt":"2021-02-26T10:01:00","slug":"que-es-un-seguro-de-proteccion-de-pagos-la-vanguardia","status":"publish","type":"post","link":"https:\/\/www.cmalleida.com\/es\/que-es-un-seguro-de-proteccion-de-pagos-la-vanguardia\/","title":{"rendered":"\u00bfQu\u00e9 es un seguro de protecci\u00f3n de pagos? (La Vanguardia)"},"content":{"rendered":"<header class=\"article-top-header col-12\">\n<div class=\"article-top\">\n<div class=\"article-top-titles\">\n<div class=\"supra-title-container\">\n<h4 class=\"supra-title\">El miedo a perder el empleo o a una ca\u00edda dr\u00e1stica de los ingresos ha despertado el inter\u00e9s por este producto asegurador<\/h4>\n<\/div>\n<\/div>\n<div class=\"article-media-main\">\n<figure class=\"composite-image image-container \" data-gtm-element-container=\"button-gallery\">REDACCI\u00d3N\u00a0 \u00a0BARCELONA\u00a0 \u00a0 <time class=\"created\" datetime=\"2021-02-26T01:31:48+01:00\">26\/02\/2021 01:31<\/time><time class=\"modified\" datetime=\"2021-02-26T07:31:00+01:00\">Actualizado a 26\/02\/2021 07:31<\/time><\/figure>\n<\/div>\n<\/div>\n<\/header>\n<div class=\"article-content col-12 col-md-8\">\n<div class=\"article-info\">\n<div class=\"social-buttons social-share\" data-gtm-element=\"leaf-social-share-top\">\n<div class=\"social-right\">La incertidumbre que acompa\u00f1a a una crisis econ\u00f3mica de gran magnitud como la que vivimos est\u00e1 generando inter\u00e9s por los seguros de protecci\u00f3n de pagos. Estos productos est\u00e1n normalmente vinculados a un pr\u00e9stamo personal o hipotecario y, en general, de cualquier financiaci\u00f3n. Pero en un contexto como el actual, surgen nuevas variedades de este producto asegurador con nuevas coberturas.<\/div>\n<\/div>\n<\/div>\n<div class=\"article-modules\">\n<p class=\"paragraph\" data-gtm-element-container=\"modulo-texto-link\">\u00bfQu\u00e9 ofrece un seguro de protecci\u00f3n de pagos? La verdad es que el nombre no deja lugar a la duda. Efectivamente, este tipo de p\u00f3lizas garantiza el pago de, por ejemplo, un pr\u00e9stamo en el caso de que el asegurado se quede en paro o si sufre incapacidad temporal. Pero a\u00fan hay m\u00e1s. La mayor\u00eda de los seguros de protecci\u00f3n de pago tambi\u00e9n contemplan una compensaci\u00f3n en caso de fallecimiento.<\/p>\n<p class=\"paragraph\" data-gtm-element-container=\"modulo-texto-link\">La p\u00f3liza determina la cuant\u00eda econ\u00f3mica de la que se hace cargo el seguro, que habitualmente se corresponde con el importe del pr\u00e9stamo al que se vincula. Otro aspecto relevante es por cuanto tiempo se mantendr\u00e1 esta cobertura. El precio de la prima est\u00e1 condicionado por estas dos variables: el importe cubierto mensualmente y el tiempo durante el que se abona.<\/p>\n<p class=\"paragraph\" data-gtm-element-container=\"modulo-texto-link\">En este sentido, muchas de estas coberturas contemplan un per\u00edodo m\u00e1ximo de meses seguidos de pago de la cuota, por ejemplo, un a\u00f1o, y un tope de 24 meses no consecutivos. Cada producto es diferente.<\/p>\n<h4 class=\"subtitle\">En el caso de las hipotecas<\/h4>\n<h4 class=\"subtitle\">La prima de este seguro oscila entre un 1% y 1,5% del importe del pr\u00e9stamo<\/h4>\n<p class=\"paragraph\" data-gtm-element-container=\"modulo-texto-link\">A pesar del inter\u00e9s que genera, lo cierto es que se trata de un seguro que puede tener un coste elevado. En el caso de las hipotecas, el precio del seguro oscila entre el 1% y el 1,5% del importe total del pr\u00e9stamo. Pero adem\u00e1s del coste, este tipo de seguros son de prima \u00fanica. Es decir, se deben abonar en un \u00fanico pago, aunque los bancos ofrecen la posibilidad de pagarlo incluido en la mensualidad del pr\u00e9stamo. Eso s\u00ed, abonando los intereses correspondientes.<\/p>\n<p class=\"paragraph\" data-gtm-element-container=\"modulo-texto-link\">En el caso de los seguros de protecci\u00f3n de pagos vinculados a una hipoteca la duraci\u00f3n suele estar limitada a los cinco primero de la hipoteca. En cambio, en otro tipo de financiaciones el seguro cubre hasta que se liquida la deuda.<\/p>\n<p class=\"paragraph\" data-gtm-element-container=\"modulo-texto-link\">Un aspecto ha tener presente es que no es obligado contratar este tipo de seguros con el banco con el que tenemos el pr\u00e9stamo. Es una opci\u00f3n, pero del mismo modo puede formalizarse con un mediador de seguros. Es una decisi\u00f3n del cliente en funci\u00f3n de sus preferencias.<\/p>\n<p class=\"paragraph\" data-gtm-element-container=\"modulo-texto-link\">No hay que confundir el seguro de protecci\u00f3n de pagos vinculado a un pr\u00e9stamo o a una hipoteca con el\u00a0<a title=\"\u00bfLos seguros de vida bajar\u00e1n o subir\u00e1n de precio?\" href=\"https:\/\/www.lavanguardia.com\/seguros\/20210123\/6192910\/seguros-vida-bajaran-subiran-precio.html\" data-gtm-element=\"container-child-link\">seguro de vida<\/a>\u00a0que tambi\u00e9n se relaci\u00f3n con este tipo de cr\u00e9ditos. En este \u00faltimo caso, la cobertura solo se activa en caso de fallecimiento del asegurado o de invalidez, si se ha contratado tambi\u00e9n al suscribir la p\u00f3liza.<\/p>\n<h4 class=\"subtitle\">Nuevas opciones<\/h4>\n<h4 class=\"subtitle\">Las coberturas de protecci\u00f3n se ampl\u00edan a otros recibos habituales<\/h4>\n<p class=\"paragraph\" data-gtm-element-container=\"modulo-texto-link\">En los \u00faltimos meses, probablemente al calor de la crisis, han aparecido en el mercado seguros que ofrecen cobertura ante el impago has un m\u00e1ximo de seis cuotas de otros recibos como la luz, el agua, el gas, el colegio de los ni\u00f1os o el acceso a las plataformas de entretenimiento digital. Las condiciones para que la aseguradora abone una indemnizaci\u00f3n mensual para el pago de los recibos es que el asegurado experimente una ca\u00edda en sus ingresos. La causa puede ser la perdida del puesto de trabajo, incapacidad temporal o estar ingresado en un hospital.<\/p>\n<p class=\"paragraph\" data-gtm-element-container=\"modulo-texto-link\">Una de las garant\u00edas m\u00e1s novedosas de este tipo de seguros de protecci\u00f3n de pagos es la de ofrecer al asegurado que est\u00e1 en el paro un servicio que proporciona consejo y orientaci\u00f3n para ayudarle a encontrar un nuevo empleo.<\/p>\n<\/div>\n<\/div>\n","protected":false},"excerpt":{"rendered":"<p>El miedo a perder el empleo o a una ca\u00edda dr\u00e1stica de los ingresos ha despertado el inter\u00e9s por este producto asegurador REDACCI\u00d3N\u00a0 \u00a0BARCELONA\u00a0 \u00a0&#8230; <a href=\"https:\/\/www.cmalleida.com\/es\/que-es-un-seguro-de-proteccion-de-pagos-la-vanguardia\/\" rel=\"nofollow\" class=\"lollegirmes\">Llegeix m\u00e9s<\/a><\/p>\n","protected":false},"author":149,"featured_media":1861,"comment_status":"closed","ping_status":"closed","sticky":false,"template":"","format":"standard","meta":{"_acf_changed":false,"_genesis_hide_title":false,"_genesis_hide_breadcrumbs":false,"_genesis_hide_singular_image":false,"_genesis_hide_footer_widgets":false,"_genesis_custom_body_class":"","_genesis_custom_post_class":"","_genesis_layout":"","footnotes":""},"categories":[28],"tags":[],"class_list":{"0":"post-8352","1":"post","2":"type-post","3":"status-publish","4":"format-standard","5":"has-post-thumbnail","7":"category-actualidad","8":"entry"},"acf":[],"yoast_head":"<!-- This site is optimized with the Yoast SEO plugin v27.2 - https:\/\/yoast.com\/product\/yoast-seo-wordpress\/ -->\n<title>\u00bfQu\u00e9 es un seguro de protecci\u00f3n de pagos? (La Vanguardia) - Col\u00b7legi de Mediadors d&#039;Assegurances de Lleida<\/title>\n<meta name=\"robots\" content=\"index, follow, max-snippet:-1, max-image-preview:large, max-video-preview:-1\" \/>\n<link rel=\"canonical\" href=\"https:\/\/www.cmalleida.com\/es\/que-es-un-seguro-de-proteccion-de-pagos-la-vanguardia\/\" \/>\n<meta property=\"og:locale\" content=\"es_ES\" \/>\n<meta property=\"og:type\" content=\"article\" \/>\n<meta property=\"og:title\" content=\"\u00bfQu\u00e9 es un seguro de protecci\u00f3n de pagos? (La Vanguardia) - Col\u00b7legi de Mediadors d&#039;Assegurances de Lleida\" \/>\n<meta property=\"og:description\" content=\"El miedo a perder el empleo o a una ca\u00edda dr\u00e1stica de los ingresos ha despertado el inter\u00e9s por este producto asegurador REDACCI\u00d3N\u00a0 \u00a0BARCELONA\u00a0 \u00a0... Llegeix m\u00e9s\" \/>\n<meta property=\"og:url\" content=\"https:\/\/www.cmalleida.com\/es\/que-es-un-seguro-de-proteccion-de-pagos-la-vanguardia\/\" \/>\n<meta property=\"og:site_name\" content=\"Col\u00b7legi de Mediadors d&#039;Assegurances de Lleida\" \/>\n<meta property=\"article:published_time\" content=\"2021-02-26T10:01:00+00:00\" \/>\n<meta property=\"og:image\" content=\"https:\/\/www.cmalleida.com\/wp-content\/uploads\/cmall-lleida-actualitat-autonom762.jpg\" \/>\n\t<meta property=\"og:image:width\" content=\"762\" \/>\n\t<meta property=\"og:image:height\" content=\"762\" \/>\n\t<meta property=\"og:image:type\" content=\"image\/jpeg\" \/>\n<meta name=\"author\" content=\"Antonieta Castells Dolcet\" \/>\n<meta name=\"twitter:card\" content=\"summary_large_image\" \/>\n<meta name=\"twitter:label1\" content=\"Written by\" \/>\n\t<meta name=\"twitter:data1\" content=\"Antonieta Castells Dolcet\" \/>\n\t<meta name=\"twitter:label2\" content=\"Est. reading time\" \/>\n\t<meta name=\"twitter:data2\" content=\"4 minutos\" \/>\n<script type=\"application\/ld+json\" class=\"yoast-schema-graph\">{\"@context\":\"https:\/\/schema.org\",\"@graph\":[{\"@type\":\"Article\",\"@id\":\"https:\/\/www.cmalleida.com\/es\/que-es-un-seguro-de-proteccion-de-pagos-la-vanguardia\/#article\",\"isPartOf\":{\"@id\":\"https:\/\/www.cmalleida.com\/es\/que-es-un-seguro-de-proteccion-de-pagos-la-vanguardia\/\"},\"author\":{\"name\":\"Antonieta Castells Dolcet\",\"@id\":\"https:\/\/www.cmalleida.com\/es\/#\/schema\/person\/7461453022a0d6ce41c1e530eb4443b4\"},\"headline\":\"\u00bfQu\u00e9 es un seguro de protecci\u00f3n de pagos? (La Vanguardia)\",\"datePublished\":\"2021-02-26T10:01:00+00:00\",\"mainEntityOfPage\":{\"@id\":\"https:\/\/www.cmalleida.com\/es\/que-es-un-seguro-de-proteccion-de-pagos-la-vanguardia\/\"},\"wordCount\":714,\"publisher\":{\"@id\":\"https:\/\/www.cmalleida.com\/es\/#organization\"},\"image\":{\"@id\":\"https:\/\/www.cmalleida.com\/es\/que-es-un-seguro-de-proteccion-de-pagos-la-vanguardia\/#primaryimage\"},\"thumbnailUrl\":\"https:\/\/www.cmalleida.com\/wp-content\/uploads\/cmall-lleida-actualitat-autonom762.jpg\",\"articleSection\":[\"Actualidad\"],\"inLanguage\":\"es\"},{\"@type\":\"WebPage\",\"@id\":\"https:\/\/www.cmalleida.com\/es\/que-es-un-seguro-de-proteccion-de-pagos-la-vanguardia\/\",\"url\":\"https:\/\/www.cmalleida.com\/es\/que-es-un-seguro-de-proteccion-de-pagos-la-vanguardia\/\",\"name\":\"\u00bfQu\u00e9 es un seguro de protecci\u00f3n de pagos? (La Vanguardia) - Col\u00b7legi de Mediadors d&#039;Assegurances de Lleida\",\"isPartOf\":{\"@id\":\"https:\/\/www.cmalleida.com\/es\/#website\"},\"primaryImageOfPage\":{\"@id\":\"https:\/\/www.cmalleida.com\/es\/que-es-un-seguro-de-proteccion-de-pagos-la-vanguardia\/#primaryimage\"},\"image\":{\"@id\":\"https:\/\/www.cmalleida.com\/es\/que-es-un-seguro-de-proteccion-de-pagos-la-vanguardia\/#primaryimage\"},\"thumbnailUrl\":\"https:\/\/www.cmalleida.com\/wp-content\/uploads\/cmall-lleida-actualitat-autonom762.jpg\",\"datePublished\":\"2021-02-26T10:01:00+00:00\",\"breadcrumb\":{\"@id\":\"https:\/\/www.cmalleida.com\/es\/que-es-un-seguro-de-proteccion-de-pagos-la-vanguardia\/#breadcrumb\"},\"inLanguage\":\"es\",\"potentialAction\":[{\"@type\":\"ReadAction\",\"target\":[\"https:\/\/www.cmalleida.com\/es\/que-es-un-seguro-de-proteccion-de-pagos-la-vanguardia\/\"]}]},{\"@type\":\"ImageObject\",\"inLanguage\":\"es\",\"@id\":\"https:\/\/www.cmalleida.com\/es\/que-es-un-seguro-de-proteccion-de-pagos-la-vanguardia\/#primaryimage\",\"url\":\"https:\/\/www.cmalleida.com\/wp-content\/uploads\/cmall-lleida-actualitat-autonom762.jpg\",\"contentUrl\":\"https:\/\/www.cmalleida.com\/wp-content\/uploads\/cmall-lleida-actualitat-autonom762.jpg\",\"width\":762,\"height\":762,\"caption\":\"cmall-lleida-actualitat-AUTONOM762\"},{\"@type\":\"BreadcrumbList\",\"@id\":\"https:\/\/www.cmalleida.com\/es\/que-es-un-seguro-de-proteccion-de-pagos-la-vanguardia\/#breadcrumb\",\"itemListElement\":[{\"@type\":\"ListItem\",\"position\":1,\"name\":\"Inici\",\"item\":\"https:\/\/www.cmalleida.com\/es\/\"},{\"@type\":\"ListItem\",\"position\":2,\"name\":\"\u00bfQu\u00e9 es un seguro de protecci\u00f3n de pagos? (La Vanguardia)\"}]},{\"@type\":\"WebSite\",\"@id\":\"https:\/\/www.cmalleida.com\/es\/#website\",\"url\":\"https:\/\/www.cmalleida.com\/es\/\",\"name\":\"Col\u00b7legi de Mediadors d&#039;Assegurances de Lleida\",\"description\":\"Otro sitio realizado con WordPress\",\"publisher\":{\"@id\":\"https:\/\/www.cmalleida.com\/es\/#organization\"},\"potentialAction\":[{\"@type\":\"SearchAction\",\"target\":{\"@type\":\"EntryPoint\",\"urlTemplate\":\"https:\/\/www.cmalleida.com\/es\/?s={search_term_string}\"},\"query-input\":{\"@type\":\"PropertyValueSpecification\",\"valueRequired\":true,\"valueName\":\"search_term_string\"}}],\"inLanguage\":\"es\"},{\"@type\":\"Organization\",\"@id\":\"https:\/\/www.cmalleida.com\/es\/#organization\",\"name\":\"Col\u00b7legi de Mediadors d'Assegurances de Lleida\",\"url\":\"https:\/\/www.cmalleida.com\/es\/\",\"logo\":{\"@type\":\"ImageObject\",\"inLanguage\":\"es\",\"@id\":\"https:\/\/www.cmalleida.com\/es\/#\/schema\/logo\/image\/\",\"url\":\"\",\"contentUrl\":\"\",\"caption\":\"Col\u00b7legi de Mediadors d'Assegurances de Lleida\"},\"image\":{\"@id\":\"https:\/\/www.cmalleida.com\/es\/#\/schema\/logo\/image\/\"}},{\"@type\":\"Person\",\"@id\":\"https:\/\/www.cmalleida.com\/es\/#\/schema\/person\/7461453022a0d6ce41c1e530eb4443b4\",\"name\":\"Antonieta Castells Dolcet\",\"image\":{\"@type\":\"ImageObject\",\"inLanguage\":\"es\",\"@id\":\"https:\/\/secure.gravatar.com\/avatar\/7738df9a8ff2d12e8b37d088ff0e3e36016e57ab29e5db27ba4fb758a81ea3cb?s=96&d=mm&r=g\",\"url\":\"https:\/\/secure.gravatar.com\/avatar\/7738df9a8ff2d12e8b37d088ff0e3e36016e57ab29e5db27ba4fb758a81ea3cb?s=96&d=mm&r=g\",\"contentUrl\":\"https:\/\/secure.gravatar.com\/avatar\/7738df9a8ff2d12e8b37d088ff0e3e36016e57ab29e5db27ba4fb758a81ea3cb?s=96&d=mm&r=g\",\"caption\":\"Antonieta Castells Dolcet\"},\"sameAs\":[\"http:\/\/www.cmalleida.com\"]}]}<\/script>\n<!-- \/ Yoast SEO plugin. -->","yoast_head_json":{"title":"\u00bfQu\u00e9 es un seguro de protecci\u00f3n de pagos? (La Vanguardia) - Col\u00b7legi de Mediadors d&#039;Assegurances de Lleida","robots":{"index":"index","follow":"follow","max-snippet":"max-snippet:-1","max-image-preview":"max-image-preview:large","max-video-preview":"max-video-preview:-1"},"canonical":"https:\/\/www.cmalleida.com\/es\/que-es-un-seguro-de-proteccion-de-pagos-la-vanguardia\/","og_locale":"es_ES","og_type":"article","og_title":"\u00bfQu\u00e9 es un seguro de protecci\u00f3n de pagos? (La Vanguardia) - Col\u00b7legi de Mediadors d&#039;Assegurances de Lleida","og_description":"El miedo a perder el empleo o a una ca\u00edda dr\u00e1stica de los ingresos ha despertado el inter\u00e9s por este producto asegurador REDACCI\u00d3N\u00a0 \u00a0BARCELONA\u00a0 \u00a0... Llegeix m\u00e9s","og_url":"https:\/\/www.cmalleida.com\/es\/que-es-un-seguro-de-proteccion-de-pagos-la-vanguardia\/","og_site_name":"Col\u00b7legi de Mediadors d&#039;Assegurances de Lleida","article_published_time":"2021-02-26T10:01:00+00:00","og_image":[{"width":762,"height":762,"url":"https:\/\/www.cmalleida.com\/wp-content\/uploads\/cmall-lleida-actualitat-autonom762.jpg","type":"image\/jpeg"}],"author":"Antonieta Castells Dolcet","twitter_card":"summary_large_image","twitter_misc":{"Written by":"Antonieta Castells Dolcet","Est. reading time":"4 minutos"},"schema":{"@context":"https:\/\/schema.org","@graph":[{"@type":"Article","@id":"https:\/\/www.cmalleida.com\/es\/que-es-un-seguro-de-proteccion-de-pagos-la-vanguardia\/#article","isPartOf":{"@id":"https:\/\/www.cmalleida.com\/es\/que-es-un-seguro-de-proteccion-de-pagos-la-vanguardia\/"},"author":{"name":"Antonieta Castells Dolcet","@id":"https:\/\/www.cmalleida.com\/es\/#\/schema\/person\/7461453022a0d6ce41c1e530eb4443b4"},"headline":"\u00bfQu\u00e9 es un seguro de protecci\u00f3n de pagos? (La Vanguardia)","datePublished":"2021-02-26T10:01:00+00:00","mainEntityOfPage":{"@id":"https:\/\/www.cmalleida.com\/es\/que-es-un-seguro-de-proteccion-de-pagos-la-vanguardia\/"},"wordCount":714,"publisher":{"@id":"https:\/\/www.cmalleida.com\/es\/#organization"},"image":{"@id":"https:\/\/www.cmalleida.com\/es\/que-es-un-seguro-de-proteccion-de-pagos-la-vanguardia\/#primaryimage"},"thumbnailUrl":"https:\/\/www.cmalleida.com\/wp-content\/uploads\/cmall-lleida-actualitat-autonom762.jpg","articleSection":["Actualidad"],"inLanguage":"es"},{"@type":"WebPage","@id":"https:\/\/www.cmalleida.com\/es\/que-es-un-seguro-de-proteccion-de-pagos-la-vanguardia\/","url":"https:\/\/www.cmalleida.com\/es\/que-es-un-seguro-de-proteccion-de-pagos-la-vanguardia\/","name":"\u00bfQu\u00e9 es un seguro de protecci\u00f3n de pagos? (La Vanguardia) - Col\u00b7legi de Mediadors d&#039;Assegurances de Lleida","isPartOf":{"@id":"https:\/\/www.cmalleida.com\/es\/#website"},"primaryImageOfPage":{"@id":"https:\/\/www.cmalleida.com\/es\/que-es-un-seguro-de-proteccion-de-pagos-la-vanguardia\/#primaryimage"},"image":{"@id":"https:\/\/www.cmalleida.com\/es\/que-es-un-seguro-de-proteccion-de-pagos-la-vanguardia\/#primaryimage"},"thumbnailUrl":"https:\/\/www.cmalleida.com\/wp-content\/uploads\/cmall-lleida-actualitat-autonom762.jpg","datePublished":"2021-02-26T10:01:00+00:00","breadcrumb":{"@id":"https:\/\/www.cmalleida.com\/es\/que-es-un-seguro-de-proteccion-de-pagos-la-vanguardia\/#breadcrumb"},"inLanguage":"es","potentialAction":[{"@type":"ReadAction","target":["https:\/\/www.cmalleida.com\/es\/que-es-un-seguro-de-proteccion-de-pagos-la-vanguardia\/"]}]},{"@type":"ImageObject","inLanguage":"es","@id":"https:\/\/www.cmalleida.com\/es\/que-es-un-seguro-de-proteccion-de-pagos-la-vanguardia\/#primaryimage","url":"https:\/\/www.cmalleida.com\/wp-content\/uploads\/cmall-lleida-actualitat-autonom762.jpg","contentUrl":"https:\/\/www.cmalleida.com\/wp-content\/uploads\/cmall-lleida-actualitat-autonom762.jpg","width":762,"height":762,"caption":"cmall-lleida-actualitat-AUTONOM762"},{"@type":"BreadcrumbList","@id":"https:\/\/www.cmalleida.com\/es\/que-es-un-seguro-de-proteccion-de-pagos-la-vanguardia\/#breadcrumb","itemListElement":[{"@type":"ListItem","position":1,"name":"Inici","item":"https:\/\/www.cmalleida.com\/es\/"},{"@type":"ListItem","position":2,"name":"\u00bfQu\u00e9 es un seguro de protecci\u00f3n de pagos? (La Vanguardia)"}]},{"@type":"WebSite","@id":"https:\/\/www.cmalleida.com\/es\/#website","url":"https:\/\/www.cmalleida.com\/es\/","name":"Col\u00b7legi de Mediadors d&#039;Assegurances de Lleida","description":"Otro sitio realizado con WordPress","publisher":{"@id":"https:\/\/www.cmalleida.com\/es\/#organization"},"potentialAction":[{"@type":"SearchAction","target":{"@type":"EntryPoint","urlTemplate":"https:\/\/www.cmalleida.com\/es\/?s={search_term_string}"},"query-input":{"@type":"PropertyValueSpecification","valueRequired":true,"valueName":"search_term_string"}}],"inLanguage":"es"},{"@type":"Organization","@id":"https:\/\/www.cmalleida.com\/es\/#organization","name":"Col\u00b7legi de Mediadors d'Assegurances de Lleida","url":"https:\/\/www.cmalleida.com\/es\/","logo":{"@type":"ImageObject","inLanguage":"es","@id":"https:\/\/www.cmalleida.com\/es\/#\/schema\/logo\/image\/","url":"","contentUrl":"","caption":"Col\u00b7legi de Mediadors d'Assegurances de Lleida"},"image":{"@id":"https:\/\/www.cmalleida.com\/es\/#\/schema\/logo\/image\/"}},{"@type":"Person","@id":"https:\/\/www.cmalleida.com\/es\/#\/schema\/person\/7461453022a0d6ce41c1e530eb4443b4","name":"Antonieta Castells Dolcet","image":{"@type":"ImageObject","inLanguage":"es","@id":"https:\/\/secure.gravatar.com\/avatar\/7738df9a8ff2d12e8b37d088ff0e3e36016e57ab29e5db27ba4fb758a81ea3cb?s=96&d=mm&r=g","url":"https:\/\/secure.gravatar.com\/avatar\/7738df9a8ff2d12e8b37d088ff0e3e36016e57ab29e5db27ba4fb758a81ea3cb?s=96&d=mm&r=g","contentUrl":"https:\/\/secure.gravatar.com\/avatar\/7738df9a8ff2d12e8b37d088ff0e3e36016e57ab29e5db27ba4fb758a81ea3cb?s=96&d=mm&r=g","caption":"Antonieta Castells Dolcet"},"sameAs":["http:\/\/www.cmalleida.com"]}]}},"_links":{"self":[{"href":"https:\/\/www.cmalleida.com\/es\/wp-json\/wp\/v2\/posts\/8352","targetHints":{"allow":["GET"]}}],"collection":[{"href":"https:\/\/www.cmalleida.com\/es\/wp-json\/wp\/v2\/posts"}],"about":[{"href":"https:\/\/www.cmalleida.com\/es\/wp-json\/wp\/v2\/types\/post"}],"author":[{"embeddable":true,"href":"https:\/\/www.cmalleida.com\/es\/wp-json\/wp\/v2\/users\/149"}],"replies":[{"embeddable":true,"href":"https:\/\/www.cmalleida.com\/es\/wp-json\/wp\/v2\/comments?post=8352"}],"version-history":[{"count":1,"href":"https:\/\/www.cmalleida.com\/es\/wp-json\/wp\/v2\/posts\/8352\/revisions"}],"predecessor-version":[{"id":8353,"href":"https:\/\/www.cmalleida.com\/es\/wp-json\/wp\/v2\/posts\/8352\/revisions\/8353"}],"wp:featuredmedia":[{"embeddable":true,"href":"https:\/\/www.cmalleida.com\/es\/wp-json\/wp\/v2\/media\/1861"}],"wp:attachment":[{"href":"https:\/\/www.cmalleida.com\/es\/wp-json\/wp\/v2\/media?parent=8352"}],"wp:term":[{"taxonomy":"category","embeddable":true,"href":"https:\/\/www.cmalleida.com\/es\/wp-json\/wp\/v2\/categories?post=8352"},{"taxonomy":"post_tag","embeddable":true,"href":"https:\/\/www.cmalleida.com\/es\/wp-json\/wp\/v2\/tags?post=8352"}],"curies":[{"name":"wp","href":"https:\/\/api.w.org\/{rel}","templated":true}]}}