{"id":8293,"date":"2021-02-12T10:22:24","date_gmt":"2021-02-12T09:22:24","guid":{"rendered":"https:\/\/www.cmalleida.com\/?p=8293"},"modified":"2021-02-12T10:22:24","modified_gmt":"2021-02-12T09:22:24","slug":"los-impagos-de-alquiler-generan-un-perjuicio-medio-de-3-179-euros-el-pais","status":"publish","type":"post","link":"https:\/\/www.cmalleida.com\/es\/los-impagos-de-alquiler-generan-un-perjuicio-medio-de-3-179-euros-el-pais\/","title":{"rendered":"Los impagos de alquiler generan un perjuicio medio de 3.179 euros (El Pa\u00eds)"},"content":{"rendered":"<header class=\"a_h | col desktop_12 tablet_8 mobile_4\">\n<div id=\"article_header\" class=\"a_hg basic | \">\n<header class=\"a_h | col desktop_12 tablet_8 mobile_4\">\n<h4 id=\"article_header\" class=\"a_hg basic | \">Un estudio de la patronal de aseguradoras Unespa se\u00f1ala que las incidencias por no percibir la renta son solo el 6,41% del total y se dan con mucha m\u00e1s frecuencia en Madrid que en Catalu\u00f1a<\/h4>\n<\/header>\n<\/div>\n<div class=\"sb | width_full border_bottom border_5\">\n<div class=\"sb_w | border_bottom border_1 padding_bottom flex\n          justify_space_between relative\"><\/p>\n<div class=\"flex container_row social-icons right-links horizontal  \"><span class=\"a_aut | margin_bottom uppercase flex align_items_center margin_right\"><a class=\"a_aut_n | color_black\" title=\"Ver todas las noticias de Jos\u00e9 Luis Aranda\" href=\"https:\/\/elpais.com\/autor\/jose-luis-aranda\/\">JOS\u00c9 LUIS ARANDA\u00a0 <\/a><\/span><span class=\"a_pl | capitalize  color_black\">Madrid<\/span>\u00a0&#8211;\u00a0<a class=\"a_ti\" href=\"https:\/\/elpais.com\/hemeroteca\/2021-02-08\/\">08 FEB 2021 &#8211; 18:29\u00a0<abbr title=\"Europe\/Madrid\">CET<\/abbr><\/a><\/div>\n<\/div>\n<\/div>\n<\/header>\n<div class=\"a_w | col desktop_8 tablet_8 mobile_4\">\n<div class=\"a_b article_body | color_gray_dark\">\n<p class=\"\">Los impagos de alquileres son poco frecuentes pero, cuando se producen, causan un coste considerable. Esa es una de las principales conclusiones que se extraen de un informe sobre seguros de alquiler publicado este lunes por Unespa, la patronal de aseguradoras de Espa\u00f1a. A partir de 12.500 siniestros relacionados con este tipo de producto, el estudio se\u00f1ala que solo un 6,41% de dichos percances se debieron a problemas\u00a0<a href=\"https:\/\/elpais.com\/economia\/2021-02-07\/los-alquileres-caen-en-espana-por-primera-vez-desde-la-gran-recesion.html\" data-link-track-dtm=\"\">con el pago de la renta por parte del inquilino<\/a>. Mucho m\u00e1s frecuentes fueron los producidos por alg\u00fan tipo de da\u00f1o o desperfecto en el inmueble arrendado, un 93,56% del total (un 0,03% de los casos analizados se atribuyen a otros motivos).<\/p>\n<div id=\"elpais_gpt-INTEXT\" data-google-query-id=\"CKaW99uB5O4CFYk_0wodVKAO7g\">\n<div id=\"google_ads_iframe_7811748\/elpais_finanzas_economia_web\/intext_0__container__\">Los porcentajes, sin embargo, var\u00edan mucho cuando se analizan los costes que han generado esos siniestros; es decir, las indemnizaciones que han tenido que pagar las aseguradoras. Desde ese punto de vista, casi el 40% del dinero total fue a parar a los casos de impagos, frente al 60,66% restante que se destin\u00f3 a reparar da\u00f1os o desperfectos en las casas.<\/div>\n<div><\/div>\n<\/div>\n<div id=\"_wmass_15080499998293817\">\n<div id=\"jw-9381793817\">El motivo es que los impagos de renta, aunque mucho menos comunes, tienen mayores consecuencias econ\u00f3micas. De media, supusieron el desembolso de 3.179 euros, frente a solo 336 euros de media en los casos de necesidad de arreglos en la vivienda. No obstante, en ambos casos la indemnizaci\u00f3n m\u00e1s frecuente (la mediana) se halla por debajo de esas cifras: 2.750 en impagos y 185 euros en desperfectos.<\/div>\n<\/div>\n<p class=\"\">La causa de que el promedio sea m\u00e1s alto que la mediana se debe a las elevadas cantidades que se dan en los siniestros m\u00e1s costosos. As\u00ed, por ejemplo, los de impago de alquiler llegaron a suponer hasta 15.000 euros. M\u00e1s llamativo es todav\u00eda el de desperfectos: si bien normalmente constituyen peque\u00f1as indemnizaciones para arreglos puntuales, el m\u00e1s costoso que figura en la base de datos supuso 45.124 euros.<\/p>\n<h4 class=\"font_secondary color_gray_ultra_dark\">Madrid concentra muchas incidencias<\/h4>\n<p class=\"\">El estudio tambi\u00e9n analiza los percances por territorios y apunta a una extraordinaria frecuencia de percances en Madrid. Esa comunidad concentra el 21,51% de los siniestros, cuatro puntos por encina del tama\u00f1o de su mercado de alquiler, para lo que se ha tomado como referencia la Encuesta Continua de Hogares. Por el contrario Catalu\u00f1a, con un 17% de los siniestros, se sit\u00faa seis puntos por debajo del peso de su mercado de arrendamientos. El estudio no detalla de cu\u00e1nto es la muestra de cada territorio, por lo que no se sabe si la mayor frecuencia de Madrid se debe, por ejemplo, a que la contrataci\u00f3n de este tipo de productos est\u00e9 m\u00e1s extendida.<\/p>\n<p class=\"\">Por provincias, las seis m\u00e1s pobladas (Madrid, Barcelona, Valencia, Sevilla, Alicante y M\u00e1laga) concentran m\u00e1s de la mitad de todos los siniestros (el 54%). No obstante, se observan alteraciones entre el porcentaje de percances que presentan y su tama\u00f1o poblacional. Mientras que Madrid acumula el ya mencionado 21,51% de los percances, Barcelona se queda a poco m\u00e1s de la mitad (12,12%). Alicante (6,83%) adelanta a Valencia (5,07%) y M\u00e1laga (4,84%) a Sevilla (4,11%).<\/p>\n<p class=\"\">Desde el punto de vista de las ciudades, la frecuencia de siniestros en Madrid no tiene parang\u00f3n. Si su peso poblacional es del 6,9%, la capital concentra casi un 12% de los percances analizados en el estudio. Barcelona, donde vive un 3,46% de la poblaci\u00f3n de Espa\u00f1a, es la segunda con m\u00e1s siniestros, pero muy por detr\u00e1s: un 2,69%. Solo una cent\u00e9sima por debajo queda Sevilla (2,69%), adelantando a la tercera mayor ciudad, Valencia (2,12%), a la que tambi\u00e9n sobrepasa M\u00e1laga con un 2,37% de los incidentes.<\/p>\n<p class=\"\">El estudio se ha elaborado a partir de 12.500 siniestros registrados por siete compa\u00f1\u00edas (AGCM Grupo, Kutxabank, Mutua de Propietarios, Ocaso, Plus Ultra, Previsora Bilba\u00edna y Santa Luc\u00eda) que ofrecen este tipo de producto y forman parte de Unespa. El estudio no especifica, sin embargo, a cu\u00e1ntas p\u00f3lizas en total hacen referencia esos 12.500 percances, un dato que permitir\u00eda conocer la siniestralidad real de los seguros de alquiler.<\/p>\n<\/div>\n<\/div>\n","protected":false},"excerpt":{"rendered":"<p>Un estudio de la patronal de aseguradoras Unespa se\u00f1ala que las incidencias por no percibir la renta son solo el 6,41% del total y se&#8230; <a href=\"https:\/\/www.cmalleida.com\/es\/los-impagos-de-alquiler-generan-un-perjuicio-medio-de-3-179-euros-el-pais\/\" rel=\"nofollow\" class=\"lollegirmes\">Llegeix m\u00e9s<\/a><\/p>\n","protected":false},"author":149,"featured_media":1831,"comment_status":"closed","ping_status":"closed","sticky":false,"template":"","format":"standard","meta":{"_acf_changed":false,"_genesis_hide_title":false,"_genesis_hide_breadcrumbs":false,"_genesis_hide_singular_image":false,"_genesis_hide_footer_widgets":false,"_genesis_custom_body_class":"","_genesis_custom_post_class":"","_genesis_layout":"","footnotes":""},"categories":[28,62],"tags":[],"class_list":{"0":"post-8293","1":"post","2":"type-post","3":"status-publish","4":"format-standard","5":"has-post-thumbnail","7":"category-actualidad","8":"category-sinistres-es","9":"entry"},"acf":[],"yoast_head":"<!-- This site is optimized with the Yoast SEO plugin v27.2 - https:\/\/yoast.com\/product\/yoast-seo-wordpress\/ -->\n<title>Los impagos de alquiler generan un perjuicio medio de 3.179 euros (El Pa\u00eds) - Col\u00b7legi de Mediadors d&#039;Assegurances de Lleida<\/title>\n<meta name=\"robots\" content=\"index, follow, max-snippet:-1, max-image-preview:large, max-video-preview:-1\" \/>\n<link rel=\"canonical\" href=\"https:\/\/www.cmalleida.com\/es\/los-impagos-de-alquiler-generan-un-perjuicio-medio-de-3-179-euros-el-pais\/\" \/>\n<meta property=\"og:locale\" content=\"es_ES\" \/>\n<meta property=\"og:type\" content=\"article\" \/>\n<meta property=\"og:title\" content=\"Los impagos de alquiler generan un perjuicio medio de 3.179 euros (El Pa\u00eds) - Col\u00b7legi de Mediadors d&#039;Assegurances de Lleida\" \/>\n<meta property=\"og:description\" content=\"Un estudio de la patronal de aseguradoras Unespa se\u00f1ala que las incidencias por no percibir la renta son solo el 6,41% del total y se... Llegeix m\u00e9s\" \/>\n<meta property=\"og:url\" content=\"https:\/\/www.cmalleida.com\/es\/los-impagos-de-alquiler-generan-un-perjuicio-medio-de-3-179-euros-el-pais\/\" \/>\n<meta property=\"og:site_name\" content=\"Col\u00b7legi de Mediadors d&#039;Assegurances de Lleida\" \/>\n<meta property=\"article:published_time\" content=\"2021-02-12T09:22:24+00:00\" \/>\n<meta property=\"og:image\" content=\"https:\/\/www.cmalleida.com\/wp-content\/uploads\/cmall-lleida-actualitat-calcula762.jpg\" \/>\n\t<meta property=\"og:image:width\" content=\"762\" \/>\n\t<meta property=\"og:image:height\" content=\"762\" \/>\n\t<meta property=\"og:image:type\" content=\"image\/jpeg\" \/>\n<meta name=\"author\" content=\"Antonieta Castells Dolcet\" \/>\n<meta name=\"twitter:card\" content=\"summary_large_image\" \/>\n<meta name=\"twitter:label1\" content=\"Written by\" \/>\n\t<meta name=\"twitter:data1\" content=\"Antonieta Castells Dolcet\" \/>\n\t<meta name=\"twitter:label2\" content=\"Est. reading time\" \/>\n\t<meta name=\"twitter:data2\" content=\"4 minutos\" \/>\n<script type=\"application\/ld+json\" class=\"yoast-schema-graph\">{\"@context\":\"https:\/\/schema.org\",\"@graph\":[{\"@type\":\"Article\",\"@id\":\"https:\/\/www.cmalleida.com\/es\/los-impagos-de-alquiler-generan-un-perjuicio-medio-de-3-179-euros-el-pais\/#article\",\"isPartOf\":{\"@id\":\"https:\/\/www.cmalleida.com\/es\/los-impagos-de-alquiler-generan-un-perjuicio-medio-de-3-179-euros-el-pais\/\"},\"author\":{\"name\":\"Antonieta Castells Dolcet\",\"@id\":\"https:\/\/www.cmalleida.com\/es\/#\/schema\/person\/7461453022a0d6ce41c1e530eb4443b4\"},\"headline\":\"Los impagos de alquiler generan un perjuicio medio de 3.179 euros (El Pa\u00eds)\",\"datePublished\":\"2021-02-12T09:22:24+00:00\",\"mainEntityOfPage\":{\"@id\":\"https:\/\/www.cmalleida.com\/es\/los-impagos-de-alquiler-generan-un-perjuicio-medio-de-3-179-euros-el-pais\/\"},\"wordCount\":723,\"publisher\":{\"@id\":\"https:\/\/www.cmalleida.com\/es\/#organization\"},\"image\":{\"@id\":\"https:\/\/www.cmalleida.com\/es\/los-impagos-de-alquiler-generan-un-perjuicio-medio-de-3-179-euros-el-pais\/#primaryimage\"},\"thumbnailUrl\":\"https:\/\/www.cmalleida.com\/wp-content\/uploads\/cmall-lleida-actualitat-calcula762.jpg\",\"articleSection\":[\"Actualidad\",\"Sinistres\"],\"inLanguage\":\"es\"},{\"@type\":\"WebPage\",\"@id\":\"https:\/\/www.cmalleida.com\/es\/los-impagos-de-alquiler-generan-un-perjuicio-medio-de-3-179-euros-el-pais\/\",\"url\":\"https:\/\/www.cmalleida.com\/es\/los-impagos-de-alquiler-generan-un-perjuicio-medio-de-3-179-euros-el-pais\/\",\"name\":\"Los impagos de alquiler generan un perjuicio medio de 3.179 euros (El Pa\u00eds) - Col\u00b7legi de Mediadors d&#039;Assegurances de Lleida\",\"isPartOf\":{\"@id\":\"https:\/\/www.cmalleida.com\/es\/#website\"},\"primaryImageOfPage\":{\"@id\":\"https:\/\/www.cmalleida.com\/es\/los-impagos-de-alquiler-generan-un-perjuicio-medio-de-3-179-euros-el-pais\/#primaryimage\"},\"image\":{\"@id\":\"https:\/\/www.cmalleida.com\/es\/los-impagos-de-alquiler-generan-un-perjuicio-medio-de-3-179-euros-el-pais\/#primaryimage\"},\"thumbnailUrl\":\"https:\/\/www.cmalleida.com\/wp-content\/uploads\/cmall-lleida-actualitat-calcula762.jpg\",\"datePublished\":\"2021-02-12T09:22:24+00:00\",\"breadcrumb\":{\"@id\":\"https:\/\/www.cmalleida.com\/es\/los-impagos-de-alquiler-generan-un-perjuicio-medio-de-3-179-euros-el-pais\/#breadcrumb\"},\"inLanguage\":\"es\",\"potentialAction\":[{\"@type\":\"ReadAction\",\"target\":[\"https:\/\/www.cmalleida.com\/es\/los-impagos-de-alquiler-generan-un-perjuicio-medio-de-3-179-euros-el-pais\/\"]}]},{\"@type\":\"ImageObject\",\"inLanguage\":\"es\",\"@id\":\"https:\/\/www.cmalleida.com\/es\/los-impagos-de-alquiler-generan-un-perjuicio-medio-de-3-179-euros-el-pais\/#primaryimage\",\"url\":\"https:\/\/www.cmalleida.com\/wp-content\/uploads\/cmall-lleida-actualitat-calcula762.jpg\",\"contentUrl\":\"https:\/\/www.cmalleida.com\/wp-content\/uploads\/cmall-lleida-actualitat-calcula762.jpg\",\"width\":762,\"height\":762,\"caption\":\"cmall-lleida-actualitat-calcula762\"},{\"@type\":\"BreadcrumbList\",\"@id\":\"https:\/\/www.cmalleida.com\/es\/los-impagos-de-alquiler-generan-un-perjuicio-medio-de-3-179-euros-el-pais\/#breadcrumb\",\"itemListElement\":[{\"@type\":\"ListItem\",\"position\":1,\"name\":\"Inici\",\"item\":\"https:\/\/www.cmalleida.com\/es\/\"},{\"@type\":\"ListItem\",\"position\":2,\"name\":\"Los impagos de alquiler generan un perjuicio medio de 3.179 euros (El Pa\u00eds)\"}]},{\"@type\":\"WebSite\",\"@id\":\"https:\/\/www.cmalleida.com\/es\/#website\",\"url\":\"https:\/\/www.cmalleida.com\/es\/\",\"name\":\"Col\u00b7legi de Mediadors d&#039;Assegurances de Lleida\",\"description\":\"Otro sitio realizado con WordPress\",\"publisher\":{\"@id\":\"https:\/\/www.cmalleida.com\/es\/#organization\"},\"potentialAction\":[{\"@type\":\"SearchAction\",\"target\":{\"@type\":\"EntryPoint\",\"urlTemplate\":\"https:\/\/www.cmalleida.com\/es\/?s={search_term_string}\"},\"query-input\":{\"@type\":\"PropertyValueSpecification\",\"valueRequired\":true,\"valueName\":\"search_term_string\"}}],\"inLanguage\":\"es\"},{\"@type\":\"Organization\",\"@id\":\"https:\/\/www.cmalleida.com\/es\/#organization\",\"name\":\"Col\u00b7legi de Mediadors d'Assegurances de Lleida\",\"url\":\"https:\/\/www.cmalleida.com\/es\/\",\"logo\":{\"@type\":\"ImageObject\",\"inLanguage\":\"es\",\"@id\":\"https:\/\/www.cmalleida.com\/es\/#\/schema\/logo\/image\/\",\"url\":\"\",\"contentUrl\":\"\",\"caption\":\"Col\u00b7legi de Mediadors d'Assegurances de Lleida\"},\"image\":{\"@id\":\"https:\/\/www.cmalleida.com\/es\/#\/schema\/logo\/image\/\"}},{\"@type\":\"Person\",\"@id\":\"https:\/\/www.cmalleida.com\/es\/#\/schema\/person\/7461453022a0d6ce41c1e530eb4443b4\",\"name\":\"Antonieta Castells Dolcet\",\"image\":{\"@type\":\"ImageObject\",\"inLanguage\":\"es\",\"@id\":\"https:\/\/secure.gravatar.com\/avatar\/7738df9a8ff2d12e8b37d088ff0e3e36016e57ab29e5db27ba4fb758a81ea3cb?s=96&d=mm&r=g\",\"url\":\"https:\/\/secure.gravatar.com\/avatar\/7738df9a8ff2d12e8b37d088ff0e3e36016e57ab29e5db27ba4fb758a81ea3cb?s=96&d=mm&r=g\",\"contentUrl\":\"https:\/\/secure.gravatar.com\/avatar\/7738df9a8ff2d12e8b37d088ff0e3e36016e57ab29e5db27ba4fb758a81ea3cb?s=96&d=mm&r=g\",\"caption\":\"Antonieta Castells Dolcet\"},\"sameAs\":[\"http:\/\/www.cmalleida.com\"]}]}<\/script>\n<!-- \/ Yoast SEO plugin. -->","yoast_head_json":{"title":"Los impagos de alquiler generan un perjuicio medio de 3.179 euros (El Pa\u00eds) - Col\u00b7legi de Mediadors d&#039;Assegurances de Lleida","robots":{"index":"index","follow":"follow","max-snippet":"max-snippet:-1","max-image-preview":"max-image-preview:large","max-video-preview":"max-video-preview:-1"},"canonical":"https:\/\/www.cmalleida.com\/es\/los-impagos-de-alquiler-generan-un-perjuicio-medio-de-3-179-euros-el-pais\/","og_locale":"es_ES","og_type":"article","og_title":"Los impagos de alquiler generan un perjuicio medio de 3.179 euros (El Pa\u00eds) - Col\u00b7legi de Mediadors d&#039;Assegurances de Lleida","og_description":"Un estudio de la patronal de aseguradoras Unespa se\u00f1ala que las incidencias por no percibir la renta son solo el 6,41% del total y se... Llegeix m\u00e9s","og_url":"https:\/\/www.cmalleida.com\/es\/los-impagos-de-alquiler-generan-un-perjuicio-medio-de-3-179-euros-el-pais\/","og_site_name":"Col\u00b7legi de Mediadors d&#039;Assegurances de Lleida","article_published_time":"2021-02-12T09:22:24+00:00","og_image":[{"width":762,"height":762,"url":"https:\/\/www.cmalleida.com\/wp-content\/uploads\/cmall-lleida-actualitat-calcula762.jpg","type":"image\/jpeg"}],"author":"Antonieta Castells Dolcet","twitter_card":"summary_large_image","twitter_misc":{"Written by":"Antonieta Castells Dolcet","Est. reading time":"4 minutos"},"schema":{"@context":"https:\/\/schema.org","@graph":[{"@type":"Article","@id":"https:\/\/www.cmalleida.com\/es\/los-impagos-de-alquiler-generan-un-perjuicio-medio-de-3-179-euros-el-pais\/#article","isPartOf":{"@id":"https:\/\/www.cmalleida.com\/es\/los-impagos-de-alquiler-generan-un-perjuicio-medio-de-3-179-euros-el-pais\/"},"author":{"name":"Antonieta Castells Dolcet","@id":"https:\/\/www.cmalleida.com\/es\/#\/schema\/person\/7461453022a0d6ce41c1e530eb4443b4"},"headline":"Los impagos de alquiler generan un perjuicio medio de 3.179 euros (El Pa\u00eds)","datePublished":"2021-02-12T09:22:24+00:00","mainEntityOfPage":{"@id":"https:\/\/www.cmalleida.com\/es\/los-impagos-de-alquiler-generan-un-perjuicio-medio-de-3-179-euros-el-pais\/"},"wordCount":723,"publisher":{"@id":"https:\/\/www.cmalleida.com\/es\/#organization"},"image":{"@id":"https:\/\/www.cmalleida.com\/es\/los-impagos-de-alquiler-generan-un-perjuicio-medio-de-3-179-euros-el-pais\/#primaryimage"},"thumbnailUrl":"https:\/\/www.cmalleida.com\/wp-content\/uploads\/cmall-lleida-actualitat-calcula762.jpg","articleSection":["Actualidad","Sinistres"],"inLanguage":"es"},{"@type":"WebPage","@id":"https:\/\/www.cmalleida.com\/es\/los-impagos-de-alquiler-generan-un-perjuicio-medio-de-3-179-euros-el-pais\/","url":"https:\/\/www.cmalleida.com\/es\/los-impagos-de-alquiler-generan-un-perjuicio-medio-de-3-179-euros-el-pais\/","name":"Los impagos de alquiler generan un perjuicio medio de 3.179 euros (El Pa\u00eds) - Col\u00b7legi de Mediadors d&#039;Assegurances de Lleida","isPartOf":{"@id":"https:\/\/www.cmalleida.com\/es\/#website"},"primaryImageOfPage":{"@id":"https:\/\/www.cmalleida.com\/es\/los-impagos-de-alquiler-generan-un-perjuicio-medio-de-3-179-euros-el-pais\/#primaryimage"},"image":{"@id":"https:\/\/www.cmalleida.com\/es\/los-impagos-de-alquiler-generan-un-perjuicio-medio-de-3-179-euros-el-pais\/#primaryimage"},"thumbnailUrl":"https:\/\/www.cmalleida.com\/wp-content\/uploads\/cmall-lleida-actualitat-calcula762.jpg","datePublished":"2021-02-12T09:22:24+00:00","breadcrumb":{"@id":"https:\/\/www.cmalleida.com\/es\/los-impagos-de-alquiler-generan-un-perjuicio-medio-de-3-179-euros-el-pais\/#breadcrumb"},"inLanguage":"es","potentialAction":[{"@type":"ReadAction","target":["https:\/\/www.cmalleida.com\/es\/los-impagos-de-alquiler-generan-un-perjuicio-medio-de-3-179-euros-el-pais\/"]}]},{"@type":"ImageObject","inLanguage":"es","@id":"https:\/\/www.cmalleida.com\/es\/los-impagos-de-alquiler-generan-un-perjuicio-medio-de-3-179-euros-el-pais\/#primaryimage","url":"https:\/\/www.cmalleida.com\/wp-content\/uploads\/cmall-lleida-actualitat-calcula762.jpg","contentUrl":"https:\/\/www.cmalleida.com\/wp-content\/uploads\/cmall-lleida-actualitat-calcula762.jpg","width":762,"height":762,"caption":"cmall-lleida-actualitat-calcula762"},{"@type":"BreadcrumbList","@id":"https:\/\/www.cmalleida.com\/es\/los-impagos-de-alquiler-generan-un-perjuicio-medio-de-3-179-euros-el-pais\/#breadcrumb","itemListElement":[{"@type":"ListItem","position":1,"name":"Inici","item":"https:\/\/www.cmalleida.com\/es\/"},{"@type":"ListItem","position":2,"name":"Los impagos de alquiler generan un perjuicio medio de 3.179 euros (El Pa\u00eds)"}]},{"@type":"WebSite","@id":"https:\/\/www.cmalleida.com\/es\/#website","url":"https:\/\/www.cmalleida.com\/es\/","name":"Col\u00b7legi de Mediadors d&#039;Assegurances de Lleida","description":"Otro sitio realizado con WordPress","publisher":{"@id":"https:\/\/www.cmalleida.com\/es\/#organization"},"potentialAction":[{"@type":"SearchAction","target":{"@type":"EntryPoint","urlTemplate":"https:\/\/www.cmalleida.com\/es\/?s={search_term_string}"},"query-input":{"@type":"PropertyValueSpecification","valueRequired":true,"valueName":"search_term_string"}}],"inLanguage":"es"},{"@type":"Organization","@id":"https:\/\/www.cmalleida.com\/es\/#organization","name":"Col\u00b7legi de Mediadors d'Assegurances de Lleida","url":"https:\/\/www.cmalleida.com\/es\/","logo":{"@type":"ImageObject","inLanguage":"es","@id":"https:\/\/www.cmalleida.com\/es\/#\/schema\/logo\/image\/","url":"","contentUrl":"","caption":"Col\u00b7legi de Mediadors d'Assegurances de Lleida"},"image":{"@id":"https:\/\/www.cmalleida.com\/es\/#\/schema\/logo\/image\/"}},{"@type":"Person","@id":"https:\/\/www.cmalleida.com\/es\/#\/schema\/person\/7461453022a0d6ce41c1e530eb4443b4","name":"Antonieta Castells Dolcet","image":{"@type":"ImageObject","inLanguage":"es","@id":"https:\/\/secure.gravatar.com\/avatar\/7738df9a8ff2d12e8b37d088ff0e3e36016e57ab29e5db27ba4fb758a81ea3cb?s=96&d=mm&r=g","url":"https:\/\/secure.gravatar.com\/avatar\/7738df9a8ff2d12e8b37d088ff0e3e36016e57ab29e5db27ba4fb758a81ea3cb?s=96&d=mm&r=g","contentUrl":"https:\/\/secure.gravatar.com\/avatar\/7738df9a8ff2d12e8b37d088ff0e3e36016e57ab29e5db27ba4fb758a81ea3cb?s=96&d=mm&r=g","caption":"Antonieta Castells Dolcet"},"sameAs":["http:\/\/www.cmalleida.com"]}]}},"_links":{"self":[{"href":"https:\/\/www.cmalleida.com\/es\/wp-json\/wp\/v2\/posts\/8293","targetHints":{"allow":["GET"]}}],"collection":[{"href":"https:\/\/www.cmalleida.com\/es\/wp-json\/wp\/v2\/posts"}],"about":[{"href":"https:\/\/www.cmalleida.com\/es\/wp-json\/wp\/v2\/types\/post"}],"author":[{"embeddable":true,"href":"https:\/\/www.cmalleida.com\/es\/wp-json\/wp\/v2\/users\/149"}],"replies":[{"embeddable":true,"href":"https:\/\/www.cmalleida.com\/es\/wp-json\/wp\/v2\/comments?post=8293"}],"version-history":[{"count":1,"href":"https:\/\/www.cmalleida.com\/es\/wp-json\/wp\/v2\/posts\/8293\/revisions"}],"predecessor-version":[{"id":8294,"href":"https:\/\/www.cmalleida.com\/es\/wp-json\/wp\/v2\/posts\/8293\/revisions\/8294"}],"wp:featuredmedia":[{"embeddable":true,"href":"https:\/\/www.cmalleida.com\/es\/wp-json\/wp\/v2\/media\/1831"}],"wp:attachment":[{"href":"https:\/\/www.cmalleida.com\/es\/wp-json\/wp\/v2\/media?parent=8293"}],"wp:term":[{"taxonomy":"category","embeddable":true,"href":"https:\/\/www.cmalleida.com\/es\/wp-json\/wp\/v2\/categories?post=8293"},{"taxonomy":"post_tag","embeddable":true,"href":"https:\/\/www.cmalleida.com\/es\/wp-json\/wp\/v2\/tags?post=8293"}],"curies":[{"name":"wp","href":"https:\/\/api.w.org\/{rel}","templated":true}]}}