{"id":8117,"date":"2021-01-22T12:35:38","date_gmt":"2021-01-22T11:35:38","guid":{"rendered":"https:\/\/www.cmalleida.com\/?p=8117"},"modified":"2021-01-22T12:35:38","modified_gmt":"2021-01-22T11:35:38","slug":"los-seguros-facturaron-un-83-menos-en-primas-en-2020-por-la-pandemia-el-pais","status":"publish","type":"post","link":"https:\/\/www.cmalleida.com\/es\/los-seguros-facturaron-un-83-menos-en-primas-en-2020-por-la-pandemia-el-pais\/","title":{"rendered":"Los seguros facturaron un 8,3% menos en primas en 2020 por la pandemia (El Pa\u00eds)"},"content":{"rendered":"<header class=\"a_h | col desktop_12 tablet_8 mobile_4\">\n<div id=\"article_header\" class=\"a_hg basic | \">\n<h4 class=\"a_st font_secondary color_gray_dark \">La patronal Unespa estima que el temporal Filomena increment\u00f3 las siniestros un 40% respecto al a\u00f1o anterior<\/h4>\n<\/div>\n<div class=\"sb | width_full border_bottom border_5\">\n<div class=\"sb_w | border_bottom border_1 padding_bottom flex\n          justify_space_between relative\"><\/p>\n<div class=\"flex container_row social-icons right-links horizontal  \"><a class=\"a_aut_n | color_black\" title=\"Ver todas las noticias de EP\" href=\"https:\/\/elpais.com\/autor\/ep-europa-press\/\">EP<\/a><\/div>\n<\/div>\n<\/div>\n<div class=\"a_by | margin_bottom_lg  \">\n<div class=\"\">\n<div class=\"a_pt | uppercase color_gray_medium_lighter \"><span class=\"a_pl | capitalize  color_black\">Madrid<\/span>\u00a0&#8211;\u00a0<a class=\"a_ti\" href=\"https:\/\/elpais.com\/hemeroteca\/2021-01-19\/\">19 ENE 2021 &#8211; 14:38\u00a0<abbr title=\"Europe\/Madrid\">CET<\/abbr><\/a><\/div>\n<\/div>\n<\/div>\n<\/header>\n<div class=\"a_w | col desktop_8 tablet_8 mobile_4\">\n<div class=\"a_b article_body | color_gray_dark\">\n<p class=\"\">Los ingresos por primas de las aseguradoras se situaron en 58.850 millones de euros al t\u00e9rmino del ejercicio 2020, un 8,3% menos que un a\u00f1o atr\u00e1s, debido principalmente a la paralizaci\u00f3n econ\u00f3mica generada por la pandemia de covid-19 y a las medidas adoptadas para contenerla. As\u00ed lo ha trasladado la patronal del sector asegurador Unespa en una rueda de prensa celebrada este martes con motivo de la presentaci\u00f3n del los datos provisionales correspondientes a 2020 recabados por Investigaci\u00f3n Cooperativa de Entidades Aseguradoras (ICEA).<\/p>\n<div id=\"elpais_gpt-INTEXT\" data-google-query-id=\"COKv5OW4r-4CFdAUBgAd8HwMVg\">\n<div id=\"google_ads_iframe_7811748\/elpais_finanzas_economia_web\/intext_0__container__\">Pese a la ca\u00edda de ingresos, Unespa ha subrayado que el sector asegurador preserva unos niveles de solvencia \u201celevados, que superan con creces\u201d las exigencias que marca la regulaci\u00f3n y que tambi\u00e9n ha mantenido el servicio a sus clientes con normalidad a lo largo del ejercicio.<\/div>\n<\/div>\n<div id=\"_wmass_7075000007171184\">\n<div id=\"jw-7118471184\">Del total de ingresos logrados en el a\u00f1o, unos 37.046 millones de euros correspondieron al ramo de no vida (autom\u00f3viles u hogar) y los 21.804 millones restantes al de vida. Las l\u00edneas de negocio que m\u00e1s han acusado la ca\u00edda de la econom\u00eda espa\u00f1ola han sido los seguros de vida, ahorro, autom\u00f3viles y diversos. As\u00ed, la facturaci\u00f3n del negocio de seguros de vida se redujo al cierre del cuarto trimestre un 20,78% en t\u00e9rminos interanuales. No obstante, el volumen del ahorro gestionado a trav\u00e9s de seguros se ha mantenido estable. Las provisiones t\u00e9cnicas se situaron en 193.826 millones de euros a finales de diciembre, pr\u00e1cticamente en l\u00ednea con la cifra del ejercicio precedente.<\/div>\n<\/div>\n<div id=\"sm-it-main-container-1611315182678\" class=\"sm-it-main-container\" data-it=\"a392531f-4b26-45a6-93e3-928e421e8f9a\" data-device=\"desktop\">\n<div id=\"sm-reference-1611315182678\" class=\"sm-reference\"><\/div>\n<\/div>\n<p class=\"\">Los seguros del autom\u00f3vil redujeron su facturaci\u00f3n un 1,96% en t\u00e9rminos interanuales y cerraron 2020 con unos ingresos de 11.091 millones de euros. Asimismo, los seguros diversos aportaron 8.819 millones, un 0,73% menos. Esta categor\u00eda agrupa distintas protecciones, muchas de ellas ligadas a la actividad econ\u00f3mica.<\/p>\n<p class=\"\">A pesar de los descensos experimentados por autom\u00f3viles y diversos, Unespa ha indicado que la facturaci\u00f3n del ramo de no vida se ha mantenido en positivo, gracias a los seguros de hogar y salud. As\u00ed, los seguros que protegen inmuebles crecieron un 3,08%, hasta los 7.753 millones, mientras que la partida de seguros de salud repunt\u00f3 un 5,01% a cierre de a\u00f1o, hasta los 9.383 millones.<\/p>\n<p class=\"\">La presidenta de Unespa, Pilar Gonz\u00e1lez de Frutos, ha subrayado que estas cifras han sido mejores que las del resto de la econom\u00eda y que se han producido en un entorno en el que el seguro ha mantenido su solvencia y su rentabilidad. \u201cAdem\u00e1s, ha actuado claramente en ayuda de sus clientes menos favorecidos, otorgando coberturas inicialmente no cubiertas, dando facilidades de pago, creando el mayor seguro colectivo de la historia en favor del personal de centros sanitarios e incrementando, m\u00e1s que manteniendo, su nivel de servicio\u201d, ha a\u00f1adido.<\/p>\n<h4 class=\"font_secondary color_gray_ultra_dark\">Filomena incrementa los siniestros<\/h4>\n<p class=\"\">Gozn\u00e1lez de frutos tambi\u00e9n se ha referido al impacto del temporal Filomena en el inicio de 2021, augurando un a\u00f1o de retos importantes. \u201cEl paso de una borrasca con eventos meteorol\u00f3gicos poco comunes en muchas de las zonas a las que ha afectado ha generado un importante volumen de p\u00e9rdidas inesperadas\u201d, ha precisado. Seg\u00fan ha dicho, muchas de las p\u00e9rdidas est\u00e1n aseguradas y han generado unos costes inesperados para la industria que en algunos casos apuntan a un incremento del volumen de siniestros de hasta el 40% respecto del a\u00f1o anterior. Gonz\u00e1lez de Futos ha se\u00f1alado que las datos que tiene son \u201cmuy estimativos y limitados\u201d, ya que todav\u00eda no ha aflorado la totalidad de los da\u00f1os. \u201cHay mucho asegurado que a\u00fan no es consciente de si ha tenido da\u00f1os de la nevada\u201d, ha indicado.<\/p>\n<p class=\"\">Solo teniendo en cuenta los seguros del hogar, Unespa cuenta con una aproximaci\u00f3n de unos 60.000 siniestros comunicados a entidades aseguradoras para impactos producidos entre el 6 y el 14 de enero. Estas cifras no incluyen da\u00f1os en veh\u00edculos, comercios, almacenes u oficinas, que \u201ctendr\u00e1n que aflorar\u201d. En este sentido, no ha entrado a opinar si la\u00a0<a href=\"https:\/\/elpais.com\/espana\/madrid\/2021-01-14\/almeida-calcula-en-al-menos-1398-millones-de-euros-el-impacto-del-temporal.html\" data-link-track-dtm=\"\">valoraci\u00f3n de impacto realizada por el Ayuntamiento de Madrid de hasta 1.400 millones de euros\u00a0<\/a>es acertada o no. \u201cProbablemente incluye muchas cosas que, en cambio, el seguro no tendr\u00eda en cuenta porque no ofrece cobertura\u201d, ha dicho. De hecho, Gonz\u00e1lez de Frutos ha explicado que le consta que Madrid ha incorporado el impacto de la paralizaci\u00f3n de algunas actividades econ\u00f3micas, cuando el sector asegurador solo indemniza por p\u00e9rdidas pecuniarias en caso de da\u00f1o directo. Tambi\u00e9n incluye la limpieza o cifras del arbolado da\u00f1ado, entre otros.<\/p>\n<p class=\"\">\u201cEl a\u00f1o ha comenzado sumando a la debilidad evolutiva que estos datos demuestran una presi\u00f3n sobre los costes de la actividad y un nuevo reto de servicio de grandes proporciones\u201d, ha apostillado la presidenta de Unespa. En suma, cree que al seguro se le va a juzgar, quiz\u00e1s incluso durante mucho tiempo, por la respuesta que sea capaz de aportar durante este a\u00f1o 2021.<\/p>\n<p class=\"\">Por otro lado, Unespa ha admitido que realizar previsiones sobre el comportamiento del sector asegurador en 2021 es m\u00e1s complicado que nunca, ya que existir\u00e1 mucha volatilidad ligada, fundamentalmente, a la efectividad de las vacunas. As\u00ed, teniendo en cuenta que el pr\u00f3ximo mes de junio est\u00e9 vacunada en torno al 70% de la poblaci\u00f3n, se calcula que el conjunto de ramos de no vida podr\u00eda crecer en torno a un 3%. Para el negocio de vida las previsiones no son \u201cmuy halag\u00fce\u00f1as\u201d. Las previsiones apuntan a una influencia de la pandemia relacionada con el entorno de bajos tipos de inter\u00e9s.<\/p>\n<\/div>\n<\/div>\n","protected":false},"excerpt":{"rendered":"<p>La patronal Unespa estima que el temporal Filomena increment\u00f3 las siniestros un 40% respecto al a\u00f1o anterior EP Madrid\u00a0&#8211;\u00a019 ENE 2021 &#8211; 14:38\u00a0CET Los ingresos&#8230; <a href=\"https:\/\/www.cmalleida.com\/es\/los-seguros-facturaron-un-83-menos-en-primas-en-2020-por-la-pandemia-el-pais\/\" rel=\"nofollow\" class=\"lollegirmes\">Llegeix m\u00e9s<\/a><\/p>\n","protected":false},"author":149,"featured_media":1831,"comment_status":"closed","ping_status":"closed","sticky":false,"template":"","format":"standard","meta":{"_acf_changed":false,"_genesis_hide_title":false,"_genesis_hide_breadcrumbs":false,"_genesis_hide_singular_image":false,"_genesis_hide_footer_widgets":false,"_genesis_custom_body_class":"","_genesis_custom_post_class":"","_genesis_layout":"","footnotes":""},"categories":[28],"tags":[],"class_list":{"0":"post-8117","1":"post","2":"type-post","3":"status-publish","4":"format-standard","5":"has-post-thumbnail","7":"category-actualidad","8":"entry"},"acf":[],"yoast_head":"<!-- This site is optimized with the Yoast SEO plugin v27.2 - https:\/\/yoast.com\/product\/yoast-seo-wordpress\/ -->\n<title>Los seguros facturaron un 8,3% menos en primas en 2020 por la pandemia (El Pa\u00eds) - Col\u00b7legi de Mediadors d&#039;Assegurances de Lleida<\/title>\n<meta name=\"robots\" content=\"index, follow, max-snippet:-1, max-image-preview:large, max-video-preview:-1\" \/>\n<link rel=\"canonical\" href=\"https:\/\/www.cmalleida.com\/es\/los-seguros-facturaron-un-83-menos-en-primas-en-2020-por-la-pandemia-el-pais\/\" \/>\n<meta property=\"og:locale\" content=\"es_ES\" \/>\n<meta property=\"og:type\" content=\"article\" \/>\n<meta property=\"og:title\" content=\"Los seguros facturaron un 8,3% menos en primas en 2020 por la pandemia (El Pa\u00eds) - Col\u00b7legi de Mediadors d&#039;Assegurances de Lleida\" \/>\n<meta property=\"og:description\" content=\"La patronal Unespa estima que el temporal Filomena increment\u00f3 las siniestros un 40% respecto al a\u00f1o anterior EP Madrid\u00a0&#8211;\u00a019 ENE 2021 &#8211; 14:38\u00a0CET Los ingresos... Llegeix m\u00e9s\" \/>\n<meta property=\"og:url\" content=\"https:\/\/www.cmalleida.com\/es\/los-seguros-facturaron-un-83-menos-en-primas-en-2020-por-la-pandemia-el-pais\/\" \/>\n<meta property=\"og:site_name\" content=\"Col\u00b7legi de Mediadors d&#039;Assegurances de Lleida\" \/>\n<meta property=\"article:published_time\" content=\"2021-01-22T11:35:38+00:00\" \/>\n<meta property=\"og:image\" content=\"https:\/\/www.cmalleida.com\/wp-content\/uploads\/cmall-lleida-actualitat-calcula762.jpg\" \/>\n\t<meta property=\"og:image:width\" content=\"762\" \/>\n\t<meta property=\"og:image:height\" content=\"762\" \/>\n\t<meta property=\"og:image:type\" content=\"image\/jpeg\" \/>\n<meta name=\"author\" content=\"Antonieta Castells Dolcet\" \/>\n<meta name=\"twitter:card\" content=\"summary_large_image\" \/>\n<meta name=\"twitter:label1\" content=\"Written by\" \/>\n\t<meta name=\"twitter:data1\" content=\"Antonieta Castells Dolcet\" \/>\n\t<meta name=\"twitter:label2\" content=\"Est. reading time\" \/>\n\t<meta name=\"twitter:data2\" content=\"5 minutos\" \/>\n<script type=\"application\/ld+json\" class=\"yoast-schema-graph\">{\"@context\":\"https:\/\/schema.org\",\"@graph\":[{\"@type\":\"Article\",\"@id\":\"https:\/\/www.cmalleida.com\/es\/los-seguros-facturaron-un-83-menos-en-primas-en-2020-por-la-pandemia-el-pais\/#article\",\"isPartOf\":{\"@id\":\"https:\/\/www.cmalleida.com\/es\/los-seguros-facturaron-un-83-menos-en-primas-en-2020-por-la-pandemia-el-pais\/\"},\"author\":{\"name\":\"Antonieta Castells Dolcet\",\"@id\":\"https:\/\/www.cmalleida.com\/es\/#\/schema\/person\/7461453022a0d6ce41c1e530eb4443b4\"},\"headline\":\"Los seguros facturaron un 8,3% menos en primas en 2020 por la pandemia (El Pa\u00eds)\",\"datePublished\":\"2021-01-22T11:35:38+00:00\",\"mainEntityOfPage\":{\"@id\":\"https:\/\/www.cmalleida.com\/es\/los-seguros-facturaron-un-83-menos-en-primas-en-2020-por-la-pandemia-el-pais\/\"},\"wordCount\":975,\"publisher\":{\"@id\":\"https:\/\/www.cmalleida.com\/es\/#organization\"},\"image\":{\"@id\":\"https:\/\/www.cmalleida.com\/es\/los-seguros-facturaron-un-83-menos-en-primas-en-2020-por-la-pandemia-el-pais\/#primaryimage\"},\"thumbnailUrl\":\"https:\/\/www.cmalleida.com\/wp-content\/uploads\/cmall-lleida-actualitat-calcula762.jpg\",\"articleSection\":[\"Actualidad\"],\"inLanguage\":\"es\"},{\"@type\":\"WebPage\",\"@id\":\"https:\/\/www.cmalleida.com\/es\/los-seguros-facturaron-un-83-menos-en-primas-en-2020-por-la-pandemia-el-pais\/\",\"url\":\"https:\/\/www.cmalleida.com\/es\/los-seguros-facturaron-un-83-menos-en-primas-en-2020-por-la-pandemia-el-pais\/\",\"name\":\"Los seguros facturaron un 8,3% menos en primas en 2020 por la pandemia (El Pa\u00eds) - Col\u00b7legi de Mediadors d&#039;Assegurances de Lleida\",\"isPartOf\":{\"@id\":\"https:\/\/www.cmalleida.com\/es\/#website\"},\"primaryImageOfPage\":{\"@id\":\"https:\/\/www.cmalleida.com\/es\/los-seguros-facturaron-un-83-menos-en-primas-en-2020-por-la-pandemia-el-pais\/#primaryimage\"},\"image\":{\"@id\":\"https:\/\/www.cmalleida.com\/es\/los-seguros-facturaron-un-83-menos-en-primas-en-2020-por-la-pandemia-el-pais\/#primaryimage\"},\"thumbnailUrl\":\"https:\/\/www.cmalleida.com\/wp-content\/uploads\/cmall-lleida-actualitat-calcula762.jpg\",\"datePublished\":\"2021-01-22T11:35:38+00:00\",\"breadcrumb\":{\"@id\":\"https:\/\/www.cmalleida.com\/es\/los-seguros-facturaron-un-83-menos-en-primas-en-2020-por-la-pandemia-el-pais\/#breadcrumb\"},\"inLanguage\":\"es\",\"potentialAction\":[{\"@type\":\"ReadAction\",\"target\":[\"https:\/\/www.cmalleida.com\/es\/los-seguros-facturaron-un-83-menos-en-primas-en-2020-por-la-pandemia-el-pais\/\"]}]},{\"@type\":\"ImageObject\",\"inLanguage\":\"es\",\"@id\":\"https:\/\/www.cmalleida.com\/es\/los-seguros-facturaron-un-83-menos-en-primas-en-2020-por-la-pandemia-el-pais\/#primaryimage\",\"url\":\"https:\/\/www.cmalleida.com\/wp-content\/uploads\/cmall-lleida-actualitat-calcula762.jpg\",\"contentUrl\":\"https:\/\/www.cmalleida.com\/wp-content\/uploads\/cmall-lleida-actualitat-calcula762.jpg\",\"width\":762,\"height\":762,\"caption\":\"cmall-lleida-actualitat-calcula762\"},{\"@type\":\"BreadcrumbList\",\"@id\":\"https:\/\/www.cmalleida.com\/es\/los-seguros-facturaron-un-83-menos-en-primas-en-2020-por-la-pandemia-el-pais\/#breadcrumb\",\"itemListElement\":[{\"@type\":\"ListItem\",\"position\":1,\"name\":\"Inici\",\"item\":\"https:\/\/www.cmalleida.com\/es\/\"},{\"@type\":\"ListItem\",\"position\":2,\"name\":\"Los seguros facturaron un 8,3% menos en primas en 2020 por la pandemia (El Pa\u00eds)\"}]},{\"@type\":\"WebSite\",\"@id\":\"https:\/\/www.cmalleida.com\/es\/#website\",\"url\":\"https:\/\/www.cmalleida.com\/es\/\",\"name\":\"Col\u00b7legi de Mediadors d&#039;Assegurances de Lleida\",\"description\":\"Otro sitio realizado con WordPress\",\"publisher\":{\"@id\":\"https:\/\/www.cmalleida.com\/es\/#organization\"},\"potentialAction\":[{\"@type\":\"SearchAction\",\"target\":{\"@type\":\"EntryPoint\",\"urlTemplate\":\"https:\/\/www.cmalleida.com\/es\/?s={search_term_string}\"},\"query-input\":{\"@type\":\"PropertyValueSpecification\",\"valueRequired\":true,\"valueName\":\"search_term_string\"}}],\"inLanguage\":\"es\"},{\"@type\":\"Organization\",\"@id\":\"https:\/\/www.cmalleida.com\/es\/#organization\",\"name\":\"Col\u00b7legi de Mediadors d'Assegurances de Lleida\",\"url\":\"https:\/\/www.cmalleida.com\/es\/\",\"logo\":{\"@type\":\"ImageObject\",\"inLanguage\":\"es\",\"@id\":\"https:\/\/www.cmalleida.com\/es\/#\/schema\/logo\/image\/\",\"url\":\"\",\"contentUrl\":\"\",\"caption\":\"Col\u00b7legi de Mediadors d'Assegurances de Lleida\"},\"image\":{\"@id\":\"https:\/\/www.cmalleida.com\/es\/#\/schema\/logo\/image\/\"}},{\"@type\":\"Person\",\"@id\":\"https:\/\/www.cmalleida.com\/es\/#\/schema\/person\/7461453022a0d6ce41c1e530eb4443b4\",\"name\":\"Antonieta Castells Dolcet\",\"image\":{\"@type\":\"ImageObject\",\"inLanguage\":\"es\",\"@id\":\"https:\/\/secure.gravatar.com\/avatar\/7738df9a8ff2d12e8b37d088ff0e3e36016e57ab29e5db27ba4fb758a81ea3cb?s=96&d=mm&r=g\",\"url\":\"https:\/\/secure.gravatar.com\/avatar\/7738df9a8ff2d12e8b37d088ff0e3e36016e57ab29e5db27ba4fb758a81ea3cb?s=96&d=mm&r=g\",\"contentUrl\":\"https:\/\/secure.gravatar.com\/avatar\/7738df9a8ff2d12e8b37d088ff0e3e36016e57ab29e5db27ba4fb758a81ea3cb?s=96&d=mm&r=g\",\"caption\":\"Antonieta Castells Dolcet\"},\"sameAs\":[\"http:\/\/www.cmalleida.com\"]}]}<\/script>\n<!-- \/ Yoast SEO plugin. -->","yoast_head_json":{"title":"Los seguros facturaron un 8,3% menos en primas en 2020 por la pandemia (El Pa\u00eds) - Col\u00b7legi de Mediadors d&#039;Assegurances de Lleida","robots":{"index":"index","follow":"follow","max-snippet":"max-snippet:-1","max-image-preview":"max-image-preview:large","max-video-preview":"max-video-preview:-1"},"canonical":"https:\/\/www.cmalleida.com\/es\/los-seguros-facturaron-un-83-menos-en-primas-en-2020-por-la-pandemia-el-pais\/","og_locale":"es_ES","og_type":"article","og_title":"Los seguros facturaron un 8,3% menos en primas en 2020 por la pandemia (El Pa\u00eds) - Col\u00b7legi de Mediadors d&#039;Assegurances de Lleida","og_description":"La patronal Unespa estima que el temporal Filomena increment\u00f3 las siniestros un 40% respecto al a\u00f1o anterior EP Madrid\u00a0&#8211;\u00a019 ENE 2021 &#8211; 14:38\u00a0CET Los ingresos... Llegeix m\u00e9s","og_url":"https:\/\/www.cmalleida.com\/es\/los-seguros-facturaron-un-83-menos-en-primas-en-2020-por-la-pandemia-el-pais\/","og_site_name":"Col\u00b7legi de Mediadors d&#039;Assegurances de Lleida","article_published_time":"2021-01-22T11:35:38+00:00","og_image":[{"width":762,"height":762,"url":"https:\/\/www.cmalleida.com\/wp-content\/uploads\/cmall-lleida-actualitat-calcula762.jpg","type":"image\/jpeg"}],"author":"Antonieta Castells Dolcet","twitter_card":"summary_large_image","twitter_misc":{"Written by":"Antonieta Castells Dolcet","Est. reading time":"5 minutos"},"schema":{"@context":"https:\/\/schema.org","@graph":[{"@type":"Article","@id":"https:\/\/www.cmalleida.com\/es\/los-seguros-facturaron-un-83-menos-en-primas-en-2020-por-la-pandemia-el-pais\/#article","isPartOf":{"@id":"https:\/\/www.cmalleida.com\/es\/los-seguros-facturaron-un-83-menos-en-primas-en-2020-por-la-pandemia-el-pais\/"},"author":{"name":"Antonieta Castells Dolcet","@id":"https:\/\/www.cmalleida.com\/es\/#\/schema\/person\/7461453022a0d6ce41c1e530eb4443b4"},"headline":"Los seguros facturaron un 8,3% menos en primas en 2020 por la pandemia (El Pa\u00eds)","datePublished":"2021-01-22T11:35:38+00:00","mainEntityOfPage":{"@id":"https:\/\/www.cmalleida.com\/es\/los-seguros-facturaron-un-83-menos-en-primas-en-2020-por-la-pandemia-el-pais\/"},"wordCount":975,"publisher":{"@id":"https:\/\/www.cmalleida.com\/es\/#organization"},"image":{"@id":"https:\/\/www.cmalleida.com\/es\/los-seguros-facturaron-un-83-menos-en-primas-en-2020-por-la-pandemia-el-pais\/#primaryimage"},"thumbnailUrl":"https:\/\/www.cmalleida.com\/wp-content\/uploads\/cmall-lleida-actualitat-calcula762.jpg","articleSection":["Actualidad"],"inLanguage":"es"},{"@type":"WebPage","@id":"https:\/\/www.cmalleida.com\/es\/los-seguros-facturaron-un-83-menos-en-primas-en-2020-por-la-pandemia-el-pais\/","url":"https:\/\/www.cmalleida.com\/es\/los-seguros-facturaron-un-83-menos-en-primas-en-2020-por-la-pandemia-el-pais\/","name":"Los seguros facturaron un 8,3% menos en primas en 2020 por la pandemia (El Pa\u00eds) - Col\u00b7legi de Mediadors d&#039;Assegurances de Lleida","isPartOf":{"@id":"https:\/\/www.cmalleida.com\/es\/#website"},"primaryImageOfPage":{"@id":"https:\/\/www.cmalleida.com\/es\/los-seguros-facturaron-un-83-menos-en-primas-en-2020-por-la-pandemia-el-pais\/#primaryimage"},"image":{"@id":"https:\/\/www.cmalleida.com\/es\/los-seguros-facturaron-un-83-menos-en-primas-en-2020-por-la-pandemia-el-pais\/#primaryimage"},"thumbnailUrl":"https:\/\/www.cmalleida.com\/wp-content\/uploads\/cmall-lleida-actualitat-calcula762.jpg","datePublished":"2021-01-22T11:35:38+00:00","breadcrumb":{"@id":"https:\/\/www.cmalleida.com\/es\/los-seguros-facturaron-un-83-menos-en-primas-en-2020-por-la-pandemia-el-pais\/#breadcrumb"},"inLanguage":"es","potentialAction":[{"@type":"ReadAction","target":["https:\/\/www.cmalleida.com\/es\/los-seguros-facturaron-un-83-menos-en-primas-en-2020-por-la-pandemia-el-pais\/"]}]},{"@type":"ImageObject","inLanguage":"es","@id":"https:\/\/www.cmalleida.com\/es\/los-seguros-facturaron-un-83-menos-en-primas-en-2020-por-la-pandemia-el-pais\/#primaryimage","url":"https:\/\/www.cmalleida.com\/wp-content\/uploads\/cmall-lleida-actualitat-calcula762.jpg","contentUrl":"https:\/\/www.cmalleida.com\/wp-content\/uploads\/cmall-lleida-actualitat-calcula762.jpg","width":762,"height":762,"caption":"cmall-lleida-actualitat-calcula762"},{"@type":"BreadcrumbList","@id":"https:\/\/www.cmalleida.com\/es\/los-seguros-facturaron-un-83-menos-en-primas-en-2020-por-la-pandemia-el-pais\/#breadcrumb","itemListElement":[{"@type":"ListItem","position":1,"name":"Inici","item":"https:\/\/www.cmalleida.com\/es\/"},{"@type":"ListItem","position":2,"name":"Los seguros facturaron un 8,3% menos en primas en 2020 por la pandemia (El Pa\u00eds)"}]},{"@type":"WebSite","@id":"https:\/\/www.cmalleida.com\/es\/#website","url":"https:\/\/www.cmalleida.com\/es\/","name":"Col\u00b7legi de Mediadors d&#039;Assegurances de Lleida","description":"Otro sitio realizado con WordPress","publisher":{"@id":"https:\/\/www.cmalleida.com\/es\/#organization"},"potentialAction":[{"@type":"SearchAction","target":{"@type":"EntryPoint","urlTemplate":"https:\/\/www.cmalleida.com\/es\/?s={search_term_string}"},"query-input":{"@type":"PropertyValueSpecification","valueRequired":true,"valueName":"search_term_string"}}],"inLanguage":"es"},{"@type":"Organization","@id":"https:\/\/www.cmalleida.com\/es\/#organization","name":"Col\u00b7legi de Mediadors d'Assegurances de Lleida","url":"https:\/\/www.cmalleida.com\/es\/","logo":{"@type":"ImageObject","inLanguage":"es","@id":"https:\/\/www.cmalleida.com\/es\/#\/schema\/logo\/image\/","url":"","contentUrl":"","caption":"Col\u00b7legi de Mediadors d'Assegurances de Lleida"},"image":{"@id":"https:\/\/www.cmalleida.com\/es\/#\/schema\/logo\/image\/"}},{"@type":"Person","@id":"https:\/\/www.cmalleida.com\/es\/#\/schema\/person\/7461453022a0d6ce41c1e530eb4443b4","name":"Antonieta Castells Dolcet","image":{"@type":"ImageObject","inLanguage":"es","@id":"https:\/\/secure.gravatar.com\/avatar\/7738df9a8ff2d12e8b37d088ff0e3e36016e57ab29e5db27ba4fb758a81ea3cb?s=96&d=mm&r=g","url":"https:\/\/secure.gravatar.com\/avatar\/7738df9a8ff2d12e8b37d088ff0e3e36016e57ab29e5db27ba4fb758a81ea3cb?s=96&d=mm&r=g","contentUrl":"https:\/\/secure.gravatar.com\/avatar\/7738df9a8ff2d12e8b37d088ff0e3e36016e57ab29e5db27ba4fb758a81ea3cb?s=96&d=mm&r=g","caption":"Antonieta Castells Dolcet"},"sameAs":["http:\/\/www.cmalleida.com"]}]}},"_links":{"self":[{"href":"https:\/\/www.cmalleida.com\/es\/wp-json\/wp\/v2\/posts\/8117","targetHints":{"allow":["GET"]}}],"collection":[{"href":"https:\/\/www.cmalleida.com\/es\/wp-json\/wp\/v2\/posts"}],"about":[{"href":"https:\/\/www.cmalleida.com\/es\/wp-json\/wp\/v2\/types\/post"}],"author":[{"embeddable":true,"href":"https:\/\/www.cmalleida.com\/es\/wp-json\/wp\/v2\/users\/149"}],"replies":[{"embeddable":true,"href":"https:\/\/www.cmalleida.com\/es\/wp-json\/wp\/v2\/comments?post=8117"}],"version-history":[{"count":1,"href":"https:\/\/www.cmalleida.com\/es\/wp-json\/wp\/v2\/posts\/8117\/revisions"}],"predecessor-version":[{"id":8118,"href":"https:\/\/www.cmalleida.com\/es\/wp-json\/wp\/v2\/posts\/8117\/revisions\/8118"}],"wp:featuredmedia":[{"embeddable":true,"href":"https:\/\/www.cmalleida.com\/es\/wp-json\/wp\/v2\/media\/1831"}],"wp:attachment":[{"href":"https:\/\/www.cmalleida.com\/es\/wp-json\/wp\/v2\/media?parent=8117"}],"wp:term":[{"taxonomy":"category","embeddable":true,"href":"https:\/\/www.cmalleida.com\/es\/wp-json\/wp\/v2\/categories?post=8117"},{"taxonomy":"post_tag","embeddable":true,"href":"https:\/\/www.cmalleida.com\/es\/wp-json\/wp\/v2\/tags?post=8117"}],"curies":[{"name":"wp","href":"https:\/\/api.w.org\/{rel}","templated":true}]}}