{"id":8112,"date":"2021-01-22T12:31:33","date_gmt":"2021-01-22T11:31:33","guid":{"rendered":"https:\/\/www.cmalleida.com\/?p=8112"},"modified":"2021-01-22T12:31:33","modified_gmt":"2021-01-22T11:31:33","slug":"que-cubre-el-seguro-ante-los-danos-producidos-por-la-lluvia-la-vanguardia","status":"publish","type":"post","link":"https:\/\/www.cmalleida.com\/es\/que-cubre-el-seguro-ante-los-danos-producidos-por-la-lluvia-la-vanguardia\/","title":{"rendered":"\u00bfQu\u00e9 cubre el seguro ante los da\u00f1os producidos por la lluvia? (La Vanguardia)"},"content":{"rendered":"<header class=\"article-top-header col-12\">\n<div class=\"article-top\">\n<div class=\"article-top-titles\">\n<div class=\"title-container\">\n<h4 class=\"title\"><span style=\"font-size: 16px;\">Las p\u00f3lizas de hogar y comunidades ofrecen cobertura en caso de sufrir da\u00f1os en temporales de lluvia, pero con algunos condicionantes<\/span><\/h4>\n<\/div>\n<\/div>\n<div class=\"article-media-main\">\n<figure class=\"composite-image image-container \" data-gtm-element-container=\"button-gallery\">REDACCI\u00d3N\u00a0 \u00a0 \u00a0<time class=\"created\" datetime=\"2021-01-20T07:00:00+01:00\">20\/01\/2021 07:00<\/time><time class=\"modified\" datetime=\"2021-01-20T10:16:05+01:00\">Actualizado a 20\/01\/2021 10:16<\/time><\/figure>\n<\/div>\n<\/div>\n<\/header>\n<div class=\"article-content col-12 col-md-8\">\n<div class=\"article-info\">\n<div class=\"social-buttons social-share\" data-gtm-element=\"leaf-social-share-top\">\n<div class=\"social-right\">Tras la nieve y el hielo, llega el turno de las lluvias intensas y fuertes rachas de viento en la Comunidad de Madrid. La borrasca Gaet\u00e1n afectar\u00e1 tambi\u00e9n a Galicia, Asturias, Castilla-Le\u00f3n, Extremadura y Andaluc\u00eda, seg\u00fan la Agencia Estatal de Meteorolog\u00eda (Aemet). Pero ser\u00e1 en Madrid donde se esperan las precipitaciones m\u00e1s abundantes en las pr\u00f3ximas horas. El gobierno auton\u00f3mico ha activado el Plan Especial de Protecci\u00f3n Civil por el riesgo de inundaciones en toda la comunidad.<\/div>\n<\/div>\n<\/div>\n<div class=\"article-modules\">\n<p class=\"paragraph\" data-gtm-element-container=\"modulo-texto-link\">Despu\u00e9s de lo vivido la semana pasada con \u2018Filomena\u2019, con nieve todav\u00eda en las calles y los efectos del temporal a la vista, los ciudadanos madrile\u00f1os se preparan para enfrentarse de nuevo a las fuerzas de la naturaleza. Ante semejante panorama, quien m\u00e1s quien menos se pregunta si el seguro acudir\u00e1 al rescate para afrontar da\u00f1os de importancia que pueden llegar a producirse en sus propiedades.<\/p>\n<p>&nbsp;<\/p>\n<div id=\"google_ads_iframe_\/55964524\/lv_w\/seguros\/n_6__container__\">Las p\u00f3lizas del hogar y el seguro de las comunidades ofrecen cobertura para los da\u00f1os causados por la lluvia, siempre que se superen los 40 litros por metro cuadrado y hora. Un dato que siempre hay que corroborar con los registros de la Aemet. Si la lluvia es superior a esa intensidad, y aunque es imprescindible revisar el contenido de cada p\u00f3liza, lo m\u00e1s probable es que el seguro se haga cargo de los da\u00f1os que se produzcan por filtraciones desde fachada, tejado o terrazas.<\/div>\n<p>&nbsp;<\/p>\n<p class=\"paragraph\" data-gtm-element-container=\"modulo-texto-link\">Las exclusiones m\u00e1s frecuentes tienen que ver con posibles problemas de mantenimiento en el edificio o con deficiencias en los cerramientos de puertas y ventanas. En estos casos, lo m\u00e1s probable es que la compa\u00f1\u00eda no acepte el siniestro. Lo mismo si la entrada del agua en el interior de la vivienda se a producido como consecuencia de un descuido. Por ejemplo, si nos hemos dejado una ventana o la puerta del balc\u00f3n abierta.<\/p>\n<p class=\"paragraph\" data-gtm-element-container=\"modulo-texto-link\">Un mediador de seguros podr\u00e1 revisar las coberturas y exclusiones que se establecen en nuestra p\u00f3liza e iniciar, si procede, el proceso de reclamaci\u00f3n a la compa\u00f1\u00eda.<\/p>\n<h4 class=\"subtitle\">Combinaci\u00f3n peligrosa<\/h4>\n<h4 class=\"subtitle\">La principal amenaza son las inundaciones<\/h4>\n<p class=\"paragraph\" data-gtm-element-container=\"modulo-texto-link\">Los principales da\u00f1os que a priori pueden provocar las fuertes lluvias de las pr\u00f3ximas horas en Madrid tiene que ver con posibles inundaciones en bajos, garajes y locales comerciales. Un riesgo que se ve agravado por la nieve que todav\u00eda se acumula en las calles junto con los restos de ramas y \u00e1rboles ca\u00eddos y la presencia de hielo en los tejados. La suma de todos estos factores son los que m\u00e1s preocupan a las autoridades, que han llamado a la poblaci\u00f3n a matener limpios los desag\u00fces en los patios interiores.<\/p>\n<p class=\"paragraph\" data-gtm-element-container=\"modulo-texto-link\">La lluvia puede acelerar el deshielo y los restos de vegetaci\u00f3n actuar como un tap\u00f3n obstruyendo los desag\u00fces y el alcantarillado. El escenario perfecto para que el agua se acumule y acabe por causar desperfectos en bajos y garajes. El seguro ofrece coberturas para los casos de inundaci\u00f3n. De nuevo, sin embargo, es necesario fijarse en la p\u00f3liza.<\/p>\n<p class=\"paragraph\" data-gtm-element-container=\"modulo-texto-link\">De entrada, los da\u00f1os causados por inundaciones extraordinarias son abonados por el Consorcio de Compensaci\u00f3n de Seguros (CCS) y no por las compa\u00f1\u00edas. Este organismo, dependiente del Ministerio de Econom\u00eda asume, entre otros riesgos extraordinarios, los provocados por fen\u00f3menos naturales, aunque con algunas exclusiones significativas.<\/p>\n<p class=\"paragraph\" data-gtm-element-container=\"modulo-texto-link\">El CCS no cubre, por ejemplo, la lluvia, a menos que se considere una tempestad cicl\u00f3nica at\u00edpica, pero s\u00ed el anegamiento del terreno producido por lluvias o deshielo.<\/p>\n<p class=\"paragraph\" data-gtm-element-container=\"modulo-texto-link\">Entre las exclusiones, el Consorcio asegura en su web que no son de su competencia las inundaciones derivadas de \u201cla lluvia ca\u00edda directamente sobre el riesgo asegurado, o la recogida por su cubierta o azotea, su red de desag\u00fce o sus patios, como tampoco la inundaci\u00f3n ocasionada por rotura de presas, canales, alcantarillas, colectores y otros cauces subterr\u00e1neos artificiales\u201d.<\/p>\n<p class=\"paragraph\" data-gtm-element-container=\"modulo-texto-link\">Ninguno de los da\u00f1os causados por \u2018Filomena\u2019 la semana pasada ser\u00e1n abonados por el CCS, ya que no considera la nieve como un riesgo extraordinario. Sin embargo, este organismo se hace responsable de los desperfectos que cause la nieve durante el proceso de deshielo. El Consorcio solo se hace cargo de los da\u00f1os que cuentan con un seguro en vigor y al corriente de pago.<\/p>\n<\/div>\n<\/div>\n","protected":false},"excerpt":{"rendered":"<p>Las p\u00f3lizas de hogar y comunidades ofrecen cobertura en caso de sufrir da\u00f1os en temporales de lluvia, pero con algunos condicionantes REDACCI\u00d3N\u00a0 \u00a0 \u00a020\/01\/2021 07:00Actualizado&#8230; <a href=\"https:\/\/www.cmalleida.com\/es\/que-cubre-el-seguro-ante-los-danos-producidos-por-la-lluvia-la-vanguardia\/\" rel=\"nofollow\" class=\"lollegirmes\">Llegeix m\u00e9s<\/a><\/p>\n","protected":false},"author":149,"featured_media":2140,"comment_status":"closed","ping_status":"closed","sticky":false,"template":"","format":"standard","meta":{"_acf_changed":false,"_genesis_hide_title":false,"_genesis_hide_breadcrumbs":false,"_genesis_hide_singular_image":false,"_genesis_hide_footer_widgets":false,"_genesis_custom_body_class":"","_genesis_custom_post_class":"","_genesis_layout":"","footnotes":""},"categories":[28,62],"tags":[],"class_list":{"0":"post-8112","1":"post","2":"type-post","3":"status-publish","4":"format-standard","5":"has-post-thumbnail","7":"category-actualidad","8":"category-sinistres-es","9":"entry"},"acf":[],"yoast_head":"<!-- This site is optimized with the Yoast SEO plugin v27.2 - https:\/\/yoast.com\/product\/yoast-seo-wordpress\/ -->\n<title>\u00bfQu\u00e9 cubre el seguro ante los da\u00f1os producidos por la lluvia? (La Vanguardia) - Col\u00b7legi de Mediadors d&#039;Assegurances de Lleida<\/title>\n<meta name=\"robots\" content=\"index, follow, max-snippet:-1, max-image-preview:large, max-video-preview:-1\" \/>\n<link rel=\"canonical\" href=\"https:\/\/www.cmalleida.com\/es\/que-cubre-el-seguro-ante-los-danos-producidos-por-la-lluvia-la-vanguardia\/\" \/>\n<meta property=\"og:locale\" content=\"es_ES\" \/>\n<meta property=\"og:type\" content=\"article\" \/>\n<meta property=\"og:title\" content=\"\u00bfQu\u00e9 cubre el seguro ante los da\u00f1os producidos por la lluvia? (La Vanguardia) - Col\u00b7legi de Mediadors d&#039;Assegurances de Lleida\" \/>\n<meta property=\"og:description\" content=\"Las p\u00f3lizas de hogar y comunidades ofrecen cobertura en caso de sufrir da\u00f1os en temporales de lluvia, pero con algunos condicionantes REDACCI\u00d3N\u00a0 \u00a0 \u00a020\/01\/2021 07:00Actualizado... Llegeix m\u00e9s\" \/>\n<meta property=\"og:url\" content=\"https:\/\/www.cmalleida.com\/es\/que-cubre-el-seguro-ante-los-danos-producidos-por-la-lluvia-la-vanguardia\/\" \/>\n<meta property=\"og:site_name\" content=\"Col\u00b7legi de Mediadors d&#039;Assegurances de Lleida\" \/>\n<meta property=\"article:published_time\" content=\"2021-01-22T11:31:33+00:00\" \/>\n<meta property=\"og:image\" content=\"https:\/\/www.cmalleida.com\/wp-content\/uploads\/cmall-lleida-actualitat-inunda762.jpg\" \/>\n\t<meta property=\"og:image:width\" content=\"762\" \/>\n\t<meta property=\"og:image:height\" content=\"762\" \/>\n\t<meta property=\"og:image:type\" content=\"image\/jpeg\" \/>\n<meta name=\"author\" content=\"Antonieta Castells Dolcet\" \/>\n<meta name=\"twitter:card\" content=\"summary_large_image\" \/>\n<meta name=\"twitter:label1\" content=\"Written by\" \/>\n\t<meta name=\"twitter:data1\" content=\"Antonieta Castells Dolcet\" \/>\n\t<meta name=\"twitter:label2\" content=\"Est. reading time\" \/>\n\t<meta name=\"twitter:data2\" content=\"4 minutos\" \/>\n<script type=\"application\/ld+json\" class=\"yoast-schema-graph\">{\"@context\":\"https:\/\/schema.org\",\"@graph\":[{\"@type\":\"Article\",\"@id\":\"https:\/\/www.cmalleida.com\/es\/que-cubre-el-seguro-ante-los-danos-producidos-por-la-lluvia-la-vanguardia\/#article\",\"isPartOf\":{\"@id\":\"https:\/\/www.cmalleida.com\/es\/que-cubre-el-seguro-ante-los-danos-producidos-por-la-lluvia-la-vanguardia\/\"},\"author\":{\"name\":\"Antonieta Castells Dolcet\",\"@id\":\"https:\/\/www.cmalleida.com\/es\/#\/schema\/person\/7461453022a0d6ce41c1e530eb4443b4\"},\"headline\":\"\u00bfQu\u00e9 cubre el seguro ante los da\u00f1os producidos por la lluvia? (La Vanguardia)\",\"datePublished\":\"2021-01-22T11:31:33+00:00\",\"mainEntityOfPage\":{\"@id\":\"https:\/\/www.cmalleida.com\/es\/que-cubre-el-seguro-ante-los-danos-producidos-por-la-lluvia-la-vanguardia\/\"},\"wordCount\":779,\"publisher\":{\"@id\":\"https:\/\/www.cmalleida.com\/es\/#organization\"},\"image\":{\"@id\":\"https:\/\/www.cmalleida.com\/es\/que-cubre-el-seguro-ante-los-danos-producidos-por-la-lluvia-la-vanguardia\/#primaryimage\"},\"thumbnailUrl\":\"https:\/\/www.cmalleida.com\/wp-content\/uploads\/cmall-lleida-actualitat-inunda762.jpg\",\"articleSection\":[\"Actualidad\",\"Sinistres\"],\"inLanguage\":\"es\"},{\"@type\":\"WebPage\",\"@id\":\"https:\/\/www.cmalleida.com\/es\/que-cubre-el-seguro-ante-los-danos-producidos-por-la-lluvia-la-vanguardia\/\",\"url\":\"https:\/\/www.cmalleida.com\/es\/que-cubre-el-seguro-ante-los-danos-producidos-por-la-lluvia-la-vanguardia\/\",\"name\":\"\u00bfQu\u00e9 cubre el seguro ante los da\u00f1os producidos por la lluvia? (La Vanguardia) - Col\u00b7legi de Mediadors d&#039;Assegurances de Lleida\",\"isPartOf\":{\"@id\":\"https:\/\/www.cmalleida.com\/es\/#website\"},\"primaryImageOfPage\":{\"@id\":\"https:\/\/www.cmalleida.com\/es\/que-cubre-el-seguro-ante-los-danos-producidos-por-la-lluvia-la-vanguardia\/#primaryimage\"},\"image\":{\"@id\":\"https:\/\/www.cmalleida.com\/es\/que-cubre-el-seguro-ante-los-danos-producidos-por-la-lluvia-la-vanguardia\/#primaryimage\"},\"thumbnailUrl\":\"https:\/\/www.cmalleida.com\/wp-content\/uploads\/cmall-lleida-actualitat-inunda762.jpg\",\"datePublished\":\"2021-01-22T11:31:33+00:00\",\"breadcrumb\":{\"@id\":\"https:\/\/www.cmalleida.com\/es\/que-cubre-el-seguro-ante-los-danos-producidos-por-la-lluvia-la-vanguardia\/#breadcrumb\"},\"inLanguage\":\"es\",\"potentialAction\":[{\"@type\":\"ReadAction\",\"target\":[\"https:\/\/www.cmalleida.com\/es\/que-cubre-el-seguro-ante-los-danos-producidos-por-la-lluvia-la-vanguardia\/\"]}]},{\"@type\":\"ImageObject\",\"inLanguage\":\"es\",\"@id\":\"https:\/\/www.cmalleida.com\/es\/que-cubre-el-seguro-ante-los-danos-producidos-por-la-lluvia-la-vanguardia\/#primaryimage\",\"url\":\"https:\/\/www.cmalleida.com\/wp-content\/uploads\/cmall-lleida-actualitat-inunda762.jpg\",\"contentUrl\":\"https:\/\/www.cmalleida.com\/wp-content\/uploads\/cmall-lleida-actualitat-inunda762.jpg\",\"width\":762,\"height\":762,\"caption\":\"cmall-lleida-actualitat-inunda762\"},{\"@type\":\"BreadcrumbList\",\"@id\":\"https:\/\/www.cmalleida.com\/es\/que-cubre-el-seguro-ante-los-danos-producidos-por-la-lluvia-la-vanguardia\/#breadcrumb\",\"itemListElement\":[{\"@type\":\"ListItem\",\"position\":1,\"name\":\"Inici\",\"item\":\"https:\/\/www.cmalleida.com\/es\/\"},{\"@type\":\"ListItem\",\"position\":2,\"name\":\"\u00bfQu\u00e9 cubre el seguro ante los da\u00f1os producidos por la lluvia? (La Vanguardia)\"}]},{\"@type\":\"WebSite\",\"@id\":\"https:\/\/www.cmalleida.com\/es\/#website\",\"url\":\"https:\/\/www.cmalleida.com\/es\/\",\"name\":\"Col\u00b7legi de Mediadors d&#039;Assegurances de Lleida\",\"description\":\"Otro sitio realizado con WordPress\",\"publisher\":{\"@id\":\"https:\/\/www.cmalleida.com\/es\/#organization\"},\"potentialAction\":[{\"@type\":\"SearchAction\",\"target\":{\"@type\":\"EntryPoint\",\"urlTemplate\":\"https:\/\/www.cmalleida.com\/es\/?s={search_term_string}\"},\"query-input\":{\"@type\":\"PropertyValueSpecification\",\"valueRequired\":true,\"valueName\":\"search_term_string\"}}],\"inLanguage\":\"es\"},{\"@type\":\"Organization\",\"@id\":\"https:\/\/www.cmalleida.com\/es\/#organization\",\"name\":\"Col\u00b7legi de Mediadors d'Assegurances de Lleida\",\"url\":\"https:\/\/www.cmalleida.com\/es\/\",\"logo\":{\"@type\":\"ImageObject\",\"inLanguage\":\"es\",\"@id\":\"https:\/\/www.cmalleida.com\/es\/#\/schema\/logo\/image\/\",\"url\":\"\",\"contentUrl\":\"\",\"caption\":\"Col\u00b7legi de Mediadors d'Assegurances de Lleida\"},\"image\":{\"@id\":\"https:\/\/www.cmalleida.com\/es\/#\/schema\/logo\/image\/\"}},{\"@type\":\"Person\",\"@id\":\"https:\/\/www.cmalleida.com\/es\/#\/schema\/person\/7461453022a0d6ce41c1e530eb4443b4\",\"name\":\"Antonieta Castells Dolcet\",\"image\":{\"@type\":\"ImageObject\",\"inLanguage\":\"es\",\"@id\":\"https:\/\/secure.gravatar.com\/avatar\/7738df9a8ff2d12e8b37d088ff0e3e36016e57ab29e5db27ba4fb758a81ea3cb?s=96&d=mm&r=g\",\"url\":\"https:\/\/secure.gravatar.com\/avatar\/7738df9a8ff2d12e8b37d088ff0e3e36016e57ab29e5db27ba4fb758a81ea3cb?s=96&d=mm&r=g\",\"contentUrl\":\"https:\/\/secure.gravatar.com\/avatar\/7738df9a8ff2d12e8b37d088ff0e3e36016e57ab29e5db27ba4fb758a81ea3cb?s=96&d=mm&r=g\",\"caption\":\"Antonieta Castells Dolcet\"},\"sameAs\":[\"http:\/\/www.cmalleida.com\"]}]}<\/script>\n<!-- \/ Yoast SEO plugin. -->","yoast_head_json":{"title":"\u00bfQu\u00e9 cubre el seguro ante los da\u00f1os producidos por la lluvia? (La Vanguardia) - Col\u00b7legi de Mediadors d&#039;Assegurances de Lleida","robots":{"index":"index","follow":"follow","max-snippet":"max-snippet:-1","max-image-preview":"max-image-preview:large","max-video-preview":"max-video-preview:-1"},"canonical":"https:\/\/www.cmalleida.com\/es\/que-cubre-el-seguro-ante-los-danos-producidos-por-la-lluvia-la-vanguardia\/","og_locale":"es_ES","og_type":"article","og_title":"\u00bfQu\u00e9 cubre el seguro ante los da\u00f1os producidos por la lluvia? (La Vanguardia) - Col\u00b7legi de Mediadors d&#039;Assegurances de Lleida","og_description":"Las p\u00f3lizas de hogar y comunidades ofrecen cobertura en caso de sufrir da\u00f1os en temporales de lluvia, pero con algunos condicionantes REDACCI\u00d3N\u00a0 \u00a0 \u00a020\/01\/2021 07:00Actualizado... Llegeix m\u00e9s","og_url":"https:\/\/www.cmalleida.com\/es\/que-cubre-el-seguro-ante-los-danos-producidos-por-la-lluvia-la-vanguardia\/","og_site_name":"Col\u00b7legi de Mediadors d&#039;Assegurances de Lleida","article_published_time":"2021-01-22T11:31:33+00:00","og_image":[{"width":762,"height":762,"url":"https:\/\/www.cmalleida.com\/wp-content\/uploads\/cmall-lleida-actualitat-inunda762.jpg","type":"image\/jpeg"}],"author":"Antonieta Castells Dolcet","twitter_card":"summary_large_image","twitter_misc":{"Written by":"Antonieta Castells Dolcet","Est. reading time":"4 minutos"},"schema":{"@context":"https:\/\/schema.org","@graph":[{"@type":"Article","@id":"https:\/\/www.cmalleida.com\/es\/que-cubre-el-seguro-ante-los-danos-producidos-por-la-lluvia-la-vanguardia\/#article","isPartOf":{"@id":"https:\/\/www.cmalleida.com\/es\/que-cubre-el-seguro-ante-los-danos-producidos-por-la-lluvia-la-vanguardia\/"},"author":{"name":"Antonieta Castells Dolcet","@id":"https:\/\/www.cmalleida.com\/es\/#\/schema\/person\/7461453022a0d6ce41c1e530eb4443b4"},"headline":"\u00bfQu\u00e9 cubre el seguro ante los da\u00f1os producidos por la lluvia? (La Vanguardia)","datePublished":"2021-01-22T11:31:33+00:00","mainEntityOfPage":{"@id":"https:\/\/www.cmalleida.com\/es\/que-cubre-el-seguro-ante-los-danos-producidos-por-la-lluvia-la-vanguardia\/"},"wordCount":779,"publisher":{"@id":"https:\/\/www.cmalleida.com\/es\/#organization"},"image":{"@id":"https:\/\/www.cmalleida.com\/es\/que-cubre-el-seguro-ante-los-danos-producidos-por-la-lluvia-la-vanguardia\/#primaryimage"},"thumbnailUrl":"https:\/\/www.cmalleida.com\/wp-content\/uploads\/cmall-lleida-actualitat-inunda762.jpg","articleSection":["Actualidad","Sinistres"],"inLanguage":"es"},{"@type":"WebPage","@id":"https:\/\/www.cmalleida.com\/es\/que-cubre-el-seguro-ante-los-danos-producidos-por-la-lluvia-la-vanguardia\/","url":"https:\/\/www.cmalleida.com\/es\/que-cubre-el-seguro-ante-los-danos-producidos-por-la-lluvia-la-vanguardia\/","name":"\u00bfQu\u00e9 cubre el seguro ante los da\u00f1os producidos por la lluvia? (La Vanguardia) - Col\u00b7legi de Mediadors d&#039;Assegurances de Lleida","isPartOf":{"@id":"https:\/\/www.cmalleida.com\/es\/#website"},"primaryImageOfPage":{"@id":"https:\/\/www.cmalleida.com\/es\/que-cubre-el-seguro-ante-los-danos-producidos-por-la-lluvia-la-vanguardia\/#primaryimage"},"image":{"@id":"https:\/\/www.cmalleida.com\/es\/que-cubre-el-seguro-ante-los-danos-producidos-por-la-lluvia-la-vanguardia\/#primaryimage"},"thumbnailUrl":"https:\/\/www.cmalleida.com\/wp-content\/uploads\/cmall-lleida-actualitat-inunda762.jpg","datePublished":"2021-01-22T11:31:33+00:00","breadcrumb":{"@id":"https:\/\/www.cmalleida.com\/es\/que-cubre-el-seguro-ante-los-danos-producidos-por-la-lluvia-la-vanguardia\/#breadcrumb"},"inLanguage":"es","potentialAction":[{"@type":"ReadAction","target":["https:\/\/www.cmalleida.com\/es\/que-cubre-el-seguro-ante-los-danos-producidos-por-la-lluvia-la-vanguardia\/"]}]},{"@type":"ImageObject","inLanguage":"es","@id":"https:\/\/www.cmalleida.com\/es\/que-cubre-el-seguro-ante-los-danos-producidos-por-la-lluvia-la-vanguardia\/#primaryimage","url":"https:\/\/www.cmalleida.com\/wp-content\/uploads\/cmall-lleida-actualitat-inunda762.jpg","contentUrl":"https:\/\/www.cmalleida.com\/wp-content\/uploads\/cmall-lleida-actualitat-inunda762.jpg","width":762,"height":762,"caption":"cmall-lleida-actualitat-inunda762"},{"@type":"BreadcrumbList","@id":"https:\/\/www.cmalleida.com\/es\/que-cubre-el-seguro-ante-los-danos-producidos-por-la-lluvia-la-vanguardia\/#breadcrumb","itemListElement":[{"@type":"ListItem","position":1,"name":"Inici","item":"https:\/\/www.cmalleida.com\/es\/"},{"@type":"ListItem","position":2,"name":"\u00bfQu\u00e9 cubre el seguro ante los da\u00f1os producidos por la lluvia? (La Vanguardia)"}]},{"@type":"WebSite","@id":"https:\/\/www.cmalleida.com\/es\/#website","url":"https:\/\/www.cmalleida.com\/es\/","name":"Col\u00b7legi de Mediadors d&#039;Assegurances de Lleida","description":"Otro sitio realizado con WordPress","publisher":{"@id":"https:\/\/www.cmalleida.com\/es\/#organization"},"potentialAction":[{"@type":"SearchAction","target":{"@type":"EntryPoint","urlTemplate":"https:\/\/www.cmalleida.com\/es\/?s={search_term_string}"},"query-input":{"@type":"PropertyValueSpecification","valueRequired":true,"valueName":"search_term_string"}}],"inLanguage":"es"},{"@type":"Organization","@id":"https:\/\/www.cmalleida.com\/es\/#organization","name":"Col\u00b7legi de Mediadors d'Assegurances de Lleida","url":"https:\/\/www.cmalleida.com\/es\/","logo":{"@type":"ImageObject","inLanguage":"es","@id":"https:\/\/www.cmalleida.com\/es\/#\/schema\/logo\/image\/","url":"","contentUrl":"","caption":"Col\u00b7legi de Mediadors d'Assegurances de Lleida"},"image":{"@id":"https:\/\/www.cmalleida.com\/es\/#\/schema\/logo\/image\/"}},{"@type":"Person","@id":"https:\/\/www.cmalleida.com\/es\/#\/schema\/person\/7461453022a0d6ce41c1e530eb4443b4","name":"Antonieta Castells Dolcet","image":{"@type":"ImageObject","inLanguage":"es","@id":"https:\/\/secure.gravatar.com\/avatar\/7738df9a8ff2d12e8b37d088ff0e3e36016e57ab29e5db27ba4fb758a81ea3cb?s=96&d=mm&r=g","url":"https:\/\/secure.gravatar.com\/avatar\/7738df9a8ff2d12e8b37d088ff0e3e36016e57ab29e5db27ba4fb758a81ea3cb?s=96&d=mm&r=g","contentUrl":"https:\/\/secure.gravatar.com\/avatar\/7738df9a8ff2d12e8b37d088ff0e3e36016e57ab29e5db27ba4fb758a81ea3cb?s=96&d=mm&r=g","caption":"Antonieta Castells Dolcet"},"sameAs":["http:\/\/www.cmalleida.com"]}]}},"_links":{"self":[{"href":"https:\/\/www.cmalleida.com\/es\/wp-json\/wp\/v2\/posts\/8112","targetHints":{"allow":["GET"]}}],"collection":[{"href":"https:\/\/www.cmalleida.com\/es\/wp-json\/wp\/v2\/posts"}],"about":[{"href":"https:\/\/www.cmalleida.com\/es\/wp-json\/wp\/v2\/types\/post"}],"author":[{"embeddable":true,"href":"https:\/\/www.cmalleida.com\/es\/wp-json\/wp\/v2\/users\/149"}],"replies":[{"embeddable":true,"href":"https:\/\/www.cmalleida.com\/es\/wp-json\/wp\/v2\/comments?post=8112"}],"version-history":[{"count":1,"href":"https:\/\/www.cmalleida.com\/es\/wp-json\/wp\/v2\/posts\/8112\/revisions"}],"predecessor-version":[{"id":8113,"href":"https:\/\/www.cmalleida.com\/es\/wp-json\/wp\/v2\/posts\/8112\/revisions\/8113"}],"wp:featuredmedia":[{"embeddable":true,"href":"https:\/\/www.cmalleida.com\/es\/wp-json\/wp\/v2\/media\/2140"}],"wp:attachment":[{"href":"https:\/\/www.cmalleida.com\/es\/wp-json\/wp\/v2\/media?parent=8112"}],"wp:term":[{"taxonomy":"category","embeddable":true,"href":"https:\/\/www.cmalleida.com\/es\/wp-json\/wp\/v2\/categories?post=8112"},{"taxonomy":"post_tag","embeddable":true,"href":"https:\/\/www.cmalleida.com\/es\/wp-json\/wp\/v2\/tags?post=8112"}],"curies":[{"name":"wp","href":"https:\/\/api.w.org\/{rel}","templated":true}]}}