{"id":8107,"date":"2021-01-22T12:27:47","date_gmt":"2021-01-22T11:27:47","guid":{"rendered":"https:\/\/www.cmalleida.com\/?p=8107"},"modified":"2021-01-22T12:27:47","modified_gmt":"2021-01-22T11:27:47","slug":"cubre-el-seguro-la-explosion-de-gas-la-vanguardia","status":"publish","type":"post","link":"https:\/\/www.cmalleida.com\/es\/cubre-el-seguro-la-explosion-de-gas-la-vanguardia\/","title":{"rendered":"\u00bfCubre el seguro la explosi\u00f3n de gas? (La Vanguardia)"},"content":{"rendered":"<div class=\"top-ad-sky-board-container\">\n<aside class=\"top-ad-module \"><span class=\"content-ad visible-md skyl-inpage-container \"><span class=\"ad-unit skyl-inpage\"><ins id=\"ad-u9bj55aqatd\" class=\"ad-displayed\" data-ad-type=\"skyl-inpage\" data-ad-device=\"md\" data-ad-sizes=\"[[120,600],[160,600]]\" data-ad-keys=\"{}\" data-ad-lazy=\"false\" data-name=\"skyl-inpage\" data-google-query-id=\"CJrRrZO2r-4CFcJTGwodN5YBgA\"><\/p>\n<h4 id=\"google_ads_iframe_\/55964524\/lv_w\/seguros\/n_4__container__\">Las p\u00f3lizas del hogar, comunidades y comercio incluyen este tipo de garant\u00edas, pero es muy importante que el capital asegurado sea suficiente para atender los gastos que supone un gran siniestro<\/h4>\n<p>&nbsp;<\/p>\n<p><\/ins><\/span><\/span><\/aside>\n<\/div>\n<div class=\"row\">\n<header class=\"article-top-header col-12\">\n<div class=\"article-top\">\n<div class=\"article-media-main\">\n<figure class=\"composite-image image-container \" data-gtm-element-container=\"button-gallery\"><a href=\"https:\/\/www.lavanguardia.com\/autores\/enric-freire.html\" data-gtm-element=\"container-child-link\">ENRIC FREIRE\u00a0\u00a0\u00a0<\/a><time class=\"created\" datetime=\"2021-01-21T14:09:12+01:00\">21\/01\/2021 14:09<\/time><time class=\"modified\" datetime=\"2021-01-21T17:52:01+01:00\">Actualizado a 21\/01\/2021 17:52<\/time><\/figure>\n<\/div>\n<\/div>\n<\/header>\n<div class=\"article-content col-12 col-md-8\">\n<div class=\"article-info\">\n<div class=\"social-buttons social-share\" data-gtm-element=\"leaf-social-share-top\">\n<div class=\"social-right\">Los seguros del hogar, comunidades y comercios incluyen entre sus coberturas los da\u00f1os por explosiones como la que se produjo ayer en un edificio de Madrid y que ha causado la muerte de cuatro personas. Jos\u00e9 Luis Mar\u00edn, director de Operaciones de Grupo Mutua de Propietarios, compa\u00f1\u00eda especialista en riesgos inmobiliarios, explica que este tipo de siniestros son poco habituales pero los da\u00f1os de reparaci\u00f3n y las indemnizaciones son millonarios.<\/div>\n<\/div>\n<\/div>\n<div class=\"article-modules\">\n<p class=\"paragraph\" data-gtm-element-container=\"modulo-texto-link\">El experto recuerda que las aseguradoras se hacen cargo del pago de este tipo de siniestros \u00absiempre con el l\u00edmite del capital asegurado\u00bb. As\u00ed, las compa\u00f1\u00edas se encargan de reparar e incluso reconstruir el espacio da\u00f1ado, pero siempre con el tope que marca el capital que figure en la p\u00f3liza.<\/p>\n<p>&nbsp;<\/p>\n<div id=\"google_ads_iframe_\/55964524\/lv_w\/seguros\/n_6__container__\">En este sentido, Mar\u00edn explica que \u00abla recomendaci\u00f3n es que en una p\u00f3liza del hogar de un piso de 90 metros cuadrados el capital asegurado del continente deber\u00eda ser de al menos 110.000 euros\u00bb. Esta cantidad puede variar en funci\u00f3n de las caracter\u00edsticas de construcci\u00f3n del inmueble. Del mismo modo, en el caso de un seguro de comunidades la media del capital asegurado es de 2&#8217;5 millones de euros.<\/div>\n<p>&nbsp;<\/p>\n<p class=\"paragraph\" data-gtm-element-container=\"modulo-texto-link\">No obstante, el capital asegurado es solo una parte. Tambi\u00e9n nos hemos de fijar en el capital asignado para cubrir las posibles indemnizaciones por responsabilidad civil que se deriven de la explosi\u00f3n. Tanto materiales como personales. En opini\u00f3n de Mar\u00edn, en el caso de la p\u00f3liza del hogar, esta garant\u00eda debe situarse en 600.000 euros. Muchas lo tienen fijado en la mitad.<\/p>\n<p class=\"paragraph\" data-gtm-element-container=\"modulo-texto-link\">El experto explica que el coste para el cliente de aumentar el capital de la Responsabilidad Civil\u00a0 en 300.000 euros \u00abse sit\u00faa entre los 2 y los 3 euros al a\u00f1o\u00bb. En cambio, en caso de siniestro, esos 300.000 euros pueden marcar la diferencia. El directivo recomienda \u00abseguir el consejo de un mediador de seguros, que como experto nos asesorar\u00e1 sobre la p\u00f3liza que m\u00e1s se ajuste a nuestras necesidades\u00bb.<\/p>\n<p class=\"paragraph\" data-gtm-element-container=\"modulo-texto-link\">No se trata de una cuesti\u00f3n menor. El director de Operaciones de Grupo Mutua de Propietarios \u00abestima que el 50% de las p\u00f3lizas que aseguran inmuebles pueden tener contratados\u00a0 capitales que est\u00e1n por debajo de las necesidades reales ante un gran siniestro\u00bb.<\/p>\n<h3 class=\"subtitle\">Un seguro muy popular<\/h3>\n<h4 class=\"subtitle\">Tres de cada cuatro hogares est\u00e1n asegurados<\/h4>\n<p class=\"paragraph\" data-gtm-element-container=\"modulo-texto-link\">El seguro del hogar es uno de los m\u00e1s extendidos en nuestro pa\u00eds. Se estima que tres de cada cuatro viviendas est\u00e1n aseguradas. Con todo, alrededor de seis millones no cuentan con la garant\u00eda que proporciona el seguro antes cualquier imprevisto. Mar\u00edn recuerda que \u00ablas reparaciones por cualquier siniestro son costosas\u00bb y, en cambio, a partir de los 150 euros anuales podemos contratar un seguro con unas garant\u00edas b\u00e1sicas.<\/p>\n<p class=\"paragraph\" data-gtm-element-container=\"modulo-texto-link\">El origen del seguro del hogar est\u00e1 vinculado a los incendios. La garant\u00eda ante explosiones o implosiones deriva de esa garant\u00eda contra el fuego y por eso est\u00e1 presente en casi todas las p\u00f3lizas. Cuando se produce un accidente \u00abnuestra prioridad es cumplir con nuestro asegurado\u00bb. Eso significa aportar el dinero necesario para que disponga de un espacio en el que vivir mientras se reconstruye su vivienda, entre otras garant\u00edas.<\/p>\n<p class=\"paragraph\" data-gtm-element-container=\"modulo-texto-link\">La compa\u00f1\u00eda investiga \u00ablas causas por las que se ha producido la explosi\u00f3n o el incendio y puede llegar a reclamar a terceros, por ejemplo, si el origen ha sido por la mala actuaci\u00f3n de un operario que estaba reparando la caldera o realizando cualquier otra actuaci\u00f3n en el inmueble y\u00a0 que sea la verdadera causa del siniestro\u00bb, seg\u00fan aclara Mar\u00edn.<\/p>\n<p class=\"paragraph\" data-gtm-element-container=\"modulo-texto-link\">Del mismo modo, la aseguradora analiza el estado de la instalaci\u00f3n de gas y el mantenimiento de la misma y de la caldera. Es importante que el propietario del inmueble respete los protocolos establecidos para asegurar un buen funcionamiento del sistema de calefacci\u00f3n.<\/p>\n<p class=\"paragraph\" data-gtm-element-container=\"modulo-texto-link\">Adem\u00e1s de reparar o incluso reconstruir el da\u00f1o causado por la explosi\u00f3n, entre las coberturas que incluye habitualmente el seguro se encuentra la de aportar los recursos para facilitar alojamiento a los afectados; los gastos de demolici\u00f3n y desescombro y la p\u00e9rdida de beneficios si se trata de un piso o un local alquilado. Mar\u00edn asegura que tambi\u00e9n se incluye \u00abuna partida para hacer frente a los gastos derivados de la extinci\u00f3n del fuego\u00a0 y salvamento\u00bb.<\/p>\n<p class=\"paragraph\" data-gtm-element-container=\"modulo-texto-link\">Como de esto se encargan los bomberos y no emiten una factura por sus servicios, la compa\u00f1\u00eda no llega a desembolsar el dinero. Mar\u00edn recuerda que hay un porcentaje del importe de la prima de los seguros de inmuebles que se destina por ley a la financiaci\u00f3n de los servicios de bomberos.<\/p>\n<p class=\"paragraph\" data-gtm-element-container=\"modulo-texto-link\">El directivo de Grupo Mutua de Propietarios aclara que la garant\u00eda ante explosiones no discrimina en funci\u00f3n del origen del siniestro. Mar\u00edn asegura que \u00aben una ocasi\u00f3n atendimos un caso en una peluquer\u00eda que explot\u00f3 como consecuencia de la acumulaci\u00f3n de gases en el falso techo del local procedentes del uso abundante de lacas y otras substancias inflamables\u00bb. La compa\u00f1\u00eda pago los da\u00f1os ocasionados.<\/p>\n<\/div>\n<\/div>\n<\/div>\n","protected":false},"excerpt":{"rendered":"<p>Las p\u00f3lizas del hogar, comunidades y comercio incluyen este tipo de garant\u00edas, pero es muy importante que el capital asegurado sea suficiente para atender los&#8230; <a href=\"https:\/\/www.cmalleida.com\/es\/cubre-el-seguro-la-explosion-de-gas-la-vanguardia\/\" rel=\"nofollow\" class=\"lollegirmes\">Llegeix m\u00e9s<\/a><\/p>\n","protected":false},"author":149,"featured_media":8105,"comment_status":"closed","ping_status":"closed","sticky":false,"template":"","format":"standard","meta":{"_acf_changed":false,"_genesis_hide_title":false,"_genesis_hide_breadcrumbs":false,"_genesis_hide_singular_image":false,"_genesis_hide_footer_widgets":false,"_genesis_custom_body_class":"","_genesis_custom_post_class":"","_genesis_layout":"","footnotes":""},"categories":[28,62],"tags":[],"class_list":{"0":"post-8107","1":"post","2":"type-post","3":"status-publish","4":"format-standard","5":"has-post-thumbnail","7":"category-actualidad","8":"category-sinistres-es","9":"entry"},"acf":[],"yoast_head":"<!-- This site is optimized with the Yoast SEO plugin v27.2 - https:\/\/yoast.com\/product\/yoast-seo-wordpress\/ -->\n<title>\u00bfCubre el seguro la explosi\u00f3n de gas? (La Vanguardia) - Col\u00b7legi de Mediadors d&#039;Assegurances de Lleida<\/title>\n<meta name=\"robots\" content=\"index, follow, max-snippet:-1, max-image-preview:large, max-video-preview:-1\" \/>\n<link rel=\"canonical\" href=\"https:\/\/www.cmalleida.com\/es\/cubre-el-seguro-la-explosion-de-gas-la-vanguardia\/\" \/>\n<meta property=\"og:locale\" content=\"es_ES\" \/>\n<meta property=\"og:type\" content=\"article\" \/>\n<meta property=\"og:title\" content=\"\u00bfCubre el seguro la explosi\u00f3n de gas? (La Vanguardia) - Col\u00b7legi de Mediadors d&#039;Assegurances de Lleida\" \/>\n<meta property=\"og:description\" content=\"Las p\u00f3lizas del hogar, comunidades y comercio incluyen este tipo de garant\u00edas, pero es muy importante que el capital asegurado sea suficiente para atender los... Llegeix m\u00e9s\" \/>\n<meta property=\"og:url\" content=\"https:\/\/www.cmalleida.com\/es\/cubre-el-seguro-la-explosion-de-gas-la-vanguardia\/\" \/>\n<meta property=\"og:site_name\" content=\"Col\u00b7legi de Mediadors d&#039;Assegurances de Lleida\" \/>\n<meta property=\"article:published_time\" content=\"2021-01-22T11:27:47+00:00\" \/>\n<meta property=\"og:image\" content=\"https:\/\/www.cmalleida.com\/wp-content\/uploads\/captura1-5.png\" \/>\n\t<meta property=\"og:image:width\" content=\"479\" \/>\n\t<meta property=\"og:image:height\" content=\"445\" \/>\n\t<meta property=\"og:image:type\" content=\"image\/png\" \/>\n<meta name=\"author\" content=\"Antonieta Castells Dolcet\" \/>\n<meta name=\"twitter:card\" content=\"summary_large_image\" \/>\n<meta name=\"twitter:label1\" content=\"Written by\" \/>\n\t<meta name=\"twitter:data1\" content=\"Antonieta Castells Dolcet\" \/>\n\t<meta name=\"twitter:label2\" content=\"Est. reading time\" \/>\n\t<meta name=\"twitter:data2\" content=\"5 minutos\" \/>\n<script type=\"application\/ld+json\" class=\"yoast-schema-graph\">{\"@context\":\"https:\/\/schema.org\",\"@graph\":[{\"@type\":\"Article\",\"@id\":\"https:\/\/www.cmalleida.com\/es\/cubre-el-seguro-la-explosion-de-gas-la-vanguardia\/#article\",\"isPartOf\":{\"@id\":\"https:\/\/www.cmalleida.com\/es\/cubre-el-seguro-la-explosion-de-gas-la-vanguardia\/\"},\"author\":{\"name\":\"Antonieta Castells Dolcet\",\"@id\":\"https:\/\/www.cmalleida.com\/es\/#\/schema\/person\/7461453022a0d6ce41c1e530eb4443b4\"},\"headline\":\"\u00bfCubre el seguro la explosi\u00f3n de gas? (La Vanguardia)\",\"datePublished\":\"2021-01-22T11:27:47+00:00\",\"mainEntityOfPage\":{\"@id\":\"https:\/\/www.cmalleida.com\/es\/cubre-el-seguro-la-explosion-de-gas-la-vanguardia\/\"},\"wordCount\":917,\"publisher\":{\"@id\":\"https:\/\/www.cmalleida.com\/es\/#organization\"},\"image\":{\"@id\":\"https:\/\/www.cmalleida.com\/es\/cubre-el-seguro-la-explosion-de-gas-la-vanguardia\/#primaryimage\"},\"thumbnailUrl\":\"https:\/\/www.cmalleida.com\/wp-content\/uploads\/captura1-5.png\",\"articleSection\":[\"Actualidad\",\"Sinistres\"],\"inLanguage\":\"es\"},{\"@type\":\"WebPage\",\"@id\":\"https:\/\/www.cmalleida.com\/es\/cubre-el-seguro-la-explosion-de-gas-la-vanguardia\/\",\"url\":\"https:\/\/www.cmalleida.com\/es\/cubre-el-seguro-la-explosion-de-gas-la-vanguardia\/\",\"name\":\"\u00bfCubre el seguro la explosi\u00f3n de gas? (La Vanguardia) - Col\u00b7legi de Mediadors d&#039;Assegurances de Lleida\",\"isPartOf\":{\"@id\":\"https:\/\/www.cmalleida.com\/es\/#website\"},\"primaryImageOfPage\":{\"@id\":\"https:\/\/www.cmalleida.com\/es\/cubre-el-seguro-la-explosion-de-gas-la-vanguardia\/#primaryimage\"},\"image\":{\"@id\":\"https:\/\/www.cmalleida.com\/es\/cubre-el-seguro-la-explosion-de-gas-la-vanguardia\/#primaryimage\"},\"thumbnailUrl\":\"https:\/\/www.cmalleida.com\/wp-content\/uploads\/captura1-5.png\",\"datePublished\":\"2021-01-22T11:27:47+00:00\",\"breadcrumb\":{\"@id\":\"https:\/\/www.cmalleida.com\/es\/cubre-el-seguro-la-explosion-de-gas-la-vanguardia\/#breadcrumb\"},\"inLanguage\":\"es\",\"potentialAction\":[{\"@type\":\"ReadAction\",\"target\":[\"https:\/\/www.cmalleida.com\/es\/cubre-el-seguro-la-explosion-de-gas-la-vanguardia\/\"]}]},{\"@type\":\"ImageObject\",\"inLanguage\":\"es\",\"@id\":\"https:\/\/www.cmalleida.com\/es\/cubre-el-seguro-la-explosion-de-gas-la-vanguardia\/#primaryimage\",\"url\":\"https:\/\/www.cmalleida.com\/wp-content\/uploads\/captura1-5.png\",\"contentUrl\":\"https:\/\/www.cmalleida.com\/wp-content\/uploads\/captura1-5.png\",\"width\":479,\"height\":445,\"caption\":\"Captura1\"},{\"@type\":\"BreadcrumbList\",\"@id\":\"https:\/\/www.cmalleida.com\/es\/cubre-el-seguro-la-explosion-de-gas-la-vanguardia\/#breadcrumb\",\"itemListElement\":[{\"@type\":\"ListItem\",\"position\":1,\"name\":\"Inici\",\"item\":\"https:\/\/www.cmalleida.com\/es\/\"},{\"@type\":\"ListItem\",\"position\":2,\"name\":\"\u00bfCubre el seguro la explosi\u00f3n de gas? (La Vanguardia)\"}]},{\"@type\":\"WebSite\",\"@id\":\"https:\/\/www.cmalleida.com\/es\/#website\",\"url\":\"https:\/\/www.cmalleida.com\/es\/\",\"name\":\"Col\u00b7legi de Mediadors d&#039;Assegurances de Lleida\",\"description\":\"Otro sitio realizado con WordPress\",\"publisher\":{\"@id\":\"https:\/\/www.cmalleida.com\/es\/#organization\"},\"potentialAction\":[{\"@type\":\"SearchAction\",\"target\":{\"@type\":\"EntryPoint\",\"urlTemplate\":\"https:\/\/www.cmalleida.com\/es\/?s={search_term_string}\"},\"query-input\":{\"@type\":\"PropertyValueSpecification\",\"valueRequired\":true,\"valueName\":\"search_term_string\"}}],\"inLanguage\":\"es\"},{\"@type\":\"Organization\",\"@id\":\"https:\/\/www.cmalleida.com\/es\/#organization\",\"name\":\"Col\u00b7legi de Mediadors d'Assegurances de Lleida\",\"url\":\"https:\/\/www.cmalleida.com\/es\/\",\"logo\":{\"@type\":\"ImageObject\",\"inLanguage\":\"es\",\"@id\":\"https:\/\/www.cmalleida.com\/es\/#\/schema\/logo\/image\/\",\"url\":\"\",\"contentUrl\":\"\",\"caption\":\"Col\u00b7legi de Mediadors d'Assegurances de Lleida\"},\"image\":{\"@id\":\"https:\/\/www.cmalleida.com\/es\/#\/schema\/logo\/image\/\"}},{\"@type\":\"Person\",\"@id\":\"https:\/\/www.cmalleida.com\/es\/#\/schema\/person\/7461453022a0d6ce41c1e530eb4443b4\",\"name\":\"Antonieta Castells Dolcet\",\"image\":{\"@type\":\"ImageObject\",\"inLanguage\":\"es\",\"@id\":\"https:\/\/secure.gravatar.com\/avatar\/7738df9a8ff2d12e8b37d088ff0e3e36016e57ab29e5db27ba4fb758a81ea3cb?s=96&d=mm&r=g\",\"url\":\"https:\/\/secure.gravatar.com\/avatar\/7738df9a8ff2d12e8b37d088ff0e3e36016e57ab29e5db27ba4fb758a81ea3cb?s=96&d=mm&r=g\",\"contentUrl\":\"https:\/\/secure.gravatar.com\/avatar\/7738df9a8ff2d12e8b37d088ff0e3e36016e57ab29e5db27ba4fb758a81ea3cb?s=96&d=mm&r=g\",\"caption\":\"Antonieta Castells Dolcet\"},\"sameAs\":[\"http:\/\/www.cmalleida.com\"]}]}<\/script>\n<!-- \/ Yoast SEO plugin. -->","yoast_head_json":{"title":"\u00bfCubre el seguro la explosi\u00f3n de gas? (La Vanguardia) - Col\u00b7legi de Mediadors d&#039;Assegurances de Lleida","robots":{"index":"index","follow":"follow","max-snippet":"max-snippet:-1","max-image-preview":"max-image-preview:large","max-video-preview":"max-video-preview:-1"},"canonical":"https:\/\/www.cmalleida.com\/es\/cubre-el-seguro-la-explosion-de-gas-la-vanguardia\/","og_locale":"es_ES","og_type":"article","og_title":"\u00bfCubre el seguro la explosi\u00f3n de gas? (La Vanguardia) - Col\u00b7legi de Mediadors d&#039;Assegurances de Lleida","og_description":"Las p\u00f3lizas del hogar, comunidades y comercio incluyen este tipo de garant\u00edas, pero es muy importante que el capital asegurado sea suficiente para atender los... Llegeix m\u00e9s","og_url":"https:\/\/www.cmalleida.com\/es\/cubre-el-seguro-la-explosion-de-gas-la-vanguardia\/","og_site_name":"Col\u00b7legi de Mediadors d&#039;Assegurances de Lleida","article_published_time":"2021-01-22T11:27:47+00:00","og_image":[{"width":479,"height":445,"url":"https:\/\/www.cmalleida.com\/wp-content\/uploads\/captura1-5.png","type":"image\/png"}],"author":"Antonieta Castells Dolcet","twitter_card":"summary_large_image","twitter_misc":{"Written by":"Antonieta Castells Dolcet","Est. reading time":"5 minutos"},"schema":{"@context":"https:\/\/schema.org","@graph":[{"@type":"Article","@id":"https:\/\/www.cmalleida.com\/es\/cubre-el-seguro-la-explosion-de-gas-la-vanguardia\/#article","isPartOf":{"@id":"https:\/\/www.cmalleida.com\/es\/cubre-el-seguro-la-explosion-de-gas-la-vanguardia\/"},"author":{"name":"Antonieta Castells Dolcet","@id":"https:\/\/www.cmalleida.com\/es\/#\/schema\/person\/7461453022a0d6ce41c1e530eb4443b4"},"headline":"\u00bfCubre el seguro la explosi\u00f3n de gas? (La Vanguardia)","datePublished":"2021-01-22T11:27:47+00:00","mainEntityOfPage":{"@id":"https:\/\/www.cmalleida.com\/es\/cubre-el-seguro-la-explosion-de-gas-la-vanguardia\/"},"wordCount":917,"publisher":{"@id":"https:\/\/www.cmalleida.com\/es\/#organization"},"image":{"@id":"https:\/\/www.cmalleida.com\/es\/cubre-el-seguro-la-explosion-de-gas-la-vanguardia\/#primaryimage"},"thumbnailUrl":"https:\/\/www.cmalleida.com\/wp-content\/uploads\/captura1-5.png","articleSection":["Actualidad","Sinistres"],"inLanguage":"es"},{"@type":"WebPage","@id":"https:\/\/www.cmalleida.com\/es\/cubre-el-seguro-la-explosion-de-gas-la-vanguardia\/","url":"https:\/\/www.cmalleida.com\/es\/cubre-el-seguro-la-explosion-de-gas-la-vanguardia\/","name":"\u00bfCubre el seguro la explosi\u00f3n de gas? (La Vanguardia) - Col\u00b7legi de Mediadors d&#039;Assegurances de Lleida","isPartOf":{"@id":"https:\/\/www.cmalleida.com\/es\/#website"},"primaryImageOfPage":{"@id":"https:\/\/www.cmalleida.com\/es\/cubre-el-seguro-la-explosion-de-gas-la-vanguardia\/#primaryimage"},"image":{"@id":"https:\/\/www.cmalleida.com\/es\/cubre-el-seguro-la-explosion-de-gas-la-vanguardia\/#primaryimage"},"thumbnailUrl":"https:\/\/www.cmalleida.com\/wp-content\/uploads\/captura1-5.png","datePublished":"2021-01-22T11:27:47+00:00","breadcrumb":{"@id":"https:\/\/www.cmalleida.com\/es\/cubre-el-seguro-la-explosion-de-gas-la-vanguardia\/#breadcrumb"},"inLanguage":"es","potentialAction":[{"@type":"ReadAction","target":["https:\/\/www.cmalleida.com\/es\/cubre-el-seguro-la-explosion-de-gas-la-vanguardia\/"]}]},{"@type":"ImageObject","inLanguage":"es","@id":"https:\/\/www.cmalleida.com\/es\/cubre-el-seguro-la-explosion-de-gas-la-vanguardia\/#primaryimage","url":"https:\/\/www.cmalleida.com\/wp-content\/uploads\/captura1-5.png","contentUrl":"https:\/\/www.cmalleida.com\/wp-content\/uploads\/captura1-5.png","width":479,"height":445,"caption":"Captura1"},{"@type":"BreadcrumbList","@id":"https:\/\/www.cmalleida.com\/es\/cubre-el-seguro-la-explosion-de-gas-la-vanguardia\/#breadcrumb","itemListElement":[{"@type":"ListItem","position":1,"name":"Inici","item":"https:\/\/www.cmalleida.com\/es\/"},{"@type":"ListItem","position":2,"name":"\u00bfCubre el seguro la explosi\u00f3n de gas? (La Vanguardia)"}]},{"@type":"WebSite","@id":"https:\/\/www.cmalleida.com\/es\/#website","url":"https:\/\/www.cmalleida.com\/es\/","name":"Col\u00b7legi de Mediadors d&#039;Assegurances de Lleida","description":"Otro sitio realizado con WordPress","publisher":{"@id":"https:\/\/www.cmalleida.com\/es\/#organization"},"potentialAction":[{"@type":"SearchAction","target":{"@type":"EntryPoint","urlTemplate":"https:\/\/www.cmalleida.com\/es\/?s={search_term_string}"},"query-input":{"@type":"PropertyValueSpecification","valueRequired":true,"valueName":"search_term_string"}}],"inLanguage":"es"},{"@type":"Organization","@id":"https:\/\/www.cmalleida.com\/es\/#organization","name":"Col\u00b7legi de Mediadors d'Assegurances de Lleida","url":"https:\/\/www.cmalleida.com\/es\/","logo":{"@type":"ImageObject","inLanguage":"es","@id":"https:\/\/www.cmalleida.com\/es\/#\/schema\/logo\/image\/","url":"","contentUrl":"","caption":"Col\u00b7legi de Mediadors d'Assegurances de Lleida"},"image":{"@id":"https:\/\/www.cmalleida.com\/es\/#\/schema\/logo\/image\/"}},{"@type":"Person","@id":"https:\/\/www.cmalleida.com\/es\/#\/schema\/person\/7461453022a0d6ce41c1e530eb4443b4","name":"Antonieta Castells Dolcet","image":{"@type":"ImageObject","inLanguage":"es","@id":"https:\/\/secure.gravatar.com\/avatar\/7738df9a8ff2d12e8b37d088ff0e3e36016e57ab29e5db27ba4fb758a81ea3cb?s=96&d=mm&r=g","url":"https:\/\/secure.gravatar.com\/avatar\/7738df9a8ff2d12e8b37d088ff0e3e36016e57ab29e5db27ba4fb758a81ea3cb?s=96&d=mm&r=g","contentUrl":"https:\/\/secure.gravatar.com\/avatar\/7738df9a8ff2d12e8b37d088ff0e3e36016e57ab29e5db27ba4fb758a81ea3cb?s=96&d=mm&r=g","caption":"Antonieta Castells Dolcet"},"sameAs":["http:\/\/www.cmalleida.com"]}]}},"_links":{"self":[{"href":"https:\/\/www.cmalleida.com\/es\/wp-json\/wp\/v2\/posts\/8107","targetHints":{"allow":["GET"]}}],"collection":[{"href":"https:\/\/www.cmalleida.com\/es\/wp-json\/wp\/v2\/posts"}],"about":[{"href":"https:\/\/www.cmalleida.com\/es\/wp-json\/wp\/v2\/types\/post"}],"author":[{"embeddable":true,"href":"https:\/\/www.cmalleida.com\/es\/wp-json\/wp\/v2\/users\/149"}],"replies":[{"embeddable":true,"href":"https:\/\/www.cmalleida.com\/es\/wp-json\/wp\/v2\/comments?post=8107"}],"version-history":[{"count":1,"href":"https:\/\/www.cmalleida.com\/es\/wp-json\/wp\/v2\/posts\/8107\/revisions"}],"predecessor-version":[{"id":8108,"href":"https:\/\/www.cmalleida.com\/es\/wp-json\/wp\/v2\/posts\/8107\/revisions\/8108"}],"wp:featuredmedia":[{"embeddable":true,"href":"https:\/\/www.cmalleida.com\/es\/wp-json\/wp\/v2\/media\/8105"}],"wp:attachment":[{"href":"https:\/\/www.cmalleida.com\/es\/wp-json\/wp\/v2\/media?parent=8107"}],"wp:term":[{"taxonomy":"category","embeddable":true,"href":"https:\/\/www.cmalleida.com\/es\/wp-json\/wp\/v2\/categories?post=8107"},{"taxonomy":"post_tag","embeddable":true,"href":"https:\/\/www.cmalleida.com\/es\/wp-json\/wp\/v2\/tags?post=8107"}],"curies":[{"name":"wp","href":"https:\/\/api.w.org\/{rel}","templated":true}]}}