{"id":7987,"date":"2020-12-18T10:46:56","date_gmt":"2020-12-18T09:46:56","guid":{"rendered":"https:\/\/www.cmalleida.com\/?p=7987"},"modified":"2020-12-18T10:46:56","modified_gmt":"2020-12-18T09:46:56","slug":"el-consorcio-de-compensacion-de-seguros-pone-en-marcha-el-programa-de-reaseguro-publico-de-credito-eleconomista","status":"publish","type":"post","link":"https:\/\/www.cmalleida.com\/es\/el-consorcio-de-compensacion-de-seguros-pone-en-marcha-el-programa-de-reaseguro-publico-de-credito-eleconomista\/","title":{"rendered":"El Consorcio de Compensaci\u00f3n de Seguros pone en marcha el programa de reaseguro p\u00fablico de cr\u00e9dito (elEconomista)"},"content":{"rendered":"<div>\n<div class=\"articleHead col-lg-12 col-md-12 col-sm-10 col-xs-10\"><\/div>\n<\/div>\n<div id=\"cuerpo_noticia\" class=\"articleZone cuerpo_noticia\">\n<div class=\"row no-gutters\">\n<div class=\"article-main main-content  col-lg-12 col-md-12 col-12 d-flex justify-content-start flex-wrap\">\n<div class=\"col-lg-8 col-md-12 col-12 no-gutters-sm no-gutters-md order-lg-1 order-md-1 order-1\">\n<div class=\"row\">\n<div class=\"Article__paragraphGroup col-lg-10 col-md-12 col-12\">\n<div class=\"row no-gutters\">\n<div class=\"Article__authors col-12\">\n<div class=\"authors_Name d-inline-flex\">\n<ol class=\"breadcrumb\">\n<li class=\"breadcrumb-item\"><a href=\"https:\/\/www.eleconomista.es\/autor\/elEconomista-Seguros\">elEconomista Seguros<\/a><\/li>\n<\/ol>\n<\/div>\n<\/div>\n<div class=\"Article_time col-12\"><time class=\"timestamp\">16\/12\/2020 &#8211; 12:47<\/time><\/div>\n<\/div>\n<p>El programa cuenta con la participaci\u00f3n de dos de los principales operadores del sector: Atradius Cr\u00e9dito y Cauci\u00f3n y CESCE.<\/p>\n<p>El Consorcio de Compensaci\u00f3n de Seguros (CCS) ha suscrito con Atradius Cr\u00e9dito y Cauci\u00f3n y CESCE el programa de reaseguro p\u00fablico de cr\u00e9dito. Con la participaci\u00f3n de estas dos entidades aseguradoras se pone en marcha de forma efectiva este programa, que contribuir\u00e1 a que el sector asegurador mantenga su capacidad de dar soporte a la actividad empresarial; favoreciendo el desarrollo de las transacciones econ\u00f3micas y dando la seguridad necesaria a las operaciones comerciales.<\/p>\n<p>La adhesi\u00f3n de CESCE refuerza el compromiso p\u00fablico de apoyo a las empresas y la participaci\u00f3n de Atradius Cr\u00e9dito y Cauci\u00f3n, como primer operador del seguro de cr\u00e9dito en Espa\u00f1a, permitir\u00e1 extender su cobertura a un mayor n\u00famero de compa\u00f1\u00edas. En total se estima que esta medida permita garantizar el cobro de sus ventas a cr\u00e9dito a 34.000 empresas proveedoras de bienes y servicios de 2,4 millones de clientes comerciales.<\/p>\n<div id=\"sm-it-main-container-1608284306018\" class=\"sm-it-main-container\" data-it=\"a9a981e4-f5c9-4408-8f05-07de1905da5f\" data-device=\"desktop\">\n<h4 id=\"sm-reference-1608284306018\" class=\"sm-reference\">El programa de reaseguro del Consorcio<\/h4>\n<\/div>\n<p>Este programa se enmarca en las medidas adoptadas para garantizar la liquidez de las empresas, el mantenimiento de su viabilidad y la continuidad de la actividad econ\u00f3mica. La Comisi\u00f3n Europea ha dado el visto bueno a su implementaci\u00f3n y ha calificado la medida como necesaria, apropiada y proporcionada, se\u00f1alando que contribuir\u00e1 a mantener los niveles de cobertura al a\u00f1adir la capacidad reaseguradora del Consorcio de Compensaci\u00f3n de Seguros (CCS) a la de los reaseguradores privados.<\/p>\n<p>El programa de reaseguro podr\u00e1 ser suscrito por otras aseguradoras del ramo de cr\u00e9dito que cuenten con un volumen de primas superior a 10 millones de euros. La cobertura se extiende a tomadores de seguros localizados en Espa\u00f1a, desde el 1 de octubre de 2020 hasta el 30 de junio de 2021. Las entidades que participen se comprometen a no reducir sustancialmente los l\u00edmites de riesgo susceptibles de cobertura.<\/p>\n<div id=\"contentbox1\" class=\"contentbox\">\n<div id=\"contentbox-inline\">Solo podr\u00e1n desviarse de este compromiso caso por caso sobre la base de sus pol\u00edticas internas de evaluaci\u00f3n de riesgos. Esto significa que no podr\u00e1n llevar a cabo acciones generalizadas o medidas lineales que afecten a carteras o sectores concretos. El porcentaje de cesi\u00f3n podr\u00e1 alcanzar hasta un 60%, asumiendo las cedentes el compromiso de no reducir sustancialmente los l\u00edmites de riesgo susceptibles de cobertura para los distintos tomadores y sectores de la actividad econ\u00f3mica existentes a la fecha de firma del acuerdo.<\/div>\n<\/div>\n<p>La medida cuenta con unos recursos disponibles de 500 millones de euros. Y pueden cubrir transacciones econ\u00f3micas por valor de unos 150.000 millones de euros en operaciones comerciales, se\u00f1alan desde el Ministerio.<\/p>\n<\/div>\n<\/div>\n<\/div>\n<\/div>\n<\/div>\n<\/div>\n","protected":false},"excerpt":{"rendered":"<p>elEconomista Seguros 16\/12\/2020 &#8211; 12:47 El programa cuenta con la participaci\u00f3n de dos de los principales operadores del sector: Atradius Cr\u00e9dito y Cauci\u00f3n y CESCE&#8230;. <a href=\"https:\/\/www.cmalleida.com\/es\/el-consorcio-de-compensacion-de-seguros-pone-en-marcha-el-programa-de-reaseguro-publico-de-credito-eleconomista\/\" rel=\"nofollow\" class=\"lollegirmes\">Llegeix m\u00e9s<\/a><\/p>\n","protected":false},"author":149,"featured_media":7985,"comment_status":"closed","ping_status":"closed","sticky":false,"template":"","format":"standard","meta":{"_acf_changed":false,"_genesis_hide_title":false,"_genesis_hide_breadcrumbs":false,"_genesis_hide_singular_image":false,"_genesis_hide_footer_widgets":false,"_genesis_custom_body_class":"","_genesis_custom_post_class":"","_genesis_layout":"","footnotes":""},"categories":[28],"tags":[],"class_list":{"0":"post-7987","1":"post","2":"type-post","3":"status-publish","4":"format-standard","5":"has-post-thumbnail","7":"category-actualidad","8":"entry"},"acf":[],"yoast_head":"<!-- This site is optimized with the Yoast SEO plugin v27.2 - https:\/\/yoast.com\/product\/yoast-seo-wordpress\/ -->\n<title>El Consorcio de Compensaci\u00f3n de Seguros pone en marcha el programa de reaseguro p\u00fablico de cr\u00e9dito (elEconomista) - Col\u00b7legi de Mediadors d&#039;Assegurances de Lleida<\/title>\n<meta name=\"robots\" content=\"index, follow, max-snippet:-1, max-image-preview:large, max-video-preview:-1\" \/>\n<link rel=\"canonical\" href=\"https:\/\/www.cmalleida.com\/es\/el-consorcio-de-compensacion-de-seguros-pone-en-marcha-el-programa-de-reaseguro-publico-de-credito-eleconomista\/\" \/>\n<meta property=\"og:locale\" content=\"es_ES\" \/>\n<meta property=\"og:type\" content=\"article\" \/>\n<meta property=\"og:title\" content=\"El Consorcio de Compensaci\u00f3n de Seguros pone en marcha el programa de reaseguro p\u00fablico de cr\u00e9dito (elEconomista) - Col\u00b7legi de Mediadors d&#039;Assegurances de Lleida\" \/>\n<meta property=\"og:description\" content=\"elEconomista Seguros 16\/12\/2020 &#8211; 12:47 El programa cuenta con la participaci\u00f3n de dos de los principales operadores del sector: Atradius Cr\u00e9dito y Cauci\u00f3n y CESCE.... Llegeix m\u00e9s\" \/>\n<meta property=\"og:url\" content=\"https:\/\/www.cmalleida.com\/es\/el-consorcio-de-compensacion-de-seguros-pone-en-marcha-el-programa-de-reaseguro-publico-de-credito-eleconomista\/\" \/>\n<meta property=\"og:site_name\" content=\"Col\u00b7legi de Mediadors d&#039;Assegurances de Lleida\" \/>\n<meta property=\"article:published_time\" content=\"2020-12-18T09:46:56+00:00\" \/>\n<meta property=\"og:image\" content=\"https:\/\/www.cmalleida.com\/wp-content\/uploads\/descarga-4.jpg\" \/>\n\t<meta property=\"og:image:width\" content=\"400\" \/>\n\t<meta property=\"og:image:height\" content=\"266\" \/>\n\t<meta property=\"og:image:type\" content=\"image\/jpeg\" \/>\n<meta name=\"author\" content=\"Antonieta Castells Dolcet\" \/>\n<meta name=\"twitter:card\" content=\"summary_large_image\" \/>\n<meta name=\"twitter:label1\" content=\"Written by\" \/>\n\t<meta name=\"twitter:data1\" content=\"Antonieta Castells Dolcet\" \/>\n\t<meta name=\"twitter:label2\" content=\"Est. reading time\" \/>\n\t<meta name=\"twitter:data2\" content=\"2 minutos\" \/>\n<script type=\"application\/ld+json\" class=\"yoast-schema-graph\">{\"@context\":\"https:\/\/schema.org\",\"@graph\":[{\"@type\":\"Article\",\"@id\":\"https:\/\/www.cmalleida.com\/es\/el-consorcio-de-compensacion-de-seguros-pone-en-marcha-el-programa-de-reaseguro-publico-de-credito-eleconomista\/#article\",\"isPartOf\":{\"@id\":\"https:\/\/www.cmalleida.com\/es\/el-consorcio-de-compensacion-de-seguros-pone-en-marcha-el-programa-de-reaseguro-publico-de-credito-eleconomista\/\"},\"author\":{\"name\":\"Antonieta Castells Dolcet\",\"@id\":\"https:\/\/www.cmalleida.com\/es\/#\/schema\/person\/7461453022a0d6ce41c1e530eb4443b4\"},\"headline\":\"El Consorcio de Compensaci\u00f3n de Seguros pone en marcha el programa de reaseguro p\u00fablico de cr\u00e9dito (elEconomista)\",\"datePublished\":\"2020-12-18T09:46:56+00:00\",\"mainEntityOfPage\":{\"@id\":\"https:\/\/www.cmalleida.com\/es\/el-consorcio-de-compensacion-de-seguros-pone-en-marcha-el-programa-de-reaseguro-publico-de-credito-eleconomista\/\"},\"wordCount\":479,\"publisher\":{\"@id\":\"https:\/\/www.cmalleida.com\/es\/#organization\"},\"image\":{\"@id\":\"https:\/\/www.cmalleida.com\/es\/el-consorcio-de-compensacion-de-seguros-pone-en-marcha-el-programa-de-reaseguro-publico-de-credito-eleconomista\/#primaryimage\"},\"thumbnailUrl\":\"https:\/\/www.cmalleida.com\/wp-content\/uploads\/descarga-4.jpg\",\"articleSection\":[\"Actualidad\"],\"inLanguage\":\"es\"},{\"@type\":\"WebPage\",\"@id\":\"https:\/\/www.cmalleida.com\/es\/el-consorcio-de-compensacion-de-seguros-pone-en-marcha-el-programa-de-reaseguro-publico-de-credito-eleconomista\/\",\"url\":\"https:\/\/www.cmalleida.com\/es\/el-consorcio-de-compensacion-de-seguros-pone-en-marcha-el-programa-de-reaseguro-publico-de-credito-eleconomista\/\",\"name\":\"El Consorcio de Compensaci\u00f3n de Seguros pone en marcha el programa de reaseguro p\u00fablico de cr\u00e9dito (elEconomista) - Col\u00b7legi de Mediadors d&#039;Assegurances de Lleida\",\"isPartOf\":{\"@id\":\"https:\/\/www.cmalleida.com\/es\/#website\"},\"primaryImageOfPage\":{\"@id\":\"https:\/\/www.cmalleida.com\/es\/el-consorcio-de-compensacion-de-seguros-pone-en-marcha-el-programa-de-reaseguro-publico-de-credito-eleconomista\/#primaryimage\"},\"image\":{\"@id\":\"https:\/\/www.cmalleida.com\/es\/el-consorcio-de-compensacion-de-seguros-pone-en-marcha-el-programa-de-reaseguro-publico-de-credito-eleconomista\/#primaryimage\"},\"thumbnailUrl\":\"https:\/\/www.cmalleida.com\/wp-content\/uploads\/descarga-4.jpg\",\"datePublished\":\"2020-12-18T09:46:56+00:00\",\"breadcrumb\":{\"@id\":\"https:\/\/www.cmalleida.com\/es\/el-consorcio-de-compensacion-de-seguros-pone-en-marcha-el-programa-de-reaseguro-publico-de-credito-eleconomista\/#breadcrumb\"},\"inLanguage\":\"es\",\"potentialAction\":[{\"@type\":\"ReadAction\",\"target\":[\"https:\/\/www.cmalleida.com\/es\/el-consorcio-de-compensacion-de-seguros-pone-en-marcha-el-programa-de-reaseguro-publico-de-credito-eleconomista\/\"]}]},{\"@type\":\"ImageObject\",\"inLanguage\":\"es\",\"@id\":\"https:\/\/www.cmalleida.com\/es\/el-consorcio-de-compensacion-de-seguros-pone-en-marcha-el-programa-de-reaseguro-publico-de-credito-eleconomista\/#primaryimage\",\"url\":\"https:\/\/www.cmalleida.com\/wp-content\/uploads\/descarga-4.jpg\",\"contentUrl\":\"https:\/\/www.cmalleida.com\/wp-content\/uploads\/descarga-4.jpg\",\"width\":400,\"height\":266,\"caption\":\"descarga\"},{\"@type\":\"BreadcrumbList\",\"@id\":\"https:\/\/www.cmalleida.com\/es\/el-consorcio-de-compensacion-de-seguros-pone-en-marcha-el-programa-de-reaseguro-publico-de-credito-eleconomista\/#breadcrumb\",\"itemListElement\":[{\"@type\":\"ListItem\",\"position\":1,\"name\":\"Inici\",\"item\":\"https:\/\/www.cmalleida.com\/es\/\"},{\"@type\":\"ListItem\",\"position\":2,\"name\":\"El Consorcio de Compensaci\u00f3n de Seguros pone en marcha el programa de reaseguro p\u00fablico de cr\u00e9dito (elEconomista)\"}]},{\"@type\":\"WebSite\",\"@id\":\"https:\/\/www.cmalleida.com\/es\/#website\",\"url\":\"https:\/\/www.cmalleida.com\/es\/\",\"name\":\"Col\u00b7legi de Mediadors d&#039;Assegurances de Lleida\",\"description\":\"Otro sitio realizado con WordPress\",\"publisher\":{\"@id\":\"https:\/\/www.cmalleida.com\/es\/#organization\"},\"potentialAction\":[{\"@type\":\"SearchAction\",\"target\":{\"@type\":\"EntryPoint\",\"urlTemplate\":\"https:\/\/www.cmalleida.com\/es\/?s={search_term_string}\"},\"query-input\":{\"@type\":\"PropertyValueSpecification\",\"valueRequired\":true,\"valueName\":\"search_term_string\"}}],\"inLanguage\":\"es\"},{\"@type\":\"Organization\",\"@id\":\"https:\/\/www.cmalleida.com\/es\/#organization\",\"name\":\"Col\u00b7legi de Mediadors d'Assegurances de Lleida\",\"url\":\"https:\/\/www.cmalleida.com\/es\/\",\"logo\":{\"@type\":\"ImageObject\",\"inLanguage\":\"es\",\"@id\":\"https:\/\/www.cmalleida.com\/es\/#\/schema\/logo\/image\/\",\"url\":\"\",\"contentUrl\":\"\",\"caption\":\"Col\u00b7legi de Mediadors d'Assegurances de Lleida\"},\"image\":{\"@id\":\"https:\/\/www.cmalleida.com\/es\/#\/schema\/logo\/image\/\"}},{\"@type\":\"Person\",\"@id\":\"https:\/\/www.cmalleida.com\/es\/#\/schema\/person\/7461453022a0d6ce41c1e530eb4443b4\",\"name\":\"Antonieta Castells Dolcet\",\"image\":{\"@type\":\"ImageObject\",\"inLanguage\":\"es\",\"@id\":\"https:\/\/secure.gravatar.com\/avatar\/7738df9a8ff2d12e8b37d088ff0e3e36016e57ab29e5db27ba4fb758a81ea3cb?s=96&d=mm&r=g\",\"url\":\"https:\/\/secure.gravatar.com\/avatar\/7738df9a8ff2d12e8b37d088ff0e3e36016e57ab29e5db27ba4fb758a81ea3cb?s=96&d=mm&r=g\",\"contentUrl\":\"https:\/\/secure.gravatar.com\/avatar\/7738df9a8ff2d12e8b37d088ff0e3e36016e57ab29e5db27ba4fb758a81ea3cb?s=96&d=mm&r=g\",\"caption\":\"Antonieta Castells Dolcet\"},\"sameAs\":[\"http:\/\/www.cmalleida.com\"]}]}<\/script>\n<!-- \/ Yoast SEO plugin. -->","yoast_head_json":{"title":"El Consorcio de Compensaci\u00f3n de Seguros pone en marcha el programa de reaseguro p\u00fablico de cr\u00e9dito (elEconomista) - Col\u00b7legi de Mediadors d&#039;Assegurances de Lleida","robots":{"index":"index","follow":"follow","max-snippet":"max-snippet:-1","max-image-preview":"max-image-preview:large","max-video-preview":"max-video-preview:-1"},"canonical":"https:\/\/www.cmalleida.com\/es\/el-consorcio-de-compensacion-de-seguros-pone-en-marcha-el-programa-de-reaseguro-publico-de-credito-eleconomista\/","og_locale":"es_ES","og_type":"article","og_title":"El Consorcio de Compensaci\u00f3n de Seguros pone en marcha el programa de reaseguro p\u00fablico de cr\u00e9dito (elEconomista) - Col\u00b7legi de Mediadors d&#039;Assegurances de Lleida","og_description":"elEconomista Seguros 16\/12\/2020 &#8211; 12:47 El programa cuenta con la participaci\u00f3n de dos de los principales operadores del sector: Atradius Cr\u00e9dito y Cauci\u00f3n y CESCE.... Llegeix m\u00e9s","og_url":"https:\/\/www.cmalleida.com\/es\/el-consorcio-de-compensacion-de-seguros-pone-en-marcha-el-programa-de-reaseguro-publico-de-credito-eleconomista\/","og_site_name":"Col\u00b7legi de Mediadors d&#039;Assegurances de Lleida","article_published_time":"2020-12-18T09:46:56+00:00","og_image":[{"width":400,"height":266,"url":"https:\/\/www.cmalleida.com\/wp-content\/uploads\/descarga-4.jpg","type":"image\/jpeg"}],"author":"Antonieta Castells Dolcet","twitter_card":"summary_large_image","twitter_misc":{"Written by":"Antonieta Castells Dolcet","Est. reading time":"2 minutos"},"schema":{"@context":"https:\/\/schema.org","@graph":[{"@type":"Article","@id":"https:\/\/www.cmalleida.com\/es\/el-consorcio-de-compensacion-de-seguros-pone-en-marcha-el-programa-de-reaseguro-publico-de-credito-eleconomista\/#article","isPartOf":{"@id":"https:\/\/www.cmalleida.com\/es\/el-consorcio-de-compensacion-de-seguros-pone-en-marcha-el-programa-de-reaseguro-publico-de-credito-eleconomista\/"},"author":{"name":"Antonieta Castells Dolcet","@id":"https:\/\/www.cmalleida.com\/es\/#\/schema\/person\/7461453022a0d6ce41c1e530eb4443b4"},"headline":"El Consorcio de Compensaci\u00f3n de Seguros pone en marcha el programa de reaseguro p\u00fablico de cr\u00e9dito (elEconomista)","datePublished":"2020-12-18T09:46:56+00:00","mainEntityOfPage":{"@id":"https:\/\/www.cmalleida.com\/es\/el-consorcio-de-compensacion-de-seguros-pone-en-marcha-el-programa-de-reaseguro-publico-de-credito-eleconomista\/"},"wordCount":479,"publisher":{"@id":"https:\/\/www.cmalleida.com\/es\/#organization"},"image":{"@id":"https:\/\/www.cmalleida.com\/es\/el-consorcio-de-compensacion-de-seguros-pone-en-marcha-el-programa-de-reaseguro-publico-de-credito-eleconomista\/#primaryimage"},"thumbnailUrl":"https:\/\/www.cmalleida.com\/wp-content\/uploads\/descarga-4.jpg","articleSection":["Actualidad"],"inLanguage":"es"},{"@type":"WebPage","@id":"https:\/\/www.cmalleida.com\/es\/el-consorcio-de-compensacion-de-seguros-pone-en-marcha-el-programa-de-reaseguro-publico-de-credito-eleconomista\/","url":"https:\/\/www.cmalleida.com\/es\/el-consorcio-de-compensacion-de-seguros-pone-en-marcha-el-programa-de-reaseguro-publico-de-credito-eleconomista\/","name":"El Consorcio de Compensaci\u00f3n de Seguros pone en marcha el programa de reaseguro p\u00fablico de cr\u00e9dito (elEconomista) - Col\u00b7legi de Mediadors d&#039;Assegurances de Lleida","isPartOf":{"@id":"https:\/\/www.cmalleida.com\/es\/#website"},"primaryImageOfPage":{"@id":"https:\/\/www.cmalleida.com\/es\/el-consorcio-de-compensacion-de-seguros-pone-en-marcha-el-programa-de-reaseguro-publico-de-credito-eleconomista\/#primaryimage"},"image":{"@id":"https:\/\/www.cmalleida.com\/es\/el-consorcio-de-compensacion-de-seguros-pone-en-marcha-el-programa-de-reaseguro-publico-de-credito-eleconomista\/#primaryimage"},"thumbnailUrl":"https:\/\/www.cmalleida.com\/wp-content\/uploads\/descarga-4.jpg","datePublished":"2020-12-18T09:46:56+00:00","breadcrumb":{"@id":"https:\/\/www.cmalleida.com\/es\/el-consorcio-de-compensacion-de-seguros-pone-en-marcha-el-programa-de-reaseguro-publico-de-credito-eleconomista\/#breadcrumb"},"inLanguage":"es","potentialAction":[{"@type":"ReadAction","target":["https:\/\/www.cmalleida.com\/es\/el-consorcio-de-compensacion-de-seguros-pone-en-marcha-el-programa-de-reaseguro-publico-de-credito-eleconomista\/"]}]},{"@type":"ImageObject","inLanguage":"es","@id":"https:\/\/www.cmalleida.com\/es\/el-consorcio-de-compensacion-de-seguros-pone-en-marcha-el-programa-de-reaseguro-publico-de-credito-eleconomista\/#primaryimage","url":"https:\/\/www.cmalleida.com\/wp-content\/uploads\/descarga-4.jpg","contentUrl":"https:\/\/www.cmalleida.com\/wp-content\/uploads\/descarga-4.jpg","width":400,"height":266,"caption":"descarga"},{"@type":"BreadcrumbList","@id":"https:\/\/www.cmalleida.com\/es\/el-consorcio-de-compensacion-de-seguros-pone-en-marcha-el-programa-de-reaseguro-publico-de-credito-eleconomista\/#breadcrumb","itemListElement":[{"@type":"ListItem","position":1,"name":"Inici","item":"https:\/\/www.cmalleida.com\/es\/"},{"@type":"ListItem","position":2,"name":"El Consorcio de Compensaci\u00f3n de Seguros pone en marcha el programa de reaseguro p\u00fablico de cr\u00e9dito (elEconomista)"}]},{"@type":"WebSite","@id":"https:\/\/www.cmalleida.com\/es\/#website","url":"https:\/\/www.cmalleida.com\/es\/","name":"Col\u00b7legi de Mediadors d&#039;Assegurances de Lleida","description":"Otro sitio realizado con WordPress","publisher":{"@id":"https:\/\/www.cmalleida.com\/es\/#organization"},"potentialAction":[{"@type":"SearchAction","target":{"@type":"EntryPoint","urlTemplate":"https:\/\/www.cmalleida.com\/es\/?s={search_term_string}"},"query-input":{"@type":"PropertyValueSpecification","valueRequired":true,"valueName":"search_term_string"}}],"inLanguage":"es"},{"@type":"Organization","@id":"https:\/\/www.cmalleida.com\/es\/#organization","name":"Col\u00b7legi de Mediadors d'Assegurances de Lleida","url":"https:\/\/www.cmalleida.com\/es\/","logo":{"@type":"ImageObject","inLanguage":"es","@id":"https:\/\/www.cmalleida.com\/es\/#\/schema\/logo\/image\/","url":"","contentUrl":"","caption":"Col\u00b7legi de Mediadors d'Assegurances de Lleida"},"image":{"@id":"https:\/\/www.cmalleida.com\/es\/#\/schema\/logo\/image\/"}},{"@type":"Person","@id":"https:\/\/www.cmalleida.com\/es\/#\/schema\/person\/7461453022a0d6ce41c1e530eb4443b4","name":"Antonieta Castells Dolcet","image":{"@type":"ImageObject","inLanguage":"es","@id":"https:\/\/secure.gravatar.com\/avatar\/7738df9a8ff2d12e8b37d088ff0e3e36016e57ab29e5db27ba4fb758a81ea3cb?s=96&d=mm&r=g","url":"https:\/\/secure.gravatar.com\/avatar\/7738df9a8ff2d12e8b37d088ff0e3e36016e57ab29e5db27ba4fb758a81ea3cb?s=96&d=mm&r=g","contentUrl":"https:\/\/secure.gravatar.com\/avatar\/7738df9a8ff2d12e8b37d088ff0e3e36016e57ab29e5db27ba4fb758a81ea3cb?s=96&d=mm&r=g","caption":"Antonieta Castells Dolcet"},"sameAs":["http:\/\/www.cmalleida.com"]}]}},"_links":{"self":[{"href":"https:\/\/www.cmalleida.com\/es\/wp-json\/wp\/v2\/posts\/7987","targetHints":{"allow":["GET"]}}],"collection":[{"href":"https:\/\/www.cmalleida.com\/es\/wp-json\/wp\/v2\/posts"}],"about":[{"href":"https:\/\/www.cmalleida.com\/es\/wp-json\/wp\/v2\/types\/post"}],"author":[{"embeddable":true,"href":"https:\/\/www.cmalleida.com\/es\/wp-json\/wp\/v2\/users\/149"}],"replies":[{"embeddable":true,"href":"https:\/\/www.cmalleida.com\/es\/wp-json\/wp\/v2\/comments?post=7987"}],"version-history":[{"count":1,"href":"https:\/\/www.cmalleida.com\/es\/wp-json\/wp\/v2\/posts\/7987\/revisions"}],"predecessor-version":[{"id":7988,"href":"https:\/\/www.cmalleida.com\/es\/wp-json\/wp\/v2\/posts\/7987\/revisions\/7988"}],"wp:featuredmedia":[{"embeddable":true,"href":"https:\/\/www.cmalleida.com\/es\/wp-json\/wp\/v2\/media\/7985"}],"wp:attachment":[{"href":"https:\/\/www.cmalleida.com\/es\/wp-json\/wp\/v2\/media?parent=7987"}],"wp:term":[{"taxonomy":"category","embeddable":true,"href":"https:\/\/www.cmalleida.com\/es\/wp-json\/wp\/v2\/categories?post=7987"},{"taxonomy":"post_tag","embeddable":true,"href":"https:\/\/www.cmalleida.com\/es\/wp-json\/wp\/v2\/tags?post=7987"}],"curies":[{"name":"wp","href":"https:\/\/api.w.org\/{rel}","templated":true}]}}