{"id":7952,"date":"2020-12-11T10:44:45","date_gmt":"2020-12-11T09:44:45","guid":{"rendered":"https:\/\/www.cmalleida.com\/?p=7952"},"modified":"2020-12-11T10:44:45","modified_gmt":"2020-12-11T09:44:45","slug":"la-posibilidad-que-corres-de-sufrir-un-incendio-en-tu-casa-la-vanguardia","status":"publish","type":"post","link":"https:\/\/www.cmalleida.com\/es\/la-posibilidad-que-corres-de-sufrir-un-incendio-en-tu-casa-la-vanguardia\/","title":{"rendered":"La posibilidad que corres de sufrir un incendio en tu casa (La Vanguardia)"},"content":{"rendered":"<header class=\"article-top-header col-12\">\n<div class=\"article-top\">\n<div class=\"article-top-titles\">\n<div class=\"title-container\">\n<h4 class=\"title\"><span style=\"font-size: 16px;\">El Seguro indemniza con casi 600.000 euros diarios los da\u00f1os causados por el fuego en los hogares<\/span><\/h4>\n<\/div>\n<\/div>\n<div class=\"article-media-main\"><\/div>\n<\/div>\n<\/header>\n<div class=\"infinite-scroll-preload\">REDACCI\u00d3N\u00a0 \u00a0 <time class=\"created\" datetime=\"2020-12-11T07:00:00+01:00\">11\/12\/2020 07:00<\/time><time class=\"modified\" datetime=\"2020-12-11T08:53:42+01:00\">Actualizado a 11\/12\/2020 08:53<\/time><\/div>\n<div class=\"article-content col-12 col-md-8\">\n<div class=\"article-info\">\n<div class=\"social-buttons social-share\" data-gtm-element=\"leaf-social-share-top\">\n<div class=\"social-left\"><\/div>\n<div class=\"social-right\">No deb\u00eda haber sido el hogar de nadie y, sin embargo, triste y vergonzosamente lo era. El incendio de la madrugada del jueves en<a href=\"https:\/\/www.lavanguardia.com\/local\/barcelones-nord\/20201210\/6109519\/nceni-bdn.html\" target=\"_blank\" rel=\"noopener noreferrer\" data-gtm-element=\"container-child-link\">\u00a0la nave precaria de Badalona<\/a>\u00a0es, desde el punto de vista de la gesti\u00f3n de riesgos, algo previsible. Cualquiera de los profesionales del sector asegurador acostumbrados a analizar las posibilidades de que se produzca un percance habr\u00eda identificado una larga lista de riesgos para un espacio que no reun\u00eda las m\u00e1s m\u00ednimas condiciones de habitabilidad.<\/div>\n<\/div>\n<\/div>\n<div class=\"article-modules\">\n<p class=\"paragraph\" data-gtm-element-container=\"modulo-texto-link\">La nave del barrio del Gorg, hoy destruida por el fuego, est\u00e1 fuera del radar de los riesgos asegurables por multitud de razones. Sin entrar en las condiciones de mantenimiento del edificio, el uso como vivienda de un espacio semejante no entra dentro de la legalidad.<\/p>\n<p class=\"paragraph\" data-gtm-element-container=\"modulo-texto-link\">El riesgo es algo inherente en nuestra vida, aunque en circunstancias como la de la nave de Badalona la posibilidad de que, tarde o temprano, algo iba a suceder era poco menos que una certeza. Esta fuera de lo que puede considerarse como un riesgo razonable, si es que ese concepto tiene sentido.<\/p>\n<p class=\"paragraph\" data-gtm-element-container=\"modulo-texto-link\">La posibilidad que corres de sufrir un incendio en tu casa tiene que ver, en gran medida, con el estado de conservaci\u00f3n del edificio, la instalaci\u00f3n el\u00e9ctrica y, por supuesto, del comportamiento de todos los habitantes de la vivienda. Con todo, las estad\u00edsticas del sector asegurador correspondientes a 2018 se\u00f1alan que cada 5 minutos y 29 segundos se produjo un incendio en una vivienda en Espa\u00f1a. Por supuesto, esta cifra solo contempla hogares asegurados. La cocina es, a tenor de los datos, el lugar m\u00e1s peligroso.<\/p>\n<p class=\"paragraph\" data-gtm-element-container=\"modulo-texto-link\">Quedan fuera de este c\u00e1lculo los incendios que se producen en establecimientos comerciales, empresas, industrias y edificaciones que no tienen como uso el de viviendas. Y, por supuesto, todos los hogares que carecen de seguro. En este sentido, una de las caracter\u00edsticas de las p\u00f3lizas de hogar en Espa\u00f1a es que el nivel de penetraci\u00f3n var\u00eda mucho seg\u00fan el territorio. Mientras que en Madrid la cifra es pr\u00f3xima al 100% y en Barcelona supera el 86%, en Cuenca supera a duras penas el 51% del parque de viviendas de la provincia, seg\u00fan datos de las compa\u00f1\u00edas. Se estima que tres de cada cuatro hogares en Espa\u00f1a est\u00e1n aseguradas.<\/p>\n<h3 class=\"subtitle\">Datos oficiales<\/h3>\n<h4 class=\"subtitle\">Un percance cada 33 segundos en Barcelona<\/h4>\n<p class=\"paragraph\" data-gtm-element-container=\"modulo-texto-link\">El fuego no es, ni mucho menos, la causa m\u00e1s frecuente de los percances que se declararon en los hogares espa\u00f1oles en 2018. Este m\u00e1s que dudoso honor le corresponde, curiosamente, a los da\u00f1os causado por el agua. El sector asegurador afirma que 12 segundos se registra una gotera.<\/p>\n<p class=\"paragraph\" data-gtm-element-container=\"modulo-texto-link\">La suma de todos percances que se producen en un d\u00eda arroja la cifra de 6,5 millones de euros destinados al pago de da\u00f1os por parte del seguro, de los que 2,4 millones se corresponden a goteras. En el caso de los incendios, la cantidad diaria fue de 585.000 euros. Por provincias, Madrid contabiliz\u00f3 un percance en las viviendas cada 25 segundos, mientras que en Barcelona entre percances pasan 33 segundos.<\/p>\n<p class=\"paragraph\" data-gtm-element-container=\"modulo-texto-link\">Los datos oficiales tambi\u00e9n incluyen el seguro de comunidades de vecinos, en el que se contemplan los percances que se producen en las zonas comunes. El agua tambi\u00e9n es la principal causa de los siniestros con una frecuencia de 37 segundos, mientras que los incendios se producen cada 51 minutos y 56 segundos.<\/p>\n<\/div>\n<\/div>\n","protected":false},"excerpt":{"rendered":"<p>El Seguro indemniza con casi 600.000 euros diarios los da\u00f1os causados por el fuego en los hogares REDACCI\u00d3N\u00a0 \u00a0 11\/12\/2020 07:00Actualizado a 11\/12\/2020 08:53 No&#8230; <a href=\"https:\/\/www.cmalleida.com\/es\/la-posibilidad-que-corres-de-sufrir-un-incendio-en-tu-casa-la-vanguardia\/\" rel=\"nofollow\" class=\"lollegirmes\">Llegeix m\u00e9s<\/a><\/p>\n","protected":false},"author":149,"featured_media":7949,"comment_status":"closed","ping_status":"closed","sticky":false,"template":"","format":"standard","meta":{"_acf_changed":false,"_genesis_hide_title":false,"_genesis_hide_breadcrumbs":false,"_genesis_hide_singular_image":false,"_genesis_hide_footer_widgets":false,"_genesis_custom_body_class":"","_genesis_custom_post_class":"","_genesis_layout":"","footnotes":""},"categories":[28,62],"tags":[],"class_list":{"0":"post-7952","1":"post","2":"type-post","3":"status-publish","4":"format-standard","5":"has-post-thumbnail","7":"category-actualidad","8":"category-sinistres-es","9":"entry"},"acf":[],"yoast_head":"<!-- This site is optimized with the Yoast SEO plugin v27.2 - https:\/\/yoast.com\/product\/yoast-seo-wordpress\/ -->\n<title>La posibilidad que corres de sufrir un incendio en tu casa (La Vanguardia) - Col\u00b7legi de Mediadors d&#039;Assegurances de Lleida<\/title>\n<meta name=\"robots\" content=\"index, follow, max-snippet:-1, max-image-preview:large, max-video-preview:-1\" \/>\n<link rel=\"canonical\" href=\"https:\/\/www.cmalleida.com\/es\/la-posibilidad-que-corres-de-sufrir-un-incendio-en-tu-casa-la-vanguardia\/\" \/>\n<meta property=\"og:locale\" content=\"es_ES\" \/>\n<meta property=\"og:type\" content=\"article\" \/>\n<meta property=\"og:title\" content=\"La posibilidad que corres de sufrir un incendio en tu casa (La Vanguardia) - Col\u00b7legi de Mediadors d&#039;Assegurances de Lleida\" \/>\n<meta property=\"og:description\" content=\"El Seguro indemniza con casi 600.000 euros diarios los da\u00f1os causados por el fuego en los hogares REDACCI\u00d3N\u00a0 \u00a0 11\/12\/2020 07:00Actualizado a 11\/12\/2020 08:53 No... Llegeix m\u00e9s\" \/>\n<meta property=\"og:url\" content=\"https:\/\/www.cmalleida.com\/es\/la-posibilidad-que-corres-de-sufrir-un-incendio-en-tu-casa-la-vanguardia\/\" \/>\n<meta property=\"og:site_name\" content=\"Col\u00b7legi de Mediadors d&#039;Assegurances de Lleida\" \/>\n<meta property=\"article:published_time\" content=\"2020-12-11T09:44:45+00:00\" \/>\n<meta property=\"og:image\" content=\"https:\/\/www.cmalleida.com\/wp-content\/uploads\/captura-25.png\" \/>\n\t<meta property=\"og:image:width\" content=\"401\" \/>\n\t<meta property=\"og:image:height\" content=\"374\" \/>\n\t<meta property=\"og:image:type\" content=\"image\/png\" \/>\n<meta name=\"author\" content=\"Antonieta Castells Dolcet\" \/>\n<meta name=\"twitter:card\" content=\"summary_large_image\" \/>\n<meta name=\"twitter:label1\" content=\"Written by\" \/>\n\t<meta name=\"twitter:data1\" content=\"Antonieta Castells Dolcet\" \/>\n\t<meta name=\"twitter:label2\" content=\"Est. reading time\" \/>\n\t<meta name=\"twitter:data2\" content=\"3 minutos\" \/>\n<script type=\"application\/ld+json\" class=\"yoast-schema-graph\">{\"@context\":\"https:\/\/schema.org\",\"@graph\":[{\"@type\":\"Article\",\"@id\":\"https:\/\/www.cmalleida.com\/es\/la-posibilidad-que-corres-de-sufrir-un-incendio-en-tu-casa-la-vanguardia\/#article\",\"isPartOf\":{\"@id\":\"https:\/\/www.cmalleida.com\/es\/la-posibilidad-que-corres-de-sufrir-un-incendio-en-tu-casa-la-vanguardia\/\"},\"author\":{\"name\":\"Antonieta Castells Dolcet\",\"@id\":\"https:\/\/www.cmalleida.com\/es\/#\/schema\/person\/7461453022a0d6ce41c1e530eb4443b4\"},\"headline\":\"La posibilidad que corres de sufrir un incendio en tu casa (La Vanguardia)\",\"datePublished\":\"2020-12-11T09:44:45+00:00\",\"mainEntityOfPage\":{\"@id\":\"https:\/\/www.cmalleida.com\/es\/la-posibilidad-que-corres-de-sufrir-un-incendio-en-tu-casa-la-vanguardia\/\"},\"wordCount\":604,\"publisher\":{\"@id\":\"https:\/\/www.cmalleida.com\/es\/#organization\"},\"image\":{\"@id\":\"https:\/\/www.cmalleida.com\/es\/la-posibilidad-que-corres-de-sufrir-un-incendio-en-tu-casa-la-vanguardia\/#primaryimage\"},\"thumbnailUrl\":\"https:\/\/www.cmalleida.com\/wp-content\/uploads\/captura-25.png\",\"articleSection\":[\"Actualidad\",\"Sinistres\"],\"inLanguage\":\"es\"},{\"@type\":\"WebPage\",\"@id\":\"https:\/\/www.cmalleida.com\/es\/la-posibilidad-que-corres-de-sufrir-un-incendio-en-tu-casa-la-vanguardia\/\",\"url\":\"https:\/\/www.cmalleida.com\/es\/la-posibilidad-que-corres-de-sufrir-un-incendio-en-tu-casa-la-vanguardia\/\",\"name\":\"La posibilidad que corres de sufrir un incendio en tu casa (La Vanguardia) - Col\u00b7legi de Mediadors d&#039;Assegurances de Lleida\",\"isPartOf\":{\"@id\":\"https:\/\/www.cmalleida.com\/es\/#website\"},\"primaryImageOfPage\":{\"@id\":\"https:\/\/www.cmalleida.com\/es\/la-posibilidad-que-corres-de-sufrir-un-incendio-en-tu-casa-la-vanguardia\/#primaryimage\"},\"image\":{\"@id\":\"https:\/\/www.cmalleida.com\/es\/la-posibilidad-que-corres-de-sufrir-un-incendio-en-tu-casa-la-vanguardia\/#primaryimage\"},\"thumbnailUrl\":\"https:\/\/www.cmalleida.com\/wp-content\/uploads\/captura-25.png\",\"datePublished\":\"2020-12-11T09:44:45+00:00\",\"breadcrumb\":{\"@id\":\"https:\/\/www.cmalleida.com\/es\/la-posibilidad-que-corres-de-sufrir-un-incendio-en-tu-casa-la-vanguardia\/#breadcrumb\"},\"inLanguage\":\"es\",\"potentialAction\":[{\"@type\":\"ReadAction\",\"target\":[\"https:\/\/www.cmalleida.com\/es\/la-posibilidad-que-corres-de-sufrir-un-incendio-en-tu-casa-la-vanguardia\/\"]}]},{\"@type\":\"ImageObject\",\"inLanguage\":\"es\",\"@id\":\"https:\/\/www.cmalleida.com\/es\/la-posibilidad-que-corres-de-sufrir-un-incendio-en-tu-casa-la-vanguardia\/#primaryimage\",\"url\":\"https:\/\/www.cmalleida.com\/wp-content\/uploads\/captura-25.png\",\"contentUrl\":\"https:\/\/www.cmalleida.com\/wp-content\/uploads\/captura-25.png\",\"width\":401,\"height\":374,\"caption\":\"Captura\"},{\"@type\":\"BreadcrumbList\",\"@id\":\"https:\/\/www.cmalleida.com\/es\/la-posibilidad-que-corres-de-sufrir-un-incendio-en-tu-casa-la-vanguardia\/#breadcrumb\",\"itemListElement\":[{\"@type\":\"ListItem\",\"position\":1,\"name\":\"Inici\",\"item\":\"https:\/\/www.cmalleida.com\/es\/\"},{\"@type\":\"ListItem\",\"position\":2,\"name\":\"La posibilidad que corres de sufrir un incendio en tu casa (La Vanguardia)\"}]},{\"@type\":\"WebSite\",\"@id\":\"https:\/\/www.cmalleida.com\/es\/#website\",\"url\":\"https:\/\/www.cmalleida.com\/es\/\",\"name\":\"Col\u00b7legi de Mediadors d&#039;Assegurances de Lleida\",\"description\":\"Otro sitio realizado con WordPress\",\"publisher\":{\"@id\":\"https:\/\/www.cmalleida.com\/es\/#organization\"},\"potentialAction\":[{\"@type\":\"SearchAction\",\"target\":{\"@type\":\"EntryPoint\",\"urlTemplate\":\"https:\/\/www.cmalleida.com\/es\/?s={search_term_string}\"},\"query-input\":{\"@type\":\"PropertyValueSpecification\",\"valueRequired\":true,\"valueName\":\"search_term_string\"}}],\"inLanguage\":\"es\"},{\"@type\":\"Organization\",\"@id\":\"https:\/\/www.cmalleida.com\/es\/#organization\",\"name\":\"Col\u00b7legi de Mediadors d'Assegurances de Lleida\",\"url\":\"https:\/\/www.cmalleida.com\/es\/\",\"logo\":{\"@type\":\"ImageObject\",\"inLanguage\":\"es\",\"@id\":\"https:\/\/www.cmalleida.com\/es\/#\/schema\/logo\/image\/\",\"url\":\"\",\"contentUrl\":\"\",\"caption\":\"Col\u00b7legi de Mediadors d'Assegurances de Lleida\"},\"image\":{\"@id\":\"https:\/\/www.cmalleida.com\/es\/#\/schema\/logo\/image\/\"}},{\"@type\":\"Person\",\"@id\":\"https:\/\/www.cmalleida.com\/es\/#\/schema\/person\/7461453022a0d6ce41c1e530eb4443b4\",\"name\":\"Antonieta Castells Dolcet\",\"image\":{\"@type\":\"ImageObject\",\"inLanguage\":\"es\",\"@id\":\"https:\/\/secure.gravatar.com\/avatar\/7738df9a8ff2d12e8b37d088ff0e3e36016e57ab29e5db27ba4fb758a81ea3cb?s=96&d=mm&r=g\",\"url\":\"https:\/\/secure.gravatar.com\/avatar\/7738df9a8ff2d12e8b37d088ff0e3e36016e57ab29e5db27ba4fb758a81ea3cb?s=96&d=mm&r=g\",\"contentUrl\":\"https:\/\/secure.gravatar.com\/avatar\/7738df9a8ff2d12e8b37d088ff0e3e36016e57ab29e5db27ba4fb758a81ea3cb?s=96&d=mm&r=g\",\"caption\":\"Antonieta Castells Dolcet\"},\"sameAs\":[\"http:\/\/www.cmalleida.com\"]}]}<\/script>\n<!-- \/ Yoast SEO plugin. -->","yoast_head_json":{"title":"La posibilidad que corres de sufrir un incendio en tu casa (La Vanguardia) - Col\u00b7legi de Mediadors d&#039;Assegurances de Lleida","robots":{"index":"index","follow":"follow","max-snippet":"max-snippet:-1","max-image-preview":"max-image-preview:large","max-video-preview":"max-video-preview:-1"},"canonical":"https:\/\/www.cmalleida.com\/es\/la-posibilidad-que-corres-de-sufrir-un-incendio-en-tu-casa-la-vanguardia\/","og_locale":"es_ES","og_type":"article","og_title":"La posibilidad que corres de sufrir un incendio en tu casa (La Vanguardia) - Col\u00b7legi de Mediadors d&#039;Assegurances de Lleida","og_description":"El Seguro indemniza con casi 600.000 euros diarios los da\u00f1os causados por el fuego en los hogares REDACCI\u00d3N\u00a0 \u00a0 11\/12\/2020 07:00Actualizado a 11\/12\/2020 08:53 No... Llegeix m\u00e9s","og_url":"https:\/\/www.cmalleida.com\/es\/la-posibilidad-que-corres-de-sufrir-un-incendio-en-tu-casa-la-vanguardia\/","og_site_name":"Col\u00b7legi de Mediadors d&#039;Assegurances de Lleida","article_published_time":"2020-12-11T09:44:45+00:00","og_image":[{"width":401,"height":374,"url":"https:\/\/www.cmalleida.com\/wp-content\/uploads\/captura-25.png","type":"image\/png"}],"author":"Antonieta Castells Dolcet","twitter_card":"summary_large_image","twitter_misc":{"Written by":"Antonieta Castells Dolcet","Est. reading time":"3 minutos"},"schema":{"@context":"https:\/\/schema.org","@graph":[{"@type":"Article","@id":"https:\/\/www.cmalleida.com\/es\/la-posibilidad-que-corres-de-sufrir-un-incendio-en-tu-casa-la-vanguardia\/#article","isPartOf":{"@id":"https:\/\/www.cmalleida.com\/es\/la-posibilidad-que-corres-de-sufrir-un-incendio-en-tu-casa-la-vanguardia\/"},"author":{"name":"Antonieta Castells Dolcet","@id":"https:\/\/www.cmalleida.com\/es\/#\/schema\/person\/7461453022a0d6ce41c1e530eb4443b4"},"headline":"La posibilidad que corres de sufrir un incendio en tu casa (La Vanguardia)","datePublished":"2020-12-11T09:44:45+00:00","mainEntityOfPage":{"@id":"https:\/\/www.cmalleida.com\/es\/la-posibilidad-que-corres-de-sufrir-un-incendio-en-tu-casa-la-vanguardia\/"},"wordCount":604,"publisher":{"@id":"https:\/\/www.cmalleida.com\/es\/#organization"},"image":{"@id":"https:\/\/www.cmalleida.com\/es\/la-posibilidad-que-corres-de-sufrir-un-incendio-en-tu-casa-la-vanguardia\/#primaryimage"},"thumbnailUrl":"https:\/\/www.cmalleida.com\/wp-content\/uploads\/captura-25.png","articleSection":["Actualidad","Sinistres"],"inLanguage":"es"},{"@type":"WebPage","@id":"https:\/\/www.cmalleida.com\/es\/la-posibilidad-que-corres-de-sufrir-un-incendio-en-tu-casa-la-vanguardia\/","url":"https:\/\/www.cmalleida.com\/es\/la-posibilidad-que-corres-de-sufrir-un-incendio-en-tu-casa-la-vanguardia\/","name":"La posibilidad que corres de sufrir un incendio en tu casa (La Vanguardia) - Col\u00b7legi de Mediadors d&#039;Assegurances de Lleida","isPartOf":{"@id":"https:\/\/www.cmalleida.com\/es\/#website"},"primaryImageOfPage":{"@id":"https:\/\/www.cmalleida.com\/es\/la-posibilidad-que-corres-de-sufrir-un-incendio-en-tu-casa-la-vanguardia\/#primaryimage"},"image":{"@id":"https:\/\/www.cmalleida.com\/es\/la-posibilidad-que-corres-de-sufrir-un-incendio-en-tu-casa-la-vanguardia\/#primaryimage"},"thumbnailUrl":"https:\/\/www.cmalleida.com\/wp-content\/uploads\/captura-25.png","datePublished":"2020-12-11T09:44:45+00:00","breadcrumb":{"@id":"https:\/\/www.cmalleida.com\/es\/la-posibilidad-que-corres-de-sufrir-un-incendio-en-tu-casa-la-vanguardia\/#breadcrumb"},"inLanguage":"es","potentialAction":[{"@type":"ReadAction","target":["https:\/\/www.cmalleida.com\/es\/la-posibilidad-que-corres-de-sufrir-un-incendio-en-tu-casa-la-vanguardia\/"]}]},{"@type":"ImageObject","inLanguage":"es","@id":"https:\/\/www.cmalleida.com\/es\/la-posibilidad-que-corres-de-sufrir-un-incendio-en-tu-casa-la-vanguardia\/#primaryimage","url":"https:\/\/www.cmalleida.com\/wp-content\/uploads\/captura-25.png","contentUrl":"https:\/\/www.cmalleida.com\/wp-content\/uploads\/captura-25.png","width":401,"height":374,"caption":"Captura"},{"@type":"BreadcrumbList","@id":"https:\/\/www.cmalleida.com\/es\/la-posibilidad-que-corres-de-sufrir-un-incendio-en-tu-casa-la-vanguardia\/#breadcrumb","itemListElement":[{"@type":"ListItem","position":1,"name":"Inici","item":"https:\/\/www.cmalleida.com\/es\/"},{"@type":"ListItem","position":2,"name":"La posibilidad que corres de sufrir un incendio en tu casa (La Vanguardia)"}]},{"@type":"WebSite","@id":"https:\/\/www.cmalleida.com\/es\/#website","url":"https:\/\/www.cmalleida.com\/es\/","name":"Col\u00b7legi de Mediadors d&#039;Assegurances de Lleida","description":"Otro sitio realizado con WordPress","publisher":{"@id":"https:\/\/www.cmalleida.com\/es\/#organization"},"potentialAction":[{"@type":"SearchAction","target":{"@type":"EntryPoint","urlTemplate":"https:\/\/www.cmalleida.com\/es\/?s={search_term_string}"},"query-input":{"@type":"PropertyValueSpecification","valueRequired":true,"valueName":"search_term_string"}}],"inLanguage":"es"},{"@type":"Organization","@id":"https:\/\/www.cmalleida.com\/es\/#organization","name":"Col\u00b7legi de Mediadors d'Assegurances de Lleida","url":"https:\/\/www.cmalleida.com\/es\/","logo":{"@type":"ImageObject","inLanguage":"es","@id":"https:\/\/www.cmalleida.com\/es\/#\/schema\/logo\/image\/","url":"","contentUrl":"","caption":"Col\u00b7legi de Mediadors d'Assegurances de Lleida"},"image":{"@id":"https:\/\/www.cmalleida.com\/es\/#\/schema\/logo\/image\/"}},{"@type":"Person","@id":"https:\/\/www.cmalleida.com\/es\/#\/schema\/person\/7461453022a0d6ce41c1e530eb4443b4","name":"Antonieta Castells Dolcet","image":{"@type":"ImageObject","inLanguage":"es","@id":"https:\/\/secure.gravatar.com\/avatar\/7738df9a8ff2d12e8b37d088ff0e3e36016e57ab29e5db27ba4fb758a81ea3cb?s=96&d=mm&r=g","url":"https:\/\/secure.gravatar.com\/avatar\/7738df9a8ff2d12e8b37d088ff0e3e36016e57ab29e5db27ba4fb758a81ea3cb?s=96&d=mm&r=g","contentUrl":"https:\/\/secure.gravatar.com\/avatar\/7738df9a8ff2d12e8b37d088ff0e3e36016e57ab29e5db27ba4fb758a81ea3cb?s=96&d=mm&r=g","caption":"Antonieta Castells Dolcet"},"sameAs":["http:\/\/www.cmalleida.com"]}]}},"_links":{"self":[{"href":"https:\/\/www.cmalleida.com\/es\/wp-json\/wp\/v2\/posts\/7952","targetHints":{"allow":["GET"]}}],"collection":[{"href":"https:\/\/www.cmalleida.com\/es\/wp-json\/wp\/v2\/posts"}],"about":[{"href":"https:\/\/www.cmalleida.com\/es\/wp-json\/wp\/v2\/types\/post"}],"author":[{"embeddable":true,"href":"https:\/\/www.cmalleida.com\/es\/wp-json\/wp\/v2\/users\/149"}],"replies":[{"embeddable":true,"href":"https:\/\/www.cmalleida.com\/es\/wp-json\/wp\/v2\/comments?post=7952"}],"version-history":[{"count":1,"href":"https:\/\/www.cmalleida.com\/es\/wp-json\/wp\/v2\/posts\/7952\/revisions"}],"predecessor-version":[{"id":7953,"href":"https:\/\/www.cmalleida.com\/es\/wp-json\/wp\/v2\/posts\/7952\/revisions\/7953"}],"wp:featuredmedia":[{"embeddable":true,"href":"https:\/\/www.cmalleida.com\/es\/wp-json\/wp\/v2\/media\/7949"}],"wp:attachment":[{"href":"https:\/\/www.cmalleida.com\/es\/wp-json\/wp\/v2\/media?parent=7952"}],"wp:term":[{"taxonomy":"category","embeddable":true,"href":"https:\/\/www.cmalleida.com\/es\/wp-json\/wp\/v2\/categories?post=7952"},{"taxonomy":"post_tag","embeddable":true,"href":"https:\/\/www.cmalleida.com\/es\/wp-json\/wp\/v2\/tags?post=7952"}],"curies":[{"name":"wp","href":"https:\/\/api.w.org\/{rel}","templated":true}]}}