{"id":7553,"date":"2020-10-02T10:16:52","date_gmt":"2020-10-02T08:16:52","guid":{"rendered":"https:\/\/www.cmalleida.com\/?p=7553"},"modified":"2020-10-02T10:16:52","modified_gmt":"2020-10-02T08:16:52","slug":"autonomos-con-seguro-medico-como-deducirlo-correctamente-cinco-dias","status":"publish","type":"post","link":"https:\/\/www.cmalleida.com\/es\/autonomos-con-seguro-medico-como-deducirlo-correctamente-cinco-dias\/","title":{"rendered":"Aut\u00f3nomos con seguro m\u00e9dico. C\u00f3mo deducirlo correctamente (Cinco D\u00edas)"},"content":{"rendered":"<header id=\"articulo-encabezado\" class=\"articulo-encabezado \">\n<div id=\"articulo-titulares\" class=\"articulo-titulares\">\n<h4 id=\"articulo-titulo\" class=\"articulo-titulo \"><em><strong><span style=\"font-size: 16px;\">Los profesionales por cuenta propia recurren a este tipo de seguros, para afianzar sus coberturas m\u00e9dicas. \u00bfSe puede deducir? \u00bfQu\u00e9 cuant\u00edas permite la Ley?<\/span><\/strong><\/em><\/h4>\n<\/div>\n<div class=\"firma \">\n<div class=\"autor\">\n<div class=\"autor-texto\"><span class=\"autor-nombre\"><a title=\"Ver todas las noticias de J. A. Vega Ortega\" href=\"https:\/\/cincodias.elpais.com\/autor\/jose_antonio_vega_ortega\/a\/\">J. A. VEGA ORTEGA\u00a0\u00a0\u00a0<\/a><\/span><span class=\"articulo-localizaciones\"><span class=\"articulo-localizacion\">Madrid\u00a0<\/span><\/span>\u00a0<time class=\"articulo-actualizado\" datetime=\"2020-09-28T09:12:13+02:00\"><a title=\"Ver todas las noticias de esta fecha\" href=\"https:\/\/cincodias.elpais.com\/tag\/fecha\/20200928\">28 SEP 2020 &#8211; 09:12\u00a0<abbr title=\"Central European Summer Time\">CEST<\/abbr><\/a><\/time><\/div>\n<\/div>\n<\/div>\n<\/header>\n<div id=\"articulo__contenedor\" class=\"articulo__contenedor\">\n<div id=\"cuerpo_noticia\" class=\"articulo-cuerpo\">\n<p>La situaci\u00f3n sanitaria que atraviesa nuestro pa\u00eds desde la irrupci\u00f3n del coronavirus est\u00e1 llevando a muchos trabajadores aut\u00f3nomos a plantearse la contrataci\u00f3n de un\u00a0<strong>seguro m\u00e9dico privado<\/strong>.<\/p>\n<div id=\"cds_gpt-INTEXT\" data-google-query-id=\"CK6zuKG7lewCFQbH1QodyswImg\">\n<div id=\"google_ads_iframe_7811748\/elpais_finanzas_cincodias_territorio_pyme_web\/autonomos\/noticias\/intext_0__container__\">Con casi total seguridad, la siguiente pregunta que se les viene a la mente a los trabajadores por cuenta propia es si podr\u00edan desgravarse este gasto. La respuesta es afirmativa, todos los aut\u00f3nomos, pymes y empresas en general que contraten un seguro de salud disfrutar\u00e1n de <strong>ventajas fiscales<\/strong>.<\/div>\n<div><\/div>\n<\/div>\n<div id=\"_wmass_262929999999983\">\n<div id=\"jw-9998399983\" class=\"jwplayer jw-reset jw-state-complete jw-stretch-uniform jw-flag-aspect-mode jw-flag-controls-hidden jw-flag-outstream jw-breakpoint-3\" tabindex=\"0\" role=\"application\" aria-label=\"Reproductor de Video\">\n<div class=\"jw-wrapper jw-reset\">\n<div class=\"wm-publi\">Al poder desgravarse el seguro m\u00e9dico, el aut\u00f3nomo podr\u00e1 ahorrar en su <strong>declaraci\u00f3n de la renta<\/strong>\u00a0o, en el caso de las empresas, en el impuesto de sociedades.<\/div>\n<\/div>\n<\/div>\n<\/div>\n<h4><strong>Dos v\u00edas de ahorro<\/strong><\/h4>\n<p>Si est\u00e1s en r\u00e9gimen de estimaci\u00f3n directa, la deducci\u00f3n de tu seguro de salud se corresponder\u00e1 con la prima de tu seguro, la de tu c\u00f3nyuge e hijos menores de 25 a\u00f1os que convivan contigo y que no perciban ingresos por un importe superior al establecido en la ley hasta un m\u00e1ximo de 500 euros por cada uno. Este l\u00edmite se ampl\u00eda a 1.500 euros y un m\u00e1ximo de 4.500 euros por la suma de todos.<\/p>\n<p>Seg\u00fan los c\u00e1lculos realizados desde\u00a0<a href=\"https:\/\/saludsegur.es\/\" target=\"_blank\" rel=\"noopener noreferrer\">Saludsegur, oficina oficial de Adeslas<\/a>, si percibes 20.000 euros en tu actividad econ\u00f3mica y tienes contratado un seguro m\u00e9dico para ti, y tu familia, la deducci\u00f3n ser\u00eda de 2.000 euros en la base imponible, por lo tanto el tipo impositivo del impuesto que se te aplica ser\u00e1 el que se corresponda con el tramo de 18.000 euros a 20.000 euros.<\/p>\n<p>En el caso de las pymes, el ahorro se imputar\u00eda al impuesto de sociedades, ya que podr\u00e1n deducirse hasta la totalidad del gasto pagado por la organizaci\u00f3n en los seguros m\u00e9dicos de sus empleados como gasto social en el impuesto de sociedades.<\/p>\n<p>Los expertos, no obstante, recuerdan que la regulaci\u00f3n fiscal puede variar en algunas Comunidades Aut\u00f3nomas, y puede ser objeto de algunas reformas legislativas.<\/p>\n<\/div>\n<\/div>\n","protected":false},"excerpt":{"rendered":"<p>Los profesionales por cuenta propia recurren a este tipo de seguros, para afianzar sus coberturas m\u00e9dicas. \u00bfSe puede deducir? \u00bfQu\u00e9 cuant\u00edas permite la Ley? J&#8230;. <a href=\"https:\/\/www.cmalleida.com\/es\/autonomos-con-seguro-medico-como-deducirlo-correctamente-cinco-dias\/\" rel=\"nofollow\" class=\"lollegirmes\">Llegeix m\u00e9s<\/a><\/p>\n","protected":false},"author":149,"featured_media":1835,"comment_status":"closed","ping_status":"closed","sticky":false,"template":"","format":"standard","meta":{"_acf_changed":false,"_genesis_hide_title":false,"_genesis_hide_breadcrumbs":false,"_genesis_hide_singular_image":false,"_genesis_hide_footer_widgets":false,"_genesis_custom_body_class":"","_genesis_custom_post_class":"","_genesis_layout":"","footnotes":""},"categories":[28],"tags":[],"class_list":{"0":"post-7553","1":"post","2":"type-post","3":"status-publish","4":"format-standard","5":"has-post-thumbnail","7":"category-actualidad","8":"entry"},"acf":[],"yoast_head":"<!-- This site is optimized with the Yoast SEO plugin v27.2 - https:\/\/yoast.com\/product\/yoast-seo-wordpress\/ -->\n<title>Aut\u00f3nomos con seguro m\u00e9dico. C\u00f3mo deducirlo correctamente (Cinco D\u00edas) - Col\u00b7legi de Mediadors d&#039;Assegurances de Lleida<\/title>\n<meta name=\"robots\" content=\"index, follow, max-snippet:-1, max-image-preview:large, max-video-preview:-1\" \/>\n<link rel=\"canonical\" href=\"https:\/\/www.cmalleida.com\/es\/autonomos-con-seguro-medico-como-deducirlo-correctamente-cinco-dias\/\" \/>\n<meta property=\"og:locale\" content=\"es_ES\" \/>\n<meta property=\"og:type\" content=\"article\" \/>\n<meta property=\"og:title\" content=\"Aut\u00f3nomos con seguro m\u00e9dico. C\u00f3mo deducirlo correctamente (Cinco D\u00edas) - Col\u00b7legi de Mediadors d&#039;Assegurances de Lleida\" \/>\n<meta property=\"og:description\" content=\"Los profesionales por cuenta propia recurren a este tipo de seguros, para afianzar sus coberturas m\u00e9dicas. \u00bfSe puede deducir? \u00bfQu\u00e9 cuant\u00edas permite la Ley? J.... Llegeix m\u00e9s\" \/>\n<meta property=\"og:url\" content=\"https:\/\/www.cmalleida.com\/es\/autonomos-con-seguro-medico-como-deducirlo-correctamente-cinco-dias\/\" \/>\n<meta property=\"og:site_name\" content=\"Col\u00b7legi de Mediadors d&#039;Assegurances de Lleida\" \/>\n<meta property=\"article:published_time\" content=\"2020-10-02T08:16:52+00:00\" \/>\n<meta property=\"og:image\" content=\"https:\/\/www.cmalleida.com\/wp-content\/uploads\/cmall-lleida-actualitat-doctor762.jpg\" \/>\n\t<meta property=\"og:image:width\" content=\"762\" \/>\n\t<meta property=\"og:image:height\" content=\"762\" \/>\n\t<meta property=\"og:image:type\" content=\"image\/jpeg\" \/>\n<meta name=\"author\" content=\"Antonieta Castells Dolcet\" \/>\n<meta name=\"twitter:card\" content=\"summary_large_image\" \/>\n<meta name=\"twitter:label1\" content=\"Written by\" \/>\n\t<meta name=\"twitter:data1\" content=\"Antonieta Castells Dolcet\" \/>\n\t<meta name=\"twitter:label2\" content=\"Est. reading time\" \/>\n\t<meta name=\"twitter:data2\" content=\"2 minutos\" \/>\n<script type=\"application\/ld+json\" class=\"yoast-schema-graph\">{\"@context\":\"https:\/\/schema.org\",\"@graph\":[{\"@type\":\"Article\",\"@id\":\"https:\/\/www.cmalleida.com\/es\/autonomos-con-seguro-medico-como-deducirlo-correctamente-cinco-dias\/#article\",\"isPartOf\":{\"@id\":\"https:\/\/www.cmalleida.com\/es\/autonomos-con-seguro-medico-como-deducirlo-correctamente-cinco-dias\/\"},\"author\":{\"name\":\"Antonieta Castells Dolcet\",\"@id\":\"https:\/\/www.cmalleida.com\/es\/#\/schema\/person\/7461453022a0d6ce41c1e530eb4443b4\"},\"headline\":\"Aut\u00f3nomos con seguro m\u00e9dico. C\u00f3mo deducirlo correctamente (Cinco D\u00edas)\",\"datePublished\":\"2020-10-02T08:16:52+00:00\",\"mainEntityOfPage\":{\"@id\":\"https:\/\/www.cmalleida.com\/es\/autonomos-con-seguro-medico-como-deducirlo-correctamente-cinco-dias\/\"},\"wordCount\":387,\"publisher\":{\"@id\":\"https:\/\/www.cmalleida.com\/es\/#organization\"},\"image\":{\"@id\":\"https:\/\/www.cmalleida.com\/es\/autonomos-con-seguro-medico-como-deducirlo-correctamente-cinco-dias\/#primaryimage\"},\"thumbnailUrl\":\"https:\/\/www.cmalleida.com\/wp-content\/uploads\/cmall-lleida-actualitat-doctor762.jpg\",\"articleSection\":[\"Actualidad\"],\"inLanguage\":\"es\"},{\"@type\":\"WebPage\",\"@id\":\"https:\/\/www.cmalleida.com\/es\/autonomos-con-seguro-medico-como-deducirlo-correctamente-cinco-dias\/\",\"url\":\"https:\/\/www.cmalleida.com\/es\/autonomos-con-seguro-medico-como-deducirlo-correctamente-cinco-dias\/\",\"name\":\"Aut\u00f3nomos con seguro m\u00e9dico. C\u00f3mo deducirlo correctamente (Cinco D\u00edas) - Col\u00b7legi de Mediadors d&#039;Assegurances de Lleida\",\"isPartOf\":{\"@id\":\"https:\/\/www.cmalleida.com\/es\/#website\"},\"primaryImageOfPage\":{\"@id\":\"https:\/\/www.cmalleida.com\/es\/autonomos-con-seguro-medico-como-deducirlo-correctamente-cinco-dias\/#primaryimage\"},\"image\":{\"@id\":\"https:\/\/www.cmalleida.com\/es\/autonomos-con-seguro-medico-como-deducirlo-correctamente-cinco-dias\/#primaryimage\"},\"thumbnailUrl\":\"https:\/\/www.cmalleida.com\/wp-content\/uploads\/cmall-lleida-actualitat-doctor762.jpg\",\"datePublished\":\"2020-10-02T08:16:52+00:00\",\"breadcrumb\":{\"@id\":\"https:\/\/www.cmalleida.com\/es\/autonomos-con-seguro-medico-como-deducirlo-correctamente-cinco-dias\/#breadcrumb\"},\"inLanguage\":\"es\",\"potentialAction\":[{\"@type\":\"ReadAction\",\"target\":[\"https:\/\/www.cmalleida.com\/es\/autonomos-con-seguro-medico-como-deducirlo-correctamente-cinco-dias\/\"]}]},{\"@type\":\"ImageObject\",\"inLanguage\":\"es\",\"@id\":\"https:\/\/www.cmalleida.com\/es\/autonomos-con-seguro-medico-como-deducirlo-correctamente-cinco-dias\/#primaryimage\",\"url\":\"https:\/\/www.cmalleida.com\/wp-content\/uploads\/cmall-lleida-actualitat-doctor762.jpg\",\"contentUrl\":\"https:\/\/www.cmalleida.com\/wp-content\/uploads\/cmall-lleida-actualitat-doctor762.jpg\",\"width\":762,\"height\":762,\"caption\":\"cmall-lleida-actualitat-doctor762\"},{\"@type\":\"BreadcrumbList\",\"@id\":\"https:\/\/www.cmalleida.com\/es\/autonomos-con-seguro-medico-como-deducirlo-correctamente-cinco-dias\/#breadcrumb\",\"itemListElement\":[{\"@type\":\"ListItem\",\"position\":1,\"name\":\"Inici\",\"item\":\"https:\/\/www.cmalleida.com\/es\/\"},{\"@type\":\"ListItem\",\"position\":2,\"name\":\"Aut\u00f3nomos con seguro m\u00e9dico. C\u00f3mo deducirlo correctamente (Cinco D\u00edas)\"}]},{\"@type\":\"WebSite\",\"@id\":\"https:\/\/www.cmalleida.com\/es\/#website\",\"url\":\"https:\/\/www.cmalleida.com\/es\/\",\"name\":\"Col\u00b7legi de Mediadors d&#039;Assegurances de Lleida\",\"description\":\"Otro sitio realizado con WordPress\",\"publisher\":{\"@id\":\"https:\/\/www.cmalleida.com\/es\/#organization\"},\"potentialAction\":[{\"@type\":\"SearchAction\",\"target\":{\"@type\":\"EntryPoint\",\"urlTemplate\":\"https:\/\/www.cmalleida.com\/es\/?s={search_term_string}\"},\"query-input\":{\"@type\":\"PropertyValueSpecification\",\"valueRequired\":true,\"valueName\":\"search_term_string\"}}],\"inLanguage\":\"es\"},{\"@type\":\"Organization\",\"@id\":\"https:\/\/www.cmalleida.com\/es\/#organization\",\"name\":\"Col\u00b7legi de Mediadors d'Assegurances de Lleida\",\"url\":\"https:\/\/www.cmalleida.com\/es\/\",\"logo\":{\"@type\":\"ImageObject\",\"inLanguage\":\"es\",\"@id\":\"https:\/\/www.cmalleida.com\/es\/#\/schema\/logo\/image\/\",\"url\":\"\",\"contentUrl\":\"\",\"caption\":\"Col\u00b7legi de Mediadors d'Assegurances de Lleida\"},\"image\":{\"@id\":\"https:\/\/www.cmalleida.com\/es\/#\/schema\/logo\/image\/\"}},{\"@type\":\"Person\",\"@id\":\"https:\/\/www.cmalleida.com\/es\/#\/schema\/person\/7461453022a0d6ce41c1e530eb4443b4\",\"name\":\"Antonieta Castells Dolcet\",\"image\":{\"@type\":\"ImageObject\",\"inLanguage\":\"es\",\"@id\":\"https:\/\/secure.gravatar.com\/avatar\/7738df9a8ff2d12e8b37d088ff0e3e36016e57ab29e5db27ba4fb758a81ea3cb?s=96&d=mm&r=g\",\"url\":\"https:\/\/secure.gravatar.com\/avatar\/7738df9a8ff2d12e8b37d088ff0e3e36016e57ab29e5db27ba4fb758a81ea3cb?s=96&d=mm&r=g\",\"contentUrl\":\"https:\/\/secure.gravatar.com\/avatar\/7738df9a8ff2d12e8b37d088ff0e3e36016e57ab29e5db27ba4fb758a81ea3cb?s=96&d=mm&r=g\",\"caption\":\"Antonieta Castells Dolcet\"},\"sameAs\":[\"http:\/\/www.cmalleida.com\"]}]}<\/script>\n<!-- \/ Yoast SEO plugin. -->","yoast_head_json":{"title":"Aut\u00f3nomos con seguro m\u00e9dico. C\u00f3mo deducirlo correctamente (Cinco D\u00edas) - Col\u00b7legi de Mediadors d&#039;Assegurances de Lleida","robots":{"index":"index","follow":"follow","max-snippet":"max-snippet:-1","max-image-preview":"max-image-preview:large","max-video-preview":"max-video-preview:-1"},"canonical":"https:\/\/www.cmalleida.com\/es\/autonomos-con-seguro-medico-como-deducirlo-correctamente-cinco-dias\/","og_locale":"es_ES","og_type":"article","og_title":"Aut\u00f3nomos con seguro m\u00e9dico. C\u00f3mo deducirlo correctamente (Cinco D\u00edas) - Col\u00b7legi de Mediadors d&#039;Assegurances de Lleida","og_description":"Los profesionales por cuenta propia recurren a este tipo de seguros, para afianzar sus coberturas m\u00e9dicas. \u00bfSe puede deducir? \u00bfQu\u00e9 cuant\u00edas permite la Ley? J.... Llegeix m\u00e9s","og_url":"https:\/\/www.cmalleida.com\/es\/autonomos-con-seguro-medico-como-deducirlo-correctamente-cinco-dias\/","og_site_name":"Col\u00b7legi de Mediadors d&#039;Assegurances de Lleida","article_published_time":"2020-10-02T08:16:52+00:00","og_image":[{"width":762,"height":762,"url":"https:\/\/www.cmalleida.com\/wp-content\/uploads\/cmall-lleida-actualitat-doctor762.jpg","type":"image\/jpeg"}],"author":"Antonieta Castells Dolcet","twitter_card":"summary_large_image","twitter_misc":{"Written by":"Antonieta Castells Dolcet","Est. reading time":"2 minutos"},"schema":{"@context":"https:\/\/schema.org","@graph":[{"@type":"Article","@id":"https:\/\/www.cmalleida.com\/es\/autonomos-con-seguro-medico-como-deducirlo-correctamente-cinco-dias\/#article","isPartOf":{"@id":"https:\/\/www.cmalleida.com\/es\/autonomos-con-seguro-medico-como-deducirlo-correctamente-cinco-dias\/"},"author":{"name":"Antonieta Castells Dolcet","@id":"https:\/\/www.cmalleida.com\/es\/#\/schema\/person\/7461453022a0d6ce41c1e530eb4443b4"},"headline":"Aut\u00f3nomos con seguro m\u00e9dico. C\u00f3mo deducirlo correctamente (Cinco D\u00edas)","datePublished":"2020-10-02T08:16:52+00:00","mainEntityOfPage":{"@id":"https:\/\/www.cmalleida.com\/es\/autonomos-con-seguro-medico-como-deducirlo-correctamente-cinco-dias\/"},"wordCount":387,"publisher":{"@id":"https:\/\/www.cmalleida.com\/es\/#organization"},"image":{"@id":"https:\/\/www.cmalleida.com\/es\/autonomos-con-seguro-medico-como-deducirlo-correctamente-cinco-dias\/#primaryimage"},"thumbnailUrl":"https:\/\/www.cmalleida.com\/wp-content\/uploads\/cmall-lleida-actualitat-doctor762.jpg","articleSection":["Actualidad"],"inLanguage":"es"},{"@type":"WebPage","@id":"https:\/\/www.cmalleida.com\/es\/autonomos-con-seguro-medico-como-deducirlo-correctamente-cinco-dias\/","url":"https:\/\/www.cmalleida.com\/es\/autonomos-con-seguro-medico-como-deducirlo-correctamente-cinco-dias\/","name":"Aut\u00f3nomos con seguro m\u00e9dico. C\u00f3mo deducirlo correctamente (Cinco D\u00edas) - Col\u00b7legi de Mediadors d&#039;Assegurances de Lleida","isPartOf":{"@id":"https:\/\/www.cmalleida.com\/es\/#website"},"primaryImageOfPage":{"@id":"https:\/\/www.cmalleida.com\/es\/autonomos-con-seguro-medico-como-deducirlo-correctamente-cinco-dias\/#primaryimage"},"image":{"@id":"https:\/\/www.cmalleida.com\/es\/autonomos-con-seguro-medico-como-deducirlo-correctamente-cinco-dias\/#primaryimage"},"thumbnailUrl":"https:\/\/www.cmalleida.com\/wp-content\/uploads\/cmall-lleida-actualitat-doctor762.jpg","datePublished":"2020-10-02T08:16:52+00:00","breadcrumb":{"@id":"https:\/\/www.cmalleida.com\/es\/autonomos-con-seguro-medico-como-deducirlo-correctamente-cinco-dias\/#breadcrumb"},"inLanguage":"es","potentialAction":[{"@type":"ReadAction","target":["https:\/\/www.cmalleida.com\/es\/autonomos-con-seguro-medico-como-deducirlo-correctamente-cinco-dias\/"]}]},{"@type":"ImageObject","inLanguage":"es","@id":"https:\/\/www.cmalleida.com\/es\/autonomos-con-seguro-medico-como-deducirlo-correctamente-cinco-dias\/#primaryimage","url":"https:\/\/www.cmalleida.com\/wp-content\/uploads\/cmall-lleida-actualitat-doctor762.jpg","contentUrl":"https:\/\/www.cmalleida.com\/wp-content\/uploads\/cmall-lleida-actualitat-doctor762.jpg","width":762,"height":762,"caption":"cmall-lleida-actualitat-doctor762"},{"@type":"BreadcrumbList","@id":"https:\/\/www.cmalleida.com\/es\/autonomos-con-seguro-medico-como-deducirlo-correctamente-cinco-dias\/#breadcrumb","itemListElement":[{"@type":"ListItem","position":1,"name":"Inici","item":"https:\/\/www.cmalleida.com\/es\/"},{"@type":"ListItem","position":2,"name":"Aut\u00f3nomos con seguro m\u00e9dico. C\u00f3mo deducirlo correctamente (Cinco D\u00edas)"}]},{"@type":"WebSite","@id":"https:\/\/www.cmalleida.com\/es\/#website","url":"https:\/\/www.cmalleida.com\/es\/","name":"Col\u00b7legi de Mediadors d&#039;Assegurances de Lleida","description":"Otro sitio realizado con WordPress","publisher":{"@id":"https:\/\/www.cmalleida.com\/es\/#organization"},"potentialAction":[{"@type":"SearchAction","target":{"@type":"EntryPoint","urlTemplate":"https:\/\/www.cmalleida.com\/es\/?s={search_term_string}"},"query-input":{"@type":"PropertyValueSpecification","valueRequired":true,"valueName":"search_term_string"}}],"inLanguage":"es"},{"@type":"Organization","@id":"https:\/\/www.cmalleida.com\/es\/#organization","name":"Col\u00b7legi de Mediadors d'Assegurances de Lleida","url":"https:\/\/www.cmalleida.com\/es\/","logo":{"@type":"ImageObject","inLanguage":"es","@id":"https:\/\/www.cmalleida.com\/es\/#\/schema\/logo\/image\/","url":"","contentUrl":"","caption":"Col\u00b7legi de Mediadors d'Assegurances de Lleida"},"image":{"@id":"https:\/\/www.cmalleida.com\/es\/#\/schema\/logo\/image\/"}},{"@type":"Person","@id":"https:\/\/www.cmalleida.com\/es\/#\/schema\/person\/7461453022a0d6ce41c1e530eb4443b4","name":"Antonieta Castells Dolcet","image":{"@type":"ImageObject","inLanguage":"es","@id":"https:\/\/secure.gravatar.com\/avatar\/7738df9a8ff2d12e8b37d088ff0e3e36016e57ab29e5db27ba4fb758a81ea3cb?s=96&d=mm&r=g","url":"https:\/\/secure.gravatar.com\/avatar\/7738df9a8ff2d12e8b37d088ff0e3e36016e57ab29e5db27ba4fb758a81ea3cb?s=96&d=mm&r=g","contentUrl":"https:\/\/secure.gravatar.com\/avatar\/7738df9a8ff2d12e8b37d088ff0e3e36016e57ab29e5db27ba4fb758a81ea3cb?s=96&d=mm&r=g","caption":"Antonieta Castells Dolcet"},"sameAs":["http:\/\/www.cmalleida.com"]}]}},"_links":{"self":[{"href":"https:\/\/www.cmalleida.com\/es\/wp-json\/wp\/v2\/posts\/7553","targetHints":{"allow":["GET"]}}],"collection":[{"href":"https:\/\/www.cmalleida.com\/es\/wp-json\/wp\/v2\/posts"}],"about":[{"href":"https:\/\/www.cmalleida.com\/es\/wp-json\/wp\/v2\/types\/post"}],"author":[{"embeddable":true,"href":"https:\/\/www.cmalleida.com\/es\/wp-json\/wp\/v2\/users\/149"}],"replies":[{"embeddable":true,"href":"https:\/\/www.cmalleida.com\/es\/wp-json\/wp\/v2\/comments?post=7553"}],"version-history":[{"count":1,"href":"https:\/\/www.cmalleida.com\/es\/wp-json\/wp\/v2\/posts\/7553\/revisions"}],"predecessor-version":[{"id":7554,"href":"https:\/\/www.cmalleida.com\/es\/wp-json\/wp\/v2\/posts\/7553\/revisions\/7554"}],"wp:featuredmedia":[{"embeddable":true,"href":"https:\/\/www.cmalleida.com\/es\/wp-json\/wp\/v2\/media\/1835"}],"wp:attachment":[{"href":"https:\/\/www.cmalleida.com\/es\/wp-json\/wp\/v2\/media?parent=7553"}],"wp:term":[{"taxonomy":"category","embeddable":true,"href":"https:\/\/www.cmalleida.com\/es\/wp-json\/wp\/v2\/categories?post=7553"},{"taxonomy":"post_tag","embeddable":true,"href":"https:\/\/www.cmalleida.com\/es\/wp-json\/wp\/v2\/tags?post=7553"}],"curies":[{"name":"wp","href":"https:\/\/api.w.org\/{rel}","templated":true}]}}