{"id":7386,"date":"2020-09-04T08:31:16","date_gmt":"2020-09-04T06:31:16","guid":{"rendered":"https:\/\/www.cmalleida.com\/?p=7386"},"modified":"2020-09-04T08:31:44","modified_gmt":"2020-09-04T06:31:44","slug":"el-seguro-no-ve-razones-para-el-veto-a-sus-dividendos-y-explica-que-las-pandemias-no-son-asegurables-expansion","status":"publish","type":"post","link":"https:\/\/www.cmalleida.com\/es\/el-seguro-no-ve-razones-para-el-veto-a-sus-dividendos-y-explica-que-las-pandemias-no-son-asegurables-expansion\/","title":{"rendered":"El seguro no ve razones para el &#8216;veto&#8217; a sus dividendos y explica que las pandemias no son asegurables (Expansi\u00f3n)"},"content":{"rendered":"<div class=\"ue-l-article__header ue-c-article__header\">\n<div class=\"ue-l-article__header-content\">\n<div class=\"ue-c-article__bar ue-c-article__bar--horizontal-from-tablet\">\n<ul class=\"ue-c-article__byline ue-l-article--direction-row-from-mobile\" aria-label=\"Redacci\u00f3n:\">\n<li class=\"ue-c-article__byline-item ue-l-article--direction-column-from-desktop ue-l-article--direction-row-from-mobile\">\n<div class=\"ue-c-article__byline-name\">EUROPA PRESS\u00a0 \u00a0 \u00a0Madrid\u00a0 \u00a0 \u00a0 \u00a0<strong>31 AGO. 2020\u00a0<\/strong>&#8211; 14:49<\/div>\n<\/li>\n<\/ul>\n<\/div>\n<\/div>\n<\/div>\n<div class=\"ue-l-article__body\">\n<div class=\"ue-l-article__main-column ue-l-article--minimum-content-from-tablet\">\n<div class=\"ue-c-article__body\" data-section=\"articleBody\">\n<figure class=\"ue-c-article__media ue-c-article__media--image\">\n<div class=\"ue-c-article__media-img-container ue-l-article--edge-left-n-right-until-tablet\">\n<div id=\"standard_1\" class=\"st-placement standard_1 inImage\">\n<div class=\"st-adunit st-show st-reset\">\n<div class=\"st-container st-reset\">\n<div class=\"st-adunit-ad st-reset\">\n<div class=\"st-reset\">\n<div class=\"important-styled st-canvas-container open Leaderboard display-standard f1q5ut5n\">\n<div class=\"important-styled st-canvas-el fa5yfwn\">\n<div class=\"important-styled st-canvas-container undefined f1q5ut5n\">\n<div class=\"important-styled st-canvas-el fm0931v\">\n<div class=\"important-styled st-canvas-container undefined f1q5ut5n\">\n<div class=\"important-styled st-canvas-el f1hyjdpj\">\n<div class=\"important-styled f16jls0z\">\n<h4 class=\"important-styled display-render-wrapper f16jls0z\"><em>Ser\u00e1 en 2021 cuando el sector pueda sufrir un impacto en sus ingresos.<\/em><\/h4>\n<\/div>\n<\/div>\n<\/div>\n<\/div>\n<\/div>\n<\/div>\n<\/div>\n<\/div>\n<\/div>\n<\/div>\n<\/div>\n<\/div>\n<\/div>\n<\/figure>\n<p>La presidenta de Unespa,\u00a0<strong>Pilar Gonz\u00e1lez de Frutos<\/strong>, cree que no hay razones objetivas que sustenten la recomendaci\u00f3n del supervisor de que las aseguradoras suspendan el reparto de dividendos<strong>\u00a0hasta que se clarifiquen las consecuencias de la crisis del Covid<\/strong><\/p>\n<p>As\u00ed lo ha indicado la presidenta de la patronal del seguro durante su intervenci\u00f3n en el\u00a0<strong>curso &#8216;El sistema financiero y la crisis del Covid 19&#8217; organizado por APIE y BBVA\u00a0<\/strong>en la Universidad Internacional Men\u00e9ndez Pelayo (UIMP), al tiempo que ha aprovechado para aclarar que las pandemias \u00abno son asegurables\u00bb.<\/p>\n<p>\u00abLa acci\u00f3n del supervisor instando a la suspensi\u00f3n de dividendos y recompras de acciones propias en tanto que no se aclarasen las consecuencias financieras y econ\u00f3micas es una medida, sin duda alguna, copiada o inspirada en las instrucciones que en su momento el BCE dict\u00f3 para la banca y, por tanto, es un episodio m\u00e1s de esa confusi\u00f3n que a veces existe entre entidades financieras, ya que\u00a0<strong>las aseguradoras no ten\u00edamos problemas de liquidez ni de solvencia que justificasen esa medida<\/strong>\u00ab, ha defendido.<\/p>\n<p>En su opini\u00f3n, el &#8216;veto&#8217; a los dividendos del sector asegurador deber\u00eda haberse aplicado despu\u00e9s de realizar un an\u00e1lisis caso por caso, y no de manera generalizada, porque \u00abno hab\u00eda razones objetivas que lo sustentase\u00bb.<\/p>\n<p>Por otro lado, ha aprovechado su intervenci\u00f3n para dejar claro que\u00a0<strong>las pandemias \u00abno son asegurables\u00bb<\/strong>, ya que al ser riesgos sist\u00e9micos que atacan a todos y al mismo tiempo, se impide el mecanismo del seguro, que consiste en compensar unos riesgos por otros.<\/p>\n<p>\u00abEsa mutualizaci\u00f3n del riesgo queda rota en el caso de la pandemia\u00bb, ha explicado Gonz\u00e1lez de Frutos, quien ha apuntado que s\u00ed puede se proteger de una forma diferente y por capas, de forma que la primera capa consista en la autoprotecci\u00f3n, haci\u00e9ndose cargo las empresas de las primeras semanas de impacto. En la segunda capa actuar\u00eda el seguro privado \u00abdentro de los l\u00edmites que su capacidad financiera le puede permitir\u00bb, mientras que si los da\u00f1os llegasen a desbordar ambos escalones deber\u00eda hacerse cargo del riesgo el sistema p\u00fablico.<\/p>\n<p>La presidenta de Unespa tambi\u00e9n ha explicado que\u00a0<strong>el sector rechaz\u00f3 la ayuda al seguro de cr\u00e9dito que ofreci\u00f3 el Gobierno<\/strong>, al haberse establecido un mecanismo que obligaba a la devoluci\u00f3n de las ayudas en un plazo de tiempo determinado, por lo que pasaban a convertirse en un programa de financiaci\u00f3n, en lugar de un fondo de ayuda como en otros mercados. Adem\u00e1s, considera que la dotaci\u00f3n presupuestaria era \u00abtremendamente escasa\u00bb y las condiciones econ\u00f3micas hac\u00edan la apelaci\u00f3n al fondo \u00abmuy gravosa\u00bb.<\/p>\n<p>Gonz\u00e1lez de Frutos ha advertido de que\u00a0<strong>esa \u00abfalta de sensibilidad\u00bb tendr\u00e1 consecuencias<\/strong>, pues lo que Espa\u00f1a no haga y otros mercados s\u00ed supondr\u00e1 un lastre para las empresas nacionales frente a los competidores internacionales.<\/p>\n<p>De cara al futuro, la presidenta de la patronal ha asegurado que, para salir m\u00e1s fuertes, hay que salir m\u00e1s asegurados, pues un riesgo de salud puede derivar tambi\u00e9n en riesgos de actividad, de empleo y de desarrollo personal.<\/p>\n<p>\u00abLa pr\u00f3xima vez deber\u00edamos tener m\u00e1s ahorro y unas instituciones aseguradoras fuertes y desarrolladas, capaces de inyectar recursos a largo plazo\u00bb, ha a\u00f1adido.<\/p>\n<h4 class=\"ue-c-article__subheadline\">El seguro recibir\u00e1 el impacto en 2021<\/h4>\n<p>En cuanto al impacto de la crisis del coronavirus en el sector asegurador, Gonz\u00e1lez de Frutos ha explicado que no es tanto en 2020, sino en 2021, cuando el sector se juega \u00abbuena parte de su suerte\u00bb.<\/p>\n<p>Aunque la patronal no ha realizado una previsi\u00f3n sobre la ca\u00edda de los ingresos por primas para el conjunto del a\u00f1o debido a la incertidumbre sobre las proyecciones macroecon\u00f3micas, es \u00abevidente\u00bb que el sector sufrir\u00e1 un impacto en la facturaci\u00f3n y la siniestralidad.<\/p>\n<p>\u00abDonde nos podemos jugar m\u00e1s es en el 2021, en la medida en que en la renovaci\u00f3n de los contratos es donde se pudieran producir decisiones por parte de nuestros clientes\u00bb, ha reconocido Gonz\u00e1lez de Frutos, quien ha asegurado que, en todo caso, \u00abel sector va a aguantar\u00bb, pues no ha tenido problemas de liquidez, de solvencia ni de empleo, y esas tres condiciones \u00abse van a seguir manteniendo\u00bb.<\/p>\n<\/div>\n<\/div>\n<\/div>\n","protected":false},"excerpt":{"rendered":"<p>EUROPA PRESS\u00a0 \u00a0 \u00a0Madrid\u00a0 \u00a0 \u00a0 \u00a031 AGO. 2020\u00a0&#8211; 14:49 Ser\u00e1 en 2021 cuando el sector pueda sufrir un impacto en sus ingresos. La presidenta&#8230; <a href=\"https:\/\/www.cmalleida.com\/es\/el-seguro-no-ve-razones-para-el-veto-a-sus-dividendos-y-explica-que-las-pandemias-no-son-asegurables-expansion\/\" rel=\"nofollow\" class=\"lollegirmes\">Llegeix m\u00e9s<\/a><\/p>\n","protected":false},"author":149,"featured_media":1929,"comment_status":"closed","ping_status":"closed","sticky":false,"template":"","format":"standard","meta":{"_acf_changed":false,"_genesis_hide_title":false,"_genesis_hide_breadcrumbs":false,"_genesis_hide_singular_image":false,"_genesis_hide_footer_widgets":false,"_genesis_custom_body_class":"","_genesis_custom_post_class":"","_genesis_layout":"","footnotes":""},"categories":[28],"tags":[],"class_list":{"0":"post-7386","1":"post","2":"type-post","3":"status-publish","4":"format-standard","5":"has-post-thumbnail","7":"category-actualidad","8":"entry"},"acf":[],"yoast_head":"<!-- This site is optimized with the Yoast SEO plugin v27.2 - https:\/\/yoast.com\/product\/yoast-seo-wordpress\/ -->\n<title>El seguro no ve razones para el &#039;veto&#039; a sus dividendos y explica que las pandemias no son asegurables (Expansi\u00f3n) - Col\u00b7legi de Mediadors d&#039;Assegurances de Lleida<\/title>\n<meta name=\"robots\" content=\"index, follow, max-snippet:-1, max-image-preview:large, max-video-preview:-1\" \/>\n<link rel=\"canonical\" href=\"https:\/\/www.cmalleida.com\/es\/el-seguro-no-ve-razones-para-el-veto-a-sus-dividendos-y-explica-que-las-pandemias-no-son-asegurables-expansion\/\" \/>\n<meta property=\"og:locale\" content=\"es_ES\" \/>\n<meta property=\"og:type\" content=\"article\" \/>\n<meta property=\"og:title\" content=\"El seguro no ve razones para el &#039;veto&#039; a sus dividendos y explica que las pandemias no son asegurables (Expansi\u00f3n) - Col\u00b7legi de Mediadors d&#039;Assegurances de Lleida\" \/>\n<meta property=\"og:description\" content=\"EUROPA PRESS\u00a0 \u00a0 \u00a0Madrid\u00a0 \u00a0 \u00a0 \u00a031 AGO. 2020\u00a0&#8211; 14:49 Ser\u00e1 en 2021 cuando el sector pueda sufrir un impacto en sus ingresos. La presidenta... Llegeix m\u00e9s\" \/>\n<meta property=\"og:url\" content=\"https:\/\/www.cmalleida.com\/es\/el-seguro-no-ve-razones-para-el-veto-a-sus-dividendos-y-explica-que-las-pandemias-no-son-asegurables-expansion\/\" \/>\n<meta property=\"og:site_name\" content=\"Col\u00b7legi de Mediadors d&#039;Assegurances de Lleida\" \/>\n<meta property=\"article:published_time\" content=\"2020-09-04T06:31:16+00:00\" \/>\n<meta property=\"article:modified_time\" content=\"2020-09-04T06:31:44+00:00\" \/>\n<meta property=\"og:image\" content=\"https:\/\/www.cmalleida.com\/wp-content\/uploads\/cmall-lleida-actualitat-estadistic762.jpg\" \/>\n\t<meta property=\"og:image:width\" content=\"762\" \/>\n\t<meta property=\"og:image:height\" content=\"762\" \/>\n\t<meta property=\"og:image:type\" content=\"image\/jpeg\" \/>\n<meta name=\"author\" content=\"Antonieta Castells Dolcet\" \/>\n<meta name=\"twitter:card\" content=\"summary_large_image\" \/>\n<meta name=\"twitter:label1\" content=\"Written by\" \/>\n\t<meta name=\"twitter:data1\" content=\"Antonieta Castells Dolcet\" \/>\n\t<meta name=\"twitter:label2\" content=\"Est. reading time\" \/>\n\t<meta name=\"twitter:data2\" content=\"4 minutos\" \/>\n<script type=\"application\/ld+json\" class=\"yoast-schema-graph\">{\"@context\":\"https:\/\/schema.org\",\"@graph\":[{\"@type\":\"Article\",\"@id\":\"https:\/\/www.cmalleida.com\/es\/el-seguro-no-ve-razones-para-el-veto-a-sus-dividendos-y-explica-que-las-pandemias-no-son-asegurables-expansion\/#article\",\"isPartOf\":{\"@id\":\"https:\/\/www.cmalleida.com\/es\/el-seguro-no-ve-razones-para-el-veto-a-sus-dividendos-y-explica-que-las-pandemias-no-son-asegurables-expansion\/\"},\"author\":{\"name\":\"Antonieta Castells Dolcet\",\"@id\":\"https:\/\/www.cmalleida.com\/es\/#\/schema\/person\/7461453022a0d6ce41c1e530eb4443b4\"},\"headline\":\"El seguro no ve razones para el &#8216;veto&#8217; a sus dividendos y explica que las pandemias no son asegurables (Expansi\u00f3n)\",\"datePublished\":\"2020-09-04T06:31:16+00:00\",\"dateModified\":\"2020-09-04T06:31:44+00:00\",\"mainEntityOfPage\":{\"@id\":\"https:\/\/www.cmalleida.com\/es\/el-seguro-no-ve-razones-para-el-veto-a-sus-dividendos-y-explica-que-las-pandemias-no-son-asegurables-expansion\/\"},\"wordCount\":763,\"publisher\":{\"@id\":\"https:\/\/www.cmalleida.com\/es\/#organization\"},\"image\":{\"@id\":\"https:\/\/www.cmalleida.com\/es\/el-seguro-no-ve-razones-para-el-veto-a-sus-dividendos-y-explica-que-las-pandemias-no-son-asegurables-expansion\/#primaryimage\"},\"thumbnailUrl\":\"https:\/\/www.cmalleida.com\/wp-content\/uploads\/cmall-lleida-actualitat-estadistic762.jpg\",\"articleSection\":[\"Actualidad\"],\"inLanguage\":\"es\"},{\"@type\":\"WebPage\",\"@id\":\"https:\/\/www.cmalleida.com\/es\/el-seguro-no-ve-razones-para-el-veto-a-sus-dividendos-y-explica-que-las-pandemias-no-son-asegurables-expansion\/\",\"url\":\"https:\/\/www.cmalleida.com\/es\/el-seguro-no-ve-razones-para-el-veto-a-sus-dividendos-y-explica-que-las-pandemias-no-son-asegurables-expansion\/\",\"name\":\"El seguro no ve razones para el 'veto' a sus dividendos y explica que las pandemias no son asegurables (Expansi\u00f3n) - Col\u00b7legi de Mediadors d&#039;Assegurances de Lleida\",\"isPartOf\":{\"@id\":\"https:\/\/www.cmalleida.com\/es\/#website\"},\"primaryImageOfPage\":{\"@id\":\"https:\/\/www.cmalleida.com\/es\/el-seguro-no-ve-razones-para-el-veto-a-sus-dividendos-y-explica-que-las-pandemias-no-son-asegurables-expansion\/#primaryimage\"},\"image\":{\"@id\":\"https:\/\/www.cmalleida.com\/es\/el-seguro-no-ve-razones-para-el-veto-a-sus-dividendos-y-explica-que-las-pandemias-no-son-asegurables-expansion\/#primaryimage\"},\"thumbnailUrl\":\"https:\/\/www.cmalleida.com\/wp-content\/uploads\/cmall-lleida-actualitat-estadistic762.jpg\",\"datePublished\":\"2020-09-04T06:31:16+00:00\",\"dateModified\":\"2020-09-04T06:31:44+00:00\",\"breadcrumb\":{\"@id\":\"https:\/\/www.cmalleida.com\/es\/el-seguro-no-ve-razones-para-el-veto-a-sus-dividendos-y-explica-que-las-pandemias-no-son-asegurables-expansion\/#breadcrumb\"},\"inLanguage\":\"es\",\"potentialAction\":[{\"@type\":\"ReadAction\",\"target\":[\"https:\/\/www.cmalleida.com\/es\/el-seguro-no-ve-razones-para-el-veto-a-sus-dividendos-y-explica-que-las-pandemias-no-son-asegurables-expansion\/\"]}]},{\"@type\":\"ImageObject\",\"inLanguage\":\"es\",\"@id\":\"https:\/\/www.cmalleida.com\/es\/el-seguro-no-ve-razones-para-el-veto-a-sus-dividendos-y-explica-que-las-pandemias-no-son-asegurables-expansion\/#primaryimage\",\"url\":\"https:\/\/www.cmalleida.com\/wp-content\/uploads\/cmall-lleida-actualitat-estadistic762.jpg\",\"contentUrl\":\"https:\/\/www.cmalleida.com\/wp-content\/uploads\/cmall-lleida-actualitat-estadistic762.jpg\",\"width\":762,\"height\":762,\"caption\":\"cmall-lleida-actualitat-estadistic762\"},{\"@type\":\"BreadcrumbList\",\"@id\":\"https:\/\/www.cmalleida.com\/es\/el-seguro-no-ve-razones-para-el-veto-a-sus-dividendos-y-explica-que-las-pandemias-no-son-asegurables-expansion\/#breadcrumb\",\"itemListElement\":[{\"@type\":\"ListItem\",\"position\":1,\"name\":\"Inici\",\"item\":\"https:\/\/www.cmalleida.com\/es\/\"},{\"@type\":\"ListItem\",\"position\":2,\"name\":\"El seguro no ve razones para el &#8216;veto&#8217; a sus dividendos y explica que las pandemias no son asegurables (Expansi\u00f3n)\"}]},{\"@type\":\"WebSite\",\"@id\":\"https:\/\/www.cmalleida.com\/es\/#website\",\"url\":\"https:\/\/www.cmalleida.com\/es\/\",\"name\":\"Col\u00b7legi de Mediadors d&#039;Assegurances de Lleida\",\"description\":\"Otro sitio realizado con WordPress\",\"publisher\":{\"@id\":\"https:\/\/www.cmalleida.com\/es\/#organization\"},\"potentialAction\":[{\"@type\":\"SearchAction\",\"target\":{\"@type\":\"EntryPoint\",\"urlTemplate\":\"https:\/\/www.cmalleida.com\/es\/?s={search_term_string}\"},\"query-input\":{\"@type\":\"PropertyValueSpecification\",\"valueRequired\":true,\"valueName\":\"search_term_string\"}}],\"inLanguage\":\"es\"},{\"@type\":\"Organization\",\"@id\":\"https:\/\/www.cmalleida.com\/es\/#organization\",\"name\":\"Col\u00b7legi de Mediadors d'Assegurances de Lleida\",\"url\":\"https:\/\/www.cmalleida.com\/es\/\",\"logo\":{\"@type\":\"ImageObject\",\"inLanguage\":\"es\",\"@id\":\"https:\/\/www.cmalleida.com\/es\/#\/schema\/logo\/image\/\",\"url\":\"\",\"contentUrl\":\"\",\"caption\":\"Col\u00b7legi de Mediadors d'Assegurances de Lleida\"},\"image\":{\"@id\":\"https:\/\/www.cmalleida.com\/es\/#\/schema\/logo\/image\/\"}},{\"@type\":\"Person\",\"@id\":\"https:\/\/www.cmalleida.com\/es\/#\/schema\/person\/7461453022a0d6ce41c1e530eb4443b4\",\"name\":\"Antonieta Castells Dolcet\",\"image\":{\"@type\":\"ImageObject\",\"inLanguage\":\"es\",\"@id\":\"https:\/\/secure.gravatar.com\/avatar\/7738df9a8ff2d12e8b37d088ff0e3e36016e57ab29e5db27ba4fb758a81ea3cb?s=96&d=mm&r=g\",\"url\":\"https:\/\/secure.gravatar.com\/avatar\/7738df9a8ff2d12e8b37d088ff0e3e36016e57ab29e5db27ba4fb758a81ea3cb?s=96&d=mm&r=g\",\"contentUrl\":\"https:\/\/secure.gravatar.com\/avatar\/7738df9a8ff2d12e8b37d088ff0e3e36016e57ab29e5db27ba4fb758a81ea3cb?s=96&d=mm&r=g\",\"caption\":\"Antonieta Castells Dolcet\"},\"sameAs\":[\"http:\/\/www.cmalleida.com\"]}]}<\/script>\n<!-- \/ Yoast SEO plugin. -->","yoast_head_json":{"title":"El seguro no ve razones para el 'veto' a sus dividendos y explica que las pandemias no son asegurables (Expansi\u00f3n) - Col\u00b7legi de Mediadors d&#039;Assegurances de Lleida","robots":{"index":"index","follow":"follow","max-snippet":"max-snippet:-1","max-image-preview":"max-image-preview:large","max-video-preview":"max-video-preview:-1"},"canonical":"https:\/\/www.cmalleida.com\/es\/el-seguro-no-ve-razones-para-el-veto-a-sus-dividendos-y-explica-que-las-pandemias-no-son-asegurables-expansion\/","og_locale":"es_ES","og_type":"article","og_title":"El seguro no ve razones para el 'veto' a sus dividendos y explica que las pandemias no son asegurables (Expansi\u00f3n) - Col\u00b7legi de Mediadors d&#039;Assegurances de Lleida","og_description":"EUROPA PRESS\u00a0 \u00a0 \u00a0Madrid\u00a0 \u00a0 \u00a0 \u00a031 AGO. 2020\u00a0&#8211; 14:49 Ser\u00e1 en 2021 cuando el sector pueda sufrir un impacto en sus ingresos. La presidenta... Llegeix m\u00e9s","og_url":"https:\/\/www.cmalleida.com\/es\/el-seguro-no-ve-razones-para-el-veto-a-sus-dividendos-y-explica-que-las-pandemias-no-son-asegurables-expansion\/","og_site_name":"Col\u00b7legi de Mediadors d&#039;Assegurances de Lleida","article_published_time":"2020-09-04T06:31:16+00:00","article_modified_time":"2020-09-04T06:31:44+00:00","og_image":[{"width":762,"height":762,"url":"https:\/\/www.cmalleida.com\/wp-content\/uploads\/cmall-lleida-actualitat-estadistic762.jpg","type":"image\/jpeg"}],"author":"Antonieta Castells Dolcet","twitter_card":"summary_large_image","twitter_misc":{"Written by":"Antonieta Castells Dolcet","Est. reading time":"4 minutos"},"schema":{"@context":"https:\/\/schema.org","@graph":[{"@type":"Article","@id":"https:\/\/www.cmalleida.com\/es\/el-seguro-no-ve-razones-para-el-veto-a-sus-dividendos-y-explica-que-las-pandemias-no-son-asegurables-expansion\/#article","isPartOf":{"@id":"https:\/\/www.cmalleida.com\/es\/el-seguro-no-ve-razones-para-el-veto-a-sus-dividendos-y-explica-que-las-pandemias-no-son-asegurables-expansion\/"},"author":{"name":"Antonieta Castells Dolcet","@id":"https:\/\/www.cmalleida.com\/es\/#\/schema\/person\/7461453022a0d6ce41c1e530eb4443b4"},"headline":"El seguro no ve razones para el &#8216;veto&#8217; a sus dividendos y explica que las pandemias no son asegurables (Expansi\u00f3n)","datePublished":"2020-09-04T06:31:16+00:00","dateModified":"2020-09-04T06:31:44+00:00","mainEntityOfPage":{"@id":"https:\/\/www.cmalleida.com\/es\/el-seguro-no-ve-razones-para-el-veto-a-sus-dividendos-y-explica-que-las-pandemias-no-son-asegurables-expansion\/"},"wordCount":763,"publisher":{"@id":"https:\/\/www.cmalleida.com\/es\/#organization"},"image":{"@id":"https:\/\/www.cmalleida.com\/es\/el-seguro-no-ve-razones-para-el-veto-a-sus-dividendos-y-explica-que-las-pandemias-no-son-asegurables-expansion\/#primaryimage"},"thumbnailUrl":"https:\/\/www.cmalleida.com\/wp-content\/uploads\/cmall-lleida-actualitat-estadistic762.jpg","articleSection":["Actualidad"],"inLanguage":"es"},{"@type":"WebPage","@id":"https:\/\/www.cmalleida.com\/es\/el-seguro-no-ve-razones-para-el-veto-a-sus-dividendos-y-explica-que-las-pandemias-no-son-asegurables-expansion\/","url":"https:\/\/www.cmalleida.com\/es\/el-seguro-no-ve-razones-para-el-veto-a-sus-dividendos-y-explica-que-las-pandemias-no-son-asegurables-expansion\/","name":"El seguro no ve razones para el 'veto' a sus dividendos y explica que las pandemias no son asegurables (Expansi\u00f3n) - Col\u00b7legi de Mediadors d&#039;Assegurances de Lleida","isPartOf":{"@id":"https:\/\/www.cmalleida.com\/es\/#website"},"primaryImageOfPage":{"@id":"https:\/\/www.cmalleida.com\/es\/el-seguro-no-ve-razones-para-el-veto-a-sus-dividendos-y-explica-que-las-pandemias-no-son-asegurables-expansion\/#primaryimage"},"image":{"@id":"https:\/\/www.cmalleida.com\/es\/el-seguro-no-ve-razones-para-el-veto-a-sus-dividendos-y-explica-que-las-pandemias-no-son-asegurables-expansion\/#primaryimage"},"thumbnailUrl":"https:\/\/www.cmalleida.com\/wp-content\/uploads\/cmall-lleida-actualitat-estadistic762.jpg","datePublished":"2020-09-04T06:31:16+00:00","dateModified":"2020-09-04T06:31:44+00:00","breadcrumb":{"@id":"https:\/\/www.cmalleida.com\/es\/el-seguro-no-ve-razones-para-el-veto-a-sus-dividendos-y-explica-que-las-pandemias-no-son-asegurables-expansion\/#breadcrumb"},"inLanguage":"es","potentialAction":[{"@type":"ReadAction","target":["https:\/\/www.cmalleida.com\/es\/el-seguro-no-ve-razones-para-el-veto-a-sus-dividendos-y-explica-que-las-pandemias-no-son-asegurables-expansion\/"]}]},{"@type":"ImageObject","inLanguage":"es","@id":"https:\/\/www.cmalleida.com\/es\/el-seguro-no-ve-razones-para-el-veto-a-sus-dividendos-y-explica-que-las-pandemias-no-son-asegurables-expansion\/#primaryimage","url":"https:\/\/www.cmalleida.com\/wp-content\/uploads\/cmall-lleida-actualitat-estadistic762.jpg","contentUrl":"https:\/\/www.cmalleida.com\/wp-content\/uploads\/cmall-lleida-actualitat-estadistic762.jpg","width":762,"height":762,"caption":"cmall-lleida-actualitat-estadistic762"},{"@type":"BreadcrumbList","@id":"https:\/\/www.cmalleida.com\/es\/el-seguro-no-ve-razones-para-el-veto-a-sus-dividendos-y-explica-que-las-pandemias-no-son-asegurables-expansion\/#breadcrumb","itemListElement":[{"@type":"ListItem","position":1,"name":"Inici","item":"https:\/\/www.cmalleida.com\/es\/"},{"@type":"ListItem","position":2,"name":"El seguro no ve razones para el &#8216;veto&#8217; a sus dividendos y explica que las pandemias no son asegurables (Expansi\u00f3n)"}]},{"@type":"WebSite","@id":"https:\/\/www.cmalleida.com\/es\/#website","url":"https:\/\/www.cmalleida.com\/es\/","name":"Col\u00b7legi de Mediadors d&#039;Assegurances de Lleida","description":"Otro sitio realizado con WordPress","publisher":{"@id":"https:\/\/www.cmalleida.com\/es\/#organization"},"potentialAction":[{"@type":"SearchAction","target":{"@type":"EntryPoint","urlTemplate":"https:\/\/www.cmalleida.com\/es\/?s={search_term_string}"},"query-input":{"@type":"PropertyValueSpecification","valueRequired":true,"valueName":"search_term_string"}}],"inLanguage":"es"},{"@type":"Organization","@id":"https:\/\/www.cmalleida.com\/es\/#organization","name":"Col\u00b7legi de Mediadors d'Assegurances de Lleida","url":"https:\/\/www.cmalleida.com\/es\/","logo":{"@type":"ImageObject","inLanguage":"es","@id":"https:\/\/www.cmalleida.com\/es\/#\/schema\/logo\/image\/","url":"","contentUrl":"","caption":"Col\u00b7legi de Mediadors d'Assegurances de Lleida"},"image":{"@id":"https:\/\/www.cmalleida.com\/es\/#\/schema\/logo\/image\/"}},{"@type":"Person","@id":"https:\/\/www.cmalleida.com\/es\/#\/schema\/person\/7461453022a0d6ce41c1e530eb4443b4","name":"Antonieta Castells Dolcet","image":{"@type":"ImageObject","inLanguage":"es","@id":"https:\/\/secure.gravatar.com\/avatar\/7738df9a8ff2d12e8b37d088ff0e3e36016e57ab29e5db27ba4fb758a81ea3cb?s=96&d=mm&r=g","url":"https:\/\/secure.gravatar.com\/avatar\/7738df9a8ff2d12e8b37d088ff0e3e36016e57ab29e5db27ba4fb758a81ea3cb?s=96&d=mm&r=g","contentUrl":"https:\/\/secure.gravatar.com\/avatar\/7738df9a8ff2d12e8b37d088ff0e3e36016e57ab29e5db27ba4fb758a81ea3cb?s=96&d=mm&r=g","caption":"Antonieta Castells Dolcet"},"sameAs":["http:\/\/www.cmalleida.com"]}]}},"_links":{"self":[{"href":"https:\/\/www.cmalleida.com\/es\/wp-json\/wp\/v2\/posts\/7386","targetHints":{"allow":["GET"]}}],"collection":[{"href":"https:\/\/www.cmalleida.com\/es\/wp-json\/wp\/v2\/posts"}],"about":[{"href":"https:\/\/www.cmalleida.com\/es\/wp-json\/wp\/v2\/types\/post"}],"author":[{"embeddable":true,"href":"https:\/\/www.cmalleida.com\/es\/wp-json\/wp\/v2\/users\/149"}],"replies":[{"embeddable":true,"href":"https:\/\/www.cmalleida.com\/es\/wp-json\/wp\/v2\/comments?post=7386"}],"version-history":[{"count":1,"href":"https:\/\/www.cmalleida.com\/es\/wp-json\/wp\/v2\/posts\/7386\/revisions"}],"predecessor-version":[{"id":7387,"href":"https:\/\/www.cmalleida.com\/es\/wp-json\/wp\/v2\/posts\/7386\/revisions\/7387"}],"wp:featuredmedia":[{"embeddable":true,"href":"https:\/\/www.cmalleida.com\/es\/wp-json\/wp\/v2\/media\/1929"}],"wp:attachment":[{"href":"https:\/\/www.cmalleida.com\/es\/wp-json\/wp\/v2\/media?parent=7386"}],"wp:term":[{"taxonomy":"category","embeddable":true,"href":"https:\/\/www.cmalleida.com\/es\/wp-json\/wp\/v2\/categories?post=7386"},{"taxonomy":"post_tag","embeddable":true,"href":"https:\/\/www.cmalleida.com\/es\/wp-json\/wp\/v2\/tags?post=7386"}],"curies":[{"name":"wp","href":"https:\/\/api.w.org\/{rel}","templated":true}]}}