{"id":7316,"date":"2020-08-28T08:52:56","date_gmt":"2020-08-28T06:52:56","guid":{"rendered":"https:\/\/www.cmalleida.com\/?p=7316"},"modified":"2020-08-28T08:52:56","modified_gmt":"2020-08-28T06:52:56","slug":"incidencia-del-virus-en-las-fusiones-y-adquisiciones-y-en-sus-seguros-de-cobertura-el-confidencial","status":"publish","type":"post","link":"https:\/\/www.cmalleida.com\/es\/incidencia-del-virus-en-las-fusiones-y-adquisiciones-y-en-sus-seguros-de-cobertura-el-confidencial\/","title":{"rendered":"Incidencia del virus en las fusiones y adquisiciones y en sus seguros de cobertura (El Confidencial)"},"content":{"rendered":"<div class=\"news-header\">\n<div class=\"news-header-center\">\n<div class=\"news-header-tit-box\">\n<h4 class=\"news-header-opening-txt\">Cuando todo apuntaba a que este ser\u00eda un buen a\u00f1o en la inversi\u00f3n en Espa\u00f1a, la pandemia ha echado por tierra todas las previsiones. El desastre podr\u00eda ser peor de lo esperado<\/h4>\n<\/div>\n<div class=\"news-header-media\">\n<div class=\"news-header-figure-small\">\n<figure class=\"news-header-img-figure\"><figcaption class=\"news-header-img-caption\"><a class=\"news-def-author\" title=\"Noticias de Javier Goizueta\" href=\"https:\/\/www.elconfidencial.com\/autores\/javier-goizueta-3403\/\">JAVIER GOIZUETA\u00a0\u00a0\u00a0\u00a0\u00a0<\/a><span class=\"date-act\">12\/08\/2020 05:00<\/span>\u00a0&#8211;\u00a0<span class=\"news-def-date-updated \">ACTUALIZADO: 12\/08\/2020 07:49<\/span><\/figcaption><\/figure>\n<\/div>\n<\/div>\n<\/div>\n<\/div>\n<div class=\"news-body\" data-scroll-percent=\"scrollPercent\">\n<div class=\"news-body-default\">\n<div id=\"news-body-center\" class=\"news-body-center cms-format \">\n<div class=\"news-body-date\">\n<div class=\"advanced\">Mientras el Gobierno se sent\u00eda arropado y navegaba \u201ctranquilamente\u201d (y parece que lo sigue haciendo) al socaire de la crisis que el covid causaba en todos los pa\u00edses desarrollados, y Espa\u00f1a no iba a ser menos, la <strong><a href=\"https:\/\/www.elconfidencial.com\/economia\/2020-08-10\/ocde-espana-podria-quedarse-margen-recuperacion_2709836\/\" target=\"_self\" rel=\"noopener noreferrer\">OCDE y todos los indicadores iban empeorando paulatinamente las previsiones para Espa\u00f1a<\/a><\/strong>, tanto en t\u00e9rminos absolutos (<a href=\"https:\/\/www.elconfidencial.com\/economia\/2020-07-31\/pib-espana-segundo-trimestre-desplome-18-5_2701432\/\" target=\"_self\" rel=\"noopener noreferrer\">ca\u00edda hist\u00f3rica del PIB del 18,5% en el segundo trimestre del a\u00f1o<\/a>), como en t\u00e9rminos relativos, en comparaci\u00f3n con la situaci\u00f3n y previsiones para otros pa\u00edses.<\/div>\n<\/div>\n<p>Hace tan solo tres d\u00edas, la OCDE anunciaba que la econom\u00eda espa\u00f1ola mostraba signos de debilidad, y que nuestro pa\u00eds podr\u00eda quedar descolgado de la recuperaci\u00f3n econ\u00f3mica, recuperaci\u00f3n que s\u00ed experimentar\u00e1n &#8211;<strong>ya lo est\u00e1n haciendo- el resto de pa\u00edses desarrollados<\/strong>.<\/p>\n<p>Como a tantos otros sectores, esta crisis ha afectado tambi\u00e9n, y muy significativamente, a la inversi\u00f3n en Espa\u00f1a, y en concreto al n\u00famero y volumen de las operaciones de fusi\u00f3n y adquisici\u00f3n de empresas (M&amp;A, por sus siglas en ingl\u00e9s).<\/p>\n<article class=\"article-related h-related\" data-related-analytic-event=\"\"><\/article>\n<p>El mercado de fusiones y adquisiciones ha alcanzado un crecimiento notable en los \u00faltimos a\u00f1os. La empresa espa\u00f1ola es atractiva para el inversor extranjero, que seg\u00fan los informes de la Asociaci\u00f3n Espa\u00f1ola de Capital Riesgo (ASCRI), el pasado a\u00f1o 2019 realiz\u00f3\u00a0<strong>aproximadamente el 80% del volumen de inversi\u00f3n en capital riesgo en nuestro pa\u00eds<\/strong>. Por tercer a\u00f1o consecutivo se bat\u00eda un r\u00e9cord hist\u00f3rico en el volumen de inversi\u00f3n en Espa\u00f1a.<\/p>\n<p>La crisis provocada por el coronavirus ha frenado bruscamente esta evoluci\u00f3n tan positiva, y el volumen de operaciones de M&amp;A ha descendido a niveles de hace una d\u00e9cada. Seg\u00fan datos publicados por el Instituto de Capital Riesgo el pasado mes de julio, las\u00a0<strong>inversiones se redujeron un 17% en el primer semestre de 2020<\/strong>\u00a0con respecto a las materializadas en 2019. Por su parte, el \u00faltimo informe trimestral de M&amp;A de Transactional Track Record (TTR), apunta que el n\u00famero de operaciones de fusi\u00f3n y adquisici\u00f3n cay\u00f3 en Espa\u00f1a un 30% respecto a las cifras del a\u00f1o anterior.<\/p>\n<p>Hasta hace unas semanas se esperaba, no obstante, un\u00a0<a href=\"https:\/\/www.elconfidencial.com\/mercados\/2020-08-08\/fondos-gestoras-internacionales-carteras-espanolas_2708408\/\" target=\"_self\" rel=\"noopener noreferrer\">repunte importante en la inversi\u00f3n para la adquisici\u00f3n de empresas en Espa\u00f1a<\/a>, pues los fondos tienen gran liquidez y est\u00e1n ansiosos por encontrar oportunidades de negocio.<\/p>\n<p><strong><span class=\"summary block-summary\">Los actores principales est\u00e1n a la expectativa de la evoluci\u00f3n de la pandemia y el mercado, y el anuncio de OCDE de que Espa\u00f1a queda a la cola no ayuda<\/span><\/strong><\/p>\n<p>Los actores principales est\u00e1n a la expectativa de la evoluci\u00f3n de la pandemia y del mercado, y el anuncio de la OCDE de que Espa\u00f1a podr\u00eda quedar no ya a la cola, sino al margen de una pr\u00f3xima recuperaci\u00f3n econ\u00f3mica, no ayuda. Los m\u00e1s optimistas\u00a0<strong>mantienen su previsi\u00f3n de que podr\u00eda haber un aumento de las fusiones y adquisiciones<\/strong>\u00a0en el \u00faltimo trimestre del a\u00f1o, aunque este horizonte parece hoy m\u00e1s lejano que hace tan solo unos d\u00edas.<\/p>\n<p>S\u00ed se espera, no obstante, que esta crisis traiga consigo un amento relativo en el n\u00famero de seguros de manifestaciones y garant\u00edas que se suscriben.<\/p>\n<p>El seguro de manifestaciones y garant\u00edas (de W&amp;I o de R&amp;W, por sus siglas en ingl\u00e9s), tambi\u00e9n llamado de fusiones y adquisiciones o de M&amp;A, tiene un origen relativamente reciente. Nacido en Estados Unidos a finales del siglo pasado, por medio de este seguro\u00a0<strong>se traslada a la compa\u00f1\u00eda aseguradora el riesgo que tiene el comprador<\/strong>\u00a0(normalmente asegurado) ante la falta de veracidad o el incumplimiento del vendedor de las manifestaciones y garant\u00edas que realiza en el contrato de compraventa de empresa (manifestaciones y garant\u00edas que no son otra cosa que las declaraciones que el vendedor realiza en el propio contrato de compraventa sobre el estado de la empresa que vende).<\/p>\n<article class=\"article-related h-related\" data-related-analytic-event=\"\">\n<div class=\"text-related\">En nuestro pa\u00eds, el seguro se introdujo hace poco m\u00e1s de 10 a\u00f1os, y aunque su utilizaci\u00f3n ha experimentado recientemente un crecimiento importante, a\u00fan hoy <strong>sigue siendo un seguro relativamente desconocido y poco utilizado<\/strong>, a pesar de las indudables ventajas que ofrece, pues favorece la operaci\u00f3n de adquisici\u00f3n y proporciona al comprador -y al resto de intervinientes en la transacci\u00f3n- un indudable confort.<\/div>\n<\/article>\n<p>Las p\u00f3lizas de seguro de M&amp;A han venido en la pr\u00e1ctica a sustituir a otras formas de garant\u00eda, pues teniendo el comprador cubiertos por la compa\u00f1\u00eda de seguros determinados riesgos que comporta la adquisici\u00f3n, ya no necesitar\u00e1 fianzas, prendas o retener parte del precio para asegurarse que queda indemne ante una falsedad del vendedor de sus manifestaciones.<\/p>\n<p><strong><span class=\"summary block-summary\">La crisis conllevar\u00e1 un previsible aumento en las reclamaciones derivadas de la adquisici\u00f3n de empresas y los inversores se adaptar\u00e1n<\/span><\/strong><\/p>\n<p>Cu\u00e1ndo y c\u00f3mo se produzca la recuperaci\u00f3n del mercado de fusiones y adquisiciones en Espa\u00f1a es una incertidumbre. Pero lo que es previsible es que la actual situaci\u00f3n de crisis provocada por la pandemia afecte positivamente a los seguros de M&amp;A,\u00a0<strong>paralelamente con la recuperaci\u00f3n de la inversi\u00f3n en Espa\u00f1a<\/strong>. La crisis conllevar\u00e1 un previsible aumento en las reclamaciones derivadas de la adquisici\u00f3n de empresas, por un lado, y por otro, los inversores se adaptar\u00e1n a la situaci\u00f3n de mercado en busca de oportunidades, y cerrar\u00e1n transacciones referidas a empresas en crisis o a activos de sociedades en situaci\u00f3n concursal.<\/p>\n<p>Este entorno de crisis e incertidumbre\u00a0<strong>podr\u00eda favorecer en \u00faltima instancia las inversiones en Espa\u00f1a<\/strong>, pues a la gran liquidez que tienen los fondos de inversi\u00f3n, se a\u00f1ade la posibilidad de encontrar buenas oportunidades en empresas espa\u00f1olas, lo cual, a su vez, significar\u00e1 un impulso importante para los seguros de M&amp;A, dada la mayor predisposici\u00f3n que tendr\u00e1n los compradores a asegurar los riesgos derivados de la adquisici\u00f3n, teniendo adem\u00e1s en cuenta la falta de garant\u00edas que el vendedor de una empresa en crisis puede ofrecer.<\/p>\n<\/div>\n<\/div>\n<\/div>\n","protected":false},"excerpt":{"rendered":"<p>Cuando todo apuntaba a que este ser\u00eda un buen a\u00f1o en la inversi\u00f3n en Espa\u00f1a, la pandemia ha echado por tierra todas las previsiones. El&#8230; <a href=\"https:\/\/www.cmalleida.com\/es\/incidencia-del-virus-en-las-fusiones-y-adquisiciones-y-en-sus-seguros-de-cobertura-el-confidencial\/\" rel=\"nofollow\" class=\"lollegirmes\">Llegeix m\u00e9s<\/a><\/p>\n","protected":false},"author":149,"featured_media":1847,"comment_status":"closed","ping_status":"closed","sticky":false,"template":"","format":"standard","meta":{"_acf_changed":false,"_genesis_hide_title":false,"_genesis_hide_breadcrumbs":false,"_genesis_hide_singular_image":false,"_genesis_hide_footer_widgets":false,"_genesis_custom_body_class":"","_genesis_custom_post_class":"","_genesis_layout":"","footnotes":""},"categories":[28,96],"tags":[],"class_list":{"0":"post-7316","1":"post","2":"type-post","3":"status-publish","4":"format-standard","5":"has-post-thumbnail","7":"category-actualidad","8":"category-seguros","9":"entry"},"acf":[],"yoast_head":"<!-- This site is optimized with the Yoast SEO plugin v27.2 - https:\/\/yoast.com\/product\/yoast-seo-wordpress\/ -->\n<title>Incidencia del virus en las fusiones y adquisiciones y en sus seguros de cobertura (El Confidencial) - Col\u00b7legi de Mediadors d&#039;Assegurances de Lleida<\/title>\n<meta name=\"robots\" content=\"index, follow, max-snippet:-1, max-image-preview:large, max-video-preview:-1\" \/>\n<link rel=\"canonical\" href=\"https:\/\/www.cmalleida.com\/es\/incidencia-del-virus-en-las-fusiones-y-adquisiciones-y-en-sus-seguros-de-cobertura-el-confidencial\/\" \/>\n<meta property=\"og:locale\" content=\"es_ES\" \/>\n<meta property=\"og:type\" content=\"article\" \/>\n<meta property=\"og:title\" content=\"Incidencia del virus en las fusiones y adquisiciones y en sus seguros de cobertura (El Confidencial) - Col\u00b7legi de Mediadors d&#039;Assegurances de Lleida\" \/>\n<meta property=\"og:description\" content=\"Cuando todo apuntaba a que este ser\u00eda un buen a\u00f1o en la inversi\u00f3n en Espa\u00f1a, la pandemia ha echado por tierra todas las previsiones. El... Llegeix m\u00e9s\" \/>\n<meta property=\"og:url\" content=\"https:\/\/www.cmalleida.com\/es\/incidencia-del-virus-en-las-fusiones-y-adquisiciones-y-en-sus-seguros-de-cobertura-el-confidencial\/\" \/>\n<meta property=\"og:site_name\" content=\"Col\u00b7legi de Mediadors d&#039;Assegurances de Lleida\" \/>\n<meta property=\"article:published_time\" content=\"2020-08-28T06:52:56+00:00\" \/>\n<meta property=\"og:image\" content=\"https:\/\/www.cmalleida.com\/wp-content\/uploads\/cmall-lleida-treballadors762.jpg\" \/>\n\t<meta property=\"og:image:width\" content=\"762\" \/>\n\t<meta property=\"og:image:height\" content=\"762\" \/>\n\t<meta property=\"og:image:type\" content=\"image\/jpeg\" \/>\n<meta name=\"author\" content=\"Antonieta Castells Dolcet\" \/>\n<meta name=\"twitter:card\" content=\"summary_large_image\" \/>\n<meta name=\"twitter:label1\" content=\"Written by\" \/>\n\t<meta name=\"twitter:data1\" content=\"Antonieta Castells Dolcet\" \/>\n\t<meta name=\"twitter:label2\" content=\"Est. reading time\" \/>\n\t<meta name=\"twitter:data2\" content=\"5 minutos\" \/>\n<script type=\"application\/ld+json\" class=\"yoast-schema-graph\">{\"@context\":\"https:\/\/schema.org\",\"@graph\":[{\"@type\":\"Article\",\"@id\":\"https:\/\/www.cmalleida.com\/es\/incidencia-del-virus-en-las-fusiones-y-adquisiciones-y-en-sus-seguros-de-cobertura-el-confidencial\/#article\",\"isPartOf\":{\"@id\":\"https:\/\/www.cmalleida.com\/es\/incidencia-del-virus-en-las-fusiones-y-adquisiciones-y-en-sus-seguros-de-cobertura-el-confidencial\/\"},\"author\":{\"name\":\"Antonieta Castells Dolcet\",\"@id\":\"https:\/\/www.cmalleida.com\/es\/#\/schema\/person\/7461453022a0d6ce41c1e530eb4443b4\"},\"headline\":\"Incidencia del virus en las fusiones y adquisiciones y en sus seguros de cobertura (El Confidencial)\",\"datePublished\":\"2020-08-28T06:52:56+00:00\",\"mainEntityOfPage\":{\"@id\":\"https:\/\/www.cmalleida.com\/es\/incidencia-del-virus-en-las-fusiones-y-adquisiciones-y-en-sus-seguros-de-cobertura-el-confidencial\/\"},\"wordCount\":1115,\"publisher\":{\"@id\":\"https:\/\/www.cmalleida.com\/es\/#organization\"},\"image\":{\"@id\":\"https:\/\/www.cmalleida.com\/es\/incidencia-del-virus-en-las-fusiones-y-adquisiciones-y-en-sus-seguros-de-cobertura-el-confidencial\/#primaryimage\"},\"thumbnailUrl\":\"https:\/\/www.cmalleida.com\/wp-content\/uploads\/cmall-lleida-treballadors762.jpg\",\"articleSection\":[\"Actualidad\",\"Seguros\"],\"inLanguage\":\"es\"},{\"@type\":\"WebPage\",\"@id\":\"https:\/\/www.cmalleida.com\/es\/incidencia-del-virus-en-las-fusiones-y-adquisiciones-y-en-sus-seguros-de-cobertura-el-confidencial\/\",\"url\":\"https:\/\/www.cmalleida.com\/es\/incidencia-del-virus-en-las-fusiones-y-adquisiciones-y-en-sus-seguros-de-cobertura-el-confidencial\/\",\"name\":\"Incidencia del virus en las fusiones y adquisiciones y en sus seguros de cobertura (El Confidencial) - Col\u00b7legi de Mediadors d&#039;Assegurances de Lleida\",\"isPartOf\":{\"@id\":\"https:\/\/www.cmalleida.com\/es\/#website\"},\"primaryImageOfPage\":{\"@id\":\"https:\/\/www.cmalleida.com\/es\/incidencia-del-virus-en-las-fusiones-y-adquisiciones-y-en-sus-seguros-de-cobertura-el-confidencial\/#primaryimage\"},\"image\":{\"@id\":\"https:\/\/www.cmalleida.com\/es\/incidencia-del-virus-en-las-fusiones-y-adquisiciones-y-en-sus-seguros-de-cobertura-el-confidencial\/#primaryimage\"},\"thumbnailUrl\":\"https:\/\/www.cmalleida.com\/wp-content\/uploads\/cmall-lleida-treballadors762.jpg\",\"datePublished\":\"2020-08-28T06:52:56+00:00\",\"breadcrumb\":{\"@id\":\"https:\/\/www.cmalleida.com\/es\/incidencia-del-virus-en-las-fusiones-y-adquisiciones-y-en-sus-seguros-de-cobertura-el-confidencial\/#breadcrumb\"},\"inLanguage\":\"es\",\"potentialAction\":[{\"@type\":\"ReadAction\",\"target\":[\"https:\/\/www.cmalleida.com\/es\/incidencia-del-virus-en-las-fusiones-y-adquisiciones-y-en-sus-seguros-de-cobertura-el-confidencial\/\"]}]},{\"@type\":\"ImageObject\",\"inLanguage\":\"es\",\"@id\":\"https:\/\/www.cmalleida.com\/es\/incidencia-del-virus-en-las-fusiones-y-adquisiciones-y-en-sus-seguros-de-cobertura-el-confidencial\/#primaryimage\",\"url\":\"https:\/\/www.cmalleida.com\/wp-content\/uploads\/cmall-lleida-treballadors762.jpg\",\"contentUrl\":\"https:\/\/www.cmalleida.com\/wp-content\/uploads\/cmall-lleida-treballadors762.jpg\",\"width\":762,\"height\":762,\"caption\":\"cmall-lleida-treballadors762\"},{\"@type\":\"BreadcrumbList\",\"@id\":\"https:\/\/www.cmalleida.com\/es\/incidencia-del-virus-en-las-fusiones-y-adquisiciones-y-en-sus-seguros-de-cobertura-el-confidencial\/#breadcrumb\",\"itemListElement\":[{\"@type\":\"ListItem\",\"position\":1,\"name\":\"Inici\",\"item\":\"https:\/\/www.cmalleida.com\/es\/\"},{\"@type\":\"ListItem\",\"position\":2,\"name\":\"Incidencia del virus en las fusiones y adquisiciones y en sus seguros de cobertura (El Confidencial)\"}]},{\"@type\":\"WebSite\",\"@id\":\"https:\/\/www.cmalleida.com\/es\/#website\",\"url\":\"https:\/\/www.cmalleida.com\/es\/\",\"name\":\"Col\u00b7legi de Mediadors d&#039;Assegurances de Lleida\",\"description\":\"Otro sitio realizado con WordPress\",\"publisher\":{\"@id\":\"https:\/\/www.cmalleida.com\/es\/#organization\"},\"potentialAction\":[{\"@type\":\"SearchAction\",\"target\":{\"@type\":\"EntryPoint\",\"urlTemplate\":\"https:\/\/www.cmalleida.com\/es\/?s={search_term_string}\"},\"query-input\":{\"@type\":\"PropertyValueSpecification\",\"valueRequired\":true,\"valueName\":\"search_term_string\"}}],\"inLanguage\":\"es\"},{\"@type\":\"Organization\",\"@id\":\"https:\/\/www.cmalleida.com\/es\/#organization\",\"name\":\"Col\u00b7legi de Mediadors d'Assegurances de Lleida\",\"url\":\"https:\/\/www.cmalleida.com\/es\/\",\"logo\":{\"@type\":\"ImageObject\",\"inLanguage\":\"es\",\"@id\":\"https:\/\/www.cmalleida.com\/es\/#\/schema\/logo\/image\/\",\"url\":\"\",\"contentUrl\":\"\",\"caption\":\"Col\u00b7legi de Mediadors d'Assegurances de Lleida\"},\"image\":{\"@id\":\"https:\/\/www.cmalleida.com\/es\/#\/schema\/logo\/image\/\"}},{\"@type\":\"Person\",\"@id\":\"https:\/\/www.cmalleida.com\/es\/#\/schema\/person\/7461453022a0d6ce41c1e530eb4443b4\",\"name\":\"Antonieta Castells Dolcet\",\"image\":{\"@type\":\"ImageObject\",\"inLanguage\":\"es\",\"@id\":\"https:\/\/secure.gravatar.com\/avatar\/7738df9a8ff2d12e8b37d088ff0e3e36016e57ab29e5db27ba4fb758a81ea3cb?s=96&d=mm&r=g\",\"url\":\"https:\/\/secure.gravatar.com\/avatar\/7738df9a8ff2d12e8b37d088ff0e3e36016e57ab29e5db27ba4fb758a81ea3cb?s=96&d=mm&r=g\",\"contentUrl\":\"https:\/\/secure.gravatar.com\/avatar\/7738df9a8ff2d12e8b37d088ff0e3e36016e57ab29e5db27ba4fb758a81ea3cb?s=96&d=mm&r=g\",\"caption\":\"Antonieta Castells Dolcet\"},\"sameAs\":[\"http:\/\/www.cmalleida.com\"]}]}<\/script>\n<!-- \/ Yoast SEO plugin. -->","yoast_head_json":{"title":"Incidencia del virus en las fusiones y adquisiciones y en sus seguros de cobertura (El Confidencial) - Col\u00b7legi de Mediadors d&#039;Assegurances de Lleida","robots":{"index":"index","follow":"follow","max-snippet":"max-snippet:-1","max-image-preview":"max-image-preview:large","max-video-preview":"max-video-preview:-1"},"canonical":"https:\/\/www.cmalleida.com\/es\/incidencia-del-virus-en-las-fusiones-y-adquisiciones-y-en-sus-seguros-de-cobertura-el-confidencial\/","og_locale":"es_ES","og_type":"article","og_title":"Incidencia del virus en las fusiones y adquisiciones y en sus seguros de cobertura (El Confidencial) - Col\u00b7legi de Mediadors d&#039;Assegurances de Lleida","og_description":"Cuando todo apuntaba a que este ser\u00eda un buen a\u00f1o en la inversi\u00f3n en Espa\u00f1a, la pandemia ha echado por tierra todas las previsiones. El... Llegeix m\u00e9s","og_url":"https:\/\/www.cmalleida.com\/es\/incidencia-del-virus-en-las-fusiones-y-adquisiciones-y-en-sus-seguros-de-cobertura-el-confidencial\/","og_site_name":"Col\u00b7legi de Mediadors d&#039;Assegurances de Lleida","article_published_time":"2020-08-28T06:52:56+00:00","og_image":[{"width":762,"height":762,"url":"https:\/\/www.cmalleida.com\/wp-content\/uploads\/cmall-lleida-treballadors762.jpg","type":"image\/jpeg"}],"author":"Antonieta Castells Dolcet","twitter_card":"summary_large_image","twitter_misc":{"Written by":"Antonieta Castells Dolcet","Est. reading time":"5 minutos"},"schema":{"@context":"https:\/\/schema.org","@graph":[{"@type":"Article","@id":"https:\/\/www.cmalleida.com\/es\/incidencia-del-virus-en-las-fusiones-y-adquisiciones-y-en-sus-seguros-de-cobertura-el-confidencial\/#article","isPartOf":{"@id":"https:\/\/www.cmalleida.com\/es\/incidencia-del-virus-en-las-fusiones-y-adquisiciones-y-en-sus-seguros-de-cobertura-el-confidencial\/"},"author":{"name":"Antonieta Castells Dolcet","@id":"https:\/\/www.cmalleida.com\/es\/#\/schema\/person\/7461453022a0d6ce41c1e530eb4443b4"},"headline":"Incidencia del virus en las fusiones y adquisiciones y en sus seguros de cobertura (El Confidencial)","datePublished":"2020-08-28T06:52:56+00:00","mainEntityOfPage":{"@id":"https:\/\/www.cmalleida.com\/es\/incidencia-del-virus-en-las-fusiones-y-adquisiciones-y-en-sus-seguros-de-cobertura-el-confidencial\/"},"wordCount":1115,"publisher":{"@id":"https:\/\/www.cmalleida.com\/es\/#organization"},"image":{"@id":"https:\/\/www.cmalleida.com\/es\/incidencia-del-virus-en-las-fusiones-y-adquisiciones-y-en-sus-seguros-de-cobertura-el-confidencial\/#primaryimage"},"thumbnailUrl":"https:\/\/www.cmalleida.com\/wp-content\/uploads\/cmall-lleida-treballadors762.jpg","articleSection":["Actualidad","Seguros"],"inLanguage":"es"},{"@type":"WebPage","@id":"https:\/\/www.cmalleida.com\/es\/incidencia-del-virus-en-las-fusiones-y-adquisiciones-y-en-sus-seguros-de-cobertura-el-confidencial\/","url":"https:\/\/www.cmalleida.com\/es\/incidencia-del-virus-en-las-fusiones-y-adquisiciones-y-en-sus-seguros-de-cobertura-el-confidencial\/","name":"Incidencia del virus en las fusiones y adquisiciones y en sus seguros de cobertura (El Confidencial) - Col\u00b7legi de Mediadors d&#039;Assegurances de Lleida","isPartOf":{"@id":"https:\/\/www.cmalleida.com\/es\/#website"},"primaryImageOfPage":{"@id":"https:\/\/www.cmalleida.com\/es\/incidencia-del-virus-en-las-fusiones-y-adquisiciones-y-en-sus-seguros-de-cobertura-el-confidencial\/#primaryimage"},"image":{"@id":"https:\/\/www.cmalleida.com\/es\/incidencia-del-virus-en-las-fusiones-y-adquisiciones-y-en-sus-seguros-de-cobertura-el-confidencial\/#primaryimage"},"thumbnailUrl":"https:\/\/www.cmalleida.com\/wp-content\/uploads\/cmall-lleida-treballadors762.jpg","datePublished":"2020-08-28T06:52:56+00:00","breadcrumb":{"@id":"https:\/\/www.cmalleida.com\/es\/incidencia-del-virus-en-las-fusiones-y-adquisiciones-y-en-sus-seguros-de-cobertura-el-confidencial\/#breadcrumb"},"inLanguage":"es","potentialAction":[{"@type":"ReadAction","target":["https:\/\/www.cmalleida.com\/es\/incidencia-del-virus-en-las-fusiones-y-adquisiciones-y-en-sus-seguros-de-cobertura-el-confidencial\/"]}]},{"@type":"ImageObject","inLanguage":"es","@id":"https:\/\/www.cmalleida.com\/es\/incidencia-del-virus-en-las-fusiones-y-adquisiciones-y-en-sus-seguros-de-cobertura-el-confidencial\/#primaryimage","url":"https:\/\/www.cmalleida.com\/wp-content\/uploads\/cmall-lleida-treballadors762.jpg","contentUrl":"https:\/\/www.cmalleida.com\/wp-content\/uploads\/cmall-lleida-treballadors762.jpg","width":762,"height":762,"caption":"cmall-lleida-treballadors762"},{"@type":"BreadcrumbList","@id":"https:\/\/www.cmalleida.com\/es\/incidencia-del-virus-en-las-fusiones-y-adquisiciones-y-en-sus-seguros-de-cobertura-el-confidencial\/#breadcrumb","itemListElement":[{"@type":"ListItem","position":1,"name":"Inici","item":"https:\/\/www.cmalleida.com\/es\/"},{"@type":"ListItem","position":2,"name":"Incidencia del virus en las fusiones y adquisiciones y en sus seguros de cobertura (El Confidencial)"}]},{"@type":"WebSite","@id":"https:\/\/www.cmalleida.com\/es\/#website","url":"https:\/\/www.cmalleida.com\/es\/","name":"Col\u00b7legi de Mediadors d&#039;Assegurances de Lleida","description":"Otro sitio realizado con WordPress","publisher":{"@id":"https:\/\/www.cmalleida.com\/es\/#organization"},"potentialAction":[{"@type":"SearchAction","target":{"@type":"EntryPoint","urlTemplate":"https:\/\/www.cmalleida.com\/es\/?s={search_term_string}"},"query-input":{"@type":"PropertyValueSpecification","valueRequired":true,"valueName":"search_term_string"}}],"inLanguage":"es"},{"@type":"Organization","@id":"https:\/\/www.cmalleida.com\/es\/#organization","name":"Col\u00b7legi de Mediadors d'Assegurances de Lleida","url":"https:\/\/www.cmalleida.com\/es\/","logo":{"@type":"ImageObject","inLanguage":"es","@id":"https:\/\/www.cmalleida.com\/es\/#\/schema\/logo\/image\/","url":"","contentUrl":"","caption":"Col\u00b7legi de Mediadors d'Assegurances de Lleida"},"image":{"@id":"https:\/\/www.cmalleida.com\/es\/#\/schema\/logo\/image\/"}},{"@type":"Person","@id":"https:\/\/www.cmalleida.com\/es\/#\/schema\/person\/7461453022a0d6ce41c1e530eb4443b4","name":"Antonieta Castells Dolcet","image":{"@type":"ImageObject","inLanguage":"es","@id":"https:\/\/secure.gravatar.com\/avatar\/7738df9a8ff2d12e8b37d088ff0e3e36016e57ab29e5db27ba4fb758a81ea3cb?s=96&d=mm&r=g","url":"https:\/\/secure.gravatar.com\/avatar\/7738df9a8ff2d12e8b37d088ff0e3e36016e57ab29e5db27ba4fb758a81ea3cb?s=96&d=mm&r=g","contentUrl":"https:\/\/secure.gravatar.com\/avatar\/7738df9a8ff2d12e8b37d088ff0e3e36016e57ab29e5db27ba4fb758a81ea3cb?s=96&d=mm&r=g","caption":"Antonieta Castells Dolcet"},"sameAs":["http:\/\/www.cmalleida.com"]}]}},"_links":{"self":[{"href":"https:\/\/www.cmalleida.com\/es\/wp-json\/wp\/v2\/posts\/7316","targetHints":{"allow":["GET"]}}],"collection":[{"href":"https:\/\/www.cmalleida.com\/es\/wp-json\/wp\/v2\/posts"}],"about":[{"href":"https:\/\/www.cmalleida.com\/es\/wp-json\/wp\/v2\/types\/post"}],"author":[{"embeddable":true,"href":"https:\/\/www.cmalleida.com\/es\/wp-json\/wp\/v2\/users\/149"}],"replies":[{"embeddable":true,"href":"https:\/\/www.cmalleida.com\/es\/wp-json\/wp\/v2\/comments?post=7316"}],"version-history":[{"count":1,"href":"https:\/\/www.cmalleida.com\/es\/wp-json\/wp\/v2\/posts\/7316\/revisions"}],"predecessor-version":[{"id":7317,"href":"https:\/\/www.cmalleida.com\/es\/wp-json\/wp\/v2\/posts\/7316\/revisions\/7317"}],"wp:featuredmedia":[{"embeddable":true,"href":"https:\/\/www.cmalleida.com\/es\/wp-json\/wp\/v2\/media\/1847"}],"wp:attachment":[{"href":"https:\/\/www.cmalleida.com\/es\/wp-json\/wp\/v2\/media?parent=7316"}],"wp:term":[{"taxonomy":"category","embeddable":true,"href":"https:\/\/www.cmalleida.com\/es\/wp-json\/wp\/v2\/categories?post=7316"},{"taxonomy":"post_tag","embeddable":true,"href":"https:\/\/www.cmalleida.com\/es\/wp-json\/wp\/v2\/tags?post=7316"}],"curies":[{"name":"wp","href":"https:\/\/api.w.org\/{rel}","templated":true}]}}