{"id":7067,"date":"2020-06-26T09:38:41","date_gmt":"2020-06-26T07:38:41","guid":{"rendered":"https:\/\/www.cmalleida.com\/?p=7067"},"modified":"2020-06-26T09:38:41","modified_gmt":"2020-06-26T07:38:41","slug":"quien-pagara-el-coste-del-seguro-de-salud-por-la-covid-la-vanguardia","status":"publish","type":"post","link":"https:\/\/www.cmalleida.com\/es\/quien-pagara-el-coste-del-seguro-de-salud-por-la-covid-la-vanguardia\/","title":{"rendered":"\u00bfQui\u00e9n pagar\u00e1 el coste del Seguro de salud por la Covid? (La Vanguardia)"},"content":{"rendered":"<div class=\"detail__header\">\n<header class=\"d-title\">\n<h4 class=\"d-title__txt\"><span style=\"font-size: 16px;\">La protecci\u00f3n de los empleados y el desarrollo de la telemedicina incrementan los costes que las compa\u00f1\u00edas estudian para el pr\u00f3ximo a\u00f1o<\/span><\/h4>\n<\/header>\n<div class=\"detail__img u-mb20\">\n<figure class=\"story-leaf-figure\" data-component=\"image\">XAVIER GRAU\u00a0 \u00a0 <time class=\"d-signature__time\" datetime=\"2020-06-25T11:52:29+0200\" data-timestamp=\"1593078749000\">25\/06\/2020 11:52<\/time>\u00a0<time class=\"d-signature__time\" datetime=\"2020-06-25T21:21:42+0200\" data-timestamp=\"1593112902000\">|\u00a0Actualizado a 25\/06\/2020 21:21<\/time><\/figure>\n<\/div>\n<\/div>\n<div class=\"detail__article\">\n<div class=\"detail__story u-w66--md\">\n<div class=\"story-leaf-txt-p\" data-gtm-element-container=\"modulo-texto-link\">\n<p>La enorme competencia de las aseguradoras de Salud por ampliar su cuota de mercado en Espa\u00f1a obliga a descartar \u201cuna guerra de precios\u201d si bien la experiencia de la pandemia por la Covid-19 apunta a un progresivo aumento de sus gastos y sus costes, el paso m\u00e1s cercano a un progresivo incremento de las primas que bien podr\u00eda confirmarse para el a\u00f1o 2021.<\/p>\n<p>Los principales directivos de las compa\u00f1\u00edas descartan hablar de un combate entre aseguradoras por hacerse con nuevos clientes a partir de sus precios. Sin embargo, a la vez aluden a \u201cun incremento en los gastos operativos y costes de producci\u00f3n derivados de la crisis sanitaria\u201d, seg\u00fan informa ADECOSE (Asociaci\u00f3n Espa\u00f1ola de Corredur\u00edas de Seguros).<\/p>\n<p>Entre estos nuevos costes se incluyen aspectos como la inversi\u00f3n en protecci\u00f3n para los empleados y se anuncia que este nuevo incremento \u201cdebe ser compensado por las primas\u201d. Convocados por los corredores espa\u00f1oles, los principales ejecutivos de ASISA, DKV, Sanitas Seguros y SegurCaixa Adeslas han considerado que \u201cel seguro de Salud est\u00e1 preparado para afrontar los gastos no previstos provocados por la pandemia, al tratarse de costes coyunturales y al haberse contenido el gasto asistencial\u201d. Conjuntamente, creen que la implantaci\u00f3n de nuevas formas de atender a los pacientes puede provocar \u201cimpactos en los precios\u201d.<\/p>\n<p>Las prestaciones de salud cuestan m\u00e1s de 750.000 euros diarios al conjunto de las compa\u00f1\u00edas<\/p>\n<p>En Espa\u00f1a, el n\u00famero de clientes de Salud (prestaci\u00f3n de servicios) ha crecido de los 9.238.717 en 2015 a los 10.268.012 en 2018, seg\u00fan recoge el \u00faltimo informe de la patronal UNESPA sobre \u201cEl DNI del Seguro\u201d. En el mismo per\u00edodo, el seguro de Salud (subsidios por enfermedad) ha pasado de 1.512.863 clientes en 2015 a 1.805.247 en 2018.<\/p>\n<p>Otros datos relevantes se\u00f1alan que el seguro de Salud atiende unos 12.246 actos m\u00e9dicos diarios, de los cuales son visitas al especialista (5.860 por d\u00eda) y que la telemedicina ha avanzado en esta pandemia hasta consolidarse como opci\u00f3n indiscutible. Todas estas intervenciones se traducen en el pago diario de 753.733 euros que asumen las compa\u00f1\u00edas por prestaciones de Salud.<\/p>\n<p>Entre otras, las estimaciones econ\u00f3micas que el Seguro espa\u00f1ol hace sobre pagos futuros ya comprometidos a clientes y v\u00edctimas de percances ascienden a m\u00e1s de 2.460 millones de euros.<\/p>\n<p><a href=\"https:\/\/www.lavanguardia.com\/seguros\/medicos\/20200602\/481573636714\/telemedicina-seguros-salud-bienestar-innovacion.html\" rel=\"follow\" data-gtm-element=\"container-child-link\">Las compa\u00f1\u00edas han comprobado durante esta pandemia que se ha multiplicado por quince<\/a>\u00a0el uso de las apps de asistencia m\u00e9dica telem\u00e1tica. Entidades como Ticbiomed confirman \u201cla hiperactividad\u201d que la Covid-19 ha provocado en los buscadores de nuevas formas de salud digital.<\/p>\n<p>Carlos Hern\u00e1ndez, Director General Comercial de SegurCaixa Adeslas, citando un estudio de la consultora Bain&amp;Company, destaca que un 27% de los encuestados muestra intenci\u00f3n de adquirir un seguro de asistencia sanitaria privada.<\/p>\n<p>\u201cEl seguro de salud ha mantenido en la \u00faltima d\u00e9cada una tasa de crecimiento de m\u00e1s del 3,5%, por encima de ramos como hogar o autom\u00f3vil, por lo que sigue existiendo una oportunidad de incrementar el n\u00famero de asegurados en este ramo\u201d, se\u00f1ala Hern\u00e1ndez.<\/p>\n<p>Las coberturas a los asegurados se mantienen \u201cdurante este a\u00f1o\u201d pero se introducir\u00e1n cambios tras la experiencia de los \u00faltimos meses<\/p>\n<p>Para el CEO de Asisa, Enrique de Porres, el futuro de la sanidad pasa \u201cinexcusablemente por la digitalizaci\u00f3n\u201d y en este sentido, apela a la obligaci\u00f3n de todo el sector de \u201cpensar en nuevos modelos de cobertura, a largo plazo, basados en las nuevas tecnolog\u00edas\u201d.<\/p>\n<p>Han de ser estos nuevos avances tecnol\u00f3gicos los que permitan, en opini\u00f3n de algunos expertos consultados por La Vanguardia,\u00a0<a href=\"https:\/\/www.lavanguardia.com\/seguros\/medicos\/20200608\/481658037470\/telemedicina-longevidad-tecnologia-coronavirus-dkv.html\" rel=\"follow\" data-gtm-element=\"container-child-link\">contener el precio de las primas<\/a>\u00a0para una clientela que requiere m\u00e1s cuidados relacionados con la mayor esperanza de vida y cada vez m\u00e1s preocupada por el bienestar y la salud.<\/p>\n<p>Si bien el seguro de Salud considera hoy por hoy, y de manera un\u00e1nime, la decisi\u00f3n de mantener la cobertura de los asegurados \u201cdurante este a\u00f1o\u201d, el debate de ADECOSE con los CEO\u2019s aflora \u201csu preocupaci\u00f3n por definir qu\u00e9 actuaciones deben cubrir las aseguradoras para garantizar la salud p\u00fablica\u201d.<\/p>\n<p>El sector apela a la responsabilidad del Estado para cubrir las necesidades de Salud P\u00fablica<\/p>\n<p>Seg\u00fan Enrique de Porres, \u201cla pandemia y sus secuelas ser\u00e1n objeto de cobertura por parte de ASISA, seguiremos atendiendo a nuestros asegurados que se han visto afectados\u201d pero \u201ces necesario distinguir entre atender la enfermedad, un aspecto del que nos hacemos responsables, de la obligaci\u00f3n del Estado de cubrir las necesidades de salud p\u00fablica\u201d.<\/p>\n<p>Desde DKV, Josep Santacreu, apunta su preocupaci\u00f3n por los escenarios post-covid que puedan generar transformaciones en la atenci\u00f3n a sus asegurados. \u201cNos preocupan m\u00e1s los cambios de protocolo que puedan entrar en una din\u00e1mica exagerada, saturar los servicios y provocar conflictos de capacidad en nuestra cobertura\u201d, afirma.<\/p>\n<p>\u201cEl seguro de salud se ha consolidado en muchas familias y empresas, a pesar de la crisis econ\u00f3mica, ya que se ha puesto en valor debido a esta situaci\u00f3n de emergencia sanitaria\u201d, manifiesta Carlos Hern\u00e1ndez.<\/p>\n<p>Las encuestas se\u00f1alan que m\u00e1s de la mitad de los espa\u00f1oles acceder\u00eda a atenci\u00f3n m\u00e9dica a distancia<\/p>\n<p>Los avances tecnol\u00f3gicos sobre los que se desarrollar\u00e1n los nuevos modelos de aseguramiento deben permitir, seg\u00fan los ejecutivos entrevistados, adaptar la nueva estrategia comercial de las compa\u00f1\u00edas. La captaci\u00f3n de nuevos asegurados y el mantenimiento de las carteras existentes depender\u00e1 tanto de los costes y aumento de las primas como de los nuevos servicios que se ofrezcan.<\/p>\n<p>M\u00e1s de la mitad de la poblaci\u00f3n espa\u00f1ola, seg\u00fan datos de la aseguradora Cigna, un 57%, optar\u00e1 por acceder\u00eda consultas m\u00e9dicas online si tuviese la oportunidad. Este es un porcentaje muy superior al 48% registrado en enero de este mismo a\u00f1o 2020.<\/p>\n<p>El futuro de la sanidad pasa \u201cinexcusablemente por la digitalizaci\u00f3n\u201d, apunta De Porres reclamando la obligaci\u00f3n del sector asegurador de \u201cpensar en nuevos modelos de cobertura, a largo plazo, basados en las nuevas tecnolog\u00edas\u201d.<\/p>\n<p>Grandes compa\u00f1\u00edas como Allianz dedican recursos humanos y t\u00e9cnicos a las previsiones de futuro y a definir el escenario poscovid en el mundo. Para sus asesores expertos, la tecnolog\u00eda digital ser\u00e1 lo habitual, incluida la teleconsulta m\u00e9dica. Se incrementar\u00e1 el uso de dispositivos tecnol\u00f3gicos m\u00f3viles. Se prev\u00e9 que las secuelas de la pandemia relativas a la salud mental se prolonguen m\u00e1s tiempo que la propia pandemia. Es muy probable que los profesionales de la salud mental contin\u00faen haciendo uso en el futuro de las consultas m\u00e9dicas por v\u00eddeo para llevar a cabo diferentes tratamientos.<\/p>\n<p>Las aseguradoras se atribuyen la atenci\u00f3n del 20% de los enfermos y el 15% de los ingresados en la UCI durante la pandemia<\/p>\n<p>El enorme impacto del estado de Alarma provocado por la pandemia del coronavirus ha puesto en tensi\u00f3n desde el primer momento la estructura sanitaria de todo el pa\u00eds. As\u00ed, tal y como inform\u00f3 Vivo Seguro,<a href=\"https:\/\/www.lavanguardia.com\/seguros\/medicos\/20200319\/474255593717\/sanidad-seguros-boi-ruiz-aspe-coronavirus-estado-de-alarma.html\" rel=\"follow\" data-gtm-element=\"container-child-link\">\u00a0los 806 hospitales del Sistema Nacional de Salud y los 468 centros hospitalarios privados<\/a>\u00a0y el conjunto de m\u00e1s de 143.300 camas puestos a disposici\u00f3n del Ministerio de Sanidad afrontaron el gran embate de la enfermedad.<\/p>\n<p>Las compa\u00f1\u00edas privadas de seguros han atendido en estas semanas a m\u00e1s de 22.000 pacientes, seg\u00fan datos que aporta Josep Santacreu. Carlos Hern\u00e1ndez, hace constar que la sanidad privada se ha hecho cargo del 20% de los enfermos y el 15 % de los pacientes en las UCIs. \u201cHemos atendido a m\u00e1s de 6.400 asegurados que han tenido que ser ingresados y a m\u00e1s de 10.000 mediante seguimiento domiciliario\u201d, certifica.<\/p>\n<p>\u201cEn cuesti\u00f3n de d\u00edas construimos hospitales de campa\u00f1a y camas de UCI y conseguimos respiradores para centros privados y concertados; triplicamos el n\u00famero de camas y cuadruplicamos el n\u00famero de UCIs; nuestro tel\u00e9fono 24 horas pas\u00f3 de atender 1.000 llamadas a 6.000\u201d, a\u00f1ade el director general de Sanitas Seguros, I\u00f1aki Peralta.<\/p>\n<\/div>\n<\/div>\n<\/div>\n","protected":false},"excerpt":{"rendered":"<p>La protecci\u00f3n de los empleados y el desarrollo de la telemedicina incrementan los costes que las compa\u00f1\u00edas estudian para el pr\u00f3ximo a\u00f1o XAVIER GRAU\u00a0 \u00a0&#8230; <a href=\"https:\/\/www.cmalleida.com\/es\/quien-pagara-el-coste-del-seguro-de-salud-por-la-covid-la-vanguardia\/\" rel=\"nofollow\" class=\"lollegirmes\">Llegeix m\u00e9s<\/a><\/p>\n","protected":false},"author":149,"featured_media":1831,"comment_status":"closed","ping_status":"closed","sticky":false,"template":"","format":"standard","meta":{"_acf_changed":false,"_genesis_hide_title":false,"_genesis_hide_breadcrumbs":false,"_genesis_hide_singular_image":false,"_genesis_hide_footer_widgets":false,"_genesis_custom_body_class":"","_genesis_custom_post_class":"","_genesis_layout":"","footnotes":""},"categories":[28,62],"tags":[],"class_list":{"0":"post-7067","1":"post","2":"type-post","3":"status-publish","4":"format-standard","5":"has-post-thumbnail","7":"category-actualidad","8":"category-sinistres-es","9":"entry"},"acf":[],"yoast_head":"<!-- This site is optimized with the Yoast SEO plugin v27.2 - https:\/\/yoast.com\/product\/yoast-seo-wordpress\/ -->\n<title>\u00bfQui\u00e9n pagar\u00e1 el coste del Seguro de salud por la Covid? (La Vanguardia) - Col\u00b7legi de Mediadors d&#039;Assegurances de Lleida<\/title>\n<meta name=\"robots\" content=\"index, follow, max-snippet:-1, max-image-preview:large, max-video-preview:-1\" \/>\n<link rel=\"canonical\" href=\"https:\/\/www.cmalleida.com\/es\/quien-pagara-el-coste-del-seguro-de-salud-por-la-covid-la-vanguardia\/\" \/>\n<meta property=\"og:locale\" content=\"es_ES\" \/>\n<meta property=\"og:type\" content=\"article\" \/>\n<meta property=\"og:title\" content=\"\u00bfQui\u00e9n pagar\u00e1 el coste del Seguro de salud por la Covid? (La Vanguardia) - Col\u00b7legi de Mediadors d&#039;Assegurances de Lleida\" \/>\n<meta property=\"og:description\" content=\"La protecci\u00f3n de los empleados y el desarrollo de la telemedicina incrementan los costes que las compa\u00f1\u00edas estudian para el pr\u00f3ximo a\u00f1o XAVIER GRAU\u00a0 \u00a0... Llegeix m\u00e9s\" \/>\n<meta property=\"og:url\" content=\"https:\/\/www.cmalleida.com\/es\/quien-pagara-el-coste-del-seguro-de-salud-por-la-covid-la-vanguardia\/\" \/>\n<meta property=\"og:site_name\" content=\"Col\u00b7legi de Mediadors d&#039;Assegurances de Lleida\" \/>\n<meta property=\"article:published_time\" content=\"2020-06-26T07:38:41+00:00\" \/>\n<meta property=\"og:image\" content=\"https:\/\/www.cmalleida.com\/wp-content\/uploads\/cmall-lleida-actualitat-calcula762.jpg\" \/>\n\t<meta property=\"og:image:width\" content=\"762\" \/>\n\t<meta property=\"og:image:height\" content=\"762\" \/>\n\t<meta property=\"og:image:type\" content=\"image\/jpeg\" \/>\n<meta name=\"author\" content=\"Antonieta Castells Dolcet\" \/>\n<meta name=\"twitter:card\" content=\"summary_large_image\" \/>\n<meta name=\"twitter:label1\" content=\"Written by\" \/>\n\t<meta name=\"twitter:data1\" content=\"Antonieta Castells Dolcet\" \/>\n\t<meta name=\"twitter:label2\" content=\"Est. reading time\" \/>\n\t<meta name=\"twitter:data2\" content=\"7 minutos\" \/>\n<script type=\"application\/ld+json\" class=\"yoast-schema-graph\">{\"@context\":\"https:\/\/schema.org\",\"@graph\":[{\"@type\":\"Article\",\"@id\":\"https:\/\/www.cmalleida.com\/es\/quien-pagara-el-coste-del-seguro-de-salud-por-la-covid-la-vanguardia\/#article\",\"isPartOf\":{\"@id\":\"https:\/\/www.cmalleida.com\/es\/quien-pagara-el-coste-del-seguro-de-salud-por-la-covid-la-vanguardia\/\"},\"author\":{\"name\":\"Antonieta Castells Dolcet\",\"@id\":\"https:\/\/www.cmalleida.com\/es\/#\/schema\/person\/7461453022a0d6ce41c1e530eb4443b4\"},\"headline\":\"\u00bfQui\u00e9n pagar\u00e1 el coste del Seguro de salud por la Covid? (La Vanguardia)\",\"datePublished\":\"2020-06-26T07:38:41+00:00\",\"mainEntityOfPage\":{\"@id\":\"https:\/\/www.cmalleida.com\/es\/quien-pagara-el-coste-del-seguro-de-salud-por-la-covid-la-vanguardia\/\"},\"wordCount\":1397,\"publisher\":{\"@id\":\"https:\/\/www.cmalleida.com\/es\/#organization\"},\"image\":{\"@id\":\"https:\/\/www.cmalleida.com\/es\/quien-pagara-el-coste-del-seguro-de-salud-por-la-covid-la-vanguardia\/#primaryimage\"},\"thumbnailUrl\":\"https:\/\/www.cmalleida.com\/wp-content\/uploads\/cmall-lleida-actualitat-calcula762.jpg\",\"articleSection\":[\"Actualidad\",\"Sinistres\"],\"inLanguage\":\"es\"},{\"@type\":\"WebPage\",\"@id\":\"https:\/\/www.cmalleida.com\/es\/quien-pagara-el-coste-del-seguro-de-salud-por-la-covid-la-vanguardia\/\",\"url\":\"https:\/\/www.cmalleida.com\/es\/quien-pagara-el-coste-del-seguro-de-salud-por-la-covid-la-vanguardia\/\",\"name\":\"\u00bfQui\u00e9n pagar\u00e1 el coste del Seguro de salud por la Covid? (La Vanguardia) - Col\u00b7legi de Mediadors d&#039;Assegurances de Lleida\",\"isPartOf\":{\"@id\":\"https:\/\/www.cmalleida.com\/es\/#website\"},\"primaryImageOfPage\":{\"@id\":\"https:\/\/www.cmalleida.com\/es\/quien-pagara-el-coste-del-seguro-de-salud-por-la-covid-la-vanguardia\/#primaryimage\"},\"image\":{\"@id\":\"https:\/\/www.cmalleida.com\/es\/quien-pagara-el-coste-del-seguro-de-salud-por-la-covid-la-vanguardia\/#primaryimage\"},\"thumbnailUrl\":\"https:\/\/www.cmalleida.com\/wp-content\/uploads\/cmall-lleida-actualitat-calcula762.jpg\",\"datePublished\":\"2020-06-26T07:38:41+00:00\",\"breadcrumb\":{\"@id\":\"https:\/\/www.cmalleida.com\/es\/quien-pagara-el-coste-del-seguro-de-salud-por-la-covid-la-vanguardia\/#breadcrumb\"},\"inLanguage\":\"es\",\"potentialAction\":[{\"@type\":\"ReadAction\",\"target\":[\"https:\/\/www.cmalleida.com\/es\/quien-pagara-el-coste-del-seguro-de-salud-por-la-covid-la-vanguardia\/\"]}]},{\"@type\":\"ImageObject\",\"inLanguage\":\"es\",\"@id\":\"https:\/\/www.cmalleida.com\/es\/quien-pagara-el-coste-del-seguro-de-salud-por-la-covid-la-vanguardia\/#primaryimage\",\"url\":\"https:\/\/www.cmalleida.com\/wp-content\/uploads\/cmall-lleida-actualitat-calcula762.jpg\",\"contentUrl\":\"https:\/\/www.cmalleida.com\/wp-content\/uploads\/cmall-lleida-actualitat-calcula762.jpg\",\"width\":762,\"height\":762,\"caption\":\"cmall-lleida-actualitat-calcula762\"},{\"@type\":\"BreadcrumbList\",\"@id\":\"https:\/\/www.cmalleida.com\/es\/quien-pagara-el-coste-del-seguro-de-salud-por-la-covid-la-vanguardia\/#breadcrumb\",\"itemListElement\":[{\"@type\":\"ListItem\",\"position\":1,\"name\":\"Inici\",\"item\":\"https:\/\/www.cmalleida.com\/es\/\"},{\"@type\":\"ListItem\",\"position\":2,\"name\":\"\u00bfQui\u00e9n pagar\u00e1 el coste del Seguro de salud por la Covid? (La Vanguardia)\"}]},{\"@type\":\"WebSite\",\"@id\":\"https:\/\/www.cmalleida.com\/es\/#website\",\"url\":\"https:\/\/www.cmalleida.com\/es\/\",\"name\":\"Col\u00b7legi de Mediadors d&#039;Assegurances de Lleida\",\"description\":\"Otro sitio realizado con WordPress\",\"publisher\":{\"@id\":\"https:\/\/www.cmalleida.com\/es\/#organization\"},\"potentialAction\":[{\"@type\":\"SearchAction\",\"target\":{\"@type\":\"EntryPoint\",\"urlTemplate\":\"https:\/\/www.cmalleida.com\/es\/?s={search_term_string}\"},\"query-input\":{\"@type\":\"PropertyValueSpecification\",\"valueRequired\":true,\"valueName\":\"search_term_string\"}}],\"inLanguage\":\"es\"},{\"@type\":\"Organization\",\"@id\":\"https:\/\/www.cmalleida.com\/es\/#organization\",\"name\":\"Col\u00b7legi de Mediadors d'Assegurances de Lleida\",\"url\":\"https:\/\/www.cmalleida.com\/es\/\",\"logo\":{\"@type\":\"ImageObject\",\"inLanguage\":\"es\",\"@id\":\"https:\/\/www.cmalleida.com\/es\/#\/schema\/logo\/image\/\",\"url\":\"\",\"contentUrl\":\"\",\"caption\":\"Col\u00b7legi de Mediadors d'Assegurances de Lleida\"},\"image\":{\"@id\":\"https:\/\/www.cmalleida.com\/es\/#\/schema\/logo\/image\/\"}},{\"@type\":\"Person\",\"@id\":\"https:\/\/www.cmalleida.com\/es\/#\/schema\/person\/7461453022a0d6ce41c1e530eb4443b4\",\"name\":\"Antonieta Castells Dolcet\",\"image\":{\"@type\":\"ImageObject\",\"inLanguage\":\"es\",\"@id\":\"https:\/\/secure.gravatar.com\/avatar\/7738df9a8ff2d12e8b37d088ff0e3e36016e57ab29e5db27ba4fb758a81ea3cb?s=96&d=mm&r=g\",\"url\":\"https:\/\/secure.gravatar.com\/avatar\/7738df9a8ff2d12e8b37d088ff0e3e36016e57ab29e5db27ba4fb758a81ea3cb?s=96&d=mm&r=g\",\"contentUrl\":\"https:\/\/secure.gravatar.com\/avatar\/7738df9a8ff2d12e8b37d088ff0e3e36016e57ab29e5db27ba4fb758a81ea3cb?s=96&d=mm&r=g\",\"caption\":\"Antonieta Castells Dolcet\"},\"sameAs\":[\"http:\/\/www.cmalleida.com\"]}]}<\/script>\n<!-- \/ Yoast SEO plugin. -->","yoast_head_json":{"title":"\u00bfQui\u00e9n pagar\u00e1 el coste del Seguro de salud por la Covid? (La Vanguardia) - Col\u00b7legi de Mediadors d&#039;Assegurances de Lleida","robots":{"index":"index","follow":"follow","max-snippet":"max-snippet:-1","max-image-preview":"max-image-preview:large","max-video-preview":"max-video-preview:-1"},"canonical":"https:\/\/www.cmalleida.com\/es\/quien-pagara-el-coste-del-seguro-de-salud-por-la-covid-la-vanguardia\/","og_locale":"es_ES","og_type":"article","og_title":"\u00bfQui\u00e9n pagar\u00e1 el coste del Seguro de salud por la Covid? (La Vanguardia) - Col\u00b7legi de Mediadors d&#039;Assegurances de Lleida","og_description":"La protecci\u00f3n de los empleados y el desarrollo de la telemedicina incrementan los costes que las compa\u00f1\u00edas estudian para el pr\u00f3ximo a\u00f1o XAVIER GRAU\u00a0 \u00a0... Llegeix m\u00e9s","og_url":"https:\/\/www.cmalleida.com\/es\/quien-pagara-el-coste-del-seguro-de-salud-por-la-covid-la-vanguardia\/","og_site_name":"Col\u00b7legi de Mediadors d&#039;Assegurances de Lleida","article_published_time":"2020-06-26T07:38:41+00:00","og_image":[{"width":762,"height":762,"url":"https:\/\/www.cmalleida.com\/wp-content\/uploads\/cmall-lleida-actualitat-calcula762.jpg","type":"image\/jpeg"}],"author":"Antonieta Castells Dolcet","twitter_card":"summary_large_image","twitter_misc":{"Written by":"Antonieta Castells Dolcet","Est. reading time":"7 minutos"},"schema":{"@context":"https:\/\/schema.org","@graph":[{"@type":"Article","@id":"https:\/\/www.cmalleida.com\/es\/quien-pagara-el-coste-del-seguro-de-salud-por-la-covid-la-vanguardia\/#article","isPartOf":{"@id":"https:\/\/www.cmalleida.com\/es\/quien-pagara-el-coste-del-seguro-de-salud-por-la-covid-la-vanguardia\/"},"author":{"name":"Antonieta Castells Dolcet","@id":"https:\/\/www.cmalleida.com\/es\/#\/schema\/person\/7461453022a0d6ce41c1e530eb4443b4"},"headline":"\u00bfQui\u00e9n pagar\u00e1 el coste del Seguro de salud por la Covid? (La Vanguardia)","datePublished":"2020-06-26T07:38:41+00:00","mainEntityOfPage":{"@id":"https:\/\/www.cmalleida.com\/es\/quien-pagara-el-coste-del-seguro-de-salud-por-la-covid-la-vanguardia\/"},"wordCount":1397,"publisher":{"@id":"https:\/\/www.cmalleida.com\/es\/#organization"},"image":{"@id":"https:\/\/www.cmalleida.com\/es\/quien-pagara-el-coste-del-seguro-de-salud-por-la-covid-la-vanguardia\/#primaryimage"},"thumbnailUrl":"https:\/\/www.cmalleida.com\/wp-content\/uploads\/cmall-lleida-actualitat-calcula762.jpg","articleSection":["Actualidad","Sinistres"],"inLanguage":"es"},{"@type":"WebPage","@id":"https:\/\/www.cmalleida.com\/es\/quien-pagara-el-coste-del-seguro-de-salud-por-la-covid-la-vanguardia\/","url":"https:\/\/www.cmalleida.com\/es\/quien-pagara-el-coste-del-seguro-de-salud-por-la-covid-la-vanguardia\/","name":"\u00bfQui\u00e9n pagar\u00e1 el coste del Seguro de salud por la Covid? (La Vanguardia) - Col\u00b7legi de Mediadors d&#039;Assegurances de Lleida","isPartOf":{"@id":"https:\/\/www.cmalleida.com\/es\/#website"},"primaryImageOfPage":{"@id":"https:\/\/www.cmalleida.com\/es\/quien-pagara-el-coste-del-seguro-de-salud-por-la-covid-la-vanguardia\/#primaryimage"},"image":{"@id":"https:\/\/www.cmalleida.com\/es\/quien-pagara-el-coste-del-seguro-de-salud-por-la-covid-la-vanguardia\/#primaryimage"},"thumbnailUrl":"https:\/\/www.cmalleida.com\/wp-content\/uploads\/cmall-lleida-actualitat-calcula762.jpg","datePublished":"2020-06-26T07:38:41+00:00","breadcrumb":{"@id":"https:\/\/www.cmalleida.com\/es\/quien-pagara-el-coste-del-seguro-de-salud-por-la-covid-la-vanguardia\/#breadcrumb"},"inLanguage":"es","potentialAction":[{"@type":"ReadAction","target":["https:\/\/www.cmalleida.com\/es\/quien-pagara-el-coste-del-seguro-de-salud-por-la-covid-la-vanguardia\/"]}]},{"@type":"ImageObject","inLanguage":"es","@id":"https:\/\/www.cmalleida.com\/es\/quien-pagara-el-coste-del-seguro-de-salud-por-la-covid-la-vanguardia\/#primaryimage","url":"https:\/\/www.cmalleida.com\/wp-content\/uploads\/cmall-lleida-actualitat-calcula762.jpg","contentUrl":"https:\/\/www.cmalleida.com\/wp-content\/uploads\/cmall-lleida-actualitat-calcula762.jpg","width":762,"height":762,"caption":"cmall-lleida-actualitat-calcula762"},{"@type":"BreadcrumbList","@id":"https:\/\/www.cmalleida.com\/es\/quien-pagara-el-coste-del-seguro-de-salud-por-la-covid-la-vanguardia\/#breadcrumb","itemListElement":[{"@type":"ListItem","position":1,"name":"Inici","item":"https:\/\/www.cmalleida.com\/es\/"},{"@type":"ListItem","position":2,"name":"\u00bfQui\u00e9n pagar\u00e1 el coste del Seguro de salud por la Covid? (La Vanguardia)"}]},{"@type":"WebSite","@id":"https:\/\/www.cmalleida.com\/es\/#website","url":"https:\/\/www.cmalleida.com\/es\/","name":"Col\u00b7legi de Mediadors d&#039;Assegurances de Lleida","description":"Otro sitio realizado con WordPress","publisher":{"@id":"https:\/\/www.cmalleida.com\/es\/#organization"},"potentialAction":[{"@type":"SearchAction","target":{"@type":"EntryPoint","urlTemplate":"https:\/\/www.cmalleida.com\/es\/?s={search_term_string}"},"query-input":{"@type":"PropertyValueSpecification","valueRequired":true,"valueName":"search_term_string"}}],"inLanguage":"es"},{"@type":"Organization","@id":"https:\/\/www.cmalleida.com\/es\/#organization","name":"Col\u00b7legi de Mediadors d'Assegurances de Lleida","url":"https:\/\/www.cmalleida.com\/es\/","logo":{"@type":"ImageObject","inLanguage":"es","@id":"https:\/\/www.cmalleida.com\/es\/#\/schema\/logo\/image\/","url":"","contentUrl":"","caption":"Col\u00b7legi de Mediadors d'Assegurances de Lleida"},"image":{"@id":"https:\/\/www.cmalleida.com\/es\/#\/schema\/logo\/image\/"}},{"@type":"Person","@id":"https:\/\/www.cmalleida.com\/es\/#\/schema\/person\/7461453022a0d6ce41c1e530eb4443b4","name":"Antonieta Castells Dolcet","image":{"@type":"ImageObject","inLanguage":"es","@id":"https:\/\/secure.gravatar.com\/avatar\/7738df9a8ff2d12e8b37d088ff0e3e36016e57ab29e5db27ba4fb758a81ea3cb?s=96&d=mm&r=g","url":"https:\/\/secure.gravatar.com\/avatar\/7738df9a8ff2d12e8b37d088ff0e3e36016e57ab29e5db27ba4fb758a81ea3cb?s=96&d=mm&r=g","contentUrl":"https:\/\/secure.gravatar.com\/avatar\/7738df9a8ff2d12e8b37d088ff0e3e36016e57ab29e5db27ba4fb758a81ea3cb?s=96&d=mm&r=g","caption":"Antonieta Castells Dolcet"},"sameAs":["http:\/\/www.cmalleida.com"]}]}},"_links":{"self":[{"href":"https:\/\/www.cmalleida.com\/es\/wp-json\/wp\/v2\/posts\/7067","targetHints":{"allow":["GET"]}}],"collection":[{"href":"https:\/\/www.cmalleida.com\/es\/wp-json\/wp\/v2\/posts"}],"about":[{"href":"https:\/\/www.cmalleida.com\/es\/wp-json\/wp\/v2\/types\/post"}],"author":[{"embeddable":true,"href":"https:\/\/www.cmalleida.com\/es\/wp-json\/wp\/v2\/users\/149"}],"replies":[{"embeddable":true,"href":"https:\/\/www.cmalleida.com\/es\/wp-json\/wp\/v2\/comments?post=7067"}],"version-history":[{"count":1,"href":"https:\/\/www.cmalleida.com\/es\/wp-json\/wp\/v2\/posts\/7067\/revisions"}],"predecessor-version":[{"id":7068,"href":"https:\/\/www.cmalleida.com\/es\/wp-json\/wp\/v2\/posts\/7067\/revisions\/7068"}],"wp:featuredmedia":[{"embeddable":true,"href":"https:\/\/www.cmalleida.com\/es\/wp-json\/wp\/v2\/media\/1831"}],"wp:attachment":[{"href":"https:\/\/www.cmalleida.com\/es\/wp-json\/wp\/v2\/media?parent=7067"}],"wp:term":[{"taxonomy":"category","embeddable":true,"href":"https:\/\/www.cmalleida.com\/es\/wp-json\/wp\/v2\/categories?post=7067"},{"taxonomy":"post_tag","embeddable":true,"href":"https:\/\/www.cmalleida.com\/es\/wp-json\/wp\/v2\/tags?post=7067"}],"curies":[{"name":"wp","href":"https:\/\/api.w.org\/{rel}","templated":true}]}}