{"id":6954,"date":"2020-05-29T09:54:40","date_gmt":"2020-05-29T07:54:40","guid":{"rendered":"https:\/\/www.cmalleida.com\/?p=6954"},"modified":"2020-05-29T09:54:40","modified_gmt":"2020-05-29T07:54:40","slug":"la-sanidad-privada-denuncia-que-las-aseguradoras-no-pagan-los-sobrecostes-por-la-covid-19-la-vanguardia","status":"publish","type":"post","link":"https:\/\/www.cmalleida.com\/es\/la-sanidad-privada-denuncia-que-las-aseguradoras-no-pagan-los-sobrecostes-por-la-covid-19-la-vanguardia\/","title":{"rendered":"La sanidad privada denuncia que las aseguradoras no pagan los sobrecostes por la Covid-19 (La Vanguardia)"},"content":{"rendered":"<div class=\"detail__header\">\n<header class=\"d-title\">\n<h4 class=\"d-title__txt\"><span style=\"font-size: 16px;\">La patronal catalana alerta que los centros no podr\u00e1n atender a los clientes asegurados si no se renegocian urgentemente los precios que cobran por los servicios m\u00e9dicos<\/span><\/h4>\n<\/header>\n<div class=\"detail__img u-mb20\">\n<figure class=\"story-leaf-figure\" data-component=\"image\">XAVIER GRAU\u00a0 \u00a0 \u00a0<time class=\"d-signature__time\" datetime=\"2020-05-25T12:07:21+0200\" data-timestamp=\"1590401241000\">25\/05\/2020 12:07<\/time>\u00a0<time class=\"d-signature__time\" datetime=\"2020-05-25T12:21:56+0200\" data-timestamp=\"1590402116000\">|\u00a0Actualizado a 25\/05\/2020 12:21<\/time><\/figure>\n<\/div>\n<\/div>\n<div class=\"detail__article\">\n<div class=\"detail__story u-w66--md\">\n<div class=\"story-leaf-txt-p\" data-gtm-element-container=\"modulo-texto-link\">\n<p>La patronal sanitaria catalana representante del sector privado, ACES (Associaci\u00f3 Catalana d\u2019Entitats de Salut), ha denunciado la negativa de las compa\u00f1\u00edas aseguradoras para sentarse a renegociar con los centros el sobrecoste que ha generado la atenci\u00f3n a las personas afectadas por la Covid-19 y anuncia que esta situaci\u00f3n puede afectar a la atenci\u00f3n m\u00e9dica y quir\u00fargica que est\u00e1n ofreciendo.<\/p>\n<p>La entidad anuncia que \u201ccabe admitir, sin dilaci\u00f3n, que ofrecer servicios a los pacientes de compa\u00f1\u00edas aseguradoras resultar\u00e1 materialmente inalcanzable si las compa\u00f1\u00edas aseguradoras no asumen\u201d urgentemente la revisi\u00f3n de las condiciones y precios que est\u00e1n pagando para derivar a la atenci\u00f3n de sus asegurados.<\/p>\n<div id=\"wmass~16183999999998377\">\n<div>\u201cNadie puede trabajar a p\u00e9rdidas durante demasiado tiempo\u201d en el sector sanitario, afirma de manera contundente el comunicado hecho p\u00fablico por ACES se\u00f1alando que \u201clos centros privados han aumentado de forma muy significativa sus costes para poder ofrecer garant\u00edas absolutas a los enfermos\u201d durante esta pandemia.<\/div>\n<\/div>\n<p><strong>\u201cLa mayor\u00eda de las aseguradoras no est\u00e1n cubriendo nada\u201d, asegura el presidente de la alianza de la sanidad privada espa\u00f1ola<\/strong><\/p>\n<p>Por su parte, Carlos Rus, presidente de ASPE (Alianza de la Sanidad Privada Espa\u00f1ola) declara a La Vanguardia que la respuesta de las compa\u00f1\u00edas est\u00e1 siendo muy dispar y diferentes en diversas zonas del pa\u00eds.<\/p>\n<p>As\u00ed, Rus explica que algunas compa\u00f1\u00edas est\u00e1n cubriendo las pruebas PCR (pruebas para el diagn\u00f3stico del coronavirus) antes de las intervenciones quir\u00fargicas \u201cen algunas zonas y en otras no, cosa que nos llama bastante la atenci\u00f3n\u201d. En el caso de los equipos de protecci\u00f3n, Rus confirma que \u201cla mayor\u00eda de las aseguradoras no est\u00e1n cubriendo nada\u201d del\u00a0<a href=\"https:\/\/www.lavanguardia.com\/seguros\/medicos\/20200318\/474240319327\/uci-covid-19-pandemia-coronavirus-aspe-hospitales.html\" rel=\"follow\" data-gtm-element=\"container-child-link\">gasto que se calcula en unos 130 euros por intervenci\u00f3n<\/a>.<\/p>\n<p>La patronal catalana afirma que el precio de los\u00a0<a href=\"https:\/\/www.lavanguardia.com\/seguros\/vida\/20200424\/48694094076\/polizas-salud-vida-coberturas-proteccion-covid-19.html\" rel=\"follow\" data-gtm-element=\"container-child-link\">servicios sanitarios<\/a>\u00a0ha aumentado, durante este per\u00edodo de alarma sanitaria, entre un 30% y un 200% seg\u00fan los datos que afirman recoger de las propias compa\u00f1\u00edas de seguros.<\/p>\n<p>ACES manifiesta que en Catalunya, el 16% de las empresas sanitarias privadas, en su mayor\u00eda PYMES, \u201cest\u00e1n sufriendo serios problemas de viabilidad y esta cifra aumentar\u00e1 si se alarga este per\u00edodo de baja actividad y precios por debajo de costes\u201d.<\/p>\n<p>Llu\u00eds Monset, director general de ACES, considera \u201cinaplazable\u201d la puesta al d\u00eda las tarifas que les liquidan las compa\u00f1\u00edas y apela \u201ca la responsabilidad de todo el sector asegurador para no demorar m\u00e1s los tratamientos de muchas patolog\u00edas que durante la crisis de la Covid-19 han quedado atrasados\u201d.<\/p>\n<p><strong>\u2019Resbus sic stantibus\u2019, la cl\u00e1sula que esgrimen los centros privados para renegociar sus contratos con el Seguro<\/strong><\/p>\n<p>Los centros privados catalanes basan jur\u00eddicamente la necesidad de renegociar precios y contratos los supuestos considerados en las cl\u00e1usulas contractuales de rebus sic stantibus. Estas prev\u00e9n revisiones contractuales en situaciones de fuerza mayor o riesgo extraordinario no previsible ni imputable a quien sufre las consecuencias, se\u00f1ala ASPE.<\/p>\n<p>Por otro lado, seg\u00fan se\u00f1ala el abogado el Estado Jes\u00fas L\u00f3pez-Medel Bacones a trav\u00e9s del Consejo General de la Abogac\u00eda Espa\u00f1ola, \u201cse puede dejar paso una interpretaci\u00f3n m\u00e1s extensiva y l\u00f3gica en la que las circunstancias sobrevenidas e imprevisibles y con da\u00f1os extraordinarios puedan suponer la aplicaci\u00f3n de la cl\u00e1usula\u00a0rebus sic stantibus\u00a0dejando sin efecto el contrato o modulando o modificando las prestaciones exigibles pactadas\u201d.<\/p>\n<p>\u201cCon los precios vigentes actualmente -a\u00f1ade Monset- el sector s\u00f3lo podr\u00eda trabajar para pacientes totalmente privados que pagan de su bolsillo los gastos, pero por responsabilidad los centros est\u00e1n atendiendo a todos los pacientes que tienen un seguro a pesar de saber que no cubren los gastos y que esta situaci\u00f3n no puede alargarse m\u00e1s\u201d.<\/p>\n<p><strong>ACES avisa que el impago del dinero reclamado a las compa\u00f1\u00edas puede provocar el cierre de centros sanitarios y la desatenci\u00f3n de miles de pacientes<\/strong><\/p>\n<p>Para este representante de la patronal, \u201cel riesgo de cierre de centros o el de dejar desatendidos a miles de pacientes es una realidad que debe visualizarse como un problema de todos y al que deben encontrarse soluciones\u201d.<\/p>\n<p>Seg\u00fan Carlos Rus, \u201clas aseguradoras no est\u00e1n asumiendo su responsabilidad y despu\u00e9s de una ca\u00edda sin precedentes de la siniestralidad siguen actuando con criterios de negociaci\u00f3n bilateral y sin marcar unas pautas comunes\u201d.<\/p>\n<p>ASPE ha lamentado que las aseguradoras se negaran a\u00a0<a href=\"https:\/\/www.lavanguardia.com\/seguros\/medicos\/20200416\/48551322072\/hospital-privado-pandemia-seguro-crisis-covid-19.html\" rel=\"follow\" data-gtm-element=\"container-child-link\">establecer una mesa conjunta de negociaci\u00f3n<\/a>\u00a0para marcar las pautas entre todas las partes implicadas en la atenci\u00f3n a los pacientes de coronavirus.<\/p>\n<p>ACES representa actualmente a 239 empresas que gestionan 388 centros en el sector sanitario, sociosanitario y social. Seg\u00fan sus datos, en Catalunya m\u00e1s de 2,3 millones de personas (31\u201908%) disponen de un\u00a0<a href=\"https:\/\/www.lavanguardia.com\/seguros\/medicos\/20200313\/474106385371\/seguros-unespa-coronavirus-covid-19.html\" rel=\"follow\" data-gtm-element=\"container-child-link\">seguro de salud privada<\/a>.<\/p>\n<p>Para destacar la importancia del sector, la patronal ofrece datos destacando que el sector sanitario privado supone el 3,5% del PIB de Catalunya y que la prestaci\u00f3n de servicios sanitarios emplea a 6.900 m\u00e9dicos y a un conjunto global de 14.000 trabajadores.<\/p>\n<p>Por su parte, ASPE agrupa al 80% de un sector que emplea a m\u00e1s de 266.000 profesionales y supone el 3,4% del PIB espa\u00f1ol. En nota informativa, comunica que en estas semanas han asumido la atenci\u00f3n sanitaria de m\u00e1s de 25.000 pacientes de Covid-19 hospitalizados y han atendido a unos 1.200 pacientes en UCI duplicando estas unidades en zonas como Madrid y Barcelona.<\/p>\n<p>Hace unos d\u00edas, la entidad ha solicitado a las Comunidades Aut\u00f3nomas que parte de los fondos que el Estado destinar\u00e1 a su gasto sanitario (cifrado en 10.000 millones de euros) se dedique a la compensaci\u00f3n por la actividad de la sanidad privada en la pandemia.<\/p>\n<\/div>\n<\/div>\n<\/div>\n","protected":false},"excerpt":{"rendered":"<p>La patronal catalana alerta que los centros no podr\u00e1n atender a los clientes asegurados si no se renegocian urgentemente los precios que cobran por los&#8230; <a href=\"https:\/\/www.cmalleida.com\/es\/la-sanidad-privada-denuncia-que-las-aseguradoras-no-pagan-los-sobrecostes-por-la-covid-19-la-vanguardia\/\" rel=\"nofollow\" class=\"lollegirmes\">Llegeix m\u00e9s<\/a><\/p>\n","protected":false},"author":149,"featured_media":1835,"comment_status":"closed","ping_status":"closed","sticky":false,"template":"","format":"standard","meta":{"_acf_changed":false,"_genesis_hide_title":false,"_genesis_hide_breadcrumbs":false,"_genesis_hide_singular_image":false,"_genesis_hide_footer_widgets":false,"_genesis_custom_body_class":"","_genesis_custom_post_class":"","_genesis_layout":"","footnotes":""},"categories":[28,62],"tags":[],"class_list":{"0":"post-6954","1":"post","2":"type-post","3":"status-publish","4":"format-standard","5":"has-post-thumbnail","7":"category-actualidad","8":"category-sinistres-es","9":"entry"},"acf":[],"yoast_head":"<!-- This site is optimized with the Yoast SEO plugin v27.2 - https:\/\/yoast.com\/product\/yoast-seo-wordpress\/ -->\n<title>La sanidad privada denuncia que las aseguradoras no pagan los sobrecostes por la Covid-19 (La Vanguardia) - Col\u00b7legi de Mediadors d&#039;Assegurances de Lleida<\/title>\n<meta name=\"robots\" content=\"index, follow, max-snippet:-1, max-image-preview:large, max-video-preview:-1\" \/>\n<link rel=\"canonical\" href=\"https:\/\/www.cmalleida.com\/es\/la-sanidad-privada-denuncia-que-las-aseguradoras-no-pagan-los-sobrecostes-por-la-covid-19-la-vanguardia\/\" \/>\n<meta property=\"og:locale\" content=\"es_ES\" \/>\n<meta property=\"og:type\" content=\"article\" \/>\n<meta property=\"og:title\" content=\"La sanidad privada denuncia que las aseguradoras no pagan los sobrecostes por la Covid-19 (La Vanguardia) - Col\u00b7legi de Mediadors d&#039;Assegurances de Lleida\" \/>\n<meta property=\"og:description\" content=\"La patronal catalana alerta que los centros no podr\u00e1n atender a los clientes asegurados si no se renegocian urgentemente los precios que cobran por los... Llegeix m\u00e9s\" \/>\n<meta property=\"og:url\" content=\"https:\/\/www.cmalleida.com\/es\/la-sanidad-privada-denuncia-que-las-aseguradoras-no-pagan-los-sobrecostes-por-la-covid-19-la-vanguardia\/\" \/>\n<meta property=\"og:site_name\" content=\"Col\u00b7legi de Mediadors d&#039;Assegurances de Lleida\" \/>\n<meta property=\"article:published_time\" content=\"2020-05-29T07:54:40+00:00\" \/>\n<meta property=\"og:image\" content=\"https:\/\/www.cmalleida.com\/wp-content\/uploads\/cmall-lleida-actualitat-doctor762.jpg\" \/>\n\t<meta property=\"og:image:width\" content=\"762\" \/>\n\t<meta property=\"og:image:height\" content=\"762\" \/>\n\t<meta property=\"og:image:type\" content=\"image\/jpeg\" \/>\n<meta name=\"author\" content=\"Antonieta Castells Dolcet\" \/>\n<meta name=\"twitter:card\" content=\"summary_large_image\" \/>\n<meta name=\"twitter:label1\" content=\"Written by\" \/>\n\t<meta name=\"twitter:data1\" content=\"Antonieta Castells Dolcet\" \/>\n\t<meta name=\"twitter:label2\" content=\"Est. reading time\" \/>\n\t<meta name=\"twitter:data2\" content=\"5 minutos\" \/>\n<script type=\"application\/ld+json\" class=\"yoast-schema-graph\">{\"@context\":\"https:\/\/schema.org\",\"@graph\":[{\"@type\":\"Article\",\"@id\":\"https:\/\/www.cmalleida.com\/es\/la-sanidad-privada-denuncia-que-las-aseguradoras-no-pagan-los-sobrecostes-por-la-covid-19-la-vanguardia\/#article\",\"isPartOf\":{\"@id\":\"https:\/\/www.cmalleida.com\/es\/la-sanidad-privada-denuncia-que-las-aseguradoras-no-pagan-los-sobrecostes-por-la-covid-19-la-vanguardia\/\"},\"author\":{\"name\":\"Antonieta Castells Dolcet\",\"@id\":\"https:\/\/www.cmalleida.com\/es\/#\/schema\/person\/7461453022a0d6ce41c1e530eb4443b4\"},\"headline\":\"La sanidad privada denuncia que las aseguradoras no pagan los sobrecostes por la Covid-19 (La Vanguardia)\",\"datePublished\":\"2020-05-29T07:54:40+00:00\",\"mainEntityOfPage\":{\"@id\":\"https:\/\/www.cmalleida.com\/es\/la-sanidad-privada-denuncia-que-las-aseguradoras-no-pagan-los-sobrecostes-por-la-covid-19-la-vanguardia\/\"},\"wordCount\":1016,\"publisher\":{\"@id\":\"https:\/\/www.cmalleida.com\/es\/#organization\"},\"image\":{\"@id\":\"https:\/\/www.cmalleida.com\/es\/la-sanidad-privada-denuncia-que-las-aseguradoras-no-pagan-los-sobrecostes-por-la-covid-19-la-vanguardia\/#primaryimage\"},\"thumbnailUrl\":\"https:\/\/www.cmalleida.com\/wp-content\/uploads\/cmall-lleida-actualitat-doctor762.jpg\",\"articleSection\":[\"Actualidad\",\"Sinistres\"],\"inLanguage\":\"es\"},{\"@type\":\"WebPage\",\"@id\":\"https:\/\/www.cmalleida.com\/es\/la-sanidad-privada-denuncia-que-las-aseguradoras-no-pagan-los-sobrecostes-por-la-covid-19-la-vanguardia\/\",\"url\":\"https:\/\/www.cmalleida.com\/es\/la-sanidad-privada-denuncia-que-las-aseguradoras-no-pagan-los-sobrecostes-por-la-covid-19-la-vanguardia\/\",\"name\":\"La sanidad privada denuncia que las aseguradoras no pagan los sobrecostes por la Covid-19 (La Vanguardia) - Col\u00b7legi de Mediadors d&#039;Assegurances de Lleida\",\"isPartOf\":{\"@id\":\"https:\/\/www.cmalleida.com\/es\/#website\"},\"primaryImageOfPage\":{\"@id\":\"https:\/\/www.cmalleida.com\/es\/la-sanidad-privada-denuncia-que-las-aseguradoras-no-pagan-los-sobrecostes-por-la-covid-19-la-vanguardia\/#primaryimage\"},\"image\":{\"@id\":\"https:\/\/www.cmalleida.com\/es\/la-sanidad-privada-denuncia-que-las-aseguradoras-no-pagan-los-sobrecostes-por-la-covid-19-la-vanguardia\/#primaryimage\"},\"thumbnailUrl\":\"https:\/\/www.cmalleida.com\/wp-content\/uploads\/cmall-lleida-actualitat-doctor762.jpg\",\"datePublished\":\"2020-05-29T07:54:40+00:00\",\"breadcrumb\":{\"@id\":\"https:\/\/www.cmalleida.com\/es\/la-sanidad-privada-denuncia-que-las-aseguradoras-no-pagan-los-sobrecostes-por-la-covid-19-la-vanguardia\/#breadcrumb\"},\"inLanguage\":\"es\",\"potentialAction\":[{\"@type\":\"ReadAction\",\"target\":[\"https:\/\/www.cmalleida.com\/es\/la-sanidad-privada-denuncia-que-las-aseguradoras-no-pagan-los-sobrecostes-por-la-covid-19-la-vanguardia\/\"]}]},{\"@type\":\"ImageObject\",\"inLanguage\":\"es\",\"@id\":\"https:\/\/www.cmalleida.com\/es\/la-sanidad-privada-denuncia-que-las-aseguradoras-no-pagan-los-sobrecostes-por-la-covid-19-la-vanguardia\/#primaryimage\",\"url\":\"https:\/\/www.cmalleida.com\/wp-content\/uploads\/cmall-lleida-actualitat-doctor762.jpg\",\"contentUrl\":\"https:\/\/www.cmalleida.com\/wp-content\/uploads\/cmall-lleida-actualitat-doctor762.jpg\",\"width\":762,\"height\":762,\"caption\":\"cmall-lleida-actualitat-doctor762\"},{\"@type\":\"BreadcrumbList\",\"@id\":\"https:\/\/www.cmalleida.com\/es\/la-sanidad-privada-denuncia-que-las-aseguradoras-no-pagan-los-sobrecostes-por-la-covid-19-la-vanguardia\/#breadcrumb\",\"itemListElement\":[{\"@type\":\"ListItem\",\"position\":1,\"name\":\"Inici\",\"item\":\"https:\/\/www.cmalleida.com\/es\/\"},{\"@type\":\"ListItem\",\"position\":2,\"name\":\"La sanidad privada denuncia que las aseguradoras no pagan los sobrecostes por la Covid-19 (La Vanguardia)\"}]},{\"@type\":\"WebSite\",\"@id\":\"https:\/\/www.cmalleida.com\/es\/#website\",\"url\":\"https:\/\/www.cmalleida.com\/es\/\",\"name\":\"Col\u00b7legi de Mediadors d&#039;Assegurances de Lleida\",\"description\":\"Otro sitio realizado con WordPress\",\"publisher\":{\"@id\":\"https:\/\/www.cmalleida.com\/es\/#organization\"},\"potentialAction\":[{\"@type\":\"SearchAction\",\"target\":{\"@type\":\"EntryPoint\",\"urlTemplate\":\"https:\/\/www.cmalleida.com\/es\/?s={search_term_string}\"},\"query-input\":{\"@type\":\"PropertyValueSpecification\",\"valueRequired\":true,\"valueName\":\"search_term_string\"}}],\"inLanguage\":\"es\"},{\"@type\":\"Organization\",\"@id\":\"https:\/\/www.cmalleida.com\/es\/#organization\",\"name\":\"Col\u00b7legi de Mediadors d'Assegurances de Lleida\",\"url\":\"https:\/\/www.cmalleida.com\/es\/\",\"logo\":{\"@type\":\"ImageObject\",\"inLanguage\":\"es\",\"@id\":\"https:\/\/www.cmalleida.com\/es\/#\/schema\/logo\/image\/\",\"url\":\"\",\"contentUrl\":\"\",\"caption\":\"Col\u00b7legi de Mediadors d'Assegurances de Lleida\"},\"image\":{\"@id\":\"https:\/\/www.cmalleida.com\/es\/#\/schema\/logo\/image\/\"}},{\"@type\":\"Person\",\"@id\":\"https:\/\/www.cmalleida.com\/es\/#\/schema\/person\/7461453022a0d6ce41c1e530eb4443b4\",\"name\":\"Antonieta Castells Dolcet\",\"image\":{\"@type\":\"ImageObject\",\"inLanguage\":\"es\",\"@id\":\"https:\/\/secure.gravatar.com\/avatar\/7738df9a8ff2d12e8b37d088ff0e3e36016e57ab29e5db27ba4fb758a81ea3cb?s=96&d=mm&r=g\",\"url\":\"https:\/\/secure.gravatar.com\/avatar\/7738df9a8ff2d12e8b37d088ff0e3e36016e57ab29e5db27ba4fb758a81ea3cb?s=96&d=mm&r=g\",\"contentUrl\":\"https:\/\/secure.gravatar.com\/avatar\/7738df9a8ff2d12e8b37d088ff0e3e36016e57ab29e5db27ba4fb758a81ea3cb?s=96&d=mm&r=g\",\"caption\":\"Antonieta Castells Dolcet\"},\"sameAs\":[\"http:\/\/www.cmalleida.com\"]}]}<\/script>\n<!-- \/ Yoast SEO plugin. -->","yoast_head_json":{"title":"La sanidad privada denuncia que las aseguradoras no pagan los sobrecostes por la Covid-19 (La Vanguardia) - Col\u00b7legi de Mediadors d&#039;Assegurances de Lleida","robots":{"index":"index","follow":"follow","max-snippet":"max-snippet:-1","max-image-preview":"max-image-preview:large","max-video-preview":"max-video-preview:-1"},"canonical":"https:\/\/www.cmalleida.com\/es\/la-sanidad-privada-denuncia-que-las-aseguradoras-no-pagan-los-sobrecostes-por-la-covid-19-la-vanguardia\/","og_locale":"es_ES","og_type":"article","og_title":"La sanidad privada denuncia que las aseguradoras no pagan los sobrecostes por la Covid-19 (La Vanguardia) - Col\u00b7legi de Mediadors d&#039;Assegurances de Lleida","og_description":"La patronal catalana alerta que los centros no podr\u00e1n atender a los clientes asegurados si no se renegocian urgentemente los precios que cobran por los... Llegeix m\u00e9s","og_url":"https:\/\/www.cmalleida.com\/es\/la-sanidad-privada-denuncia-que-las-aseguradoras-no-pagan-los-sobrecostes-por-la-covid-19-la-vanguardia\/","og_site_name":"Col\u00b7legi de Mediadors d&#039;Assegurances de Lleida","article_published_time":"2020-05-29T07:54:40+00:00","og_image":[{"width":762,"height":762,"url":"https:\/\/www.cmalleida.com\/wp-content\/uploads\/cmall-lleida-actualitat-doctor762.jpg","type":"image\/jpeg"}],"author":"Antonieta Castells Dolcet","twitter_card":"summary_large_image","twitter_misc":{"Written by":"Antonieta Castells Dolcet","Est. reading time":"5 minutos"},"schema":{"@context":"https:\/\/schema.org","@graph":[{"@type":"Article","@id":"https:\/\/www.cmalleida.com\/es\/la-sanidad-privada-denuncia-que-las-aseguradoras-no-pagan-los-sobrecostes-por-la-covid-19-la-vanguardia\/#article","isPartOf":{"@id":"https:\/\/www.cmalleida.com\/es\/la-sanidad-privada-denuncia-que-las-aseguradoras-no-pagan-los-sobrecostes-por-la-covid-19-la-vanguardia\/"},"author":{"name":"Antonieta Castells Dolcet","@id":"https:\/\/www.cmalleida.com\/es\/#\/schema\/person\/7461453022a0d6ce41c1e530eb4443b4"},"headline":"La sanidad privada denuncia que las aseguradoras no pagan los sobrecostes por la Covid-19 (La Vanguardia)","datePublished":"2020-05-29T07:54:40+00:00","mainEntityOfPage":{"@id":"https:\/\/www.cmalleida.com\/es\/la-sanidad-privada-denuncia-que-las-aseguradoras-no-pagan-los-sobrecostes-por-la-covid-19-la-vanguardia\/"},"wordCount":1016,"publisher":{"@id":"https:\/\/www.cmalleida.com\/es\/#organization"},"image":{"@id":"https:\/\/www.cmalleida.com\/es\/la-sanidad-privada-denuncia-que-las-aseguradoras-no-pagan-los-sobrecostes-por-la-covid-19-la-vanguardia\/#primaryimage"},"thumbnailUrl":"https:\/\/www.cmalleida.com\/wp-content\/uploads\/cmall-lleida-actualitat-doctor762.jpg","articleSection":["Actualidad","Sinistres"],"inLanguage":"es"},{"@type":"WebPage","@id":"https:\/\/www.cmalleida.com\/es\/la-sanidad-privada-denuncia-que-las-aseguradoras-no-pagan-los-sobrecostes-por-la-covid-19-la-vanguardia\/","url":"https:\/\/www.cmalleida.com\/es\/la-sanidad-privada-denuncia-que-las-aseguradoras-no-pagan-los-sobrecostes-por-la-covid-19-la-vanguardia\/","name":"La sanidad privada denuncia que las aseguradoras no pagan los sobrecostes por la Covid-19 (La Vanguardia) - Col\u00b7legi de Mediadors d&#039;Assegurances de Lleida","isPartOf":{"@id":"https:\/\/www.cmalleida.com\/es\/#website"},"primaryImageOfPage":{"@id":"https:\/\/www.cmalleida.com\/es\/la-sanidad-privada-denuncia-que-las-aseguradoras-no-pagan-los-sobrecostes-por-la-covid-19-la-vanguardia\/#primaryimage"},"image":{"@id":"https:\/\/www.cmalleida.com\/es\/la-sanidad-privada-denuncia-que-las-aseguradoras-no-pagan-los-sobrecostes-por-la-covid-19-la-vanguardia\/#primaryimage"},"thumbnailUrl":"https:\/\/www.cmalleida.com\/wp-content\/uploads\/cmall-lleida-actualitat-doctor762.jpg","datePublished":"2020-05-29T07:54:40+00:00","breadcrumb":{"@id":"https:\/\/www.cmalleida.com\/es\/la-sanidad-privada-denuncia-que-las-aseguradoras-no-pagan-los-sobrecostes-por-la-covid-19-la-vanguardia\/#breadcrumb"},"inLanguage":"es","potentialAction":[{"@type":"ReadAction","target":["https:\/\/www.cmalleida.com\/es\/la-sanidad-privada-denuncia-que-las-aseguradoras-no-pagan-los-sobrecostes-por-la-covid-19-la-vanguardia\/"]}]},{"@type":"ImageObject","inLanguage":"es","@id":"https:\/\/www.cmalleida.com\/es\/la-sanidad-privada-denuncia-que-las-aseguradoras-no-pagan-los-sobrecostes-por-la-covid-19-la-vanguardia\/#primaryimage","url":"https:\/\/www.cmalleida.com\/wp-content\/uploads\/cmall-lleida-actualitat-doctor762.jpg","contentUrl":"https:\/\/www.cmalleida.com\/wp-content\/uploads\/cmall-lleida-actualitat-doctor762.jpg","width":762,"height":762,"caption":"cmall-lleida-actualitat-doctor762"},{"@type":"BreadcrumbList","@id":"https:\/\/www.cmalleida.com\/es\/la-sanidad-privada-denuncia-que-las-aseguradoras-no-pagan-los-sobrecostes-por-la-covid-19-la-vanguardia\/#breadcrumb","itemListElement":[{"@type":"ListItem","position":1,"name":"Inici","item":"https:\/\/www.cmalleida.com\/es\/"},{"@type":"ListItem","position":2,"name":"La sanidad privada denuncia que las aseguradoras no pagan los sobrecostes por la Covid-19 (La Vanguardia)"}]},{"@type":"WebSite","@id":"https:\/\/www.cmalleida.com\/es\/#website","url":"https:\/\/www.cmalleida.com\/es\/","name":"Col\u00b7legi de Mediadors d&#039;Assegurances de Lleida","description":"Otro sitio realizado con WordPress","publisher":{"@id":"https:\/\/www.cmalleida.com\/es\/#organization"},"potentialAction":[{"@type":"SearchAction","target":{"@type":"EntryPoint","urlTemplate":"https:\/\/www.cmalleida.com\/es\/?s={search_term_string}"},"query-input":{"@type":"PropertyValueSpecification","valueRequired":true,"valueName":"search_term_string"}}],"inLanguage":"es"},{"@type":"Organization","@id":"https:\/\/www.cmalleida.com\/es\/#organization","name":"Col\u00b7legi de Mediadors d'Assegurances de Lleida","url":"https:\/\/www.cmalleida.com\/es\/","logo":{"@type":"ImageObject","inLanguage":"es","@id":"https:\/\/www.cmalleida.com\/es\/#\/schema\/logo\/image\/","url":"","contentUrl":"","caption":"Col\u00b7legi de Mediadors d'Assegurances de Lleida"},"image":{"@id":"https:\/\/www.cmalleida.com\/es\/#\/schema\/logo\/image\/"}},{"@type":"Person","@id":"https:\/\/www.cmalleida.com\/es\/#\/schema\/person\/7461453022a0d6ce41c1e530eb4443b4","name":"Antonieta Castells Dolcet","image":{"@type":"ImageObject","inLanguage":"es","@id":"https:\/\/secure.gravatar.com\/avatar\/7738df9a8ff2d12e8b37d088ff0e3e36016e57ab29e5db27ba4fb758a81ea3cb?s=96&d=mm&r=g","url":"https:\/\/secure.gravatar.com\/avatar\/7738df9a8ff2d12e8b37d088ff0e3e36016e57ab29e5db27ba4fb758a81ea3cb?s=96&d=mm&r=g","contentUrl":"https:\/\/secure.gravatar.com\/avatar\/7738df9a8ff2d12e8b37d088ff0e3e36016e57ab29e5db27ba4fb758a81ea3cb?s=96&d=mm&r=g","caption":"Antonieta Castells Dolcet"},"sameAs":["http:\/\/www.cmalleida.com"]}]}},"_links":{"self":[{"href":"https:\/\/www.cmalleida.com\/es\/wp-json\/wp\/v2\/posts\/6954","targetHints":{"allow":["GET"]}}],"collection":[{"href":"https:\/\/www.cmalleida.com\/es\/wp-json\/wp\/v2\/posts"}],"about":[{"href":"https:\/\/www.cmalleida.com\/es\/wp-json\/wp\/v2\/types\/post"}],"author":[{"embeddable":true,"href":"https:\/\/www.cmalleida.com\/es\/wp-json\/wp\/v2\/users\/149"}],"replies":[{"embeddable":true,"href":"https:\/\/www.cmalleida.com\/es\/wp-json\/wp\/v2\/comments?post=6954"}],"version-history":[{"count":1,"href":"https:\/\/www.cmalleida.com\/es\/wp-json\/wp\/v2\/posts\/6954\/revisions"}],"predecessor-version":[{"id":6955,"href":"https:\/\/www.cmalleida.com\/es\/wp-json\/wp\/v2\/posts\/6954\/revisions\/6955"}],"wp:featuredmedia":[{"embeddable":true,"href":"https:\/\/www.cmalleida.com\/es\/wp-json\/wp\/v2\/media\/1835"}],"wp:attachment":[{"href":"https:\/\/www.cmalleida.com\/es\/wp-json\/wp\/v2\/media?parent=6954"}],"wp:term":[{"taxonomy":"category","embeddable":true,"href":"https:\/\/www.cmalleida.com\/es\/wp-json\/wp\/v2\/categories?post=6954"},{"taxonomy":"post_tag","embeddable":true,"href":"https:\/\/www.cmalleida.com\/es\/wp-json\/wp\/v2\/tags?post=6954"}],"curies":[{"name":"wp","href":"https:\/\/api.w.org\/{rel}","templated":true}]}}