{"id":6790,"date":"2020-04-24T10:17:32","date_gmt":"2020-04-24T08:17:32","guid":{"rendered":"https:\/\/www.cmalleida.com\/?p=6790"},"modified":"2020-04-24T10:25:00","modified_gmt":"2020-04-24T08:25:00","slug":"el-confinamiento-dispara-un-74-los-avisos-urgentes-por-averias-en-casa-cinco-dias","status":"publish","type":"post","link":"https:\/\/www.cmalleida.com\/es\/el-confinamiento-dispara-un-74-los-avisos-urgentes-por-averias-en-casa-cinco-dias\/","title":{"rendered":"El confinamiento dispara un 74% los avisos urgentes por aver\u00edas en casa (Cinco D\u00edas)"},"content":{"rendered":"<header id=\"articulo-encabezado\" class=\"articulo-encabezado \">\n<div id=\"articulo-titulares\" class=\"articulo-titulares\">\n<h4 id=\"articulo-titulo\" class=\"articulo-titulo \"><span style=\"font-size: 16px;\">Hay m\u00e1s llamadas por cortocircuitos, fallos en la caldera y reparci\u00f3n de televisiones<\/span><\/h4>\n<\/div>\n<div class=\"firma \">\n<div class=\"autor\">\n<div class=\"autor-texto\"><span class=\"autor-nombre\"><a title=\"Ver todas las noticias de M. M. M.\" href=\"https:\/\/cincodias.elpais.com\/autor\/miguel_moreno_mendieta\/a\/\">M. M. M.\u00a0\u00a0\u00a0<\/a><\/span><span class=\"articulo-localizaciones\"><span class=\"articulo-localizacion\">Madrid\u00a0<\/span><\/span>\u00a0<time class=\"articulo-actualizado\" datetime=\"2020-04-23T15:59:13+02:00\"><a title=\"Ver todas las noticias de esta fecha\" href=\"https:\/\/cincodias.elpais.com\/tag\/fecha\/20200423\">23 ABR 2020 &#8211; 15:59\u00a0<abbr title=\"Central European Summer Time\">CEST<\/abbr><\/a><\/time><\/div>\n<\/div>\n<\/div>\n<\/header>\n<div id=\"articulo__contenedor\" class=\"articulo__contenedor\">\n<div id=\"cuerpo_noticia\" class=\"articulo-cuerpo\">\n<p>Una de las consecuencias indirectas del confinamiento es que las familias est\u00e9n pasando dentro de sus viviendas muchas m\u00e1s horas de las que pasaban antes, lo que ha disparado el n\u00famero de llamadas a las aseguradoras para reparaciones urgentes.<\/p>\n<div id=\"cds_gpt-INTEXT\" data-google-query-id=\"CIu9iPfLgOkCFZA8GwodLRsNEQ\">\n<div id=\"google_ads_iframe_7811748\/elpais_finanzas_cincodias_web\/companias\/noticias\/intext_0__container__\">Desde la entrada en vigor del estado de alarma, el pasado 14 de marzo, <strong>las reparaciones urgentes se ha incrementado un 74%<\/strong>, de acuerdo con los datos de Funciona, una compa\u00f1\u00eda de servicios de asistencia a domicilio que cuenta con m\u00e1s de 2.000 reparadores.<\/div>\n<\/div>\n<div id=\"hybs-mslot-3469-3\" class=\"hybs-mslot hybs-mslot-selected\"><\/div>\n<div id=\"wmass~5729149999970105\">\n<div id=\"jw-7010570105\">Los incidentes m\u00e1s frecuentes son relacionados con causas el\u00e9ctricas fundamentalmente\u00a0<strong>cortocircuitos, sobretensiones y reparaciones de electrodom\u00e9sticos<\/strong>. Estos han aumentado m\u00e1s del 40% respecto a la situaci\u00f3n anterior al estado de alarma, de acuerdo con c\u00e1lculos de la aseguradora Allianz.<\/div>\n<\/div>\n<p>Para evitar este tipo de siniestros, los expoertos recomienda poner el lavavajillas a carga completa para evitar aver\u00edas, evitar el uso prolongado de alargadores o regletas o no dejar los cargadores enchufados si no se est\u00e1 cargando el m\u00f3vil.<\/p>\n<p>\u201cLas actuaciones relacionadas con la habitabilidad de las viviendas han aumentado su peso en el total de servicios abiertos en el periodo del estado de alarma\u201d, explica Jos\u00e9 Asua, director de operaciones de Funciona.<\/p>\n<p>En concreto,\u00a0<strong>la reparaci\u00f3n de calderas han crecido un 136%<\/strong>, seguido de las visitas de fontaneros para arreglar redes de saneamiento o de evacuaci\u00f3n (89%) y el gas (87%). Asimismo, alcanzan grandes incrementos la solicitud de servicios que prestan los t\u00e9cnicos especialistas en la\u00a0<strong>reparaci\u00f3n de electrodom\u00e9sticos (73%)<\/strong>\u00a0y televisores (79,61%).<\/p>\n<\/div>\n<\/div>\n","protected":false},"excerpt":{"rendered":"<p>Hay m\u00e1s llamadas por cortocircuitos, fallos en la caldera y reparci\u00f3n de televisiones M. M. M.\u00a0\u00a0\u00a0Madrid\u00a0\u00a023 ABR 2020 &#8211; 15:59\u00a0CEST Una de las consecuencias indirectas&#8230; <a href=\"https:\/\/www.cmalleida.com\/es\/el-confinamiento-dispara-un-74-los-avisos-urgentes-por-averias-en-casa-cinco-dias\/\" rel=\"nofollow\" class=\"lollegirmes\">Llegeix m\u00e9s<\/a><\/p>\n","protected":false},"author":149,"featured_media":6794,"comment_status":"closed","ping_status":"closed","sticky":false,"template":"","format":"standard","meta":{"_acf_changed":false,"_genesis_hide_title":false,"_genesis_hide_breadcrumbs":false,"_genesis_hide_singular_image":false,"_genesis_hide_footer_widgets":false,"_genesis_custom_body_class":"","_genesis_custom_post_class":"","_genesis_layout":"","footnotes":""},"categories":[28,62],"tags":[],"class_list":{"0":"post-6790","1":"post","2":"type-post","3":"status-publish","4":"format-standard","5":"has-post-thumbnail","7":"category-actualidad","8":"category-sinistres-es","9":"entry"},"acf":[],"yoast_head":"<!-- This site is optimized with the Yoast SEO plugin v27.2 - https:\/\/yoast.com\/product\/yoast-seo-wordpress\/ -->\n<title>El confinamiento dispara un 74% los avisos urgentes por aver\u00edas en casa (Cinco D\u00edas) - Col\u00b7legi de Mediadors d&#039;Assegurances de Lleida<\/title>\n<meta name=\"robots\" content=\"index, follow, max-snippet:-1, max-image-preview:large, max-video-preview:-1\" \/>\n<link rel=\"canonical\" href=\"https:\/\/www.cmalleida.com\/es\/el-confinamiento-dispara-un-74-los-avisos-urgentes-por-averias-en-casa-cinco-dias\/\" \/>\n<meta property=\"og:locale\" content=\"es_ES\" \/>\n<meta property=\"og:type\" content=\"article\" \/>\n<meta property=\"og:title\" content=\"El confinamiento dispara un 74% los avisos urgentes por aver\u00edas en casa (Cinco D\u00edas) - Col\u00b7legi de Mediadors d&#039;Assegurances de Lleida\" \/>\n<meta property=\"og:description\" content=\"Hay m\u00e1s llamadas por cortocircuitos, fallos en la caldera y reparci\u00f3n de televisiones M. M. M.\u00a0\u00a0\u00a0Madrid\u00a0\u00a023 ABR 2020 &#8211; 15:59\u00a0CEST Una de las consecuencias indirectas... Llegeix m\u00e9s\" \/>\n<meta property=\"og:url\" content=\"https:\/\/www.cmalleida.com\/es\/el-confinamiento-dispara-un-74-los-avisos-urgentes-por-averias-en-casa-cinco-dias\/\" \/>\n<meta property=\"og:site_name\" content=\"Col\u00b7legi de Mediadors d&#039;Assegurances de Lleida\" \/>\n<meta property=\"article:published_time\" content=\"2020-04-24T08:17:32+00:00\" \/>\n<meta property=\"article:modified_time\" content=\"2020-04-24T08:25:00+00:00\" \/>\n<meta property=\"og:image\" content=\"https:\/\/www.cmalleida.com\/wp-content\/uploads\/captura-26.jpg\" \/>\n\t<meta property=\"og:image:width\" content=\"1810\" \/>\n\t<meta property=\"og:image:height\" content=\"1368\" \/>\n\t<meta property=\"og:image:type\" content=\"image\/jpeg\" \/>\n<meta name=\"author\" content=\"Antonieta Castells Dolcet\" \/>\n<meta name=\"twitter:card\" content=\"summary_large_image\" \/>\n<meta name=\"twitter:label1\" content=\"Written by\" \/>\n\t<meta name=\"twitter:data1\" content=\"Antonieta Castells Dolcet\" \/>\n\t<meta name=\"twitter:label2\" content=\"Est. reading time\" \/>\n\t<meta name=\"twitter:data2\" content=\"1 minuto\" \/>\n<script type=\"application\/ld+json\" class=\"yoast-schema-graph\">{\"@context\":\"https:\/\/schema.org\",\"@graph\":[{\"@type\":\"Article\",\"@id\":\"https:\/\/www.cmalleida.com\/es\/el-confinamiento-dispara-un-74-los-avisos-urgentes-por-averias-en-casa-cinco-dias\/#article\",\"isPartOf\":{\"@id\":\"https:\/\/www.cmalleida.com\/es\/el-confinamiento-dispara-un-74-los-avisos-urgentes-por-averias-en-casa-cinco-dias\/\"},\"author\":{\"name\":\"Antonieta Castells Dolcet\",\"@id\":\"https:\/\/www.cmalleida.com\/es\/#\/schema\/person\/7461453022a0d6ce41c1e530eb4443b4\"},\"headline\":\"El confinamiento dispara un 74% los avisos urgentes por aver\u00edas en casa (Cinco D\u00edas)\",\"datePublished\":\"2020-04-24T08:17:32+00:00\",\"dateModified\":\"2020-04-24T08:25:00+00:00\",\"mainEntityOfPage\":{\"@id\":\"https:\/\/www.cmalleida.com\/es\/el-confinamiento-dispara-un-74-los-avisos-urgentes-por-averias-en-casa-cinco-dias\/\"},\"wordCount\":292,\"publisher\":{\"@id\":\"https:\/\/www.cmalleida.com\/es\/#organization\"},\"image\":{\"@id\":\"https:\/\/www.cmalleida.com\/es\/el-confinamiento-dispara-un-74-los-avisos-urgentes-por-averias-en-casa-cinco-dias\/#primaryimage\"},\"thumbnailUrl\":\"https:\/\/www.cmalleida.com\/wp-content\/uploads\/captura-26.jpg\",\"articleSection\":[\"Actualidad\",\"Sinistres\"],\"inLanguage\":\"es\"},{\"@type\":\"WebPage\",\"@id\":\"https:\/\/www.cmalleida.com\/es\/el-confinamiento-dispara-un-74-los-avisos-urgentes-por-averias-en-casa-cinco-dias\/\",\"url\":\"https:\/\/www.cmalleida.com\/es\/el-confinamiento-dispara-un-74-los-avisos-urgentes-por-averias-en-casa-cinco-dias\/\",\"name\":\"El confinamiento dispara un 74% los avisos urgentes por aver\u00edas en casa (Cinco D\u00edas) - Col\u00b7legi de Mediadors d&#039;Assegurances de Lleida\",\"isPartOf\":{\"@id\":\"https:\/\/www.cmalleida.com\/es\/#website\"},\"primaryImageOfPage\":{\"@id\":\"https:\/\/www.cmalleida.com\/es\/el-confinamiento-dispara-un-74-los-avisos-urgentes-por-averias-en-casa-cinco-dias\/#primaryimage\"},\"image\":{\"@id\":\"https:\/\/www.cmalleida.com\/es\/el-confinamiento-dispara-un-74-los-avisos-urgentes-por-averias-en-casa-cinco-dias\/#primaryimage\"},\"thumbnailUrl\":\"https:\/\/www.cmalleida.com\/wp-content\/uploads\/captura-26.jpg\",\"datePublished\":\"2020-04-24T08:17:32+00:00\",\"dateModified\":\"2020-04-24T08:25:00+00:00\",\"breadcrumb\":{\"@id\":\"https:\/\/www.cmalleida.com\/es\/el-confinamiento-dispara-un-74-los-avisos-urgentes-por-averias-en-casa-cinco-dias\/#breadcrumb\"},\"inLanguage\":\"es\",\"potentialAction\":[{\"@type\":\"ReadAction\",\"target\":[\"https:\/\/www.cmalleida.com\/es\/el-confinamiento-dispara-un-74-los-avisos-urgentes-por-averias-en-casa-cinco-dias\/\"]}]},{\"@type\":\"ImageObject\",\"inLanguage\":\"es\",\"@id\":\"https:\/\/www.cmalleida.com\/es\/el-confinamiento-dispara-un-74-los-avisos-urgentes-por-averias-en-casa-cinco-dias\/#primaryimage\",\"url\":\"https:\/\/www.cmalleida.com\/wp-content\/uploads\/captura-26.jpg\",\"contentUrl\":\"https:\/\/www.cmalleida.com\/wp-content\/uploads\/captura-26.jpg\",\"width\":1810,\"height\":1368,\"caption\":\"Captura\"},{\"@type\":\"BreadcrumbList\",\"@id\":\"https:\/\/www.cmalleida.com\/es\/el-confinamiento-dispara-un-74-los-avisos-urgentes-por-averias-en-casa-cinco-dias\/#breadcrumb\",\"itemListElement\":[{\"@type\":\"ListItem\",\"position\":1,\"name\":\"Inici\",\"item\":\"https:\/\/www.cmalleida.com\/es\/\"},{\"@type\":\"ListItem\",\"position\":2,\"name\":\"El confinamiento dispara un 74% los avisos urgentes por aver\u00edas en casa (Cinco D\u00edas)\"}]},{\"@type\":\"WebSite\",\"@id\":\"https:\/\/www.cmalleida.com\/es\/#website\",\"url\":\"https:\/\/www.cmalleida.com\/es\/\",\"name\":\"Col\u00b7legi de Mediadors d&#039;Assegurances de Lleida\",\"description\":\"Otro sitio realizado con WordPress\",\"publisher\":{\"@id\":\"https:\/\/www.cmalleida.com\/es\/#organization\"},\"potentialAction\":[{\"@type\":\"SearchAction\",\"target\":{\"@type\":\"EntryPoint\",\"urlTemplate\":\"https:\/\/www.cmalleida.com\/es\/?s={search_term_string}\"},\"query-input\":{\"@type\":\"PropertyValueSpecification\",\"valueRequired\":true,\"valueName\":\"search_term_string\"}}],\"inLanguage\":\"es\"},{\"@type\":\"Organization\",\"@id\":\"https:\/\/www.cmalleida.com\/es\/#organization\",\"name\":\"Col\u00b7legi de Mediadors d'Assegurances de Lleida\",\"url\":\"https:\/\/www.cmalleida.com\/es\/\",\"logo\":{\"@type\":\"ImageObject\",\"inLanguage\":\"es\",\"@id\":\"https:\/\/www.cmalleida.com\/es\/#\/schema\/logo\/image\/\",\"url\":\"\",\"contentUrl\":\"\",\"caption\":\"Col\u00b7legi de Mediadors d'Assegurances de Lleida\"},\"image\":{\"@id\":\"https:\/\/www.cmalleida.com\/es\/#\/schema\/logo\/image\/\"}},{\"@type\":\"Person\",\"@id\":\"https:\/\/www.cmalleida.com\/es\/#\/schema\/person\/7461453022a0d6ce41c1e530eb4443b4\",\"name\":\"Antonieta Castells Dolcet\",\"image\":{\"@type\":\"ImageObject\",\"inLanguage\":\"es\",\"@id\":\"https:\/\/secure.gravatar.com\/avatar\/7738df9a8ff2d12e8b37d088ff0e3e36016e57ab29e5db27ba4fb758a81ea3cb?s=96&d=mm&r=g\",\"url\":\"https:\/\/secure.gravatar.com\/avatar\/7738df9a8ff2d12e8b37d088ff0e3e36016e57ab29e5db27ba4fb758a81ea3cb?s=96&d=mm&r=g\",\"contentUrl\":\"https:\/\/secure.gravatar.com\/avatar\/7738df9a8ff2d12e8b37d088ff0e3e36016e57ab29e5db27ba4fb758a81ea3cb?s=96&d=mm&r=g\",\"caption\":\"Antonieta Castells Dolcet\"},\"sameAs\":[\"http:\/\/www.cmalleida.com\"]}]}<\/script>\n<!-- \/ Yoast SEO plugin. -->","yoast_head_json":{"title":"El confinamiento dispara un 74% los avisos urgentes por aver\u00edas en casa (Cinco D\u00edas) - Col\u00b7legi de Mediadors d&#039;Assegurances de Lleida","robots":{"index":"index","follow":"follow","max-snippet":"max-snippet:-1","max-image-preview":"max-image-preview:large","max-video-preview":"max-video-preview:-1"},"canonical":"https:\/\/www.cmalleida.com\/es\/el-confinamiento-dispara-un-74-los-avisos-urgentes-por-averias-en-casa-cinco-dias\/","og_locale":"es_ES","og_type":"article","og_title":"El confinamiento dispara un 74% los avisos urgentes por aver\u00edas en casa (Cinco D\u00edas) - Col\u00b7legi de Mediadors d&#039;Assegurances de Lleida","og_description":"Hay m\u00e1s llamadas por cortocircuitos, fallos en la caldera y reparci\u00f3n de televisiones M. M. M.\u00a0\u00a0\u00a0Madrid\u00a0\u00a023 ABR 2020 &#8211; 15:59\u00a0CEST Una de las consecuencias indirectas... Llegeix m\u00e9s","og_url":"https:\/\/www.cmalleida.com\/es\/el-confinamiento-dispara-un-74-los-avisos-urgentes-por-averias-en-casa-cinco-dias\/","og_site_name":"Col\u00b7legi de Mediadors d&#039;Assegurances de Lleida","article_published_time":"2020-04-24T08:17:32+00:00","article_modified_time":"2020-04-24T08:25:00+00:00","og_image":[{"width":1810,"height":1368,"url":"https:\/\/www.cmalleida.com\/wp-content\/uploads\/captura-26.jpg","type":"image\/jpeg"}],"author":"Antonieta Castells Dolcet","twitter_card":"summary_large_image","twitter_misc":{"Written by":"Antonieta Castells Dolcet","Est. reading time":"1 minuto"},"schema":{"@context":"https:\/\/schema.org","@graph":[{"@type":"Article","@id":"https:\/\/www.cmalleida.com\/es\/el-confinamiento-dispara-un-74-los-avisos-urgentes-por-averias-en-casa-cinco-dias\/#article","isPartOf":{"@id":"https:\/\/www.cmalleida.com\/es\/el-confinamiento-dispara-un-74-los-avisos-urgentes-por-averias-en-casa-cinco-dias\/"},"author":{"name":"Antonieta Castells Dolcet","@id":"https:\/\/www.cmalleida.com\/es\/#\/schema\/person\/7461453022a0d6ce41c1e530eb4443b4"},"headline":"El confinamiento dispara un 74% los avisos urgentes por aver\u00edas en casa (Cinco D\u00edas)","datePublished":"2020-04-24T08:17:32+00:00","dateModified":"2020-04-24T08:25:00+00:00","mainEntityOfPage":{"@id":"https:\/\/www.cmalleida.com\/es\/el-confinamiento-dispara-un-74-los-avisos-urgentes-por-averias-en-casa-cinco-dias\/"},"wordCount":292,"publisher":{"@id":"https:\/\/www.cmalleida.com\/es\/#organization"},"image":{"@id":"https:\/\/www.cmalleida.com\/es\/el-confinamiento-dispara-un-74-los-avisos-urgentes-por-averias-en-casa-cinco-dias\/#primaryimage"},"thumbnailUrl":"https:\/\/www.cmalleida.com\/wp-content\/uploads\/captura-26.jpg","articleSection":["Actualidad","Sinistres"],"inLanguage":"es"},{"@type":"WebPage","@id":"https:\/\/www.cmalleida.com\/es\/el-confinamiento-dispara-un-74-los-avisos-urgentes-por-averias-en-casa-cinco-dias\/","url":"https:\/\/www.cmalleida.com\/es\/el-confinamiento-dispara-un-74-los-avisos-urgentes-por-averias-en-casa-cinco-dias\/","name":"El confinamiento dispara un 74% los avisos urgentes por aver\u00edas en casa (Cinco D\u00edas) - Col\u00b7legi de Mediadors d&#039;Assegurances de Lleida","isPartOf":{"@id":"https:\/\/www.cmalleida.com\/es\/#website"},"primaryImageOfPage":{"@id":"https:\/\/www.cmalleida.com\/es\/el-confinamiento-dispara-un-74-los-avisos-urgentes-por-averias-en-casa-cinco-dias\/#primaryimage"},"image":{"@id":"https:\/\/www.cmalleida.com\/es\/el-confinamiento-dispara-un-74-los-avisos-urgentes-por-averias-en-casa-cinco-dias\/#primaryimage"},"thumbnailUrl":"https:\/\/www.cmalleida.com\/wp-content\/uploads\/captura-26.jpg","datePublished":"2020-04-24T08:17:32+00:00","dateModified":"2020-04-24T08:25:00+00:00","breadcrumb":{"@id":"https:\/\/www.cmalleida.com\/es\/el-confinamiento-dispara-un-74-los-avisos-urgentes-por-averias-en-casa-cinco-dias\/#breadcrumb"},"inLanguage":"es","potentialAction":[{"@type":"ReadAction","target":["https:\/\/www.cmalleida.com\/es\/el-confinamiento-dispara-un-74-los-avisos-urgentes-por-averias-en-casa-cinco-dias\/"]}]},{"@type":"ImageObject","inLanguage":"es","@id":"https:\/\/www.cmalleida.com\/es\/el-confinamiento-dispara-un-74-los-avisos-urgentes-por-averias-en-casa-cinco-dias\/#primaryimage","url":"https:\/\/www.cmalleida.com\/wp-content\/uploads\/captura-26.jpg","contentUrl":"https:\/\/www.cmalleida.com\/wp-content\/uploads\/captura-26.jpg","width":1810,"height":1368,"caption":"Captura"},{"@type":"BreadcrumbList","@id":"https:\/\/www.cmalleida.com\/es\/el-confinamiento-dispara-un-74-los-avisos-urgentes-por-averias-en-casa-cinco-dias\/#breadcrumb","itemListElement":[{"@type":"ListItem","position":1,"name":"Inici","item":"https:\/\/www.cmalleida.com\/es\/"},{"@type":"ListItem","position":2,"name":"El confinamiento dispara un 74% los avisos urgentes por aver\u00edas en casa (Cinco D\u00edas)"}]},{"@type":"WebSite","@id":"https:\/\/www.cmalleida.com\/es\/#website","url":"https:\/\/www.cmalleida.com\/es\/","name":"Col\u00b7legi de Mediadors d&#039;Assegurances de Lleida","description":"Otro sitio realizado con WordPress","publisher":{"@id":"https:\/\/www.cmalleida.com\/es\/#organization"},"potentialAction":[{"@type":"SearchAction","target":{"@type":"EntryPoint","urlTemplate":"https:\/\/www.cmalleida.com\/es\/?s={search_term_string}"},"query-input":{"@type":"PropertyValueSpecification","valueRequired":true,"valueName":"search_term_string"}}],"inLanguage":"es"},{"@type":"Organization","@id":"https:\/\/www.cmalleida.com\/es\/#organization","name":"Col\u00b7legi de Mediadors d'Assegurances de Lleida","url":"https:\/\/www.cmalleida.com\/es\/","logo":{"@type":"ImageObject","inLanguage":"es","@id":"https:\/\/www.cmalleida.com\/es\/#\/schema\/logo\/image\/","url":"","contentUrl":"","caption":"Col\u00b7legi de Mediadors d'Assegurances de Lleida"},"image":{"@id":"https:\/\/www.cmalleida.com\/es\/#\/schema\/logo\/image\/"}},{"@type":"Person","@id":"https:\/\/www.cmalleida.com\/es\/#\/schema\/person\/7461453022a0d6ce41c1e530eb4443b4","name":"Antonieta Castells Dolcet","image":{"@type":"ImageObject","inLanguage":"es","@id":"https:\/\/secure.gravatar.com\/avatar\/7738df9a8ff2d12e8b37d088ff0e3e36016e57ab29e5db27ba4fb758a81ea3cb?s=96&d=mm&r=g","url":"https:\/\/secure.gravatar.com\/avatar\/7738df9a8ff2d12e8b37d088ff0e3e36016e57ab29e5db27ba4fb758a81ea3cb?s=96&d=mm&r=g","contentUrl":"https:\/\/secure.gravatar.com\/avatar\/7738df9a8ff2d12e8b37d088ff0e3e36016e57ab29e5db27ba4fb758a81ea3cb?s=96&d=mm&r=g","caption":"Antonieta Castells Dolcet"},"sameAs":["http:\/\/www.cmalleida.com"]}]}},"_links":{"self":[{"href":"https:\/\/www.cmalleida.com\/es\/wp-json\/wp\/v2\/posts\/6790","targetHints":{"allow":["GET"]}}],"collection":[{"href":"https:\/\/www.cmalleida.com\/es\/wp-json\/wp\/v2\/posts"}],"about":[{"href":"https:\/\/www.cmalleida.com\/es\/wp-json\/wp\/v2\/types\/post"}],"author":[{"embeddable":true,"href":"https:\/\/www.cmalleida.com\/es\/wp-json\/wp\/v2\/users\/149"}],"replies":[{"embeddable":true,"href":"https:\/\/www.cmalleida.com\/es\/wp-json\/wp\/v2\/comments?post=6790"}],"version-history":[{"count":1,"href":"https:\/\/www.cmalleida.com\/es\/wp-json\/wp\/v2\/posts\/6790\/revisions"}],"predecessor-version":[{"id":6791,"href":"https:\/\/www.cmalleida.com\/es\/wp-json\/wp\/v2\/posts\/6790\/revisions\/6791"}],"wp:featuredmedia":[{"embeddable":true,"href":"https:\/\/www.cmalleida.com\/es\/wp-json\/wp\/v2\/media\/6794"}],"wp:attachment":[{"href":"https:\/\/www.cmalleida.com\/es\/wp-json\/wp\/v2\/media?parent=6790"}],"wp:term":[{"taxonomy":"category","embeddable":true,"href":"https:\/\/www.cmalleida.com\/es\/wp-json\/wp\/v2\/categories?post=6790"},{"taxonomy":"post_tag","embeddable":true,"href":"https:\/\/www.cmalleida.com\/es\/wp-json\/wp\/v2\/tags?post=6790"}],"curies":[{"name":"wp","href":"https:\/\/api.w.org\/{rel}","templated":true}]}}