{"id":6783,"date":"2020-04-24T09:56:59","date_gmt":"2020-04-24T07:56:59","guid":{"rendered":"https:\/\/www.cmalleida.com\/?p=6783"},"modified":"2020-04-24T09:56:59","modified_gmt":"2020-04-24T07:56:59","slug":"es-necesario-contratar-un-seguro-para-una-segunda-vivienda-20-minutos","status":"publish","type":"post","link":"https:\/\/www.cmalleida.com\/es\/es-necesario-contratar-un-seguro-para-una-segunda-vivienda-20-minutos\/","title":{"rendered":"\u00bfEs necesario contratar un seguro para una segunda vivienda? (20 Minutos)"},"content":{"rendered":"<section class=\"article-titles\">\n<div class=\"title\">\n<h1 id=\"m25-24-26\" class=\"article-title \"><span class=\"article-author\" style=\"font-size: 16px;\"><a href=\"https:\/\/www.20minutos.es\/autor\/20minutos-a\"><strong>20MINUTOS<\/strong><\/a>\u00a0<\/span><span class=\"article-date\" style=\"font-size: 16px;\"><a href=\"https:\/\/www.20minutos.es\/archivo\/2020\/04\/21\/\">21.04.2020 &#8211; 14:25H\u00a0\u00a0<\/a><\/span><\/h1>\n<\/div>\n<div id=\"m30-29-31\" class=\"article-intro \">\n<div id=\"m35-34-36\">\n<ul>\n<li>La segunda residencia suele estar desocupada la mayor parte del a\u00f1o, motivo este para contratar un seguro de hogar.<\/li>\n<\/ul>\n<\/div>\n<\/div>\n<\/section>\n<div class=\"container-grid-box\">\n<section class=\"container-grid-cell content\">\n<article class=\"article-body\">\n<div class=\"multimedia\">\n<div id=\"m40-39-41\">\n<div class=\"image-container\">\n<figure class=\"image\"><span style=\"background-color: #ffffff;\">Muchas personas toman la decisi\u00f3n de adquirir una segunda vivienda diferente a la habitual <\/span><strong style=\"background-color: #ffffff;\">con el objetivo de pasar periodos vacacionales o tiempo libre\u00a0<\/strong><span style=\"background-color: #ffffff;\">en zonas rurales o de costa, viviendas que permanecen deshabitadas durante largas temporadas durante el a\u00f1o.<\/span><\/figure>\n<\/div>\n<\/div>\n<\/div>\n<div class=\"article-text\">\n<p id=\"m96-95-97\" class=\"paragraph \">Debido a esto, en ocasiones, se considera innecesario contratar un seguro de hogar para esta segunda vivienda para ahorrarse los costes. Sin embargo,\u00a0<strong>resulta fundamental tambi\u00e9n proteger estas viviendas<\/strong>, m\u00e1s a\u00fan cuando existen compa\u00f1\u00edas de seguros que tienen ofertas pensadas para la segunda residencia.<\/p>\n<h2 id=\"m101-100-102\">\u00bfPor qu\u00e9 se recomienda asegurar la segunda vivienda?<\/h2>\n<p>Aunque no se resida de forma habitual en la vivienda vacacional, conviene contratar un seguro para protegerla, precisamente, por ese motivo. Al estar la casa deshabitada pueden darse problemas en la instalaci\u00f3n el\u00e9ctrica, en el suministro de agua o en los electrodom\u00e9sticos, <strong style=\"font-size: 16px;\">problema mayor si no se est\u00e1 presente para solucionarlos<\/strong><span style=\"font-size: 16px;\">, tal y como indica el comparador\u00a0<\/span><a style=\"font-size: 16px;\" href=\"https:\/\/www.acierto.com\/\" target=\"_blank\" rel=\"noopener noreferrer\">Acierto.com.<\/a><\/p>\n<div id=\"axds-Intext\" class=\"axds\">\n<div id=\"Intext\" class=\"henneoHB\" data-google-query-id=\"CNiszd7IgOkCFcFxGwod-isDZg\">\n<div id=\"google_ads_iframe_\/34616581\/20minutos.es\/actualidad\/noticia\/Intext_0__container__\">Adem\u00e1s, muchas de las casas vacacionales suelen estar en zonas rurales o costeras, alejadas de zonas residenciales o m\u00e1s pobladas,<strong>\u00a0lo que las hace m\u00e1s propensas a sufrir robos.\u00a0<\/strong>Aparte del robo, tambi\u00e9n es conveniente un seguro que cubra los da\u00f1os materiales que pueda sufrir la vivienda\u00a0 a causa de ese robo.<\/div>\n<\/div>\n<\/div>\n<p id=\"m148-147-149\" class=\"paragraph \">Tambi\u00e9n es recomendable el seguro de hogar para los da\u00f1os que puedan producirse, no solo por aver\u00edas internas o robos, sino tambi\u00e9n por\u00a0<strong>aquellos da\u00f1os externos que puedan influir en la estructura de la casa<\/strong>, tales como los agentes atmosf\u00e9ricos o los incendios.<\/p>\n<article id=\"m153-152-154\" class=\"media media-integrated \">\n<div class=\"media-content\">\n<header><a id=\"m166-165-167\" href=\"https:\/\/www.20minutos.es\/noticia\/4233363\/0\/ventajas-desventajas-comprar-segunda-vivienda\/\">Ventajas y desventajas de comprar una segunda residencia: \u00bfen qu\u00e9 debemos pensar?<\/a><\/header>\n<\/div>\n<\/article>\n<p id=\"m184-183-185\" class=\"paragraph \">Otra raz\u00f3n para contratar estos seguros de hogar es que el cliente se puede beneficiar de las ventajas de flexibilidad que ofrecen algunas compa\u00f1\u00edas aseguradoras, por las que<strong>\u00a0puedes configurar la p\u00f3liza seg\u00fan las necesidades.\u00a0<\/strong><\/p>\n<p id=\"m189-188-190\" class=\"paragraph \">De este modo, desde\u00a0<a href=\"https:\/\/www.caser.es\/seguros-de-hogar\/articulos\/es-necesario-contratar-un-seguro-para-segunda-vivienda\" target=\"_blank\" rel=\"noopener noreferrer\">Caser<\/a>, apuntan a\u00a0<strong>una serie de coberturas que deben contener especialmente los seguros de hogar para las segundas residencias.\u00a0<\/strong>As\u00ed, no puede dejar de contratarse la protecci\u00f3n b\u00e1sica, la protecci\u00f3n por robo, la cobertura de responsabilidad civil y la de asistencia jur\u00eddica.<\/p>\n<\/div>\n<\/article>\n<\/section>\n<\/div>\n","protected":false},"excerpt":{"rendered":"<p>20MINUTOS\u00a021.04.2020 &#8211; 14:25H\u00a0\u00a0 La segunda residencia suele estar desocupada la mayor parte del a\u00f1o, motivo este para contratar un seguro de hogar. Muchas personas toman&#8230; <a href=\"https:\/\/www.cmalleida.com\/es\/es-necesario-contratar-un-seguro-para-una-segunda-vivienda-20-minutos\/\" rel=\"nofollow\" class=\"lollegirmes\">Llegeix m\u00e9s<\/a><\/p>\n","protected":false},"author":149,"featured_media":2977,"comment_status":"closed","ping_status":"closed","sticky":false,"template":"","format":"standard","meta":{"_acf_changed":false,"_genesis_hide_title":false,"_genesis_hide_breadcrumbs":false,"_genesis_hide_singular_image":false,"_genesis_hide_footer_widgets":false,"_genesis_custom_body_class":"","_genesis_custom_post_class":"","_genesis_layout":"","footnotes":""},"categories":[28],"tags":[],"class_list":{"0":"post-6783","1":"post","2":"type-post","3":"status-publish","4":"format-standard","5":"has-post-thumbnail","7":"category-actualidad","8":"entry"},"acf":[],"yoast_head":"<!-- This site is optimized with the Yoast SEO plugin v27.2 - https:\/\/yoast.com\/product\/yoast-seo-wordpress\/ -->\n<title>\u00bfEs necesario contratar un seguro para una segunda vivienda? (20 Minutos) - Col\u00b7legi de Mediadors d&#039;Assegurances de Lleida<\/title>\n<meta name=\"robots\" content=\"index, follow, max-snippet:-1, max-image-preview:large, max-video-preview:-1\" \/>\n<link rel=\"canonical\" href=\"https:\/\/www.cmalleida.com\/es\/es-necesario-contratar-un-seguro-para-una-segunda-vivienda-20-minutos\/\" \/>\n<meta property=\"og:locale\" content=\"es_ES\" \/>\n<meta property=\"og:type\" content=\"article\" \/>\n<meta property=\"og:title\" content=\"\u00bfEs necesario contratar un seguro para una segunda vivienda? (20 Minutos) - Col\u00b7legi de Mediadors d&#039;Assegurances de Lleida\" \/>\n<meta property=\"og:description\" content=\"20MINUTOS\u00a021.04.2020 &#8211; 14:25H\u00a0\u00a0 La segunda residencia suele estar desocupada la mayor parte del a\u00f1o, motivo este para contratar un seguro de hogar. Muchas personas toman... Llegeix m\u00e9s\" \/>\n<meta property=\"og:url\" content=\"https:\/\/www.cmalleida.com\/es\/es-necesario-contratar-un-seguro-para-una-segunda-vivienda-20-minutos\/\" \/>\n<meta property=\"og:site_name\" content=\"Col\u00b7legi de Mediadors d&#039;Assegurances de Lleida\" \/>\n<meta property=\"article:published_time\" content=\"2020-04-24T07:56:59+00:00\" \/>\n<meta property=\"og:image\" content=\"https:\/\/www.cmalleida.com\/wp-content\/uploads\/captura-5.jpg\" \/>\n\t<meta property=\"og:image:width\" content=\"293\" \/>\n\t<meta property=\"og:image:height\" content=\"277\" \/>\n\t<meta property=\"og:image:type\" content=\"image\/jpeg\" \/>\n<meta name=\"author\" content=\"Antonieta Castells Dolcet\" \/>\n<meta name=\"twitter:card\" content=\"summary_large_image\" \/>\n<meta name=\"twitter:label1\" content=\"Written by\" \/>\n\t<meta name=\"twitter:data1\" content=\"Antonieta Castells Dolcet\" \/>\n\t<meta name=\"twitter:label2\" content=\"Est. reading time\" \/>\n\t<meta name=\"twitter:data2\" content=\"2 minutos\" \/>\n<script type=\"application\/ld+json\" class=\"yoast-schema-graph\">{\"@context\":\"https:\/\/schema.org\",\"@graph\":[{\"@type\":\"Article\",\"@id\":\"https:\/\/www.cmalleida.com\/es\/es-necesario-contratar-un-seguro-para-una-segunda-vivienda-20-minutos\/#article\",\"isPartOf\":{\"@id\":\"https:\/\/www.cmalleida.com\/es\/es-necesario-contratar-un-seguro-para-una-segunda-vivienda-20-minutos\/\"},\"author\":{\"name\":\"Antonieta Castells Dolcet\",\"@id\":\"https:\/\/www.cmalleida.com\/es\/#\/schema\/person\/7461453022a0d6ce41c1e530eb4443b4\"},\"headline\":\"\u00bfEs necesario contratar un seguro para una segunda vivienda? (20 Minutos)\",\"datePublished\":\"2020-04-24T07:56:59+00:00\",\"mainEntityOfPage\":{\"@id\":\"https:\/\/www.cmalleida.com\/es\/es-necesario-contratar-un-seguro-para-una-segunda-vivienda-20-minutos\/\"},\"wordCount\":400,\"publisher\":{\"@id\":\"https:\/\/www.cmalleida.com\/es\/#organization\"},\"image\":{\"@id\":\"https:\/\/www.cmalleida.com\/es\/es-necesario-contratar-un-seguro-para-una-segunda-vivienda-20-minutos\/#primaryimage\"},\"thumbnailUrl\":\"https:\/\/www.cmalleida.com\/wp-content\/uploads\/captura-5.jpg\",\"articleSection\":[\"Actualidad\"],\"inLanguage\":\"es\"},{\"@type\":\"WebPage\",\"@id\":\"https:\/\/www.cmalleida.com\/es\/es-necesario-contratar-un-seguro-para-una-segunda-vivienda-20-minutos\/\",\"url\":\"https:\/\/www.cmalleida.com\/es\/es-necesario-contratar-un-seguro-para-una-segunda-vivienda-20-minutos\/\",\"name\":\"\u00bfEs necesario contratar un seguro para una segunda vivienda? (20 Minutos) - Col\u00b7legi de Mediadors d&#039;Assegurances de Lleida\",\"isPartOf\":{\"@id\":\"https:\/\/www.cmalleida.com\/es\/#website\"},\"primaryImageOfPage\":{\"@id\":\"https:\/\/www.cmalleida.com\/es\/es-necesario-contratar-un-seguro-para-una-segunda-vivienda-20-minutos\/#primaryimage\"},\"image\":{\"@id\":\"https:\/\/www.cmalleida.com\/es\/es-necesario-contratar-un-seguro-para-una-segunda-vivienda-20-minutos\/#primaryimage\"},\"thumbnailUrl\":\"https:\/\/www.cmalleida.com\/wp-content\/uploads\/captura-5.jpg\",\"datePublished\":\"2020-04-24T07:56:59+00:00\",\"breadcrumb\":{\"@id\":\"https:\/\/www.cmalleida.com\/es\/es-necesario-contratar-un-seguro-para-una-segunda-vivienda-20-minutos\/#breadcrumb\"},\"inLanguage\":\"es\",\"potentialAction\":[{\"@type\":\"ReadAction\",\"target\":[\"https:\/\/www.cmalleida.com\/es\/es-necesario-contratar-un-seguro-para-una-segunda-vivienda-20-minutos\/\"]}]},{\"@type\":\"ImageObject\",\"inLanguage\":\"es\",\"@id\":\"https:\/\/www.cmalleida.com\/es\/es-necesario-contratar-un-seguro-para-una-segunda-vivienda-20-minutos\/#primaryimage\",\"url\":\"https:\/\/www.cmalleida.com\/wp-content\/uploads\/captura-5.jpg\",\"contentUrl\":\"https:\/\/www.cmalleida.com\/wp-content\/uploads\/captura-5.jpg\",\"width\":293,\"height\":277,\"caption\":\"Captura\"},{\"@type\":\"BreadcrumbList\",\"@id\":\"https:\/\/www.cmalleida.com\/es\/es-necesario-contratar-un-seguro-para-una-segunda-vivienda-20-minutos\/#breadcrumb\",\"itemListElement\":[{\"@type\":\"ListItem\",\"position\":1,\"name\":\"Inici\",\"item\":\"https:\/\/www.cmalleida.com\/es\/\"},{\"@type\":\"ListItem\",\"position\":2,\"name\":\"\u00bfEs necesario contratar un seguro para una segunda vivienda? (20 Minutos)\"}]},{\"@type\":\"WebSite\",\"@id\":\"https:\/\/www.cmalleida.com\/es\/#website\",\"url\":\"https:\/\/www.cmalleida.com\/es\/\",\"name\":\"Col\u00b7legi de Mediadors d&#039;Assegurances de Lleida\",\"description\":\"Otro sitio realizado con WordPress\",\"publisher\":{\"@id\":\"https:\/\/www.cmalleida.com\/es\/#organization\"},\"potentialAction\":[{\"@type\":\"SearchAction\",\"target\":{\"@type\":\"EntryPoint\",\"urlTemplate\":\"https:\/\/www.cmalleida.com\/es\/?s={search_term_string}\"},\"query-input\":{\"@type\":\"PropertyValueSpecification\",\"valueRequired\":true,\"valueName\":\"search_term_string\"}}],\"inLanguage\":\"es\"},{\"@type\":\"Organization\",\"@id\":\"https:\/\/www.cmalleida.com\/es\/#organization\",\"name\":\"Col\u00b7legi de Mediadors d'Assegurances de Lleida\",\"url\":\"https:\/\/www.cmalleida.com\/es\/\",\"logo\":{\"@type\":\"ImageObject\",\"inLanguage\":\"es\",\"@id\":\"https:\/\/www.cmalleida.com\/es\/#\/schema\/logo\/image\/\",\"url\":\"\",\"contentUrl\":\"\",\"caption\":\"Col\u00b7legi de Mediadors d'Assegurances de Lleida\"},\"image\":{\"@id\":\"https:\/\/www.cmalleida.com\/es\/#\/schema\/logo\/image\/\"}},{\"@type\":\"Person\",\"@id\":\"https:\/\/www.cmalleida.com\/es\/#\/schema\/person\/7461453022a0d6ce41c1e530eb4443b4\",\"name\":\"Antonieta Castells Dolcet\",\"image\":{\"@type\":\"ImageObject\",\"inLanguage\":\"es\",\"@id\":\"https:\/\/secure.gravatar.com\/avatar\/7738df9a8ff2d12e8b37d088ff0e3e36016e57ab29e5db27ba4fb758a81ea3cb?s=96&d=mm&r=g\",\"url\":\"https:\/\/secure.gravatar.com\/avatar\/7738df9a8ff2d12e8b37d088ff0e3e36016e57ab29e5db27ba4fb758a81ea3cb?s=96&d=mm&r=g\",\"contentUrl\":\"https:\/\/secure.gravatar.com\/avatar\/7738df9a8ff2d12e8b37d088ff0e3e36016e57ab29e5db27ba4fb758a81ea3cb?s=96&d=mm&r=g\",\"caption\":\"Antonieta Castells Dolcet\"},\"sameAs\":[\"http:\/\/www.cmalleida.com\"]}]}<\/script>\n<!-- \/ Yoast SEO plugin. -->","yoast_head_json":{"title":"\u00bfEs necesario contratar un seguro para una segunda vivienda? (20 Minutos) - Col\u00b7legi de Mediadors d&#039;Assegurances de Lleida","robots":{"index":"index","follow":"follow","max-snippet":"max-snippet:-1","max-image-preview":"max-image-preview:large","max-video-preview":"max-video-preview:-1"},"canonical":"https:\/\/www.cmalleida.com\/es\/es-necesario-contratar-un-seguro-para-una-segunda-vivienda-20-minutos\/","og_locale":"es_ES","og_type":"article","og_title":"\u00bfEs necesario contratar un seguro para una segunda vivienda? (20 Minutos) - Col\u00b7legi de Mediadors d&#039;Assegurances de Lleida","og_description":"20MINUTOS\u00a021.04.2020 &#8211; 14:25H\u00a0\u00a0 La segunda residencia suele estar desocupada la mayor parte del a\u00f1o, motivo este para contratar un seguro de hogar. Muchas personas toman... Llegeix m\u00e9s","og_url":"https:\/\/www.cmalleida.com\/es\/es-necesario-contratar-un-seguro-para-una-segunda-vivienda-20-minutos\/","og_site_name":"Col\u00b7legi de Mediadors d&#039;Assegurances de Lleida","article_published_time":"2020-04-24T07:56:59+00:00","og_image":[{"width":293,"height":277,"url":"https:\/\/www.cmalleida.com\/wp-content\/uploads\/captura-5.jpg","type":"image\/jpeg"}],"author":"Antonieta Castells Dolcet","twitter_card":"summary_large_image","twitter_misc":{"Written by":"Antonieta Castells Dolcet","Est. reading time":"2 minutos"},"schema":{"@context":"https:\/\/schema.org","@graph":[{"@type":"Article","@id":"https:\/\/www.cmalleida.com\/es\/es-necesario-contratar-un-seguro-para-una-segunda-vivienda-20-minutos\/#article","isPartOf":{"@id":"https:\/\/www.cmalleida.com\/es\/es-necesario-contratar-un-seguro-para-una-segunda-vivienda-20-minutos\/"},"author":{"name":"Antonieta Castells Dolcet","@id":"https:\/\/www.cmalleida.com\/es\/#\/schema\/person\/7461453022a0d6ce41c1e530eb4443b4"},"headline":"\u00bfEs necesario contratar un seguro para una segunda vivienda? (20 Minutos)","datePublished":"2020-04-24T07:56:59+00:00","mainEntityOfPage":{"@id":"https:\/\/www.cmalleida.com\/es\/es-necesario-contratar-un-seguro-para-una-segunda-vivienda-20-minutos\/"},"wordCount":400,"publisher":{"@id":"https:\/\/www.cmalleida.com\/es\/#organization"},"image":{"@id":"https:\/\/www.cmalleida.com\/es\/es-necesario-contratar-un-seguro-para-una-segunda-vivienda-20-minutos\/#primaryimage"},"thumbnailUrl":"https:\/\/www.cmalleida.com\/wp-content\/uploads\/captura-5.jpg","articleSection":["Actualidad"],"inLanguage":"es"},{"@type":"WebPage","@id":"https:\/\/www.cmalleida.com\/es\/es-necesario-contratar-un-seguro-para-una-segunda-vivienda-20-minutos\/","url":"https:\/\/www.cmalleida.com\/es\/es-necesario-contratar-un-seguro-para-una-segunda-vivienda-20-minutos\/","name":"\u00bfEs necesario contratar un seguro para una segunda vivienda? (20 Minutos) - Col\u00b7legi de Mediadors d&#039;Assegurances de Lleida","isPartOf":{"@id":"https:\/\/www.cmalleida.com\/es\/#website"},"primaryImageOfPage":{"@id":"https:\/\/www.cmalleida.com\/es\/es-necesario-contratar-un-seguro-para-una-segunda-vivienda-20-minutos\/#primaryimage"},"image":{"@id":"https:\/\/www.cmalleida.com\/es\/es-necesario-contratar-un-seguro-para-una-segunda-vivienda-20-minutos\/#primaryimage"},"thumbnailUrl":"https:\/\/www.cmalleida.com\/wp-content\/uploads\/captura-5.jpg","datePublished":"2020-04-24T07:56:59+00:00","breadcrumb":{"@id":"https:\/\/www.cmalleida.com\/es\/es-necesario-contratar-un-seguro-para-una-segunda-vivienda-20-minutos\/#breadcrumb"},"inLanguage":"es","potentialAction":[{"@type":"ReadAction","target":["https:\/\/www.cmalleida.com\/es\/es-necesario-contratar-un-seguro-para-una-segunda-vivienda-20-minutos\/"]}]},{"@type":"ImageObject","inLanguage":"es","@id":"https:\/\/www.cmalleida.com\/es\/es-necesario-contratar-un-seguro-para-una-segunda-vivienda-20-minutos\/#primaryimage","url":"https:\/\/www.cmalleida.com\/wp-content\/uploads\/captura-5.jpg","contentUrl":"https:\/\/www.cmalleida.com\/wp-content\/uploads\/captura-5.jpg","width":293,"height":277,"caption":"Captura"},{"@type":"BreadcrumbList","@id":"https:\/\/www.cmalleida.com\/es\/es-necesario-contratar-un-seguro-para-una-segunda-vivienda-20-minutos\/#breadcrumb","itemListElement":[{"@type":"ListItem","position":1,"name":"Inici","item":"https:\/\/www.cmalleida.com\/es\/"},{"@type":"ListItem","position":2,"name":"\u00bfEs necesario contratar un seguro para una segunda vivienda? (20 Minutos)"}]},{"@type":"WebSite","@id":"https:\/\/www.cmalleida.com\/es\/#website","url":"https:\/\/www.cmalleida.com\/es\/","name":"Col\u00b7legi de Mediadors d&#039;Assegurances de Lleida","description":"Otro sitio realizado con WordPress","publisher":{"@id":"https:\/\/www.cmalleida.com\/es\/#organization"},"potentialAction":[{"@type":"SearchAction","target":{"@type":"EntryPoint","urlTemplate":"https:\/\/www.cmalleida.com\/es\/?s={search_term_string}"},"query-input":{"@type":"PropertyValueSpecification","valueRequired":true,"valueName":"search_term_string"}}],"inLanguage":"es"},{"@type":"Organization","@id":"https:\/\/www.cmalleida.com\/es\/#organization","name":"Col\u00b7legi de Mediadors d'Assegurances de Lleida","url":"https:\/\/www.cmalleida.com\/es\/","logo":{"@type":"ImageObject","inLanguage":"es","@id":"https:\/\/www.cmalleida.com\/es\/#\/schema\/logo\/image\/","url":"","contentUrl":"","caption":"Col\u00b7legi de Mediadors d'Assegurances de Lleida"},"image":{"@id":"https:\/\/www.cmalleida.com\/es\/#\/schema\/logo\/image\/"}},{"@type":"Person","@id":"https:\/\/www.cmalleida.com\/es\/#\/schema\/person\/7461453022a0d6ce41c1e530eb4443b4","name":"Antonieta Castells Dolcet","image":{"@type":"ImageObject","inLanguage":"es","@id":"https:\/\/secure.gravatar.com\/avatar\/7738df9a8ff2d12e8b37d088ff0e3e36016e57ab29e5db27ba4fb758a81ea3cb?s=96&d=mm&r=g","url":"https:\/\/secure.gravatar.com\/avatar\/7738df9a8ff2d12e8b37d088ff0e3e36016e57ab29e5db27ba4fb758a81ea3cb?s=96&d=mm&r=g","contentUrl":"https:\/\/secure.gravatar.com\/avatar\/7738df9a8ff2d12e8b37d088ff0e3e36016e57ab29e5db27ba4fb758a81ea3cb?s=96&d=mm&r=g","caption":"Antonieta Castells Dolcet"},"sameAs":["http:\/\/www.cmalleida.com"]}]}},"_links":{"self":[{"href":"https:\/\/www.cmalleida.com\/es\/wp-json\/wp\/v2\/posts\/6783","targetHints":{"allow":["GET"]}}],"collection":[{"href":"https:\/\/www.cmalleida.com\/es\/wp-json\/wp\/v2\/posts"}],"about":[{"href":"https:\/\/www.cmalleida.com\/es\/wp-json\/wp\/v2\/types\/post"}],"author":[{"embeddable":true,"href":"https:\/\/www.cmalleida.com\/es\/wp-json\/wp\/v2\/users\/149"}],"replies":[{"embeddable":true,"href":"https:\/\/www.cmalleida.com\/es\/wp-json\/wp\/v2\/comments?post=6783"}],"version-history":[{"count":1,"href":"https:\/\/www.cmalleida.com\/es\/wp-json\/wp\/v2\/posts\/6783\/revisions"}],"predecessor-version":[{"id":6784,"href":"https:\/\/www.cmalleida.com\/es\/wp-json\/wp\/v2\/posts\/6783\/revisions\/6784"}],"wp:featuredmedia":[{"embeddable":true,"href":"https:\/\/www.cmalleida.com\/es\/wp-json\/wp\/v2\/media\/2977"}],"wp:attachment":[{"href":"https:\/\/www.cmalleida.com\/es\/wp-json\/wp\/v2\/media?parent=6783"}],"wp:term":[{"taxonomy":"category","embeddable":true,"href":"https:\/\/www.cmalleida.com\/es\/wp-json\/wp\/v2\/categories?post=6783"},{"taxonomy":"post_tag","embeddable":true,"href":"https:\/\/www.cmalleida.com\/es\/wp-json\/wp\/v2\/tags?post=6783"}],"curies":[{"name":"wp","href":"https:\/\/api.w.org\/{rel}","templated":true}]}}