{"id":6735,"date":"2020-04-17T10:00:03","date_gmt":"2020-04-17T08:00:03","guid":{"rendered":"https:\/\/www.cmalleida.com\/?p=6735"},"modified":"2020-04-17T10:14:30","modified_gmt":"2020-04-17T08:14:30","slug":"el-triunfo-de-la-solidaridad-el-pais","status":"publish","type":"post","link":"https:\/\/www.cmalleida.com\/es\/el-triunfo-de-la-solidaridad-el-pais\/","title":{"rendered":"El Triunfo de la solidaridad (El Pa\u00eds)"},"content":{"rendered":"<header class=\"a_h | col desktop_12 tablet_8 mobile_4\">\n<div id=\"article_header\" class=\"a_hg opinion | flex container_column align_items_center text_align_center padding_h_xxl\">\n<h4 class=\"a_st font_secondary color_gray_dark normal\">La presidenta de Unespa, Pilar Gonz\u00e1lez de Frutos, destaca la solidaridad de las aseguradoras con la creaci\u00f3n de la mayor p\u00f3liza gratuita creada para los sanitarios<\/h4>\n<\/div>\n<div class=\"sb | width_full border_bottom border_5\">\n<div class=\"sb_w | border_bottom border_1 padding_bottom flex\n          justify_space_between relative\"><\/p>\n<div class=\"flex container_row social-icons right-links horizontal  \"><a class=\"a_aut_n | color_black\" title=\"Ver todas las noticias de Pilar Gonz\u00e1lez de Frutos\" href=\"https:\/\/elpais.com\/autor\/pilar-gonzalez-de-frutos\/\">PILAR GONZ\u00c1LEZ DE FRUTOS\u00a0\u00a0\u00a0\u00a0\u00a0\u00a0<\/a><span class=\"a_pl | capitalize  color_black\">Madrid<\/span>\u00a0&#8211;\u00a0<a class=\"a_ti\" href=\"https:\/\/elpais.com\/hemeroteca\/2020-04-10\/\">10 ABR 2020\u00a0&#8211;\u00a014:39\u00a0<abbr title=\"\">CEST<\/abbr><\/a><\/div>\n<\/div>\n<\/div>\n<div data-fusion-collection=\"features\" data-fusion-type=\"article\/lead-art\"><\/div>\n<\/header>\n<div class=\"a_w | col desktop_8 tablet_8 mobile_4\">\n<div class=\"a_b article_body | color_gray_dark\">\n<p class=\"\">Es posible que a las personas que han visitado el Museo del Prado les suene un cuadro que hay colgado en una de las salas dedicadas a la pintura flamenca de los siglos XV y XVI. Es un \u00f3leo de Pieter Brueghel \u2018El viejo\u2019 y retrata un panorama desolador. En la parte superior de la tabla, la destrucci\u00f3n del paisaje. En la media, la de la sociedad, la de los grupos. Abajo, la muerte de las personas: la madre, el beb\u00e9, los amantes, los jugadores de cartas, el militar, el peregrino, el cardenal, el arlequ\u00edn, el monarca\u2026 Ninguno est\u00e1 a salvo.<\/p>\n<div id=\"elpais_gpt-INTEXT\" data-google-query-id=\"CIfE16eB7-gCFRDV1Qod260MQQ\">\n<div id=\"google_ads_iframe_7811748\/elpais_finanzas_economia_web\/intext_0__container__\">Para el observador contempor\u00e1neo estas escenas parec\u00edan de otra \u00e9poca. \u00bfPod\u00eda una cat\u00e1strofe ser de tal magnitud como para sacudir los cimientos de la sociedad globalizada del siglo XXI? La pandemia de la Covid-19 est\u00e1 poniendo a prueba la resistencia de nuestras estructuras sociales, econ\u00f3micas, pol\u00edticas&#8230; Precisamente por eso, est\u00e1 sacando lo mejor de todos nosotros.<\/div>\n<\/div>\n<p class=\"\">Las empresas somos actores sociales de referencia en esta dur\u00edsima prueba a la que se nos est\u00e1 sometiendo y, para la industria del seguro en particular, la situaci\u00f3n es ciertamente exigente. Desde que la crisis sanitaria llegara a Europa, nuestro sector ha dado prueba de su raz\u00f3n de ser manteniendo el servicio. Continuando la atenci\u00f3n a los asegurados. Cuidando a nuestros trabajadores. Pero hemos querido ir m\u00e1s all\u00e1 de quienes tenemos m\u00e1s cerca. Nuestras acciones tambi\u00e9n se han dirigido al conjunto de la sociedad.<\/p>\n<p class=\"\">Las aseguradoras han puesto en marcha una mir\u00edada de iniciativas individuales volcadas en los dem\u00e1s en las \u00faltimas semanas. Ahora damos un nuevo paso. Un paso como sector. Un centenar de aseguradoras se ha unido para financiar y poner en marcha un seguro de vida y subsidio por hospitalizaci\u00f3n para el personal sanitario que est\u00e1 dej\u00e1ndose la piel en contener la pandemia del coronavirus en hospitales y centros de mayores, tanto p\u00fablicos como privados. Este seguro dar\u00e1 protecci\u00f3n a 700.000 profesionales del \u00e1mbito de la salud. Entre ellos figuran m\u00e9dicos, enfermeros, auxiliares de enfermer\u00eda y celadores. Se trata de una iniciativa sin precedentes y es, de hecho, la mayor p\u00f3liza colectiva de este tipo en la historia de Espa\u00f1a. La protecci\u00f3n tendr\u00e1 una vigencia de medio a\u00f1o, a contar desde el pasado 14 de marzo. Con este gesto, en el seguro queremos proteger a los sanitarios y a los suyos de la forma que nosotros sabemos: repartiendo el riesgo entre todos. Mutualizando.<\/p>\n<p class=\"\">Porque el deseo de la industria a la que represento es que salgamos juntos de esta. Que podamos reponernos y recuperar esa normalidad hoy tan ansiada. Para que esta crisis sanitaria no devenga en otro\u00a0<i>Triunfo de la muerte<\/i>. En otro cuadro de alg\u00fan Brueghel contempor\u00e1neo. Para que, muy al contrario, este sea el triunfo de la vida. El<i>\u00a0Triunfo de la solidaridad<\/i>.<\/p>\n<\/div>\n<\/div>\n","protected":false},"excerpt":{"rendered":"<p>La presidenta de Unespa, Pilar Gonz\u00e1lez de Frutos, destaca la solidaridad de las aseguradoras con la creaci\u00f3n de la mayor p\u00f3liza gratuita creada para los&#8230; <a href=\"https:\/\/www.cmalleida.com\/es\/el-triunfo-de-la-solidaridad-el-pais\/\" rel=\"nofollow\" class=\"lollegirmes\">Llegeix m\u00e9s<\/a><\/p>\n","protected":false},"author":149,"featured_media":1927,"comment_status":"closed","ping_status":"closed","sticky":false,"template":"","format":"standard","meta":{"_acf_changed":false,"_genesis_hide_title":false,"_genesis_hide_breadcrumbs":false,"_genesis_hide_singular_image":false,"_genesis_hide_footer_widgets":false,"_genesis_custom_body_class":"","_genesis_custom_post_class":"","_genesis_layout":"","footnotes":""},"categories":[28],"tags":[],"class_list":{"0":"post-6735","1":"post","2":"type-post","3":"status-publish","4":"format-standard","5":"has-post-thumbnail","7":"category-actualidad","8":"entry"},"acf":[],"yoast_head":"<!-- This site is optimized with the Yoast SEO plugin v27.2 - https:\/\/yoast.com\/product\/yoast-seo-wordpress\/ -->\n<title>El Triunfo de la solidaridad (El Pa\u00eds) - Col\u00b7legi de Mediadors d&#039;Assegurances de Lleida<\/title>\n<meta name=\"robots\" content=\"index, follow, max-snippet:-1, max-image-preview:large, max-video-preview:-1\" \/>\n<link rel=\"canonical\" href=\"https:\/\/www.cmalleida.com\/es\/el-triunfo-de-la-solidaridad-el-pais\/\" \/>\n<meta property=\"og:locale\" content=\"es_ES\" \/>\n<meta property=\"og:type\" content=\"article\" \/>\n<meta property=\"og:title\" content=\"El Triunfo de la solidaridad (El Pa\u00eds) - Col\u00b7legi de Mediadors d&#039;Assegurances de Lleida\" \/>\n<meta property=\"og:description\" content=\"La presidenta de Unespa, Pilar Gonz\u00e1lez de Frutos, destaca la solidaridad de las aseguradoras con la creaci\u00f3n de la mayor p\u00f3liza gratuita creada para los... Llegeix m\u00e9s\" \/>\n<meta property=\"og:url\" content=\"https:\/\/www.cmalleida.com\/es\/el-triunfo-de-la-solidaridad-el-pais\/\" \/>\n<meta property=\"og:site_name\" content=\"Col\u00b7legi de Mediadors d&#039;Assegurances de Lleida\" \/>\n<meta property=\"article:published_time\" content=\"2020-04-17T08:00:03+00:00\" \/>\n<meta property=\"article:modified_time\" content=\"2020-04-17T08:14:30+00:00\" \/>\n<meta property=\"og:image\" content=\"https:\/\/www.cmalleida.com\/wp-content\/uploads\/cmall-lleida-actualitat-conferencia762.jpg\" \/>\n\t<meta property=\"og:image:width\" content=\"762\" \/>\n\t<meta property=\"og:image:height\" content=\"762\" \/>\n\t<meta property=\"og:image:type\" content=\"image\/jpeg\" \/>\n<meta name=\"author\" content=\"Antonieta Castells Dolcet\" \/>\n<meta name=\"twitter:card\" content=\"summary_large_image\" \/>\n<meta name=\"twitter:label1\" content=\"Written by\" \/>\n\t<meta name=\"twitter:data1\" content=\"Antonieta Castells Dolcet\" \/>\n\t<meta name=\"twitter:label2\" content=\"Est. reading time\" \/>\n\t<meta name=\"twitter:data2\" content=\"3 minutos\" \/>\n<script type=\"application\/ld+json\" class=\"yoast-schema-graph\">{\"@context\":\"https:\/\/schema.org\",\"@graph\":[{\"@type\":\"Article\",\"@id\":\"https:\/\/www.cmalleida.com\/es\/el-triunfo-de-la-solidaridad-el-pais\/#article\",\"isPartOf\":{\"@id\":\"https:\/\/www.cmalleida.com\/es\/el-triunfo-de-la-solidaridad-el-pais\/\"},\"author\":{\"name\":\"Antonieta Castells Dolcet\",\"@id\":\"https:\/\/www.cmalleida.com\/es\/#\/schema\/person\/7461453022a0d6ce41c1e530eb4443b4\"},\"headline\":\"El Triunfo de la solidaridad (El Pa\u00eds)\",\"datePublished\":\"2020-04-17T08:00:03+00:00\",\"dateModified\":\"2020-04-17T08:14:30+00:00\",\"mainEntityOfPage\":{\"@id\":\"https:\/\/www.cmalleida.com\/es\/el-triunfo-de-la-solidaridad-el-pais\/\"},\"wordCount\":540,\"publisher\":{\"@id\":\"https:\/\/www.cmalleida.com\/es\/#organization\"},\"image\":{\"@id\":\"https:\/\/www.cmalleida.com\/es\/el-triunfo-de-la-solidaridad-el-pais\/#primaryimage\"},\"thumbnailUrl\":\"https:\/\/www.cmalleida.com\/wp-content\/uploads\/cmall-lleida-actualitat-conferencia762.jpg\",\"articleSection\":[\"Actualidad\"],\"inLanguage\":\"es\"},{\"@type\":\"WebPage\",\"@id\":\"https:\/\/www.cmalleida.com\/es\/el-triunfo-de-la-solidaridad-el-pais\/\",\"url\":\"https:\/\/www.cmalleida.com\/es\/el-triunfo-de-la-solidaridad-el-pais\/\",\"name\":\"El Triunfo de la solidaridad (El Pa\u00eds) - Col\u00b7legi de Mediadors d&#039;Assegurances de Lleida\",\"isPartOf\":{\"@id\":\"https:\/\/www.cmalleida.com\/es\/#website\"},\"primaryImageOfPage\":{\"@id\":\"https:\/\/www.cmalleida.com\/es\/el-triunfo-de-la-solidaridad-el-pais\/#primaryimage\"},\"image\":{\"@id\":\"https:\/\/www.cmalleida.com\/es\/el-triunfo-de-la-solidaridad-el-pais\/#primaryimage\"},\"thumbnailUrl\":\"https:\/\/www.cmalleida.com\/wp-content\/uploads\/cmall-lleida-actualitat-conferencia762.jpg\",\"datePublished\":\"2020-04-17T08:00:03+00:00\",\"dateModified\":\"2020-04-17T08:14:30+00:00\",\"breadcrumb\":{\"@id\":\"https:\/\/www.cmalleida.com\/es\/el-triunfo-de-la-solidaridad-el-pais\/#breadcrumb\"},\"inLanguage\":\"es\",\"potentialAction\":[{\"@type\":\"ReadAction\",\"target\":[\"https:\/\/www.cmalleida.com\/es\/el-triunfo-de-la-solidaridad-el-pais\/\"]}]},{\"@type\":\"ImageObject\",\"inLanguage\":\"es\",\"@id\":\"https:\/\/www.cmalleida.com\/es\/el-triunfo-de-la-solidaridad-el-pais\/#primaryimage\",\"url\":\"https:\/\/www.cmalleida.com\/wp-content\/uploads\/cmall-lleida-actualitat-conferencia762.jpg\",\"contentUrl\":\"https:\/\/www.cmalleida.com\/wp-content\/uploads\/cmall-lleida-actualitat-conferencia762.jpg\",\"width\":762,\"height\":762,\"caption\":\"cmall-lleida-actualitat-conferencia762\"},{\"@type\":\"BreadcrumbList\",\"@id\":\"https:\/\/www.cmalleida.com\/es\/el-triunfo-de-la-solidaridad-el-pais\/#breadcrumb\",\"itemListElement\":[{\"@type\":\"ListItem\",\"position\":1,\"name\":\"Inici\",\"item\":\"https:\/\/www.cmalleida.com\/es\/\"},{\"@type\":\"ListItem\",\"position\":2,\"name\":\"El Triunfo de la solidaridad (El Pa\u00eds)\"}]},{\"@type\":\"WebSite\",\"@id\":\"https:\/\/www.cmalleida.com\/es\/#website\",\"url\":\"https:\/\/www.cmalleida.com\/es\/\",\"name\":\"Col\u00b7legi de Mediadors d&#039;Assegurances de Lleida\",\"description\":\"Otro sitio realizado con WordPress\",\"publisher\":{\"@id\":\"https:\/\/www.cmalleida.com\/es\/#organization\"},\"potentialAction\":[{\"@type\":\"SearchAction\",\"target\":{\"@type\":\"EntryPoint\",\"urlTemplate\":\"https:\/\/www.cmalleida.com\/es\/?s={search_term_string}\"},\"query-input\":{\"@type\":\"PropertyValueSpecification\",\"valueRequired\":true,\"valueName\":\"search_term_string\"}}],\"inLanguage\":\"es\"},{\"@type\":\"Organization\",\"@id\":\"https:\/\/www.cmalleida.com\/es\/#organization\",\"name\":\"Col\u00b7legi de Mediadors d'Assegurances de Lleida\",\"url\":\"https:\/\/www.cmalleida.com\/es\/\",\"logo\":{\"@type\":\"ImageObject\",\"inLanguage\":\"es\",\"@id\":\"https:\/\/www.cmalleida.com\/es\/#\/schema\/logo\/image\/\",\"url\":\"\",\"contentUrl\":\"\",\"caption\":\"Col\u00b7legi de Mediadors d'Assegurances de Lleida\"},\"image\":{\"@id\":\"https:\/\/www.cmalleida.com\/es\/#\/schema\/logo\/image\/\"}},{\"@type\":\"Person\",\"@id\":\"https:\/\/www.cmalleida.com\/es\/#\/schema\/person\/7461453022a0d6ce41c1e530eb4443b4\",\"name\":\"Antonieta Castells Dolcet\",\"image\":{\"@type\":\"ImageObject\",\"inLanguage\":\"es\",\"@id\":\"https:\/\/secure.gravatar.com\/avatar\/7738df9a8ff2d12e8b37d088ff0e3e36016e57ab29e5db27ba4fb758a81ea3cb?s=96&d=mm&r=g\",\"url\":\"https:\/\/secure.gravatar.com\/avatar\/7738df9a8ff2d12e8b37d088ff0e3e36016e57ab29e5db27ba4fb758a81ea3cb?s=96&d=mm&r=g\",\"contentUrl\":\"https:\/\/secure.gravatar.com\/avatar\/7738df9a8ff2d12e8b37d088ff0e3e36016e57ab29e5db27ba4fb758a81ea3cb?s=96&d=mm&r=g\",\"caption\":\"Antonieta Castells Dolcet\"},\"sameAs\":[\"http:\/\/www.cmalleida.com\"]}]}<\/script>\n<!-- \/ Yoast SEO plugin. -->","yoast_head_json":{"title":"El Triunfo de la solidaridad (El Pa\u00eds) - Col\u00b7legi de Mediadors d&#039;Assegurances de Lleida","robots":{"index":"index","follow":"follow","max-snippet":"max-snippet:-1","max-image-preview":"max-image-preview:large","max-video-preview":"max-video-preview:-1"},"canonical":"https:\/\/www.cmalleida.com\/es\/el-triunfo-de-la-solidaridad-el-pais\/","og_locale":"es_ES","og_type":"article","og_title":"El Triunfo de la solidaridad (El Pa\u00eds) - Col\u00b7legi de Mediadors d&#039;Assegurances de Lleida","og_description":"La presidenta de Unespa, Pilar Gonz\u00e1lez de Frutos, destaca la solidaridad de las aseguradoras con la creaci\u00f3n de la mayor p\u00f3liza gratuita creada para los... Llegeix m\u00e9s","og_url":"https:\/\/www.cmalleida.com\/es\/el-triunfo-de-la-solidaridad-el-pais\/","og_site_name":"Col\u00b7legi de Mediadors d&#039;Assegurances de Lleida","article_published_time":"2020-04-17T08:00:03+00:00","article_modified_time":"2020-04-17T08:14:30+00:00","og_image":[{"width":762,"height":762,"url":"https:\/\/www.cmalleida.com\/wp-content\/uploads\/cmall-lleida-actualitat-conferencia762.jpg","type":"image\/jpeg"}],"author":"Antonieta Castells Dolcet","twitter_card":"summary_large_image","twitter_misc":{"Written by":"Antonieta Castells Dolcet","Est. reading time":"3 minutos"},"schema":{"@context":"https:\/\/schema.org","@graph":[{"@type":"Article","@id":"https:\/\/www.cmalleida.com\/es\/el-triunfo-de-la-solidaridad-el-pais\/#article","isPartOf":{"@id":"https:\/\/www.cmalleida.com\/es\/el-triunfo-de-la-solidaridad-el-pais\/"},"author":{"name":"Antonieta Castells Dolcet","@id":"https:\/\/www.cmalleida.com\/es\/#\/schema\/person\/7461453022a0d6ce41c1e530eb4443b4"},"headline":"El Triunfo de la solidaridad (El Pa\u00eds)","datePublished":"2020-04-17T08:00:03+00:00","dateModified":"2020-04-17T08:14:30+00:00","mainEntityOfPage":{"@id":"https:\/\/www.cmalleida.com\/es\/el-triunfo-de-la-solidaridad-el-pais\/"},"wordCount":540,"publisher":{"@id":"https:\/\/www.cmalleida.com\/es\/#organization"},"image":{"@id":"https:\/\/www.cmalleida.com\/es\/el-triunfo-de-la-solidaridad-el-pais\/#primaryimage"},"thumbnailUrl":"https:\/\/www.cmalleida.com\/wp-content\/uploads\/cmall-lleida-actualitat-conferencia762.jpg","articleSection":["Actualidad"],"inLanguage":"es"},{"@type":"WebPage","@id":"https:\/\/www.cmalleida.com\/es\/el-triunfo-de-la-solidaridad-el-pais\/","url":"https:\/\/www.cmalleida.com\/es\/el-triunfo-de-la-solidaridad-el-pais\/","name":"El Triunfo de la solidaridad (El Pa\u00eds) - Col\u00b7legi de Mediadors d&#039;Assegurances de Lleida","isPartOf":{"@id":"https:\/\/www.cmalleida.com\/es\/#website"},"primaryImageOfPage":{"@id":"https:\/\/www.cmalleida.com\/es\/el-triunfo-de-la-solidaridad-el-pais\/#primaryimage"},"image":{"@id":"https:\/\/www.cmalleida.com\/es\/el-triunfo-de-la-solidaridad-el-pais\/#primaryimage"},"thumbnailUrl":"https:\/\/www.cmalleida.com\/wp-content\/uploads\/cmall-lleida-actualitat-conferencia762.jpg","datePublished":"2020-04-17T08:00:03+00:00","dateModified":"2020-04-17T08:14:30+00:00","breadcrumb":{"@id":"https:\/\/www.cmalleida.com\/es\/el-triunfo-de-la-solidaridad-el-pais\/#breadcrumb"},"inLanguage":"es","potentialAction":[{"@type":"ReadAction","target":["https:\/\/www.cmalleida.com\/es\/el-triunfo-de-la-solidaridad-el-pais\/"]}]},{"@type":"ImageObject","inLanguage":"es","@id":"https:\/\/www.cmalleida.com\/es\/el-triunfo-de-la-solidaridad-el-pais\/#primaryimage","url":"https:\/\/www.cmalleida.com\/wp-content\/uploads\/cmall-lleida-actualitat-conferencia762.jpg","contentUrl":"https:\/\/www.cmalleida.com\/wp-content\/uploads\/cmall-lleida-actualitat-conferencia762.jpg","width":762,"height":762,"caption":"cmall-lleida-actualitat-conferencia762"},{"@type":"BreadcrumbList","@id":"https:\/\/www.cmalleida.com\/es\/el-triunfo-de-la-solidaridad-el-pais\/#breadcrumb","itemListElement":[{"@type":"ListItem","position":1,"name":"Inici","item":"https:\/\/www.cmalleida.com\/es\/"},{"@type":"ListItem","position":2,"name":"El Triunfo de la solidaridad (El Pa\u00eds)"}]},{"@type":"WebSite","@id":"https:\/\/www.cmalleida.com\/es\/#website","url":"https:\/\/www.cmalleida.com\/es\/","name":"Col\u00b7legi de Mediadors d&#039;Assegurances de Lleida","description":"Otro sitio realizado con WordPress","publisher":{"@id":"https:\/\/www.cmalleida.com\/es\/#organization"},"potentialAction":[{"@type":"SearchAction","target":{"@type":"EntryPoint","urlTemplate":"https:\/\/www.cmalleida.com\/es\/?s={search_term_string}"},"query-input":{"@type":"PropertyValueSpecification","valueRequired":true,"valueName":"search_term_string"}}],"inLanguage":"es"},{"@type":"Organization","@id":"https:\/\/www.cmalleida.com\/es\/#organization","name":"Col\u00b7legi de Mediadors d'Assegurances de Lleida","url":"https:\/\/www.cmalleida.com\/es\/","logo":{"@type":"ImageObject","inLanguage":"es","@id":"https:\/\/www.cmalleida.com\/es\/#\/schema\/logo\/image\/","url":"","contentUrl":"","caption":"Col\u00b7legi de Mediadors d'Assegurances de Lleida"},"image":{"@id":"https:\/\/www.cmalleida.com\/es\/#\/schema\/logo\/image\/"}},{"@type":"Person","@id":"https:\/\/www.cmalleida.com\/es\/#\/schema\/person\/7461453022a0d6ce41c1e530eb4443b4","name":"Antonieta Castells Dolcet","image":{"@type":"ImageObject","inLanguage":"es","@id":"https:\/\/secure.gravatar.com\/avatar\/7738df9a8ff2d12e8b37d088ff0e3e36016e57ab29e5db27ba4fb758a81ea3cb?s=96&d=mm&r=g","url":"https:\/\/secure.gravatar.com\/avatar\/7738df9a8ff2d12e8b37d088ff0e3e36016e57ab29e5db27ba4fb758a81ea3cb?s=96&d=mm&r=g","contentUrl":"https:\/\/secure.gravatar.com\/avatar\/7738df9a8ff2d12e8b37d088ff0e3e36016e57ab29e5db27ba4fb758a81ea3cb?s=96&d=mm&r=g","caption":"Antonieta Castells Dolcet"},"sameAs":["http:\/\/www.cmalleida.com"]}]}},"_links":{"self":[{"href":"https:\/\/www.cmalleida.com\/es\/wp-json\/wp\/v2\/posts\/6735","targetHints":{"allow":["GET"]}}],"collection":[{"href":"https:\/\/www.cmalleida.com\/es\/wp-json\/wp\/v2\/posts"}],"about":[{"href":"https:\/\/www.cmalleida.com\/es\/wp-json\/wp\/v2\/types\/post"}],"author":[{"embeddable":true,"href":"https:\/\/www.cmalleida.com\/es\/wp-json\/wp\/v2\/users\/149"}],"replies":[{"embeddable":true,"href":"https:\/\/www.cmalleida.com\/es\/wp-json\/wp\/v2\/comments?post=6735"}],"version-history":[{"count":1,"href":"https:\/\/www.cmalleida.com\/es\/wp-json\/wp\/v2\/posts\/6735\/revisions"}],"predecessor-version":[{"id":6736,"href":"https:\/\/www.cmalleida.com\/es\/wp-json\/wp\/v2\/posts\/6735\/revisions\/6736"}],"wp:featuredmedia":[{"embeddable":true,"href":"https:\/\/www.cmalleida.com\/es\/wp-json\/wp\/v2\/media\/1927"}],"wp:attachment":[{"href":"https:\/\/www.cmalleida.com\/es\/wp-json\/wp\/v2\/media?parent=6735"}],"wp:term":[{"taxonomy":"category","embeddable":true,"href":"https:\/\/www.cmalleida.com\/es\/wp-json\/wp\/v2\/categories?post=6735"},{"taxonomy":"post_tag","embeddable":true,"href":"https:\/\/www.cmalleida.com\/es\/wp-json\/wp\/v2\/tags?post=6735"}],"curies":[{"name":"wp","href":"https:\/\/api.w.org\/{rel}","templated":true}]}}