{"id":6622,"date":"2020-03-27T09:54:47","date_gmt":"2020-03-27T08:54:47","guid":{"rendered":"https:\/\/www.cmalleida.com\/?p=6622"},"modified":"2020-03-27T09:54:47","modified_gmt":"2020-03-27T08:54:47","slug":"las-aseguradoras-asumen-la-clausula-de-la-pandemia-en-caso-de-muerte-por-coronavirus","status":"publish","type":"post","link":"https:\/\/www.cmalleida.com\/es\/las-aseguradoras-asumen-la-clausula-de-la-pandemia-en-caso-de-muerte-por-coronavirus\/","title":{"rendered":"Las aseguradoras asumen la \u00abcl\u00e1usula de la pandemia\u00bb en caso de muerte por coronavirus"},"content":{"rendered":"<h4 class=\"subtitulo\">La mayor\u00eda de firmas de este sector no aplican, debido a la excepcional situaci\u00f3n sanitaria, una condici\u00f3n que podr\u00eda evitarles el pago de los servicios funerarios de algunos asegurados<\/h4>\n<footer class=\"autores\"><span class=\"autor\"><a class=\"nombre\" title=\"Enrique Delgado Sanz\" href=\"https:\/\/www.abc.es\/autor\/enrique-delgado-sanz-1427\/\">Enrique Delgado Sanz\u00a0\u00a0\u00a0\u00a0\u00a0<\/a><\/span><span class=\"cuerpo-texto \"><span class=\"data\"><span class=\"datos-articulo\"><span class=\"datos\"><span class=\"lugar\">MADRID<\/span><span class=\"fecha\">\u00a0Actualizado:<time class=\"actualizado\" datetime=\"2020-03-27T07:13:45Z\">27\/03\/2020 08:13h<\/time><\/span><\/span><\/span><\/span><\/span><\/footer>\n<p>Nadie espera morir por culpa de una pandemia mundial. Por eso, a la hora de firmar un seguro de fallecimiento o deceso, es habitual que el contratante elija ahorrarse algo de dinero en su p\u00f3liza ante una eventualidad como esta o, directamente, que esa opci\u00f3n ni se contemple.\u00a0<strong>El coronavirus<\/strong>, sin embargo, puede cambiar esta percepci\u00f3n. El Covid-19 fue declarado pandemia por la Organizaci\u00f3n Mundial de la Salud (OMS) y ha provocado miles de muertos en todo el mundo. En Espa\u00f1a, seg\u00fan los \u00faltimos datos ofrecidos por el Ministerio de Sanidad, 4.089 hasta hoy.<\/p>\n<p>En este punto surgen las dudas sobre si los gastos aparejados al fallecimiento por este virus est\u00e1n cubiertos por su seguro de deceso. Seg\u00fan explican fuentes del sector, lo m\u00e1s seguro es comprobar en cada p\u00f3liza si esta opci\u00f3n estaba contemplada aunque, ante la situaci\u00f3n excepcional que se vive estas semanas en Espa\u00f1a, la mayor\u00eda de aseguradoras est\u00e1n asumiendo los costes de una muerte por coronavirus pese a tratarse de una pandemia.<\/p>\n<p>\u00abEl seguro de decesos cubre el fallecimiento por coronavirus. En el caso de\u00a0<strong>Santaluc\u00eda<\/strong>, adem\u00e1s, con el valor a\u00f1adido de hacerse cargo, tambi\u00e9n, aunque ocurra en el extranjero\u00ab, explican fuentes oficiales de la compa\u00f1\u00eda aseguradora a ABC. Lo mismo ocurre con\u00a0<strong>Mapfre<\/strong>. \u00abNo existe en los contratos ninguna exclusi\u00f3n por coronavirus, y a pesar de que a d\u00eda de hoy nuestra capacidad se encuentra limitada en algunos lugares debido a la situaci\u00f3n extraordinaria que estamos viviendo, las aseguradoras estamos atendiendo los servicios dentro de nuestra capacidad\u00bb, subrayan desde la firma de seguros.<\/p>\n<aside class=\"roba-intercalado sin-fondo layer_inpage\">\n<div class=\"teads-inread sm-screen\">\n<div>\n<div class=\"teads-ui-components-credits\">Desde el comparador de seguros <a href=\"https:\/\/www.rastreator.com\/\" target=\"_blank\" rel=\"noopener noreferrer\">Rastreator<\/a>\u00a0tambi\u00e9n apuntan esta tendencia despu\u00e9s de consultar a distintas empresas del sector. \u00abUna gran mayor\u00eda de las aseguradoras han decidido por decisi\u00f3n propia no aplicar la exclusi\u00f3n de pandemia y\/o epidemia prevista en las condiciones generales de las p\u00f3lizas de decesos cubriendo as\u00ed los casos de fallecimiento a causa del Covid-19\u00bb.<\/div>\n<\/div>\n<\/div>\n<\/aside>\n<p>Fuentes oficiales de la<strong>\u00a0funeraria M\u00e9mora<\/strong>, una de las principales del sector en Espa\u00f1a, tambi\u00e9n confirman a este diario que actualmente las compa\u00f1\u00edas aseguradoras est\u00e1n haciendo frente a los costes relacionados con el fallecimiento de personas aseguradas contagiadas por Covid-19.<\/p>\n<h3 class=\"ladillo\">No repercuten los costes adicionales<\/h3>\n<p>Las nuevas exigencias de higiene y sanitarias promovidas para evitar los contagios tambi\u00e9n afectan al tratamiento y traslado de los cad\u00e1veres de\u00a0<a href=\"https:\/\/www.abc.es\/espana\/galicia\/abci-coronavirus-galicia-nuevos-fallecidos-elevan-34-total-victimas-pandemia-202003261006_noticia.html\" target=\"_blank\" rel=\"noopener noreferrer\">fallecidos por coronavirus<\/a>. \u00abHay nuevos equipos y material de protecci\u00f3n que l\u00f3gicamente tienen un coste. Sin embargo, como se han dejado de prestar otros servicios funerarios habituales como las ceremonias de despedida o los velatorios, entendemos que no debe de haber incremento\u00bb, especifican desde la\u00a0<strong>Asociaci\u00f3n Nacional de Servicios Funerarios<\/strong>\u00a0(Panasef).<\/p>\n<p>Las compa\u00f1\u00edas aseguradoras consultadas por este diario confirman este extremo. \u00abLos costes de personal, de gesti\u00f3n y tr\u00e1mites y de material s\u00ed aumentan. No obstante, este incremento es siempre asumido por la aseguradora, sin repercutirlo nunca al asegurado\u00bb, exponen fuentes oficiales de Santaluc\u00eda. \u00abHemos decidido asumir esos costes, entendiendo que el dolor de las familias y las limitaciones impuestas en estos momentos no pueden venir acompa\u00f1adas de un coste econ\u00f3mico adicional\u00bb, manifiestan desde Mapfre.<\/p>\n<aside class=\"despiece\">\n<h3 class=\"ladillo\">\u00bfY si no tengo seguro?<\/h3>\n<p>No todo el mundo puede permitirse el pago de un seguro de fallecimiento. Seg\u00fan el \u00faltimo estudio sobre el H\u00e1bito de ahorro de los espa\u00f1oles, elaborado por Rastreator, un 41 por ciento de los consultados afirm\u00f3 tener un contrato por deceso contratado. De esta forma, aquellos que no puedan permit\u00edrselo, tendr\u00e1n que asumir los costes del fallecimiento de sus familiares que, como exponen tanto aseguradoras como funerarias, se han incrementado en las \u00faltimas semanas desde el estallido de la crisis del coronavirus.<\/p>\n<p>En internet circulan peticiones de ciudadanos que, ante esta situaci\u00f3n, solicitan que regulen los precios m\u00e1ximos de los servicios funerarios para no tener que hacer frente a unos gastos adicionales ante la muerte por Covid-19 de un familiar.<\/p>\n<\/aside>\n<p>&nbsp;<\/p>\n","protected":false},"excerpt":{"rendered":"<p>La mayor\u00eda de firmas de este sector no aplican, debido a la excepcional situaci\u00f3n sanitaria, una condici\u00f3n que podr\u00eda evitarles el pago de los servicios&#8230; <a href=\"https:\/\/www.cmalleida.com\/es\/las-aseguradoras-asumen-la-clausula-de-la-pandemia-en-caso-de-muerte-por-coronavirus\/\" rel=\"nofollow\" class=\"lollegirmes\">Llegeix m\u00e9s<\/a><\/p>\n","protected":false},"author":149,"featured_media":1890,"comment_status":"closed","ping_status":"closed","sticky":false,"template":"","format":"standard","meta":{"_acf_changed":false,"_genesis_hide_title":false,"_genesis_hide_breadcrumbs":false,"_genesis_hide_singular_image":false,"_genesis_hide_footer_widgets":false,"_genesis_custom_body_class":"","_genesis_custom_post_class":"","_genesis_layout":"","footnotes":""},"categories":[28,62],"tags":[],"class_list":{"0":"post-6622","1":"post","2":"type-post","3":"status-publish","4":"format-standard","5":"has-post-thumbnail","7":"category-actualidad","8":"category-sinistres-es","9":"entry"},"acf":[],"yoast_head":"<!-- This site is optimized with the Yoast SEO plugin v27.2 - https:\/\/yoast.com\/product\/yoast-seo-wordpress\/ -->\n<title>Las aseguradoras asumen la \u00abcl\u00e1usula de la pandemia\u00bb en caso de muerte por coronavirus - Col\u00b7legi de Mediadors d&#039;Assegurances de Lleida<\/title>\n<meta name=\"robots\" content=\"index, follow, max-snippet:-1, max-image-preview:large, max-video-preview:-1\" \/>\n<link rel=\"canonical\" href=\"https:\/\/www.cmalleida.com\/es\/las-aseguradoras-asumen-la-clausula-de-la-pandemia-en-caso-de-muerte-por-coronavirus\/\" \/>\n<meta property=\"og:locale\" content=\"es_ES\" \/>\n<meta property=\"og:type\" content=\"article\" \/>\n<meta property=\"og:title\" content=\"Las aseguradoras asumen la \u00abcl\u00e1usula de la pandemia\u00bb en caso de muerte por coronavirus - Col\u00b7legi de Mediadors d&#039;Assegurances de Lleida\" \/>\n<meta property=\"og:description\" content=\"La mayor\u00eda de firmas de este sector no aplican, debido a la excepcional situaci\u00f3n sanitaria, una condici\u00f3n que podr\u00eda evitarles el pago de los servicios... Llegeix m\u00e9s\" \/>\n<meta property=\"og:url\" content=\"https:\/\/www.cmalleida.com\/es\/las-aseguradoras-asumen-la-clausula-de-la-pandemia-en-caso-de-muerte-por-coronavirus\/\" \/>\n<meta property=\"og:site_name\" content=\"Col\u00b7legi de Mediadors d&#039;Assegurances de Lleida\" \/>\n<meta property=\"article:published_time\" content=\"2020-03-27T08:54:47+00:00\" \/>\n<meta property=\"og:image\" content=\"https:\/\/www.cmalleida.com\/wp-content\/uploads\/cmall-lleida-actualitat-runio762.jpg\" \/>\n\t<meta property=\"og:image:width\" content=\"762\" \/>\n\t<meta property=\"og:image:height\" content=\"762\" \/>\n\t<meta property=\"og:image:type\" content=\"image\/jpeg\" \/>\n<meta name=\"author\" content=\"Antonieta Castells Dolcet\" \/>\n<meta name=\"twitter:card\" content=\"summary_large_image\" \/>\n<meta name=\"twitter:label1\" content=\"Written by\" \/>\n\t<meta name=\"twitter:data1\" content=\"Antonieta Castells Dolcet\" \/>\n\t<meta name=\"twitter:label2\" content=\"Est. reading time\" \/>\n\t<meta name=\"twitter:data2\" content=\"4 minutos\" \/>\n<script type=\"application\/ld+json\" class=\"yoast-schema-graph\">{\"@context\":\"https:\/\/schema.org\",\"@graph\":[{\"@type\":\"Article\",\"@id\":\"https:\/\/www.cmalleida.com\/es\/las-aseguradoras-asumen-la-clausula-de-la-pandemia-en-caso-de-muerte-por-coronavirus\/#article\",\"isPartOf\":{\"@id\":\"https:\/\/www.cmalleida.com\/es\/las-aseguradoras-asumen-la-clausula-de-la-pandemia-en-caso-de-muerte-por-coronavirus\/\"},\"author\":{\"name\":\"Antonieta Castells Dolcet\",\"@id\":\"https:\/\/www.cmalleida.com\/es\/#\/schema\/person\/7461453022a0d6ce41c1e530eb4443b4\"},\"headline\":\"Las aseguradoras asumen la \u00abcl\u00e1usula de la pandemia\u00bb en caso de muerte por coronavirus\",\"datePublished\":\"2020-03-27T08:54:47+00:00\",\"mainEntityOfPage\":{\"@id\":\"https:\/\/www.cmalleida.com\/es\/las-aseguradoras-asumen-la-clausula-de-la-pandemia-en-caso-de-muerte-por-coronavirus\/\"},\"wordCount\":738,\"publisher\":{\"@id\":\"https:\/\/www.cmalleida.com\/es\/#organization\"},\"image\":{\"@id\":\"https:\/\/www.cmalleida.com\/es\/las-aseguradoras-asumen-la-clausula-de-la-pandemia-en-caso-de-muerte-por-coronavirus\/#primaryimage\"},\"thumbnailUrl\":\"https:\/\/www.cmalleida.com\/wp-content\/uploads\/cmall-lleida-actualitat-runio762.jpg\",\"articleSection\":[\"Actualidad\",\"Sinistres\"],\"inLanguage\":\"es\"},{\"@type\":\"WebPage\",\"@id\":\"https:\/\/www.cmalleida.com\/es\/las-aseguradoras-asumen-la-clausula-de-la-pandemia-en-caso-de-muerte-por-coronavirus\/\",\"url\":\"https:\/\/www.cmalleida.com\/es\/las-aseguradoras-asumen-la-clausula-de-la-pandemia-en-caso-de-muerte-por-coronavirus\/\",\"name\":\"Las aseguradoras asumen la \u00abcl\u00e1usula de la pandemia\u00bb en caso de muerte por coronavirus - Col\u00b7legi de Mediadors d&#039;Assegurances de Lleida\",\"isPartOf\":{\"@id\":\"https:\/\/www.cmalleida.com\/es\/#website\"},\"primaryImageOfPage\":{\"@id\":\"https:\/\/www.cmalleida.com\/es\/las-aseguradoras-asumen-la-clausula-de-la-pandemia-en-caso-de-muerte-por-coronavirus\/#primaryimage\"},\"image\":{\"@id\":\"https:\/\/www.cmalleida.com\/es\/las-aseguradoras-asumen-la-clausula-de-la-pandemia-en-caso-de-muerte-por-coronavirus\/#primaryimage\"},\"thumbnailUrl\":\"https:\/\/www.cmalleida.com\/wp-content\/uploads\/cmall-lleida-actualitat-runio762.jpg\",\"datePublished\":\"2020-03-27T08:54:47+00:00\",\"breadcrumb\":{\"@id\":\"https:\/\/www.cmalleida.com\/es\/las-aseguradoras-asumen-la-clausula-de-la-pandemia-en-caso-de-muerte-por-coronavirus\/#breadcrumb\"},\"inLanguage\":\"es\",\"potentialAction\":[{\"@type\":\"ReadAction\",\"target\":[\"https:\/\/www.cmalleida.com\/es\/las-aseguradoras-asumen-la-clausula-de-la-pandemia-en-caso-de-muerte-por-coronavirus\/\"]}]},{\"@type\":\"ImageObject\",\"inLanguage\":\"es\",\"@id\":\"https:\/\/www.cmalleida.com\/es\/las-aseguradoras-asumen-la-clausula-de-la-pandemia-en-caso-de-muerte-por-coronavirus\/#primaryimage\",\"url\":\"https:\/\/www.cmalleida.com\/wp-content\/uploads\/cmall-lleida-actualitat-runio762.jpg\",\"contentUrl\":\"https:\/\/www.cmalleida.com\/wp-content\/uploads\/cmall-lleida-actualitat-runio762.jpg\",\"width\":762,\"height\":762,\"caption\":\"cmall-lleida-actualitat-RUNIO762\"},{\"@type\":\"BreadcrumbList\",\"@id\":\"https:\/\/www.cmalleida.com\/es\/las-aseguradoras-asumen-la-clausula-de-la-pandemia-en-caso-de-muerte-por-coronavirus\/#breadcrumb\",\"itemListElement\":[{\"@type\":\"ListItem\",\"position\":1,\"name\":\"Inici\",\"item\":\"https:\/\/www.cmalleida.com\/es\/\"},{\"@type\":\"ListItem\",\"position\":2,\"name\":\"Las aseguradoras asumen la \u00abcl\u00e1usula de la pandemia\u00bb en caso de muerte por coronavirus\"}]},{\"@type\":\"WebSite\",\"@id\":\"https:\/\/www.cmalleida.com\/es\/#website\",\"url\":\"https:\/\/www.cmalleida.com\/es\/\",\"name\":\"Col\u00b7legi de Mediadors d&#039;Assegurances de Lleida\",\"description\":\"Otro sitio realizado con WordPress\",\"publisher\":{\"@id\":\"https:\/\/www.cmalleida.com\/es\/#organization\"},\"potentialAction\":[{\"@type\":\"SearchAction\",\"target\":{\"@type\":\"EntryPoint\",\"urlTemplate\":\"https:\/\/www.cmalleida.com\/es\/?s={search_term_string}\"},\"query-input\":{\"@type\":\"PropertyValueSpecification\",\"valueRequired\":true,\"valueName\":\"search_term_string\"}}],\"inLanguage\":\"es\"},{\"@type\":\"Organization\",\"@id\":\"https:\/\/www.cmalleida.com\/es\/#organization\",\"name\":\"Col\u00b7legi de Mediadors d'Assegurances de Lleida\",\"url\":\"https:\/\/www.cmalleida.com\/es\/\",\"logo\":{\"@type\":\"ImageObject\",\"inLanguage\":\"es\",\"@id\":\"https:\/\/www.cmalleida.com\/es\/#\/schema\/logo\/image\/\",\"url\":\"\",\"contentUrl\":\"\",\"caption\":\"Col\u00b7legi de Mediadors d'Assegurances de Lleida\"},\"image\":{\"@id\":\"https:\/\/www.cmalleida.com\/es\/#\/schema\/logo\/image\/\"}},{\"@type\":\"Person\",\"@id\":\"https:\/\/www.cmalleida.com\/es\/#\/schema\/person\/7461453022a0d6ce41c1e530eb4443b4\",\"name\":\"Antonieta Castells Dolcet\",\"image\":{\"@type\":\"ImageObject\",\"inLanguage\":\"es\",\"@id\":\"https:\/\/secure.gravatar.com\/avatar\/7738df9a8ff2d12e8b37d088ff0e3e36016e57ab29e5db27ba4fb758a81ea3cb?s=96&d=mm&r=g\",\"url\":\"https:\/\/secure.gravatar.com\/avatar\/7738df9a8ff2d12e8b37d088ff0e3e36016e57ab29e5db27ba4fb758a81ea3cb?s=96&d=mm&r=g\",\"contentUrl\":\"https:\/\/secure.gravatar.com\/avatar\/7738df9a8ff2d12e8b37d088ff0e3e36016e57ab29e5db27ba4fb758a81ea3cb?s=96&d=mm&r=g\",\"caption\":\"Antonieta Castells Dolcet\"},\"sameAs\":[\"http:\/\/www.cmalleida.com\"]}]}<\/script>\n<!-- \/ Yoast SEO plugin. -->","yoast_head_json":{"title":"Las aseguradoras asumen la \u00abcl\u00e1usula de la pandemia\u00bb en caso de muerte por coronavirus - Col\u00b7legi de Mediadors d&#039;Assegurances de Lleida","robots":{"index":"index","follow":"follow","max-snippet":"max-snippet:-1","max-image-preview":"max-image-preview:large","max-video-preview":"max-video-preview:-1"},"canonical":"https:\/\/www.cmalleida.com\/es\/las-aseguradoras-asumen-la-clausula-de-la-pandemia-en-caso-de-muerte-por-coronavirus\/","og_locale":"es_ES","og_type":"article","og_title":"Las aseguradoras asumen la \u00abcl\u00e1usula de la pandemia\u00bb en caso de muerte por coronavirus - Col\u00b7legi de Mediadors d&#039;Assegurances de Lleida","og_description":"La mayor\u00eda de firmas de este sector no aplican, debido a la excepcional situaci\u00f3n sanitaria, una condici\u00f3n que podr\u00eda evitarles el pago de los servicios... Llegeix m\u00e9s","og_url":"https:\/\/www.cmalleida.com\/es\/las-aseguradoras-asumen-la-clausula-de-la-pandemia-en-caso-de-muerte-por-coronavirus\/","og_site_name":"Col\u00b7legi de Mediadors d&#039;Assegurances de Lleida","article_published_time":"2020-03-27T08:54:47+00:00","og_image":[{"width":762,"height":762,"url":"https:\/\/www.cmalleida.com\/wp-content\/uploads\/cmall-lleida-actualitat-runio762.jpg","type":"image\/jpeg"}],"author":"Antonieta Castells Dolcet","twitter_card":"summary_large_image","twitter_misc":{"Written by":"Antonieta Castells Dolcet","Est. reading time":"4 minutos"},"schema":{"@context":"https:\/\/schema.org","@graph":[{"@type":"Article","@id":"https:\/\/www.cmalleida.com\/es\/las-aseguradoras-asumen-la-clausula-de-la-pandemia-en-caso-de-muerte-por-coronavirus\/#article","isPartOf":{"@id":"https:\/\/www.cmalleida.com\/es\/las-aseguradoras-asumen-la-clausula-de-la-pandemia-en-caso-de-muerte-por-coronavirus\/"},"author":{"name":"Antonieta Castells Dolcet","@id":"https:\/\/www.cmalleida.com\/es\/#\/schema\/person\/7461453022a0d6ce41c1e530eb4443b4"},"headline":"Las aseguradoras asumen la \u00abcl\u00e1usula de la pandemia\u00bb en caso de muerte por coronavirus","datePublished":"2020-03-27T08:54:47+00:00","mainEntityOfPage":{"@id":"https:\/\/www.cmalleida.com\/es\/las-aseguradoras-asumen-la-clausula-de-la-pandemia-en-caso-de-muerte-por-coronavirus\/"},"wordCount":738,"publisher":{"@id":"https:\/\/www.cmalleida.com\/es\/#organization"},"image":{"@id":"https:\/\/www.cmalleida.com\/es\/las-aseguradoras-asumen-la-clausula-de-la-pandemia-en-caso-de-muerte-por-coronavirus\/#primaryimage"},"thumbnailUrl":"https:\/\/www.cmalleida.com\/wp-content\/uploads\/cmall-lleida-actualitat-runio762.jpg","articleSection":["Actualidad","Sinistres"],"inLanguage":"es"},{"@type":"WebPage","@id":"https:\/\/www.cmalleida.com\/es\/las-aseguradoras-asumen-la-clausula-de-la-pandemia-en-caso-de-muerte-por-coronavirus\/","url":"https:\/\/www.cmalleida.com\/es\/las-aseguradoras-asumen-la-clausula-de-la-pandemia-en-caso-de-muerte-por-coronavirus\/","name":"Las aseguradoras asumen la \u00abcl\u00e1usula de la pandemia\u00bb en caso de muerte por coronavirus - Col\u00b7legi de Mediadors d&#039;Assegurances de Lleida","isPartOf":{"@id":"https:\/\/www.cmalleida.com\/es\/#website"},"primaryImageOfPage":{"@id":"https:\/\/www.cmalleida.com\/es\/las-aseguradoras-asumen-la-clausula-de-la-pandemia-en-caso-de-muerte-por-coronavirus\/#primaryimage"},"image":{"@id":"https:\/\/www.cmalleida.com\/es\/las-aseguradoras-asumen-la-clausula-de-la-pandemia-en-caso-de-muerte-por-coronavirus\/#primaryimage"},"thumbnailUrl":"https:\/\/www.cmalleida.com\/wp-content\/uploads\/cmall-lleida-actualitat-runio762.jpg","datePublished":"2020-03-27T08:54:47+00:00","breadcrumb":{"@id":"https:\/\/www.cmalleida.com\/es\/las-aseguradoras-asumen-la-clausula-de-la-pandemia-en-caso-de-muerte-por-coronavirus\/#breadcrumb"},"inLanguage":"es","potentialAction":[{"@type":"ReadAction","target":["https:\/\/www.cmalleida.com\/es\/las-aseguradoras-asumen-la-clausula-de-la-pandemia-en-caso-de-muerte-por-coronavirus\/"]}]},{"@type":"ImageObject","inLanguage":"es","@id":"https:\/\/www.cmalleida.com\/es\/las-aseguradoras-asumen-la-clausula-de-la-pandemia-en-caso-de-muerte-por-coronavirus\/#primaryimage","url":"https:\/\/www.cmalleida.com\/wp-content\/uploads\/cmall-lleida-actualitat-runio762.jpg","contentUrl":"https:\/\/www.cmalleida.com\/wp-content\/uploads\/cmall-lleida-actualitat-runio762.jpg","width":762,"height":762,"caption":"cmall-lleida-actualitat-RUNIO762"},{"@type":"BreadcrumbList","@id":"https:\/\/www.cmalleida.com\/es\/las-aseguradoras-asumen-la-clausula-de-la-pandemia-en-caso-de-muerte-por-coronavirus\/#breadcrumb","itemListElement":[{"@type":"ListItem","position":1,"name":"Inici","item":"https:\/\/www.cmalleida.com\/es\/"},{"@type":"ListItem","position":2,"name":"Las aseguradoras asumen la \u00abcl\u00e1usula de la pandemia\u00bb en caso de muerte por coronavirus"}]},{"@type":"WebSite","@id":"https:\/\/www.cmalleida.com\/es\/#website","url":"https:\/\/www.cmalleida.com\/es\/","name":"Col\u00b7legi de Mediadors d&#039;Assegurances de Lleida","description":"Otro sitio realizado con WordPress","publisher":{"@id":"https:\/\/www.cmalleida.com\/es\/#organization"},"potentialAction":[{"@type":"SearchAction","target":{"@type":"EntryPoint","urlTemplate":"https:\/\/www.cmalleida.com\/es\/?s={search_term_string}"},"query-input":{"@type":"PropertyValueSpecification","valueRequired":true,"valueName":"search_term_string"}}],"inLanguage":"es"},{"@type":"Organization","@id":"https:\/\/www.cmalleida.com\/es\/#organization","name":"Col\u00b7legi de Mediadors d'Assegurances de Lleida","url":"https:\/\/www.cmalleida.com\/es\/","logo":{"@type":"ImageObject","inLanguage":"es","@id":"https:\/\/www.cmalleida.com\/es\/#\/schema\/logo\/image\/","url":"","contentUrl":"","caption":"Col\u00b7legi de Mediadors d'Assegurances de Lleida"},"image":{"@id":"https:\/\/www.cmalleida.com\/es\/#\/schema\/logo\/image\/"}},{"@type":"Person","@id":"https:\/\/www.cmalleida.com\/es\/#\/schema\/person\/7461453022a0d6ce41c1e530eb4443b4","name":"Antonieta Castells Dolcet","image":{"@type":"ImageObject","inLanguage":"es","@id":"https:\/\/secure.gravatar.com\/avatar\/7738df9a8ff2d12e8b37d088ff0e3e36016e57ab29e5db27ba4fb758a81ea3cb?s=96&d=mm&r=g","url":"https:\/\/secure.gravatar.com\/avatar\/7738df9a8ff2d12e8b37d088ff0e3e36016e57ab29e5db27ba4fb758a81ea3cb?s=96&d=mm&r=g","contentUrl":"https:\/\/secure.gravatar.com\/avatar\/7738df9a8ff2d12e8b37d088ff0e3e36016e57ab29e5db27ba4fb758a81ea3cb?s=96&d=mm&r=g","caption":"Antonieta Castells Dolcet"},"sameAs":["http:\/\/www.cmalleida.com"]}]}},"_links":{"self":[{"href":"https:\/\/www.cmalleida.com\/es\/wp-json\/wp\/v2\/posts\/6622","targetHints":{"allow":["GET"]}}],"collection":[{"href":"https:\/\/www.cmalleida.com\/es\/wp-json\/wp\/v2\/posts"}],"about":[{"href":"https:\/\/www.cmalleida.com\/es\/wp-json\/wp\/v2\/types\/post"}],"author":[{"embeddable":true,"href":"https:\/\/www.cmalleida.com\/es\/wp-json\/wp\/v2\/users\/149"}],"replies":[{"embeddable":true,"href":"https:\/\/www.cmalleida.com\/es\/wp-json\/wp\/v2\/comments?post=6622"}],"version-history":[{"count":1,"href":"https:\/\/www.cmalleida.com\/es\/wp-json\/wp\/v2\/posts\/6622\/revisions"}],"predecessor-version":[{"id":6623,"href":"https:\/\/www.cmalleida.com\/es\/wp-json\/wp\/v2\/posts\/6622\/revisions\/6623"}],"wp:featuredmedia":[{"embeddable":true,"href":"https:\/\/www.cmalleida.com\/es\/wp-json\/wp\/v2\/media\/1890"}],"wp:attachment":[{"href":"https:\/\/www.cmalleida.com\/es\/wp-json\/wp\/v2\/media?parent=6622"}],"wp:term":[{"taxonomy":"category","embeddable":true,"href":"https:\/\/www.cmalleida.com\/es\/wp-json\/wp\/v2\/categories?post=6622"},{"taxonomy":"post_tag","embeddable":true,"href":"https:\/\/www.cmalleida.com\/es\/wp-json\/wp\/v2\/tags?post=6622"}],"curies":[{"name":"wp","href":"https:\/\/api.w.org\/{rel}","templated":true}]}}