{"id":6447,"date":"2020-02-21T11:07:59","date_gmt":"2020-02-21T10:07:59","guid":{"rendered":"https:\/\/www.cmalleida.com\/?p=6447"},"modified":"2020-02-21T11:07:59","modified_gmt":"2020-02-21T10:07:59","slug":"20-preguntas-y-respuestas-para-entender-la-cancelacion-del-mwc-la-vanguardia","status":"publish","type":"post","link":"https:\/\/www.cmalleida.com\/es\/20-preguntas-y-respuestas-para-entender-la-cancelacion-del-mwc-la-vanguardia\/","title":{"rendered":"20 preguntas y respuestas para entender la cancelaci\u00f3n del MWC (La Vanguardia)"},"content":{"rendered":"<p><em>Estos son los elementos principales que han alimentado la pol\u00e9mica sobre el aseguramiento en torno a las causas de suspensi\u00f3n del Mobile World Congress de Barcelona<\/em><\/p>\n<p><strong>XAVIER GRAU\u00a0 <\/strong>\u00a018\/02\/2020 06:30\u00a0|\u00a0Actualizado a 18\/02\/2020 09:38<\/p>\n<p>Los efectos de la suspensi\u00f3n del MWC 2020 han impactado en el debate p\u00fablico sobre el aseguramiento de los llamados \u2018Grandes Eventos\u2019 y han llegado a hacer incluso populares t\u00e9rminos como \u2018Grandes Riesgos\u2019, sobreprimas o \u2018syndicates\u2019 para analizar las repercusiones de la cancelaci\u00f3n de este certamen tecnol\u00f3gico de repercusi\u00f3n mundial.<\/p>\n<p>Consultando varios expertos, ejecutivos de compa\u00f1\u00edas, agentes y mediadores, La Vanguardia resume las 20 claves sobre las que el sector asegurador espa\u00f1ol discute en estos d\u00edas en relaci\u00f3n a las consecuencias jur\u00eddicas y econ\u00f3micas de la suspensi\u00f3n del Mobile con la mirada puesta en la pregunta clave: \u00bfQui\u00e9n acabar\u00e1 pagando los platos rotos a por la anulaci\u00f3n del evento?<\/p>\n<p><strong>1) \u00bfQu\u00e9 asegur\u00f3 la organizadora GSMA ante la celebraci\u00f3n del MWC 2020?<\/strong><\/p>\n<p>GSMA habr\u00eda cubierto la edici\u00f3n de este a\u00f1o del MWC en aspectos habituales del aseguramiento de Grandes Eventos como responsabilidad civil y accidentes. Tambi\u00e9n atentados terroristas, delimitando incluso per\u00edmetros y radios de acci\u00f3n cubriendo entre los 20 y los 40 kil\u00f3metros alrededor de la sede del evento ante posibles \u00f3rdenes gubernativas de desalojo. Al mismo tiempo, podr\u00eda haberse elegido la cobertura ante tumultos populares vistas las reacciones en relaci\u00f3n con diversos episodios vinculados a la reivindicaci\u00f3n del independentismo catal\u00e1n en los \u00faltimos meses.<\/p>\n<p><strong>2) \u00bfQu\u00e9 se atiende con estas coberturas?<\/strong><\/p>\n<p>B\u00e1sicamente, un evento como el Mobile busca cubrir los perjuicios financieros ante cualquier percance. Se cubren gastos fijos y no recuperables, en los que haya incurrido el promotor tales como entradas ya vendidas, reserva de viajes, publicidad, gastos de montaje, desmontaje etc&#8230; adem\u00e1s de otros aspectos como Responsabilidad Civil general, da\u00f1os materiales y accidentes.<\/p>\n<p><strong>3) \u00bfQui\u00e9n asegura el evento?<\/strong><\/p>\n<p>Willis Towers Watson (WTW) se encarg\u00f3 de ofrecer el seguro y sus coberturas a GSMA y comercializarlo a trav\u00e9s de otro agente, Miller, en el mercado de seguros de Lloyd\u2019s de Londres. WTM es una consultora global y br\u00f3ker surgida en 1828 que cuenta actualmente con 45.000 empleados en m\u00e1s de 140 pa\u00edses y mercados, entre ellos Espa\u00f1a.<\/p>\n<p><strong>4) \u00bfQu\u00e9 es Lloyd\u2019s?<\/strong><\/p>\n<p>Es un mercado de seguros nacido en 1688 en un caf\u00e9 londinense propiedad de Edward Lloyd. No es una empresa o compa\u00f1\u00eda. Es un mercado l\u00edder mundial en el que interact\u00faan \u2018syndicates\u2019 que asumen los diversos riesgos y asumen los costes de los capitales asegurados. Alrededor del mundo, tambi\u00e9n en Espa\u00f1a, tiene sus agencias de suscripci\u00f3n autorizadas a actuar en su representaci\u00f3n y atender potenciales tomadores de seguros seg\u00fan sus normas.<\/p>\n<p><strong>5) \u00bfCu\u00e1nto cost\u00f3 el aseguramiento del MWC 2020?<\/strong><\/p>\n<p>GSMA asegur\u00f3 un capital de 120 millones de euros y pag\u00f3 por ello 500.000 euros seg\u00fan han coincidi\u00f3 a informar fuentes conocedoras de la transacci\u00f3n.<\/p>\n<p><strong>6) \u00bfQu\u00e9 coberturas se negociaron?<\/strong><\/p>\n<p><a href=\"https:\/\/www.lavanguardia.com\/seguros\/medicos\/20200214\/473548006532\/coronavirus-covid-19-crisis-salud-riesgos-globales.html\">Habitualmente, los grandes eventos como el Mobile negocian al detalle todas las coberturas<\/a>\u00a0teniendo en cuenta que las empresas asistentes se encuadran dentro de la categor\u00eda, por su facturaci\u00f3n e implantaci\u00f3n, conocida como \u2018Grandes Riesgos\u2019 con una autonom\u00eda en la contrataci\u00f3n y redacci\u00f3n de las p\u00f3lizas que acaban resultando trajes a medida para cada evento.<\/p>\n<p><strong>7) \u00bfCu\u00e1les son las grandes cifras del MWC?<\/strong><\/p>\n<p>El certamen re\u00fane, seg\u00fan todas las estimaciones, 110.000 participantes de 200 pa\u00edses y regiones. Tiene un impacto econ\u00f3mico en la ciudad de Barcelona de 473 millones de euros y crea alrededor de 14.000 empleos temporales. En \u00e9l participan 2.400 empresas expositoras y 160 delegaciones gubernamentales.<\/p>\n<p><strong>8) \u00bfQu\u00e9 es una pandemia?<\/strong><\/p>\n<p>La Organizaci\u00f3n Mundial de la Salud considera pandemia a la propagaci\u00f3n mundial de una nueva enfermedad. Por ejemplo, se produce una pandemia de gripe cuando surge un nuevo virus gripal que se propaga por el mundo y la mayor\u00eda de las personas no tienen inmunidad contra \u00e9l.<\/p>\n<p><strong>9) \u00bfPuede asegurarse una pandemia?<\/strong><\/p>\n<p><a href=\"https:\/\/www.lavanguardia.com\/seguros\/empresa\/20200215\/473564926343\/miedo-coronavirus-covid-19-fuerza-mayor-seguros-lloyds-indemnizaciones-mediadores-de-seguros.html\">La lista de coberturas que Lloyd\u2019s contempla para sus contratos incluye la posibilidad, mediante el pago de una sobreprima, de hacer frente a cualquier enfermedad contagiosa o amenaza o miedo de enfermedad contagiosa\u00a0<\/a>-ya sea real o presunta- que conlleve a cualquier \u00f3rgano o agencia nacional a poner en cuarentena o restricci\u00f3n de movimientos a personas o animales o a asesorar o alertar sobre viajar.<\/p>\n<p><strong>10) \u00bfCu\u00e1nto hubiera costado incluir el riesgo ante cualquier enfermedad infecciosa?<\/strong><\/p>\n<p>Los expertos consultados se\u00f1alan que incorporar una cobertura relacionada con episodios como epidemias o pandemias hubiera costado entre los 18.000 y los 20.000 euros.<\/p>\n<p><strong>11) \u00bfPor qu\u00e9 la organizaci\u00f3n del Mobile descart\u00f3 esta cobertura?<\/strong><\/p>\n<p>El Consejo de Colegios de Mediadores ha se\u00f1alado que es algo habitual a la hora de contratar p\u00f3lizas de este tipo no plantearse introducir una cl\u00e1usula de este este estilo por lo extraordinario del caso. Lo ocurrido introduce una reflexi\u00f3n sobre los l\u00edmites de las coberturas, se\u00f1alan los mediadores.<\/p>\n<p><strong>12) \u00bfQu\u00e9 es una fuerza mayor?<\/strong><\/p>\n<p>El sector asegurador contempla la fuerza mayor como un hecho que imposibilita el cumplimiento de una obligaci\u00f3n, independiente de la voluntad de la persona, no previsible o que, si\u00e9ndolo, no es evitable. Generalmente las consecuencias econ\u00f3micas de estos acontecimientos no son indemnizables por no estar cubiertos por las garant\u00edas de la p\u00f3liza.<\/p>\n<p><strong>13) \u00bfPor qu\u00e9 el MWC es un \u201cbuen riesgo\u201d?<\/strong><\/p>\n<p>Para los profesionales del seguro, un \u201cbuen riesgo\u201d es aquel que no supone especiales complicaciones t\u00e9cnicas a la hora de determinas sus riesgos y que presenta caracter\u00edsticas asumibles y previsibles.<\/p>\n<p><strong>14) \u00bfQu\u00e9 aduce GSMA para defender la suspensi\u00f3n?<\/strong><\/p>\n<p><a href=\"https:\/\/www.lavanguardia.com\/local\/barcelona\/20200213\/473510536536\/cancelado.html\">El comunicado anunciando la cancelaci\u00f3n del MWC<\/a>\u00a0se refiere textualmente a \u201cla preocupaci\u00f3n global con respecto al brote de coronavirus, la preocupaci\u00f3n por los viajes y otras circunstancias que hacen que sea imposible que la GSMA celebre el evento\u201d.<\/p>\n<p><strong>15) \u00bfQu\u00e9 grandes causas de cancelaci\u00f3n contemplan estos eventos?<\/strong><\/p>\n<p>Los m\u00e1s frecuente es analizar los riesgos y cubrir cancelaciones de grandes eventos internacionales, comerciales, culturales o deportivos, por causas como guerras, ataques o amenazas terroristas, manifestaciones o huelgas; cat\u00e1strofes naturales como tormentas, terremotos, huracanes; riesgos t\u00e9cnicos como la suspensi\u00f3n de transporte o fallos severos en infraestructuras e instalaciones y pandemias.<\/p>\n<p><strong>16) \u00bfPor qu\u00e9 las compa\u00f1\u00edas han anulado su presencia en Barcelona?<\/strong><\/p>\n<p><a href=\"https:\/\/www.lavanguardia.com\/local\/barcelona\/20200215\/473558500460\/mobile-barcelona-john-hoffman-organizacion-gsma.html\">El consejero delegado de GSM-Mobile World Congress, John Hoffman, ha declarado<\/a>\u00a0que \u201cla salud y la seguridad son nuestra principal preocupaci\u00f3n. Mucho m\u00e1s que la reputaci\u00f3n de la MWC, de la GSMA o de Barcelona como un lugar al que se puede viajar. Por supuesto que tambi\u00e9n nos ha preocupado mucho la reputaci\u00f3n de la ciudad, aunque no sea estrictamente responsabilidad nuestra\u201d.<\/p>\n<p><strong>17) \u00bfEstaban expuestos los directivos a reclamaciones por parte de trabajadores y accionistas?<\/strong><\/p>\n<p><a href=\"https:\/\/www.lavanguardia.com\/seguros\/empresa\/20200213\/473528573881\/coronavirus-mwc-cancelacion-virus-crisis-sanitaria-pandemia.html\">La ley de Riesgos Laborales vigente en Espa\u00f1a se\u00f1ala, en su art\u00edculo 14, la obligaci\u00f3n de los empresarios de \u201cgarantizar la seguridad y la salud de los trabajadores a su servicio en todos los aspectos relacionados con el trabajo\u201d.\u00a0<\/a>Y en su art\u00edculo 15 especifica que el empresario deber\u00e1 \u201cevitar los riesgos, evaluar los riesgos que no se puedan enviar y combatir los riesgos en su origen\u201d.<\/p>\n<p><strong>18) \u00bfQu\u00e9 es un seguro D&amp;O?<\/strong><\/p>\n<p>Se trata un seguro que cubre a los responsables D&amp;O (Directors Officers) de las compa\u00f1\u00edas ante posibles reclamaciones a las que tengan que hacer frente a ra\u00edz del ejercicio de sus funciones. Cubren habitualmente gastos de defensa jur\u00eddica y costes de posibles indemnizaciones que pongan en peligro su patrimonio personal o incluso la viabilidad de la empresa que dirigen.<\/p>\n<p><strong>19) \u00bfQu\u00e9 es una cobertura de Responsabilidad Civil?<\/strong><\/p>\n<p>La responsabilidad civil empresarial en su modalidad explotaci\u00f3n cubre, entre otros riesgos, la responsabilidad del empresario por da\u00f1os causados por un empleado. El asegurado es la propia empresa que ha de responder de los da\u00f1os causados a terceros.<\/p>\n<p><strong>20) \u00bfQui\u00e9n acabar\u00e1 pagando por las responsabilidades de la cancelaci\u00f3n?<\/strong><\/p>\n<p>De acuerdo con el Consejo de Mediadores, la organizaci\u00f3n del Mobile, GSMA, ser\u00e1 la responsable de asumir todas las responsabilidades que se deriven ya que las compa\u00f1\u00edas de seguros no cubren una contingencia como la causada por el temor al coronavirus, y en este caso tampoco ya que el Gobierno espa\u00f1ol aclar\u00f3 que no exist\u00eda alerta sanitaria al respecto.<\/p>\n<p>No obstante, expertos en la materia se\u00f1alan que es imprescindible conocer los detalles de los contratos de seguros que se desconocen para poder descartar totalmente esta posibilidad.<\/p>\n<p>&nbsp;<\/p>\n","protected":false},"excerpt":{"rendered":"<p>Estos son los elementos principales que han alimentado la pol\u00e9mica sobre el aseguramiento en torno a las causas de suspensi\u00f3n del Mobile World Congress de&#8230; <a href=\"https:\/\/www.cmalleida.com\/es\/20-preguntas-y-respuestas-para-entender-la-cancelacion-del-mwc-la-vanguardia\/\" rel=\"nofollow\" class=\"lollegirmes\">Llegeix m\u00e9s<\/a><\/p>\n","protected":false},"author":149,"featured_media":1890,"comment_status":"closed","ping_status":"closed","sticky":false,"template":"","format":"standard","meta":{"_acf_changed":false,"_genesis_hide_title":false,"_genesis_hide_breadcrumbs":false,"_genesis_hide_singular_image":false,"_genesis_hide_footer_widgets":false,"_genesis_custom_body_class":"","_genesis_custom_post_class":"","_genesis_layout":"","footnotes":""},"categories":[28],"tags":[],"class_list":{"0":"post-6447","1":"post","2":"type-post","3":"status-publish","4":"format-standard","5":"has-post-thumbnail","7":"category-actualidad","8":"entry"},"acf":[],"yoast_head":"<!-- This site is optimized with the Yoast SEO plugin v27.2 - https:\/\/yoast.com\/product\/yoast-seo-wordpress\/ -->\n<title>20 preguntas y respuestas para entender la cancelaci\u00f3n del MWC (La Vanguardia) - Col\u00b7legi de Mediadors d&#039;Assegurances de Lleida<\/title>\n<meta name=\"robots\" content=\"index, follow, max-snippet:-1, max-image-preview:large, max-video-preview:-1\" \/>\n<link rel=\"canonical\" href=\"https:\/\/www.cmalleida.com\/es\/20-preguntas-y-respuestas-para-entender-la-cancelacion-del-mwc-la-vanguardia\/\" \/>\n<meta property=\"og:locale\" content=\"es_ES\" \/>\n<meta property=\"og:type\" content=\"article\" \/>\n<meta property=\"og:title\" content=\"20 preguntas y respuestas para entender la cancelaci\u00f3n del MWC (La Vanguardia) - Col\u00b7legi de Mediadors d&#039;Assegurances de Lleida\" \/>\n<meta property=\"og:description\" content=\"Estos son los elementos principales que han alimentado la pol\u00e9mica sobre el aseguramiento en torno a las causas de suspensi\u00f3n del Mobile World Congress de... Llegeix m\u00e9s\" \/>\n<meta property=\"og:url\" content=\"https:\/\/www.cmalleida.com\/es\/20-preguntas-y-respuestas-para-entender-la-cancelacion-del-mwc-la-vanguardia\/\" \/>\n<meta property=\"og:site_name\" content=\"Col\u00b7legi de Mediadors d&#039;Assegurances de Lleida\" \/>\n<meta property=\"article:published_time\" content=\"2020-02-21T10:07:59+00:00\" \/>\n<meta property=\"og:image\" content=\"https:\/\/www.cmalleida.com\/wp-content\/uploads\/cmall-lleida-actualitat-runio762.jpg\" \/>\n\t<meta property=\"og:image:width\" content=\"762\" \/>\n\t<meta property=\"og:image:height\" content=\"762\" \/>\n\t<meta property=\"og:image:type\" content=\"image\/jpeg\" \/>\n<meta name=\"author\" content=\"Antonieta Castells Dolcet\" \/>\n<meta name=\"twitter:card\" content=\"summary_large_image\" \/>\n<meta name=\"twitter:label1\" content=\"Written by\" \/>\n\t<meta name=\"twitter:data1\" content=\"Antonieta Castells Dolcet\" \/>\n\t<meta name=\"twitter:label2\" content=\"Est. reading time\" \/>\n\t<meta name=\"twitter:data2\" content=\"7 minutos\" \/>\n<script type=\"application\/ld+json\" class=\"yoast-schema-graph\">{\"@context\":\"https:\/\/schema.org\",\"@graph\":[{\"@type\":\"Article\",\"@id\":\"https:\/\/www.cmalleida.com\/es\/20-preguntas-y-respuestas-para-entender-la-cancelacion-del-mwc-la-vanguardia\/#article\",\"isPartOf\":{\"@id\":\"https:\/\/www.cmalleida.com\/es\/20-preguntas-y-respuestas-para-entender-la-cancelacion-del-mwc-la-vanguardia\/\"},\"author\":{\"name\":\"Antonieta Castells Dolcet\",\"@id\":\"https:\/\/www.cmalleida.com\/es\/#\/schema\/person\/7461453022a0d6ce41c1e530eb4443b4\"},\"headline\":\"20 preguntas y respuestas para entender la cancelaci\u00f3n del MWC (La Vanguardia)\",\"datePublished\":\"2020-02-21T10:07:59+00:00\",\"mainEntityOfPage\":{\"@id\":\"https:\/\/www.cmalleida.com\/es\/20-preguntas-y-respuestas-para-entender-la-cancelacion-del-mwc-la-vanguardia\/\"},\"wordCount\":1451,\"publisher\":{\"@id\":\"https:\/\/www.cmalleida.com\/es\/#organization\"},\"image\":{\"@id\":\"https:\/\/www.cmalleida.com\/es\/20-preguntas-y-respuestas-para-entender-la-cancelacion-del-mwc-la-vanguardia\/#primaryimage\"},\"thumbnailUrl\":\"https:\/\/www.cmalleida.com\/wp-content\/uploads\/cmall-lleida-actualitat-runio762.jpg\",\"articleSection\":[\"Actualidad\"],\"inLanguage\":\"es\"},{\"@type\":\"WebPage\",\"@id\":\"https:\/\/www.cmalleida.com\/es\/20-preguntas-y-respuestas-para-entender-la-cancelacion-del-mwc-la-vanguardia\/\",\"url\":\"https:\/\/www.cmalleida.com\/es\/20-preguntas-y-respuestas-para-entender-la-cancelacion-del-mwc-la-vanguardia\/\",\"name\":\"20 preguntas y respuestas para entender la cancelaci\u00f3n del MWC (La Vanguardia) - Col\u00b7legi de Mediadors d&#039;Assegurances de Lleida\",\"isPartOf\":{\"@id\":\"https:\/\/www.cmalleida.com\/es\/#website\"},\"primaryImageOfPage\":{\"@id\":\"https:\/\/www.cmalleida.com\/es\/20-preguntas-y-respuestas-para-entender-la-cancelacion-del-mwc-la-vanguardia\/#primaryimage\"},\"image\":{\"@id\":\"https:\/\/www.cmalleida.com\/es\/20-preguntas-y-respuestas-para-entender-la-cancelacion-del-mwc-la-vanguardia\/#primaryimage\"},\"thumbnailUrl\":\"https:\/\/www.cmalleida.com\/wp-content\/uploads\/cmall-lleida-actualitat-runio762.jpg\",\"datePublished\":\"2020-02-21T10:07:59+00:00\",\"breadcrumb\":{\"@id\":\"https:\/\/www.cmalleida.com\/es\/20-preguntas-y-respuestas-para-entender-la-cancelacion-del-mwc-la-vanguardia\/#breadcrumb\"},\"inLanguage\":\"es\",\"potentialAction\":[{\"@type\":\"ReadAction\",\"target\":[\"https:\/\/www.cmalleida.com\/es\/20-preguntas-y-respuestas-para-entender-la-cancelacion-del-mwc-la-vanguardia\/\"]}]},{\"@type\":\"ImageObject\",\"inLanguage\":\"es\",\"@id\":\"https:\/\/www.cmalleida.com\/es\/20-preguntas-y-respuestas-para-entender-la-cancelacion-del-mwc-la-vanguardia\/#primaryimage\",\"url\":\"https:\/\/www.cmalleida.com\/wp-content\/uploads\/cmall-lleida-actualitat-runio762.jpg\",\"contentUrl\":\"https:\/\/www.cmalleida.com\/wp-content\/uploads\/cmall-lleida-actualitat-runio762.jpg\",\"width\":762,\"height\":762,\"caption\":\"cmall-lleida-actualitat-RUNIO762\"},{\"@type\":\"BreadcrumbList\",\"@id\":\"https:\/\/www.cmalleida.com\/es\/20-preguntas-y-respuestas-para-entender-la-cancelacion-del-mwc-la-vanguardia\/#breadcrumb\",\"itemListElement\":[{\"@type\":\"ListItem\",\"position\":1,\"name\":\"Inici\",\"item\":\"https:\/\/www.cmalleida.com\/es\/\"},{\"@type\":\"ListItem\",\"position\":2,\"name\":\"20 preguntas y respuestas para entender la cancelaci\u00f3n del MWC (La Vanguardia)\"}]},{\"@type\":\"WebSite\",\"@id\":\"https:\/\/www.cmalleida.com\/es\/#website\",\"url\":\"https:\/\/www.cmalleida.com\/es\/\",\"name\":\"Col\u00b7legi de Mediadors d&#039;Assegurances de Lleida\",\"description\":\"Otro sitio realizado con WordPress\",\"publisher\":{\"@id\":\"https:\/\/www.cmalleida.com\/es\/#organization\"},\"potentialAction\":[{\"@type\":\"SearchAction\",\"target\":{\"@type\":\"EntryPoint\",\"urlTemplate\":\"https:\/\/www.cmalleida.com\/es\/?s={search_term_string}\"},\"query-input\":{\"@type\":\"PropertyValueSpecification\",\"valueRequired\":true,\"valueName\":\"search_term_string\"}}],\"inLanguage\":\"es\"},{\"@type\":\"Organization\",\"@id\":\"https:\/\/www.cmalleida.com\/es\/#organization\",\"name\":\"Col\u00b7legi de Mediadors d'Assegurances de Lleida\",\"url\":\"https:\/\/www.cmalleida.com\/es\/\",\"logo\":{\"@type\":\"ImageObject\",\"inLanguage\":\"es\",\"@id\":\"https:\/\/www.cmalleida.com\/es\/#\/schema\/logo\/image\/\",\"url\":\"\",\"contentUrl\":\"\",\"caption\":\"Col\u00b7legi de Mediadors d'Assegurances de Lleida\"},\"image\":{\"@id\":\"https:\/\/www.cmalleida.com\/es\/#\/schema\/logo\/image\/\"}},{\"@type\":\"Person\",\"@id\":\"https:\/\/www.cmalleida.com\/es\/#\/schema\/person\/7461453022a0d6ce41c1e530eb4443b4\",\"name\":\"Antonieta Castells Dolcet\",\"image\":{\"@type\":\"ImageObject\",\"inLanguage\":\"es\",\"@id\":\"https:\/\/secure.gravatar.com\/avatar\/7738df9a8ff2d12e8b37d088ff0e3e36016e57ab29e5db27ba4fb758a81ea3cb?s=96&d=mm&r=g\",\"url\":\"https:\/\/secure.gravatar.com\/avatar\/7738df9a8ff2d12e8b37d088ff0e3e36016e57ab29e5db27ba4fb758a81ea3cb?s=96&d=mm&r=g\",\"contentUrl\":\"https:\/\/secure.gravatar.com\/avatar\/7738df9a8ff2d12e8b37d088ff0e3e36016e57ab29e5db27ba4fb758a81ea3cb?s=96&d=mm&r=g\",\"caption\":\"Antonieta Castells Dolcet\"},\"sameAs\":[\"http:\/\/www.cmalleida.com\"]}]}<\/script>\n<!-- \/ Yoast SEO plugin. -->","yoast_head_json":{"title":"20 preguntas y respuestas para entender la cancelaci\u00f3n del MWC (La Vanguardia) - Col\u00b7legi de Mediadors d&#039;Assegurances de Lleida","robots":{"index":"index","follow":"follow","max-snippet":"max-snippet:-1","max-image-preview":"max-image-preview:large","max-video-preview":"max-video-preview:-1"},"canonical":"https:\/\/www.cmalleida.com\/es\/20-preguntas-y-respuestas-para-entender-la-cancelacion-del-mwc-la-vanguardia\/","og_locale":"es_ES","og_type":"article","og_title":"20 preguntas y respuestas para entender la cancelaci\u00f3n del MWC (La Vanguardia) - Col\u00b7legi de Mediadors d&#039;Assegurances de Lleida","og_description":"Estos son los elementos principales que han alimentado la pol\u00e9mica sobre el aseguramiento en torno a las causas de suspensi\u00f3n del Mobile World Congress de... Llegeix m\u00e9s","og_url":"https:\/\/www.cmalleida.com\/es\/20-preguntas-y-respuestas-para-entender-la-cancelacion-del-mwc-la-vanguardia\/","og_site_name":"Col\u00b7legi de Mediadors d&#039;Assegurances de Lleida","article_published_time":"2020-02-21T10:07:59+00:00","og_image":[{"width":762,"height":762,"url":"https:\/\/www.cmalleida.com\/wp-content\/uploads\/cmall-lleida-actualitat-runio762.jpg","type":"image\/jpeg"}],"author":"Antonieta Castells Dolcet","twitter_card":"summary_large_image","twitter_misc":{"Written by":"Antonieta Castells Dolcet","Est. reading time":"7 minutos"},"schema":{"@context":"https:\/\/schema.org","@graph":[{"@type":"Article","@id":"https:\/\/www.cmalleida.com\/es\/20-preguntas-y-respuestas-para-entender-la-cancelacion-del-mwc-la-vanguardia\/#article","isPartOf":{"@id":"https:\/\/www.cmalleida.com\/es\/20-preguntas-y-respuestas-para-entender-la-cancelacion-del-mwc-la-vanguardia\/"},"author":{"name":"Antonieta Castells Dolcet","@id":"https:\/\/www.cmalleida.com\/es\/#\/schema\/person\/7461453022a0d6ce41c1e530eb4443b4"},"headline":"20 preguntas y respuestas para entender la cancelaci\u00f3n del MWC (La Vanguardia)","datePublished":"2020-02-21T10:07:59+00:00","mainEntityOfPage":{"@id":"https:\/\/www.cmalleida.com\/es\/20-preguntas-y-respuestas-para-entender-la-cancelacion-del-mwc-la-vanguardia\/"},"wordCount":1451,"publisher":{"@id":"https:\/\/www.cmalleida.com\/es\/#organization"},"image":{"@id":"https:\/\/www.cmalleida.com\/es\/20-preguntas-y-respuestas-para-entender-la-cancelacion-del-mwc-la-vanguardia\/#primaryimage"},"thumbnailUrl":"https:\/\/www.cmalleida.com\/wp-content\/uploads\/cmall-lleida-actualitat-runio762.jpg","articleSection":["Actualidad"],"inLanguage":"es"},{"@type":"WebPage","@id":"https:\/\/www.cmalleida.com\/es\/20-preguntas-y-respuestas-para-entender-la-cancelacion-del-mwc-la-vanguardia\/","url":"https:\/\/www.cmalleida.com\/es\/20-preguntas-y-respuestas-para-entender-la-cancelacion-del-mwc-la-vanguardia\/","name":"20 preguntas y respuestas para entender la cancelaci\u00f3n del MWC (La Vanguardia) - Col\u00b7legi de Mediadors d&#039;Assegurances de Lleida","isPartOf":{"@id":"https:\/\/www.cmalleida.com\/es\/#website"},"primaryImageOfPage":{"@id":"https:\/\/www.cmalleida.com\/es\/20-preguntas-y-respuestas-para-entender-la-cancelacion-del-mwc-la-vanguardia\/#primaryimage"},"image":{"@id":"https:\/\/www.cmalleida.com\/es\/20-preguntas-y-respuestas-para-entender-la-cancelacion-del-mwc-la-vanguardia\/#primaryimage"},"thumbnailUrl":"https:\/\/www.cmalleida.com\/wp-content\/uploads\/cmall-lleida-actualitat-runio762.jpg","datePublished":"2020-02-21T10:07:59+00:00","breadcrumb":{"@id":"https:\/\/www.cmalleida.com\/es\/20-preguntas-y-respuestas-para-entender-la-cancelacion-del-mwc-la-vanguardia\/#breadcrumb"},"inLanguage":"es","potentialAction":[{"@type":"ReadAction","target":["https:\/\/www.cmalleida.com\/es\/20-preguntas-y-respuestas-para-entender-la-cancelacion-del-mwc-la-vanguardia\/"]}]},{"@type":"ImageObject","inLanguage":"es","@id":"https:\/\/www.cmalleida.com\/es\/20-preguntas-y-respuestas-para-entender-la-cancelacion-del-mwc-la-vanguardia\/#primaryimage","url":"https:\/\/www.cmalleida.com\/wp-content\/uploads\/cmall-lleida-actualitat-runio762.jpg","contentUrl":"https:\/\/www.cmalleida.com\/wp-content\/uploads\/cmall-lleida-actualitat-runio762.jpg","width":762,"height":762,"caption":"cmall-lleida-actualitat-RUNIO762"},{"@type":"BreadcrumbList","@id":"https:\/\/www.cmalleida.com\/es\/20-preguntas-y-respuestas-para-entender-la-cancelacion-del-mwc-la-vanguardia\/#breadcrumb","itemListElement":[{"@type":"ListItem","position":1,"name":"Inici","item":"https:\/\/www.cmalleida.com\/es\/"},{"@type":"ListItem","position":2,"name":"20 preguntas y respuestas para entender la cancelaci\u00f3n del MWC (La Vanguardia)"}]},{"@type":"WebSite","@id":"https:\/\/www.cmalleida.com\/es\/#website","url":"https:\/\/www.cmalleida.com\/es\/","name":"Col\u00b7legi de Mediadors d&#039;Assegurances de Lleida","description":"Otro sitio realizado con WordPress","publisher":{"@id":"https:\/\/www.cmalleida.com\/es\/#organization"},"potentialAction":[{"@type":"SearchAction","target":{"@type":"EntryPoint","urlTemplate":"https:\/\/www.cmalleida.com\/es\/?s={search_term_string}"},"query-input":{"@type":"PropertyValueSpecification","valueRequired":true,"valueName":"search_term_string"}}],"inLanguage":"es"},{"@type":"Organization","@id":"https:\/\/www.cmalleida.com\/es\/#organization","name":"Col\u00b7legi de Mediadors d'Assegurances de Lleida","url":"https:\/\/www.cmalleida.com\/es\/","logo":{"@type":"ImageObject","inLanguage":"es","@id":"https:\/\/www.cmalleida.com\/es\/#\/schema\/logo\/image\/","url":"","contentUrl":"","caption":"Col\u00b7legi de Mediadors d'Assegurances de Lleida"},"image":{"@id":"https:\/\/www.cmalleida.com\/es\/#\/schema\/logo\/image\/"}},{"@type":"Person","@id":"https:\/\/www.cmalleida.com\/es\/#\/schema\/person\/7461453022a0d6ce41c1e530eb4443b4","name":"Antonieta Castells Dolcet","image":{"@type":"ImageObject","inLanguage":"es","@id":"https:\/\/secure.gravatar.com\/avatar\/7738df9a8ff2d12e8b37d088ff0e3e36016e57ab29e5db27ba4fb758a81ea3cb?s=96&d=mm&r=g","url":"https:\/\/secure.gravatar.com\/avatar\/7738df9a8ff2d12e8b37d088ff0e3e36016e57ab29e5db27ba4fb758a81ea3cb?s=96&d=mm&r=g","contentUrl":"https:\/\/secure.gravatar.com\/avatar\/7738df9a8ff2d12e8b37d088ff0e3e36016e57ab29e5db27ba4fb758a81ea3cb?s=96&d=mm&r=g","caption":"Antonieta Castells Dolcet"},"sameAs":["http:\/\/www.cmalleida.com"]}]}},"_links":{"self":[{"href":"https:\/\/www.cmalleida.com\/es\/wp-json\/wp\/v2\/posts\/6447","targetHints":{"allow":["GET"]}}],"collection":[{"href":"https:\/\/www.cmalleida.com\/es\/wp-json\/wp\/v2\/posts"}],"about":[{"href":"https:\/\/www.cmalleida.com\/es\/wp-json\/wp\/v2\/types\/post"}],"author":[{"embeddable":true,"href":"https:\/\/www.cmalleida.com\/es\/wp-json\/wp\/v2\/users\/149"}],"replies":[{"embeddable":true,"href":"https:\/\/www.cmalleida.com\/es\/wp-json\/wp\/v2\/comments?post=6447"}],"version-history":[{"count":1,"href":"https:\/\/www.cmalleida.com\/es\/wp-json\/wp\/v2\/posts\/6447\/revisions"}],"predecessor-version":[{"id":6448,"href":"https:\/\/www.cmalleida.com\/es\/wp-json\/wp\/v2\/posts\/6447\/revisions\/6448"}],"wp:featuredmedia":[{"embeddable":true,"href":"https:\/\/www.cmalleida.com\/es\/wp-json\/wp\/v2\/media\/1890"}],"wp:attachment":[{"href":"https:\/\/www.cmalleida.com\/es\/wp-json\/wp\/v2\/media?parent=6447"}],"wp:term":[{"taxonomy":"category","embeddable":true,"href":"https:\/\/www.cmalleida.com\/es\/wp-json\/wp\/v2\/categories?post=6447"},{"taxonomy":"post_tag","embeddable":true,"href":"https:\/\/www.cmalleida.com\/es\/wp-json\/wp\/v2\/tags?post=6447"}],"curies":[{"name":"wp","href":"https:\/\/api.w.org\/{rel}","templated":true}]}}