{"id":6275,"date":"2020-01-31T11:42:55","date_gmt":"2020-01-31T10:42:55","guid":{"rendered":"https:\/\/www.cmalleida.com\/?p=6275"},"modified":"2020-01-31T11:42:55","modified_gmt":"2020-01-31T10:42:55","slug":"los-conductores-mayores-de-75-anos-tienen-mas-riesgo-de-sufrir-un-accidente-mortal-la-vanguardia","status":"publish","type":"post","link":"https:\/\/www.cmalleida.com\/es\/los-conductores-mayores-de-75-anos-tienen-mas-riesgo-de-sufrir-un-accidente-mortal-la-vanguardia\/","title":{"rendered":"Los conductores mayores de 75 a\u00f1os tienen m\u00e1s riesgo de sufrir un accidente mortal (La Vanguardia)"},"content":{"rendered":"<p><em>La combinaci\u00f3n de una elevada antig\u00fcedad del veh\u00edculo con un conductor de edad avanzada incrementa de forma significativa la probabilidad de sufrir un accidente de graves consecuencias<\/em><\/p>\n<p>29\/01\/2020 06:00 Actualizado a2 9\/01\/2020 08:49<\/p>\n<p>La atenci\u00f3n y la concentraci\u00f3n son conductas fundamentales a la hora de conducir. Con el paso de los a\u00f1os, es inevitable que estas facultades vayan deterior\u00e1ndose. Si bien es cierto que no nos afecta a todos por igual: superada la edad de jubilaci\u00f3n, nos encontramos con un grupo de personas con unas condiciones y unas circunstancias muy diversas. Seguir una serie de<a href=\"https:\/\/www.lavanguardia.com\/motor\/actualidad\/20181113\/452810751319\/recomendaciones-conductores-mayores-65-anos.html\">\u00a0recomendaciones\u00a0<\/a>puede hacer que tus trayectos sean m\u00e1s seguros.<\/p>\n<p>Seg\u00fan un estudio recogido en la revista Anales del Instituto de Actuarios Espa\u00f1oles, los\u00a0conductores de m\u00e1s de 75 a\u00f1os\u00a0y que conducen veh\u00edculos con una antig\u00fcedad superior a 12 a\u00f1os son los que tienen un\u00a0mayor riesgo de sufrir un accidente mortal.<\/p>\n<p>A medida que nos vamos haciendo mayores, nuestro h\u00e1bitos y nuestras capacidades van cambiando, por lo que es importante ir replante\u00e1ndose el papel de la conducci\u00f3n en nuestras vidas. Aunque llevemos muchos a\u00f1os al volante, no significa que estemos capacitados para hacerlo con la m\u00e1xima seguridad. La Direcci\u00f3n General de Tr\u00e1fico registr\u00f3 en 2016 m\u00e1s de 12.000 accidentes de tr\u00e1fico en los que estaban involucrados mayores de 65 a\u00f1os, con 513 mayores fallecidos y m\u00e1s de 1.500 heridos graves.<\/p>\n<p>Pero la edad no lo es todo.\u00a0La antig\u00fcedad de los veh\u00edculos es un factor decisivo a la hora de determinar la gravedad de las lesiones\u00a0en un accidente. Espa\u00f1a tiene un problema con el envejecimiento del parque automovil\u00edstico, la media nacional supera ya los 12 a\u00f1os, y las perspectivas de futuro no son mucho mejores.<\/p>\n<p>El informe \u2018Longevidad de los conductores y antig\u00fcedad de los veh\u00edculos: impacto en la severidad de los accidentes\u2019, recogido por Europa Press, apunta que la combinaci\u00f3n de una elevada antig\u00fcedad del veh\u00edculo con un conductor de edad avanzada incrementa de forma significativa la probabilidad de sufrir un accidente de graves consecuencias.<\/p>\n<p>El uso de veh\u00edculo antiguos provoca un aumento del nivel de inseguridad, de la contaminaci\u00f3n y de la ineficiencia. Lo que se traduce en un aumento del riesgo de mortalidad en un accidente, en un incremento de las emisiones y se amplia el n\u00famero de veh\u00edculos que circulan sin ITV.<\/p>\n<p>Los conductores de m\u00e1s de 75 a\u00f1os y que conducen veh\u00edculos con una antig\u00fcedad superior a 12 a\u00f1os son los que tienen un mayor riesgo de sufrir un accidente mortal<\/p>\n<p>El papel que representa la tecnolog\u00eda en los nuevos modelos los convierte en veh\u00edculos mucho m\u00e1s seguros, sobretodo porque incorporan\u00a0los ADAS, sistemas de asistencia a la conducci\u00f3n que apuntan hacia la conducci\u00f3n aut\u00f3noma y que, por encima de todo, buscan conseguir la m\u00e1xima seguridad en en nuestros trayectos. La implantaci\u00f3n de esta tecnolog\u00eda en el parque de autom\u00f3viles ha reducido el n\u00famero de v\u00edctimas y de heridos; y tambi\u00e9n los costes econ\u00f3micos y las reclamaciones a seguros que se derivan por siniestros.<\/p>\n<p>\u201cRejuvenecer el parque automovil\u00edstico\u00a0entre los conductores mayores se antoja especialmente necesario para reducir la siniestralidad vial\u201d, subraya el estudio elaborado por Mercedes Ayuso, Rodrigo S\u00e1nchez y Miguel Santolino de la Universidad de Barcelona. Unos cambios que no solo mejorar\u00edan la seguridad vial, sino que tambi\u00e9n motivar\u00edan el impulso de la movilidad y la vida independiente entre el colectivo de personas de mayor edad.<\/p>\n<p>En la misma linea, la autora destaca la importancia de poner en marcha acciones y pol\u00edticas sociecon\u00f3micas especialmente dirigidas a este segmento de poblaci\u00f3n, siempre y cuando se tenga en cuenta que la decisi\u00f3n de cambiar de veh\u00edculos entre estas personas \u201cpuede estar limitada por la complejidad y dise\u00f1o de las tecnolog\u00edas que estos veh\u00edculos incorporan\u201d.<\/p>\n<p>La importancia de estas acciones se hace a\u00fan m\u00e1s necesaria debido a que, seg\u00fan el estudio, la poblaci\u00f3n espa\u00f1ola se ha envejecido en los \u00faltimos a\u00f1os: entre 2007 y 2016 la poblaci\u00f3n de m\u00e1s de 65 a\u00f1os pas\u00f3 de representar el 16,47% al 18,86% del total. Y que, adem\u00e1s, en 2007 el 33,92% de los adultos mayores de 65 a\u00f1os conduc\u00eda, una cifra que se elev\u00f3 al 43,37% en 2016, lo que representa una evoluci\u00f3n que adelanta que en los pr\u00f3ximos a\u00f1os habr\u00e1 una\u00a0poblaci\u00f3n m\u00e1s envejecida y conduciendo por m\u00e1s tiempo.<\/p>\n","protected":false},"excerpt":{"rendered":"<p>La combinaci\u00f3n de una elevada antig\u00fcedad del veh\u00edculo con un conductor de edad avanzada incrementa de forma significativa la probabilidad de sufrir un accidente de&#8230; <a href=\"https:\/\/www.cmalleida.com\/es\/los-conductores-mayores-de-75-anos-tienen-mas-riesgo-de-sufrir-un-accidente-mortal-la-vanguardia\/\" rel=\"nofollow\" class=\"lollegirmes\">Llegeix m\u00e9s<\/a><\/p>\n","protected":false},"author":149,"featured_media":1890,"comment_status":"closed","ping_status":"closed","sticky":false,"template":"","format":"standard","meta":{"_acf_changed":false,"_genesis_hide_title":false,"_genesis_hide_breadcrumbs":false,"_genesis_hide_singular_image":false,"_genesis_hide_footer_widgets":false,"_genesis_custom_body_class":"","_genesis_custom_post_class":"","_genesis_layout":"","footnotes":""},"categories":[28,62],"tags":[],"class_list":{"0":"post-6275","1":"post","2":"type-post","3":"status-publish","4":"format-standard","5":"has-post-thumbnail","7":"category-actualidad","8":"category-sinistres-es","9":"entry"},"acf":[],"yoast_head":"<!-- This site is optimized with the Yoast SEO plugin v27.2 - https:\/\/yoast.com\/product\/yoast-seo-wordpress\/ -->\n<title>Los conductores mayores de 75 a\u00f1os tienen m\u00e1s riesgo de sufrir un accidente mortal (La Vanguardia) - Col\u00b7legi de Mediadors d&#039;Assegurances de Lleida<\/title>\n<meta name=\"robots\" content=\"index, follow, max-snippet:-1, max-image-preview:large, max-video-preview:-1\" \/>\n<link rel=\"canonical\" href=\"https:\/\/www.cmalleida.com\/es\/los-conductores-mayores-de-75-anos-tienen-mas-riesgo-de-sufrir-un-accidente-mortal-la-vanguardia\/\" \/>\n<meta property=\"og:locale\" content=\"es_ES\" \/>\n<meta property=\"og:type\" content=\"article\" \/>\n<meta property=\"og:title\" content=\"Los conductores mayores de 75 a\u00f1os tienen m\u00e1s riesgo de sufrir un accidente mortal (La Vanguardia) - Col\u00b7legi de Mediadors d&#039;Assegurances de Lleida\" \/>\n<meta property=\"og:description\" content=\"La combinaci\u00f3n de una elevada antig\u00fcedad del veh\u00edculo con un conductor de edad avanzada incrementa de forma significativa la probabilidad de sufrir un accidente de... Llegeix m\u00e9s\" \/>\n<meta property=\"og:url\" content=\"https:\/\/www.cmalleida.com\/es\/los-conductores-mayores-de-75-anos-tienen-mas-riesgo-de-sufrir-un-accidente-mortal-la-vanguardia\/\" \/>\n<meta property=\"og:site_name\" content=\"Col\u00b7legi de Mediadors d&#039;Assegurances de Lleida\" \/>\n<meta property=\"article:published_time\" content=\"2020-01-31T10:42:55+00:00\" \/>\n<meta property=\"og:image\" content=\"https:\/\/www.cmalleida.com\/wp-content\/uploads\/cmall-lleida-actualitat-runio762.jpg\" \/>\n\t<meta property=\"og:image:width\" content=\"762\" \/>\n\t<meta property=\"og:image:height\" content=\"762\" \/>\n\t<meta property=\"og:image:type\" content=\"image\/jpeg\" \/>\n<meta name=\"author\" content=\"Antonieta Castells Dolcet\" \/>\n<meta name=\"twitter:card\" content=\"summary_large_image\" \/>\n<meta name=\"twitter:label1\" content=\"Written by\" \/>\n\t<meta name=\"twitter:data1\" content=\"Antonieta Castells Dolcet\" \/>\n\t<meta name=\"twitter:label2\" content=\"Est. reading time\" \/>\n\t<meta name=\"twitter:data2\" content=\"4 minutos\" \/>\n<script type=\"application\/ld+json\" class=\"yoast-schema-graph\">{\"@context\":\"https:\/\/schema.org\",\"@graph\":[{\"@type\":\"Article\",\"@id\":\"https:\/\/www.cmalleida.com\/es\/los-conductores-mayores-de-75-anos-tienen-mas-riesgo-de-sufrir-un-accidente-mortal-la-vanguardia\/#article\",\"isPartOf\":{\"@id\":\"https:\/\/www.cmalleida.com\/es\/los-conductores-mayores-de-75-anos-tienen-mas-riesgo-de-sufrir-un-accidente-mortal-la-vanguardia\/\"},\"author\":{\"name\":\"Antonieta Castells Dolcet\",\"@id\":\"https:\/\/www.cmalleida.com\/es\/#\/schema\/person\/7461453022a0d6ce41c1e530eb4443b4\"},\"headline\":\"Los conductores mayores de 75 a\u00f1os tienen m\u00e1s riesgo de sufrir un accidente mortal (La Vanguardia)\",\"datePublished\":\"2020-01-31T10:42:55+00:00\",\"mainEntityOfPage\":{\"@id\":\"https:\/\/www.cmalleida.com\/es\/los-conductores-mayores-de-75-anos-tienen-mas-riesgo-de-sufrir-un-accidente-mortal-la-vanguardia\/\"},\"wordCount\":792,\"publisher\":{\"@id\":\"https:\/\/www.cmalleida.com\/es\/#organization\"},\"image\":{\"@id\":\"https:\/\/www.cmalleida.com\/es\/los-conductores-mayores-de-75-anos-tienen-mas-riesgo-de-sufrir-un-accidente-mortal-la-vanguardia\/#primaryimage\"},\"thumbnailUrl\":\"https:\/\/www.cmalleida.com\/wp-content\/uploads\/cmall-lleida-actualitat-runio762.jpg\",\"articleSection\":[\"Actualidad\",\"Sinistres\"],\"inLanguage\":\"es\"},{\"@type\":\"WebPage\",\"@id\":\"https:\/\/www.cmalleida.com\/es\/los-conductores-mayores-de-75-anos-tienen-mas-riesgo-de-sufrir-un-accidente-mortal-la-vanguardia\/\",\"url\":\"https:\/\/www.cmalleida.com\/es\/los-conductores-mayores-de-75-anos-tienen-mas-riesgo-de-sufrir-un-accidente-mortal-la-vanguardia\/\",\"name\":\"Los conductores mayores de 75 a\u00f1os tienen m\u00e1s riesgo de sufrir un accidente mortal (La Vanguardia) - Col\u00b7legi de Mediadors d&#039;Assegurances de Lleida\",\"isPartOf\":{\"@id\":\"https:\/\/www.cmalleida.com\/es\/#website\"},\"primaryImageOfPage\":{\"@id\":\"https:\/\/www.cmalleida.com\/es\/los-conductores-mayores-de-75-anos-tienen-mas-riesgo-de-sufrir-un-accidente-mortal-la-vanguardia\/#primaryimage\"},\"image\":{\"@id\":\"https:\/\/www.cmalleida.com\/es\/los-conductores-mayores-de-75-anos-tienen-mas-riesgo-de-sufrir-un-accidente-mortal-la-vanguardia\/#primaryimage\"},\"thumbnailUrl\":\"https:\/\/www.cmalleida.com\/wp-content\/uploads\/cmall-lleida-actualitat-runio762.jpg\",\"datePublished\":\"2020-01-31T10:42:55+00:00\",\"breadcrumb\":{\"@id\":\"https:\/\/www.cmalleida.com\/es\/los-conductores-mayores-de-75-anos-tienen-mas-riesgo-de-sufrir-un-accidente-mortal-la-vanguardia\/#breadcrumb\"},\"inLanguage\":\"es\",\"potentialAction\":[{\"@type\":\"ReadAction\",\"target\":[\"https:\/\/www.cmalleida.com\/es\/los-conductores-mayores-de-75-anos-tienen-mas-riesgo-de-sufrir-un-accidente-mortal-la-vanguardia\/\"]}]},{\"@type\":\"ImageObject\",\"inLanguage\":\"es\",\"@id\":\"https:\/\/www.cmalleida.com\/es\/los-conductores-mayores-de-75-anos-tienen-mas-riesgo-de-sufrir-un-accidente-mortal-la-vanguardia\/#primaryimage\",\"url\":\"https:\/\/www.cmalleida.com\/wp-content\/uploads\/cmall-lleida-actualitat-runio762.jpg\",\"contentUrl\":\"https:\/\/www.cmalleida.com\/wp-content\/uploads\/cmall-lleida-actualitat-runio762.jpg\",\"width\":762,\"height\":762,\"caption\":\"cmall-lleida-actualitat-RUNIO762\"},{\"@type\":\"BreadcrumbList\",\"@id\":\"https:\/\/www.cmalleida.com\/es\/los-conductores-mayores-de-75-anos-tienen-mas-riesgo-de-sufrir-un-accidente-mortal-la-vanguardia\/#breadcrumb\",\"itemListElement\":[{\"@type\":\"ListItem\",\"position\":1,\"name\":\"Inici\",\"item\":\"https:\/\/www.cmalleida.com\/es\/\"},{\"@type\":\"ListItem\",\"position\":2,\"name\":\"Los conductores mayores de 75 a\u00f1os tienen m\u00e1s riesgo de sufrir un accidente mortal (La Vanguardia)\"}]},{\"@type\":\"WebSite\",\"@id\":\"https:\/\/www.cmalleida.com\/es\/#website\",\"url\":\"https:\/\/www.cmalleida.com\/es\/\",\"name\":\"Col\u00b7legi de Mediadors d&#039;Assegurances de Lleida\",\"description\":\"Otro sitio realizado con WordPress\",\"publisher\":{\"@id\":\"https:\/\/www.cmalleida.com\/es\/#organization\"},\"potentialAction\":[{\"@type\":\"SearchAction\",\"target\":{\"@type\":\"EntryPoint\",\"urlTemplate\":\"https:\/\/www.cmalleida.com\/es\/?s={search_term_string}\"},\"query-input\":{\"@type\":\"PropertyValueSpecification\",\"valueRequired\":true,\"valueName\":\"search_term_string\"}}],\"inLanguage\":\"es\"},{\"@type\":\"Organization\",\"@id\":\"https:\/\/www.cmalleida.com\/es\/#organization\",\"name\":\"Col\u00b7legi de Mediadors d'Assegurances de Lleida\",\"url\":\"https:\/\/www.cmalleida.com\/es\/\",\"logo\":{\"@type\":\"ImageObject\",\"inLanguage\":\"es\",\"@id\":\"https:\/\/www.cmalleida.com\/es\/#\/schema\/logo\/image\/\",\"url\":\"\",\"contentUrl\":\"\",\"caption\":\"Col\u00b7legi de Mediadors d'Assegurances de Lleida\"},\"image\":{\"@id\":\"https:\/\/www.cmalleida.com\/es\/#\/schema\/logo\/image\/\"}},{\"@type\":\"Person\",\"@id\":\"https:\/\/www.cmalleida.com\/es\/#\/schema\/person\/7461453022a0d6ce41c1e530eb4443b4\",\"name\":\"Antonieta Castells Dolcet\",\"image\":{\"@type\":\"ImageObject\",\"inLanguage\":\"es\",\"@id\":\"https:\/\/secure.gravatar.com\/avatar\/7738df9a8ff2d12e8b37d088ff0e3e36016e57ab29e5db27ba4fb758a81ea3cb?s=96&d=mm&r=g\",\"url\":\"https:\/\/secure.gravatar.com\/avatar\/7738df9a8ff2d12e8b37d088ff0e3e36016e57ab29e5db27ba4fb758a81ea3cb?s=96&d=mm&r=g\",\"contentUrl\":\"https:\/\/secure.gravatar.com\/avatar\/7738df9a8ff2d12e8b37d088ff0e3e36016e57ab29e5db27ba4fb758a81ea3cb?s=96&d=mm&r=g\",\"caption\":\"Antonieta Castells Dolcet\"},\"sameAs\":[\"http:\/\/www.cmalleida.com\"]}]}<\/script>\n<!-- \/ Yoast SEO plugin. -->","yoast_head_json":{"title":"Los conductores mayores de 75 a\u00f1os tienen m\u00e1s riesgo de sufrir un accidente mortal (La Vanguardia) - Col\u00b7legi de Mediadors d&#039;Assegurances de Lleida","robots":{"index":"index","follow":"follow","max-snippet":"max-snippet:-1","max-image-preview":"max-image-preview:large","max-video-preview":"max-video-preview:-1"},"canonical":"https:\/\/www.cmalleida.com\/es\/los-conductores-mayores-de-75-anos-tienen-mas-riesgo-de-sufrir-un-accidente-mortal-la-vanguardia\/","og_locale":"es_ES","og_type":"article","og_title":"Los conductores mayores de 75 a\u00f1os tienen m\u00e1s riesgo de sufrir un accidente mortal (La Vanguardia) - Col\u00b7legi de Mediadors d&#039;Assegurances de Lleida","og_description":"La combinaci\u00f3n de una elevada antig\u00fcedad del veh\u00edculo con un conductor de edad avanzada incrementa de forma significativa la probabilidad de sufrir un accidente de... Llegeix m\u00e9s","og_url":"https:\/\/www.cmalleida.com\/es\/los-conductores-mayores-de-75-anos-tienen-mas-riesgo-de-sufrir-un-accidente-mortal-la-vanguardia\/","og_site_name":"Col\u00b7legi de Mediadors d&#039;Assegurances de Lleida","article_published_time":"2020-01-31T10:42:55+00:00","og_image":[{"width":762,"height":762,"url":"https:\/\/www.cmalleida.com\/wp-content\/uploads\/cmall-lleida-actualitat-runio762.jpg","type":"image\/jpeg"}],"author":"Antonieta Castells Dolcet","twitter_card":"summary_large_image","twitter_misc":{"Written by":"Antonieta Castells Dolcet","Est. reading time":"4 minutos"},"schema":{"@context":"https:\/\/schema.org","@graph":[{"@type":"Article","@id":"https:\/\/www.cmalleida.com\/es\/los-conductores-mayores-de-75-anos-tienen-mas-riesgo-de-sufrir-un-accidente-mortal-la-vanguardia\/#article","isPartOf":{"@id":"https:\/\/www.cmalleida.com\/es\/los-conductores-mayores-de-75-anos-tienen-mas-riesgo-de-sufrir-un-accidente-mortal-la-vanguardia\/"},"author":{"name":"Antonieta Castells Dolcet","@id":"https:\/\/www.cmalleida.com\/es\/#\/schema\/person\/7461453022a0d6ce41c1e530eb4443b4"},"headline":"Los conductores mayores de 75 a\u00f1os tienen m\u00e1s riesgo de sufrir un accidente mortal (La Vanguardia)","datePublished":"2020-01-31T10:42:55+00:00","mainEntityOfPage":{"@id":"https:\/\/www.cmalleida.com\/es\/los-conductores-mayores-de-75-anos-tienen-mas-riesgo-de-sufrir-un-accidente-mortal-la-vanguardia\/"},"wordCount":792,"publisher":{"@id":"https:\/\/www.cmalleida.com\/es\/#organization"},"image":{"@id":"https:\/\/www.cmalleida.com\/es\/los-conductores-mayores-de-75-anos-tienen-mas-riesgo-de-sufrir-un-accidente-mortal-la-vanguardia\/#primaryimage"},"thumbnailUrl":"https:\/\/www.cmalleida.com\/wp-content\/uploads\/cmall-lleida-actualitat-runio762.jpg","articleSection":["Actualidad","Sinistres"],"inLanguage":"es"},{"@type":"WebPage","@id":"https:\/\/www.cmalleida.com\/es\/los-conductores-mayores-de-75-anos-tienen-mas-riesgo-de-sufrir-un-accidente-mortal-la-vanguardia\/","url":"https:\/\/www.cmalleida.com\/es\/los-conductores-mayores-de-75-anos-tienen-mas-riesgo-de-sufrir-un-accidente-mortal-la-vanguardia\/","name":"Los conductores mayores de 75 a\u00f1os tienen m\u00e1s riesgo de sufrir un accidente mortal (La Vanguardia) - Col\u00b7legi de Mediadors d&#039;Assegurances de Lleida","isPartOf":{"@id":"https:\/\/www.cmalleida.com\/es\/#website"},"primaryImageOfPage":{"@id":"https:\/\/www.cmalleida.com\/es\/los-conductores-mayores-de-75-anos-tienen-mas-riesgo-de-sufrir-un-accidente-mortal-la-vanguardia\/#primaryimage"},"image":{"@id":"https:\/\/www.cmalleida.com\/es\/los-conductores-mayores-de-75-anos-tienen-mas-riesgo-de-sufrir-un-accidente-mortal-la-vanguardia\/#primaryimage"},"thumbnailUrl":"https:\/\/www.cmalleida.com\/wp-content\/uploads\/cmall-lleida-actualitat-runio762.jpg","datePublished":"2020-01-31T10:42:55+00:00","breadcrumb":{"@id":"https:\/\/www.cmalleida.com\/es\/los-conductores-mayores-de-75-anos-tienen-mas-riesgo-de-sufrir-un-accidente-mortal-la-vanguardia\/#breadcrumb"},"inLanguage":"es","potentialAction":[{"@type":"ReadAction","target":["https:\/\/www.cmalleida.com\/es\/los-conductores-mayores-de-75-anos-tienen-mas-riesgo-de-sufrir-un-accidente-mortal-la-vanguardia\/"]}]},{"@type":"ImageObject","inLanguage":"es","@id":"https:\/\/www.cmalleida.com\/es\/los-conductores-mayores-de-75-anos-tienen-mas-riesgo-de-sufrir-un-accidente-mortal-la-vanguardia\/#primaryimage","url":"https:\/\/www.cmalleida.com\/wp-content\/uploads\/cmall-lleida-actualitat-runio762.jpg","contentUrl":"https:\/\/www.cmalleida.com\/wp-content\/uploads\/cmall-lleida-actualitat-runio762.jpg","width":762,"height":762,"caption":"cmall-lleida-actualitat-RUNIO762"},{"@type":"BreadcrumbList","@id":"https:\/\/www.cmalleida.com\/es\/los-conductores-mayores-de-75-anos-tienen-mas-riesgo-de-sufrir-un-accidente-mortal-la-vanguardia\/#breadcrumb","itemListElement":[{"@type":"ListItem","position":1,"name":"Inici","item":"https:\/\/www.cmalleida.com\/es\/"},{"@type":"ListItem","position":2,"name":"Los conductores mayores de 75 a\u00f1os tienen m\u00e1s riesgo de sufrir un accidente mortal (La Vanguardia)"}]},{"@type":"WebSite","@id":"https:\/\/www.cmalleida.com\/es\/#website","url":"https:\/\/www.cmalleida.com\/es\/","name":"Col\u00b7legi de Mediadors d&#039;Assegurances de Lleida","description":"Otro sitio realizado con WordPress","publisher":{"@id":"https:\/\/www.cmalleida.com\/es\/#organization"},"potentialAction":[{"@type":"SearchAction","target":{"@type":"EntryPoint","urlTemplate":"https:\/\/www.cmalleida.com\/es\/?s={search_term_string}"},"query-input":{"@type":"PropertyValueSpecification","valueRequired":true,"valueName":"search_term_string"}}],"inLanguage":"es"},{"@type":"Organization","@id":"https:\/\/www.cmalleida.com\/es\/#organization","name":"Col\u00b7legi de Mediadors d'Assegurances de Lleida","url":"https:\/\/www.cmalleida.com\/es\/","logo":{"@type":"ImageObject","inLanguage":"es","@id":"https:\/\/www.cmalleida.com\/es\/#\/schema\/logo\/image\/","url":"","contentUrl":"","caption":"Col\u00b7legi de Mediadors d'Assegurances de Lleida"},"image":{"@id":"https:\/\/www.cmalleida.com\/es\/#\/schema\/logo\/image\/"}},{"@type":"Person","@id":"https:\/\/www.cmalleida.com\/es\/#\/schema\/person\/7461453022a0d6ce41c1e530eb4443b4","name":"Antonieta Castells Dolcet","image":{"@type":"ImageObject","inLanguage":"es","@id":"https:\/\/secure.gravatar.com\/avatar\/7738df9a8ff2d12e8b37d088ff0e3e36016e57ab29e5db27ba4fb758a81ea3cb?s=96&d=mm&r=g","url":"https:\/\/secure.gravatar.com\/avatar\/7738df9a8ff2d12e8b37d088ff0e3e36016e57ab29e5db27ba4fb758a81ea3cb?s=96&d=mm&r=g","contentUrl":"https:\/\/secure.gravatar.com\/avatar\/7738df9a8ff2d12e8b37d088ff0e3e36016e57ab29e5db27ba4fb758a81ea3cb?s=96&d=mm&r=g","caption":"Antonieta Castells Dolcet"},"sameAs":["http:\/\/www.cmalleida.com"]}]}},"_links":{"self":[{"href":"https:\/\/www.cmalleida.com\/es\/wp-json\/wp\/v2\/posts\/6275","targetHints":{"allow":["GET"]}}],"collection":[{"href":"https:\/\/www.cmalleida.com\/es\/wp-json\/wp\/v2\/posts"}],"about":[{"href":"https:\/\/www.cmalleida.com\/es\/wp-json\/wp\/v2\/types\/post"}],"author":[{"embeddable":true,"href":"https:\/\/www.cmalleida.com\/es\/wp-json\/wp\/v2\/users\/149"}],"replies":[{"embeddable":true,"href":"https:\/\/www.cmalleida.com\/es\/wp-json\/wp\/v2\/comments?post=6275"}],"version-history":[{"count":1,"href":"https:\/\/www.cmalleida.com\/es\/wp-json\/wp\/v2\/posts\/6275\/revisions"}],"predecessor-version":[{"id":6276,"href":"https:\/\/www.cmalleida.com\/es\/wp-json\/wp\/v2\/posts\/6275\/revisions\/6276"}],"wp:featuredmedia":[{"embeddable":true,"href":"https:\/\/www.cmalleida.com\/es\/wp-json\/wp\/v2\/media\/1890"}],"wp:attachment":[{"href":"https:\/\/www.cmalleida.com\/es\/wp-json\/wp\/v2\/media?parent=6275"}],"wp:term":[{"taxonomy":"category","embeddable":true,"href":"https:\/\/www.cmalleida.com\/es\/wp-json\/wp\/v2\/categories?post=6275"},{"taxonomy":"post_tag","embeddable":true,"href":"https:\/\/www.cmalleida.com\/es\/wp-json\/wp\/v2\/tags?post=6275"}],"curies":[{"name":"wp","href":"https:\/\/api.w.org\/{rel}","templated":true}]}}