{"id":6190,"date":"2020-01-17T10:11:41","date_gmt":"2020-01-17T09:11:41","guid":{"rendered":"https:\/\/www.cmalleida.com\/?p=6190"},"modified":"2020-01-17T10:11:41","modified_gmt":"2020-01-17T09:11:41","slug":"se-puede-conducir-un-coche-que-esta-a-nombre-de-otra-persona-abc-reportatjes","status":"publish","type":"post","link":"https:\/\/www.cmalleida.com\/es\/se-puede-conducir-un-coche-que-esta-a-nombre-de-otra-persona-abc-reportatjes\/","title":{"rendered":"\u00bfSe puede conducir un coche que est\u00e1 a nombre de otra persona? (ABC reportatjes)"},"content":{"rendered":"<p><em>Otra cosa es que, en caso de accidente, el seguro cubra, o no, a dicha persona<\/em><\/p>\n<p>Esta es una pregunta que puede surgir en cualquier momento a toda persona que tenga carn\u00e9 de conducir: \u00bfpuedo conducir un veh\u00edculo que est\u00e1 a nombre de otra persona? Las situaciones pueden ser muy variadas, por ejemplo si pedimos el coche a un amigo por cualquier motivo, o si habitualmente intercambiamos el veh\u00edculo con nuestra pareja.<\/p>\n<p>Es m\u00e1s, la pregunta, en realidad, tiene sentido si lo que queremos saber es si\u00a0<strong>estaremos cubiertos por el seguro\u00a0<\/strong>en caso de que ocurra un incidente mientras lo conducimos y no somos titulares del mismo, ni aparecemos como conductor habitual u ocasional.<\/p>\n<p>Por ley, seg\u00fan destacan desde el\u00a0<a href=\"https:\/\/blogmapfre.com\/\">blog de Mapfre<\/a>, el requisito exigido para conducir un veh\u00edculo determinado es disponer del permiso de conducir en regla que lo permita. Otra cosa es que, en caso de accidente, el seguro cubra, o no, a dicha persona. Adem\u00e1s de estos casos, un conductor que no figure en la p\u00f3liza del seguro puede estar cubierto en caso de siniestro. En esencia, todos los conductores\u00a0<strong>pueden estarlo si se da alguna de las siguientes<\/strong>\u00a0caracter\u00edsticas:<\/p>\n<p>-Que tenga la misma edad o superior que la persona que est\u00e1 dada de alta en la p\u00f3liza como conductor habitual.<\/p>\n<p>-Que tenga m\u00e1s a\u00f1os de carnet que el conductor habitual.<\/p>\n<p>-Que disponga de al menos dos a\u00f1os de carn\u00e9.<\/p>\n<p>De hecho, no basta con cumplir alguna de estas caracter\u00edsticas en cualquier caso, ya que esto es algo que depende completamente de la p\u00f3liza de seguro contratada. Podr\u00eda variar la edad m\u00ednima del conductor, la antig\u00fcedad del carn\u00e9 o cualquier otro factor, as\u00ed que lo m\u00e1s recomendable es informarse, antes de nada,\u00a0<strong>de las condiciones espec\u00edficas de cada p\u00f3liza<\/strong>.<\/p>\n<p>\u00bfY si mis hijos cogen el coche? En esta situaci\u00f3n, la cosa cambia. En primer lugar, los hijos que pueden conducir tu coche han de ser considerados como conductores ocasionales y como tal deben establecerse en la p\u00f3liza del seguro. Esto implica habitualmente que las primas suban por el mayor riesgo asociado a los conductores j\u00f3venes con poca o nula experiencia.<\/p>\n","protected":false},"excerpt":{"rendered":"<p>Otra cosa es que, en caso de accidente, el seguro cubra, o no, a dicha persona Esta es una pregunta que puede surgir en cualquier&#8230; <a href=\"https:\/\/www.cmalleida.com\/es\/se-puede-conducir-un-coche-que-esta-a-nombre-de-otra-persona-abc-reportatjes\/\" rel=\"nofollow\" class=\"lollegirmes\">Llegeix m\u00e9s<\/a><\/p>\n","protected":false},"author":149,"featured_media":1861,"comment_status":"closed","ping_status":"closed","sticky":false,"template":"","format":"standard","meta":{"_acf_changed":false,"_genesis_hide_title":false,"_genesis_hide_breadcrumbs":false,"_genesis_hide_singular_image":false,"_genesis_hide_footer_widgets":false,"_genesis_custom_body_class":"","_genesis_custom_post_class":"","_genesis_layout":"","footnotes":""},"categories":[28],"tags":[],"class_list":{"0":"post-6190","1":"post","2":"type-post","3":"status-publish","4":"format-standard","5":"has-post-thumbnail","7":"category-actualidad","8":"entry"},"acf":[],"yoast_head":"<!-- This site is optimized with the Yoast SEO plugin v27.2 - https:\/\/yoast.com\/product\/yoast-seo-wordpress\/ -->\n<title>\u00bfSe puede conducir un coche que est\u00e1 a nombre de otra persona? (ABC reportatjes) - Col\u00b7legi de Mediadors d&#039;Assegurances de Lleida<\/title>\n<meta name=\"robots\" content=\"index, follow, max-snippet:-1, max-image-preview:large, max-video-preview:-1\" \/>\n<link rel=\"canonical\" href=\"https:\/\/www.cmalleida.com\/es\/se-puede-conducir-un-coche-que-esta-a-nombre-de-otra-persona-abc-reportatjes\/\" \/>\n<meta property=\"og:locale\" content=\"es_ES\" \/>\n<meta property=\"og:type\" content=\"article\" \/>\n<meta property=\"og:title\" content=\"\u00bfSe puede conducir un coche que est\u00e1 a nombre de otra persona? (ABC reportatjes) - Col\u00b7legi de Mediadors d&#039;Assegurances de Lleida\" \/>\n<meta property=\"og:description\" content=\"Otra cosa es que, en caso de accidente, el seguro cubra, o no, a dicha persona Esta es una pregunta que puede surgir en cualquier... Llegeix m\u00e9s\" \/>\n<meta property=\"og:url\" content=\"https:\/\/www.cmalleida.com\/es\/se-puede-conducir-un-coche-que-esta-a-nombre-de-otra-persona-abc-reportatjes\/\" \/>\n<meta property=\"og:site_name\" content=\"Col\u00b7legi de Mediadors d&#039;Assegurances de Lleida\" \/>\n<meta property=\"article:published_time\" content=\"2020-01-17T09:11:41+00:00\" \/>\n<meta property=\"og:image\" content=\"https:\/\/www.cmalleida.com\/wp-content\/uploads\/cmall-lleida-actualitat-autonom762.jpg\" \/>\n\t<meta property=\"og:image:width\" content=\"762\" \/>\n\t<meta property=\"og:image:height\" content=\"762\" \/>\n\t<meta property=\"og:image:type\" content=\"image\/jpeg\" \/>\n<meta name=\"author\" content=\"Antonieta Castells Dolcet\" \/>\n<meta name=\"twitter:card\" content=\"summary_large_image\" \/>\n<meta name=\"twitter:label1\" content=\"Written by\" \/>\n\t<meta name=\"twitter:data1\" content=\"Antonieta Castells Dolcet\" \/>\n\t<meta name=\"twitter:label2\" content=\"Est. reading time\" \/>\n\t<meta name=\"twitter:data2\" content=\"2 minutos\" \/>\n<script type=\"application\/ld+json\" class=\"yoast-schema-graph\">{\"@context\":\"https:\/\/schema.org\",\"@graph\":[{\"@type\":\"Article\",\"@id\":\"https:\/\/www.cmalleida.com\/es\/se-puede-conducir-un-coche-que-esta-a-nombre-de-otra-persona-abc-reportatjes\/#article\",\"isPartOf\":{\"@id\":\"https:\/\/www.cmalleida.com\/es\/se-puede-conducir-un-coche-que-esta-a-nombre-de-otra-persona-abc-reportatjes\/\"},\"author\":{\"name\":\"Antonieta Castells Dolcet\",\"@id\":\"https:\/\/www.cmalleida.com\/es\/#\/schema\/person\/7461453022a0d6ce41c1e530eb4443b4\"},\"headline\":\"\u00bfSe puede conducir un coche que est\u00e1 a nombre de otra persona? (ABC reportatjes)\",\"datePublished\":\"2020-01-17T09:11:41+00:00\",\"mainEntityOfPage\":{\"@id\":\"https:\/\/www.cmalleida.com\/es\/se-puede-conducir-un-coche-que-esta-a-nombre-de-otra-persona-abc-reportatjes\/\"},\"wordCount\":392,\"publisher\":{\"@id\":\"https:\/\/www.cmalleida.com\/es\/#organization\"},\"image\":{\"@id\":\"https:\/\/www.cmalleida.com\/es\/se-puede-conducir-un-coche-que-esta-a-nombre-de-otra-persona-abc-reportatjes\/#primaryimage\"},\"thumbnailUrl\":\"https:\/\/www.cmalleida.com\/wp-content\/uploads\/cmall-lleida-actualitat-autonom762.jpg\",\"articleSection\":[\"Actualidad\"],\"inLanguage\":\"es\"},{\"@type\":\"WebPage\",\"@id\":\"https:\/\/www.cmalleida.com\/es\/se-puede-conducir-un-coche-que-esta-a-nombre-de-otra-persona-abc-reportatjes\/\",\"url\":\"https:\/\/www.cmalleida.com\/es\/se-puede-conducir-un-coche-que-esta-a-nombre-de-otra-persona-abc-reportatjes\/\",\"name\":\"\u00bfSe puede conducir un coche que est\u00e1 a nombre de otra persona? (ABC reportatjes) - Col\u00b7legi de Mediadors d&#039;Assegurances de Lleida\",\"isPartOf\":{\"@id\":\"https:\/\/www.cmalleida.com\/es\/#website\"},\"primaryImageOfPage\":{\"@id\":\"https:\/\/www.cmalleida.com\/es\/se-puede-conducir-un-coche-que-esta-a-nombre-de-otra-persona-abc-reportatjes\/#primaryimage\"},\"image\":{\"@id\":\"https:\/\/www.cmalleida.com\/es\/se-puede-conducir-un-coche-que-esta-a-nombre-de-otra-persona-abc-reportatjes\/#primaryimage\"},\"thumbnailUrl\":\"https:\/\/www.cmalleida.com\/wp-content\/uploads\/cmall-lleida-actualitat-autonom762.jpg\",\"datePublished\":\"2020-01-17T09:11:41+00:00\",\"breadcrumb\":{\"@id\":\"https:\/\/www.cmalleida.com\/es\/se-puede-conducir-un-coche-que-esta-a-nombre-de-otra-persona-abc-reportatjes\/#breadcrumb\"},\"inLanguage\":\"es\",\"potentialAction\":[{\"@type\":\"ReadAction\",\"target\":[\"https:\/\/www.cmalleida.com\/es\/se-puede-conducir-un-coche-que-esta-a-nombre-de-otra-persona-abc-reportatjes\/\"]}]},{\"@type\":\"ImageObject\",\"inLanguage\":\"es\",\"@id\":\"https:\/\/www.cmalleida.com\/es\/se-puede-conducir-un-coche-que-esta-a-nombre-de-otra-persona-abc-reportatjes\/#primaryimage\",\"url\":\"https:\/\/www.cmalleida.com\/wp-content\/uploads\/cmall-lleida-actualitat-autonom762.jpg\",\"contentUrl\":\"https:\/\/www.cmalleida.com\/wp-content\/uploads\/cmall-lleida-actualitat-autonom762.jpg\",\"width\":762,\"height\":762,\"caption\":\"cmall-lleida-actualitat-AUTONOM762\"},{\"@type\":\"BreadcrumbList\",\"@id\":\"https:\/\/www.cmalleida.com\/es\/se-puede-conducir-un-coche-que-esta-a-nombre-de-otra-persona-abc-reportatjes\/#breadcrumb\",\"itemListElement\":[{\"@type\":\"ListItem\",\"position\":1,\"name\":\"Inici\",\"item\":\"https:\/\/www.cmalleida.com\/es\/\"},{\"@type\":\"ListItem\",\"position\":2,\"name\":\"\u00bfSe puede conducir un coche que est\u00e1 a nombre de otra persona? (ABC reportatjes)\"}]},{\"@type\":\"WebSite\",\"@id\":\"https:\/\/www.cmalleida.com\/es\/#website\",\"url\":\"https:\/\/www.cmalleida.com\/es\/\",\"name\":\"Col\u00b7legi de Mediadors d&#039;Assegurances de Lleida\",\"description\":\"Otro sitio realizado con WordPress\",\"publisher\":{\"@id\":\"https:\/\/www.cmalleida.com\/es\/#organization\"},\"potentialAction\":[{\"@type\":\"SearchAction\",\"target\":{\"@type\":\"EntryPoint\",\"urlTemplate\":\"https:\/\/www.cmalleida.com\/es\/?s={search_term_string}\"},\"query-input\":{\"@type\":\"PropertyValueSpecification\",\"valueRequired\":true,\"valueName\":\"search_term_string\"}}],\"inLanguage\":\"es\"},{\"@type\":\"Organization\",\"@id\":\"https:\/\/www.cmalleida.com\/es\/#organization\",\"name\":\"Col\u00b7legi de Mediadors d'Assegurances de Lleida\",\"url\":\"https:\/\/www.cmalleida.com\/es\/\",\"logo\":{\"@type\":\"ImageObject\",\"inLanguage\":\"es\",\"@id\":\"https:\/\/www.cmalleida.com\/es\/#\/schema\/logo\/image\/\",\"url\":\"\",\"contentUrl\":\"\",\"caption\":\"Col\u00b7legi de Mediadors d'Assegurances de Lleida\"},\"image\":{\"@id\":\"https:\/\/www.cmalleida.com\/es\/#\/schema\/logo\/image\/\"}},{\"@type\":\"Person\",\"@id\":\"https:\/\/www.cmalleida.com\/es\/#\/schema\/person\/7461453022a0d6ce41c1e530eb4443b4\",\"name\":\"Antonieta Castells Dolcet\",\"image\":{\"@type\":\"ImageObject\",\"inLanguage\":\"es\",\"@id\":\"https:\/\/secure.gravatar.com\/avatar\/7738df9a8ff2d12e8b37d088ff0e3e36016e57ab29e5db27ba4fb758a81ea3cb?s=96&d=mm&r=g\",\"url\":\"https:\/\/secure.gravatar.com\/avatar\/7738df9a8ff2d12e8b37d088ff0e3e36016e57ab29e5db27ba4fb758a81ea3cb?s=96&d=mm&r=g\",\"contentUrl\":\"https:\/\/secure.gravatar.com\/avatar\/7738df9a8ff2d12e8b37d088ff0e3e36016e57ab29e5db27ba4fb758a81ea3cb?s=96&d=mm&r=g\",\"caption\":\"Antonieta Castells Dolcet\"},\"sameAs\":[\"http:\/\/www.cmalleida.com\"]}]}<\/script>\n<!-- \/ Yoast SEO plugin. -->","yoast_head_json":{"title":"\u00bfSe puede conducir un coche que est\u00e1 a nombre de otra persona? (ABC reportatjes) - Col\u00b7legi de Mediadors d&#039;Assegurances de Lleida","robots":{"index":"index","follow":"follow","max-snippet":"max-snippet:-1","max-image-preview":"max-image-preview:large","max-video-preview":"max-video-preview:-1"},"canonical":"https:\/\/www.cmalleida.com\/es\/se-puede-conducir-un-coche-que-esta-a-nombre-de-otra-persona-abc-reportatjes\/","og_locale":"es_ES","og_type":"article","og_title":"\u00bfSe puede conducir un coche que est\u00e1 a nombre de otra persona? (ABC reportatjes) - Col\u00b7legi de Mediadors d&#039;Assegurances de Lleida","og_description":"Otra cosa es que, en caso de accidente, el seguro cubra, o no, a dicha persona Esta es una pregunta que puede surgir en cualquier... Llegeix m\u00e9s","og_url":"https:\/\/www.cmalleida.com\/es\/se-puede-conducir-un-coche-que-esta-a-nombre-de-otra-persona-abc-reportatjes\/","og_site_name":"Col\u00b7legi de Mediadors d&#039;Assegurances de Lleida","article_published_time":"2020-01-17T09:11:41+00:00","og_image":[{"width":762,"height":762,"url":"https:\/\/www.cmalleida.com\/wp-content\/uploads\/cmall-lleida-actualitat-autonom762.jpg","type":"image\/jpeg"}],"author":"Antonieta Castells Dolcet","twitter_card":"summary_large_image","twitter_misc":{"Written by":"Antonieta Castells Dolcet","Est. reading time":"2 minutos"},"schema":{"@context":"https:\/\/schema.org","@graph":[{"@type":"Article","@id":"https:\/\/www.cmalleida.com\/es\/se-puede-conducir-un-coche-que-esta-a-nombre-de-otra-persona-abc-reportatjes\/#article","isPartOf":{"@id":"https:\/\/www.cmalleida.com\/es\/se-puede-conducir-un-coche-que-esta-a-nombre-de-otra-persona-abc-reportatjes\/"},"author":{"name":"Antonieta Castells Dolcet","@id":"https:\/\/www.cmalleida.com\/es\/#\/schema\/person\/7461453022a0d6ce41c1e530eb4443b4"},"headline":"\u00bfSe puede conducir un coche que est\u00e1 a nombre de otra persona? (ABC reportatjes)","datePublished":"2020-01-17T09:11:41+00:00","mainEntityOfPage":{"@id":"https:\/\/www.cmalleida.com\/es\/se-puede-conducir-un-coche-que-esta-a-nombre-de-otra-persona-abc-reportatjes\/"},"wordCount":392,"publisher":{"@id":"https:\/\/www.cmalleida.com\/es\/#organization"},"image":{"@id":"https:\/\/www.cmalleida.com\/es\/se-puede-conducir-un-coche-que-esta-a-nombre-de-otra-persona-abc-reportatjes\/#primaryimage"},"thumbnailUrl":"https:\/\/www.cmalleida.com\/wp-content\/uploads\/cmall-lleida-actualitat-autonom762.jpg","articleSection":["Actualidad"],"inLanguage":"es"},{"@type":"WebPage","@id":"https:\/\/www.cmalleida.com\/es\/se-puede-conducir-un-coche-que-esta-a-nombre-de-otra-persona-abc-reportatjes\/","url":"https:\/\/www.cmalleida.com\/es\/se-puede-conducir-un-coche-que-esta-a-nombre-de-otra-persona-abc-reportatjes\/","name":"\u00bfSe puede conducir un coche que est\u00e1 a nombre de otra persona? (ABC reportatjes) - Col\u00b7legi de Mediadors d&#039;Assegurances de Lleida","isPartOf":{"@id":"https:\/\/www.cmalleida.com\/es\/#website"},"primaryImageOfPage":{"@id":"https:\/\/www.cmalleida.com\/es\/se-puede-conducir-un-coche-que-esta-a-nombre-de-otra-persona-abc-reportatjes\/#primaryimage"},"image":{"@id":"https:\/\/www.cmalleida.com\/es\/se-puede-conducir-un-coche-que-esta-a-nombre-de-otra-persona-abc-reportatjes\/#primaryimage"},"thumbnailUrl":"https:\/\/www.cmalleida.com\/wp-content\/uploads\/cmall-lleida-actualitat-autonom762.jpg","datePublished":"2020-01-17T09:11:41+00:00","breadcrumb":{"@id":"https:\/\/www.cmalleida.com\/es\/se-puede-conducir-un-coche-que-esta-a-nombre-de-otra-persona-abc-reportatjes\/#breadcrumb"},"inLanguage":"es","potentialAction":[{"@type":"ReadAction","target":["https:\/\/www.cmalleida.com\/es\/se-puede-conducir-un-coche-que-esta-a-nombre-de-otra-persona-abc-reportatjes\/"]}]},{"@type":"ImageObject","inLanguage":"es","@id":"https:\/\/www.cmalleida.com\/es\/se-puede-conducir-un-coche-que-esta-a-nombre-de-otra-persona-abc-reportatjes\/#primaryimage","url":"https:\/\/www.cmalleida.com\/wp-content\/uploads\/cmall-lleida-actualitat-autonom762.jpg","contentUrl":"https:\/\/www.cmalleida.com\/wp-content\/uploads\/cmall-lleida-actualitat-autonom762.jpg","width":762,"height":762,"caption":"cmall-lleida-actualitat-AUTONOM762"},{"@type":"BreadcrumbList","@id":"https:\/\/www.cmalleida.com\/es\/se-puede-conducir-un-coche-que-esta-a-nombre-de-otra-persona-abc-reportatjes\/#breadcrumb","itemListElement":[{"@type":"ListItem","position":1,"name":"Inici","item":"https:\/\/www.cmalleida.com\/es\/"},{"@type":"ListItem","position":2,"name":"\u00bfSe puede conducir un coche que est\u00e1 a nombre de otra persona? (ABC reportatjes)"}]},{"@type":"WebSite","@id":"https:\/\/www.cmalleida.com\/es\/#website","url":"https:\/\/www.cmalleida.com\/es\/","name":"Col\u00b7legi de Mediadors d&#039;Assegurances de Lleida","description":"Otro sitio realizado con WordPress","publisher":{"@id":"https:\/\/www.cmalleida.com\/es\/#organization"},"potentialAction":[{"@type":"SearchAction","target":{"@type":"EntryPoint","urlTemplate":"https:\/\/www.cmalleida.com\/es\/?s={search_term_string}"},"query-input":{"@type":"PropertyValueSpecification","valueRequired":true,"valueName":"search_term_string"}}],"inLanguage":"es"},{"@type":"Organization","@id":"https:\/\/www.cmalleida.com\/es\/#organization","name":"Col\u00b7legi de Mediadors d'Assegurances de Lleida","url":"https:\/\/www.cmalleida.com\/es\/","logo":{"@type":"ImageObject","inLanguage":"es","@id":"https:\/\/www.cmalleida.com\/es\/#\/schema\/logo\/image\/","url":"","contentUrl":"","caption":"Col\u00b7legi de Mediadors d'Assegurances de Lleida"},"image":{"@id":"https:\/\/www.cmalleida.com\/es\/#\/schema\/logo\/image\/"}},{"@type":"Person","@id":"https:\/\/www.cmalleida.com\/es\/#\/schema\/person\/7461453022a0d6ce41c1e530eb4443b4","name":"Antonieta Castells Dolcet","image":{"@type":"ImageObject","inLanguage":"es","@id":"https:\/\/secure.gravatar.com\/avatar\/7738df9a8ff2d12e8b37d088ff0e3e36016e57ab29e5db27ba4fb758a81ea3cb?s=96&d=mm&r=g","url":"https:\/\/secure.gravatar.com\/avatar\/7738df9a8ff2d12e8b37d088ff0e3e36016e57ab29e5db27ba4fb758a81ea3cb?s=96&d=mm&r=g","contentUrl":"https:\/\/secure.gravatar.com\/avatar\/7738df9a8ff2d12e8b37d088ff0e3e36016e57ab29e5db27ba4fb758a81ea3cb?s=96&d=mm&r=g","caption":"Antonieta Castells Dolcet"},"sameAs":["http:\/\/www.cmalleida.com"]}]}},"_links":{"self":[{"href":"https:\/\/www.cmalleida.com\/es\/wp-json\/wp\/v2\/posts\/6190","targetHints":{"allow":["GET"]}}],"collection":[{"href":"https:\/\/www.cmalleida.com\/es\/wp-json\/wp\/v2\/posts"}],"about":[{"href":"https:\/\/www.cmalleida.com\/es\/wp-json\/wp\/v2\/types\/post"}],"author":[{"embeddable":true,"href":"https:\/\/www.cmalleida.com\/es\/wp-json\/wp\/v2\/users\/149"}],"replies":[{"embeddable":true,"href":"https:\/\/www.cmalleida.com\/es\/wp-json\/wp\/v2\/comments?post=6190"}],"version-history":[{"count":1,"href":"https:\/\/www.cmalleida.com\/es\/wp-json\/wp\/v2\/posts\/6190\/revisions"}],"predecessor-version":[{"id":6191,"href":"https:\/\/www.cmalleida.com\/es\/wp-json\/wp\/v2\/posts\/6190\/revisions\/6191"}],"wp:featuredmedia":[{"embeddable":true,"href":"https:\/\/www.cmalleida.com\/es\/wp-json\/wp\/v2\/media\/1861"}],"wp:attachment":[{"href":"https:\/\/www.cmalleida.com\/es\/wp-json\/wp\/v2\/media?parent=6190"}],"wp:term":[{"taxonomy":"category","embeddable":true,"href":"https:\/\/www.cmalleida.com\/es\/wp-json\/wp\/v2\/categories?post=6190"},{"taxonomy":"post_tag","embeddable":true,"href":"https:\/\/www.cmalleida.com\/es\/wp-json\/wp\/v2\/tags?post=6190"}],"curies":[{"name":"wp","href":"https:\/\/api.w.org\/{rel}","templated":true}]}}