{"id":6116,"date":"2019-12-20T10:11:18","date_gmt":"2019-12-20T09:11:18","guid":{"rendered":"https:\/\/www.cmalleida.com\/?p=6116"},"modified":"2019-12-20T10:11:34","modified_gmt":"2019-12-20T09:11:34","slug":"2020-ano-crucial-para-las-aseguradoras-cincodias","status":"publish","type":"post","link":"https:\/\/www.cmalleida.com\/es\/2020-ano-crucial-para-las-aseguradoras-cincodias\/","title":{"rendered":"2020, a\u00f1o crucial para las aseguradoras (CincoD\u00edas)"},"content":{"rendered":"<p><em>La entrada en vigor de IFRS17 tendr\u00e1 un impacto similar al que tuvo en su d\u00eda Solvencia II, por lo que el sector debe prepararse a fondo<\/em><\/p>\n<p><a href=\"https:\/\/cincodias.elpais.com\/autor\/cinco_dias\/a\/\">XAVIER PLANA<\/a>\u00a0 <a href=\"https:\/\/cincodias.elpais.com\/tag\/fecha\/20191219\">19 DIC 2019 &#8211; 07:09\u00a0CET<\/a><\/p>\n<p>Para el pr\u00f3ximo a\u00f1o se estima que el sector asegurador siga creciendo en la mayor\u00eda de sus ramos, debido a la recuperaci\u00f3n en la renta de los hogares, ralentizaci\u00f3n en la ca\u00edda de desempleo y la previsible subida de tipos en el \u00faltimo trimestre de 2020. Aunque todos los ramos no crecer\u00e1n por igual, est\u00e1 previsto un alto incremento en el sector de salud, mientras que, por el contrario, el seguro del autom\u00f3vil, que en la actualidad se haya sometido a una importante guerra de precios, se resentir\u00e1 debido a la bajada de las matriculaciones, en gran medida por las restricciones medioambientales en las grandes ciudades.<\/p>\n<p>Adem\u00e1s, de no haber nuevos retrasos, en enero de 2021 se prev\u00e9 la entrada en vigor la normativa IFRS 17, por lo que el a\u00f1o que viene promete ser intenso en los procesos de adaptaci\u00f3n a nuevas normativas y requerimientos y debido a que las compa\u00f1\u00edas de seguros se enfrentar\u00e1n a uno de sus mayores desaf\u00edos, ya que IFRS17 no ser\u00e1 un simple cambio contable sino que afectar\u00e1 a todas sus operaciones.<\/p>\n<p>La entrada en vigor de IFRS17 tendr\u00e1 un impacto similar al que tuvo en su d\u00eda Solvencia II, por lo que las aseguradoras deben prepararse a fondo. El reto es elevado tanto a nivel conceptual como tecnol\u00f3gico, y pese a que hay diversos grados de preparaci\u00f3n para el cambio en el sector, hay entidades que corren el riesgo de quedarse atr\u00e1s en el an\u00e1lisis de gaps y enfoque metodol\u00f3gico para llevar a cabo la adaptaci\u00f3n a la nueva normativa.<\/p>\n<p>Asimismo, en 2020 se producir\u00e1 la pr\u00f3xima revisi\u00f3n de Solvencia II, que desde que entr\u00f3 en vigor en enero de 2016, las compa\u00f1\u00edas espa\u00f1olas han adaptado sus procesos a esta norma con mayor o menor grado de automatizaci\u00f3n, en funci\u00f3n de su tama\u00f1o y necesidades. A ello se suma la entrada en vigor de la Ley de Distribuci\u00f3n de Seguros y Reaseguros Privados, en la que las aseguradoras espa\u00f1olas deben continuar trabajando en la adaptaci\u00f3n a la normativa en base a los borradores y directivas europeas.Por otro lado es de destacar, que las aseguradoras se enfrentan a grandes retos, que van desde el cambio de los h\u00e1bitos de los clientes, con la utilizaci\u00f3n generalizada de canales online, tanto en la compra como en la declaraci\u00f3n de siniestros; pasando por la entrada de nuevas Insurtech o consolidaci\u00f3n de las existentes.<\/p>\n<p>Por \u00faltimo deben a\u00f1adirse los riesgos emergentes tales como ataques cibern\u00e9ticos, protecci\u00f3n de datos, da\u00f1os medioambientales, riesgos reputacionales, as\u00ed como los efectos demogr\u00e1ficos con el envejecimiento de la poblaci\u00f3n y su impacto en la longevidad. Una correcta evaluaci\u00f3n y predicci\u00f3n por parte de las compa\u00f1\u00edas de estos y otros riesgos debe conllevar una mayor inversi\u00f3n en m\u00e9tricas y t\u00e9cnicas predictivas avanzadas, as\u00ed como la adecuada optimizaci\u00f3n y desarrollo en los modelos actuales. En conclusi\u00f3n, este entorno provocar\u00e1 que el pr\u00f3ximo a\u00f1o sea crucial para el sector, por lo que la digitalizaci\u00f3n de procesos es una gran oportunidad que tienen las aseguradoras para adaptarse a todo este tipo de cambios, ya que requieren de un tratamiento de la informaci\u00f3n de la compa\u00f1\u00eda fiable y de calidad.<\/p>\n<p><strong>Xavier Plana<\/strong>\u00a0es CEO de AV Group<\/p>\n","protected":false},"excerpt":{"rendered":"<p>La entrada en vigor de IFRS17 tendr\u00e1 un impacto similar al que tuvo en su d\u00eda Solvencia II, por lo que el sector debe prepararse&#8230; <a href=\"https:\/\/www.cmalleida.com\/es\/2020-ano-crucial-para-las-aseguradoras-cincodias\/\" rel=\"nofollow\" class=\"lollegirmes\">Llegeix m\u00e9s<\/a><\/p>\n","protected":false},"author":149,"featured_media":1843,"comment_status":"closed","ping_status":"closed","sticky":false,"template":"","format":"standard","meta":{"_acf_changed":false,"_genesis_hide_title":false,"_genesis_hide_breadcrumbs":false,"_genesis_hide_singular_image":false,"_genesis_hide_footer_widgets":false,"_genesis_custom_body_class":"","_genesis_custom_post_class":"","_genesis_layout":"","footnotes":""},"categories":[28,64,96],"tags":[],"class_list":{"0":"post-6116","1":"post","2":"type-post","3":"status-publish","4":"format-standard","5":"has-post-thumbnail","7":"category-actualidad","8":"category-legislacion","9":"category-seguros","10":"entry"},"acf":[],"yoast_head":"<!-- This site is optimized with the Yoast SEO plugin v27.2 - https:\/\/yoast.com\/product\/yoast-seo-wordpress\/ -->\n<title>2020, a\u00f1o crucial para las aseguradoras (CincoD\u00edas) - Col\u00b7legi de Mediadors d&#039;Assegurances de Lleida<\/title>\n<meta name=\"robots\" content=\"index, follow, max-snippet:-1, max-image-preview:large, max-video-preview:-1\" \/>\n<link rel=\"canonical\" href=\"https:\/\/www.cmalleida.com\/es\/2020-ano-crucial-para-las-aseguradoras-cincodias\/\" \/>\n<meta property=\"og:locale\" content=\"es_ES\" \/>\n<meta property=\"og:type\" content=\"article\" \/>\n<meta property=\"og:title\" content=\"2020, a\u00f1o crucial para las aseguradoras (CincoD\u00edas) - Col\u00b7legi de Mediadors d&#039;Assegurances de Lleida\" \/>\n<meta property=\"og:description\" content=\"La entrada en vigor de IFRS17 tendr\u00e1 un impacto similar al que tuvo en su d\u00eda Solvencia II, por lo que el sector debe prepararse... Llegeix m\u00e9s\" \/>\n<meta property=\"og:url\" content=\"https:\/\/www.cmalleida.com\/es\/2020-ano-crucial-para-las-aseguradoras-cincodias\/\" \/>\n<meta property=\"og:site_name\" content=\"Col\u00b7legi de Mediadors d&#039;Assegurances de Lleida\" \/>\n<meta property=\"article:published_time\" content=\"2019-12-20T09:11:18+00:00\" \/>\n<meta property=\"article:modified_time\" content=\"2019-12-20T09:11:34+00:00\" \/>\n<meta property=\"og:image\" content=\"https:\/\/www.cmalleida.com\/wp-content\/uploads\/cmall-lleida-actualitat-tech762.jpg\" \/>\n\t<meta property=\"og:image:width\" content=\"762\" \/>\n\t<meta property=\"og:image:height\" content=\"762\" \/>\n\t<meta property=\"og:image:type\" content=\"image\/jpeg\" \/>\n<meta name=\"author\" content=\"Antonieta Castells Dolcet\" \/>\n<meta name=\"twitter:card\" content=\"summary_large_image\" \/>\n<meta name=\"twitter:label1\" content=\"Written by\" \/>\n\t<meta name=\"twitter:data1\" content=\"Antonieta Castells Dolcet\" \/>\n\t<meta name=\"twitter:label2\" content=\"Est. reading time\" \/>\n\t<meta name=\"twitter:data2\" content=\"3 minutos\" \/>\n<script type=\"application\/ld+json\" class=\"yoast-schema-graph\">{\"@context\":\"https:\/\/schema.org\",\"@graph\":[{\"@type\":\"Article\",\"@id\":\"https:\/\/www.cmalleida.com\/es\/2020-ano-crucial-para-las-aseguradoras-cincodias\/#article\",\"isPartOf\":{\"@id\":\"https:\/\/www.cmalleida.com\/es\/2020-ano-crucial-para-las-aseguradoras-cincodias\/\"},\"author\":{\"name\":\"Antonieta Castells Dolcet\",\"@id\":\"https:\/\/www.cmalleida.com\/es\/#\/schema\/person\/7461453022a0d6ce41c1e530eb4443b4\"},\"headline\":\"2020, a\u00f1o crucial para las aseguradoras (CincoD\u00edas)\",\"datePublished\":\"2019-12-20T09:11:18+00:00\",\"dateModified\":\"2019-12-20T09:11:34+00:00\",\"mainEntityOfPage\":{\"@id\":\"https:\/\/www.cmalleida.com\/es\/2020-ano-crucial-para-las-aseguradoras-cincodias\/\"},\"wordCount\":619,\"publisher\":{\"@id\":\"https:\/\/www.cmalleida.com\/es\/#organization\"},\"image\":{\"@id\":\"https:\/\/www.cmalleida.com\/es\/2020-ano-crucial-para-las-aseguradoras-cincodias\/#primaryimage\"},\"thumbnailUrl\":\"https:\/\/www.cmalleida.com\/wp-content\/uploads\/cmall-lleida-actualitat-tech762.jpg\",\"articleSection\":[\"Actualidad\",\"Legislaci\u00f3n\",\"Seguros\"],\"inLanguage\":\"es\"},{\"@type\":\"WebPage\",\"@id\":\"https:\/\/www.cmalleida.com\/es\/2020-ano-crucial-para-las-aseguradoras-cincodias\/\",\"url\":\"https:\/\/www.cmalleida.com\/es\/2020-ano-crucial-para-las-aseguradoras-cincodias\/\",\"name\":\"2020, a\u00f1o crucial para las aseguradoras (CincoD\u00edas) - Col\u00b7legi de Mediadors d&#039;Assegurances de Lleida\",\"isPartOf\":{\"@id\":\"https:\/\/www.cmalleida.com\/es\/#website\"},\"primaryImageOfPage\":{\"@id\":\"https:\/\/www.cmalleida.com\/es\/2020-ano-crucial-para-las-aseguradoras-cincodias\/#primaryimage\"},\"image\":{\"@id\":\"https:\/\/www.cmalleida.com\/es\/2020-ano-crucial-para-las-aseguradoras-cincodias\/#primaryimage\"},\"thumbnailUrl\":\"https:\/\/www.cmalleida.com\/wp-content\/uploads\/cmall-lleida-actualitat-tech762.jpg\",\"datePublished\":\"2019-12-20T09:11:18+00:00\",\"dateModified\":\"2019-12-20T09:11:34+00:00\",\"breadcrumb\":{\"@id\":\"https:\/\/www.cmalleida.com\/es\/2020-ano-crucial-para-las-aseguradoras-cincodias\/#breadcrumb\"},\"inLanguage\":\"es\",\"potentialAction\":[{\"@type\":\"ReadAction\",\"target\":[\"https:\/\/www.cmalleida.com\/es\/2020-ano-crucial-para-las-aseguradoras-cincodias\/\"]}]},{\"@type\":\"ImageObject\",\"inLanguage\":\"es\",\"@id\":\"https:\/\/www.cmalleida.com\/es\/2020-ano-crucial-para-las-aseguradoras-cincodias\/#primaryimage\",\"url\":\"https:\/\/www.cmalleida.com\/wp-content\/uploads\/cmall-lleida-actualitat-tech762.jpg\",\"contentUrl\":\"https:\/\/www.cmalleida.com\/wp-content\/uploads\/cmall-lleida-actualitat-tech762.jpg\",\"width\":762,\"height\":762,\"caption\":\"cmall-lleida-actualitat-tech762\"},{\"@type\":\"BreadcrumbList\",\"@id\":\"https:\/\/www.cmalleida.com\/es\/2020-ano-crucial-para-las-aseguradoras-cincodias\/#breadcrumb\",\"itemListElement\":[{\"@type\":\"ListItem\",\"position\":1,\"name\":\"Inici\",\"item\":\"https:\/\/www.cmalleida.com\/es\/\"},{\"@type\":\"ListItem\",\"position\":2,\"name\":\"2020, a\u00f1o crucial para las aseguradoras (CincoD\u00edas)\"}]},{\"@type\":\"WebSite\",\"@id\":\"https:\/\/www.cmalleida.com\/es\/#website\",\"url\":\"https:\/\/www.cmalleida.com\/es\/\",\"name\":\"Col\u00b7legi de Mediadors d&#039;Assegurances de Lleida\",\"description\":\"Otro sitio realizado con WordPress\",\"publisher\":{\"@id\":\"https:\/\/www.cmalleida.com\/es\/#organization\"},\"potentialAction\":[{\"@type\":\"SearchAction\",\"target\":{\"@type\":\"EntryPoint\",\"urlTemplate\":\"https:\/\/www.cmalleida.com\/es\/?s={search_term_string}\"},\"query-input\":{\"@type\":\"PropertyValueSpecification\",\"valueRequired\":true,\"valueName\":\"search_term_string\"}}],\"inLanguage\":\"es\"},{\"@type\":\"Organization\",\"@id\":\"https:\/\/www.cmalleida.com\/es\/#organization\",\"name\":\"Col\u00b7legi de Mediadors d'Assegurances de Lleida\",\"url\":\"https:\/\/www.cmalleida.com\/es\/\",\"logo\":{\"@type\":\"ImageObject\",\"inLanguage\":\"es\",\"@id\":\"https:\/\/www.cmalleida.com\/es\/#\/schema\/logo\/image\/\",\"url\":\"\",\"contentUrl\":\"\",\"caption\":\"Col\u00b7legi de Mediadors d'Assegurances de Lleida\"},\"image\":{\"@id\":\"https:\/\/www.cmalleida.com\/es\/#\/schema\/logo\/image\/\"}},{\"@type\":\"Person\",\"@id\":\"https:\/\/www.cmalleida.com\/es\/#\/schema\/person\/7461453022a0d6ce41c1e530eb4443b4\",\"name\":\"Antonieta Castells Dolcet\",\"image\":{\"@type\":\"ImageObject\",\"inLanguage\":\"es\",\"@id\":\"https:\/\/secure.gravatar.com\/avatar\/7738df9a8ff2d12e8b37d088ff0e3e36016e57ab29e5db27ba4fb758a81ea3cb?s=96&d=mm&r=g\",\"url\":\"https:\/\/secure.gravatar.com\/avatar\/7738df9a8ff2d12e8b37d088ff0e3e36016e57ab29e5db27ba4fb758a81ea3cb?s=96&d=mm&r=g\",\"contentUrl\":\"https:\/\/secure.gravatar.com\/avatar\/7738df9a8ff2d12e8b37d088ff0e3e36016e57ab29e5db27ba4fb758a81ea3cb?s=96&d=mm&r=g\",\"caption\":\"Antonieta Castells Dolcet\"},\"sameAs\":[\"http:\/\/www.cmalleida.com\"]}]}<\/script>\n<!-- \/ Yoast SEO plugin. -->","yoast_head_json":{"title":"2020, a\u00f1o crucial para las aseguradoras (CincoD\u00edas) - Col\u00b7legi de Mediadors d&#039;Assegurances de Lleida","robots":{"index":"index","follow":"follow","max-snippet":"max-snippet:-1","max-image-preview":"max-image-preview:large","max-video-preview":"max-video-preview:-1"},"canonical":"https:\/\/www.cmalleida.com\/es\/2020-ano-crucial-para-las-aseguradoras-cincodias\/","og_locale":"es_ES","og_type":"article","og_title":"2020, a\u00f1o crucial para las aseguradoras (CincoD\u00edas) - Col\u00b7legi de Mediadors d&#039;Assegurances de Lleida","og_description":"La entrada en vigor de IFRS17 tendr\u00e1 un impacto similar al que tuvo en su d\u00eda Solvencia II, por lo que el sector debe prepararse... Llegeix m\u00e9s","og_url":"https:\/\/www.cmalleida.com\/es\/2020-ano-crucial-para-las-aseguradoras-cincodias\/","og_site_name":"Col\u00b7legi de Mediadors d&#039;Assegurances de Lleida","article_published_time":"2019-12-20T09:11:18+00:00","article_modified_time":"2019-12-20T09:11:34+00:00","og_image":[{"width":762,"height":762,"url":"https:\/\/www.cmalleida.com\/wp-content\/uploads\/cmall-lleida-actualitat-tech762.jpg","type":"image\/jpeg"}],"author":"Antonieta Castells Dolcet","twitter_card":"summary_large_image","twitter_misc":{"Written by":"Antonieta Castells Dolcet","Est. reading time":"3 minutos"},"schema":{"@context":"https:\/\/schema.org","@graph":[{"@type":"Article","@id":"https:\/\/www.cmalleida.com\/es\/2020-ano-crucial-para-las-aseguradoras-cincodias\/#article","isPartOf":{"@id":"https:\/\/www.cmalleida.com\/es\/2020-ano-crucial-para-las-aseguradoras-cincodias\/"},"author":{"name":"Antonieta Castells Dolcet","@id":"https:\/\/www.cmalleida.com\/es\/#\/schema\/person\/7461453022a0d6ce41c1e530eb4443b4"},"headline":"2020, a\u00f1o crucial para las aseguradoras (CincoD\u00edas)","datePublished":"2019-12-20T09:11:18+00:00","dateModified":"2019-12-20T09:11:34+00:00","mainEntityOfPage":{"@id":"https:\/\/www.cmalleida.com\/es\/2020-ano-crucial-para-las-aseguradoras-cincodias\/"},"wordCount":619,"publisher":{"@id":"https:\/\/www.cmalleida.com\/es\/#organization"},"image":{"@id":"https:\/\/www.cmalleida.com\/es\/2020-ano-crucial-para-las-aseguradoras-cincodias\/#primaryimage"},"thumbnailUrl":"https:\/\/www.cmalleida.com\/wp-content\/uploads\/cmall-lleida-actualitat-tech762.jpg","articleSection":["Actualidad","Legislaci\u00f3n","Seguros"],"inLanguage":"es"},{"@type":"WebPage","@id":"https:\/\/www.cmalleida.com\/es\/2020-ano-crucial-para-las-aseguradoras-cincodias\/","url":"https:\/\/www.cmalleida.com\/es\/2020-ano-crucial-para-las-aseguradoras-cincodias\/","name":"2020, a\u00f1o crucial para las aseguradoras (CincoD\u00edas) - Col\u00b7legi de Mediadors d&#039;Assegurances de Lleida","isPartOf":{"@id":"https:\/\/www.cmalleida.com\/es\/#website"},"primaryImageOfPage":{"@id":"https:\/\/www.cmalleida.com\/es\/2020-ano-crucial-para-las-aseguradoras-cincodias\/#primaryimage"},"image":{"@id":"https:\/\/www.cmalleida.com\/es\/2020-ano-crucial-para-las-aseguradoras-cincodias\/#primaryimage"},"thumbnailUrl":"https:\/\/www.cmalleida.com\/wp-content\/uploads\/cmall-lleida-actualitat-tech762.jpg","datePublished":"2019-12-20T09:11:18+00:00","dateModified":"2019-12-20T09:11:34+00:00","breadcrumb":{"@id":"https:\/\/www.cmalleida.com\/es\/2020-ano-crucial-para-las-aseguradoras-cincodias\/#breadcrumb"},"inLanguage":"es","potentialAction":[{"@type":"ReadAction","target":["https:\/\/www.cmalleida.com\/es\/2020-ano-crucial-para-las-aseguradoras-cincodias\/"]}]},{"@type":"ImageObject","inLanguage":"es","@id":"https:\/\/www.cmalleida.com\/es\/2020-ano-crucial-para-las-aseguradoras-cincodias\/#primaryimage","url":"https:\/\/www.cmalleida.com\/wp-content\/uploads\/cmall-lleida-actualitat-tech762.jpg","contentUrl":"https:\/\/www.cmalleida.com\/wp-content\/uploads\/cmall-lleida-actualitat-tech762.jpg","width":762,"height":762,"caption":"cmall-lleida-actualitat-tech762"},{"@type":"BreadcrumbList","@id":"https:\/\/www.cmalleida.com\/es\/2020-ano-crucial-para-las-aseguradoras-cincodias\/#breadcrumb","itemListElement":[{"@type":"ListItem","position":1,"name":"Inici","item":"https:\/\/www.cmalleida.com\/es\/"},{"@type":"ListItem","position":2,"name":"2020, a\u00f1o crucial para las aseguradoras (CincoD\u00edas)"}]},{"@type":"WebSite","@id":"https:\/\/www.cmalleida.com\/es\/#website","url":"https:\/\/www.cmalleida.com\/es\/","name":"Col\u00b7legi de Mediadors d&#039;Assegurances de Lleida","description":"Otro sitio realizado con WordPress","publisher":{"@id":"https:\/\/www.cmalleida.com\/es\/#organization"},"potentialAction":[{"@type":"SearchAction","target":{"@type":"EntryPoint","urlTemplate":"https:\/\/www.cmalleida.com\/es\/?s={search_term_string}"},"query-input":{"@type":"PropertyValueSpecification","valueRequired":true,"valueName":"search_term_string"}}],"inLanguage":"es"},{"@type":"Organization","@id":"https:\/\/www.cmalleida.com\/es\/#organization","name":"Col\u00b7legi de Mediadors d'Assegurances de Lleida","url":"https:\/\/www.cmalleida.com\/es\/","logo":{"@type":"ImageObject","inLanguage":"es","@id":"https:\/\/www.cmalleida.com\/es\/#\/schema\/logo\/image\/","url":"","contentUrl":"","caption":"Col\u00b7legi de Mediadors d'Assegurances de Lleida"},"image":{"@id":"https:\/\/www.cmalleida.com\/es\/#\/schema\/logo\/image\/"}},{"@type":"Person","@id":"https:\/\/www.cmalleida.com\/es\/#\/schema\/person\/7461453022a0d6ce41c1e530eb4443b4","name":"Antonieta Castells Dolcet","image":{"@type":"ImageObject","inLanguage":"es","@id":"https:\/\/secure.gravatar.com\/avatar\/7738df9a8ff2d12e8b37d088ff0e3e36016e57ab29e5db27ba4fb758a81ea3cb?s=96&d=mm&r=g","url":"https:\/\/secure.gravatar.com\/avatar\/7738df9a8ff2d12e8b37d088ff0e3e36016e57ab29e5db27ba4fb758a81ea3cb?s=96&d=mm&r=g","contentUrl":"https:\/\/secure.gravatar.com\/avatar\/7738df9a8ff2d12e8b37d088ff0e3e36016e57ab29e5db27ba4fb758a81ea3cb?s=96&d=mm&r=g","caption":"Antonieta Castells Dolcet"},"sameAs":["http:\/\/www.cmalleida.com"]}]}},"_links":{"self":[{"href":"https:\/\/www.cmalleida.com\/es\/wp-json\/wp\/v2\/posts\/6116","targetHints":{"allow":["GET"]}}],"collection":[{"href":"https:\/\/www.cmalleida.com\/es\/wp-json\/wp\/v2\/posts"}],"about":[{"href":"https:\/\/www.cmalleida.com\/es\/wp-json\/wp\/v2\/types\/post"}],"author":[{"embeddable":true,"href":"https:\/\/www.cmalleida.com\/es\/wp-json\/wp\/v2\/users\/149"}],"replies":[{"embeddable":true,"href":"https:\/\/www.cmalleida.com\/es\/wp-json\/wp\/v2\/comments?post=6116"}],"version-history":[{"count":1,"href":"https:\/\/www.cmalleida.com\/es\/wp-json\/wp\/v2\/posts\/6116\/revisions"}],"predecessor-version":[{"id":6117,"href":"https:\/\/www.cmalleida.com\/es\/wp-json\/wp\/v2\/posts\/6116\/revisions\/6117"}],"wp:featuredmedia":[{"embeddable":true,"href":"https:\/\/www.cmalleida.com\/es\/wp-json\/wp\/v2\/media\/1843"}],"wp:attachment":[{"href":"https:\/\/www.cmalleida.com\/es\/wp-json\/wp\/v2\/media?parent=6116"}],"wp:term":[{"taxonomy":"category","embeddable":true,"href":"https:\/\/www.cmalleida.com\/es\/wp-json\/wp\/v2\/categories?post=6116"},{"taxonomy":"post_tag","embeddable":true,"href":"https:\/\/www.cmalleida.com\/es\/wp-json\/wp\/v2\/tags?post=6116"}],"curies":[{"name":"wp","href":"https:\/\/api.w.org\/{rel}","templated":true}]}}