{"id":6086,"date":"2019-12-13T10:04:12","date_gmt":"2019-12-13T09:04:12","guid":{"rendered":"https:\/\/www.cmalleida.com\/?p=6086"},"modified":"2019-12-13T10:04:12","modified_gmt":"2019-12-13T09:04:12","slug":"cual-es-la-responsabilidad-del-inquilino-en-un-incendio-dentro-de-una-vivienda-alquilada-la-vanguardia","status":"publish","type":"post","link":"https:\/\/www.cmalleida.com\/es\/cual-es-la-responsabilidad-del-inquilino-en-un-incendio-dentro-de-una-vivienda-alquilada-la-vanguardia\/","title":{"rendered":"\u00bfCu\u00e1l es la responsabilidad del inquilino en un incendio dentro de una vivienda alquilada? (La Vanguardia)"},"content":{"rendered":"<p><em>La aseguradora del propietario puede reclamar los gastos al inquilino si considera que este ha tenido responsabilidad en el siniestro<\/em><\/p>\n<p>Suelen ser m\u00e1s frecuentes de lo que pudiera parecer, que se produzcan, dentro de una vivienda, incendios, que ocasionen m\u00e1s o menos da\u00f1os, con los problemas y trastornos que ello puede plantear, tanto para las personas que ocupan dicha vivienda, como para sus propietarios.<\/p>\n<p>En la mayor\u00eda de los casos, y siempre que se disponga de una p\u00f3liza de seguros, que este correctamente contratada, los da\u00f1os provocados por dichos incendios, suelen ser reparados. En pocos d\u00edas, salvo que se trate de un incendio que haya provocado da\u00f1os de envergadura, se puede volver a realizar vida normal, corriendo los gastos a cuenta de la entidad aseguradora correspondiente.<\/p>\n<p>Pero cuando se trata de una vivienda alquilada, la situaci\u00f3n puede cambiar, pues, aunque el propietario, arrendador, tenga un seguro que cubra los da\u00f1os producidos por el incendio, que sea quien se ocupe de repararle todos los da\u00f1os sufridos, es posible que el importe abonado por la aseguradora sea reclamado, con posterioridad, al inquilino de la vivienda. Esta situaci\u00f3n se produce cuando se considera al arrendatario responsable del incendio, generando una desagradable situaci\u00f3n, que puede repercutir, directamente, en el patrimonio del inquilino, caus\u00e1ndole un grave quebranto.<\/p>\n<p>Suelen ser habituales incendios provocados por accidentes en la cocina, normalmente al quemarse la campana extractora, o causados por estufas u otros aparatos de calor, sobre todo en la \u00e9poca invernal, que pueden causar da\u00f1os a la vivienda, y por tanto al propietario de la misma, que ve como su patrimonio ha sido da\u00f1ado.<\/p>\n<p>El C\u00f3digo Civil, en su art\u00edculo 1563, dice que el arrendatario es responsable del deterioro, o p\u00e9rdida, que tuviere la vivienda arrendada, a no ser que pruebe haberse ocasionado sin culpa suya. Adem\u00e1s, el articulo siguiente, del C\u00f3digo civil, indica que el arrendatario es responsable del deterioro causado por las personas de su casa, por lo que la personas que figure como arrendatario, es decir la persona que ha firmado el contrato de arrendamiento, adquiere, por ello, una serie de obligaciones, entre las que se encuentra, principalmente, adem\u00e1s de abonar la renta establecida, la de mantener la vivienda en el mismo estado en el que le fue entregada, siendo responsable tanto de los da\u00f1os causados por actos realizados directamente por \u00e9l, c\u00f3mo los provocados por actos realizados por el resto de personas que convivan en la vivienda arrendada.<\/p>\n<p>Lo primero, reparar los da\u00f1os<\/p>\n<p>Si el propietario de la vivienda, que ha sufrido el incendio, dispone de un seguro, tal y como hemos comentado antes, lo cual es totalmente recomendable, ver\u00e1 como los da\u00f1os provocados por el incendio son reparados, y la aseguradora dispondr\u00e1 de la opci\u00f3n de reclamar, al inquilino de la vivienda, todos los importes que haya tenido que abonar a su asegurado, por el incendio. Opci\u00f3n que tiene su fundamento legal en el art\u00edculo 43, de la Ley de Contrato de Seguro, que habilita al asegurador a reclamar frente al responsable de los da\u00f1os, hasta el l\u00edmite de la indemnizaci\u00f3n abonada.<\/p>\n<p>Ante esta situaci\u00f3n se plantean varias inc\u00f3gnitas, siendo la primera saber en que situaci\u00f3n queda el inquilino, ante esta reclamaci\u00f3n de la compa\u00f1\u00eda de seguros, pues se enfrenta a unos importes, que, seg\u00fan el alcance de los da\u00f1os, puede ser de varios miles de euros, y a los que deber\u00e1 hacer frente, o por lo menos oponerse a ellos, con lo que tambi\u00e9n deber\u00e1 hacer frente a unos gastos imprevistos, los de abogado y, normalmente, procurador, para poder defenderse. Y es entonces cuando se plantea la segunda inc\u00f3gnita, que adem\u00e1s es la m\u00e1s determinante: Pero, \u00bfd\u00f3nde empieza la l\u00ednea, a partir de la cual se entra en el \u00e1mbito de la Responsabilidad del inquilino?, es decir, \u00bfporque debe ser el inquilino el que se vea obligado a pagar dichos da\u00f1os?<\/p>\n<p>En relaci\u00f3n a la primera cuesti\u00f3n, hay que tener en cuenta que, si el inquilino carece de un seguro, que cubra, al menos, su responsabilidad civil como inquilino, tendr\u00e1 que hacerse cargo de la reclamaci\u00f3n, con su propio patrimonio. Por todo ello se hace necesario, o por lo menos conveniente, que todos los arrendatarios, es decir, inquilinos, dispongan de un seguro que les d\u00e9 cobertura para este tipo de situaciones, evitando el riesgo que ello supone. Adem\u00e1s, tambi\u00e9n es recomendable asesorarse con un mediador de seguros colegiado, para poder elegir el producto que m\u00e1s se adecue a las necesidades de cada persona.<\/p>\n<p>En relaci\u00f3n a la segunda cuesti\u00f3n, La respuesta que nos da la ley, m\u00e1s concretamente el art\u00edculo 1104 del c\u00f3digo civil, es que ser\u00e1 culpa o negligencia del arrendador, o inquilino, cuando este omita la diligencia propia de la naturaleza de la obligaci\u00f3n, es decir, que pruebe que actu\u00f3 con total normalidad, como el acto realizado suele requerir, en condiciones normales.<\/p>\n<p>Teniendo en cuenta que estamos ante una situaci\u00f3n no exenta de diferentes interpretaciones, es necesario conocer como aplican los tribunales esta responsabilidad del inquilino, pues como hemos visto, al inicio, el art\u00edculo 1563 del c\u00f3digo civil exige, que sea el inquilino, el que tiene la obligaci\u00f3n de demostrar que su actuaci\u00f3n ha sido correcta, es decir, ausente de toda culpa, pues de lo contrario se considerar\u00e1 que es responsable, y se ver\u00e1 obligado a abonar los da\u00f1os causados.<\/p>\n<p>En este sentido los tribunales indican, tal y como se\u00f1ala el Tribunal Supremo, que el inquilino tiene la obligaci\u00f3n de probar que no hubo, por su parte, culpa, ni negligencia alguna, o al menos, que se hab\u00eda tomado las medidas de cuidado, vigilancia, o previsiones necesarias. Adem\u00e1s, tambi\u00e9n se indica, que el desconocimiento de la causa del incendio no supone que el mismo se haya producido por caso fortuito, y por tanto no excluye la responsabilidad del inquilino.<\/p>\n<p>Pero no todos los deterioros que pueda sufrir la vivienda arrendada debe ser responsabilidad del inquilino, pues el propietario deber\u00e1 asumir el deterioro causado por el mero transcurso del tiempo o por una causa inevitable, as\u00ed como aquellas que se produzcan sin culpa del arrendatario o inquilino.<\/p>\n<p>Adem\u00e1s, tambi\u00e9n hay que tener en cuenta que existen los riesgos generales de la vida, que son aquellas situaciones que se generan, sin ser responsabilidad que se pueda atribuir a nadie, por el mero hecho de habitar una vivienda, y que entran dentro de la normalidad de un hogar, siempre que sean actuaciones cotidianas y exentas de un peligro adicional.<\/p>\n<p>En definitiva, es muy aconsejable que los inquilinos dispongan de un seguro, que sean correctamente asesorados por un mediador de seguros colegiado, pues con ello van a evitar todos los inconvenientes a los que se pueden enfrentar si sufren alg\u00fan percance que ocasiones da\u00f1os a la vivienda alquilada.<\/p>\n<p>Carlos Solis es profesor de la Fundaci\u00f3 Auditorium del Col\u00b7legi de Mediadors d\u2019Assegurances de Barcelona<\/p>\n","protected":false},"excerpt":{"rendered":"<p>La aseguradora del propietario puede reclamar los gastos al inquilino si considera que este ha tenido responsabilidad en el siniestro Suelen ser m\u00e1s frecuentes de&#8230; <a href=\"https:\/\/www.cmalleida.com\/es\/cual-es-la-responsabilidad-del-inquilino-en-un-incendio-dentro-de-una-vivienda-alquilada-la-vanguardia\/\" rel=\"nofollow\" class=\"lollegirmes\">Llegeix m\u00e9s<\/a><\/p>\n","protected":false},"author":149,"featured_media":1873,"comment_status":"closed","ping_status":"closed","sticky":false,"template":"","format":"standard","meta":{"_acf_changed":false,"_genesis_hide_title":false,"_genesis_hide_breadcrumbs":false,"_genesis_hide_singular_image":false,"_genesis_hide_footer_widgets":false,"_genesis_custom_body_class":"","_genesis_custom_post_class":"","_genesis_layout":"","footnotes":""},"categories":[28,62],"tags":[],"class_list":{"0":"post-6086","1":"post","2":"type-post","3":"status-publish","4":"format-standard","5":"has-post-thumbnail","7":"category-actualidad","8":"category-sinistres-es","9":"entry"},"acf":[],"yoast_head":"<!-- This site is optimized with the Yoast SEO plugin v27.2 - https:\/\/yoast.com\/product\/yoast-seo-wordpress\/ -->\n<title>\u00bfCu\u00e1l es la responsabilidad del inquilino en un incendio dentro de una vivienda alquilada? (La Vanguardia) - Col\u00b7legi de Mediadors d&#039;Assegurances de Lleida<\/title>\n<meta name=\"robots\" content=\"index, follow, max-snippet:-1, max-image-preview:large, max-video-preview:-1\" \/>\n<link rel=\"canonical\" href=\"https:\/\/www.cmalleida.com\/es\/cual-es-la-responsabilidad-del-inquilino-en-un-incendio-dentro-de-una-vivienda-alquilada-la-vanguardia\/\" \/>\n<meta property=\"og:locale\" content=\"es_ES\" \/>\n<meta property=\"og:type\" content=\"article\" \/>\n<meta property=\"og:title\" content=\"\u00bfCu\u00e1l es la responsabilidad del inquilino en un incendio dentro de una vivienda alquilada? (La Vanguardia) - Col\u00b7legi de Mediadors d&#039;Assegurances de Lleida\" \/>\n<meta property=\"og:description\" content=\"La aseguradora del propietario puede reclamar los gastos al inquilino si considera que este ha tenido responsabilidad en el siniestro Suelen ser m\u00e1s frecuentes de... Llegeix m\u00e9s\" \/>\n<meta property=\"og:url\" content=\"https:\/\/www.cmalleida.com\/es\/cual-es-la-responsabilidad-del-inquilino-en-un-incendio-dentro-de-una-vivienda-alquilada-la-vanguardia\/\" \/>\n<meta property=\"og:site_name\" content=\"Col\u00b7legi de Mediadors d&#039;Assegurances de Lleida\" \/>\n<meta property=\"article:published_time\" content=\"2019-12-13T09:04:12+00:00\" \/>\n<meta property=\"og:image\" content=\"https:\/\/www.cmalleida.com\/wp-content\/uploads\/cmall-lleida-actualitat-daus762.jpg\" \/>\n\t<meta property=\"og:image:width\" content=\"762\" \/>\n\t<meta property=\"og:image:height\" content=\"762\" \/>\n\t<meta property=\"og:image:type\" content=\"image\/jpeg\" \/>\n<meta name=\"author\" content=\"Antonieta Castells Dolcet\" \/>\n<meta name=\"twitter:card\" content=\"summary_large_image\" \/>\n<meta name=\"twitter:label1\" content=\"Written by\" \/>\n\t<meta name=\"twitter:data1\" content=\"Antonieta Castells Dolcet\" \/>\n\t<meta name=\"twitter:label2\" content=\"Est. reading time\" \/>\n\t<meta name=\"twitter:data2\" content=\"6 minutos\" \/>\n<script type=\"application\/ld+json\" class=\"yoast-schema-graph\">{\"@context\":\"https:\/\/schema.org\",\"@graph\":[{\"@type\":\"Article\",\"@id\":\"https:\/\/www.cmalleida.com\/es\/cual-es-la-responsabilidad-del-inquilino-en-un-incendio-dentro-de-una-vivienda-alquilada-la-vanguardia\/#article\",\"isPartOf\":{\"@id\":\"https:\/\/www.cmalleida.com\/es\/cual-es-la-responsabilidad-del-inquilino-en-un-incendio-dentro-de-una-vivienda-alquilada-la-vanguardia\/\"},\"author\":{\"name\":\"Antonieta Castells Dolcet\",\"@id\":\"https:\/\/www.cmalleida.com\/es\/#\/schema\/person\/7461453022a0d6ce41c1e530eb4443b4\"},\"headline\":\"\u00bfCu\u00e1l es la responsabilidad del inquilino en un incendio dentro de una vivienda alquilada? (La Vanguardia)\",\"datePublished\":\"2019-12-13T09:04:12+00:00\",\"mainEntityOfPage\":{\"@id\":\"https:\/\/www.cmalleida.com\/es\/cual-es-la-responsabilidad-del-inquilino-en-un-incendio-dentro-de-una-vivienda-alquilada-la-vanguardia\/\"},\"wordCount\":1216,\"publisher\":{\"@id\":\"https:\/\/www.cmalleida.com\/es\/#organization\"},\"image\":{\"@id\":\"https:\/\/www.cmalleida.com\/es\/cual-es-la-responsabilidad-del-inquilino-en-un-incendio-dentro-de-una-vivienda-alquilada-la-vanguardia\/#primaryimage\"},\"thumbnailUrl\":\"https:\/\/www.cmalleida.com\/wp-content\/uploads\/cmall-lleida-actualitat-daus762.jpg\",\"articleSection\":[\"Actualidad\",\"Sinistres\"],\"inLanguage\":\"es\"},{\"@type\":\"WebPage\",\"@id\":\"https:\/\/www.cmalleida.com\/es\/cual-es-la-responsabilidad-del-inquilino-en-un-incendio-dentro-de-una-vivienda-alquilada-la-vanguardia\/\",\"url\":\"https:\/\/www.cmalleida.com\/es\/cual-es-la-responsabilidad-del-inquilino-en-un-incendio-dentro-de-una-vivienda-alquilada-la-vanguardia\/\",\"name\":\"\u00bfCu\u00e1l es la responsabilidad del inquilino en un incendio dentro de una vivienda alquilada? (La Vanguardia) - Col\u00b7legi de Mediadors d&#039;Assegurances de Lleida\",\"isPartOf\":{\"@id\":\"https:\/\/www.cmalleida.com\/es\/#website\"},\"primaryImageOfPage\":{\"@id\":\"https:\/\/www.cmalleida.com\/es\/cual-es-la-responsabilidad-del-inquilino-en-un-incendio-dentro-de-una-vivienda-alquilada-la-vanguardia\/#primaryimage\"},\"image\":{\"@id\":\"https:\/\/www.cmalleida.com\/es\/cual-es-la-responsabilidad-del-inquilino-en-un-incendio-dentro-de-una-vivienda-alquilada-la-vanguardia\/#primaryimage\"},\"thumbnailUrl\":\"https:\/\/www.cmalleida.com\/wp-content\/uploads\/cmall-lleida-actualitat-daus762.jpg\",\"datePublished\":\"2019-12-13T09:04:12+00:00\",\"breadcrumb\":{\"@id\":\"https:\/\/www.cmalleida.com\/es\/cual-es-la-responsabilidad-del-inquilino-en-un-incendio-dentro-de-una-vivienda-alquilada-la-vanguardia\/#breadcrumb\"},\"inLanguage\":\"es\",\"potentialAction\":[{\"@type\":\"ReadAction\",\"target\":[\"https:\/\/www.cmalleida.com\/es\/cual-es-la-responsabilidad-del-inquilino-en-un-incendio-dentro-de-una-vivienda-alquilada-la-vanguardia\/\"]}]},{\"@type\":\"ImageObject\",\"inLanguage\":\"es\",\"@id\":\"https:\/\/www.cmalleida.com\/es\/cual-es-la-responsabilidad-del-inquilino-en-un-incendio-dentro-de-una-vivienda-alquilada-la-vanguardia\/#primaryimage\",\"url\":\"https:\/\/www.cmalleida.com\/wp-content\/uploads\/cmall-lleida-actualitat-daus762.jpg\",\"contentUrl\":\"https:\/\/www.cmalleida.com\/wp-content\/uploads\/cmall-lleida-actualitat-daus762.jpg\",\"width\":762,\"height\":762,\"caption\":\"cmall-lleida-actualitat-DAUS762\"},{\"@type\":\"BreadcrumbList\",\"@id\":\"https:\/\/www.cmalleida.com\/es\/cual-es-la-responsabilidad-del-inquilino-en-un-incendio-dentro-de-una-vivienda-alquilada-la-vanguardia\/#breadcrumb\",\"itemListElement\":[{\"@type\":\"ListItem\",\"position\":1,\"name\":\"Inici\",\"item\":\"https:\/\/www.cmalleida.com\/es\/\"},{\"@type\":\"ListItem\",\"position\":2,\"name\":\"\u00bfCu\u00e1l es la responsabilidad del inquilino en un incendio dentro de una vivienda alquilada? (La Vanguardia)\"}]},{\"@type\":\"WebSite\",\"@id\":\"https:\/\/www.cmalleida.com\/es\/#website\",\"url\":\"https:\/\/www.cmalleida.com\/es\/\",\"name\":\"Col\u00b7legi de Mediadors d&#039;Assegurances de Lleida\",\"description\":\"Otro sitio realizado con WordPress\",\"publisher\":{\"@id\":\"https:\/\/www.cmalleida.com\/es\/#organization\"},\"potentialAction\":[{\"@type\":\"SearchAction\",\"target\":{\"@type\":\"EntryPoint\",\"urlTemplate\":\"https:\/\/www.cmalleida.com\/es\/?s={search_term_string}\"},\"query-input\":{\"@type\":\"PropertyValueSpecification\",\"valueRequired\":true,\"valueName\":\"search_term_string\"}}],\"inLanguage\":\"es\"},{\"@type\":\"Organization\",\"@id\":\"https:\/\/www.cmalleida.com\/es\/#organization\",\"name\":\"Col\u00b7legi de Mediadors d'Assegurances de Lleida\",\"url\":\"https:\/\/www.cmalleida.com\/es\/\",\"logo\":{\"@type\":\"ImageObject\",\"inLanguage\":\"es\",\"@id\":\"https:\/\/www.cmalleida.com\/es\/#\/schema\/logo\/image\/\",\"url\":\"\",\"contentUrl\":\"\",\"caption\":\"Col\u00b7legi de Mediadors d'Assegurances de Lleida\"},\"image\":{\"@id\":\"https:\/\/www.cmalleida.com\/es\/#\/schema\/logo\/image\/\"}},{\"@type\":\"Person\",\"@id\":\"https:\/\/www.cmalleida.com\/es\/#\/schema\/person\/7461453022a0d6ce41c1e530eb4443b4\",\"name\":\"Antonieta Castells Dolcet\",\"image\":{\"@type\":\"ImageObject\",\"inLanguage\":\"es\",\"@id\":\"https:\/\/secure.gravatar.com\/avatar\/7738df9a8ff2d12e8b37d088ff0e3e36016e57ab29e5db27ba4fb758a81ea3cb?s=96&d=mm&r=g\",\"url\":\"https:\/\/secure.gravatar.com\/avatar\/7738df9a8ff2d12e8b37d088ff0e3e36016e57ab29e5db27ba4fb758a81ea3cb?s=96&d=mm&r=g\",\"contentUrl\":\"https:\/\/secure.gravatar.com\/avatar\/7738df9a8ff2d12e8b37d088ff0e3e36016e57ab29e5db27ba4fb758a81ea3cb?s=96&d=mm&r=g\",\"caption\":\"Antonieta Castells Dolcet\"},\"sameAs\":[\"http:\/\/www.cmalleida.com\"]}]}<\/script>\n<!-- \/ Yoast SEO plugin. -->","yoast_head_json":{"title":"\u00bfCu\u00e1l es la responsabilidad del inquilino en un incendio dentro de una vivienda alquilada? (La Vanguardia) - Col\u00b7legi de Mediadors d&#039;Assegurances de Lleida","robots":{"index":"index","follow":"follow","max-snippet":"max-snippet:-1","max-image-preview":"max-image-preview:large","max-video-preview":"max-video-preview:-1"},"canonical":"https:\/\/www.cmalleida.com\/es\/cual-es-la-responsabilidad-del-inquilino-en-un-incendio-dentro-de-una-vivienda-alquilada-la-vanguardia\/","og_locale":"es_ES","og_type":"article","og_title":"\u00bfCu\u00e1l es la responsabilidad del inquilino en un incendio dentro de una vivienda alquilada? (La Vanguardia) - Col\u00b7legi de Mediadors d&#039;Assegurances de Lleida","og_description":"La aseguradora del propietario puede reclamar los gastos al inquilino si considera que este ha tenido responsabilidad en el siniestro Suelen ser m\u00e1s frecuentes de... Llegeix m\u00e9s","og_url":"https:\/\/www.cmalleida.com\/es\/cual-es-la-responsabilidad-del-inquilino-en-un-incendio-dentro-de-una-vivienda-alquilada-la-vanguardia\/","og_site_name":"Col\u00b7legi de Mediadors d&#039;Assegurances de Lleida","article_published_time":"2019-12-13T09:04:12+00:00","og_image":[{"width":762,"height":762,"url":"https:\/\/www.cmalleida.com\/wp-content\/uploads\/cmall-lleida-actualitat-daus762.jpg","type":"image\/jpeg"}],"author":"Antonieta Castells Dolcet","twitter_card":"summary_large_image","twitter_misc":{"Written by":"Antonieta Castells Dolcet","Est. reading time":"6 minutos"},"schema":{"@context":"https:\/\/schema.org","@graph":[{"@type":"Article","@id":"https:\/\/www.cmalleida.com\/es\/cual-es-la-responsabilidad-del-inquilino-en-un-incendio-dentro-de-una-vivienda-alquilada-la-vanguardia\/#article","isPartOf":{"@id":"https:\/\/www.cmalleida.com\/es\/cual-es-la-responsabilidad-del-inquilino-en-un-incendio-dentro-de-una-vivienda-alquilada-la-vanguardia\/"},"author":{"name":"Antonieta Castells Dolcet","@id":"https:\/\/www.cmalleida.com\/es\/#\/schema\/person\/7461453022a0d6ce41c1e530eb4443b4"},"headline":"\u00bfCu\u00e1l es la responsabilidad del inquilino en un incendio dentro de una vivienda alquilada? (La Vanguardia)","datePublished":"2019-12-13T09:04:12+00:00","mainEntityOfPage":{"@id":"https:\/\/www.cmalleida.com\/es\/cual-es-la-responsabilidad-del-inquilino-en-un-incendio-dentro-de-una-vivienda-alquilada-la-vanguardia\/"},"wordCount":1216,"publisher":{"@id":"https:\/\/www.cmalleida.com\/es\/#organization"},"image":{"@id":"https:\/\/www.cmalleida.com\/es\/cual-es-la-responsabilidad-del-inquilino-en-un-incendio-dentro-de-una-vivienda-alquilada-la-vanguardia\/#primaryimage"},"thumbnailUrl":"https:\/\/www.cmalleida.com\/wp-content\/uploads\/cmall-lleida-actualitat-daus762.jpg","articleSection":["Actualidad","Sinistres"],"inLanguage":"es"},{"@type":"WebPage","@id":"https:\/\/www.cmalleida.com\/es\/cual-es-la-responsabilidad-del-inquilino-en-un-incendio-dentro-de-una-vivienda-alquilada-la-vanguardia\/","url":"https:\/\/www.cmalleida.com\/es\/cual-es-la-responsabilidad-del-inquilino-en-un-incendio-dentro-de-una-vivienda-alquilada-la-vanguardia\/","name":"\u00bfCu\u00e1l es la responsabilidad del inquilino en un incendio dentro de una vivienda alquilada? (La Vanguardia) - Col\u00b7legi de Mediadors d&#039;Assegurances de Lleida","isPartOf":{"@id":"https:\/\/www.cmalleida.com\/es\/#website"},"primaryImageOfPage":{"@id":"https:\/\/www.cmalleida.com\/es\/cual-es-la-responsabilidad-del-inquilino-en-un-incendio-dentro-de-una-vivienda-alquilada-la-vanguardia\/#primaryimage"},"image":{"@id":"https:\/\/www.cmalleida.com\/es\/cual-es-la-responsabilidad-del-inquilino-en-un-incendio-dentro-de-una-vivienda-alquilada-la-vanguardia\/#primaryimage"},"thumbnailUrl":"https:\/\/www.cmalleida.com\/wp-content\/uploads\/cmall-lleida-actualitat-daus762.jpg","datePublished":"2019-12-13T09:04:12+00:00","breadcrumb":{"@id":"https:\/\/www.cmalleida.com\/es\/cual-es-la-responsabilidad-del-inquilino-en-un-incendio-dentro-de-una-vivienda-alquilada-la-vanguardia\/#breadcrumb"},"inLanguage":"es","potentialAction":[{"@type":"ReadAction","target":["https:\/\/www.cmalleida.com\/es\/cual-es-la-responsabilidad-del-inquilino-en-un-incendio-dentro-de-una-vivienda-alquilada-la-vanguardia\/"]}]},{"@type":"ImageObject","inLanguage":"es","@id":"https:\/\/www.cmalleida.com\/es\/cual-es-la-responsabilidad-del-inquilino-en-un-incendio-dentro-de-una-vivienda-alquilada-la-vanguardia\/#primaryimage","url":"https:\/\/www.cmalleida.com\/wp-content\/uploads\/cmall-lleida-actualitat-daus762.jpg","contentUrl":"https:\/\/www.cmalleida.com\/wp-content\/uploads\/cmall-lleida-actualitat-daus762.jpg","width":762,"height":762,"caption":"cmall-lleida-actualitat-DAUS762"},{"@type":"BreadcrumbList","@id":"https:\/\/www.cmalleida.com\/es\/cual-es-la-responsabilidad-del-inquilino-en-un-incendio-dentro-de-una-vivienda-alquilada-la-vanguardia\/#breadcrumb","itemListElement":[{"@type":"ListItem","position":1,"name":"Inici","item":"https:\/\/www.cmalleida.com\/es\/"},{"@type":"ListItem","position":2,"name":"\u00bfCu\u00e1l es la responsabilidad del inquilino en un incendio dentro de una vivienda alquilada? (La Vanguardia)"}]},{"@type":"WebSite","@id":"https:\/\/www.cmalleida.com\/es\/#website","url":"https:\/\/www.cmalleida.com\/es\/","name":"Col\u00b7legi de Mediadors d&#039;Assegurances de Lleida","description":"Otro sitio realizado con WordPress","publisher":{"@id":"https:\/\/www.cmalleida.com\/es\/#organization"},"potentialAction":[{"@type":"SearchAction","target":{"@type":"EntryPoint","urlTemplate":"https:\/\/www.cmalleida.com\/es\/?s={search_term_string}"},"query-input":{"@type":"PropertyValueSpecification","valueRequired":true,"valueName":"search_term_string"}}],"inLanguage":"es"},{"@type":"Organization","@id":"https:\/\/www.cmalleida.com\/es\/#organization","name":"Col\u00b7legi de Mediadors d'Assegurances de Lleida","url":"https:\/\/www.cmalleida.com\/es\/","logo":{"@type":"ImageObject","inLanguage":"es","@id":"https:\/\/www.cmalleida.com\/es\/#\/schema\/logo\/image\/","url":"","contentUrl":"","caption":"Col\u00b7legi de Mediadors d'Assegurances de Lleida"},"image":{"@id":"https:\/\/www.cmalleida.com\/es\/#\/schema\/logo\/image\/"}},{"@type":"Person","@id":"https:\/\/www.cmalleida.com\/es\/#\/schema\/person\/7461453022a0d6ce41c1e530eb4443b4","name":"Antonieta Castells Dolcet","image":{"@type":"ImageObject","inLanguage":"es","@id":"https:\/\/secure.gravatar.com\/avatar\/7738df9a8ff2d12e8b37d088ff0e3e36016e57ab29e5db27ba4fb758a81ea3cb?s=96&d=mm&r=g","url":"https:\/\/secure.gravatar.com\/avatar\/7738df9a8ff2d12e8b37d088ff0e3e36016e57ab29e5db27ba4fb758a81ea3cb?s=96&d=mm&r=g","contentUrl":"https:\/\/secure.gravatar.com\/avatar\/7738df9a8ff2d12e8b37d088ff0e3e36016e57ab29e5db27ba4fb758a81ea3cb?s=96&d=mm&r=g","caption":"Antonieta Castells Dolcet"},"sameAs":["http:\/\/www.cmalleida.com"]}]}},"_links":{"self":[{"href":"https:\/\/www.cmalleida.com\/es\/wp-json\/wp\/v2\/posts\/6086","targetHints":{"allow":["GET"]}}],"collection":[{"href":"https:\/\/www.cmalleida.com\/es\/wp-json\/wp\/v2\/posts"}],"about":[{"href":"https:\/\/www.cmalleida.com\/es\/wp-json\/wp\/v2\/types\/post"}],"author":[{"embeddable":true,"href":"https:\/\/www.cmalleida.com\/es\/wp-json\/wp\/v2\/users\/149"}],"replies":[{"embeddable":true,"href":"https:\/\/www.cmalleida.com\/es\/wp-json\/wp\/v2\/comments?post=6086"}],"version-history":[{"count":1,"href":"https:\/\/www.cmalleida.com\/es\/wp-json\/wp\/v2\/posts\/6086\/revisions"}],"predecessor-version":[{"id":6087,"href":"https:\/\/www.cmalleida.com\/es\/wp-json\/wp\/v2\/posts\/6086\/revisions\/6087"}],"wp:featuredmedia":[{"embeddable":true,"href":"https:\/\/www.cmalleida.com\/es\/wp-json\/wp\/v2\/media\/1873"}],"wp:attachment":[{"href":"https:\/\/www.cmalleida.com\/es\/wp-json\/wp\/v2\/media?parent=6086"}],"wp:term":[{"taxonomy":"category","embeddable":true,"href":"https:\/\/www.cmalleida.com\/es\/wp-json\/wp\/v2\/categories?post=6086"},{"taxonomy":"post_tag","embeddable":true,"href":"https:\/\/www.cmalleida.com\/es\/wp-json\/wp\/v2\/tags?post=6086"}],"curies":[{"name":"wp","href":"https:\/\/api.w.org\/{rel}","templated":true}]}}