{"id":6076,"date":"2019-12-13T09:57:30","date_gmt":"2019-12-13T08:57:30","guid":{"rendered":"https:\/\/www.cmalleida.com\/?p=6076"},"modified":"2019-12-13T09:57:30","modified_gmt":"2019-12-13T08:57:30","slug":"que-seguro-cubre-una-averia-mecanica-del-coche-la-vanguardia","status":"publish","type":"post","link":"https:\/\/www.cmalleida.com\/es\/que-seguro-cubre-una-averia-mecanica-del-coche-la-vanguardia\/","title":{"rendered":"\u00bfQu\u00e9 seguro cubre una aver\u00eda mec\u00e1nica del coche? (La Vanguardia)"},"content":{"rendered":"<p><em>Las p\u00f3lizas a todo riesgo normalmente excluyen este tipo de problemas de las coberturas<\/em><\/p>\n<p>09\/12\/2019 07:28 Actualizado a 09\/12\/2019 08:18<\/p>\n<p>Una aver\u00eda mec\u00e1nica puede suponer un inconveniente de graves consecuencias, que impide, temporal o definitivamente, la utilizaci\u00f3n del veh\u00edculo, as\u00ed como el desembolso de una cantidad importe de dinero.<\/p>\n<p>En ocasiones puede surgir la duda sobre si alg\u00fan seguro podr\u00eda, o deber\u00eda, hacerse cargo de dichos perjuicios ocasionados por dicha aver\u00eda.<\/p>\n<p>El seguro a todo riesgo, o da\u00f1os propios, de un veh\u00edculo, no suele cubrir las aver\u00edas mec\u00e1nicas, pues el objeto de su cobertura radica en los da\u00f1os materiales sufridos por el veh\u00edculo asegurado en un accidente de circulaci\u00f3n.<\/p>\n<p>De hecho, es muy habitual, en las condiciones generales de los contratos de seguros de autom\u00f3vil, que figure una exclusi\u00f3n relativa a las aver\u00edas mec\u00e1nicas y sus consecuencias, para evitar errores en el alcance de la cobertura de estos seguros.<\/p>\n<p>Otra cosa es que, en ocasiones, se puedan solapar los da\u00f1os sufridos por el veh\u00edculo, en un siniestro, con aver\u00edas mec\u00e1nicas existentes o sobrevenidas, y depender\u00e1 de si es posible diferenciarlos, y separarlos, con la finalidad de no incluirlas dentro de los perjuicios relacionados con el siniestro. Esta labor que corresponde, principalmente a los peritos de seguros, depende del tipo de aver\u00eda y de las piezas del veh\u00edculo que se han visto afectadas por el siniestro.<\/p>\n<p>Una vez hemos visto que las p\u00f3lizas de autos, convencionales, no suelen cubrir las aver\u00edas solo nos queda acudir a otro tipo de productos aseguradores, para ver si ello puede dar una soluci\u00f3n satisfactoria.<\/p>\n<p><strong>El seguro de garant\u00eda mec\u00e1nica<\/strong><\/p>\n<p>Existen en el mercado p\u00f3lizas de seguro que tienen por objeto dar cobertura a las posibles aver\u00edas mec\u00e1nicas, son las p\u00f3lizas de Seguro de Da\u00f1os por Aver\u00eda Mec\u00e1nica, tambi\u00e9n conocidos como Seguros de Garant\u00eda mec\u00e1nica.<\/p>\n<p>Se trata de un tipo de seguros que se incluyen dentro de la tipolog\u00eda de Perdidas Pecuniarias, que engloba aquellos seguros en los que la compa\u00f1\u00eda de seguros indemniza, al asegurado, por la p\u00e9rdida del rendimiento econ\u00f3mico que hubiera podido alcanzar en un acto o actividad, de no haberse producido el siniestro descrito en el contrato.<\/p>\n<p>En este tipo de seguros, de aver\u00eda mec\u00e1nica, la entidad aseguradora garantiza las p\u00e9rdidas pecuniarias en el patrimonio del asegurado, siempre que est\u00e9 relacionado con el veh\u00edculo asegurado en la p\u00f3liza, garantizando el coste de la reparaci\u00f3n, de la aver\u00eda mec\u00e1nica o el\u00e9ctrica, incluyendo las piezas y la mano de obra, cuyo importe correr\u00e1 a cargo de la entidad aseguradora.<\/p>\n<p>Pero hay que tener en cuenta que no todas las aver\u00edas, que puede sufrir un veh\u00edculo, est\u00e1n cubiertas por este tipo de seguros. Principalmente, solo dar\u00e1n derecho a indemnizaci\u00f3n las aver\u00edas que est\u00e9n incluidas y detalladas dentro del condicionado de la p\u00f3liza.<\/p>\n<p>Cada seguro tiene sus propias coberturas, as\u00ed como sus propias exclusiones, y sumas aseguradas. Las coberturas suelen centrase en motor, turbocompresor, caja de cambios, puente, refrigeraci\u00f3n, transmisi\u00f3n, circuito de frenos, equipamiento el\u00e9ctrico, direcci\u00f3n, climatizaci\u00f3n, embrague, chasis, etc.<\/p>\n<p>Suele ser habitual que este tipo de seguros tambi\u00e9n incorporen un periodo de carencia, durante el cual no se genera derecho a percibir una indemnizaci\u00f3n.<\/p>\n<p>Dentro de las aver\u00edas que no suelen est\u00e1n cubiertas suele estar la sustituci\u00f3n, reparaci\u00f3n, o reglaje de piezas u \u00f3rganos ocasionados por el desgaste debido al uso normal del veh\u00edculo, tales como el escape, amortiguadores, embrague y sus piezas, control y reglaje del tren delantero, pastillas y zapatas de freno, tambores de freno, discos, etc.<\/p>\n<p>Hay un l\u00edmite de indemnizaci\u00f3n, un l\u00edmite econ\u00f3mico, se\u00f1alado en las condiciones particulares de la p\u00f3liza, que act\u00faa como l\u00edmite m\u00e1ximo de la indemnizaci\u00f3n, que depende, en ocasiones, de la antig\u00fcedad y el n\u00famero de kil\u00f3metros del veh\u00edculo, o de la modalidad de seguro contratada. En otros casos el valor del veh\u00edculo suele actuar como l\u00edmite indemnizatorio, bien sea el valor de mercado o el valor venal del mismo.<\/p>\n<p>La cobertura principal de este tipo de seguro es la aver\u00eda mec\u00e1nica, aunque es ocasiones es posible contratar, como garant\u00eda adicional, la cobertura de veh\u00edculo de sustituci\u00f3n.<\/p>\n<p><strong>\u00bfQu\u00e9 se entiende por aver\u00eda mec\u00e1nica, el\u00e9ctrica o electr\u00f3nica?<\/strong><\/p>\n<p>Se entiende por aver\u00eda mec\u00e1nica, el\u00e9ctrica o electr\u00f3nica, la inutilidad operativa (conforme a las especificaciones del fabricante) de la pieza, debido a una rotura imprevista o a un fallo mec\u00e1nico o el\u00e9ctrico. No se incluye en esta definici\u00f3n la reducci\u00f3n gradual en el rendimiento operativo de la pieza garantizada que sea proporcional y equivalente a su antig\u00fcedad y kilometraje, ni cuando haya sido provocada por accidente de circulaci\u00f3n o los derivados de la celebraci\u00f3n de pruebas deportivas con veh\u00edculos a motor en circuitos especialmente destinados al efecto o habilitados para dichas pruebas.<\/p>\n<p>En ocasiones la dificultad radica en como demostrar la aver\u00eda, as\u00ed como los gastos que supone la detecci\u00f3n de la misma, la mano de obra necesaria para desmontajes y montajes de piezas, los diagn\u00f3sticos, las pruebas, etc., que en el caso de que las aver\u00edas detectadas no estas cubiertas por la citada p\u00f3liza quedan excluidas. En este punto lo habitual es dar cobertura a un n\u00famero limitado de horas de mano de obra, para minimizar dicho perjuicio, aunque todo depende de cual sea el alcance de la cobertura.<\/p>\n<p>Adem\u00e1s de las coberturas y las exclusiones tambi\u00e9n hay que tener en cuenta que no todos los veh\u00edculos pueden suscribir un seguro de este tipo, pues es muy habitual que se exijan, para su aseguramiento, ciertos requisitos, tal como que tengan matricula espa\u00f1ola, tener menos de un n\u00famero determinado de kil\u00f3metros (normalmente menos de 200.000), no estar destinado a servicio de taxi, ambulancia, auto escuela, etc.<\/p>\n<p>De igual modo tambi\u00e9n suele ser habitual que este tipo de p\u00f3lizas de seguro excluyan a veh\u00edculos de determinadas marcas, tales como Ferrari, Porsche, Lamborghini, Rolls Royce, Bentley, y similares.<\/p>\n<p>Se trata de un tipo de productor que exige, como ocurre en otro tipo de seguros, de un an\u00e1lisis completo, y en profundidad, sobre las coberturas que ofrece, importes, y exclusiones, de cada seguro, para conocer cu\u00e1l de ellos puede ser el m\u00e1s adecuado para cada persona, por lo que se hace necesario contar con el asesoramiento de un mediador de seguros colegiado, que siempre otorga una garant\u00eda para una correcta contrataci\u00f3n.<\/p>\n<p>* Carlos Solis es profesor de la Fundaci\u00f3 Auditorium del Col\u00b7legi de Mediadors d\u2019Assegurances de Barcelona<\/p>\n","protected":false},"excerpt":{"rendered":"<p>Las p\u00f3lizas a todo riesgo normalmente excluyen este tipo de problemas de las coberturas 09\/12\/2019 07:28 Actualizado a 09\/12\/2019 08:18 Una aver\u00eda mec\u00e1nica puede suponer&#8230; <a href=\"https:\/\/www.cmalleida.com\/es\/que-seguro-cubre-una-averia-mecanica-del-coche-la-vanguardia\/\" rel=\"nofollow\" class=\"lollegirmes\">Llegeix m\u00e9s<\/a><\/p>\n","protected":false},"author":149,"featured_media":1869,"comment_status":"closed","ping_status":"closed","sticky":false,"template":"","format":"standard","meta":{"_acf_changed":false,"_genesis_hide_title":false,"_genesis_hide_breadcrumbs":false,"_genesis_hide_singular_image":false,"_genesis_hide_footer_widgets":false,"_genesis_custom_body_class":"","_genesis_custom_post_class":"","_genesis_layout":"","footnotes":""},"categories":[28],"tags":[],"class_list":{"0":"post-6076","1":"post","2":"type-post","3":"status-publish","4":"format-standard","5":"has-post-thumbnail","7":"category-actualidad","8":"entry"},"acf":[],"yoast_head":"<!-- This site is optimized with the Yoast SEO plugin v27.2 - https:\/\/yoast.com\/product\/yoast-seo-wordpress\/ -->\n<title>\u00bfQu\u00e9 seguro cubre una aver\u00eda mec\u00e1nica del coche? (La Vanguardia) - Col\u00b7legi de Mediadors d&#039;Assegurances de Lleida<\/title>\n<meta name=\"robots\" content=\"index, follow, max-snippet:-1, max-image-preview:large, max-video-preview:-1\" \/>\n<link rel=\"canonical\" href=\"https:\/\/www.cmalleida.com\/es\/que-seguro-cubre-una-averia-mecanica-del-coche-la-vanguardia\/\" \/>\n<meta property=\"og:locale\" content=\"es_ES\" \/>\n<meta property=\"og:type\" content=\"article\" \/>\n<meta property=\"og:title\" content=\"\u00bfQu\u00e9 seguro cubre una aver\u00eda mec\u00e1nica del coche? (La Vanguardia) - Col\u00b7legi de Mediadors d&#039;Assegurances de Lleida\" \/>\n<meta property=\"og:description\" content=\"Las p\u00f3lizas a todo riesgo normalmente excluyen este tipo de problemas de las coberturas 09\/12\/2019 07:28 Actualizado a 09\/12\/2019 08:18 Una aver\u00eda mec\u00e1nica puede suponer... Llegeix m\u00e9s\" \/>\n<meta property=\"og:url\" content=\"https:\/\/www.cmalleida.com\/es\/que-seguro-cubre-una-averia-mecanica-del-coche-la-vanguardia\/\" \/>\n<meta property=\"og:site_name\" content=\"Col\u00b7legi de Mediadors d&#039;Assegurances de Lleida\" \/>\n<meta property=\"article:published_time\" content=\"2019-12-13T08:57:30+00:00\" \/>\n<meta property=\"og:image\" content=\"https:\/\/www.cmalleida.com\/wp-content\/uploads\/cmall-lleida-actualitat-car762.jpg\" \/>\n\t<meta property=\"og:image:width\" content=\"762\" \/>\n\t<meta property=\"og:image:height\" content=\"762\" \/>\n\t<meta property=\"og:image:type\" content=\"image\/jpeg\" \/>\n<meta name=\"author\" content=\"Antonieta Castells Dolcet\" \/>\n<meta name=\"twitter:card\" content=\"summary_large_image\" \/>\n<meta name=\"twitter:label1\" content=\"Written by\" \/>\n\t<meta name=\"twitter:data1\" content=\"Antonieta Castells Dolcet\" \/>\n\t<meta name=\"twitter:label2\" content=\"Est. reading time\" \/>\n\t<meta name=\"twitter:data2\" content=\"6 minutos\" \/>\n<script type=\"application\/ld+json\" class=\"yoast-schema-graph\">{\"@context\":\"https:\/\/schema.org\",\"@graph\":[{\"@type\":\"Article\",\"@id\":\"https:\/\/www.cmalleida.com\/es\/que-seguro-cubre-una-averia-mecanica-del-coche-la-vanguardia\/#article\",\"isPartOf\":{\"@id\":\"https:\/\/www.cmalleida.com\/es\/que-seguro-cubre-una-averia-mecanica-del-coche-la-vanguardia\/\"},\"author\":{\"name\":\"Antonieta Castells Dolcet\",\"@id\":\"https:\/\/www.cmalleida.com\/es\/#\/schema\/person\/7461453022a0d6ce41c1e530eb4443b4\"},\"headline\":\"\u00bfQu\u00e9 seguro cubre una aver\u00eda mec\u00e1nica del coche? (La Vanguardia)\",\"datePublished\":\"2019-12-13T08:57:30+00:00\",\"mainEntityOfPage\":{\"@id\":\"https:\/\/www.cmalleida.com\/es\/que-seguro-cubre-una-averia-mecanica-del-coche-la-vanguardia\/\"},\"wordCount\":1182,\"publisher\":{\"@id\":\"https:\/\/www.cmalleida.com\/es\/#organization\"},\"image\":{\"@id\":\"https:\/\/www.cmalleida.com\/es\/que-seguro-cubre-una-averia-mecanica-del-coche-la-vanguardia\/#primaryimage\"},\"thumbnailUrl\":\"https:\/\/www.cmalleida.com\/wp-content\/uploads\/cmall-lleida-actualitat-car762.jpg\",\"articleSection\":[\"Actualidad\"],\"inLanguage\":\"es\"},{\"@type\":\"WebPage\",\"@id\":\"https:\/\/www.cmalleida.com\/es\/que-seguro-cubre-una-averia-mecanica-del-coche-la-vanguardia\/\",\"url\":\"https:\/\/www.cmalleida.com\/es\/que-seguro-cubre-una-averia-mecanica-del-coche-la-vanguardia\/\",\"name\":\"\u00bfQu\u00e9 seguro cubre una aver\u00eda mec\u00e1nica del coche? (La Vanguardia) - Col\u00b7legi de Mediadors d&#039;Assegurances de Lleida\",\"isPartOf\":{\"@id\":\"https:\/\/www.cmalleida.com\/es\/#website\"},\"primaryImageOfPage\":{\"@id\":\"https:\/\/www.cmalleida.com\/es\/que-seguro-cubre-una-averia-mecanica-del-coche-la-vanguardia\/#primaryimage\"},\"image\":{\"@id\":\"https:\/\/www.cmalleida.com\/es\/que-seguro-cubre-una-averia-mecanica-del-coche-la-vanguardia\/#primaryimage\"},\"thumbnailUrl\":\"https:\/\/www.cmalleida.com\/wp-content\/uploads\/cmall-lleida-actualitat-car762.jpg\",\"datePublished\":\"2019-12-13T08:57:30+00:00\",\"breadcrumb\":{\"@id\":\"https:\/\/www.cmalleida.com\/es\/que-seguro-cubre-una-averia-mecanica-del-coche-la-vanguardia\/#breadcrumb\"},\"inLanguage\":\"es\",\"potentialAction\":[{\"@type\":\"ReadAction\",\"target\":[\"https:\/\/www.cmalleida.com\/es\/que-seguro-cubre-una-averia-mecanica-del-coche-la-vanguardia\/\"]}]},{\"@type\":\"ImageObject\",\"inLanguage\":\"es\",\"@id\":\"https:\/\/www.cmalleida.com\/es\/que-seguro-cubre-una-averia-mecanica-del-coche-la-vanguardia\/#primaryimage\",\"url\":\"https:\/\/www.cmalleida.com\/wp-content\/uploads\/cmall-lleida-actualitat-car762.jpg\",\"contentUrl\":\"https:\/\/www.cmalleida.com\/wp-content\/uploads\/cmall-lleida-actualitat-car762.jpg\",\"width\":762,\"height\":762,\"caption\":\"cmall-lleida-actualitat-CAR762\"},{\"@type\":\"BreadcrumbList\",\"@id\":\"https:\/\/www.cmalleida.com\/es\/que-seguro-cubre-una-averia-mecanica-del-coche-la-vanguardia\/#breadcrumb\",\"itemListElement\":[{\"@type\":\"ListItem\",\"position\":1,\"name\":\"Inici\",\"item\":\"https:\/\/www.cmalleida.com\/es\/\"},{\"@type\":\"ListItem\",\"position\":2,\"name\":\"\u00bfQu\u00e9 seguro cubre una aver\u00eda mec\u00e1nica del coche? (La Vanguardia)\"}]},{\"@type\":\"WebSite\",\"@id\":\"https:\/\/www.cmalleida.com\/es\/#website\",\"url\":\"https:\/\/www.cmalleida.com\/es\/\",\"name\":\"Col\u00b7legi de Mediadors d&#039;Assegurances de Lleida\",\"description\":\"Otro sitio realizado con WordPress\",\"publisher\":{\"@id\":\"https:\/\/www.cmalleida.com\/es\/#organization\"},\"potentialAction\":[{\"@type\":\"SearchAction\",\"target\":{\"@type\":\"EntryPoint\",\"urlTemplate\":\"https:\/\/www.cmalleida.com\/es\/?s={search_term_string}\"},\"query-input\":{\"@type\":\"PropertyValueSpecification\",\"valueRequired\":true,\"valueName\":\"search_term_string\"}}],\"inLanguage\":\"es\"},{\"@type\":\"Organization\",\"@id\":\"https:\/\/www.cmalleida.com\/es\/#organization\",\"name\":\"Col\u00b7legi de Mediadors d'Assegurances de Lleida\",\"url\":\"https:\/\/www.cmalleida.com\/es\/\",\"logo\":{\"@type\":\"ImageObject\",\"inLanguage\":\"es\",\"@id\":\"https:\/\/www.cmalleida.com\/es\/#\/schema\/logo\/image\/\",\"url\":\"\",\"contentUrl\":\"\",\"caption\":\"Col\u00b7legi de Mediadors d'Assegurances de Lleida\"},\"image\":{\"@id\":\"https:\/\/www.cmalleida.com\/es\/#\/schema\/logo\/image\/\"}},{\"@type\":\"Person\",\"@id\":\"https:\/\/www.cmalleida.com\/es\/#\/schema\/person\/7461453022a0d6ce41c1e530eb4443b4\",\"name\":\"Antonieta Castells Dolcet\",\"image\":{\"@type\":\"ImageObject\",\"inLanguage\":\"es\",\"@id\":\"https:\/\/secure.gravatar.com\/avatar\/7738df9a8ff2d12e8b37d088ff0e3e36016e57ab29e5db27ba4fb758a81ea3cb?s=96&d=mm&r=g\",\"url\":\"https:\/\/secure.gravatar.com\/avatar\/7738df9a8ff2d12e8b37d088ff0e3e36016e57ab29e5db27ba4fb758a81ea3cb?s=96&d=mm&r=g\",\"contentUrl\":\"https:\/\/secure.gravatar.com\/avatar\/7738df9a8ff2d12e8b37d088ff0e3e36016e57ab29e5db27ba4fb758a81ea3cb?s=96&d=mm&r=g\",\"caption\":\"Antonieta Castells Dolcet\"},\"sameAs\":[\"http:\/\/www.cmalleida.com\"]}]}<\/script>\n<!-- \/ Yoast SEO plugin. -->","yoast_head_json":{"title":"\u00bfQu\u00e9 seguro cubre una aver\u00eda mec\u00e1nica del coche? (La Vanguardia) - Col\u00b7legi de Mediadors d&#039;Assegurances de Lleida","robots":{"index":"index","follow":"follow","max-snippet":"max-snippet:-1","max-image-preview":"max-image-preview:large","max-video-preview":"max-video-preview:-1"},"canonical":"https:\/\/www.cmalleida.com\/es\/que-seguro-cubre-una-averia-mecanica-del-coche-la-vanguardia\/","og_locale":"es_ES","og_type":"article","og_title":"\u00bfQu\u00e9 seguro cubre una aver\u00eda mec\u00e1nica del coche? (La Vanguardia) - Col\u00b7legi de Mediadors d&#039;Assegurances de Lleida","og_description":"Las p\u00f3lizas a todo riesgo normalmente excluyen este tipo de problemas de las coberturas 09\/12\/2019 07:28 Actualizado a 09\/12\/2019 08:18 Una aver\u00eda mec\u00e1nica puede suponer... Llegeix m\u00e9s","og_url":"https:\/\/www.cmalleida.com\/es\/que-seguro-cubre-una-averia-mecanica-del-coche-la-vanguardia\/","og_site_name":"Col\u00b7legi de Mediadors d&#039;Assegurances de Lleida","article_published_time":"2019-12-13T08:57:30+00:00","og_image":[{"width":762,"height":762,"url":"https:\/\/www.cmalleida.com\/wp-content\/uploads\/cmall-lleida-actualitat-car762.jpg","type":"image\/jpeg"}],"author":"Antonieta Castells Dolcet","twitter_card":"summary_large_image","twitter_misc":{"Written by":"Antonieta Castells Dolcet","Est. reading time":"6 minutos"},"schema":{"@context":"https:\/\/schema.org","@graph":[{"@type":"Article","@id":"https:\/\/www.cmalleida.com\/es\/que-seguro-cubre-una-averia-mecanica-del-coche-la-vanguardia\/#article","isPartOf":{"@id":"https:\/\/www.cmalleida.com\/es\/que-seguro-cubre-una-averia-mecanica-del-coche-la-vanguardia\/"},"author":{"name":"Antonieta Castells Dolcet","@id":"https:\/\/www.cmalleida.com\/es\/#\/schema\/person\/7461453022a0d6ce41c1e530eb4443b4"},"headline":"\u00bfQu\u00e9 seguro cubre una aver\u00eda mec\u00e1nica del coche? (La Vanguardia)","datePublished":"2019-12-13T08:57:30+00:00","mainEntityOfPage":{"@id":"https:\/\/www.cmalleida.com\/es\/que-seguro-cubre-una-averia-mecanica-del-coche-la-vanguardia\/"},"wordCount":1182,"publisher":{"@id":"https:\/\/www.cmalleida.com\/es\/#organization"},"image":{"@id":"https:\/\/www.cmalleida.com\/es\/que-seguro-cubre-una-averia-mecanica-del-coche-la-vanguardia\/#primaryimage"},"thumbnailUrl":"https:\/\/www.cmalleida.com\/wp-content\/uploads\/cmall-lleida-actualitat-car762.jpg","articleSection":["Actualidad"],"inLanguage":"es"},{"@type":"WebPage","@id":"https:\/\/www.cmalleida.com\/es\/que-seguro-cubre-una-averia-mecanica-del-coche-la-vanguardia\/","url":"https:\/\/www.cmalleida.com\/es\/que-seguro-cubre-una-averia-mecanica-del-coche-la-vanguardia\/","name":"\u00bfQu\u00e9 seguro cubre una aver\u00eda mec\u00e1nica del coche? (La Vanguardia) - Col\u00b7legi de Mediadors d&#039;Assegurances de Lleida","isPartOf":{"@id":"https:\/\/www.cmalleida.com\/es\/#website"},"primaryImageOfPage":{"@id":"https:\/\/www.cmalleida.com\/es\/que-seguro-cubre-una-averia-mecanica-del-coche-la-vanguardia\/#primaryimage"},"image":{"@id":"https:\/\/www.cmalleida.com\/es\/que-seguro-cubre-una-averia-mecanica-del-coche-la-vanguardia\/#primaryimage"},"thumbnailUrl":"https:\/\/www.cmalleida.com\/wp-content\/uploads\/cmall-lleida-actualitat-car762.jpg","datePublished":"2019-12-13T08:57:30+00:00","breadcrumb":{"@id":"https:\/\/www.cmalleida.com\/es\/que-seguro-cubre-una-averia-mecanica-del-coche-la-vanguardia\/#breadcrumb"},"inLanguage":"es","potentialAction":[{"@type":"ReadAction","target":["https:\/\/www.cmalleida.com\/es\/que-seguro-cubre-una-averia-mecanica-del-coche-la-vanguardia\/"]}]},{"@type":"ImageObject","inLanguage":"es","@id":"https:\/\/www.cmalleida.com\/es\/que-seguro-cubre-una-averia-mecanica-del-coche-la-vanguardia\/#primaryimage","url":"https:\/\/www.cmalleida.com\/wp-content\/uploads\/cmall-lleida-actualitat-car762.jpg","contentUrl":"https:\/\/www.cmalleida.com\/wp-content\/uploads\/cmall-lleida-actualitat-car762.jpg","width":762,"height":762,"caption":"cmall-lleida-actualitat-CAR762"},{"@type":"BreadcrumbList","@id":"https:\/\/www.cmalleida.com\/es\/que-seguro-cubre-una-averia-mecanica-del-coche-la-vanguardia\/#breadcrumb","itemListElement":[{"@type":"ListItem","position":1,"name":"Inici","item":"https:\/\/www.cmalleida.com\/es\/"},{"@type":"ListItem","position":2,"name":"\u00bfQu\u00e9 seguro cubre una aver\u00eda mec\u00e1nica del coche? (La Vanguardia)"}]},{"@type":"WebSite","@id":"https:\/\/www.cmalleida.com\/es\/#website","url":"https:\/\/www.cmalleida.com\/es\/","name":"Col\u00b7legi de Mediadors d&#039;Assegurances de Lleida","description":"Otro sitio realizado con WordPress","publisher":{"@id":"https:\/\/www.cmalleida.com\/es\/#organization"},"potentialAction":[{"@type":"SearchAction","target":{"@type":"EntryPoint","urlTemplate":"https:\/\/www.cmalleida.com\/es\/?s={search_term_string}"},"query-input":{"@type":"PropertyValueSpecification","valueRequired":true,"valueName":"search_term_string"}}],"inLanguage":"es"},{"@type":"Organization","@id":"https:\/\/www.cmalleida.com\/es\/#organization","name":"Col\u00b7legi de Mediadors d'Assegurances de Lleida","url":"https:\/\/www.cmalleida.com\/es\/","logo":{"@type":"ImageObject","inLanguage":"es","@id":"https:\/\/www.cmalleida.com\/es\/#\/schema\/logo\/image\/","url":"","contentUrl":"","caption":"Col\u00b7legi de Mediadors d'Assegurances de Lleida"},"image":{"@id":"https:\/\/www.cmalleida.com\/es\/#\/schema\/logo\/image\/"}},{"@type":"Person","@id":"https:\/\/www.cmalleida.com\/es\/#\/schema\/person\/7461453022a0d6ce41c1e530eb4443b4","name":"Antonieta Castells Dolcet","image":{"@type":"ImageObject","inLanguage":"es","@id":"https:\/\/secure.gravatar.com\/avatar\/7738df9a8ff2d12e8b37d088ff0e3e36016e57ab29e5db27ba4fb758a81ea3cb?s=96&d=mm&r=g","url":"https:\/\/secure.gravatar.com\/avatar\/7738df9a8ff2d12e8b37d088ff0e3e36016e57ab29e5db27ba4fb758a81ea3cb?s=96&d=mm&r=g","contentUrl":"https:\/\/secure.gravatar.com\/avatar\/7738df9a8ff2d12e8b37d088ff0e3e36016e57ab29e5db27ba4fb758a81ea3cb?s=96&d=mm&r=g","caption":"Antonieta Castells Dolcet"},"sameAs":["http:\/\/www.cmalleida.com"]}]}},"_links":{"self":[{"href":"https:\/\/www.cmalleida.com\/es\/wp-json\/wp\/v2\/posts\/6076","targetHints":{"allow":["GET"]}}],"collection":[{"href":"https:\/\/www.cmalleida.com\/es\/wp-json\/wp\/v2\/posts"}],"about":[{"href":"https:\/\/www.cmalleida.com\/es\/wp-json\/wp\/v2\/types\/post"}],"author":[{"embeddable":true,"href":"https:\/\/www.cmalleida.com\/es\/wp-json\/wp\/v2\/users\/149"}],"replies":[{"embeddable":true,"href":"https:\/\/www.cmalleida.com\/es\/wp-json\/wp\/v2\/comments?post=6076"}],"version-history":[{"count":1,"href":"https:\/\/www.cmalleida.com\/es\/wp-json\/wp\/v2\/posts\/6076\/revisions"}],"predecessor-version":[{"id":6077,"href":"https:\/\/www.cmalleida.com\/es\/wp-json\/wp\/v2\/posts\/6076\/revisions\/6077"}],"wp:featuredmedia":[{"embeddable":true,"href":"https:\/\/www.cmalleida.com\/es\/wp-json\/wp\/v2\/media\/1869"}],"wp:attachment":[{"href":"https:\/\/www.cmalleida.com\/es\/wp-json\/wp\/v2\/media?parent=6076"}],"wp:term":[{"taxonomy":"category","embeddable":true,"href":"https:\/\/www.cmalleida.com\/es\/wp-json\/wp\/v2\/categories?post=6076"},{"taxonomy":"post_tag","embeddable":true,"href":"https:\/\/www.cmalleida.com\/es\/wp-json\/wp\/v2\/tags?post=6076"}],"curies":[{"name":"wp","href":"https:\/\/api.w.org\/{rel}","templated":true}]}}