{"id":5862,"date":"2019-10-25T10:17:07","date_gmt":"2019-10-25T08:17:07","guid":{"rendered":"https:\/\/www.cmalleida.com\/?p=5862"},"modified":"2019-10-25T10:17:07","modified_gmt":"2019-10-25T08:17:07","slug":"asi-quiere-el-seguro-evitar-138-millones-de-percances-al-ano-la-vanguardia","status":"publish","type":"post","link":"https:\/\/www.cmalleida.com\/es\/asi-quiere-el-seguro-evitar-138-millones-de-percances-al-ano-la-vanguardia\/","title":{"rendered":"As\u00ed quiere el Seguro evitar 138 millones de percances al a\u00f1o (La Vanguardia)"},"content":{"rendered":"<p><em>La patronal del sector asegurador lanza un portal did\u00e1ctico para promover la prevenci\u00f3n<\/em><\/p>\n<p>22\/10\/2019 08:00<\/p>\n<p>La patronal de industria del seguro en Espa\u00f1a. UNESPA, ha lanzado una campa\u00f1a para sensibilizar a la ciudadan\u00eda sobre la conveniencia de cuidarnos a nosotros mismos, de proteger a nuestras gentes y nuestro entorno; as\u00ed como de planificar el futuro.<\/p>\n<p>Para ello ha creado el portal\u00a0<a href=\"https:\/\/www.estamos-seguropors.es\/prevenirparavivir\/\">Prevenir para vivir<\/a>, un proyecto va destinado a todos los p\u00fablicos y ha sido puesto en marcha coincidiendo con la celebraci\u00f3n del D\u00eda de la educaci\u00f3n financiera 2019 organizado por el Plan de Educaci\u00f3n Financiera.<\/p>\n<p>El desarrollo de la campa\u00f1a se enmarca dentro de la campa\u00f1a Estamos Seguros, la iniciativa de promoci\u00f3n del valor social del seguro espa\u00f1ol puesta en marcha en 2016. Prevenir para vivir supone un nuevo paso en la divulgaci\u00f3n de la cultura aseguradora y de la prevenci\u00f3n. En este caso, tiene como l\u00ednea de trabajo dar sencillos consejos que contribuir\u00e1n a evitar sobresaltos y situaciones indeseadas en la vida de las personas.<\/p>\n<p>El portal\u00a0<a href=\"http:\/\/www.estamos-seguros.es\/\">Estamos Seguros<\/a>\u00a0() pasa a tener una secci\u00f3n espec\u00edfica donde se desgranan 10 consejos sobre nueve materias diferentes. Son estas: la\u00a0<a href=\"https:\/\/www.estamos-seguros.es\/prevenirparavivir\/para-tu-salud\/\">salud<\/a>,la familia, la jubilaci\u00f3n, el hogar, la\u00a0<a href=\"https:\/\/www.estamos-seguros.es\/prevenirparavivir\/al-conducir\/\">seguridad vial<\/a>, los viajes, los\u00a0<a href=\"https:\/\/www.estamos-seguros.es\/prevenirparavivir\/con-tus-pagos\/\">pagos<\/a>, los temas legales y\u00a0<a href=\"https:\/\/www.estamos-seguros.es\/prevenirparavivir\/en-el-adios\/\">el adi\u00f3s<\/a>.<\/p>\n<p>De esta forma surgen propuestas que animan a hacer uso del sentido com\u00fan en el d\u00eda a d\u00eda como \u201cDuerme\u2026 y desconecta\u201d, \u201cEduca en la responsabilidad econ\u00f3mica\u201d, \u201cTen las instalaciones de casa siempre a punto\u201d, \u201cEmplea los sistemas de seguridad de tu veh\u00edculo\u201d, \u201cInf\u00f3rmate antes de invertir\u201d, \u201cHaz testamento\u201d\u2026<\/p>\n<p>Todos los dec\u00e1logos tienen la misma estructura: nueve consejos espec\u00edficos sobre el tema en cuesti\u00f3n y un d\u00e9cimo consejo que se repite en todos los casos: \u201cAseg\u00farate\u201d. Desde Estamos Seguros se desea trasladar que los incidentes se pueden evitar adoptando algunas costumbres sencillas. Pero si a pesar de ello todo falla y emerge el problema, el seguro estar\u00e1 ah\u00ed para ayudar.<\/p>\n<p>Cada consejo que aparece en la web viene acompa\u00f1ado de un peque\u00f1o texto que explica qu\u00e9 finalidad tiene o c\u00f3mo debe llevarse a cabo, as\u00ed como una imagen ilustrativa de fondo. En algunos casos, adem\u00e1s, se incorporan enlaces de hipertexto que vinculan estos contenidos de prevenci\u00f3n y previsi\u00f3n con otros apartados de la p\u00e1gina de Estamos Seguros.<\/p>\n<p>Los materiales de Prevenir para vivir vienen a enriquecer la oferta de contenidos elaborados en el marco de Estamos Seguros. Desde septiembre de 2016 y hasta el pasado junio se han publicado m\u00e1s de 360 art\u00edculos en la bit\u00e1cora de la web, 390 creatividades, 35 infograf\u00edas, 17 v\u00eddeos de campa\u00f1a, 78 microv\u00eddeos, as\u00ed como 37 preguntas y respuestas habituales (FAQ). En su difusi\u00f3n participan las aseguradoras asociadas a UNESPA, decenas de instituciones vinculadas a la actividad aseguradora, as\u00ed como una multitud de personas a t\u00edtulo particular.<\/p>\n","protected":false},"excerpt":{"rendered":"<p>La patronal del sector asegurador lanza un portal did\u00e1ctico para promover la prevenci\u00f3n 22\/10\/2019 08:00 La patronal de industria del seguro en Espa\u00f1a. UNESPA, ha&#8230; <a href=\"https:\/\/www.cmalleida.com\/es\/asi-quiere-el-seguro-evitar-138-millones-de-percances-al-ano-la-vanguardia\/\" rel=\"nofollow\" class=\"lollegirmes\">Llegeix m\u00e9s<\/a><\/p>\n","protected":false},"author":149,"featured_media":1839,"comment_status":"closed","ping_status":"closed","sticky":false,"template":"","format":"standard","meta":{"_acf_changed":false,"_genesis_hide_title":false,"_genesis_hide_breadcrumbs":false,"_genesis_hide_singular_image":false,"_genesis_hide_footer_widgets":false,"_genesis_custom_body_class":"","_genesis_custom_post_class":"","_genesis_layout":"","footnotes":""},"categories":[28,96,62],"tags":[],"class_list":{"0":"post-5862","1":"post","2":"type-post","3":"status-publish","4":"format-standard","5":"has-post-thumbnail","7":"category-actualidad","8":"category-seguros","9":"category-sinistres-es","10":"entry"},"acf":[],"yoast_head":"<!-- This site is optimized with the Yoast SEO plugin v27.2 - https:\/\/yoast.com\/product\/yoast-seo-wordpress\/ -->\n<title>As\u00ed quiere el Seguro evitar 138 millones de percances al a\u00f1o (La Vanguardia) - Col\u00b7legi de Mediadors d&#039;Assegurances de Lleida<\/title>\n<meta name=\"robots\" content=\"index, follow, max-snippet:-1, max-image-preview:large, max-video-preview:-1\" \/>\n<link rel=\"canonical\" href=\"https:\/\/www.cmalleida.com\/es\/asi-quiere-el-seguro-evitar-138-millones-de-percances-al-ano-la-vanguardia\/\" \/>\n<meta property=\"og:locale\" content=\"es_ES\" \/>\n<meta property=\"og:type\" content=\"article\" \/>\n<meta property=\"og:title\" content=\"As\u00ed quiere el Seguro evitar 138 millones de percances al a\u00f1o (La Vanguardia) - Col\u00b7legi de Mediadors d&#039;Assegurances de Lleida\" \/>\n<meta property=\"og:description\" content=\"La patronal del sector asegurador lanza un portal did\u00e1ctico para promover la prevenci\u00f3n 22\/10\/2019 08:00 La patronal de industria del seguro en Espa\u00f1a. UNESPA, ha... Llegeix m\u00e9s\" \/>\n<meta property=\"og:url\" content=\"https:\/\/www.cmalleida.com\/es\/asi-quiere-el-seguro-evitar-138-millones-de-percances-al-ano-la-vanguardia\/\" \/>\n<meta property=\"og:site_name\" content=\"Col\u00b7legi de Mediadors d&#039;Assegurances de Lleida\" \/>\n<meta property=\"article:published_time\" content=\"2019-10-25T08:17:07+00:00\" \/>\n<meta property=\"og:image\" content=\"https:\/\/www.cmalleida.com\/wp-content\/uploads\/cmall-lleida-actualitat-sport762.jpg\" \/>\n\t<meta property=\"og:image:width\" content=\"762\" \/>\n\t<meta property=\"og:image:height\" content=\"762\" \/>\n\t<meta property=\"og:image:type\" content=\"image\/jpeg\" \/>\n<meta name=\"author\" content=\"Antonieta Castells Dolcet\" \/>\n<meta name=\"twitter:card\" content=\"summary_large_image\" \/>\n<meta name=\"twitter:label1\" content=\"Written by\" \/>\n\t<meta name=\"twitter:data1\" content=\"Antonieta Castells Dolcet\" \/>\n\t<meta name=\"twitter:label2\" content=\"Est. reading time\" \/>\n\t<meta name=\"twitter:data2\" content=\"2 minutos\" \/>\n<script type=\"application\/ld+json\" class=\"yoast-schema-graph\">{\"@context\":\"https:\/\/schema.org\",\"@graph\":[{\"@type\":\"Article\",\"@id\":\"https:\/\/www.cmalleida.com\/es\/asi-quiere-el-seguro-evitar-138-millones-de-percances-al-ano-la-vanguardia\/#article\",\"isPartOf\":{\"@id\":\"https:\/\/www.cmalleida.com\/es\/asi-quiere-el-seguro-evitar-138-millones-de-percances-al-ano-la-vanguardia\/\"},\"author\":{\"name\":\"Antonieta Castells Dolcet\",\"@id\":\"https:\/\/www.cmalleida.com\/es\/#\/schema\/person\/7461453022a0d6ce41c1e530eb4443b4\"},\"headline\":\"As\u00ed quiere el Seguro evitar 138 millones de percances al a\u00f1o (La Vanguardia)\",\"datePublished\":\"2019-10-25T08:17:07+00:00\",\"mainEntityOfPage\":{\"@id\":\"https:\/\/www.cmalleida.com\/es\/asi-quiere-el-seguro-evitar-138-millones-de-percances-al-ano-la-vanguardia\/\"},\"wordCount\":512,\"publisher\":{\"@id\":\"https:\/\/www.cmalleida.com\/es\/#organization\"},\"image\":{\"@id\":\"https:\/\/www.cmalleida.com\/es\/asi-quiere-el-seguro-evitar-138-millones-de-percances-al-ano-la-vanguardia\/#primaryimage\"},\"thumbnailUrl\":\"https:\/\/www.cmalleida.com\/wp-content\/uploads\/cmall-lleida-actualitat-sport762.jpg\",\"articleSection\":[\"Actualidad\",\"Seguros\",\"Sinistres\"],\"inLanguage\":\"es\"},{\"@type\":\"WebPage\",\"@id\":\"https:\/\/www.cmalleida.com\/es\/asi-quiere-el-seguro-evitar-138-millones-de-percances-al-ano-la-vanguardia\/\",\"url\":\"https:\/\/www.cmalleida.com\/es\/asi-quiere-el-seguro-evitar-138-millones-de-percances-al-ano-la-vanguardia\/\",\"name\":\"As\u00ed quiere el Seguro evitar 138 millones de percances al a\u00f1o (La Vanguardia) - Col\u00b7legi de Mediadors d&#039;Assegurances de Lleida\",\"isPartOf\":{\"@id\":\"https:\/\/www.cmalleida.com\/es\/#website\"},\"primaryImageOfPage\":{\"@id\":\"https:\/\/www.cmalleida.com\/es\/asi-quiere-el-seguro-evitar-138-millones-de-percances-al-ano-la-vanguardia\/#primaryimage\"},\"image\":{\"@id\":\"https:\/\/www.cmalleida.com\/es\/asi-quiere-el-seguro-evitar-138-millones-de-percances-al-ano-la-vanguardia\/#primaryimage\"},\"thumbnailUrl\":\"https:\/\/www.cmalleida.com\/wp-content\/uploads\/cmall-lleida-actualitat-sport762.jpg\",\"datePublished\":\"2019-10-25T08:17:07+00:00\",\"breadcrumb\":{\"@id\":\"https:\/\/www.cmalleida.com\/es\/asi-quiere-el-seguro-evitar-138-millones-de-percances-al-ano-la-vanguardia\/#breadcrumb\"},\"inLanguage\":\"es\",\"potentialAction\":[{\"@type\":\"ReadAction\",\"target\":[\"https:\/\/www.cmalleida.com\/es\/asi-quiere-el-seguro-evitar-138-millones-de-percances-al-ano-la-vanguardia\/\"]}]},{\"@type\":\"ImageObject\",\"inLanguage\":\"es\",\"@id\":\"https:\/\/www.cmalleida.com\/es\/asi-quiere-el-seguro-evitar-138-millones-de-percances-al-ano-la-vanguardia\/#primaryimage\",\"url\":\"https:\/\/www.cmalleida.com\/wp-content\/uploads\/cmall-lleida-actualitat-sport762.jpg\",\"contentUrl\":\"https:\/\/www.cmalleida.com\/wp-content\/uploads\/cmall-lleida-actualitat-sport762.jpg\",\"width\":762,\"height\":762,\"caption\":\"cmall-lleida-actualitat-sport762\"},{\"@type\":\"BreadcrumbList\",\"@id\":\"https:\/\/www.cmalleida.com\/es\/asi-quiere-el-seguro-evitar-138-millones-de-percances-al-ano-la-vanguardia\/#breadcrumb\",\"itemListElement\":[{\"@type\":\"ListItem\",\"position\":1,\"name\":\"Inici\",\"item\":\"https:\/\/www.cmalleida.com\/es\/\"},{\"@type\":\"ListItem\",\"position\":2,\"name\":\"As\u00ed quiere el Seguro evitar 138 millones de percances al a\u00f1o (La Vanguardia)\"}]},{\"@type\":\"WebSite\",\"@id\":\"https:\/\/www.cmalleida.com\/es\/#website\",\"url\":\"https:\/\/www.cmalleida.com\/es\/\",\"name\":\"Col\u00b7legi de Mediadors d&#039;Assegurances de Lleida\",\"description\":\"Otro sitio realizado con WordPress\",\"publisher\":{\"@id\":\"https:\/\/www.cmalleida.com\/es\/#organization\"},\"potentialAction\":[{\"@type\":\"SearchAction\",\"target\":{\"@type\":\"EntryPoint\",\"urlTemplate\":\"https:\/\/www.cmalleida.com\/es\/?s={search_term_string}\"},\"query-input\":{\"@type\":\"PropertyValueSpecification\",\"valueRequired\":true,\"valueName\":\"search_term_string\"}}],\"inLanguage\":\"es\"},{\"@type\":\"Organization\",\"@id\":\"https:\/\/www.cmalleida.com\/es\/#organization\",\"name\":\"Col\u00b7legi de Mediadors d'Assegurances de Lleida\",\"url\":\"https:\/\/www.cmalleida.com\/es\/\",\"logo\":{\"@type\":\"ImageObject\",\"inLanguage\":\"es\",\"@id\":\"https:\/\/www.cmalleida.com\/es\/#\/schema\/logo\/image\/\",\"url\":\"\",\"contentUrl\":\"\",\"caption\":\"Col\u00b7legi de Mediadors d'Assegurances de Lleida\"},\"image\":{\"@id\":\"https:\/\/www.cmalleida.com\/es\/#\/schema\/logo\/image\/\"}},{\"@type\":\"Person\",\"@id\":\"https:\/\/www.cmalleida.com\/es\/#\/schema\/person\/7461453022a0d6ce41c1e530eb4443b4\",\"name\":\"Antonieta Castells Dolcet\",\"image\":{\"@type\":\"ImageObject\",\"inLanguage\":\"es\",\"@id\":\"https:\/\/secure.gravatar.com\/avatar\/7738df9a8ff2d12e8b37d088ff0e3e36016e57ab29e5db27ba4fb758a81ea3cb?s=96&d=mm&r=g\",\"url\":\"https:\/\/secure.gravatar.com\/avatar\/7738df9a8ff2d12e8b37d088ff0e3e36016e57ab29e5db27ba4fb758a81ea3cb?s=96&d=mm&r=g\",\"contentUrl\":\"https:\/\/secure.gravatar.com\/avatar\/7738df9a8ff2d12e8b37d088ff0e3e36016e57ab29e5db27ba4fb758a81ea3cb?s=96&d=mm&r=g\",\"caption\":\"Antonieta Castells Dolcet\"},\"sameAs\":[\"http:\/\/www.cmalleida.com\"]}]}<\/script>\n<!-- \/ Yoast SEO plugin. -->","yoast_head_json":{"title":"As\u00ed quiere el Seguro evitar 138 millones de percances al a\u00f1o (La Vanguardia) - Col\u00b7legi de Mediadors d&#039;Assegurances de Lleida","robots":{"index":"index","follow":"follow","max-snippet":"max-snippet:-1","max-image-preview":"max-image-preview:large","max-video-preview":"max-video-preview:-1"},"canonical":"https:\/\/www.cmalleida.com\/es\/asi-quiere-el-seguro-evitar-138-millones-de-percances-al-ano-la-vanguardia\/","og_locale":"es_ES","og_type":"article","og_title":"As\u00ed quiere el Seguro evitar 138 millones de percances al a\u00f1o (La Vanguardia) - Col\u00b7legi de Mediadors d&#039;Assegurances de Lleida","og_description":"La patronal del sector asegurador lanza un portal did\u00e1ctico para promover la prevenci\u00f3n 22\/10\/2019 08:00 La patronal de industria del seguro en Espa\u00f1a. UNESPA, ha... Llegeix m\u00e9s","og_url":"https:\/\/www.cmalleida.com\/es\/asi-quiere-el-seguro-evitar-138-millones-de-percances-al-ano-la-vanguardia\/","og_site_name":"Col\u00b7legi de Mediadors d&#039;Assegurances de Lleida","article_published_time":"2019-10-25T08:17:07+00:00","og_image":[{"width":762,"height":762,"url":"https:\/\/www.cmalleida.com\/wp-content\/uploads\/cmall-lleida-actualitat-sport762.jpg","type":"image\/jpeg"}],"author":"Antonieta Castells Dolcet","twitter_card":"summary_large_image","twitter_misc":{"Written by":"Antonieta Castells Dolcet","Est. reading time":"2 minutos"},"schema":{"@context":"https:\/\/schema.org","@graph":[{"@type":"Article","@id":"https:\/\/www.cmalleida.com\/es\/asi-quiere-el-seguro-evitar-138-millones-de-percances-al-ano-la-vanguardia\/#article","isPartOf":{"@id":"https:\/\/www.cmalleida.com\/es\/asi-quiere-el-seguro-evitar-138-millones-de-percances-al-ano-la-vanguardia\/"},"author":{"name":"Antonieta Castells Dolcet","@id":"https:\/\/www.cmalleida.com\/es\/#\/schema\/person\/7461453022a0d6ce41c1e530eb4443b4"},"headline":"As\u00ed quiere el Seguro evitar 138 millones de percances al a\u00f1o (La Vanguardia)","datePublished":"2019-10-25T08:17:07+00:00","mainEntityOfPage":{"@id":"https:\/\/www.cmalleida.com\/es\/asi-quiere-el-seguro-evitar-138-millones-de-percances-al-ano-la-vanguardia\/"},"wordCount":512,"publisher":{"@id":"https:\/\/www.cmalleida.com\/es\/#organization"},"image":{"@id":"https:\/\/www.cmalleida.com\/es\/asi-quiere-el-seguro-evitar-138-millones-de-percances-al-ano-la-vanguardia\/#primaryimage"},"thumbnailUrl":"https:\/\/www.cmalleida.com\/wp-content\/uploads\/cmall-lleida-actualitat-sport762.jpg","articleSection":["Actualidad","Seguros","Sinistres"],"inLanguage":"es"},{"@type":"WebPage","@id":"https:\/\/www.cmalleida.com\/es\/asi-quiere-el-seguro-evitar-138-millones-de-percances-al-ano-la-vanguardia\/","url":"https:\/\/www.cmalleida.com\/es\/asi-quiere-el-seguro-evitar-138-millones-de-percances-al-ano-la-vanguardia\/","name":"As\u00ed quiere el Seguro evitar 138 millones de percances al a\u00f1o (La Vanguardia) - Col\u00b7legi de Mediadors d&#039;Assegurances de Lleida","isPartOf":{"@id":"https:\/\/www.cmalleida.com\/es\/#website"},"primaryImageOfPage":{"@id":"https:\/\/www.cmalleida.com\/es\/asi-quiere-el-seguro-evitar-138-millones-de-percances-al-ano-la-vanguardia\/#primaryimage"},"image":{"@id":"https:\/\/www.cmalleida.com\/es\/asi-quiere-el-seguro-evitar-138-millones-de-percances-al-ano-la-vanguardia\/#primaryimage"},"thumbnailUrl":"https:\/\/www.cmalleida.com\/wp-content\/uploads\/cmall-lleida-actualitat-sport762.jpg","datePublished":"2019-10-25T08:17:07+00:00","breadcrumb":{"@id":"https:\/\/www.cmalleida.com\/es\/asi-quiere-el-seguro-evitar-138-millones-de-percances-al-ano-la-vanguardia\/#breadcrumb"},"inLanguage":"es","potentialAction":[{"@type":"ReadAction","target":["https:\/\/www.cmalleida.com\/es\/asi-quiere-el-seguro-evitar-138-millones-de-percances-al-ano-la-vanguardia\/"]}]},{"@type":"ImageObject","inLanguage":"es","@id":"https:\/\/www.cmalleida.com\/es\/asi-quiere-el-seguro-evitar-138-millones-de-percances-al-ano-la-vanguardia\/#primaryimage","url":"https:\/\/www.cmalleida.com\/wp-content\/uploads\/cmall-lleida-actualitat-sport762.jpg","contentUrl":"https:\/\/www.cmalleida.com\/wp-content\/uploads\/cmall-lleida-actualitat-sport762.jpg","width":762,"height":762,"caption":"cmall-lleida-actualitat-sport762"},{"@type":"BreadcrumbList","@id":"https:\/\/www.cmalleida.com\/es\/asi-quiere-el-seguro-evitar-138-millones-de-percances-al-ano-la-vanguardia\/#breadcrumb","itemListElement":[{"@type":"ListItem","position":1,"name":"Inici","item":"https:\/\/www.cmalleida.com\/es\/"},{"@type":"ListItem","position":2,"name":"As\u00ed quiere el Seguro evitar 138 millones de percances al a\u00f1o (La Vanguardia)"}]},{"@type":"WebSite","@id":"https:\/\/www.cmalleida.com\/es\/#website","url":"https:\/\/www.cmalleida.com\/es\/","name":"Col\u00b7legi de Mediadors d&#039;Assegurances de Lleida","description":"Otro sitio realizado con WordPress","publisher":{"@id":"https:\/\/www.cmalleida.com\/es\/#organization"},"potentialAction":[{"@type":"SearchAction","target":{"@type":"EntryPoint","urlTemplate":"https:\/\/www.cmalleida.com\/es\/?s={search_term_string}"},"query-input":{"@type":"PropertyValueSpecification","valueRequired":true,"valueName":"search_term_string"}}],"inLanguage":"es"},{"@type":"Organization","@id":"https:\/\/www.cmalleida.com\/es\/#organization","name":"Col\u00b7legi de Mediadors d'Assegurances de Lleida","url":"https:\/\/www.cmalleida.com\/es\/","logo":{"@type":"ImageObject","inLanguage":"es","@id":"https:\/\/www.cmalleida.com\/es\/#\/schema\/logo\/image\/","url":"","contentUrl":"","caption":"Col\u00b7legi de Mediadors d'Assegurances de Lleida"},"image":{"@id":"https:\/\/www.cmalleida.com\/es\/#\/schema\/logo\/image\/"}},{"@type":"Person","@id":"https:\/\/www.cmalleida.com\/es\/#\/schema\/person\/7461453022a0d6ce41c1e530eb4443b4","name":"Antonieta Castells Dolcet","image":{"@type":"ImageObject","inLanguage":"es","@id":"https:\/\/secure.gravatar.com\/avatar\/7738df9a8ff2d12e8b37d088ff0e3e36016e57ab29e5db27ba4fb758a81ea3cb?s=96&d=mm&r=g","url":"https:\/\/secure.gravatar.com\/avatar\/7738df9a8ff2d12e8b37d088ff0e3e36016e57ab29e5db27ba4fb758a81ea3cb?s=96&d=mm&r=g","contentUrl":"https:\/\/secure.gravatar.com\/avatar\/7738df9a8ff2d12e8b37d088ff0e3e36016e57ab29e5db27ba4fb758a81ea3cb?s=96&d=mm&r=g","caption":"Antonieta Castells Dolcet"},"sameAs":["http:\/\/www.cmalleida.com"]}]}},"_links":{"self":[{"href":"https:\/\/www.cmalleida.com\/es\/wp-json\/wp\/v2\/posts\/5862","targetHints":{"allow":["GET"]}}],"collection":[{"href":"https:\/\/www.cmalleida.com\/es\/wp-json\/wp\/v2\/posts"}],"about":[{"href":"https:\/\/www.cmalleida.com\/es\/wp-json\/wp\/v2\/types\/post"}],"author":[{"embeddable":true,"href":"https:\/\/www.cmalleida.com\/es\/wp-json\/wp\/v2\/users\/149"}],"replies":[{"embeddable":true,"href":"https:\/\/www.cmalleida.com\/es\/wp-json\/wp\/v2\/comments?post=5862"}],"version-history":[{"count":1,"href":"https:\/\/www.cmalleida.com\/es\/wp-json\/wp\/v2\/posts\/5862\/revisions"}],"predecessor-version":[{"id":5863,"href":"https:\/\/www.cmalleida.com\/es\/wp-json\/wp\/v2\/posts\/5862\/revisions\/5863"}],"wp:featuredmedia":[{"embeddable":true,"href":"https:\/\/www.cmalleida.com\/es\/wp-json\/wp\/v2\/media\/1839"}],"wp:attachment":[{"href":"https:\/\/www.cmalleida.com\/es\/wp-json\/wp\/v2\/media?parent=5862"}],"wp:term":[{"taxonomy":"category","embeddable":true,"href":"https:\/\/www.cmalleida.com\/es\/wp-json\/wp\/v2\/categories?post=5862"},{"taxonomy":"post_tag","embeddable":true,"href":"https:\/\/www.cmalleida.com\/es\/wp-json\/wp\/v2\/tags?post=5862"}],"curies":[{"name":"wp","href":"https:\/\/api.w.org\/{rel}","templated":true}]}}