{"id":5653,"date":"2019-09-27T10:14:47","date_gmt":"2019-09-27T08:14:47","guid":{"rendered":"https:\/\/www.cmalleida.com\/?p=5653"},"modified":"2019-09-27T10:14:47","modified_gmt":"2019-09-27T08:14:47","slug":"jovenes-sin-experiencia-y-mayores-sin-reflejos-en-la-diana-de-los-accidentes-la-vanguardia","status":"publish","type":"post","link":"https:\/\/www.cmalleida.com\/es\/jovenes-sin-experiencia-y-mayores-sin-reflejos-en-la-diana-de-los-accidentes-la-vanguardia\/","title":{"rendered":"J\u00f3venes sin experiencia y mayores sin reflejos, en la diana de los accidentes (La Vanguardia)"},"content":{"rendered":"<p>Uno de cada cuatro accidentes registra como afectados a j\u00f3venes menores de 25 a\u00f1os<\/p>\n<p>23\/09\/2019 08:00 Actualizado a 23\/09\/2019 17:16<\/p>\n<p>Tal y como declara rotundamente Josep Alfonso, director general del Centro de Estudios Ponle Freno-AXA de Seguridad Vial, \u201cla experiencia en la conducci\u00f3n es probablemente el factor m\u00e1s determinante a la hora de evitar un accidente de tr\u00e1fico\u201d y as\u00ed lo demuestran tambi\u00e9n los datos.<\/p>\n<p>Analizando la siniestralidad total al volante seg\u00fan la franja de edad y aislando el factor edad como causa principal del siniestro (esto es, eliminando otros factores como el tipo de veh\u00edculo, la ciudad del percance, el estado de las v\u00edas etc&#8230;), el estudio impulsado por<a href=\"https:\/\/www.lavanguardia.com\/seguros\/coches\/20190327\/462107476353\/que-es-el-seguro-de-accidentes-del-conductor.html\">\u00a0la aseguradora<\/a>\u00a0determina que los conductores j\u00f3venes tienen el doble de probabilidades de sufrir un accidente de tr\u00e1fico respecto a la media de conductores en Espa\u00f1a.<\/p>\n<p>Estos nuevos datos se\u00f1alan &#8211;<a href=\"https:\/\/www.lavanguardia.com\/seguros\/20190813\/464031992633\/accidentes-de-trafico-aseguradoras-golpes-de-chapa-accidentes-leves-pago-indemnizaciones.html\">(sobre 500.000 siniestros registrados entre 2015 y 2017<\/a>)- que los conductores menores de 22 a\u00f1os tienen una frecuencia de accidentes de tr\u00e1fico del 29% y los j\u00f3venes entre 22 y 25 a\u00f1os del 25%. Para el conjunto de os conductores, las cifras de accidentes se sit\u00faan en una media del 14,2% (muy por debajo como se demuestra de los datos relacionados con los conductores de menos de 25 a\u00f1os).<\/p>\n<p>Siendo cierto que\u00a0<a href=\"https:\/\/www.lavanguardia.com\/seguros\/20190719\/463583368407\/golpe-de-chapa-accidente-leve-seguridad-vial-siniestralidad-unespa-cicos-colisiones-tirea-trafico.html\">la experiencia al volante reduce las posibilidades de siniestro<\/a>, cabe mantener presente que el paso de los a\u00f1os tambi\u00e9n hace mella en las capacidades a la hora de sentarse a conducir. As\u00ed se observa al analizar la franja de edad de entre los 66 y los 70 a\u00f1os. Se observan nuevos riesgos como el menor uso del coche, a menudo en horas de menor tr\u00e1fico, que inciden en la accidentalidad protagonizada mayormente por conductores jubilados.<\/p>\n<p>En esta franja de edad (66 as 70 a\u00f1os) la frecuencia de accidentes es un 17% menor a la media. Muy destacable es que entre los conductores de 71 a 75 a\u00f1os e incluso los mayores de 75 a\u00f1os (que aparecen como los dos colectivos con menor probabilidad de sufrir un accidente) la frecuencia de siniestros es de un 23 y un 26% por debajo de la media.<\/p>\n<p>Los conductores entre los 31 y los 40 a\u00f1os, los mejores<\/p>\n<p>Otro dato relevante de esta investigaci\u00f3n es el que se revela sobre la culpabilidad a la hora del accidente. Siendo como es entre los j\u00f3venes el doble la posibilidad de sufrir un percance al volante, su porcentaje de culpabilidad en los siniestros est\u00e1 por debajo del 50%. Son los conductores entre 31 y 40 a\u00f1os los que aparecen como el colectivo de edad con menor porcentaje de culpabilidad en estos casos. Para los responsables de la investigaci\u00f3n, esto se debe a dos factores: han conseguido a esa edad una experiencia notable al volante y adem\u00e1s son \u00f3ptimas sus capacidades f\u00edsicas y ps\u00edquicas.<\/p>\n<p>Al observar la franja de conductores a partir de los 66 a\u00f1os se aprecia que los \u00edndices de culpabilidad en relaci\u00f3n a los accidentes van en aumento. Entre los 71 y los 75 a\u00f1os este porcentaje se dispara hasta el 53,7% llegando al 60,6% en la franja de conductores de m\u00e1s de 75 a\u00f1os (esto es un 26% m\u00e1s que la media).<\/p>\n<p>En global, lo redactores del informe explican as\u00ed la incidencia de la edad en los accidentes de tr\u00e1fico, factor importante en la franja de conductores m\u00e1s j\u00f3venes en cuanto a frecuencia y en la franja de conductores mayores por la responsabilidad en los siniestros: los conductores de entre 18 y 21 a\u00f1os son el colectivo donde m\u00e1s afecta la variable edad, con un 57% m\u00e1s de probabilidad de sufrir un accidente, debido, presumiblemente, a su inexperiencia al volante. Les siguen los mayores de 75 a\u00f1os, con un riesgo mayor del 29%, en este caso probablemente como consecuencia de la disminuci\u00f3n de los reflejos. Los otros dos grupos con una considerable incidencia de la edad en una mayor probabilidad de sufrir un accidente de tr\u00e1fico son los j\u00f3venes de entre 22 y 25 a\u00f1os, con un 19% m\u00e1s, y los conductores de entre 71 y 75 a\u00f1os, con un 9%.<\/p>\n<p>En el lado contrario est\u00e1n los conductores de entre 31 a\u00f1os y 45 a\u00f1os, donde el factor edad, de forma aislada, reduce ligeramente la probabilidad de sufrir un accidente. Por \u00faltimo, en el an\u00e1lisis tambi\u00e9n se observa un ligero repunte entre los conductores de entre 51 y 55 a\u00f1os, probablemente como consecuencia de la irrupci\u00f3n de los hijos en la conducci\u00f3n de sus veh\u00edculos.<\/p>\n","protected":false},"excerpt":{"rendered":"<p>Uno de cada cuatro accidentes registra como afectados a j\u00f3venes menores de 25 a\u00f1os 23\/09\/2019 08:00 Actualizado a 23\/09\/2019 17:16 Tal y como declara rotundamente&#8230; <a href=\"https:\/\/www.cmalleida.com\/es\/jovenes-sin-experiencia-y-mayores-sin-reflejos-en-la-diana-de-los-accidentes-la-vanguardia\/\" rel=\"nofollow\" class=\"lollegirmes\">Llegeix m\u00e9s<\/a><\/p>\n","protected":false},"author":149,"featured_media":1776,"comment_status":"closed","ping_status":"closed","sticky":false,"template":"","format":"standard","meta":{"_acf_changed":false,"_genesis_hide_title":false,"_genesis_hide_breadcrumbs":false,"_genesis_hide_singular_image":false,"_genesis_hide_footer_widgets":false,"_genesis_custom_body_class":"","_genesis_custom_post_class":"","_genesis_layout":"","footnotes":""},"categories":[28,62],"tags":[],"class_list":{"0":"post-5653","1":"post","2":"type-post","3":"status-publish","4":"format-standard","5":"has-post-thumbnail","7":"category-actualidad","8":"category-sinistres-es","9":"entry"},"acf":[],"yoast_head":"<!-- This site is optimized with the Yoast SEO plugin v27.2 - https:\/\/yoast.com\/product\/yoast-seo-wordpress\/ -->\n<title>J\u00f3venes sin experiencia y mayores sin reflejos, en la diana de los accidentes (La Vanguardia) - Col\u00b7legi de Mediadors d&#039;Assegurances de Lleida<\/title>\n<meta name=\"robots\" content=\"index, follow, max-snippet:-1, max-image-preview:large, max-video-preview:-1\" \/>\n<link rel=\"canonical\" href=\"https:\/\/www.cmalleida.com\/es\/jovenes-sin-experiencia-y-mayores-sin-reflejos-en-la-diana-de-los-accidentes-la-vanguardia\/\" \/>\n<meta property=\"og:locale\" content=\"es_ES\" \/>\n<meta property=\"og:type\" content=\"article\" \/>\n<meta property=\"og:title\" content=\"J\u00f3venes sin experiencia y mayores sin reflejos, en la diana de los accidentes (La Vanguardia) - Col\u00b7legi de Mediadors d&#039;Assegurances de Lleida\" \/>\n<meta property=\"og:description\" content=\"Uno de cada cuatro accidentes registra como afectados a j\u00f3venes menores de 25 a\u00f1os 23\/09\/2019 08:00 Actualizado a 23\/09\/2019 17:16 Tal y como declara rotundamente... Llegeix m\u00e9s\" \/>\n<meta property=\"og:url\" content=\"https:\/\/www.cmalleida.com\/es\/jovenes-sin-experiencia-y-mayores-sin-reflejos-en-la-diana-de-los-accidentes-la-vanguardia\/\" \/>\n<meta property=\"og:site_name\" content=\"Col\u00b7legi de Mediadors d&#039;Assegurances de Lleida\" \/>\n<meta property=\"article:published_time\" content=\"2019-09-27T08:14:47+00:00\" \/>\n<meta property=\"og:image\" content=\"https:\/\/www.cmalleida.com\/wp-content\/uploads\/cmall-lleida-actualitat-lesio.jpg\" \/>\n\t<meta property=\"og:image:width\" content=\"762\" \/>\n\t<meta property=\"og:image:height\" content=\"762\" \/>\n\t<meta property=\"og:image:type\" content=\"image\/jpeg\" \/>\n<meta name=\"author\" content=\"Antonieta Castells Dolcet\" \/>\n<meta name=\"twitter:card\" content=\"summary_large_image\" \/>\n<meta name=\"twitter:label1\" content=\"Written by\" \/>\n\t<meta name=\"twitter:data1\" content=\"Antonieta Castells Dolcet\" \/>\n\t<meta name=\"twitter:label2\" content=\"Est. reading time\" \/>\n\t<meta name=\"twitter:data2\" content=\"4 minutos\" \/>\n<script type=\"application\/ld+json\" class=\"yoast-schema-graph\">{\"@context\":\"https:\/\/schema.org\",\"@graph\":[{\"@type\":\"Article\",\"@id\":\"https:\/\/www.cmalleida.com\/es\/jovenes-sin-experiencia-y-mayores-sin-reflejos-en-la-diana-de-los-accidentes-la-vanguardia\/#article\",\"isPartOf\":{\"@id\":\"https:\/\/www.cmalleida.com\/es\/jovenes-sin-experiencia-y-mayores-sin-reflejos-en-la-diana-de-los-accidentes-la-vanguardia\/\"},\"author\":{\"name\":\"Antonieta Castells Dolcet\",\"@id\":\"https:\/\/www.cmalleida.com\/es\/#\/schema\/person\/7461453022a0d6ce41c1e530eb4443b4\"},\"headline\":\"J\u00f3venes sin experiencia y mayores sin reflejos, en la diana de los accidentes (La Vanguardia)\",\"datePublished\":\"2019-09-27T08:14:47+00:00\",\"mainEntityOfPage\":{\"@id\":\"https:\/\/www.cmalleida.com\/es\/jovenes-sin-experiencia-y-mayores-sin-reflejos-en-la-diana-de-los-accidentes-la-vanguardia\/\"},\"wordCount\":771,\"publisher\":{\"@id\":\"https:\/\/www.cmalleida.com\/es\/#organization\"},\"image\":{\"@id\":\"https:\/\/www.cmalleida.com\/es\/jovenes-sin-experiencia-y-mayores-sin-reflejos-en-la-diana-de-los-accidentes-la-vanguardia\/#primaryimage\"},\"thumbnailUrl\":\"https:\/\/www.cmalleida.com\/wp-content\/uploads\/cmall-lleida-actualitat-lesio.jpg\",\"articleSection\":[\"Actualidad\",\"Sinistres\"],\"inLanguage\":\"es\"},{\"@type\":\"WebPage\",\"@id\":\"https:\/\/www.cmalleida.com\/es\/jovenes-sin-experiencia-y-mayores-sin-reflejos-en-la-diana-de-los-accidentes-la-vanguardia\/\",\"url\":\"https:\/\/www.cmalleida.com\/es\/jovenes-sin-experiencia-y-mayores-sin-reflejos-en-la-diana-de-los-accidentes-la-vanguardia\/\",\"name\":\"J\u00f3venes sin experiencia y mayores sin reflejos, en la diana de los accidentes (La Vanguardia) - Col\u00b7legi de Mediadors d&#039;Assegurances de Lleida\",\"isPartOf\":{\"@id\":\"https:\/\/www.cmalleida.com\/es\/#website\"},\"primaryImageOfPage\":{\"@id\":\"https:\/\/www.cmalleida.com\/es\/jovenes-sin-experiencia-y-mayores-sin-reflejos-en-la-diana-de-los-accidentes-la-vanguardia\/#primaryimage\"},\"image\":{\"@id\":\"https:\/\/www.cmalleida.com\/es\/jovenes-sin-experiencia-y-mayores-sin-reflejos-en-la-diana-de-los-accidentes-la-vanguardia\/#primaryimage\"},\"thumbnailUrl\":\"https:\/\/www.cmalleida.com\/wp-content\/uploads\/cmall-lleida-actualitat-lesio.jpg\",\"datePublished\":\"2019-09-27T08:14:47+00:00\",\"breadcrumb\":{\"@id\":\"https:\/\/www.cmalleida.com\/es\/jovenes-sin-experiencia-y-mayores-sin-reflejos-en-la-diana-de-los-accidentes-la-vanguardia\/#breadcrumb\"},\"inLanguage\":\"es\",\"potentialAction\":[{\"@type\":\"ReadAction\",\"target\":[\"https:\/\/www.cmalleida.com\/es\/jovenes-sin-experiencia-y-mayores-sin-reflejos-en-la-diana-de-los-accidentes-la-vanguardia\/\"]}]},{\"@type\":\"ImageObject\",\"inLanguage\":\"es\",\"@id\":\"https:\/\/www.cmalleida.com\/es\/jovenes-sin-experiencia-y-mayores-sin-reflejos-en-la-diana-de-los-accidentes-la-vanguardia\/#primaryimage\",\"url\":\"https:\/\/www.cmalleida.com\/wp-content\/uploads\/cmall-lleida-actualitat-lesio.jpg\",\"contentUrl\":\"https:\/\/www.cmalleida.com\/wp-content\/uploads\/cmall-lleida-actualitat-lesio.jpg\",\"width\":762,\"height\":762,\"caption\":\"cmall-lleida-actualitat-lesio\"},{\"@type\":\"BreadcrumbList\",\"@id\":\"https:\/\/www.cmalleida.com\/es\/jovenes-sin-experiencia-y-mayores-sin-reflejos-en-la-diana-de-los-accidentes-la-vanguardia\/#breadcrumb\",\"itemListElement\":[{\"@type\":\"ListItem\",\"position\":1,\"name\":\"Inici\",\"item\":\"https:\/\/www.cmalleida.com\/es\/\"},{\"@type\":\"ListItem\",\"position\":2,\"name\":\"J\u00f3venes sin experiencia y mayores sin reflejos, en la diana de los accidentes (La Vanguardia)\"}]},{\"@type\":\"WebSite\",\"@id\":\"https:\/\/www.cmalleida.com\/es\/#website\",\"url\":\"https:\/\/www.cmalleida.com\/es\/\",\"name\":\"Col\u00b7legi de Mediadors d&#039;Assegurances de Lleida\",\"description\":\"Otro sitio realizado con WordPress\",\"publisher\":{\"@id\":\"https:\/\/www.cmalleida.com\/es\/#organization\"},\"potentialAction\":[{\"@type\":\"SearchAction\",\"target\":{\"@type\":\"EntryPoint\",\"urlTemplate\":\"https:\/\/www.cmalleida.com\/es\/?s={search_term_string}\"},\"query-input\":{\"@type\":\"PropertyValueSpecification\",\"valueRequired\":true,\"valueName\":\"search_term_string\"}}],\"inLanguage\":\"es\"},{\"@type\":\"Organization\",\"@id\":\"https:\/\/www.cmalleida.com\/es\/#organization\",\"name\":\"Col\u00b7legi de Mediadors d'Assegurances de Lleida\",\"url\":\"https:\/\/www.cmalleida.com\/es\/\",\"logo\":{\"@type\":\"ImageObject\",\"inLanguage\":\"es\",\"@id\":\"https:\/\/www.cmalleida.com\/es\/#\/schema\/logo\/image\/\",\"url\":\"\",\"contentUrl\":\"\",\"caption\":\"Col\u00b7legi de Mediadors d'Assegurances de Lleida\"},\"image\":{\"@id\":\"https:\/\/www.cmalleida.com\/es\/#\/schema\/logo\/image\/\"}},{\"@type\":\"Person\",\"@id\":\"https:\/\/www.cmalleida.com\/es\/#\/schema\/person\/7461453022a0d6ce41c1e530eb4443b4\",\"name\":\"Antonieta Castells Dolcet\",\"image\":{\"@type\":\"ImageObject\",\"inLanguage\":\"es\",\"@id\":\"https:\/\/secure.gravatar.com\/avatar\/7738df9a8ff2d12e8b37d088ff0e3e36016e57ab29e5db27ba4fb758a81ea3cb?s=96&d=mm&r=g\",\"url\":\"https:\/\/secure.gravatar.com\/avatar\/7738df9a8ff2d12e8b37d088ff0e3e36016e57ab29e5db27ba4fb758a81ea3cb?s=96&d=mm&r=g\",\"contentUrl\":\"https:\/\/secure.gravatar.com\/avatar\/7738df9a8ff2d12e8b37d088ff0e3e36016e57ab29e5db27ba4fb758a81ea3cb?s=96&d=mm&r=g\",\"caption\":\"Antonieta Castells Dolcet\"},\"sameAs\":[\"http:\/\/www.cmalleida.com\"]}]}<\/script>\n<!-- \/ Yoast SEO plugin. -->","yoast_head_json":{"title":"J\u00f3venes sin experiencia y mayores sin reflejos, en la diana de los accidentes (La Vanguardia) - Col\u00b7legi de Mediadors d&#039;Assegurances de Lleida","robots":{"index":"index","follow":"follow","max-snippet":"max-snippet:-1","max-image-preview":"max-image-preview:large","max-video-preview":"max-video-preview:-1"},"canonical":"https:\/\/www.cmalleida.com\/es\/jovenes-sin-experiencia-y-mayores-sin-reflejos-en-la-diana-de-los-accidentes-la-vanguardia\/","og_locale":"es_ES","og_type":"article","og_title":"J\u00f3venes sin experiencia y mayores sin reflejos, en la diana de los accidentes (La Vanguardia) - Col\u00b7legi de Mediadors d&#039;Assegurances de Lleida","og_description":"Uno de cada cuatro accidentes registra como afectados a j\u00f3venes menores de 25 a\u00f1os 23\/09\/2019 08:00 Actualizado a 23\/09\/2019 17:16 Tal y como declara rotundamente... Llegeix m\u00e9s","og_url":"https:\/\/www.cmalleida.com\/es\/jovenes-sin-experiencia-y-mayores-sin-reflejos-en-la-diana-de-los-accidentes-la-vanguardia\/","og_site_name":"Col\u00b7legi de Mediadors d&#039;Assegurances de Lleida","article_published_time":"2019-09-27T08:14:47+00:00","og_image":[{"width":762,"height":762,"url":"https:\/\/www.cmalleida.com\/wp-content\/uploads\/cmall-lleida-actualitat-lesio.jpg","type":"image\/jpeg"}],"author":"Antonieta Castells Dolcet","twitter_card":"summary_large_image","twitter_misc":{"Written by":"Antonieta Castells Dolcet","Est. reading time":"4 minutos"},"schema":{"@context":"https:\/\/schema.org","@graph":[{"@type":"Article","@id":"https:\/\/www.cmalleida.com\/es\/jovenes-sin-experiencia-y-mayores-sin-reflejos-en-la-diana-de-los-accidentes-la-vanguardia\/#article","isPartOf":{"@id":"https:\/\/www.cmalleida.com\/es\/jovenes-sin-experiencia-y-mayores-sin-reflejos-en-la-diana-de-los-accidentes-la-vanguardia\/"},"author":{"name":"Antonieta Castells Dolcet","@id":"https:\/\/www.cmalleida.com\/es\/#\/schema\/person\/7461453022a0d6ce41c1e530eb4443b4"},"headline":"J\u00f3venes sin experiencia y mayores sin reflejos, en la diana de los accidentes (La Vanguardia)","datePublished":"2019-09-27T08:14:47+00:00","mainEntityOfPage":{"@id":"https:\/\/www.cmalleida.com\/es\/jovenes-sin-experiencia-y-mayores-sin-reflejos-en-la-diana-de-los-accidentes-la-vanguardia\/"},"wordCount":771,"publisher":{"@id":"https:\/\/www.cmalleida.com\/es\/#organization"},"image":{"@id":"https:\/\/www.cmalleida.com\/es\/jovenes-sin-experiencia-y-mayores-sin-reflejos-en-la-diana-de-los-accidentes-la-vanguardia\/#primaryimage"},"thumbnailUrl":"https:\/\/www.cmalleida.com\/wp-content\/uploads\/cmall-lleida-actualitat-lesio.jpg","articleSection":["Actualidad","Sinistres"],"inLanguage":"es"},{"@type":"WebPage","@id":"https:\/\/www.cmalleida.com\/es\/jovenes-sin-experiencia-y-mayores-sin-reflejos-en-la-diana-de-los-accidentes-la-vanguardia\/","url":"https:\/\/www.cmalleida.com\/es\/jovenes-sin-experiencia-y-mayores-sin-reflejos-en-la-diana-de-los-accidentes-la-vanguardia\/","name":"J\u00f3venes sin experiencia y mayores sin reflejos, en la diana de los accidentes (La Vanguardia) - Col\u00b7legi de Mediadors d&#039;Assegurances de Lleida","isPartOf":{"@id":"https:\/\/www.cmalleida.com\/es\/#website"},"primaryImageOfPage":{"@id":"https:\/\/www.cmalleida.com\/es\/jovenes-sin-experiencia-y-mayores-sin-reflejos-en-la-diana-de-los-accidentes-la-vanguardia\/#primaryimage"},"image":{"@id":"https:\/\/www.cmalleida.com\/es\/jovenes-sin-experiencia-y-mayores-sin-reflejos-en-la-diana-de-los-accidentes-la-vanguardia\/#primaryimage"},"thumbnailUrl":"https:\/\/www.cmalleida.com\/wp-content\/uploads\/cmall-lleida-actualitat-lesio.jpg","datePublished":"2019-09-27T08:14:47+00:00","breadcrumb":{"@id":"https:\/\/www.cmalleida.com\/es\/jovenes-sin-experiencia-y-mayores-sin-reflejos-en-la-diana-de-los-accidentes-la-vanguardia\/#breadcrumb"},"inLanguage":"es","potentialAction":[{"@type":"ReadAction","target":["https:\/\/www.cmalleida.com\/es\/jovenes-sin-experiencia-y-mayores-sin-reflejos-en-la-diana-de-los-accidentes-la-vanguardia\/"]}]},{"@type":"ImageObject","inLanguage":"es","@id":"https:\/\/www.cmalleida.com\/es\/jovenes-sin-experiencia-y-mayores-sin-reflejos-en-la-diana-de-los-accidentes-la-vanguardia\/#primaryimage","url":"https:\/\/www.cmalleida.com\/wp-content\/uploads\/cmall-lleida-actualitat-lesio.jpg","contentUrl":"https:\/\/www.cmalleida.com\/wp-content\/uploads\/cmall-lleida-actualitat-lesio.jpg","width":762,"height":762,"caption":"cmall-lleida-actualitat-lesio"},{"@type":"BreadcrumbList","@id":"https:\/\/www.cmalleida.com\/es\/jovenes-sin-experiencia-y-mayores-sin-reflejos-en-la-diana-de-los-accidentes-la-vanguardia\/#breadcrumb","itemListElement":[{"@type":"ListItem","position":1,"name":"Inici","item":"https:\/\/www.cmalleida.com\/es\/"},{"@type":"ListItem","position":2,"name":"J\u00f3venes sin experiencia y mayores sin reflejos, en la diana de los accidentes (La Vanguardia)"}]},{"@type":"WebSite","@id":"https:\/\/www.cmalleida.com\/es\/#website","url":"https:\/\/www.cmalleida.com\/es\/","name":"Col\u00b7legi de Mediadors d&#039;Assegurances de Lleida","description":"Otro sitio realizado con WordPress","publisher":{"@id":"https:\/\/www.cmalleida.com\/es\/#organization"},"potentialAction":[{"@type":"SearchAction","target":{"@type":"EntryPoint","urlTemplate":"https:\/\/www.cmalleida.com\/es\/?s={search_term_string}"},"query-input":{"@type":"PropertyValueSpecification","valueRequired":true,"valueName":"search_term_string"}}],"inLanguage":"es"},{"@type":"Organization","@id":"https:\/\/www.cmalleida.com\/es\/#organization","name":"Col\u00b7legi de Mediadors d'Assegurances de Lleida","url":"https:\/\/www.cmalleida.com\/es\/","logo":{"@type":"ImageObject","inLanguage":"es","@id":"https:\/\/www.cmalleida.com\/es\/#\/schema\/logo\/image\/","url":"","contentUrl":"","caption":"Col\u00b7legi de Mediadors d'Assegurances de Lleida"},"image":{"@id":"https:\/\/www.cmalleida.com\/es\/#\/schema\/logo\/image\/"}},{"@type":"Person","@id":"https:\/\/www.cmalleida.com\/es\/#\/schema\/person\/7461453022a0d6ce41c1e530eb4443b4","name":"Antonieta Castells Dolcet","image":{"@type":"ImageObject","inLanguage":"es","@id":"https:\/\/secure.gravatar.com\/avatar\/7738df9a8ff2d12e8b37d088ff0e3e36016e57ab29e5db27ba4fb758a81ea3cb?s=96&d=mm&r=g","url":"https:\/\/secure.gravatar.com\/avatar\/7738df9a8ff2d12e8b37d088ff0e3e36016e57ab29e5db27ba4fb758a81ea3cb?s=96&d=mm&r=g","contentUrl":"https:\/\/secure.gravatar.com\/avatar\/7738df9a8ff2d12e8b37d088ff0e3e36016e57ab29e5db27ba4fb758a81ea3cb?s=96&d=mm&r=g","caption":"Antonieta Castells Dolcet"},"sameAs":["http:\/\/www.cmalleida.com"]}]}},"_links":{"self":[{"href":"https:\/\/www.cmalleida.com\/es\/wp-json\/wp\/v2\/posts\/5653","targetHints":{"allow":["GET"]}}],"collection":[{"href":"https:\/\/www.cmalleida.com\/es\/wp-json\/wp\/v2\/posts"}],"about":[{"href":"https:\/\/www.cmalleida.com\/es\/wp-json\/wp\/v2\/types\/post"}],"author":[{"embeddable":true,"href":"https:\/\/www.cmalleida.com\/es\/wp-json\/wp\/v2\/users\/149"}],"replies":[{"embeddable":true,"href":"https:\/\/www.cmalleida.com\/es\/wp-json\/wp\/v2\/comments?post=5653"}],"version-history":[{"count":1,"href":"https:\/\/www.cmalleida.com\/es\/wp-json\/wp\/v2\/posts\/5653\/revisions"}],"predecessor-version":[{"id":5654,"href":"https:\/\/www.cmalleida.com\/es\/wp-json\/wp\/v2\/posts\/5653\/revisions\/5654"}],"wp:featuredmedia":[{"embeddable":true,"href":"https:\/\/www.cmalleida.com\/es\/wp-json\/wp\/v2\/media\/1776"}],"wp:attachment":[{"href":"https:\/\/www.cmalleida.com\/es\/wp-json\/wp\/v2\/media?parent=5653"}],"wp:term":[{"taxonomy":"category","embeddable":true,"href":"https:\/\/www.cmalleida.com\/es\/wp-json\/wp\/v2\/categories?post=5653"},{"taxonomy":"post_tag","embeddable":true,"href":"https:\/\/www.cmalleida.com\/es\/wp-json\/wp\/v2\/tags?post=5653"}],"curies":[{"name":"wp","href":"https:\/\/api.w.org\/{rel}","templated":true}]}}