{"id":5588,"date":"2019-09-13T10:50:38","date_gmt":"2019-09-13T08:50:38","guid":{"rendered":"https:\/\/www.cmalleida.com\/?p=5588"},"modified":"2019-09-13T10:50:38","modified_gmt":"2019-09-13T08:50:38","slug":"como-protegen-las-grandes-companias-a-la-alta-direccion-expansion","status":"publish","type":"post","link":"https:\/\/www.cmalleida.com\/es\/como-protegen-las-grandes-companias-a-la-alta-direccion-expansion\/","title":{"rendered":"C\u00f3mo protegen las grandes compa\u00f1\u00edas a la alta direcci\u00f3n (Expansi\u00f3n)"},"content":{"rendered":"<p><a href=\"https:\/\/www.twitter.com\/agalisteod\">ALEJANDRO GALISTEO<\/a>\u00a0\u00a0 MADRID<em>\u00a0\u00a0\u00a0 <\/em>12 SEP. 2019\u00a0<strong>&#8211; 08:17<\/strong><\/p>\n<p><em>Las multinacionales contratan p\u00f3lizas especiales para cubrir los errores de gesti\u00f3n que, en su nombre, cometan sus administradores y ejecutivos.<\/em><\/p>\n<p>Durante el \u00faltimo a\u00f1o, el\u00a0<em>caso Villarejo<\/em>\u00a0no ha hecho m\u00e1s que sumar episodios. Entre otros frentes, las relaciones del excomisario han salpicado a BBVA. Y es que, el pasado julio, la Audiencia Nacional cit\u00f3 a declarar como investigados a nueve altos cargos de la entidad financiera en la instrucci\u00f3n del caso BBVA-Villarejo. Desde el momento en el que se produjo la citaci\u00f3n, un tercer actor entr\u00f3 en juego: Mapfre. La aseguradora espa\u00f1ola es la titular de la p\u00f3liza de alta direcci\u00f3n de BBVA, por lo que, hasta que no concluya el proceso judicial, ser\u00e1 la encargada de asumir los costes de defensa de los nueve directivos del banco. Pero, \u00bfqu\u00e9 pasa con los consejeros que ya no est\u00e1n en la entidad financiera?; si Mapfre paga la defensa, \u00bftambi\u00e9n elige a los abogados?; \u00bfqu\u00e9 ocurre si finalmente los investigados son declarados culpables?<\/p>\n<p>Las respuestas a estas preguntas se encuentran en su seguro de responsabilidad civil para la alta direcci\u00f3n y administradores. \u00abSon p\u00f3lizas que contrata la empresa a aseguradoras para cubrir las actuaciones que los altos cargos realizan derivadas de su posici\u00f3n y en nombre de la compa\u00f1\u00eda. Es decir, los perjuicios que puedan ocasionar a terceros por la gesti\u00f3n de la empresa\u00bb, se\u00f1ala Luis Alfonso Fern\u00e1ndez, socio de seguros y reaseguros de Hogan Lovells.<\/p>\n<p>As\u00ed, los perfiles que suelen contar con seguros de este tipo (distintos a los de responsabilidad civil con los que deben contar todos los trabajadores de una empresa) son, de forma general, administradores, consejeros y directivos. \u00abHay que ver si tambi\u00e9n se extiende a aquellos que ejercen tales funciones aunque no est\u00e9n reconocidos formalmente\u00bb, se\u00f1ala Fern\u00e1ndez.<\/p>\n<p>Cada empresa categoriza a sus responsables de forma diferente, pero las personas que dirigen a un amplio n\u00famero de personas y cuya actividad puede afectar al negocio de la empresa son las que cuentan con esta cobertura. Adem\u00e1s de los propios altos cargos, este tipo de p\u00f3lizas incluyen a sus familiares m\u00e1s directos, como el c\u00f3nyuge o los herederos. \u00abLa responsabilidad cada vez es m\u00e1s amplia y compleja, alcanzando el propio patrimonio personal del directivo. Por eso, es importante que la pareja y los hijos de \u00e9ste est\u00e9n recogidas en el seguro\u00bb, afirma Beatriz Rodr\u00edguez, socia de DAC Beachcroft.<\/p>\n<p><strong>\u00bfQu\u00e9 se asegura?<\/strong><\/p>\n<p>Las p\u00f3lizas de alta responsabilidad de direcci\u00f3n se conocen en el \u00e1mbito de los seguros como\u00a0<em>D&amp;O\u00a0<\/em>(<em>director and officer<\/em>, por sus siglas en ingl\u00e9s) y fundamentalmente protegen dos casu\u00edsticas. Por un lado los actos de gesti\u00f3n negligente. \u00abLas p\u00f3lizas atienden cualquier indemnizaci\u00f3n a un tercero afectado, as\u00ed como otros gastos relacionados con la reclamaci\u00f3n, como pueden ser los gastos de restituci\u00f3n de imagen p\u00fablica, los gastos de crisis o la asistencia legal en caso de investigaci\u00f3n por parte de un regulador con el riesgo de eventuales sanciones administrativas\u00bb, se\u00f1ala Javier Ybarra, director de riesgos financieros y profesionales de Marsh.<\/p>\n<p>En segundo lugar, y donde m\u00e1s problemas suelen aparecer cuando se ponen en marcha este tipo de p\u00f3lizas, es en los gastos de defensa. \u00abLa aseguradora cubre toda la cuant\u00eda del procedimiento judicial abierto contra los asegurados\u00bb, explica Rodr\u00edguez. Esto es especialmente delicado por varios motivos.<\/p>\n<p>En primer lugar, los gastos de defensa pueden elevarse por encima del valor de los capitales asegurados. \u00abPor ejemplo, en los procesos de tipo penal, los asegurados son los que eligen al despacho que lleva su defensa; y los honorarios de los abogados pueden ser elevados\u00bb, afirma la socia de DAC Beachcroft.<\/p>\n<p>As\u00ed, los costes de defensa jur\u00eddica que deben asumir las aseguradoras se comen buena parte de las cantidades aseguradas y, en ocasiones, su importe total puede llegar a ser mayor que el de la indemnizaci\u00f3n si el juez resuelve la demanda de forma favorable al investigado. Si finalmente el asegurado es condenado en sentencia penal, la aseguradora puede reclamar la devoluci\u00f3n de los costes de defensa. No es extra\u00f1o que en estos casos la restituci\u00f3n sea muy complicada, ya que el sentenciado suele declararse insolvente. Por eso, las entidades exigen en ocasiones la constituci\u00f3n de garant\u00edas que les aseguren la devoluci\u00f3n. \u00abAdicionalmente a los gastos de defensa, que pueden llegar a incluir pruebas periciales, la p\u00f3liza recoge una garant\u00eda de finanzas que resulta cr\u00edtica para poder preservar la integridad del asegurado cuando los procedimientos se inician en la v\u00eda penal y se plantean esta clase de medidas cautelares por parte de los tribunales\u00bb, explica Ybarra.<\/p>\n<p><strong>Duraci\u00f3n de la p\u00f3liza<\/strong><\/p>\n<p>Otra de las cuestiones que generan pol\u00e9mica es la cuesti\u00f3n temporal. Las p\u00f3lizas cubren las reclamaciones presentadas durante la vigencia del contrato, que suelen ser anuales. Sin embargo, existe un periodo de retroactividad hacia el pasado que, en Espa\u00f1a, puede ser ilimitado. \u00abAs\u00ed, cualquier reclamaci\u00f3n que se reciba con relaci\u00f3n a hechos del pasado debe tener cobertura incluso aunque el cliente, en el momento de los hechos, no tuviera un seguro en vigor\u00bb, afirma Ybarra. Por su parte, el periodo de descubrimiento es a futuro y se suele utilizar como una ventanilla de tiempo para proteger a consejeros jubilados o a directivos que ya no trabajen en la empresa.<\/p>\n<p><strong>Reclamaciones por la gesti\u00f3n de los ejecutivos<\/strong><\/p>\n<p><strong>Directivos de BBVA y su relaci\u00f3n con Villarejo.\u00a0<\/strong>En julio, la Audiencia Nacional cit\u00f3 a declarar a \u00c1ngel Cano, ex consejero delegado de BBVA, junto a otros ocho altos cargos de la entidad. En su contrato con el banco, todos ellos est\u00e1n cubiertos por un seguro de responsabilidad civil de alta direcci\u00f3n de Mapfre. As\u00ed, de momento, la aseguradora espa\u00f1ola se har\u00e1 cargo de los costes de defensa que suponga el proceso judicial a todos los investigados, sigan o no trabajando en BBVA.<\/p>\n<p><em>Caso Bankia\u00a0<\/em><strong>y el uso de las\u00a0<\/strong><em>tarjetas black<\/em><strong>.\u00a0<\/strong>El\u00a0<em>caso Bankia<\/em>\u00a0protagoniz\u00f3 un controvertido episodio en este tipo de coberturas. En 2014, la Audiencia Nacional rechaz\u00f3 la petici\u00f3n de Miguel Blesa, expresidente de Caja Madrid, para que Mapfre pagara una fianza de 16 millones de euros que deb\u00eda afrontar por el esc\u00e1ndalo de las\u00a0<em>tarjetas black<\/em>. Esta decisi\u00f3n cerr\u00f3 la puerta a una solicitud similar de Rodrigo Rato. Ambos estaban incluidos en la p\u00f3liza contratada por Bankia con Mapfre.<\/p>\n<p><strong>No comunicar informaci\u00f3n relevante en una operaci\u00f3n.<\/strong>\u00a0En 2013, una entidad financiera demand\u00f3 a los directivos de una compa\u00f1\u00eda por no comunicar una informaci\u00f3n relevante cuando llegaron a un acuerdo de financiaci\u00f3n por valor de 13 millones y medio de euros con el banco. Los movimientos de tesorer\u00eda que hab\u00eda proyectado la empresa mostraban que el pr\u00e9stamo era insostenible. El banco acus\u00f3 a los directivos de proporcionar informaci\u00f3n enga\u00f1osa.<\/p>\n<p><strong>Incumplimiento de contrato de suministros.<\/strong>\u00a0Un fabricante de televisores firm\u00f3 un contrato de suministro exclusivo con un vendedor, pero el fabricante incumpli\u00f3 lo pactado violando una cl\u00e1usula de propiedad industrial. El vendedor decidi\u00f3 no pagar al fabricante, quien formul\u00f3 una demanda contra el fabricante y contra sus administradores, reclamando el pago de los suministros. El Supremo conden\u00f3 a la sociedad y a sus administradores al pago de 600.000 euros.<\/p>\n<p><strong>Demanda de los socios frente a un administrador.<\/strong>\u00a0Los socios de una empresa demandaron a uno de los administradores por la compra de ladrillos y componentes telef\u00f3nicos por un importe muy superior al de mercado. El tribunal entendi\u00f3 que la compra de los ladrillos por un precio superior al de mercado no puede calificarse de diligente. Por tanto, el administrador fue condenado a resarcir a la sociedad por el importe de la cantidad pagada de m\u00e1s.<\/p>\n<p><strong>Perjuicio a un tercero por dilataci\u00f3n de plazos.<\/strong>\u00a0Los directivos de una compa\u00f1\u00eda de construcci\u00f3n fueron demandados por las p\u00e9rdidas sufridas por un arquitecto que confi\u00f3 en las repetidas garant\u00edas de uno de los ejecutivos sobre que el compromiso de realizaci\u00f3n del contrato hab\u00eda sido aceptado por la empresa. Sin embargo, la ejecuci\u00f3n de la obra se retras\u00f3 dos a\u00f1os, la constructora rompi\u00f3 el contrato, pero el tribunal estim\u00f3 que este periodo no pod\u00eda considerarse como un motivo para incumplir el pacto verbal.<\/p>\n","protected":false},"excerpt":{"rendered":"<p>ALEJANDRO GALISTEO\u00a0\u00a0 MADRID\u00a0\u00a0\u00a0 12 SEP. 2019\u00a0&#8211; 08:17 Las multinacionales contratan p\u00f3lizas especiales para cubrir los errores de gesti\u00f3n que, en su nombre, cometan sus administradores&#8230; <a href=\"https:\/\/www.cmalleida.com\/es\/como-protegen-las-grandes-companias-a-la-alta-direccion-expansion\/\" rel=\"nofollow\" class=\"lollegirmes\">Llegeix m\u00e9s<\/a><\/p>\n","protected":false},"author":149,"featured_media":1847,"comment_status":"closed","ping_status":"closed","sticky":false,"template":"","format":"standard","meta":{"_acf_changed":false,"_genesis_hide_title":false,"_genesis_hide_breadcrumbs":false,"_genesis_hide_singular_image":false,"_genesis_hide_footer_widgets":false,"_genesis_custom_body_class":"","_genesis_custom_post_class":"","_genesis_layout":"","footnotes":""},"categories":[28,62],"tags":[],"class_list":{"0":"post-5588","1":"post","2":"type-post","3":"status-publish","4":"format-standard","5":"has-post-thumbnail","7":"category-actualidad","8":"category-sinistres-es","9":"entry"},"acf":[],"yoast_head":"<!-- This site is optimized with the Yoast SEO plugin v27.2 - https:\/\/yoast.com\/product\/yoast-seo-wordpress\/ -->\n<title>C\u00f3mo protegen las grandes compa\u00f1\u00edas a la alta direcci\u00f3n (Expansi\u00f3n) - Col\u00b7legi de Mediadors d&#039;Assegurances de Lleida<\/title>\n<meta name=\"robots\" content=\"index, follow, max-snippet:-1, max-image-preview:large, max-video-preview:-1\" \/>\n<link rel=\"canonical\" href=\"https:\/\/www.cmalleida.com\/es\/como-protegen-las-grandes-companias-a-la-alta-direccion-expansion\/\" \/>\n<meta property=\"og:locale\" content=\"es_ES\" \/>\n<meta property=\"og:type\" content=\"article\" \/>\n<meta property=\"og:title\" content=\"C\u00f3mo protegen las grandes compa\u00f1\u00edas a la alta direcci\u00f3n (Expansi\u00f3n) - Col\u00b7legi de Mediadors d&#039;Assegurances de Lleida\" \/>\n<meta property=\"og:description\" content=\"ALEJANDRO GALISTEO\u00a0\u00a0 MADRID\u00a0\u00a0\u00a0 12 SEP. 2019\u00a0&#8211; 08:17 Las multinacionales contratan p\u00f3lizas especiales para cubrir los errores de gesti\u00f3n que, en su nombre, cometan sus administradores... Llegeix m\u00e9s\" \/>\n<meta property=\"og:url\" content=\"https:\/\/www.cmalleida.com\/es\/como-protegen-las-grandes-companias-a-la-alta-direccion-expansion\/\" \/>\n<meta property=\"og:site_name\" content=\"Col\u00b7legi de Mediadors d&#039;Assegurances de Lleida\" \/>\n<meta property=\"article:published_time\" content=\"2019-09-13T08:50:38+00:00\" \/>\n<meta property=\"og:image\" content=\"https:\/\/www.cmalleida.com\/wp-content\/uploads\/cmall-lleida-treballadors762.jpg\" \/>\n\t<meta property=\"og:image:width\" content=\"762\" \/>\n\t<meta property=\"og:image:height\" content=\"762\" \/>\n\t<meta property=\"og:image:type\" content=\"image\/jpeg\" \/>\n<meta name=\"author\" content=\"Antonieta Castells Dolcet\" \/>\n<meta name=\"twitter:card\" content=\"summary_large_image\" \/>\n<meta name=\"twitter:label1\" content=\"Written by\" \/>\n\t<meta name=\"twitter:data1\" content=\"Antonieta Castells Dolcet\" \/>\n\t<meta name=\"twitter:label2\" content=\"Est. reading time\" \/>\n\t<meta name=\"twitter:data2\" content=\"7 minutos\" \/>\n<script type=\"application\/ld+json\" class=\"yoast-schema-graph\">{\"@context\":\"https:\/\/schema.org\",\"@graph\":[{\"@type\":\"Article\",\"@id\":\"https:\/\/www.cmalleida.com\/es\/como-protegen-las-grandes-companias-a-la-alta-direccion-expansion\/#article\",\"isPartOf\":{\"@id\":\"https:\/\/www.cmalleida.com\/es\/como-protegen-las-grandes-companias-a-la-alta-direccion-expansion\/\"},\"author\":{\"name\":\"Antonieta Castells Dolcet\",\"@id\":\"https:\/\/www.cmalleida.com\/es\/#\/schema\/person\/7461453022a0d6ce41c1e530eb4443b4\"},\"headline\":\"C\u00f3mo protegen las grandes compa\u00f1\u00edas a la alta direcci\u00f3n (Expansi\u00f3n)\",\"datePublished\":\"2019-09-13T08:50:38+00:00\",\"mainEntityOfPage\":{\"@id\":\"https:\/\/www.cmalleida.com\/es\/como-protegen-las-grandes-companias-a-la-alta-direccion-expansion\/\"},\"wordCount\":1441,\"publisher\":{\"@id\":\"https:\/\/www.cmalleida.com\/es\/#organization\"},\"image\":{\"@id\":\"https:\/\/www.cmalleida.com\/es\/como-protegen-las-grandes-companias-a-la-alta-direccion-expansion\/#primaryimage\"},\"thumbnailUrl\":\"https:\/\/www.cmalleida.com\/wp-content\/uploads\/cmall-lleida-treballadors762.jpg\",\"articleSection\":[\"Actualidad\",\"Sinistres\"],\"inLanguage\":\"es\"},{\"@type\":\"WebPage\",\"@id\":\"https:\/\/www.cmalleida.com\/es\/como-protegen-las-grandes-companias-a-la-alta-direccion-expansion\/\",\"url\":\"https:\/\/www.cmalleida.com\/es\/como-protegen-las-grandes-companias-a-la-alta-direccion-expansion\/\",\"name\":\"C\u00f3mo protegen las grandes compa\u00f1\u00edas a la alta direcci\u00f3n (Expansi\u00f3n) - Col\u00b7legi de Mediadors d&#039;Assegurances de Lleida\",\"isPartOf\":{\"@id\":\"https:\/\/www.cmalleida.com\/es\/#website\"},\"primaryImageOfPage\":{\"@id\":\"https:\/\/www.cmalleida.com\/es\/como-protegen-las-grandes-companias-a-la-alta-direccion-expansion\/#primaryimage\"},\"image\":{\"@id\":\"https:\/\/www.cmalleida.com\/es\/como-protegen-las-grandes-companias-a-la-alta-direccion-expansion\/#primaryimage\"},\"thumbnailUrl\":\"https:\/\/www.cmalleida.com\/wp-content\/uploads\/cmall-lleida-treballadors762.jpg\",\"datePublished\":\"2019-09-13T08:50:38+00:00\",\"breadcrumb\":{\"@id\":\"https:\/\/www.cmalleida.com\/es\/como-protegen-las-grandes-companias-a-la-alta-direccion-expansion\/#breadcrumb\"},\"inLanguage\":\"es\",\"potentialAction\":[{\"@type\":\"ReadAction\",\"target\":[\"https:\/\/www.cmalleida.com\/es\/como-protegen-las-grandes-companias-a-la-alta-direccion-expansion\/\"]}]},{\"@type\":\"ImageObject\",\"inLanguage\":\"es\",\"@id\":\"https:\/\/www.cmalleida.com\/es\/como-protegen-las-grandes-companias-a-la-alta-direccion-expansion\/#primaryimage\",\"url\":\"https:\/\/www.cmalleida.com\/wp-content\/uploads\/cmall-lleida-treballadors762.jpg\",\"contentUrl\":\"https:\/\/www.cmalleida.com\/wp-content\/uploads\/cmall-lleida-treballadors762.jpg\",\"width\":762,\"height\":762,\"caption\":\"cmall-lleida-treballadors762\"},{\"@type\":\"BreadcrumbList\",\"@id\":\"https:\/\/www.cmalleida.com\/es\/como-protegen-las-grandes-companias-a-la-alta-direccion-expansion\/#breadcrumb\",\"itemListElement\":[{\"@type\":\"ListItem\",\"position\":1,\"name\":\"Inici\",\"item\":\"https:\/\/www.cmalleida.com\/es\/\"},{\"@type\":\"ListItem\",\"position\":2,\"name\":\"C\u00f3mo protegen las grandes compa\u00f1\u00edas a la alta direcci\u00f3n (Expansi\u00f3n)\"}]},{\"@type\":\"WebSite\",\"@id\":\"https:\/\/www.cmalleida.com\/es\/#website\",\"url\":\"https:\/\/www.cmalleida.com\/es\/\",\"name\":\"Col\u00b7legi de Mediadors d&#039;Assegurances de Lleida\",\"description\":\"Otro sitio realizado con WordPress\",\"publisher\":{\"@id\":\"https:\/\/www.cmalleida.com\/es\/#organization\"},\"potentialAction\":[{\"@type\":\"SearchAction\",\"target\":{\"@type\":\"EntryPoint\",\"urlTemplate\":\"https:\/\/www.cmalleida.com\/es\/?s={search_term_string}\"},\"query-input\":{\"@type\":\"PropertyValueSpecification\",\"valueRequired\":true,\"valueName\":\"search_term_string\"}}],\"inLanguage\":\"es\"},{\"@type\":\"Organization\",\"@id\":\"https:\/\/www.cmalleida.com\/es\/#organization\",\"name\":\"Col\u00b7legi de Mediadors d'Assegurances de Lleida\",\"url\":\"https:\/\/www.cmalleida.com\/es\/\",\"logo\":{\"@type\":\"ImageObject\",\"inLanguage\":\"es\",\"@id\":\"https:\/\/www.cmalleida.com\/es\/#\/schema\/logo\/image\/\",\"url\":\"\",\"contentUrl\":\"\",\"caption\":\"Col\u00b7legi de Mediadors d'Assegurances de Lleida\"},\"image\":{\"@id\":\"https:\/\/www.cmalleida.com\/es\/#\/schema\/logo\/image\/\"}},{\"@type\":\"Person\",\"@id\":\"https:\/\/www.cmalleida.com\/es\/#\/schema\/person\/7461453022a0d6ce41c1e530eb4443b4\",\"name\":\"Antonieta Castells Dolcet\",\"image\":{\"@type\":\"ImageObject\",\"inLanguage\":\"es\",\"@id\":\"https:\/\/secure.gravatar.com\/avatar\/7738df9a8ff2d12e8b37d088ff0e3e36016e57ab29e5db27ba4fb758a81ea3cb?s=96&d=mm&r=g\",\"url\":\"https:\/\/secure.gravatar.com\/avatar\/7738df9a8ff2d12e8b37d088ff0e3e36016e57ab29e5db27ba4fb758a81ea3cb?s=96&d=mm&r=g\",\"contentUrl\":\"https:\/\/secure.gravatar.com\/avatar\/7738df9a8ff2d12e8b37d088ff0e3e36016e57ab29e5db27ba4fb758a81ea3cb?s=96&d=mm&r=g\",\"caption\":\"Antonieta Castells Dolcet\"},\"sameAs\":[\"http:\/\/www.cmalleida.com\"]}]}<\/script>\n<!-- \/ Yoast SEO plugin. -->","yoast_head_json":{"title":"C\u00f3mo protegen las grandes compa\u00f1\u00edas a la alta direcci\u00f3n (Expansi\u00f3n) - Col\u00b7legi de Mediadors d&#039;Assegurances de Lleida","robots":{"index":"index","follow":"follow","max-snippet":"max-snippet:-1","max-image-preview":"max-image-preview:large","max-video-preview":"max-video-preview:-1"},"canonical":"https:\/\/www.cmalleida.com\/es\/como-protegen-las-grandes-companias-a-la-alta-direccion-expansion\/","og_locale":"es_ES","og_type":"article","og_title":"C\u00f3mo protegen las grandes compa\u00f1\u00edas a la alta direcci\u00f3n (Expansi\u00f3n) - Col\u00b7legi de Mediadors d&#039;Assegurances de Lleida","og_description":"ALEJANDRO GALISTEO\u00a0\u00a0 MADRID\u00a0\u00a0\u00a0 12 SEP. 2019\u00a0&#8211; 08:17 Las multinacionales contratan p\u00f3lizas especiales para cubrir los errores de gesti\u00f3n que, en su nombre, cometan sus administradores... Llegeix m\u00e9s","og_url":"https:\/\/www.cmalleida.com\/es\/como-protegen-las-grandes-companias-a-la-alta-direccion-expansion\/","og_site_name":"Col\u00b7legi de Mediadors d&#039;Assegurances de Lleida","article_published_time":"2019-09-13T08:50:38+00:00","og_image":[{"width":762,"height":762,"url":"https:\/\/www.cmalleida.com\/wp-content\/uploads\/cmall-lleida-treballadors762.jpg","type":"image\/jpeg"}],"author":"Antonieta Castells Dolcet","twitter_card":"summary_large_image","twitter_misc":{"Written by":"Antonieta Castells Dolcet","Est. reading time":"7 minutos"},"schema":{"@context":"https:\/\/schema.org","@graph":[{"@type":"Article","@id":"https:\/\/www.cmalleida.com\/es\/como-protegen-las-grandes-companias-a-la-alta-direccion-expansion\/#article","isPartOf":{"@id":"https:\/\/www.cmalleida.com\/es\/como-protegen-las-grandes-companias-a-la-alta-direccion-expansion\/"},"author":{"name":"Antonieta Castells Dolcet","@id":"https:\/\/www.cmalleida.com\/es\/#\/schema\/person\/7461453022a0d6ce41c1e530eb4443b4"},"headline":"C\u00f3mo protegen las grandes compa\u00f1\u00edas a la alta direcci\u00f3n (Expansi\u00f3n)","datePublished":"2019-09-13T08:50:38+00:00","mainEntityOfPage":{"@id":"https:\/\/www.cmalleida.com\/es\/como-protegen-las-grandes-companias-a-la-alta-direccion-expansion\/"},"wordCount":1441,"publisher":{"@id":"https:\/\/www.cmalleida.com\/es\/#organization"},"image":{"@id":"https:\/\/www.cmalleida.com\/es\/como-protegen-las-grandes-companias-a-la-alta-direccion-expansion\/#primaryimage"},"thumbnailUrl":"https:\/\/www.cmalleida.com\/wp-content\/uploads\/cmall-lleida-treballadors762.jpg","articleSection":["Actualidad","Sinistres"],"inLanguage":"es"},{"@type":"WebPage","@id":"https:\/\/www.cmalleida.com\/es\/como-protegen-las-grandes-companias-a-la-alta-direccion-expansion\/","url":"https:\/\/www.cmalleida.com\/es\/como-protegen-las-grandes-companias-a-la-alta-direccion-expansion\/","name":"C\u00f3mo protegen las grandes compa\u00f1\u00edas a la alta direcci\u00f3n (Expansi\u00f3n) - Col\u00b7legi de Mediadors d&#039;Assegurances de Lleida","isPartOf":{"@id":"https:\/\/www.cmalleida.com\/es\/#website"},"primaryImageOfPage":{"@id":"https:\/\/www.cmalleida.com\/es\/como-protegen-las-grandes-companias-a-la-alta-direccion-expansion\/#primaryimage"},"image":{"@id":"https:\/\/www.cmalleida.com\/es\/como-protegen-las-grandes-companias-a-la-alta-direccion-expansion\/#primaryimage"},"thumbnailUrl":"https:\/\/www.cmalleida.com\/wp-content\/uploads\/cmall-lleida-treballadors762.jpg","datePublished":"2019-09-13T08:50:38+00:00","breadcrumb":{"@id":"https:\/\/www.cmalleida.com\/es\/como-protegen-las-grandes-companias-a-la-alta-direccion-expansion\/#breadcrumb"},"inLanguage":"es","potentialAction":[{"@type":"ReadAction","target":["https:\/\/www.cmalleida.com\/es\/como-protegen-las-grandes-companias-a-la-alta-direccion-expansion\/"]}]},{"@type":"ImageObject","inLanguage":"es","@id":"https:\/\/www.cmalleida.com\/es\/como-protegen-las-grandes-companias-a-la-alta-direccion-expansion\/#primaryimage","url":"https:\/\/www.cmalleida.com\/wp-content\/uploads\/cmall-lleida-treballadors762.jpg","contentUrl":"https:\/\/www.cmalleida.com\/wp-content\/uploads\/cmall-lleida-treballadors762.jpg","width":762,"height":762,"caption":"cmall-lleida-treballadors762"},{"@type":"BreadcrumbList","@id":"https:\/\/www.cmalleida.com\/es\/como-protegen-las-grandes-companias-a-la-alta-direccion-expansion\/#breadcrumb","itemListElement":[{"@type":"ListItem","position":1,"name":"Inici","item":"https:\/\/www.cmalleida.com\/es\/"},{"@type":"ListItem","position":2,"name":"C\u00f3mo protegen las grandes compa\u00f1\u00edas a la alta direcci\u00f3n (Expansi\u00f3n)"}]},{"@type":"WebSite","@id":"https:\/\/www.cmalleida.com\/es\/#website","url":"https:\/\/www.cmalleida.com\/es\/","name":"Col\u00b7legi de Mediadors d&#039;Assegurances de Lleida","description":"Otro sitio realizado con WordPress","publisher":{"@id":"https:\/\/www.cmalleida.com\/es\/#organization"},"potentialAction":[{"@type":"SearchAction","target":{"@type":"EntryPoint","urlTemplate":"https:\/\/www.cmalleida.com\/es\/?s={search_term_string}"},"query-input":{"@type":"PropertyValueSpecification","valueRequired":true,"valueName":"search_term_string"}}],"inLanguage":"es"},{"@type":"Organization","@id":"https:\/\/www.cmalleida.com\/es\/#organization","name":"Col\u00b7legi de Mediadors d'Assegurances de Lleida","url":"https:\/\/www.cmalleida.com\/es\/","logo":{"@type":"ImageObject","inLanguage":"es","@id":"https:\/\/www.cmalleida.com\/es\/#\/schema\/logo\/image\/","url":"","contentUrl":"","caption":"Col\u00b7legi de Mediadors d'Assegurances de Lleida"},"image":{"@id":"https:\/\/www.cmalleida.com\/es\/#\/schema\/logo\/image\/"}},{"@type":"Person","@id":"https:\/\/www.cmalleida.com\/es\/#\/schema\/person\/7461453022a0d6ce41c1e530eb4443b4","name":"Antonieta Castells Dolcet","image":{"@type":"ImageObject","inLanguage":"es","@id":"https:\/\/secure.gravatar.com\/avatar\/7738df9a8ff2d12e8b37d088ff0e3e36016e57ab29e5db27ba4fb758a81ea3cb?s=96&d=mm&r=g","url":"https:\/\/secure.gravatar.com\/avatar\/7738df9a8ff2d12e8b37d088ff0e3e36016e57ab29e5db27ba4fb758a81ea3cb?s=96&d=mm&r=g","contentUrl":"https:\/\/secure.gravatar.com\/avatar\/7738df9a8ff2d12e8b37d088ff0e3e36016e57ab29e5db27ba4fb758a81ea3cb?s=96&d=mm&r=g","caption":"Antonieta Castells Dolcet"},"sameAs":["http:\/\/www.cmalleida.com"]}]}},"_links":{"self":[{"href":"https:\/\/www.cmalleida.com\/es\/wp-json\/wp\/v2\/posts\/5588","targetHints":{"allow":["GET"]}}],"collection":[{"href":"https:\/\/www.cmalleida.com\/es\/wp-json\/wp\/v2\/posts"}],"about":[{"href":"https:\/\/www.cmalleida.com\/es\/wp-json\/wp\/v2\/types\/post"}],"author":[{"embeddable":true,"href":"https:\/\/www.cmalleida.com\/es\/wp-json\/wp\/v2\/users\/149"}],"replies":[{"embeddable":true,"href":"https:\/\/www.cmalleida.com\/es\/wp-json\/wp\/v2\/comments?post=5588"}],"version-history":[{"count":1,"href":"https:\/\/www.cmalleida.com\/es\/wp-json\/wp\/v2\/posts\/5588\/revisions"}],"predecessor-version":[{"id":5589,"href":"https:\/\/www.cmalleida.com\/es\/wp-json\/wp\/v2\/posts\/5588\/revisions\/5589"}],"wp:featuredmedia":[{"embeddable":true,"href":"https:\/\/www.cmalleida.com\/es\/wp-json\/wp\/v2\/media\/1847"}],"wp:attachment":[{"href":"https:\/\/www.cmalleida.com\/es\/wp-json\/wp\/v2\/media?parent=5588"}],"wp:term":[{"taxonomy":"category","embeddable":true,"href":"https:\/\/www.cmalleida.com\/es\/wp-json\/wp\/v2\/categories?post=5588"},{"taxonomy":"post_tag","embeddable":true,"href":"https:\/\/www.cmalleida.com\/es\/wp-json\/wp\/v2\/tags?post=5588"}],"curies":[{"name":"wp","href":"https:\/\/api.w.org\/{rel}","templated":true}]}}