{"id":5527,"date":"2019-09-06T09:19:17","date_gmt":"2019-09-06T07:19:17","guid":{"rendered":"https:\/\/www.cmalleida.com\/?p=5527"},"modified":"2019-09-06T09:19:17","modified_gmt":"2019-09-06T07:19:17","slug":"nota-informativa-del-consorcio-de-compensacion-de-seguros-sobre-las-principales-siniestralidades-de-inundacion-extraordinaria-acaecidas-durante-el-verano-de-2019ano-de-2019","status":"publish","type":"post","link":"https:\/\/www.cmalleida.com\/es\/nota-informativa-del-consorcio-de-compensacion-de-seguros-sobre-las-principales-siniestralidades-de-inundacion-extraordinaria-acaecidas-durante-el-verano-de-2019ano-de-2019\/","title":{"rendered":"Nota informativa del Consorcio de Compensaci\u00f3n de Seguros sobre las principales siniestralidades de inundaci\u00f3n extraordinaria acaecidas durante el verano de 2019ANO DE 2019"},"content":{"rendered":"<p>La presente nota ofrece informaci\u00f3n sobre la gesti\u00f3n realizada por el CCS respecto a los da\u00f1os ocasionados por las principales inundaciones extraordinarias ocurridas en los meses de julio y agosto de 2019<\/p>\n<p>\u2022 Inundaciones en Navarra y La Rioja producidas el 8 de julio<br \/>\nEl CCS ha recibido 1.982 solicitudes de indemnizaci\u00f3n, de las cuales un 69% a trav\u00e9s del tel\u00e9fono gratuito 900 222 665 y el resto por internet a trav\u00e9s de la web www.consorseguros.es.<br \/>\nLas 1.982 solicitudes corresponden 1.001 a viviendas y comunidades de propietarios, 675 veh\u00edculos, 266 comercios y oficinas y 40 industrias y obras civiles.<br \/>\nPor municipios, 1.193 solicitudes proceden de Tafalla, 352 de Olite, 144 de Pitillas, 65 de Beire, 58 de Pueyo, 52 de San Adri\u00e1n y el resto de otros 46 municipios.<br \/>\nA la fecha de emisi\u00f3n de la presente nota, se han realizado pagos por importe total de 13.353.186\u20ac, y el coste total estimado de la siniestralidad asciende a 26.058.346\u20ac.<br \/>\nUn 76% de las solicitudes de indemnizaci\u00f3n ya han sido totalmente gestionadas.<\/p>\n<p>\u2022 Inundaciones en Catalu\u00f1a producidas los d\u00edas 17 y 27 de julio, y los d\u00edas 11 y 12 de agosto<br \/>\nPor las tormentas producidas esos d\u00edas en las provincias de Barcelona y Tarragona principalmente, se han recibido 1.404 solicitudes de indemnizaci\u00f3n, correspondiendo 111 al d\u00eda 17 de julio, 444 al 27 de julio y 849 a los d\u00edas 11 y 12 de agosto.<br \/>\nDe las 1.404 solicitudes recibidas, un 77% lo han sido a trav\u00e9s del centro de atenci\u00f3n telef\u00f3nica y el resto por internet.<br \/>\nLas 1.404 solicitudes corresponden a 664 viviendas y comunidades de propietarios, 365 veh\u00edculos, 361 comercios y oficinas y 14 industrias.<br \/>\nEl primer episodio afect\u00f3 principalmente al municipio de Rub\u00ed en Barcelona, el segundo al municipio de Barcelona y el tercero a los municipios costeros de Castelldefels y Vilanova i la Geltr\u00fa.<\/p>\n<p>A la fecha de emisi\u00f3n de la presente nota, se han realizado pagos por importe total de 311.306\u20ac y el coste total estimado de la siniestralidad asciende a 7.630.318\u20ac.<br \/>\nUn 19% de las solicitudes de indemnizaci\u00f3n ya han sido totalmente gestionadas.<\/p>\n<p>\u2022 Inundaciones en la Comunidad Valenciana producidas los d\u00edas 20 y 21 de agosto<\/p>\n<p>Esta entidad estima que se recibir\u00e1n unas 1.510 reclamaciones con un coste total de 4.520.000\u20ac, habi\u00e9ndose recibido hasta la fecha de emisi\u00f3n de esta nota un total de 607 reclamaciones, de las cuales 221 corresponden a veh\u00edculos.<\/p>\n<p>Las zonas m\u00e1s afectadas son los municipios de Alicante (346 reclamaciones recibidas), El Campello (52), Santa Pola (54) y San Juan (27), aunque tambi\u00e9n se han recibido reclamaciones de otros 28 municipios de las tres provincias de la Comunidad Valenciana.<\/p>\n<p>\u2022 Inundaciones en Madrid, Castilla y Le\u00f3n y Toledo producidas los d\u00edas 25 y 26 de agosto<\/p>\n<p>Esta entidad estima que se recibir\u00e1n unas 3.650 reclamaciones con un coste total de 10.950.000\u20ac, habi\u00e9ndose recibido hasta ahora 956 reclamaciones, de las cuales 252 corresponden a veh\u00edculos<\/p>\n<p>\uf0fc En la comunidad de Madrid los municipios m\u00e1s afectados son Arganda del Rey (251 reclamaciones recibidas), Madrid (145), Valdemoro (71) y Fuenlabrada (69). Se estiman unas 3.000 reclamaciones con un coste de 9.000.000\u20ac. Hasta la fecha se han recibido 769 reclamaciones, siendo 222 de ellas da\u00f1os en veh\u00edculos.<\/p>\n<p>\uf0fc En Castilla y Le\u00f3n los municipios m\u00e1s afectados son Las Navas del Marqu\u00e9s (21 reclamaciones recibidas), Valladolid (10) y Segovia (20). Se estiman unas 150 reclamaciones con un coste de 450.000\u20ac. Hasta la fecha se han recibido 70 reclamaciones.<\/p>\n<p>\uf0fc En Toledo los municipios m\u00e1s afectados son Sese\u00f1a por el desbordamiento de un arroyo (60 reclamaciones recibidas) y Borox (24). Se estiman unas 500 reclamaciones con un coste de 1.550.000\u20ac. Hasta la fecha se han recibido 117 reclamaciones.<\/p>\n<p>\u2022 Inundaciones en Catalu\u00f1a, Comunidad Valenciana, Baleares y Murcia el d\u00eda 27 de agosto<\/p>\n<p>Esta entidad estima que se recibir\u00e1n unas 750 reclamaciones con un coste total de 2.300.000\u20ac, habi\u00e9ndose recibido hasta ahora 71 reclamaciones.<\/p>\n<p>\uf0fc En Catalu\u00f1a las zonas afectadas son dispersas por las provincias de Barcelona y Tarragona, donde tambi\u00e9n hubo inundaciones el d\u00eda 12. Se estiman unas 310 reclamaciones con un coste de 1.100.000\u20ac. Hasta ahora s\u00f3lo se han recibido 15 reclamaciones.<\/p>\n<p>\uf0fc En la Comunidad Valenciana la zona m\u00e1s afectada parece ser el municipio de Orihuela, aunque tambi\u00e9n hay otros puntos afectados en la provincia de Castell\u00f3n, como La Vall D\u2019uix\u00f3, Onda y Pe\u00f1\u00edscola. Se estiman unas 120 reclamaciones con un coste de 240.000\u20ac. Hasta ahora s\u00f3lo se han recibido 23 reclamaciones.<\/p>\n<p>\uf0fc En Baleares las zonas afectadas son el sur de las islas de Ibiza y Mallorca, donde se esperan unas 270 reclamaciones con un coste de 810.000\u20ac. Hasta ahora se han recibido 26 reclamaciones de la isla de Ibiza.<\/p>\n<p>\uf0fc En Murcia se estiman unas 50 reclamaciones y 150.000\u20ac, habiendo recibido hasta la fecha 7 reclamaciones.<\/p>\n<p>En Madrid, a 29 de agosto de 2019<\/p>\n","protected":false},"excerpt":{"rendered":"<p>La presente nota ofrece informaci\u00f3n sobre la gesti\u00f3n realizada por el CCS respecto a los da\u00f1os ocasionados por las principales inundaciones extraordinarias ocurridas en los&#8230; <a href=\"https:\/\/www.cmalleida.com\/es\/nota-informativa-del-consorcio-de-compensacion-de-seguros-sobre-las-principales-siniestralidades-de-inundacion-extraordinaria-acaecidas-durante-el-verano-de-2019ano-de-2019\/\" rel=\"nofollow\" class=\"lollegirmes\">Llegeix m\u00e9s<\/a><\/p>\n","protected":false},"author":149,"featured_media":3342,"comment_status":"closed","ping_status":"closed","sticky":false,"template":"","format":"standard","meta":{"_acf_changed":false,"_genesis_hide_title":false,"_genesis_hide_breadcrumbs":false,"_genesis_hide_singular_image":false,"_genesis_hide_footer_widgets":false,"_genesis_custom_body_class":"","_genesis_custom_post_class":"","_genesis_layout":"","footnotes":""},"categories":[28,62],"tags":[],"class_list":{"0":"post-5527","1":"post","2":"type-post","3":"status-publish","4":"format-standard","5":"has-post-thumbnail","7":"category-actualidad","8":"category-sinistres-es","9":"entry"},"acf":[],"yoast_head":"<!-- This site is optimized with the Yoast SEO plugin v27.2 - https:\/\/yoast.com\/product\/yoast-seo-wordpress\/ -->\n<title>Nota informativa del Consorcio de Compensaci\u00f3n de Seguros sobre las principales siniestralidades de inundaci\u00f3n extraordinaria acaecidas durante el verano de 2019ANO DE 2019 - Col\u00b7legi de Mediadors d&#039;Assegurances de Lleida<\/title>\n<meta name=\"robots\" content=\"index, follow, max-snippet:-1, max-image-preview:large, max-video-preview:-1\" \/>\n<link rel=\"canonical\" href=\"https:\/\/www.cmalleida.com\/es\/nota-informativa-del-consorcio-de-compensacion-de-seguros-sobre-las-principales-siniestralidades-de-inundacion-extraordinaria-acaecidas-durante-el-verano-de-2019ano-de-2019\/\" \/>\n<meta property=\"og:locale\" content=\"es_ES\" \/>\n<meta property=\"og:type\" content=\"article\" \/>\n<meta property=\"og:title\" content=\"Nota informativa del Consorcio de Compensaci\u00f3n de Seguros sobre las principales siniestralidades de inundaci\u00f3n extraordinaria acaecidas durante el verano de 2019ANO DE 2019 - Col\u00b7legi de Mediadors d&#039;Assegurances de Lleida\" \/>\n<meta property=\"og:description\" content=\"La presente nota ofrece informaci\u00f3n sobre la gesti\u00f3n realizada por el CCS respecto a los da\u00f1os ocasionados por las principales inundaciones extraordinarias ocurridas en los... Llegeix m\u00e9s\" \/>\n<meta property=\"og:url\" content=\"https:\/\/www.cmalleida.com\/es\/nota-informativa-del-consorcio-de-compensacion-de-seguros-sobre-las-principales-siniestralidades-de-inundacion-extraordinaria-acaecidas-durante-el-verano-de-2019ano-de-2019\/\" \/>\n<meta property=\"og:site_name\" content=\"Col\u00b7legi de Mediadors d&#039;Assegurances de Lleida\" \/>\n<meta property=\"article:published_time\" content=\"2019-09-06T07:19:17+00:00\" \/>\n<meta property=\"og:image\" content=\"https:\/\/www.cmalleida.com\/wp-content\/uploads\/images-1.jpg\" \/>\n\t<meta property=\"og:image:width\" content=\"349\" \/>\n\t<meta property=\"og:image:height\" content=\"231\" \/>\n\t<meta property=\"og:image:type\" content=\"image\/jpeg\" \/>\n<meta name=\"author\" content=\"Antonieta Castells Dolcet\" \/>\n<meta name=\"twitter:card\" content=\"summary_large_image\" \/>\n<meta name=\"twitter:label1\" content=\"Written by\" \/>\n\t<meta name=\"twitter:data1\" content=\"Antonieta Castells Dolcet\" \/>\n\t<meta name=\"twitter:label2\" content=\"Est. reading time\" \/>\n\t<meta name=\"twitter:data2\" content=\"4 minutos\" \/>\n<script type=\"application\/ld+json\" class=\"yoast-schema-graph\">{\"@context\":\"https:\/\/schema.org\",\"@graph\":[{\"@type\":\"Article\",\"@id\":\"https:\/\/www.cmalleida.com\/es\/nota-informativa-del-consorcio-de-compensacion-de-seguros-sobre-las-principales-siniestralidades-de-inundacion-extraordinaria-acaecidas-durante-el-verano-de-2019ano-de-2019\/#article\",\"isPartOf\":{\"@id\":\"https:\/\/www.cmalleida.com\/es\/nota-informativa-del-consorcio-de-compensacion-de-seguros-sobre-las-principales-siniestralidades-de-inundacion-extraordinaria-acaecidas-durante-el-verano-de-2019ano-de-2019\/\"},\"author\":{\"name\":\"Antonieta Castells Dolcet\",\"@id\":\"https:\/\/www.cmalleida.com\/es\/#\/schema\/person\/7461453022a0d6ce41c1e530eb4443b4\"},\"headline\":\"Nota informativa del Consorcio de Compensaci\u00f3n de Seguros sobre las principales siniestralidades de inundaci\u00f3n extraordinaria acaecidas durante el verano de 2019ANO DE 2019\",\"datePublished\":\"2019-09-06T07:19:17+00:00\",\"mainEntityOfPage\":{\"@id\":\"https:\/\/www.cmalleida.com\/es\/nota-informativa-del-consorcio-de-compensacion-de-seguros-sobre-las-principales-siniestralidades-de-inundacion-extraordinaria-acaecidas-durante-el-verano-de-2019ano-de-2019\/\"},\"wordCount\":774,\"publisher\":{\"@id\":\"https:\/\/www.cmalleida.com\/es\/#organization\"},\"image\":{\"@id\":\"https:\/\/www.cmalleida.com\/es\/nota-informativa-del-consorcio-de-compensacion-de-seguros-sobre-las-principales-siniestralidades-de-inundacion-extraordinaria-acaecidas-durante-el-verano-de-2019ano-de-2019\/#primaryimage\"},\"thumbnailUrl\":\"https:\/\/www.cmalleida.com\/wp-content\/uploads\/images-1.jpg\",\"articleSection\":[\"Actualidad\",\"Sinistres\"],\"inLanguage\":\"es\"},{\"@type\":\"WebPage\",\"@id\":\"https:\/\/www.cmalleida.com\/es\/nota-informativa-del-consorcio-de-compensacion-de-seguros-sobre-las-principales-siniestralidades-de-inundacion-extraordinaria-acaecidas-durante-el-verano-de-2019ano-de-2019\/\",\"url\":\"https:\/\/www.cmalleida.com\/es\/nota-informativa-del-consorcio-de-compensacion-de-seguros-sobre-las-principales-siniestralidades-de-inundacion-extraordinaria-acaecidas-durante-el-verano-de-2019ano-de-2019\/\",\"name\":\"Nota informativa del Consorcio de Compensaci\u00f3n de Seguros sobre las principales siniestralidades de inundaci\u00f3n extraordinaria acaecidas durante el verano de 2019ANO DE 2019 - Col\u00b7legi de Mediadors d&#039;Assegurances de Lleida\",\"isPartOf\":{\"@id\":\"https:\/\/www.cmalleida.com\/es\/#website\"},\"primaryImageOfPage\":{\"@id\":\"https:\/\/www.cmalleida.com\/es\/nota-informativa-del-consorcio-de-compensacion-de-seguros-sobre-las-principales-siniestralidades-de-inundacion-extraordinaria-acaecidas-durante-el-verano-de-2019ano-de-2019\/#primaryimage\"},\"image\":{\"@id\":\"https:\/\/www.cmalleida.com\/es\/nota-informativa-del-consorcio-de-compensacion-de-seguros-sobre-las-principales-siniestralidades-de-inundacion-extraordinaria-acaecidas-durante-el-verano-de-2019ano-de-2019\/#primaryimage\"},\"thumbnailUrl\":\"https:\/\/www.cmalleida.com\/wp-content\/uploads\/images-1.jpg\",\"datePublished\":\"2019-09-06T07:19:17+00:00\",\"breadcrumb\":{\"@id\":\"https:\/\/www.cmalleida.com\/es\/nota-informativa-del-consorcio-de-compensacion-de-seguros-sobre-las-principales-siniestralidades-de-inundacion-extraordinaria-acaecidas-durante-el-verano-de-2019ano-de-2019\/#breadcrumb\"},\"inLanguage\":\"es\",\"potentialAction\":[{\"@type\":\"ReadAction\",\"target\":[\"https:\/\/www.cmalleida.com\/es\/nota-informativa-del-consorcio-de-compensacion-de-seguros-sobre-las-principales-siniestralidades-de-inundacion-extraordinaria-acaecidas-durante-el-verano-de-2019ano-de-2019\/\"]}]},{\"@type\":\"ImageObject\",\"inLanguage\":\"es\",\"@id\":\"https:\/\/www.cmalleida.com\/es\/nota-informativa-del-consorcio-de-compensacion-de-seguros-sobre-las-principales-siniestralidades-de-inundacion-extraordinaria-acaecidas-durante-el-verano-de-2019ano-de-2019\/#primaryimage\",\"url\":\"https:\/\/www.cmalleida.com\/wp-content\/uploads\/images-1.jpg\",\"contentUrl\":\"https:\/\/www.cmalleida.com\/wp-content\/uploads\/images-1.jpg\",\"width\":349,\"height\":231,\"caption\":\"images\"},{\"@type\":\"BreadcrumbList\",\"@id\":\"https:\/\/www.cmalleida.com\/es\/nota-informativa-del-consorcio-de-compensacion-de-seguros-sobre-las-principales-siniestralidades-de-inundacion-extraordinaria-acaecidas-durante-el-verano-de-2019ano-de-2019\/#breadcrumb\",\"itemListElement\":[{\"@type\":\"ListItem\",\"position\":1,\"name\":\"Inici\",\"item\":\"https:\/\/www.cmalleida.com\/es\/\"},{\"@type\":\"ListItem\",\"position\":2,\"name\":\"Nota informativa del Consorcio de Compensaci\u00f3n de Seguros sobre las principales siniestralidades de inundaci\u00f3n extraordinaria acaecidas durante el verano de 2019ANO DE 2019\"}]},{\"@type\":\"WebSite\",\"@id\":\"https:\/\/www.cmalleida.com\/es\/#website\",\"url\":\"https:\/\/www.cmalleida.com\/es\/\",\"name\":\"Col\u00b7legi de Mediadors d&#039;Assegurances de Lleida\",\"description\":\"Otro sitio realizado con WordPress\",\"publisher\":{\"@id\":\"https:\/\/www.cmalleida.com\/es\/#organization\"},\"potentialAction\":[{\"@type\":\"SearchAction\",\"target\":{\"@type\":\"EntryPoint\",\"urlTemplate\":\"https:\/\/www.cmalleida.com\/es\/?s={search_term_string}\"},\"query-input\":{\"@type\":\"PropertyValueSpecification\",\"valueRequired\":true,\"valueName\":\"search_term_string\"}}],\"inLanguage\":\"es\"},{\"@type\":\"Organization\",\"@id\":\"https:\/\/www.cmalleida.com\/es\/#organization\",\"name\":\"Col\u00b7legi de Mediadors d'Assegurances de Lleida\",\"url\":\"https:\/\/www.cmalleida.com\/es\/\",\"logo\":{\"@type\":\"ImageObject\",\"inLanguage\":\"es\",\"@id\":\"https:\/\/www.cmalleida.com\/es\/#\/schema\/logo\/image\/\",\"url\":\"\",\"contentUrl\":\"\",\"caption\":\"Col\u00b7legi de Mediadors d'Assegurances de Lleida\"},\"image\":{\"@id\":\"https:\/\/www.cmalleida.com\/es\/#\/schema\/logo\/image\/\"}},{\"@type\":\"Person\",\"@id\":\"https:\/\/www.cmalleida.com\/es\/#\/schema\/person\/7461453022a0d6ce41c1e530eb4443b4\",\"name\":\"Antonieta Castells Dolcet\",\"image\":{\"@type\":\"ImageObject\",\"inLanguage\":\"es\",\"@id\":\"https:\/\/secure.gravatar.com\/avatar\/7738df9a8ff2d12e8b37d088ff0e3e36016e57ab29e5db27ba4fb758a81ea3cb?s=96&d=mm&r=g\",\"url\":\"https:\/\/secure.gravatar.com\/avatar\/7738df9a8ff2d12e8b37d088ff0e3e36016e57ab29e5db27ba4fb758a81ea3cb?s=96&d=mm&r=g\",\"contentUrl\":\"https:\/\/secure.gravatar.com\/avatar\/7738df9a8ff2d12e8b37d088ff0e3e36016e57ab29e5db27ba4fb758a81ea3cb?s=96&d=mm&r=g\",\"caption\":\"Antonieta Castells Dolcet\"},\"sameAs\":[\"http:\/\/www.cmalleida.com\"]}]}<\/script>\n<!-- \/ Yoast SEO plugin. -->","yoast_head_json":{"title":"Nota informativa del Consorcio de Compensaci\u00f3n de Seguros sobre las principales siniestralidades de inundaci\u00f3n extraordinaria acaecidas durante el verano de 2019ANO DE 2019 - Col\u00b7legi de Mediadors d&#039;Assegurances de Lleida","robots":{"index":"index","follow":"follow","max-snippet":"max-snippet:-1","max-image-preview":"max-image-preview:large","max-video-preview":"max-video-preview:-1"},"canonical":"https:\/\/www.cmalleida.com\/es\/nota-informativa-del-consorcio-de-compensacion-de-seguros-sobre-las-principales-siniestralidades-de-inundacion-extraordinaria-acaecidas-durante-el-verano-de-2019ano-de-2019\/","og_locale":"es_ES","og_type":"article","og_title":"Nota informativa del Consorcio de Compensaci\u00f3n de Seguros sobre las principales siniestralidades de inundaci\u00f3n extraordinaria acaecidas durante el verano de 2019ANO DE 2019 - Col\u00b7legi de Mediadors d&#039;Assegurances de Lleida","og_description":"La presente nota ofrece informaci\u00f3n sobre la gesti\u00f3n realizada por el CCS respecto a los da\u00f1os ocasionados por las principales inundaciones extraordinarias ocurridas en los... Llegeix m\u00e9s","og_url":"https:\/\/www.cmalleida.com\/es\/nota-informativa-del-consorcio-de-compensacion-de-seguros-sobre-las-principales-siniestralidades-de-inundacion-extraordinaria-acaecidas-durante-el-verano-de-2019ano-de-2019\/","og_site_name":"Col\u00b7legi de Mediadors d&#039;Assegurances de Lleida","article_published_time":"2019-09-06T07:19:17+00:00","og_image":[{"width":349,"height":231,"url":"https:\/\/www.cmalleida.com\/wp-content\/uploads\/images-1.jpg","type":"image\/jpeg"}],"author":"Antonieta Castells Dolcet","twitter_card":"summary_large_image","twitter_misc":{"Written by":"Antonieta Castells Dolcet","Est. reading time":"4 minutos"},"schema":{"@context":"https:\/\/schema.org","@graph":[{"@type":"Article","@id":"https:\/\/www.cmalleida.com\/es\/nota-informativa-del-consorcio-de-compensacion-de-seguros-sobre-las-principales-siniestralidades-de-inundacion-extraordinaria-acaecidas-durante-el-verano-de-2019ano-de-2019\/#article","isPartOf":{"@id":"https:\/\/www.cmalleida.com\/es\/nota-informativa-del-consorcio-de-compensacion-de-seguros-sobre-las-principales-siniestralidades-de-inundacion-extraordinaria-acaecidas-durante-el-verano-de-2019ano-de-2019\/"},"author":{"name":"Antonieta Castells Dolcet","@id":"https:\/\/www.cmalleida.com\/es\/#\/schema\/person\/7461453022a0d6ce41c1e530eb4443b4"},"headline":"Nota informativa del Consorcio de Compensaci\u00f3n de Seguros sobre las principales siniestralidades de inundaci\u00f3n extraordinaria acaecidas durante el verano de 2019ANO DE 2019","datePublished":"2019-09-06T07:19:17+00:00","mainEntityOfPage":{"@id":"https:\/\/www.cmalleida.com\/es\/nota-informativa-del-consorcio-de-compensacion-de-seguros-sobre-las-principales-siniestralidades-de-inundacion-extraordinaria-acaecidas-durante-el-verano-de-2019ano-de-2019\/"},"wordCount":774,"publisher":{"@id":"https:\/\/www.cmalleida.com\/es\/#organization"},"image":{"@id":"https:\/\/www.cmalleida.com\/es\/nota-informativa-del-consorcio-de-compensacion-de-seguros-sobre-las-principales-siniestralidades-de-inundacion-extraordinaria-acaecidas-durante-el-verano-de-2019ano-de-2019\/#primaryimage"},"thumbnailUrl":"https:\/\/www.cmalleida.com\/wp-content\/uploads\/images-1.jpg","articleSection":["Actualidad","Sinistres"],"inLanguage":"es"},{"@type":"WebPage","@id":"https:\/\/www.cmalleida.com\/es\/nota-informativa-del-consorcio-de-compensacion-de-seguros-sobre-las-principales-siniestralidades-de-inundacion-extraordinaria-acaecidas-durante-el-verano-de-2019ano-de-2019\/","url":"https:\/\/www.cmalleida.com\/es\/nota-informativa-del-consorcio-de-compensacion-de-seguros-sobre-las-principales-siniestralidades-de-inundacion-extraordinaria-acaecidas-durante-el-verano-de-2019ano-de-2019\/","name":"Nota informativa del Consorcio de Compensaci\u00f3n de Seguros sobre las principales siniestralidades de inundaci\u00f3n extraordinaria acaecidas durante el verano de 2019ANO DE 2019 - Col\u00b7legi de Mediadors d&#039;Assegurances de Lleida","isPartOf":{"@id":"https:\/\/www.cmalleida.com\/es\/#website"},"primaryImageOfPage":{"@id":"https:\/\/www.cmalleida.com\/es\/nota-informativa-del-consorcio-de-compensacion-de-seguros-sobre-las-principales-siniestralidades-de-inundacion-extraordinaria-acaecidas-durante-el-verano-de-2019ano-de-2019\/#primaryimage"},"image":{"@id":"https:\/\/www.cmalleida.com\/es\/nota-informativa-del-consorcio-de-compensacion-de-seguros-sobre-las-principales-siniestralidades-de-inundacion-extraordinaria-acaecidas-durante-el-verano-de-2019ano-de-2019\/#primaryimage"},"thumbnailUrl":"https:\/\/www.cmalleida.com\/wp-content\/uploads\/images-1.jpg","datePublished":"2019-09-06T07:19:17+00:00","breadcrumb":{"@id":"https:\/\/www.cmalleida.com\/es\/nota-informativa-del-consorcio-de-compensacion-de-seguros-sobre-las-principales-siniestralidades-de-inundacion-extraordinaria-acaecidas-durante-el-verano-de-2019ano-de-2019\/#breadcrumb"},"inLanguage":"es","potentialAction":[{"@type":"ReadAction","target":["https:\/\/www.cmalleida.com\/es\/nota-informativa-del-consorcio-de-compensacion-de-seguros-sobre-las-principales-siniestralidades-de-inundacion-extraordinaria-acaecidas-durante-el-verano-de-2019ano-de-2019\/"]}]},{"@type":"ImageObject","inLanguage":"es","@id":"https:\/\/www.cmalleida.com\/es\/nota-informativa-del-consorcio-de-compensacion-de-seguros-sobre-las-principales-siniestralidades-de-inundacion-extraordinaria-acaecidas-durante-el-verano-de-2019ano-de-2019\/#primaryimage","url":"https:\/\/www.cmalleida.com\/wp-content\/uploads\/images-1.jpg","contentUrl":"https:\/\/www.cmalleida.com\/wp-content\/uploads\/images-1.jpg","width":349,"height":231,"caption":"images"},{"@type":"BreadcrumbList","@id":"https:\/\/www.cmalleida.com\/es\/nota-informativa-del-consorcio-de-compensacion-de-seguros-sobre-las-principales-siniestralidades-de-inundacion-extraordinaria-acaecidas-durante-el-verano-de-2019ano-de-2019\/#breadcrumb","itemListElement":[{"@type":"ListItem","position":1,"name":"Inici","item":"https:\/\/www.cmalleida.com\/es\/"},{"@type":"ListItem","position":2,"name":"Nota informativa del Consorcio de Compensaci\u00f3n de Seguros sobre las principales siniestralidades de inundaci\u00f3n extraordinaria acaecidas durante el verano de 2019ANO DE 2019"}]},{"@type":"WebSite","@id":"https:\/\/www.cmalleida.com\/es\/#website","url":"https:\/\/www.cmalleida.com\/es\/","name":"Col\u00b7legi de Mediadors d&#039;Assegurances de Lleida","description":"Otro sitio realizado con WordPress","publisher":{"@id":"https:\/\/www.cmalleida.com\/es\/#organization"},"potentialAction":[{"@type":"SearchAction","target":{"@type":"EntryPoint","urlTemplate":"https:\/\/www.cmalleida.com\/es\/?s={search_term_string}"},"query-input":{"@type":"PropertyValueSpecification","valueRequired":true,"valueName":"search_term_string"}}],"inLanguage":"es"},{"@type":"Organization","@id":"https:\/\/www.cmalleida.com\/es\/#organization","name":"Col\u00b7legi de Mediadors d'Assegurances de Lleida","url":"https:\/\/www.cmalleida.com\/es\/","logo":{"@type":"ImageObject","inLanguage":"es","@id":"https:\/\/www.cmalleida.com\/es\/#\/schema\/logo\/image\/","url":"","contentUrl":"","caption":"Col\u00b7legi de Mediadors d'Assegurances de Lleida"},"image":{"@id":"https:\/\/www.cmalleida.com\/es\/#\/schema\/logo\/image\/"}},{"@type":"Person","@id":"https:\/\/www.cmalleida.com\/es\/#\/schema\/person\/7461453022a0d6ce41c1e530eb4443b4","name":"Antonieta Castells Dolcet","image":{"@type":"ImageObject","inLanguage":"es","@id":"https:\/\/secure.gravatar.com\/avatar\/7738df9a8ff2d12e8b37d088ff0e3e36016e57ab29e5db27ba4fb758a81ea3cb?s=96&d=mm&r=g","url":"https:\/\/secure.gravatar.com\/avatar\/7738df9a8ff2d12e8b37d088ff0e3e36016e57ab29e5db27ba4fb758a81ea3cb?s=96&d=mm&r=g","contentUrl":"https:\/\/secure.gravatar.com\/avatar\/7738df9a8ff2d12e8b37d088ff0e3e36016e57ab29e5db27ba4fb758a81ea3cb?s=96&d=mm&r=g","caption":"Antonieta Castells Dolcet"},"sameAs":["http:\/\/www.cmalleida.com"]}]}},"_links":{"self":[{"href":"https:\/\/www.cmalleida.com\/es\/wp-json\/wp\/v2\/posts\/5527","targetHints":{"allow":["GET"]}}],"collection":[{"href":"https:\/\/www.cmalleida.com\/es\/wp-json\/wp\/v2\/posts"}],"about":[{"href":"https:\/\/www.cmalleida.com\/es\/wp-json\/wp\/v2\/types\/post"}],"author":[{"embeddable":true,"href":"https:\/\/www.cmalleida.com\/es\/wp-json\/wp\/v2\/users\/149"}],"replies":[{"embeddable":true,"href":"https:\/\/www.cmalleida.com\/es\/wp-json\/wp\/v2\/comments?post=5527"}],"version-history":[{"count":1,"href":"https:\/\/www.cmalleida.com\/es\/wp-json\/wp\/v2\/posts\/5527\/revisions"}],"predecessor-version":[{"id":5528,"href":"https:\/\/www.cmalleida.com\/es\/wp-json\/wp\/v2\/posts\/5527\/revisions\/5528"}],"wp:featuredmedia":[{"embeddable":true,"href":"https:\/\/www.cmalleida.com\/es\/wp-json\/wp\/v2\/media\/3342"}],"wp:attachment":[{"href":"https:\/\/www.cmalleida.com\/es\/wp-json\/wp\/v2\/media?parent=5527"}],"wp:term":[{"taxonomy":"category","embeddable":true,"href":"https:\/\/www.cmalleida.com\/es\/wp-json\/wp\/v2\/categories?post=5527"},{"taxonomy":"post_tag","embeddable":true,"href":"https:\/\/www.cmalleida.com\/es\/wp-json\/wp\/v2\/tags?post=5527"}],"curies":[{"name":"wp","href":"https:\/\/api.w.org\/{rel}","templated":true}]}}