{"id":5490,"date":"2019-08-30T09:44:30","date_gmt":"2019-08-30T07:44:30","guid":{"rendered":"https:\/\/www.cmalleida.com\/?p=5490"},"modified":"2019-08-30T09:44:30","modified_gmt":"2019-08-30T07:44:30","slug":"que-ocurre-si-el-fotografo-pierde-las-fotos-de-tu-boda-la-vanguardia","status":"publish","type":"post","link":"https:\/\/www.cmalleida.com\/es\/que-ocurre-si-el-fotografo-pierde-las-fotos-de-tu-boda-la-vanguardia\/","title":{"rendered":"\u00bfQu\u00e9 ocurre si el fot\u00f3grafo pierde las fotos de tu boda? (La Vanguardia)"},"content":{"rendered":"<p>Aumenta el n\u00famero de aut\u00f3nomos del sector nupcial que contratan p\u00f3lizas para cubrir da\u00f1os como la p\u00e9rdida o robo del material audiovisual de los enlaces<\/p>\n<p>19\/08\/2019 10:37Actualizado a19\/08\/2019 11:10<\/p>\n<p>El\u00a0negocio nupcial mueve en\u00a0Espa\u00f1a\u00a0cerca de 3.500 millones de euros anuales\u00a0y, s\u00f3lo el a\u00f1o pasado, se celebraron en Espa\u00f1a 173.626 matrimonios, a una media de 20.000 euros de coste por boda, seg\u00fan muestran los datos recogidos por la insurtech aseguradora Singular Cover.<\/p>\n<p>El crecimiento del sector de las bodas ha crecido generando un gran n\u00famero de puestos de trabajo aut\u00f3nomos relacionados como son los fot\u00f3grafos, m\u00fasicos, productores audiovisuales o los profesionales de peluquer\u00eda, maquillaje y est\u00e9tica.\u00a0 Su participaci\u00f3n es importante en cada uno de los pasos a dar por las parejas antes de confirmar su matrimonio y tambi\u00e9n a la hora de fijar sus recuerdos para la posteridad en fotos, v\u00eddeos y recuerdos varios de tan feliz jornada.<\/p>\n<p>Ante esta responsabilidad &#8211; \u00a1imaginemos que<a href=\"https:\/\/www.lavanguardia.com\/seguros\/hogar\/20180626\/462106142181\/como-organizar-la-boda-perfecta.html\">\u00a0cualquier detalle puede dar al traste con el enlace nupcial<\/a>! &#8211; se est\u00e1 disparando el n\u00famero de profesionales aut\u00f3nomos especializados en este sector que contratan un seguro para cubrir sus varias y trascendentes responsabilidades.<\/p>\n<p>Singular Cover, nov\u00edsima compa\u00f1\u00eda especializada en comercios pymes y aut\u00f3nomos, indica que los \u00faltimos dos meses se ha incrementado en un 200% el n\u00famero de aut\u00f3nomos freelance del sector nupcial\u00a0que han solicitado un seguro en su plataforma.<\/p>\n<p>Seg\u00fan los datos de la insurtech,\u00a0casi el 30% de su cartera de profesionales son aut\u00f3nomos del sector nupcial,\u00a0destacando sobre todo los profesionales de audiovisuales, fotograf\u00eda y m\u00fasica (22%). En general, estos profesionales necesitan cubrir la responsabilidad civil derivada de su oficio para protegerse de potenciales demandas por da\u00f1os materiales y personales causados a terceros, as\u00ed como coberturas que preserven su equipo audiovisual, fotogr\u00e1fico o de m\u00fasica ante roturas, ca\u00eddas o robos.<\/p>\n<p>Los profesionales ampl\u00edan sus coberturas de responsabilidad civil<\/p>\n<p>Actualmente en Espa\u00f1a hay m\u00e1s de tres millones de aut\u00f3nomos entre profesionales freelance y propietarios de peque\u00f1as empresas. Generalmente el \u00fanico seguro obligatorio que se requiere a estos profesionales es el de Responsabilidad Civil. De hecho, muchas de las bodas que se realizan en espacios p\u00fablicos, conllevan de forma obligatoria la contrataci\u00f3n de dicho seguro por parte de los ayuntamientos para poder realizar el acto. En el caso de los espacios privados, desde la gerencia se suele imponer dicha contrataci\u00f3n, para protegerse de posibles da\u00f1os al local. No obstante, hay muchos otros seguros que, sin ser obligatorios, aportan mayor tranquilidad y seguridad al profesional freelance en el evento.<\/p>\n<p>Como otras muchas profesiones, las relacionadas con el mundo audiovisual est\u00e1n repletas de trabajadores aut\u00f3nomos que corren, por su cuenta y riesgo, con la responsabilidad de todas sus tareas. Un simple error puede determinar su carrera profesional: por aver\u00eda o destrucci\u00f3n de los equipos, por un perjuicio a terceros, por la p\u00e9rdida del material visual y, en consecuencia, de prestigio frente a los que contratan sus servicios\u2026Estar correctamente asegurado es fundamental, no solo para el desempe\u00f1o de la actividad de este gremio, sino tambi\u00e9n para los clientes que contratan sus servicios.<\/p>\n<p>La mayor\u00eda de las bodas en Espa\u00f1a se concentran en los meses estivales imponiendo un mercado claramente estacional muy centrado entre los meses de mayo a octubre. Esto condiciona la temporada de ingresos m\u00e1ximos de los profesionales y obliga a las compa\u00f1\u00edas aseguradoras a adaptar sus productos eliminando permanencias, reduciendo comisiones y facilitando los pagos mensuales.<\/p>\n<p>Rafael Gonz\u00e1lez-Montejano, cofundador y CEO de Singular Cover, esta oferta \u201ces algo que valora mucho el p\u00fablico freelance del sector nupcial, debido en parte a la temporalidad de los trabajos de estos profesionales que necesitan un sistema sencillo, r\u00e1pido y econ\u00f3mico que les ayude a estas protegidos\u201d.<\/p>\n<p>Viajes, trajes, alianzas, catering\u2026 incluso la suspensi\u00f3n del evento pueden asegurarse<\/p>\n<p>La patronal aseguradora UNESPA, tal y como ha recogido Vivo Seguro, cifra\u00a0<a href=\"https:\/\/www.lavanguardia.com\/seguros\/hogar\/20190214\/462107339680\/puede-asegurarse-una-boda.html\">el coste global aproximado de la organizaci\u00f3n de una boda de entre 12.600 y 30.400 euros<\/a>. El banquete es la partida de mayor importe, entre 7.500 y 10.000 euros de promedio, pero el viaje de novios, los reportajes de video y fotograf\u00eda, los vestidos (especialmente el de ella cuando se mantiene la costumbre del \u2018traje de novia\u2019), la m\u00fasica y consumiciones posteriores, pueden aproximarse o superar con facilidad los 1.000 euros en cada caso. Todos y cada unos de estos productos, servicios y costes pueden, naturalmente, asegurarse de manera conveniente.<\/p>\n<p>As\u00ed pues, a la hora de contratar todos los servicios de profesionales que participan en la celebraci\u00f3n de una boda, por parte de las parejas contrayentes cabe una \u00faltima precauci\u00f3n: solicitar garant\u00edas a todos los proveedores para cumplir encargos, suministros y contratos ajustados a nuestras solicitudes. Adem\u00e1s, es\u00a0<a href=\"https:\/\/www.lavanguardia.com\/seguros\/20190717\/463546087160\/regalos-de-boda-fiscalidad-de-las-bodas-bodas-e-impuestos-tributacion-de-los-novios-donaciones-das-seguros-agencia-tributaria.html\">muy importante conservar todas y cada una de las facturas<\/a>\u00a0a efectos, b\u00e1sicamente, de posibles solicitudes de Hacienda, y tambi\u00e9n cara a posteriores reclamaciones por parte de los novios y organizadores.<\/p>\n","protected":false},"excerpt":{"rendered":"<p>Aumenta el n\u00famero de aut\u00f3nomos del sector nupcial que contratan p\u00f3lizas para cubrir da\u00f1os como la p\u00e9rdida o robo del material audiovisual de los enlaces&#8230; <a href=\"https:\/\/www.cmalleida.com\/es\/que-ocurre-si-el-fotografo-pierde-las-fotos-de-tu-boda-la-vanguardia\/\" rel=\"nofollow\" class=\"lollegirmes\">Llegeix m\u00e9s<\/a><\/p>\n","protected":false},"author":149,"featured_media":4715,"comment_status":"closed","ping_status":"closed","sticky":false,"template":"","format":"standard","meta":{"_acf_changed":false,"_genesis_hide_title":false,"_genesis_hide_breadcrumbs":false,"_genesis_hide_singular_image":false,"_genesis_hide_footer_widgets":false,"_genesis_custom_body_class":"","_genesis_custom_post_class":"","_genesis_layout":"","footnotes":""},"categories":[28,62],"tags":[],"class_list":{"0":"post-5490","1":"post","2":"type-post","3":"status-publish","4":"format-standard","5":"has-post-thumbnail","7":"category-actualidad","8":"category-sinistres-es","9":"entry"},"acf":[],"yoast_head":"<!-- This site is optimized with the Yoast SEO plugin v27.2 - https:\/\/yoast.com\/product\/yoast-seo-wordpress\/ -->\n<title>\u00bfQu\u00e9 ocurre si el fot\u00f3grafo pierde las fotos de tu boda? (La Vanguardia) - Col\u00b7legi de Mediadors d&#039;Assegurances de Lleida<\/title>\n<meta name=\"robots\" content=\"index, follow, max-snippet:-1, max-image-preview:large, max-video-preview:-1\" \/>\n<link rel=\"canonical\" href=\"https:\/\/www.cmalleida.com\/es\/que-ocurre-si-el-fotografo-pierde-las-fotos-de-tu-boda-la-vanguardia\/\" \/>\n<meta property=\"og:locale\" content=\"es_ES\" \/>\n<meta property=\"og:type\" content=\"article\" \/>\n<meta property=\"og:title\" content=\"\u00bfQu\u00e9 ocurre si el fot\u00f3grafo pierde las fotos de tu boda? (La Vanguardia) - Col\u00b7legi de Mediadors d&#039;Assegurances de Lleida\" \/>\n<meta property=\"og:description\" content=\"Aumenta el n\u00famero de aut\u00f3nomos del sector nupcial que contratan p\u00f3lizas para cubrir da\u00f1os como la p\u00e9rdida o robo del material audiovisual de los enlaces... Llegeix m\u00e9s\" \/>\n<meta property=\"og:url\" content=\"https:\/\/www.cmalleida.com\/es\/que-ocurre-si-el-fotografo-pierde-las-fotos-de-tu-boda-la-vanguardia\/\" \/>\n<meta property=\"og:site_name\" content=\"Col\u00b7legi de Mediadors d&#039;Assegurances de Lleida\" \/>\n<meta property=\"article:published_time\" content=\"2019-08-30T07:44:30+00:00\" \/>\n<meta property=\"og:image\" content=\"https:\/\/www.cmalleida.com\/wp-content\/uploads\/2-1.jpg\" \/>\n\t<meta property=\"og:image:width\" content=\"550\" \/>\n\t<meta property=\"og:image:height\" content=\"466\" \/>\n\t<meta property=\"og:image:type\" content=\"image\/jpeg\" \/>\n<meta name=\"author\" content=\"Antonieta Castells Dolcet\" \/>\n<meta name=\"twitter:card\" content=\"summary_large_image\" \/>\n<meta name=\"twitter:label1\" content=\"Written by\" \/>\n\t<meta name=\"twitter:data1\" content=\"Antonieta Castells Dolcet\" \/>\n\t<meta name=\"twitter:label2\" content=\"Est. reading time\" \/>\n\t<meta name=\"twitter:data2\" content=\"4 minutos\" \/>\n<script type=\"application\/ld+json\" class=\"yoast-schema-graph\">{\"@context\":\"https:\/\/schema.org\",\"@graph\":[{\"@type\":\"Article\",\"@id\":\"https:\/\/www.cmalleida.com\/es\/que-ocurre-si-el-fotografo-pierde-las-fotos-de-tu-boda-la-vanguardia\/#article\",\"isPartOf\":{\"@id\":\"https:\/\/www.cmalleida.com\/es\/que-ocurre-si-el-fotografo-pierde-las-fotos-de-tu-boda-la-vanguardia\/\"},\"author\":{\"name\":\"Antonieta Castells Dolcet\",\"@id\":\"https:\/\/www.cmalleida.com\/es\/#\/schema\/person\/7461453022a0d6ce41c1e530eb4443b4\"},\"headline\":\"\u00bfQu\u00e9 ocurre si el fot\u00f3grafo pierde las fotos de tu boda? (La Vanguardia)\",\"datePublished\":\"2019-08-30T07:44:30+00:00\",\"mainEntityOfPage\":{\"@id\":\"https:\/\/www.cmalleida.com\/es\/que-ocurre-si-el-fotografo-pierde-las-fotos-de-tu-boda-la-vanguardia\/\"},\"wordCount\":873,\"publisher\":{\"@id\":\"https:\/\/www.cmalleida.com\/es\/#organization\"},\"image\":{\"@id\":\"https:\/\/www.cmalleida.com\/es\/que-ocurre-si-el-fotografo-pierde-las-fotos-de-tu-boda-la-vanguardia\/#primaryimage\"},\"thumbnailUrl\":\"https:\/\/www.cmalleida.com\/wp-content\/uploads\/2-1.jpg\",\"articleSection\":[\"Actualidad\",\"Sinistres\"],\"inLanguage\":\"es\"},{\"@type\":\"WebPage\",\"@id\":\"https:\/\/www.cmalleida.com\/es\/que-ocurre-si-el-fotografo-pierde-las-fotos-de-tu-boda-la-vanguardia\/\",\"url\":\"https:\/\/www.cmalleida.com\/es\/que-ocurre-si-el-fotografo-pierde-las-fotos-de-tu-boda-la-vanguardia\/\",\"name\":\"\u00bfQu\u00e9 ocurre si el fot\u00f3grafo pierde las fotos de tu boda? (La Vanguardia) - Col\u00b7legi de Mediadors d&#039;Assegurances de Lleida\",\"isPartOf\":{\"@id\":\"https:\/\/www.cmalleida.com\/es\/#website\"},\"primaryImageOfPage\":{\"@id\":\"https:\/\/www.cmalleida.com\/es\/que-ocurre-si-el-fotografo-pierde-las-fotos-de-tu-boda-la-vanguardia\/#primaryimage\"},\"image\":{\"@id\":\"https:\/\/www.cmalleida.com\/es\/que-ocurre-si-el-fotografo-pierde-las-fotos-de-tu-boda-la-vanguardia\/#primaryimage\"},\"thumbnailUrl\":\"https:\/\/www.cmalleida.com\/wp-content\/uploads\/2-1.jpg\",\"datePublished\":\"2019-08-30T07:44:30+00:00\",\"breadcrumb\":{\"@id\":\"https:\/\/www.cmalleida.com\/es\/que-ocurre-si-el-fotografo-pierde-las-fotos-de-tu-boda-la-vanguardia\/#breadcrumb\"},\"inLanguage\":\"es\",\"potentialAction\":[{\"@type\":\"ReadAction\",\"target\":[\"https:\/\/www.cmalleida.com\/es\/que-ocurre-si-el-fotografo-pierde-las-fotos-de-tu-boda-la-vanguardia\/\"]}]},{\"@type\":\"ImageObject\",\"inLanguage\":\"es\",\"@id\":\"https:\/\/www.cmalleida.com\/es\/que-ocurre-si-el-fotografo-pierde-las-fotos-de-tu-boda-la-vanguardia\/#primaryimage\",\"url\":\"https:\/\/www.cmalleida.com\/wp-content\/uploads\/2-1.jpg\",\"contentUrl\":\"https:\/\/www.cmalleida.com\/wp-content\/uploads\/2-1.jpg\",\"width\":550,\"height\":466,\"caption\":\"2\"},{\"@type\":\"BreadcrumbList\",\"@id\":\"https:\/\/www.cmalleida.com\/es\/que-ocurre-si-el-fotografo-pierde-las-fotos-de-tu-boda-la-vanguardia\/#breadcrumb\",\"itemListElement\":[{\"@type\":\"ListItem\",\"position\":1,\"name\":\"Inici\",\"item\":\"https:\/\/www.cmalleida.com\/es\/\"},{\"@type\":\"ListItem\",\"position\":2,\"name\":\"\u00bfQu\u00e9 ocurre si el fot\u00f3grafo pierde las fotos de tu boda? (La Vanguardia)\"}]},{\"@type\":\"WebSite\",\"@id\":\"https:\/\/www.cmalleida.com\/es\/#website\",\"url\":\"https:\/\/www.cmalleida.com\/es\/\",\"name\":\"Col\u00b7legi de Mediadors d&#039;Assegurances de Lleida\",\"description\":\"Otro sitio realizado con WordPress\",\"publisher\":{\"@id\":\"https:\/\/www.cmalleida.com\/es\/#organization\"},\"potentialAction\":[{\"@type\":\"SearchAction\",\"target\":{\"@type\":\"EntryPoint\",\"urlTemplate\":\"https:\/\/www.cmalleida.com\/es\/?s={search_term_string}\"},\"query-input\":{\"@type\":\"PropertyValueSpecification\",\"valueRequired\":true,\"valueName\":\"search_term_string\"}}],\"inLanguage\":\"es\"},{\"@type\":\"Organization\",\"@id\":\"https:\/\/www.cmalleida.com\/es\/#organization\",\"name\":\"Col\u00b7legi de Mediadors d'Assegurances de Lleida\",\"url\":\"https:\/\/www.cmalleida.com\/es\/\",\"logo\":{\"@type\":\"ImageObject\",\"inLanguage\":\"es\",\"@id\":\"https:\/\/www.cmalleida.com\/es\/#\/schema\/logo\/image\/\",\"url\":\"\",\"contentUrl\":\"\",\"caption\":\"Col\u00b7legi de Mediadors d'Assegurances de Lleida\"},\"image\":{\"@id\":\"https:\/\/www.cmalleida.com\/es\/#\/schema\/logo\/image\/\"}},{\"@type\":\"Person\",\"@id\":\"https:\/\/www.cmalleida.com\/es\/#\/schema\/person\/7461453022a0d6ce41c1e530eb4443b4\",\"name\":\"Antonieta Castells Dolcet\",\"image\":{\"@type\":\"ImageObject\",\"inLanguage\":\"es\",\"@id\":\"https:\/\/secure.gravatar.com\/avatar\/7738df9a8ff2d12e8b37d088ff0e3e36016e57ab29e5db27ba4fb758a81ea3cb?s=96&d=mm&r=g\",\"url\":\"https:\/\/secure.gravatar.com\/avatar\/7738df9a8ff2d12e8b37d088ff0e3e36016e57ab29e5db27ba4fb758a81ea3cb?s=96&d=mm&r=g\",\"contentUrl\":\"https:\/\/secure.gravatar.com\/avatar\/7738df9a8ff2d12e8b37d088ff0e3e36016e57ab29e5db27ba4fb758a81ea3cb?s=96&d=mm&r=g\",\"caption\":\"Antonieta Castells Dolcet\"},\"sameAs\":[\"http:\/\/www.cmalleida.com\"]}]}<\/script>\n<!-- \/ Yoast SEO plugin. -->","yoast_head_json":{"title":"\u00bfQu\u00e9 ocurre si el fot\u00f3grafo pierde las fotos de tu boda? (La Vanguardia) - Col\u00b7legi de Mediadors d&#039;Assegurances de Lleida","robots":{"index":"index","follow":"follow","max-snippet":"max-snippet:-1","max-image-preview":"max-image-preview:large","max-video-preview":"max-video-preview:-1"},"canonical":"https:\/\/www.cmalleida.com\/es\/que-ocurre-si-el-fotografo-pierde-las-fotos-de-tu-boda-la-vanguardia\/","og_locale":"es_ES","og_type":"article","og_title":"\u00bfQu\u00e9 ocurre si el fot\u00f3grafo pierde las fotos de tu boda? (La Vanguardia) - Col\u00b7legi de Mediadors d&#039;Assegurances de Lleida","og_description":"Aumenta el n\u00famero de aut\u00f3nomos del sector nupcial que contratan p\u00f3lizas para cubrir da\u00f1os como la p\u00e9rdida o robo del material audiovisual de los enlaces... Llegeix m\u00e9s","og_url":"https:\/\/www.cmalleida.com\/es\/que-ocurre-si-el-fotografo-pierde-las-fotos-de-tu-boda-la-vanguardia\/","og_site_name":"Col\u00b7legi de Mediadors d&#039;Assegurances de Lleida","article_published_time":"2019-08-30T07:44:30+00:00","og_image":[{"width":550,"height":466,"url":"https:\/\/www.cmalleida.com\/wp-content\/uploads\/2-1.jpg","type":"image\/jpeg"}],"author":"Antonieta Castells Dolcet","twitter_card":"summary_large_image","twitter_misc":{"Written by":"Antonieta Castells Dolcet","Est. reading time":"4 minutos"},"schema":{"@context":"https:\/\/schema.org","@graph":[{"@type":"Article","@id":"https:\/\/www.cmalleida.com\/es\/que-ocurre-si-el-fotografo-pierde-las-fotos-de-tu-boda-la-vanguardia\/#article","isPartOf":{"@id":"https:\/\/www.cmalleida.com\/es\/que-ocurre-si-el-fotografo-pierde-las-fotos-de-tu-boda-la-vanguardia\/"},"author":{"name":"Antonieta Castells Dolcet","@id":"https:\/\/www.cmalleida.com\/es\/#\/schema\/person\/7461453022a0d6ce41c1e530eb4443b4"},"headline":"\u00bfQu\u00e9 ocurre si el fot\u00f3grafo pierde las fotos de tu boda? (La Vanguardia)","datePublished":"2019-08-30T07:44:30+00:00","mainEntityOfPage":{"@id":"https:\/\/www.cmalleida.com\/es\/que-ocurre-si-el-fotografo-pierde-las-fotos-de-tu-boda-la-vanguardia\/"},"wordCount":873,"publisher":{"@id":"https:\/\/www.cmalleida.com\/es\/#organization"},"image":{"@id":"https:\/\/www.cmalleida.com\/es\/que-ocurre-si-el-fotografo-pierde-las-fotos-de-tu-boda-la-vanguardia\/#primaryimage"},"thumbnailUrl":"https:\/\/www.cmalleida.com\/wp-content\/uploads\/2-1.jpg","articleSection":["Actualidad","Sinistres"],"inLanguage":"es"},{"@type":"WebPage","@id":"https:\/\/www.cmalleida.com\/es\/que-ocurre-si-el-fotografo-pierde-las-fotos-de-tu-boda-la-vanguardia\/","url":"https:\/\/www.cmalleida.com\/es\/que-ocurre-si-el-fotografo-pierde-las-fotos-de-tu-boda-la-vanguardia\/","name":"\u00bfQu\u00e9 ocurre si el fot\u00f3grafo pierde las fotos de tu boda? (La Vanguardia) - Col\u00b7legi de Mediadors d&#039;Assegurances de Lleida","isPartOf":{"@id":"https:\/\/www.cmalleida.com\/es\/#website"},"primaryImageOfPage":{"@id":"https:\/\/www.cmalleida.com\/es\/que-ocurre-si-el-fotografo-pierde-las-fotos-de-tu-boda-la-vanguardia\/#primaryimage"},"image":{"@id":"https:\/\/www.cmalleida.com\/es\/que-ocurre-si-el-fotografo-pierde-las-fotos-de-tu-boda-la-vanguardia\/#primaryimage"},"thumbnailUrl":"https:\/\/www.cmalleida.com\/wp-content\/uploads\/2-1.jpg","datePublished":"2019-08-30T07:44:30+00:00","breadcrumb":{"@id":"https:\/\/www.cmalleida.com\/es\/que-ocurre-si-el-fotografo-pierde-las-fotos-de-tu-boda-la-vanguardia\/#breadcrumb"},"inLanguage":"es","potentialAction":[{"@type":"ReadAction","target":["https:\/\/www.cmalleida.com\/es\/que-ocurre-si-el-fotografo-pierde-las-fotos-de-tu-boda-la-vanguardia\/"]}]},{"@type":"ImageObject","inLanguage":"es","@id":"https:\/\/www.cmalleida.com\/es\/que-ocurre-si-el-fotografo-pierde-las-fotos-de-tu-boda-la-vanguardia\/#primaryimage","url":"https:\/\/www.cmalleida.com\/wp-content\/uploads\/2-1.jpg","contentUrl":"https:\/\/www.cmalleida.com\/wp-content\/uploads\/2-1.jpg","width":550,"height":466,"caption":"2"},{"@type":"BreadcrumbList","@id":"https:\/\/www.cmalleida.com\/es\/que-ocurre-si-el-fotografo-pierde-las-fotos-de-tu-boda-la-vanguardia\/#breadcrumb","itemListElement":[{"@type":"ListItem","position":1,"name":"Inici","item":"https:\/\/www.cmalleida.com\/es\/"},{"@type":"ListItem","position":2,"name":"\u00bfQu\u00e9 ocurre si el fot\u00f3grafo pierde las fotos de tu boda? (La Vanguardia)"}]},{"@type":"WebSite","@id":"https:\/\/www.cmalleida.com\/es\/#website","url":"https:\/\/www.cmalleida.com\/es\/","name":"Col\u00b7legi de Mediadors d&#039;Assegurances de Lleida","description":"Otro sitio realizado con WordPress","publisher":{"@id":"https:\/\/www.cmalleida.com\/es\/#organization"},"potentialAction":[{"@type":"SearchAction","target":{"@type":"EntryPoint","urlTemplate":"https:\/\/www.cmalleida.com\/es\/?s={search_term_string}"},"query-input":{"@type":"PropertyValueSpecification","valueRequired":true,"valueName":"search_term_string"}}],"inLanguage":"es"},{"@type":"Organization","@id":"https:\/\/www.cmalleida.com\/es\/#organization","name":"Col\u00b7legi de Mediadors d'Assegurances de Lleida","url":"https:\/\/www.cmalleida.com\/es\/","logo":{"@type":"ImageObject","inLanguage":"es","@id":"https:\/\/www.cmalleida.com\/es\/#\/schema\/logo\/image\/","url":"","contentUrl":"","caption":"Col\u00b7legi de Mediadors d'Assegurances de Lleida"},"image":{"@id":"https:\/\/www.cmalleida.com\/es\/#\/schema\/logo\/image\/"}},{"@type":"Person","@id":"https:\/\/www.cmalleida.com\/es\/#\/schema\/person\/7461453022a0d6ce41c1e530eb4443b4","name":"Antonieta Castells Dolcet","image":{"@type":"ImageObject","inLanguage":"es","@id":"https:\/\/secure.gravatar.com\/avatar\/7738df9a8ff2d12e8b37d088ff0e3e36016e57ab29e5db27ba4fb758a81ea3cb?s=96&d=mm&r=g","url":"https:\/\/secure.gravatar.com\/avatar\/7738df9a8ff2d12e8b37d088ff0e3e36016e57ab29e5db27ba4fb758a81ea3cb?s=96&d=mm&r=g","contentUrl":"https:\/\/secure.gravatar.com\/avatar\/7738df9a8ff2d12e8b37d088ff0e3e36016e57ab29e5db27ba4fb758a81ea3cb?s=96&d=mm&r=g","caption":"Antonieta Castells Dolcet"},"sameAs":["http:\/\/www.cmalleida.com"]}]}},"_links":{"self":[{"href":"https:\/\/www.cmalleida.com\/es\/wp-json\/wp\/v2\/posts\/5490","targetHints":{"allow":["GET"]}}],"collection":[{"href":"https:\/\/www.cmalleida.com\/es\/wp-json\/wp\/v2\/posts"}],"about":[{"href":"https:\/\/www.cmalleida.com\/es\/wp-json\/wp\/v2\/types\/post"}],"author":[{"embeddable":true,"href":"https:\/\/www.cmalleida.com\/es\/wp-json\/wp\/v2\/users\/149"}],"replies":[{"embeddable":true,"href":"https:\/\/www.cmalleida.com\/es\/wp-json\/wp\/v2\/comments?post=5490"}],"version-history":[{"count":1,"href":"https:\/\/www.cmalleida.com\/es\/wp-json\/wp\/v2\/posts\/5490\/revisions"}],"predecessor-version":[{"id":5491,"href":"https:\/\/www.cmalleida.com\/es\/wp-json\/wp\/v2\/posts\/5490\/revisions\/5491"}],"wp:featuredmedia":[{"embeddable":true,"href":"https:\/\/www.cmalleida.com\/es\/wp-json\/wp\/v2\/media\/4715"}],"wp:attachment":[{"href":"https:\/\/www.cmalleida.com\/es\/wp-json\/wp\/v2\/media?parent=5490"}],"wp:term":[{"taxonomy":"category","embeddable":true,"href":"https:\/\/www.cmalleida.com\/es\/wp-json\/wp\/v2\/categories?post=5490"},{"taxonomy":"post_tag","embeddable":true,"href":"https:\/\/www.cmalleida.com\/es\/wp-json\/wp\/v2\/tags?post=5490"}],"curies":[{"name":"wp","href":"https:\/\/api.w.org\/{rel}","templated":true}]}}