{"id":5377,"date":"2019-07-26T09:13:10","date_gmt":"2019-07-26T07:13:10","guid":{"rendered":"https:\/\/www.cmalleida.com\/?p=5377"},"modified":"2019-07-26T09:13:10","modified_gmt":"2019-07-26T07:13:10","slug":"sabias-que-la-ley-te-da-8-dias-para-cobrar-a-la-aseguradora-el-precio-justo-por-tu-trabajo-de-lunas-infoluna-com","status":"publish","type":"post","link":"https:\/\/www.cmalleida.com\/es\/sabias-que-la-ley-te-da-8-dias-para-cobrar-a-la-aseguradora-el-precio-justo-por-tu-trabajo-de-lunas-infoluna-com\/","title":{"rendered":"\u00bfSab\u00edas que la ley te da 8 d\u00edas para cobrar a la aseguradora el precio justo por tu trabajo de lunas? (Infoluna.com)"},"content":{"rendered":"<p>CETRAA RECUERDA LOS DERECHOS QUE ASISTEN AL TALLER CUANDO LA COMPA\u00d1\u00cdA SE NIEGA O RETRASA EL ENV\u00cdO DE UN PERITO<\/p>\n<p>La Confederaci\u00f3n Espa\u00f1ola de Talleres (CETRAA) ha programado a trav\u00e9s de sus asociaciones una serie de campa\u00f1as informativas sobre las opciones que tiene el taller ante las pr\u00e1cticas abusivas de las compa\u00f1\u00edas aseguradoras. En esta ocasi\u00f3n, y a ra\u00edz de una iniciativa de los servicios jur\u00eddicos del GREMI (CETRAA Barcelona), se trata el tema del derecho de elecci\u00f3n de taller por parte del asegurado o perjudicado en un accidente y la necesidad de que defienda este derecho de manera activa.<\/p>\n<p>Si una compa\u00f1\u00eda de seguros no env\u00eda un perito a un taller con el pretexto de que no es un taller concertado,\u00a0este puede mantener el encargo si su cliente est\u00e1 de acuerdo, ya que el propietario tiene derecho a elegir el taller al que acudir para reparar su veh\u00edculo. De hecho, se recomienda al taller que, si la compa\u00f1\u00eda no perita en los 8 d\u00edas que establece la Ley de Contrato de Seguro y se cuenta con el consentimiento del asegurado, contrate un perito de su confianza, se traslade su informe a la Compa\u00f1\u00eda y repare en base a esa peritaci\u00f3n. El art\u00edculo 18 de la Ley de Contrato de Seguro confirma que: \u201csi el asegurado lo consiente, la aseguradora puede sustituir su obligaci\u00f3n de pagar la indemnizaci\u00f3n por la reparaci\u00f3n o reposici\u00f3n del objeto siniestrado (el veh\u00edculo)\u201d.<\/p>\n<p>En el caso particular de que el asegurado no sea el culpable del accidente, la renuncia o consentimiento del cliente mencionada en el art\u00edculo 18 de la Ley de Contrato de Seguro no se aplica, por lo que el taller puede contratar un perito, obligando a la aseguradora del veh\u00edculo culpable, como responsable directa del pago de la indemnizaci\u00f3n, a costear la reparaci\u00f3n del da\u00f1o en funci\u00f3n del precio\/hora de tablilla y concediendo prioridad, como establece el Decreto de Talleres, a piezas originales y nuevas en la reparaci\u00f3n siempre que no supongan un enriquecimiento injusto para el usuario perjudicado sin culpa.<\/p>\n<p>Esta soluci\u00f3n tambi\u00e9n se puede aplicar si se trata de un accidente sin contrario, caso de seguro a todo riesgo porque, aunque la compa\u00f1\u00eda puede intentar designar el taller que realizar\u00e1 la reparaci\u00f3n, para ello el cliente ha debido firmar expresamente su renuncia, de dudosa validez en \u00e1mbito del derecho de consumo, y quedar reflejado en la p\u00f3liza.<\/p>\n<p>\u201cEl usuario de seguros debe ser consciente de su derecho a la elecci\u00f3n de taller y debe hacerlo valer. De igual manera, debe relativizar el cr\u00e9dito que concede a las llamadas telef\u00f3nicas de las aseguradoras con argumentos para llevar su veh\u00edculo a reparar a otro taller que le supondr\u00e1 un menor coste a la propia aseguradora, pero que no implica un mejor servicio para el asegurado\u201d, sostiene Rogelio Cuesta, vicepresidente primero de CETRAA y responsable de la comisi\u00f3n de Aseguradoras.<\/p>\n","protected":false},"excerpt":{"rendered":"<p>CETRAA RECUERDA LOS DERECHOS QUE ASISTEN AL TALLER CUANDO LA COMPA\u00d1\u00cdA SE NIEGA O RETRASA EL ENV\u00cdO DE UN PERITO La Confederaci\u00f3n Espa\u00f1ola de Talleres&#8230; <a href=\"https:\/\/www.cmalleida.com\/es\/sabias-que-la-ley-te-da-8-dias-para-cobrar-a-la-aseguradora-el-precio-justo-por-tu-trabajo-de-lunas-infoluna-com\/\" rel=\"nofollow\" class=\"lollegirmes\">Llegeix m\u00e9s<\/a><\/p>\n","protected":false},"author":149,"featured_media":1869,"comment_status":"closed","ping_status":"closed","sticky":false,"template":"","format":"standard","meta":{"_acf_changed":false,"_genesis_hide_title":false,"_genesis_hide_breadcrumbs":false,"_genesis_hide_singular_image":false,"_genesis_hide_footer_widgets":false,"_genesis_custom_body_class":"","_genesis_custom_post_class":"","_genesis_layout":"","footnotes":""},"categories":[28,62],"tags":[],"class_list":{"0":"post-5377","1":"post","2":"type-post","3":"status-publish","4":"format-standard","5":"has-post-thumbnail","7":"category-actualidad","8":"category-sinistres-es","9":"entry"},"acf":[],"yoast_head":"<!-- This site is optimized with the Yoast SEO plugin v27.2 - https:\/\/yoast.com\/product\/yoast-seo-wordpress\/ -->\n<title>\u00bfSab\u00edas que la ley te da 8 d\u00edas para cobrar a la aseguradora el precio justo por tu trabajo de lunas? (Infoluna.com) - Col\u00b7legi de Mediadors d&#039;Assegurances de Lleida<\/title>\n<meta name=\"robots\" content=\"index, follow, max-snippet:-1, max-image-preview:large, max-video-preview:-1\" \/>\n<link rel=\"canonical\" href=\"https:\/\/www.cmalleida.com\/es\/sabias-que-la-ley-te-da-8-dias-para-cobrar-a-la-aseguradora-el-precio-justo-por-tu-trabajo-de-lunas-infoluna-com\/\" \/>\n<meta property=\"og:locale\" content=\"es_ES\" \/>\n<meta property=\"og:type\" content=\"article\" \/>\n<meta property=\"og:title\" content=\"\u00bfSab\u00edas que la ley te da 8 d\u00edas para cobrar a la aseguradora el precio justo por tu trabajo de lunas? (Infoluna.com) - Col\u00b7legi de Mediadors d&#039;Assegurances de Lleida\" \/>\n<meta property=\"og:description\" content=\"CETRAA RECUERDA LOS DERECHOS QUE ASISTEN AL TALLER CUANDO LA COMPA\u00d1\u00cdA SE NIEGA O RETRASA EL ENV\u00cdO DE UN PERITO La Confederaci\u00f3n Espa\u00f1ola de Talleres... Llegeix m\u00e9s\" \/>\n<meta property=\"og:url\" content=\"https:\/\/www.cmalleida.com\/es\/sabias-que-la-ley-te-da-8-dias-para-cobrar-a-la-aseguradora-el-precio-justo-por-tu-trabajo-de-lunas-infoluna-com\/\" \/>\n<meta property=\"og:site_name\" content=\"Col\u00b7legi de Mediadors d&#039;Assegurances de Lleida\" \/>\n<meta property=\"article:published_time\" content=\"2019-07-26T07:13:10+00:00\" \/>\n<meta property=\"og:image\" content=\"https:\/\/www.cmalleida.com\/wp-content\/uploads\/cmall-lleida-actualitat-car762.jpg\" \/>\n\t<meta property=\"og:image:width\" content=\"762\" \/>\n\t<meta property=\"og:image:height\" content=\"762\" \/>\n\t<meta property=\"og:image:type\" content=\"image\/jpeg\" \/>\n<meta name=\"author\" content=\"Antonieta Castells Dolcet\" \/>\n<meta name=\"twitter:card\" content=\"summary_large_image\" \/>\n<meta name=\"twitter:label1\" content=\"Written by\" \/>\n\t<meta name=\"twitter:data1\" content=\"Antonieta Castells Dolcet\" \/>\n\t<meta name=\"twitter:label2\" content=\"Est. reading time\" \/>\n\t<meta name=\"twitter:data2\" content=\"3 minutos\" \/>\n<script type=\"application\/ld+json\" class=\"yoast-schema-graph\">{\"@context\":\"https:\/\/schema.org\",\"@graph\":[{\"@type\":\"Article\",\"@id\":\"https:\/\/www.cmalleida.com\/es\/sabias-que-la-ley-te-da-8-dias-para-cobrar-a-la-aseguradora-el-precio-justo-por-tu-trabajo-de-lunas-infoluna-com\/#article\",\"isPartOf\":{\"@id\":\"https:\/\/www.cmalleida.com\/es\/sabias-que-la-ley-te-da-8-dias-para-cobrar-a-la-aseguradora-el-precio-justo-por-tu-trabajo-de-lunas-infoluna-com\/\"},\"author\":{\"name\":\"Antonieta Castells Dolcet\",\"@id\":\"https:\/\/www.cmalleida.com\/es\/#\/schema\/person\/7461453022a0d6ce41c1e530eb4443b4\"},\"headline\":\"\u00bfSab\u00edas que la ley te da 8 d\u00edas para cobrar a la aseguradora el precio justo por tu trabajo de lunas? (Infoluna.com)\",\"datePublished\":\"2019-07-26T07:13:10+00:00\",\"mainEntityOfPage\":{\"@id\":\"https:\/\/www.cmalleida.com\/es\/sabias-que-la-ley-te-da-8-dias-para-cobrar-a-la-aseguradora-el-precio-justo-por-tu-trabajo-de-lunas-infoluna-com\/\"},\"wordCount\":542,\"publisher\":{\"@id\":\"https:\/\/www.cmalleida.com\/es\/#organization\"},\"image\":{\"@id\":\"https:\/\/www.cmalleida.com\/es\/sabias-que-la-ley-te-da-8-dias-para-cobrar-a-la-aseguradora-el-precio-justo-por-tu-trabajo-de-lunas-infoluna-com\/#primaryimage\"},\"thumbnailUrl\":\"https:\/\/www.cmalleida.com\/wp-content\/uploads\/cmall-lleida-actualitat-car762.jpg\",\"articleSection\":[\"Actualidad\",\"Sinistres\"],\"inLanguage\":\"es\"},{\"@type\":\"WebPage\",\"@id\":\"https:\/\/www.cmalleida.com\/es\/sabias-que-la-ley-te-da-8-dias-para-cobrar-a-la-aseguradora-el-precio-justo-por-tu-trabajo-de-lunas-infoluna-com\/\",\"url\":\"https:\/\/www.cmalleida.com\/es\/sabias-que-la-ley-te-da-8-dias-para-cobrar-a-la-aseguradora-el-precio-justo-por-tu-trabajo-de-lunas-infoluna-com\/\",\"name\":\"\u00bfSab\u00edas que la ley te da 8 d\u00edas para cobrar a la aseguradora el precio justo por tu trabajo de lunas? (Infoluna.com) - Col\u00b7legi de Mediadors d&#039;Assegurances de Lleida\",\"isPartOf\":{\"@id\":\"https:\/\/www.cmalleida.com\/es\/#website\"},\"primaryImageOfPage\":{\"@id\":\"https:\/\/www.cmalleida.com\/es\/sabias-que-la-ley-te-da-8-dias-para-cobrar-a-la-aseguradora-el-precio-justo-por-tu-trabajo-de-lunas-infoluna-com\/#primaryimage\"},\"image\":{\"@id\":\"https:\/\/www.cmalleida.com\/es\/sabias-que-la-ley-te-da-8-dias-para-cobrar-a-la-aseguradora-el-precio-justo-por-tu-trabajo-de-lunas-infoluna-com\/#primaryimage\"},\"thumbnailUrl\":\"https:\/\/www.cmalleida.com\/wp-content\/uploads\/cmall-lleida-actualitat-car762.jpg\",\"datePublished\":\"2019-07-26T07:13:10+00:00\",\"breadcrumb\":{\"@id\":\"https:\/\/www.cmalleida.com\/es\/sabias-que-la-ley-te-da-8-dias-para-cobrar-a-la-aseguradora-el-precio-justo-por-tu-trabajo-de-lunas-infoluna-com\/#breadcrumb\"},\"inLanguage\":\"es\",\"potentialAction\":[{\"@type\":\"ReadAction\",\"target\":[\"https:\/\/www.cmalleida.com\/es\/sabias-que-la-ley-te-da-8-dias-para-cobrar-a-la-aseguradora-el-precio-justo-por-tu-trabajo-de-lunas-infoluna-com\/\"]}]},{\"@type\":\"ImageObject\",\"inLanguage\":\"es\",\"@id\":\"https:\/\/www.cmalleida.com\/es\/sabias-que-la-ley-te-da-8-dias-para-cobrar-a-la-aseguradora-el-precio-justo-por-tu-trabajo-de-lunas-infoluna-com\/#primaryimage\",\"url\":\"https:\/\/www.cmalleida.com\/wp-content\/uploads\/cmall-lleida-actualitat-car762.jpg\",\"contentUrl\":\"https:\/\/www.cmalleida.com\/wp-content\/uploads\/cmall-lleida-actualitat-car762.jpg\",\"width\":762,\"height\":762,\"caption\":\"cmall-lleida-actualitat-CAR762\"},{\"@type\":\"BreadcrumbList\",\"@id\":\"https:\/\/www.cmalleida.com\/es\/sabias-que-la-ley-te-da-8-dias-para-cobrar-a-la-aseguradora-el-precio-justo-por-tu-trabajo-de-lunas-infoluna-com\/#breadcrumb\",\"itemListElement\":[{\"@type\":\"ListItem\",\"position\":1,\"name\":\"Inici\",\"item\":\"https:\/\/www.cmalleida.com\/es\/\"},{\"@type\":\"ListItem\",\"position\":2,\"name\":\"\u00bfSab\u00edas que la ley te da 8 d\u00edas para cobrar a la aseguradora el precio justo por tu trabajo de lunas? (Infoluna.com)\"}]},{\"@type\":\"WebSite\",\"@id\":\"https:\/\/www.cmalleida.com\/es\/#website\",\"url\":\"https:\/\/www.cmalleida.com\/es\/\",\"name\":\"Col\u00b7legi de Mediadors d&#039;Assegurances de Lleida\",\"description\":\"Otro sitio realizado con WordPress\",\"publisher\":{\"@id\":\"https:\/\/www.cmalleida.com\/es\/#organization\"},\"potentialAction\":[{\"@type\":\"SearchAction\",\"target\":{\"@type\":\"EntryPoint\",\"urlTemplate\":\"https:\/\/www.cmalleida.com\/es\/?s={search_term_string}\"},\"query-input\":{\"@type\":\"PropertyValueSpecification\",\"valueRequired\":true,\"valueName\":\"search_term_string\"}}],\"inLanguage\":\"es\"},{\"@type\":\"Organization\",\"@id\":\"https:\/\/www.cmalleida.com\/es\/#organization\",\"name\":\"Col\u00b7legi de Mediadors d'Assegurances de Lleida\",\"url\":\"https:\/\/www.cmalleida.com\/es\/\",\"logo\":{\"@type\":\"ImageObject\",\"inLanguage\":\"es\",\"@id\":\"https:\/\/www.cmalleida.com\/es\/#\/schema\/logo\/image\/\",\"url\":\"\",\"contentUrl\":\"\",\"caption\":\"Col\u00b7legi de Mediadors d'Assegurances de Lleida\"},\"image\":{\"@id\":\"https:\/\/www.cmalleida.com\/es\/#\/schema\/logo\/image\/\"}},{\"@type\":\"Person\",\"@id\":\"https:\/\/www.cmalleida.com\/es\/#\/schema\/person\/7461453022a0d6ce41c1e530eb4443b4\",\"name\":\"Antonieta Castells Dolcet\",\"image\":{\"@type\":\"ImageObject\",\"inLanguage\":\"es\",\"@id\":\"https:\/\/secure.gravatar.com\/avatar\/7738df9a8ff2d12e8b37d088ff0e3e36016e57ab29e5db27ba4fb758a81ea3cb?s=96&d=mm&r=g\",\"url\":\"https:\/\/secure.gravatar.com\/avatar\/7738df9a8ff2d12e8b37d088ff0e3e36016e57ab29e5db27ba4fb758a81ea3cb?s=96&d=mm&r=g\",\"contentUrl\":\"https:\/\/secure.gravatar.com\/avatar\/7738df9a8ff2d12e8b37d088ff0e3e36016e57ab29e5db27ba4fb758a81ea3cb?s=96&d=mm&r=g\",\"caption\":\"Antonieta Castells Dolcet\"},\"sameAs\":[\"http:\/\/www.cmalleida.com\"]}]}<\/script>\n<!-- \/ Yoast SEO plugin. -->","yoast_head_json":{"title":"\u00bfSab\u00edas que la ley te da 8 d\u00edas para cobrar a la aseguradora el precio justo por tu trabajo de lunas? (Infoluna.com) - Col\u00b7legi de Mediadors d&#039;Assegurances de Lleida","robots":{"index":"index","follow":"follow","max-snippet":"max-snippet:-1","max-image-preview":"max-image-preview:large","max-video-preview":"max-video-preview:-1"},"canonical":"https:\/\/www.cmalleida.com\/es\/sabias-que-la-ley-te-da-8-dias-para-cobrar-a-la-aseguradora-el-precio-justo-por-tu-trabajo-de-lunas-infoluna-com\/","og_locale":"es_ES","og_type":"article","og_title":"\u00bfSab\u00edas que la ley te da 8 d\u00edas para cobrar a la aseguradora el precio justo por tu trabajo de lunas? (Infoluna.com) - Col\u00b7legi de Mediadors d&#039;Assegurances de Lleida","og_description":"CETRAA RECUERDA LOS DERECHOS QUE ASISTEN AL TALLER CUANDO LA COMPA\u00d1\u00cdA SE NIEGA O RETRASA EL ENV\u00cdO DE UN PERITO La Confederaci\u00f3n Espa\u00f1ola de Talleres... Llegeix m\u00e9s","og_url":"https:\/\/www.cmalleida.com\/es\/sabias-que-la-ley-te-da-8-dias-para-cobrar-a-la-aseguradora-el-precio-justo-por-tu-trabajo-de-lunas-infoluna-com\/","og_site_name":"Col\u00b7legi de Mediadors d&#039;Assegurances de Lleida","article_published_time":"2019-07-26T07:13:10+00:00","og_image":[{"width":762,"height":762,"url":"https:\/\/www.cmalleida.com\/wp-content\/uploads\/cmall-lleida-actualitat-car762.jpg","type":"image\/jpeg"}],"author":"Antonieta Castells Dolcet","twitter_card":"summary_large_image","twitter_misc":{"Written by":"Antonieta Castells Dolcet","Est. reading time":"3 minutos"},"schema":{"@context":"https:\/\/schema.org","@graph":[{"@type":"Article","@id":"https:\/\/www.cmalleida.com\/es\/sabias-que-la-ley-te-da-8-dias-para-cobrar-a-la-aseguradora-el-precio-justo-por-tu-trabajo-de-lunas-infoluna-com\/#article","isPartOf":{"@id":"https:\/\/www.cmalleida.com\/es\/sabias-que-la-ley-te-da-8-dias-para-cobrar-a-la-aseguradora-el-precio-justo-por-tu-trabajo-de-lunas-infoluna-com\/"},"author":{"name":"Antonieta Castells Dolcet","@id":"https:\/\/www.cmalleida.com\/es\/#\/schema\/person\/7461453022a0d6ce41c1e530eb4443b4"},"headline":"\u00bfSab\u00edas que la ley te da 8 d\u00edas para cobrar a la aseguradora el precio justo por tu trabajo de lunas? (Infoluna.com)","datePublished":"2019-07-26T07:13:10+00:00","mainEntityOfPage":{"@id":"https:\/\/www.cmalleida.com\/es\/sabias-que-la-ley-te-da-8-dias-para-cobrar-a-la-aseguradora-el-precio-justo-por-tu-trabajo-de-lunas-infoluna-com\/"},"wordCount":542,"publisher":{"@id":"https:\/\/www.cmalleida.com\/es\/#organization"},"image":{"@id":"https:\/\/www.cmalleida.com\/es\/sabias-que-la-ley-te-da-8-dias-para-cobrar-a-la-aseguradora-el-precio-justo-por-tu-trabajo-de-lunas-infoluna-com\/#primaryimage"},"thumbnailUrl":"https:\/\/www.cmalleida.com\/wp-content\/uploads\/cmall-lleida-actualitat-car762.jpg","articleSection":["Actualidad","Sinistres"],"inLanguage":"es"},{"@type":"WebPage","@id":"https:\/\/www.cmalleida.com\/es\/sabias-que-la-ley-te-da-8-dias-para-cobrar-a-la-aseguradora-el-precio-justo-por-tu-trabajo-de-lunas-infoluna-com\/","url":"https:\/\/www.cmalleida.com\/es\/sabias-que-la-ley-te-da-8-dias-para-cobrar-a-la-aseguradora-el-precio-justo-por-tu-trabajo-de-lunas-infoluna-com\/","name":"\u00bfSab\u00edas que la ley te da 8 d\u00edas para cobrar a la aseguradora el precio justo por tu trabajo de lunas? (Infoluna.com) - Col\u00b7legi de Mediadors d&#039;Assegurances de Lleida","isPartOf":{"@id":"https:\/\/www.cmalleida.com\/es\/#website"},"primaryImageOfPage":{"@id":"https:\/\/www.cmalleida.com\/es\/sabias-que-la-ley-te-da-8-dias-para-cobrar-a-la-aseguradora-el-precio-justo-por-tu-trabajo-de-lunas-infoluna-com\/#primaryimage"},"image":{"@id":"https:\/\/www.cmalleida.com\/es\/sabias-que-la-ley-te-da-8-dias-para-cobrar-a-la-aseguradora-el-precio-justo-por-tu-trabajo-de-lunas-infoluna-com\/#primaryimage"},"thumbnailUrl":"https:\/\/www.cmalleida.com\/wp-content\/uploads\/cmall-lleida-actualitat-car762.jpg","datePublished":"2019-07-26T07:13:10+00:00","breadcrumb":{"@id":"https:\/\/www.cmalleida.com\/es\/sabias-que-la-ley-te-da-8-dias-para-cobrar-a-la-aseguradora-el-precio-justo-por-tu-trabajo-de-lunas-infoluna-com\/#breadcrumb"},"inLanguage":"es","potentialAction":[{"@type":"ReadAction","target":["https:\/\/www.cmalleida.com\/es\/sabias-que-la-ley-te-da-8-dias-para-cobrar-a-la-aseguradora-el-precio-justo-por-tu-trabajo-de-lunas-infoluna-com\/"]}]},{"@type":"ImageObject","inLanguage":"es","@id":"https:\/\/www.cmalleida.com\/es\/sabias-que-la-ley-te-da-8-dias-para-cobrar-a-la-aseguradora-el-precio-justo-por-tu-trabajo-de-lunas-infoluna-com\/#primaryimage","url":"https:\/\/www.cmalleida.com\/wp-content\/uploads\/cmall-lleida-actualitat-car762.jpg","contentUrl":"https:\/\/www.cmalleida.com\/wp-content\/uploads\/cmall-lleida-actualitat-car762.jpg","width":762,"height":762,"caption":"cmall-lleida-actualitat-CAR762"},{"@type":"BreadcrumbList","@id":"https:\/\/www.cmalleida.com\/es\/sabias-que-la-ley-te-da-8-dias-para-cobrar-a-la-aseguradora-el-precio-justo-por-tu-trabajo-de-lunas-infoluna-com\/#breadcrumb","itemListElement":[{"@type":"ListItem","position":1,"name":"Inici","item":"https:\/\/www.cmalleida.com\/es\/"},{"@type":"ListItem","position":2,"name":"\u00bfSab\u00edas que la ley te da 8 d\u00edas para cobrar a la aseguradora el precio justo por tu trabajo de lunas? (Infoluna.com)"}]},{"@type":"WebSite","@id":"https:\/\/www.cmalleida.com\/es\/#website","url":"https:\/\/www.cmalleida.com\/es\/","name":"Col\u00b7legi de Mediadors d&#039;Assegurances de Lleida","description":"Otro sitio realizado con WordPress","publisher":{"@id":"https:\/\/www.cmalleida.com\/es\/#organization"},"potentialAction":[{"@type":"SearchAction","target":{"@type":"EntryPoint","urlTemplate":"https:\/\/www.cmalleida.com\/es\/?s={search_term_string}"},"query-input":{"@type":"PropertyValueSpecification","valueRequired":true,"valueName":"search_term_string"}}],"inLanguage":"es"},{"@type":"Organization","@id":"https:\/\/www.cmalleida.com\/es\/#organization","name":"Col\u00b7legi de Mediadors d'Assegurances de Lleida","url":"https:\/\/www.cmalleida.com\/es\/","logo":{"@type":"ImageObject","inLanguage":"es","@id":"https:\/\/www.cmalleida.com\/es\/#\/schema\/logo\/image\/","url":"","contentUrl":"","caption":"Col\u00b7legi de Mediadors d'Assegurances de Lleida"},"image":{"@id":"https:\/\/www.cmalleida.com\/es\/#\/schema\/logo\/image\/"}},{"@type":"Person","@id":"https:\/\/www.cmalleida.com\/es\/#\/schema\/person\/7461453022a0d6ce41c1e530eb4443b4","name":"Antonieta Castells Dolcet","image":{"@type":"ImageObject","inLanguage":"es","@id":"https:\/\/secure.gravatar.com\/avatar\/7738df9a8ff2d12e8b37d088ff0e3e36016e57ab29e5db27ba4fb758a81ea3cb?s=96&d=mm&r=g","url":"https:\/\/secure.gravatar.com\/avatar\/7738df9a8ff2d12e8b37d088ff0e3e36016e57ab29e5db27ba4fb758a81ea3cb?s=96&d=mm&r=g","contentUrl":"https:\/\/secure.gravatar.com\/avatar\/7738df9a8ff2d12e8b37d088ff0e3e36016e57ab29e5db27ba4fb758a81ea3cb?s=96&d=mm&r=g","caption":"Antonieta Castells Dolcet"},"sameAs":["http:\/\/www.cmalleida.com"]}]}},"_links":{"self":[{"href":"https:\/\/www.cmalleida.com\/es\/wp-json\/wp\/v2\/posts\/5377","targetHints":{"allow":["GET"]}}],"collection":[{"href":"https:\/\/www.cmalleida.com\/es\/wp-json\/wp\/v2\/posts"}],"about":[{"href":"https:\/\/www.cmalleida.com\/es\/wp-json\/wp\/v2\/types\/post"}],"author":[{"embeddable":true,"href":"https:\/\/www.cmalleida.com\/es\/wp-json\/wp\/v2\/users\/149"}],"replies":[{"embeddable":true,"href":"https:\/\/www.cmalleida.com\/es\/wp-json\/wp\/v2\/comments?post=5377"}],"version-history":[{"count":1,"href":"https:\/\/www.cmalleida.com\/es\/wp-json\/wp\/v2\/posts\/5377\/revisions"}],"predecessor-version":[{"id":5378,"href":"https:\/\/www.cmalleida.com\/es\/wp-json\/wp\/v2\/posts\/5377\/revisions\/5378"}],"wp:featuredmedia":[{"embeddable":true,"href":"https:\/\/www.cmalleida.com\/es\/wp-json\/wp\/v2\/media\/1869"}],"wp:attachment":[{"href":"https:\/\/www.cmalleida.com\/es\/wp-json\/wp\/v2\/media?parent=5377"}],"wp:term":[{"taxonomy":"category","embeddable":true,"href":"https:\/\/www.cmalleida.com\/es\/wp-json\/wp\/v2\/categories?post=5377"},{"taxonomy":"post_tag","embeddable":true,"href":"https:\/\/www.cmalleida.com\/es\/wp-json\/wp\/v2\/tags?post=5377"}],"curies":[{"name":"wp","href":"https:\/\/api.w.org\/{rel}","templated":true}]}}